{"id":168178,"date":"2023-07-29T00:38:32","date_gmt":"2023-07-29T04:38:32","guid":{"rendered":"https:\/\/www.eldiario.net\/portal\/?p=168178"},"modified":"2023-07-29T00:38:32","modified_gmt":"2023-07-29T04:38:32","slug":"la-otra-victoria-de-la-apdhb","status":"publish","type":"post","link":"https:\/\/www.eldiario.net\/portal\/2023\/07\/29\/la-otra-victoria-de-la-apdhb\/","title":{"rendered":"La otra victoria de la APDHB"},"content":{"rendered":"<p>Adem\u00e1s de la impresionante acci\u00f3n de no violencia de Amparo Carvajal como cl\u00edmax de su entrega al pr\u00f3jimo, el desenlace del asalto a la sede de la Asamblea Permanente de Derechos Humanos de Bolivia muestra otra victoria: la resistencia pac\u00edfica y firme de los activistas y voluntarios que no cedieron ante la provocaci\u00f3n.<br \/>\nEl Movimiento al Socialismo (MAS), en sus diferentes versiones y en cualquier escenario de protesta, ha empleado una misma respuesta: armar teatros para incitar a los enfrentamientos y en ese desorden alentar incendios, saqueos, vandalismo y &#8211;si es necesario&#8211; heridos y muertos.<br \/>\nEsa es la estrategia del socialismo caviar, heredada del estalinismo, del nazismo y de otros reg\u00edmenes autoritarios. De esa forma, las v\u00edctimas son mostradas como responsables de \u201cterrorismo\u201d y los atacantes aparecen como los sufrientes. Un caso extremo fue octubre y noviembre de 2019, cuando bajo la consigna \u201cguerra civil\u201d de guerreros digitales y grupos de choque, un movimiento pac\u00edfico ciudadano fue salpicado por furias, quemas de casas y terror callejero.<br \/>\nEl desenlace de las demandas de campesinos yungue\u00f1os es el m\u00e1s triste. Era evidente que las autoridades los empujaban al enojo y a la reacci\u00f3n emocional a trav\u00e9s del discurso, las humillaciones, las provocaciones. El gobierno de Luis Arce invent\u00f3 una entidad paralela a la original APDECOCA, que consigui\u00f3 r\u00e1pidamente sedes, dinero, terrenos. Los cocaleros resistieron la intimidaci\u00f3n, incluso aceptaron convocar a nuevas elecciones y elegir otros l\u00edderes.<br \/>\nCuando los masistas perdieron en todos los escenarios pac\u00edficos, organizaron una trampa con sus aliados verde olivo azulados. La Polic\u00eda se retir\u00f3 de \u201cproteger\u201d la casa y no falt\u00f3 el provocador que incit\u00f3 a entrar. Un f\u00f3sforo, una bomba casera, bastan para promover el furor acumulado. En el siguiente acto, se acusa a las v\u00edctimas de delitos, as\u00ed descabezan a las organizaciones, apresan y torturan a los aut\u00e9nticos dirigentes y, con el respaldo del opaco Poder Judicial, les inician interminables procesos, I, II, III.<br \/>\nAlrededor de Amparo estuvieron antiguos militantes de los Derechos Humanos, experimentados luchadores contra las dictaduras. Eludieron acciones de fuerza para retomar la oficina asaltada. Tampoco aceptaron propuestas de bloquear la Avenida 6 de agosto o de hacer marchas, ni prestaron atenci\u00f3n a los sicarios que de tanto en tanto agred\u00edan la vigilia.<br \/>\nEl concierto de \u201cMarraqueta Blindada\u201d para Amparo en la vereda, sin afectar a nadie, me record\u00f3 los cantos de protesta con los cuales se organiz\u00f3 la retoma de la Federaci\u00f3n Universitaria en 1974. Los esbirros no sab\u00edan qu\u00e9 hacer contra muchachas en minifalda que les regalaban margaritas y no pod\u00edan gasificar a quienes se reun\u00edan alrededor de una guitarra. Incluso sus canes entrenados se enloquecieron cuando un estudiante tuvo la iniciativa de traer su perrita en celo.<br \/>\nEs un homenaje a los que cumplieron los turnos de 24 horas para acompa\u00f1ar a la presidenta de la APDHB. Tambi\u00e9n padecieron fr\u00edos, hambres, sue\u00f1os. Compartieron silencios, galletas, sonrisas, miedos, caf\u00e9 caliente, frazadas insuficientes. Dejaron a sus familias, a los hijos. Al d\u00eda siguiente, los insomnes volv\u00edan al trabajo ordinario.<br \/>\nDominaron la ira de gritar a los asaltantes que salieron ocultando su rostro la noche del s\u00e1bado 22 de julio. Figuras oscuras. Cuando se revisa su actuaci\u00f3n en estos 51 d\u00edas, asoma la duda: \u00bfson militantes del MAS o son maleantes contratados? Porque defensores de los Derechos Humanos nunca ser\u00e1n.<br \/>\nEn esta nueva etapa, la APDHB tiene que revisar el camino. No es lo mismo defender al perseguido cuando gobierna una dictadura militar de derechas que defender a los presos pol\u00edticos del socialismo caviar.<br \/>\nDesmontar los relatos de una izquierda no democr\u00e1tica que ha acaparado gran parte del activismo, es m\u00e1s dif\u00edcil que llevar a los militares del Plan C\u00f3ndor al Tribunal Russell. Con el agravante, que actualmente tambi\u00e9n los organismos internacionales de Derechos Humanos est\u00e1n infiltrados por ese mismo socialismo caviar.<br \/>\nSer\u00e1 importante conocer c\u00f3mo explicar\u00e1 la representante del (No) Estado Plurinacional ante el Consejo de Derechos Humanos de la ONU, Maira Mariela Macdonal \u00c1lvarez (diplomada en Derechos Humanos) por qu\u00e9 su gobierno cre\u00f3 las circunstancias para torturar de la manera m\u00e1s vil y sutil a una mujer de 84 a\u00f1os, obligada a pernoctar a la intemperie en pleno invierno, a 3 mil metros de altura, agredida d\u00eda y noche, incluso con las cochinadas de los v\u00e1ndalos.<br \/>\n\u00bfSentir\u00e1 verg\u00fcenza? \u00bfRenunciar\u00e1? \u00bfQuedar\u00e1 el avasallamiento en la impunidad?<\/p>\n","protected":false},"excerpt":{"rendered":"<p>Adem\u00e1s de la impresionante acci\u00f3n de no violencia de Amparo Carvajal como cl\u00edmax de su entrega al pr\u00f3jimo, el desenlace del asalto a la sede de la Asamblea Permanente de Derechos Humanos de Bolivia muestra otra victoria: la resistencia pac\u00edfica y firme de los activistas y voluntarios que no cedieron ante la provocaci\u00f3n. El Movimiento [&hellip;]<\/p>\n","protected":false},"author":1,"featured_media":157862,"comment_status":"closed","ping_status":"open","sticky":false,"template":"","format":"standard","meta":{"_acf_changed":false,"footnotes":""},"categories":[9],"tags":[],"class_list":["post-168178","post","type-post","status-publish","format-standard","has-post-thumbnail","category-opinion"],"acf":{"antetitulo":""},"yoast_head":"<!-- This site is optimized with the Yoast SEO plugin v28.4 - https:\/\/yoast.com\/product\/yoast-seo-wordpress\/ -->\n<title>La otra victoria de la APDHB - El Diario - Bolivia<\/title>\n<meta name=\"robots\" content=\"index, follow, max-snippet:-1, max-image-preview:large, max-video-preview:-1\" \/>\n<link rel=\"canonical\" href=\"https:\/\/www.eldiario.net\/portal\/2023\/07\/29\/la-otra-victoria-de-la-apdhb\/\" \/>\n<meta property=\"og:locale\" content=\"es_ES\" \/>\n<meta property=\"og:type\" content=\"article\" \/>\n<meta property=\"og:title\" content=\"La otra victoria de la APDHB - El Diario - Bolivia\" \/>\n<meta property=\"og:description\" content=\"Adem\u00e1s de la impresionante acci\u00f3n de no violencia de Amparo Carvajal como cl\u00edmax de su entrega al pr\u00f3jimo, el desenlace del asalto a la sede de la Asamblea Permanente de Derechos Humanos de Bolivia muestra otra victoria: la resistencia pac\u00edfica y firme de los activistas y voluntarios que no cedieron ante la provocaci\u00f3n. El Movimiento [&hellip;]\" \/>\n<meta property=\"og:url\" content=\"https:\/\/www.eldiario.net\/portal\/2023\/07\/29\/la-otra-victoria-de-la-apdhb\/\" \/>\n<meta property=\"og:site_name\" content=\"El Diario - Bolivia\" \/>\n<meta property=\"article:publisher\" content=\"https:\/\/www.facebook.com\/eldiario.bolivia\/\" \/>\n<meta property=\"article:published_time\" content=\"2023-07-29T04:38:32+00:00\" \/>\n<meta property=\"og:image\" content=\"https:\/\/www.eldiario.net\/portal\/wp-content\/uploads\/2023\/06\/Lupe-Cajias.jpg\" \/>\n\t<meta property=\"og:image:width\" content=\"1200\" \/>\n\t<meta property=\"og:image:height\" content=\"628\" \/>\n\t<meta property=\"og:image:type\" content=\"image\/jpeg\" \/>\n<meta name=\"author\" content=\"Jeanette\" \/>\n<meta name=\"twitter:card\" content=\"summary_large_image\" \/>\n<meta name=\"twitter:creator\" content=\"@eldiario_net\" \/>\n<meta name=\"twitter:site\" content=\"@eldiario_net\" \/>\n<meta name=\"twitter:label1\" content=\"Escrito por\" \/>\n\t<meta name=\"twitter:data1\" content=\"Jeanette\" \/>\n\t<meta name=\"twitter:label2\" content=\"Tiempo de lectura\" \/>\n\t<meta name=\"twitter:data2\" content=\"4 minutos\" \/>\n<script type=\"application\/ld+json\" class=\"yoast-schema-graph\">{\"@context\":\"https:\\\/\\\/schema.org\",\"@graph\":[{\"@type\":\"Article\",\"@id\":\"https:\\\/\\\/www.eldiario.net\\\/portal\\\/2023\\\/07\\\/29\\\/la-otra-victoria-de-la-apdhb\\\/#article\",\"isPartOf\":{\"@id\":\"https:\\\/\\\/www.eldiario.net\\\/portal\\\/2023\\\/07\\\/29\\\/la-otra-victoria-de-la-apdhb\\\/\"},\"author\":{\"name\":\"Jeanette\",\"@id\":\"https:\\\/\\\/www.eldiario.net\\\/portal\\\/#\\\/schema\\\/person\\\/2c57cf2b7a7ae032e449e4c9b1019eac\"},\"headline\":\"La otra victoria de la APDHB\",\"datePublished\":\"2023-07-29T04:38:32+00:00\",\"mainEntityOfPage\":{\"@id\":\"https:\\\/\\\/www.eldiario.net\\\/portal\\\/2023\\\/07\\\/29\\\/la-otra-victoria-de-la-apdhb\\\/\"},\"wordCount\":762,\"publisher\":{\"@id\":\"https:\\\/\\\/www.eldiario.net\\\/portal\\\/#organization\"},\"image\":{\"@id\":\"https:\\\/\\\/www.eldiario.net\\\/portal\\\/2023\\\/07\\\/29\\\/la-otra-victoria-de-la-apdhb\\\/#primaryimage\"},\"thumbnailUrl\":\"https:\\\/\\\/www.eldiario.net\\\/portal\\\/wp-content\\\/uploads\\\/2023\\\/06\\\/Lupe-Cajias.jpg\",\"articleSection\":[\"Opini\u00f3n\"],\"inLanguage\":\"es\"},{\"@type\":\"WebPage\",\"@id\":\"https:\\\/\\\/www.eldiario.net\\\/portal\\\/2023\\\/07\\\/29\\\/la-otra-victoria-de-la-apdhb\\\/\",\"url\":\"https:\\\/\\\/www.eldiario.net\\\/portal\\\/2023\\\/07\\\/29\\\/la-otra-victoria-de-la-apdhb\\\/\",\"name\":\"La otra victoria de la APDHB - El Diario - Bolivia\",\"isPartOf\":{\"@id\":\"https:\\\/\\\/www.eldiario.net\\\/portal\\\/#website\"},\"primaryImageOfPage\":{\"@id\":\"https:\\\/\\\/www.eldiario.net\\\/portal\\\/2023\\\/07\\\/29\\\/la-otra-victoria-de-la-apdhb\\\/#primaryimage\"},\"image\":{\"@id\":\"https:\\\/\\\/www.eldiario.net\\\/portal\\\/2023\\\/07\\\/29\\\/la-otra-victoria-de-la-apdhb\\\/#primaryimage\"},\"thumbnailUrl\":\"https:\\\/\\\/www.eldiario.net\\\/portal\\\/wp-content\\\/uploads\\\/2023\\\/06\\\/Lupe-Cajias.jpg\",\"datePublished\":\"2023-07-29T04:38:32+00:00\",\"breadcrumb\":{\"@id\":\"https:\\\/\\\/www.eldiario.net\\\/portal\\\/2023\\\/07\\\/29\\\/la-otra-victoria-de-la-apdhb\\\/#breadcrumb\"},\"inLanguage\":\"es\",\"potentialAction\":[{\"@type\":\"ReadAction\",\"target\":[\"https:\\\/\\\/www.eldiario.net\\\/portal\\\/2023\\\/07\\\/29\\\/la-otra-victoria-de-la-apdhb\\\/\"]}]},{\"@type\":\"ImageObject\",\"inLanguage\":\"es\",\"@id\":\"https:\\\/\\\/www.eldiario.net\\\/portal\\\/2023\\\/07\\\/29\\\/la-otra-victoria-de-la-apdhb\\\/#primaryimage\",\"url\":\"https:\\\/\\\/www.eldiario.net\\\/portal\\\/wp-content\\\/uploads\\\/2023\\\/06\\\/Lupe-Cajias.jpg\",\"contentUrl\":\"https:\\\/\\\/www.eldiario.net\\\/portal\\\/wp-content\\\/uploads\\\/2023\\\/06\\\/Lupe-Cajias.jpg\",\"width\":1200,\"height\":628,\"caption\":\"Lupe Caj\u00edas\"},{\"@type\":\"BreadcrumbList\",\"@id\":\"https:\\\/\\\/www.eldiario.net\\\/portal\\\/2023\\\/07\\\/29\\\/la-otra-victoria-de-la-apdhb\\\/#breadcrumb\",\"itemListElement\":[{\"@type\":\"ListItem\",\"position\":1,\"name\":\"Portada\",\"item\":\"https:\\\/\\\/www.eldiario.net\\\/portal\\\/\"},{\"@type\":\"ListItem\",\"position\":2,\"name\":\"La otra victoria de la APDHB\"}]},{\"@type\":\"WebSite\",\"@id\":\"https:\\\/\\\/www.eldiario.net\\\/portal\\\/#website\",\"url\":\"https:\\\/\\\/www.eldiario.net\\\/portal\\\/\",\"name\":\"El Diario - Decano de la prensa nacional\",\"description\":\"El Diario - Decano de la prensa nacional\",\"publisher\":{\"@id\":\"https:\\\/\\\/www.eldiario.net\\\/portal\\\/#organization\"},\"potentialAction\":[{\"@type\":\"SearchAction\",\"target\":{\"@type\":\"EntryPoint\",\"urlTemplate\":\"https:\\\/\\\/www.eldiario.net\\\/portal\\\/?s={search_term_string}\"},\"query-input\":{\"@type\":\"PropertyValueSpecification\",\"valueRequired\":true,\"valueName\":\"search_term_string\"}}],\"inLanguage\":\"es\"},{\"@type\":\"Organization\",\"@id\":\"https:\\\/\\\/www.eldiario.net\\\/portal\\\/#organization\",\"name\":\"El Diario - Decano de la prensa nacional\",\"url\":\"https:\\\/\\\/www.eldiario.net\\\/portal\\\/\",\"logo\":{\"@type\":\"ImageObject\",\"inLanguage\":\"es\",\"@id\":\"https:\\\/\\\/www.eldiario.net\\\/portal\\\/#\\\/schema\\\/logo\\\/image\\\/\",\"url\":\"https:\\\/\\\/www.eldiario.net\\\/portal\\\/wp-content\\\/uploads\\\/2023\\\/07\\\/logo_ED.jpg\",\"contentUrl\":\"https:\\\/\\\/www.eldiario.net\\\/portal\\\/wp-content\\\/uploads\\\/2023\\\/07\\\/logo_ED.jpg\",\"width\":272,\"height\":52,\"caption\":\"El Diario - Decano de la prensa nacional\"},\"image\":{\"@id\":\"https:\\\/\\\/www.eldiario.net\\\/portal\\\/#\\\/schema\\\/logo\\\/image\\\/\"},\"sameAs\":[\"https:\\\/\\\/www.facebook.com\\\/eldiario.bolivia\\\/\",\"https:\\\/\\\/x.com\\\/eldiario_net\"]},{\"@type\":\"Person\",\"@id\":\"https:\\\/\\\/www.eldiario.net\\\/portal\\\/#\\\/schema\\\/person\\\/2c57cf2b7a7ae032e449e4c9b1019eac\",\"name\":\"Jeanette\",\"image\":{\"@type\":\"ImageObject\",\"inLanguage\":\"es\",\"@id\":\"https:\\\/\\\/secure.gravatar.com\\\/avatar\\\/3ea2118a5f7dad2b7138b1187a6b7ee55f160b9968b66013c3a3ef39dd7e5798?s=96&d=mm&r=g\",\"url\":\"https:\\\/\\\/secure.gravatar.com\\\/avatar\\\/3ea2118a5f7dad2b7138b1187a6b7ee55f160b9968b66013c3a3ef39dd7e5798?s=96&d=mm&r=g\",\"contentUrl\":\"https:\\\/\\\/secure.gravatar.com\\\/avatar\\\/3ea2118a5f7dad2b7138b1187a6b7ee55f160b9968b66013c3a3ef39dd7e5798?s=96&d=mm&r=g\",\"caption\":\"Jeanette\"},\"sameAs\":[\"https:\\\/\\\/www.eldiario.net\\\/portal\"],\"url\":\"https:\\\/\\\/www.eldiario.net\\\/portal\\\/author\\\/jeanette\\\/\"}]}<\/script>\n<!-- \/ Yoast SEO plugin. -->","yoast_head_json":{"title":"La otra victoria de la APDHB - El Diario - Bolivia","robots":{"index":"index","follow":"follow","max-snippet":"max-snippet:-1","max-image-preview":"max-image-preview:large","max-video-preview":"max-video-preview:-1"},"canonical":"https:\/\/www.eldiario.net\/portal\/2023\/07\/29\/la-otra-victoria-de-la-apdhb\/","og_locale":"es_ES","og_type":"article","og_title":"La otra victoria de la APDHB - El Diario - Bolivia","og_description":"Adem\u00e1s de la impresionante acci\u00f3n de no violencia de Amparo Carvajal como cl\u00edmax de su entrega al pr\u00f3jimo, el desenlace del asalto a la sede de la Asamblea Permanente de Derechos Humanos de Bolivia muestra otra victoria: la resistencia pac\u00edfica y firme de los activistas y voluntarios que no cedieron ante la provocaci\u00f3n. El Movimiento [&hellip;]","og_url":"https:\/\/www.eldiario.net\/portal\/2023\/07\/29\/la-otra-victoria-de-la-apdhb\/","og_site_name":"El Diario - Bolivia","article_publisher":"https:\/\/www.facebook.com\/eldiario.bolivia\/","article_published_time":"2023-07-29T04:38:32+00:00","og_image":[{"width":1200,"height":628,"url":"https:\/\/www.eldiario.net\/portal\/wp-content\/uploads\/2023\/06\/Lupe-Cajias.jpg","type":"image\/jpeg"}],"author":"Jeanette","twitter_card":"summary_large_image","twitter_creator":"@eldiario_net","twitter_site":"@eldiario_net","twitter_misc":{"Escrito por":"Jeanette","Tiempo de lectura":"4 minutos"},"schema":{"@context":"https:\/\/schema.org","@graph":[{"@type":"Article","@id":"https:\/\/www.eldiario.net\/portal\/2023\/07\/29\/la-otra-victoria-de-la-apdhb\/#article","isPartOf":{"@id":"https:\/\/www.eldiario.net\/portal\/2023\/07\/29\/la-otra-victoria-de-la-apdhb\/"},"author":{"name":"Jeanette","@id":"https:\/\/www.eldiario.net\/portal\/#\/schema\/person\/2c57cf2b7a7ae032e449e4c9b1019eac"},"headline":"La otra victoria de la APDHB","datePublished":"2023-07-29T04:38:32+00:00","mainEntityOfPage":{"@id":"https:\/\/www.eldiario.net\/portal\/2023\/07\/29\/la-otra-victoria-de-la-apdhb\/"},"wordCount":762,"publisher":{"@id":"https:\/\/www.eldiario.net\/portal\/#organization"},"image":{"@id":"https:\/\/www.eldiario.net\/portal\/2023\/07\/29\/la-otra-victoria-de-la-apdhb\/#primaryimage"},"thumbnailUrl":"https:\/\/www.eldiario.net\/portal\/wp-content\/uploads\/2023\/06\/Lupe-Cajias.jpg","articleSection":["Opini\u00f3n"],"inLanguage":"es"},{"@type":"WebPage","@id":"https:\/\/www.eldiario.net\/portal\/2023\/07\/29\/la-otra-victoria-de-la-apdhb\/","url":"https:\/\/www.eldiario.net\/portal\/2023\/07\/29\/la-otra-victoria-de-la-apdhb\/","name":"La otra victoria de la APDHB - El Diario - Bolivia","isPartOf":{"@id":"https:\/\/www.eldiario.net\/portal\/#website"},"primaryImageOfPage":{"@id":"https:\/\/www.eldiario.net\/portal\/2023\/07\/29\/la-otra-victoria-de-la-apdhb\/#primaryimage"},"image":{"@id":"https:\/\/www.eldiario.net\/portal\/2023\/07\/29\/la-otra-victoria-de-la-apdhb\/#primaryimage"},"thumbnailUrl":"https:\/\/www.eldiario.net\/portal\/wp-content\/uploads\/2023\/06\/Lupe-Cajias.jpg","datePublished":"2023-07-29T04:38:32+00:00","breadcrumb":{"@id":"https:\/\/www.eldiario.net\/portal\/2023\/07\/29\/la-otra-victoria-de-la-apdhb\/#breadcrumb"},"inLanguage":"es","potentialAction":[{"@type":"ReadAction","target":["https:\/\/www.eldiario.net\/portal\/2023\/07\/29\/la-otra-victoria-de-la-apdhb\/"]}]},{"@type":"ImageObject","inLanguage":"es","@id":"https:\/\/www.eldiario.net\/portal\/2023\/07\/29\/la-otra-victoria-de-la-apdhb\/#primaryimage","url":"https:\/\/www.eldiario.net\/portal\/wp-content\/uploads\/2023\/06\/Lupe-Cajias.jpg","contentUrl":"https:\/\/www.eldiario.net\/portal\/wp-content\/uploads\/2023\/06\/Lupe-Cajias.jpg","width":1200,"height":628,"caption":"Lupe Caj\u00edas"},{"@type":"BreadcrumbList","@id":"https:\/\/www.eldiario.net\/portal\/2023\/07\/29\/la-otra-victoria-de-la-apdhb\/#breadcrumb","itemListElement":[{"@type":"ListItem","position":1,"name":"Portada","item":"https:\/\/www.eldiario.net\/portal\/"},{"@type":"ListItem","position":2,"name":"La otra victoria de la APDHB"}]},{"@type":"WebSite","@id":"https:\/\/www.eldiario.net\/portal\/#website","url":"https:\/\/www.eldiario.net\/portal\/","name":"El Diario - Decano de la prensa nacional","description":"El Diario - Decano de la prensa nacional","publisher":{"@id":"https:\/\/www.eldiario.net\/portal\/#organization"},"potentialAction":[{"@type":"SearchAction","target":{"@type":"EntryPoint","urlTemplate":"https:\/\/www.eldiario.net\/portal\/?s={search_term_string}"},"query-input":{"@type":"PropertyValueSpecification","valueRequired":true,"valueName":"search_term_string"}}],"inLanguage":"es"},{"@type":"Organization","@id":"https:\/\/www.eldiario.net\/portal\/#organization","name":"El Diario - Decano de la prensa nacional","url":"https:\/\/www.eldiario.net\/portal\/","logo":{"@type":"ImageObject","inLanguage":"es","@id":"https:\/\/www.eldiario.net\/portal\/#\/schema\/logo\/image\/","url":"https:\/\/www.eldiario.net\/portal\/wp-content\/uploads\/2023\/07\/logo_ED.jpg","contentUrl":"https:\/\/www.eldiario.net\/portal\/wp-content\/uploads\/2023\/07\/logo_ED.jpg","width":272,"height":52,"caption":"El Diario - Decano de la prensa nacional"},"image":{"@id":"https:\/\/www.eldiario.net\/portal\/#\/schema\/logo\/image\/"},"sameAs":["https:\/\/www.facebook.com\/eldiario.bolivia\/","https:\/\/x.com\/eldiario_net"]},{"@type":"Person","@id":"https:\/\/www.eldiario.net\/portal\/#\/schema\/person\/2c57cf2b7a7ae032e449e4c9b1019eac","name":"Jeanette","image":{"@type":"ImageObject","inLanguage":"es","@id":"https:\/\/secure.gravatar.com\/avatar\/3ea2118a5f7dad2b7138b1187a6b7ee55f160b9968b66013c3a3ef39dd7e5798?s=96&d=mm&r=g","url":"https:\/\/secure.gravatar.com\/avatar\/3ea2118a5f7dad2b7138b1187a6b7ee55f160b9968b66013c3a3ef39dd7e5798?s=96&d=mm&r=g","contentUrl":"https:\/\/secure.gravatar.com\/avatar\/3ea2118a5f7dad2b7138b1187a6b7ee55f160b9968b66013c3a3ef39dd7e5798?s=96&d=mm&r=g","caption":"Jeanette"},"sameAs":["https:\/\/www.eldiario.net\/portal"],"url":"https:\/\/www.eldiario.net\/portal\/author\/jeanette\/"}]}},"_links":{"self":[{"href":"https:\/\/www.eldiario.net\/portal\/wp-json\/wp\/v2\/posts\/168178","targetHints":{"allow":["GET"]}}],"collection":[{"href":"https:\/\/www.eldiario.net\/portal\/wp-json\/wp\/v2\/posts"}],"about":[{"href":"https:\/\/www.eldiario.net\/portal\/wp-json\/wp\/v2\/types\/post"}],"author":[{"embeddable":true,"href":"https:\/\/www.eldiario.net\/portal\/wp-json\/wp\/v2\/users\/1"}],"replies":[{"embeddable":true,"href":"https:\/\/www.eldiario.net\/portal\/wp-json\/wp\/v2\/comments?post=168178"}],"version-history":[{"count":0,"href":"https:\/\/www.eldiario.net\/portal\/wp-json\/wp\/v2\/posts\/168178\/revisions"}],"wp:featuredmedia":[{"embeddable":true,"href":"https:\/\/www.eldiario.net\/portal\/wp-json\/wp\/v2\/media\/157862"}],"wp:attachment":[{"href":"https:\/\/www.eldiario.net\/portal\/wp-json\/wp\/v2\/media?parent=168178"}],"wp:term":[{"taxonomy":"category","embeddable":true,"href":"https:\/\/www.eldiario.net\/portal\/wp-json\/wp\/v2\/categories?post=168178"},{"taxonomy":"post_tag","embeddable":true,"href":"https:\/\/www.eldiario.net\/portal\/wp-json\/wp\/v2\/tags?post=168178"}],"curies":[{"name":"wp","href":"https:\/\/api.w.org\/{rel}","templated":true}]}}