{"id":168088,"date":"2023-07-29T00:13:45","date_gmt":"2023-07-29T04:13:45","guid":{"rendered":"https:\/\/www.eldiario.net\/portal\/?p=168088"},"modified":"2023-07-29T00:13:45","modified_gmt":"2023-07-29T04:13:45","slug":"tribunal-rechaza-pedido-del-regimen-chino-para-prohibir-cancion-de-protesta","status":"publish","type":"post","link":"https:\/\/www.eldiario.net\/portal\/2023\/07\/29\/tribunal-rechaza-pedido-del-regimen-chino-para-prohibir-cancion-de-protesta\/","title":{"rendered":"Tribunal rechaza pedido del r\u00e9gimen chino para prohibir canci\u00f3n de protesta"},"content":{"rendered":"<p>Un tribunal de Hong Kong rechaz\u00f3 este viernes una solicitud del Gobierno local para ilegalizar la interpretaci\u00f3n o difusi\u00f3n de la canci\u00f3n de protesta prodemocr\u00e1tica \u201cGloria a Hong Kong\u201d por motivos de seguridad nacional, alegando que dicha medida podr\u00eda \u201cmenoscabar la libertad de expresi\u00f3n\u201d.<br \/>\nEl requerimiento judicial del Gobierno hongkon\u00e9s fue rechazado por el juez Anthony Chan, quien manifest\u00f3 en su fallo no estar convencido de que la medida fuera justa, seg\u00fan el diario Hong Kong Free Press.<br \/>\n\u201cLa solicitud del Gobierno est\u00e1 dirigida contra actos delictivos, no contra actividades il\u00edcitas. Creo que hay intromisi\u00f3n en la libertad de expresi\u00f3n, y podr\u00eda tener un efecto paralizador\u201d, se\u00f1al\u00f3 Chan.<br \/>\n\u201cNo puedo estar de acuerdo en que el efecto paralizador pueda desestimarse\u201d, dictamin\u00f3 el juez, quien advirti\u00f3 de las consecuencias de que \u201cpersonas inocentes puedan abstenerse de realizar actos l\u00edcitos relacionados con la canci\u00f3n por temor a traspasar el mandato judicial\u201d.<br \/>\nEl Gobierno de Hong Kong solicit\u00f3 a primeros d\u00edas de junio a la Alta Corte de la ciudad una medida cautelar para prohibir la difusi\u00f3n de la canci\u00f3n, vinculada a las manifestaciones antigubernamentales de 2019, por sus supuestas \u201cintenciones sediciosas\u201d.<br \/>\nEl ministro de Justicia, Paul Lam, present\u00f3 la solicitud con el fin de prohibir a cualquier persona la promoci\u00f3n de la melod\u00eda de protesta mediante su \u201cdifusi\u00f3n, ejecuci\u00f3n, impresi\u00f3n, publicaci\u00f3n, venta, puesta a la venta, distribuci\u00f3n, difusi\u00f3n, exhibici\u00f3n o reproducci\u00f3n de cualquier tipo\u201d.<br \/>\nLas autoridades declararon haber solicitado la medida cautelar a ra\u00edz de varias confusiones en acontecimientos deportivos internacionales, cuando los organizadores confundieron la canci\u00f3n con el himno nacional oficial de China, la Marcha de los Voluntarios.<br \/>\nLa administraci\u00f3n ha atribuido los errores a los primeros resultados de b\u00fasqueda de \u201chimno nacional de Hong Kong\u201d en Google, pero el gigante tecnol\u00f3gico se ha negado a manipular manualmente su algoritmo para garantizar que s\u00f3lo aparezca en pantalla la melod\u00eda correcta.<br \/>\nUn tribunal hongkon\u00e9s conden\u00f3 la semana pasada a tres meses de c\u00e1rcel a un fot\u00f3grafo por insertar una canci\u00f3n reivindicativa en un videoclip que celebraba la victoria de un atleta durante los Juegos Ol\u00edmpicos de Tokio, convirti\u00e9ndose en la primera persona juzgada en virtud de la ley sobre el himno nacional.(Infobae\/Efe).<\/p>\n","protected":false},"excerpt":{"rendered":"<p>Un tribunal de Hong Kong rechaz\u00f3 este viernes una solicitud del Gobierno local para ilegalizar la interpretaci\u00f3n o difusi\u00f3n de la canci\u00f3n de protesta prodemocr\u00e1tica \u201cGloria a Hong Kong\u201d por motivos de seguridad nacional, alegando que dicha medida podr\u00eda \u201cmenoscabar la libertad de expresi\u00f3n\u201d. El requerimiento judicial del Gobierno hongkon\u00e9s fue rechazado por el juez [&hellip;]<\/p>\n","protected":false},"author":1,"featured_media":168090,"comment_status":"closed","ping_status":"open","sticky":false,"template":"","format":"standard","meta":{"_acf_changed":false,"footnotes":""},"categories":[3],"tags":[],"class_list":["post-168088","post","type-post","status-publish","format-standard","has-post-thumbnail","category-internacional"],"acf":{"antetitulo":""},"yoast_head":"<!-- This site is optimized with the Yoast SEO plugin v28.4 - https:\/\/yoast.com\/product\/yoast-seo-wordpress\/ -->\n<title>Tribunal rechaza pedido del r\u00e9gimen chino para prohibir canci\u00f3n de protesta - El Diario - Bolivia<\/title>\n<meta name=\"robots\" content=\"index, follow, max-snippet:-1, max-image-preview:large, max-video-preview:-1\" \/>\n<link rel=\"canonical\" href=\"https:\/\/www.eldiario.net\/portal\/2023\/07\/29\/tribunal-rechaza-pedido-del-regimen-chino-para-prohibir-cancion-de-protesta\/\" \/>\n<meta property=\"og:locale\" content=\"es_ES\" \/>\n<meta property=\"og:type\" content=\"article\" \/>\n<meta property=\"og:title\" content=\"Tribunal rechaza pedido del r\u00e9gimen chino para prohibir canci\u00f3n de protesta - El Diario - Bolivia\" \/>\n<meta property=\"og:description\" content=\"Un tribunal de Hong Kong rechaz\u00f3 este viernes una solicitud del Gobierno local para ilegalizar la interpretaci\u00f3n o difusi\u00f3n de la canci\u00f3n de protesta prodemocr\u00e1tica \u201cGloria a Hong Kong\u201d por motivos de seguridad nacional, alegando que dicha medida podr\u00eda \u201cmenoscabar la libertad de expresi\u00f3n\u201d. El requerimiento judicial del Gobierno hongkon\u00e9s fue rechazado por el juez [&hellip;]\" \/>\n<meta property=\"og:url\" content=\"https:\/\/www.eldiario.net\/portal\/2023\/07\/29\/tribunal-rechaza-pedido-del-regimen-chino-para-prohibir-cancion-de-protesta\/\" \/>\n<meta property=\"og:site_name\" content=\"El Diario - Bolivia\" \/>\n<meta property=\"article:publisher\" content=\"https:\/\/www.facebook.com\/eldiario.bolivia\/\" \/>\n<meta property=\"article:published_time\" content=\"2023-07-29T04:13:45+00:00\" \/>\n<meta property=\"og:image\" content=\"https:\/\/www.eldiario.net\/portal\/wp-content\/uploads\/2023\/07\/I-284.jpg\" \/>\n\t<meta property=\"og:image:width\" content=\"1024\" \/>\n\t<meta property=\"og:image:height\" content=\"512\" \/>\n\t<meta property=\"og:image:type\" content=\"image\/jpeg\" \/>\n<meta name=\"author\" content=\"Jeanette\" \/>\n<meta name=\"twitter:card\" content=\"summary_large_image\" \/>\n<meta name=\"twitter:creator\" content=\"@eldiario_net\" \/>\n<meta name=\"twitter:site\" content=\"@eldiario_net\" \/>\n<meta name=\"twitter:label1\" content=\"Escrito por\" \/>\n\t<meta name=\"twitter:data1\" content=\"Jeanette\" \/>\n\t<meta name=\"twitter:label2\" content=\"Tiempo de lectura\" \/>\n\t<meta name=\"twitter:data2\" content=\"2 minutos\" \/>\n<script type=\"application\/ld+json\" class=\"yoast-schema-graph\">{\"@context\":\"https:\\\/\\\/schema.org\",\"@graph\":[{\"@type\":\"Article\",\"@id\":\"https:\\\/\\\/www.eldiario.net\\\/portal\\\/2023\\\/07\\\/29\\\/tribunal-rechaza-pedido-del-regimen-chino-para-prohibir-cancion-de-protesta\\\/#article\",\"isPartOf\":{\"@id\":\"https:\\\/\\\/www.eldiario.net\\\/portal\\\/2023\\\/07\\\/29\\\/tribunal-rechaza-pedido-del-regimen-chino-para-prohibir-cancion-de-protesta\\\/\"},\"author\":{\"name\":\"Jeanette\",\"@id\":\"https:\\\/\\\/www.eldiario.net\\\/portal\\\/#\\\/schema\\\/person\\\/2c57cf2b7a7ae032e449e4c9b1019eac\"},\"headline\":\"Tribunal rechaza pedido del r\u00e9gimen chino para prohibir canci\u00f3n de protesta\",\"datePublished\":\"2023-07-29T04:13:45+00:00\",\"mainEntityOfPage\":{\"@id\":\"https:\\\/\\\/www.eldiario.net\\\/portal\\\/2023\\\/07\\\/29\\\/tribunal-rechaza-pedido-del-regimen-chino-para-prohibir-cancion-de-protesta\\\/\"},\"wordCount\":415,\"publisher\":{\"@id\":\"https:\\\/\\\/www.eldiario.net\\\/portal\\\/#organization\"},\"image\":{\"@id\":\"https:\\\/\\\/www.eldiario.net\\\/portal\\\/2023\\\/07\\\/29\\\/tribunal-rechaza-pedido-del-regimen-chino-para-prohibir-cancion-de-protesta\\\/#primaryimage\"},\"thumbnailUrl\":\"https:\\\/\\\/www.eldiario.net\\\/portal\\\/wp-content\\\/uploads\\\/2023\\\/07\\\/I-284.jpg\",\"articleSection\":[\"Internacional\"],\"inLanguage\":\"es\"},{\"@type\":\"WebPage\",\"@id\":\"https:\\\/\\\/www.eldiario.net\\\/portal\\\/2023\\\/07\\\/29\\\/tribunal-rechaza-pedido-del-regimen-chino-para-prohibir-cancion-de-protesta\\\/\",\"url\":\"https:\\\/\\\/www.eldiario.net\\\/portal\\\/2023\\\/07\\\/29\\\/tribunal-rechaza-pedido-del-regimen-chino-para-prohibir-cancion-de-protesta\\\/\",\"name\":\"Tribunal rechaza pedido del r\u00e9gimen chino para prohibir canci\u00f3n de protesta - El Diario - Bolivia\",\"isPartOf\":{\"@id\":\"https:\\\/\\\/www.eldiario.net\\\/portal\\\/#website\"},\"primaryImageOfPage\":{\"@id\":\"https:\\\/\\\/www.eldiario.net\\\/portal\\\/2023\\\/07\\\/29\\\/tribunal-rechaza-pedido-del-regimen-chino-para-prohibir-cancion-de-protesta\\\/#primaryimage\"},\"image\":{\"@id\":\"https:\\\/\\\/www.eldiario.net\\\/portal\\\/2023\\\/07\\\/29\\\/tribunal-rechaza-pedido-del-regimen-chino-para-prohibir-cancion-de-protesta\\\/#primaryimage\"},\"thumbnailUrl\":\"https:\\\/\\\/www.eldiario.net\\\/portal\\\/wp-content\\\/uploads\\\/2023\\\/07\\\/I-284.jpg\",\"datePublished\":\"2023-07-29T04:13:45+00:00\",\"breadcrumb\":{\"@id\":\"https:\\\/\\\/www.eldiario.net\\\/portal\\\/2023\\\/07\\\/29\\\/tribunal-rechaza-pedido-del-regimen-chino-para-prohibir-cancion-de-protesta\\\/#breadcrumb\"},\"inLanguage\":\"es\",\"potentialAction\":[{\"@type\":\"ReadAction\",\"target\":[\"https:\\\/\\\/www.eldiario.net\\\/portal\\\/2023\\\/07\\\/29\\\/tribunal-rechaza-pedido-del-regimen-chino-para-prohibir-cancion-de-protesta\\\/\"]}]},{\"@type\":\"ImageObject\",\"inLanguage\":\"es\",\"@id\":\"https:\\\/\\\/www.eldiario.net\\\/portal\\\/2023\\\/07\\\/29\\\/tribunal-rechaza-pedido-del-regimen-chino-para-prohibir-cancion-de-protesta\\\/#primaryimage\",\"url\":\"https:\\\/\\\/www.eldiario.net\\\/portal\\\/wp-content\\\/uploads\\\/2023\\\/07\\\/I-284.jpg\",\"contentUrl\":\"https:\\\/\\\/www.eldiario.net\\\/portal\\\/wp-content\\\/uploads\\\/2023\\\/07\\\/I-284.jpg\",\"width\":1024,\"height\":512,\"caption\":\"El Supremo de Hong Kong rechaza una petici\u00f3n del Gobierno para censurar una canci\u00f3n protesta. REUTERS\"},{\"@type\":\"BreadcrumbList\",\"@id\":\"https:\\\/\\\/www.eldiario.net\\\/portal\\\/2023\\\/07\\\/29\\\/tribunal-rechaza-pedido-del-regimen-chino-para-prohibir-cancion-de-protesta\\\/#breadcrumb\",\"itemListElement\":[{\"@type\":\"ListItem\",\"position\":1,\"name\":\"Portada\",\"item\":\"https:\\\/\\\/www.eldiario.net\\\/portal\\\/\"},{\"@type\":\"ListItem\",\"position\":2,\"name\":\"Tribunal rechaza pedido del r\u00e9gimen chino para prohibir canci\u00f3n de protesta\"}]},{\"@type\":\"WebSite\",\"@id\":\"https:\\\/\\\/www.eldiario.net\\\/portal\\\/#website\",\"url\":\"https:\\\/\\\/www.eldiario.net\\\/portal\\\/\",\"name\":\"El Diario - Decano de la prensa nacional\",\"description\":\"El Diario - Decano de la prensa nacional\",\"publisher\":{\"@id\":\"https:\\\/\\\/www.eldiario.net\\\/portal\\\/#organization\"},\"potentialAction\":[{\"@type\":\"SearchAction\",\"target\":{\"@type\":\"EntryPoint\",\"urlTemplate\":\"https:\\\/\\\/www.eldiario.net\\\/portal\\\/?s={search_term_string}\"},\"query-input\":{\"@type\":\"PropertyValueSpecification\",\"valueRequired\":true,\"valueName\":\"search_term_string\"}}],\"inLanguage\":\"es\"},{\"@type\":\"Organization\",\"@id\":\"https:\\\/\\\/www.eldiario.net\\\/portal\\\/#organization\",\"name\":\"El Diario - Decano de la prensa nacional\",\"url\":\"https:\\\/\\\/www.eldiario.net\\\/portal\\\/\",\"logo\":{\"@type\":\"ImageObject\",\"inLanguage\":\"es\",\"@id\":\"https:\\\/\\\/www.eldiario.net\\\/portal\\\/#\\\/schema\\\/logo\\\/image\\\/\",\"url\":\"https:\\\/\\\/www.eldiario.net\\\/portal\\\/wp-content\\\/uploads\\\/2023\\\/07\\\/logo_ED.jpg\",\"contentUrl\":\"https:\\\/\\\/www.eldiario.net\\\/portal\\\/wp-content\\\/uploads\\\/2023\\\/07\\\/logo_ED.jpg\",\"width\":272,\"height\":52,\"caption\":\"El Diario - Decano de la prensa nacional\"},\"image\":{\"@id\":\"https:\\\/\\\/www.eldiario.net\\\/portal\\\/#\\\/schema\\\/logo\\\/image\\\/\"},\"sameAs\":[\"https:\\\/\\\/www.facebook.com\\\/eldiario.bolivia\\\/\",\"https:\\\/\\\/x.com\\\/eldiario_net\"]},{\"@type\":\"Person\",\"@id\":\"https:\\\/\\\/www.eldiario.net\\\/portal\\\/#\\\/schema\\\/person\\\/2c57cf2b7a7ae032e449e4c9b1019eac\",\"name\":\"Jeanette\",\"image\":{\"@type\":\"ImageObject\",\"inLanguage\":\"es\",\"@id\":\"https:\\\/\\\/secure.gravatar.com\\\/avatar\\\/3ea2118a5f7dad2b7138b1187a6b7ee55f160b9968b66013c3a3ef39dd7e5798?s=96&d=mm&r=g\",\"url\":\"https:\\\/\\\/secure.gravatar.com\\\/avatar\\\/3ea2118a5f7dad2b7138b1187a6b7ee55f160b9968b66013c3a3ef39dd7e5798?s=96&d=mm&r=g\",\"contentUrl\":\"https:\\\/\\\/secure.gravatar.com\\\/avatar\\\/3ea2118a5f7dad2b7138b1187a6b7ee55f160b9968b66013c3a3ef39dd7e5798?s=96&d=mm&r=g\",\"caption\":\"Jeanette\"},\"sameAs\":[\"https:\\\/\\\/www.eldiario.net\\\/portal\"],\"url\":\"https:\\\/\\\/www.eldiario.net\\\/portal\\\/author\\\/jeanette\\\/\"}]}<\/script>\n<!-- \/ Yoast SEO plugin. -->","yoast_head_json":{"title":"Tribunal rechaza pedido del r\u00e9gimen chino para prohibir canci\u00f3n de protesta - El Diario - Bolivia","robots":{"index":"index","follow":"follow","max-snippet":"max-snippet:-1","max-image-preview":"max-image-preview:large","max-video-preview":"max-video-preview:-1"},"canonical":"https:\/\/www.eldiario.net\/portal\/2023\/07\/29\/tribunal-rechaza-pedido-del-regimen-chino-para-prohibir-cancion-de-protesta\/","og_locale":"es_ES","og_type":"article","og_title":"Tribunal rechaza pedido del r\u00e9gimen chino para prohibir canci\u00f3n de protesta - El Diario - Bolivia","og_description":"Un tribunal de Hong Kong rechaz\u00f3 este viernes una solicitud del Gobierno local para ilegalizar la interpretaci\u00f3n o difusi\u00f3n de la canci\u00f3n de protesta prodemocr\u00e1tica \u201cGloria a Hong Kong\u201d por motivos de seguridad nacional, alegando que dicha medida podr\u00eda \u201cmenoscabar la libertad de expresi\u00f3n\u201d. El requerimiento judicial del Gobierno hongkon\u00e9s fue rechazado por el juez [&hellip;]","og_url":"https:\/\/www.eldiario.net\/portal\/2023\/07\/29\/tribunal-rechaza-pedido-del-regimen-chino-para-prohibir-cancion-de-protesta\/","og_site_name":"El Diario - Bolivia","article_publisher":"https:\/\/www.facebook.com\/eldiario.bolivia\/","article_published_time":"2023-07-29T04:13:45+00:00","og_image":[{"width":1024,"height":512,"url":"https:\/\/www.eldiario.net\/portal\/wp-content\/uploads\/2023\/07\/I-284.jpg","type":"image\/jpeg"}],"author":"Jeanette","twitter_card":"summary_large_image","twitter_creator":"@eldiario_net","twitter_site":"@eldiario_net","twitter_misc":{"Escrito por":"Jeanette","Tiempo de lectura":"2 minutos"},"schema":{"@context":"https:\/\/schema.org","@graph":[{"@type":"Article","@id":"https:\/\/www.eldiario.net\/portal\/2023\/07\/29\/tribunal-rechaza-pedido-del-regimen-chino-para-prohibir-cancion-de-protesta\/#article","isPartOf":{"@id":"https:\/\/www.eldiario.net\/portal\/2023\/07\/29\/tribunal-rechaza-pedido-del-regimen-chino-para-prohibir-cancion-de-protesta\/"},"author":{"name":"Jeanette","@id":"https:\/\/www.eldiario.net\/portal\/#\/schema\/person\/2c57cf2b7a7ae032e449e4c9b1019eac"},"headline":"Tribunal rechaza pedido del r\u00e9gimen chino para prohibir canci\u00f3n de protesta","datePublished":"2023-07-29T04:13:45+00:00","mainEntityOfPage":{"@id":"https:\/\/www.eldiario.net\/portal\/2023\/07\/29\/tribunal-rechaza-pedido-del-regimen-chino-para-prohibir-cancion-de-protesta\/"},"wordCount":415,"publisher":{"@id":"https:\/\/www.eldiario.net\/portal\/#organization"},"image":{"@id":"https:\/\/www.eldiario.net\/portal\/2023\/07\/29\/tribunal-rechaza-pedido-del-regimen-chino-para-prohibir-cancion-de-protesta\/#primaryimage"},"thumbnailUrl":"https:\/\/www.eldiario.net\/portal\/wp-content\/uploads\/2023\/07\/I-284.jpg","articleSection":["Internacional"],"inLanguage":"es"},{"@type":"WebPage","@id":"https:\/\/www.eldiario.net\/portal\/2023\/07\/29\/tribunal-rechaza-pedido-del-regimen-chino-para-prohibir-cancion-de-protesta\/","url":"https:\/\/www.eldiario.net\/portal\/2023\/07\/29\/tribunal-rechaza-pedido-del-regimen-chino-para-prohibir-cancion-de-protesta\/","name":"Tribunal rechaza pedido del r\u00e9gimen chino para prohibir canci\u00f3n de protesta - El Diario - Bolivia","isPartOf":{"@id":"https:\/\/www.eldiario.net\/portal\/#website"},"primaryImageOfPage":{"@id":"https:\/\/www.eldiario.net\/portal\/2023\/07\/29\/tribunal-rechaza-pedido-del-regimen-chino-para-prohibir-cancion-de-protesta\/#primaryimage"},"image":{"@id":"https:\/\/www.eldiario.net\/portal\/2023\/07\/29\/tribunal-rechaza-pedido-del-regimen-chino-para-prohibir-cancion-de-protesta\/#primaryimage"},"thumbnailUrl":"https:\/\/www.eldiario.net\/portal\/wp-content\/uploads\/2023\/07\/I-284.jpg","datePublished":"2023-07-29T04:13:45+00:00","breadcrumb":{"@id":"https:\/\/www.eldiario.net\/portal\/2023\/07\/29\/tribunal-rechaza-pedido-del-regimen-chino-para-prohibir-cancion-de-protesta\/#breadcrumb"},"inLanguage":"es","potentialAction":[{"@type":"ReadAction","target":["https:\/\/www.eldiario.net\/portal\/2023\/07\/29\/tribunal-rechaza-pedido-del-regimen-chino-para-prohibir-cancion-de-protesta\/"]}]},{"@type":"ImageObject","inLanguage":"es","@id":"https:\/\/www.eldiario.net\/portal\/2023\/07\/29\/tribunal-rechaza-pedido-del-regimen-chino-para-prohibir-cancion-de-protesta\/#primaryimage","url":"https:\/\/www.eldiario.net\/portal\/wp-content\/uploads\/2023\/07\/I-284.jpg","contentUrl":"https:\/\/www.eldiario.net\/portal\/wp-content\/uploads\/2023\/07\/I-284.jpg","width":1024,"height":512,"caption":"El Supremo de Hong Kong rechaza una petici\u00f3n del Gobierno para censurar una canci\u00f3n protesta. REUTERS"},{"@type":"BreadcrumbList","@id":"https:\/\/www.eldiario.net\/portal\/2023\/07\/29\/tribunal-rechaza-pedido-del-regimen-chino-para-prohibir-cancion-de-protesta\/#breadcrumb","itemListElement":[{"@type":"ListItem","position":1,"name":"Portada","item":"https:\/\/www.eldiario.net\/portal\/"},{"@type":"ListItem","position":2,"name":"Tribunal rechaza pedido del r\u00e9gimen chino para prohibir canci\u00f3n de protesta"}]},{"@type":"WebSite","@id":"https:\/\/www.eldiario.net\/portal\/#website","url":"https:\/\/www.eldiario.net\/portal\/","name":"El Diario - Decano de la prensa nacional","description":"El Diario - Decano de la prensa nacional","publisher":{"@id":"https:\/\/www.eldiario.net\/portal\/#organization"},"potentialAction":[{"@type":"SearchAction","target":{"@type":"EntryPoint","urlTemplate":"https:\/\/www.eldiario.net\/portal\/?s={search_term_string}"},"query-input":{"@type":"PropertyValueSpecification","valueRequired":true,"valueName":"search_term_string"}}],"inLanguage":"es"},{"@type":"Organization","@id":"https:\/\/www.eldiario.net\/portal\/#organization","name":"El Diario - Decano de la prensa nacional","url":"https:\/\/www.eldiario.net\/portal\/","logo":{"@type":"ImageObject","inLanguage":"es","@id":"https:\/\/www.eldiario.net\/portal\/#\/schema\/logo\/image\/","url":"https:\/\/www.eldiario.net\/portal\/wp-content\/uploads\/2023\/07\/logo_ED.jpg","contentUrl":"https:\/\/www.eldiario.net\/portal\/wp-content\/uploads\/2023\/07\/logo_ED.jpg","width":272,"height":52,"caption":"El Diario - Decano de la prensa nacional"},"image":{"@id":"https:\/\/www.eldiario.net\/portal\/#\/schema\/logo\/image\/"},"sameAs":["https:\/\/www.facebook.com\/eldiario.bolivia\/","https:\/\/x.com\/eldiario_net"]},{"@type":"Person","@id":"https:\/\/www.eldiario.net\/portal\/#\/schema\/person\/2c57cf2b7a7ae032e449e4c9b1019eac","name":"Jeanette","image":{"@type":"ImageObject","inLanguage":"es","@id":"https:\/\/secure.gravatar.com\/avatar\/3ea2118a5f7dad2b7138b1187a6b7ee55f160b9968b66013c3a3ef39dd7e5798?s=96&d=mm&r=g","url":"https:\/\/secure.gravatar.com\/avatar\/3ea2118a5f7dad2b7138b1187a6b7ee55f160b9968b66013c3a3ef39dd7e5798?s=96&d=mm&r=g","contentUrl":"https:\/\/secure.gravatar.com\/avatar\/3ea2118a5f7dad2b7138b1187a6b7ee55f160b9968b66013c3a3ef39dd7e5798?s=96&d=mm&r=g","caption":"Jeanette"},"sameAs":["https:\/\/www.eldiario.net\/portal"],"url":"https:\/\/www.eldiario.net\/portal\/author\/jeanette\/"}]}},"_links":{"self":[{"href":"https:\/\/www.eldiario.net\/portal\/wp-json\/wp\/v2\/posts\/168088","targetHints":{"allow":["GET"]}}],"collection":[{"href":"https:\/\/www.eldiario.net\/portal\/wp-json\/wp\/v2\/posts"}],"about":[{"href":"https:\/\/www.eldiario.net\/portal\/wp-json\/wp\/v2\/types\/post"}],"author":[{"embeddable":true,"href":"https:\/\/www.eldiario.net\/portal\/wp-json\/wp\/v2\/users\/1"}],"replies":[{"embeddable":true,"href":"https:\/\/www.eldiario.net\/portal\/wp-json\/wp\/v2\/comments?post=168088"}],"version-history":[{"count":0,"href":"https:\/\/www.eldiario.net\/portal\/wp-json\/wp\/v2\/posts\/168088\/revisions"}],"wp:featuredmedia":[{"embeddable":true,"href":"https:\/\/www.eldiario.net\/portal\/wp-json\/wp\/v2\/media\/168090"}],"wp:attachment":[{"href":"https:\/\/www.eldiario.net\/portal\/wp-json\/wp\/v2\/media?parent=168088"}],"wp:term":[{"taxonomy":"category","embeddable":true,"href":"https:\/\/www.eldiario.net\/portal\/wp-json\/wp\/v2\/categories?post=168088"},{"taxonomy":"post_tag","embeddable":true,"href":"https:\/\/www.eldiario.net\/portal\/wp-json\/wp\/v2\/tags?post=168088"}],"curies":[{"name":"wp","href":"https:\/\/api.w.org\/{rel}","templated":true}]}}