{"id":168085,"date":"2023-07-28T07:39:34","date_gmt":"2023-07-28T11:39:34","guid":{"rendered":"https:\/\/www.eldiario.net\/portal\/?p=168085"},"modified":"2023-07-28T07:39:34","modified_gmt":"2023-07-28T11:39:34","slug":"tres-militares-testificaron-que-estados-unidos-oculta-ovnis","status":"publish","type":"post","link":"https:\/\/www.eldiario.net\/portal\/2023\/07\/28\/tres-militares-testificaron-que-estados-unidos-oculta-ovnis\/","title":{"rendered":"Tres militares testificaron que Estados Unidos oculta ovnis"},"content":{"rendered":"<p>Cuatro a\u00f1os de investigaciones, un considerable rastro documental y m\u00e1s de 40 entrevistas. Con todo eso bajo el brazo, el ex oficial de inteligencia David Grusch\u00a0declar\u00f3 el mi\u00e9rcoles ante el subcomit\u00e9\u00a0de la C\u00e1mara de Representantes de Estados Unidos que investiga los llamados \u00abfen\u00f3menos an\u00f3malos no identificados\u00bb.<br \/>\nDesde su punto de vista no hay duda: el Gobierno de Estados Unidos oculta tanto naves de origen extraterrestre como evidencias claras de \u00abinteligencia no humana\u00bb.<br \/>\nNo estaba solo, dos militares m\u00e1s (David Fravor y Ryan Graves) testificaron tambi\u00e9n y bajo juramento en el mismo sentido. \u00bfQu\u00e9 sabemos exactamente sobre lo que acaba de pasar en el Capitolio estadounidense? \u00bfQu\u00e9 sabemos sobre los extraterrestres?<br \/>\nEl testimonio de Grush.\u00a0Aunque el exoficial de inteligencia reconoci\u00f3 no haber visto con sus propios ojos nada de lo que explicaba, s\u00ed dijo haber recabado suficiente informaci\u00f3n para poder afirmar que sabe \u00abla localizaci\u00f3n exacta\u00bb de esas naves y muestras biol\u00f3gicas. Adem\u00e1s, se\u00f1al\u00f3 que \u00ablos avistamientos (de dichas naves) no son raros, ni aislados. Son la rutina\u00bb.<br \/>\nGrush se neg\u00f3 a contestar algunas preguntas sobre el \u00abprimer contacto\u00bb o detalles sobre el supuesto programa de \u00abtecnolog\u00eda inversa\u00bb del Gobierno (para entender c\u00f3mo funcionan esos dispositivos). Sin embargo, s\u00ed detall\u00f3 sus &#8216;avistamientos&#8217; personales y dijo haber sido objeto de amenazas por parte de sus superiores si no dejaba el tema.<br \/>\nFravor y Graves.\u00a0Los otros dos testimonios han versado sobre avistamientos. Fravor, por ejemplo, ha relatado con mucho detalle un encuentro que tuvo lugar en 2004 en la costa de San Diego. Hablamos de artefactos con forma de c\u00e1psula y capaces de bajar de los 80.000 a los 20.000 pies; para quedarse a esa altura durante horas. Hablamos, pues, de artefactos imposibles de construir con nuestra tecnolog\u00eda actual.<br \/>\nGraves, por su parte, ante las preguntas de un senador sobre c\u00f3mo pod\u00eda estar seguro de que no eran tecnolog\u00eda americana, explic\u00f3 que \u00abhab\u00eda visto a estos objetos pasar de posici\u00f3n estacionaria a velocidad supers\u00f3nica en una fracci\u00f3n de segundo\u00bb y \u00abno tengo explicaci\u00f3n para ello\u00bb.<\/p>\n<p>\u00bfDe verdad EEUU est\u00e1 ocultando pruebas de vida extraterrestre?\u00a0Es una excelente pregunta para la que no tenemos respuesta. Desde hace a\u00f1os, el Gobierno norteamericano se ha planteado en serio aportar algo de luz a todo este problema. Hace poco se desclasificaron algunos v\u00eddeos y\u00a0se han creado varias comisiones para investigar\u00a0los rumores e informaciones en torno al asunto.<br \/>\nEl mismo Obama\u00a0explic\u00f3\u00a0que \u00ablo que es cierto, y lo digo totalmente en serio, es que hay im\u00e1genes y \u00a0registros de objetos en el cielo que no sabemos exactamente qu\u00e9 son, no podemos explicar c\u00f3mo se movieron o su trayectoria\u00bb y tenemos declaraciones, como las del portavoz de la Marina Joe Gradisher que defend\u00eda que los militares ve\u00edan estos eventos con relativa frecuencia, pero que\u00a0debido al estigma\u00a0que acarreaban no sol\u00edan informar de ellos.<br \/>\nA pesar de todo, no hemos conseguido aclarar nada.\u00a0Sin embargo,\u00a0el primer gran an\u00e1lisis de la NASA concluy\u00f3\u00a0que la \u00abfalta \u00a0de datos de alta calidad hace que sea imposible obtener conclusiones \u00a0cient\u00edficas sobre la naturaleza de los UAP\u00bb. La opacidad sigue siendo la norma y, de hecho,\u00a0la agencia lo dej\u00f3 claro: \u00abtengamos la mente abierta\u00bb.<br \/>\nAhora es el Congreso el que pide al ejecutivo norteamericano que ense\u00f1e todos los datos que tenga sobre el asunto. Y, aunque el sentido com\u00fan nos dice que el misterio y la opacidad protegen tecnolog\u00edas estrat\u00e9gicas, lo cierto es que no parece razonable tener amplias zonas de sombra sobre asuntos tan debatidos en la opini\u00f3n p\u00fablica. (Xataka)<\/p>\n","protected":false},"excerpt":{"rendered":"<p>Cuatro a\u00f1os de investigaciones, un considerable rastro documental y m\u00e1s de 40 entrevistas. Con todo eso bajo el brazo, el ex oficial de inteligencia David Grusch\u00a0declar\u00f3 el mi\u00e9rcoles ante el subcomit\u00e9\u00a0de la C\u00e1mara de Representantes de Estados Unidos que investiga los llamados \u00abfen\u00f3menos an\u00f3malos no identificados\u00bb. Desde su punto de vista no hay duda: el [&hellip;]<\/p>\n","protected":false},"author":1,"featured_media":168086,"comment_status":"closed","ping_status":"open","sticky":false,"template":"","format":"standard","meta":{"_acf_changed":false,"footnotes":""},"categories":[3],"tags":[],"class_list":["post-168085","post","type-post","status-publish","format-standard","has-post-thumbnail","category-internacional"],"acf":{"antetitulo":""},"yoast_head":"<!-- This site is optimized with the Yoast SEO plugin v28.4 - https:\/\/yoast.com\/product\/yoast-seo-wordpress\/ -->\n<title>Tres militares testificaron que Estados Unidos oculta ovnis - El Diario - Bolivia<\/title>\n<meta name=\"robots\" content=\"index, follow, max-snippet:-1, max-image-preview:large, max-video-preview:-1\" \/>\n<link rel=\"canonical\" href=\"https:\/\/www.eldiario.net\/portal\/2023\/07\/28\/tres-militares-testificaron-que-estados-unidos-oculta-ovnis\/\" \/>\n<meta property=\"og:locale\" content=\"es_ES\" \/>\n<meta property=\"og:type\" content=\"article\" \/>\n<meta property=\"og:title\" content=\"Tres militares testificaron que Estados Unidos oculta ovnis - El Diario - Bolivia\" \/>\n<meta property=\"og:description\" content=\"Cuatro a\u00f1os de investigaciones, un considerable rastro documental y m\u00e1s de 40 entrevistas. Con todo eso bajo el brazo, el ex oficial de inteligencia David Grusch\u00a0declar\u00f3 el mi\u00e9rcoles ante el subcomit\u00e9\u00a0de la C\u00e1mara de Representantes de Estados Unidos que investiga los llamados \u00abfen\u00f3menos an\u00f3malos no identificados\u00bb. Desde su punto de vista no hay duda: el [&hellip;]\" \/>\n<meta property=\"og:url\" content=\"https:\/\/www.eldiario.net\/portal\/2023\/07\/28\/tres-militares-testificaron-que-estados-unidos-oculta-ovnis\/\" \/>\n<meta property=\"og:site_name\" content=\"El Diario - Bolivia\" \/>\n<meta property=\"article:publisher\" content=\"https:\/\/www.facebook.com\/eldiario.bolivia\/\" \/>\n<meta property=\"article:published_time\" content=\"2023-07-28T11:39:34+00:00\" \/>\n<meta property=\"og:image\" content=\"https:\/\/www.eldiario.net\/portal\/wp-content\/uploads\/2023\/07\/militares-xataka.png\" \/>\n\t<meta property=\"og:image:width\" content=\"1024\" \/>\n\t<meta property=\"og:image:height\" content=\"609\" \/>\n\t<meta property=\"og:image:type\" content=\"image\/png\" \/>\n<meta name=\"author\" content=\"Jeanette\" \/>\n<meta name=\"twitter:card\" content=\"summary_large_image\" \/>\n<meta name=\"twitter:creator\" content=\"@eldiario_net\" \/>\n<meta name=\"twitter:site\" content=\"@eldiario_net\" \/>\n<meta name=\"twitter:label1\" content=\"Escrito por\" \/>\n\t<meta name=\"twitter:data1\" content=\"Jeanette\" \/>\n\t<meta name=\"twitter:label2\" content=\"Tiempo de lectura\" \/>\n\t<meta name=\"twitter:data2\" content=\"3 minutos\" \/>\n<script type=\"application\/ld+json\" class=\"yoast-schema-graph\">{\"@context\":\"https:\\\/\\\/schema.org\",\"@graph\":[{\"@type\":\"Article\",\"@id\":\"https:\\\/\\\/www.eldiario.net\\\/portal\\\/2023\\\/07\\\/28\\\/tres-militares-testificaron-que-estados-unidos-oculta-ovnis\\\/#article\",\"isPartOf\":{\"@id\":\"https:\\\/\\\/www.eldiario.net\\\/portal\\\/2023\\\/07\\\/28\\\/tres-militares-testificaron-que-estados-unidos-oculta-ovnis\\\/\"},\"author\":{\"name\":\"Jeanette\",\"@id\":\"https:\\\/\\\/www.eldiario.net\\\/portal\\\/#\\\/schema\\\/person\\\/2c57cf2b7a7ae032e449e4c9b1019eac\"},\"headline\":\"Tres militares testificaron que Estados Unidos oculta ovnis\",\"datePublished\":\"2023-07-28T11:39:34+00:00\",\"mainEntityOfPage\":{\"@id\":\"https:\\\/\\\/www.eldiario.net\\\/portal\\\/2023\\\/07\\\/28\\\/tres-militares-testificaron-que-estados-unidos-oculta-ovnis\\\/\"},\"wordCount\":631,\"publisher\":{\"@id\":\"https:\\\/\\\/www.eldiario.net\\\/portal\\\/#organization\"},\"image\":{\"@id\":\"https:\\\/\\\/www.eldiario.net\\\/portal\\\/2023\\\/07\\\/28\\\/tres-militares-testificaron-que-estados-unidos-oculta-ovnis\\\/#primaryimage\"},\"thumbnailUrl\":\"https:\\\/\\\/www.eldiario.net\\\/portal\\\/wp-content\\\/uploads\\\/2023\\\/07\\\/militares-xataka.png\",\"articleSection\":[\"Internacional\"],\"inLanguage\":\"es\"},{\"@type\":\"WebPage\",\"@id\":\"https:\\\/\\\/www.eldiario.net\\\/portal\\\/2023\\\/07\\\/28\\\/tres-militares-testificaron-que-estados-unidos-oculta-ovnis\\\/\",\"url\":\"https:\\\/\\\/www.eldiario.net\\\/portal\\\/2023\\\/07\\\/28\\\/tres-militares-testificaron-que-estados-unidos-oculta-ovnis\\\/\",\"name\":\"Tres militares testificaron que Estados Unidos oculta ovnis - El Diario - Bolivia\",\"isPartOf\":{\"@id\":\"https:\\\/\\\/www.eldiario.net\\\/portal\\\/#website\"},\"primaryImageOfPage\":{\"@id\":\"https:\\\/\\\/www.eldiario.net\\\/portal\\\/2023\\\/07\\\/28\\\/tres-militares-testificaron-que-estados-unidos-oculta-ovnis\\\/#primaryimage\"},\"image\":{\"@id\":\"https:\\\/\\\/www.eldiario.net\\\/portal\\\/2023\\\/07\\\/28\\\/tres-militares-testificaron-que-estados-unidos-oculta-ovnis\\\/#primaryimage\"},\"thumbnailUrl\":\"https:\\\/\\\/www.eldiario.net\\\/portal\\\/wp-content\\\/uploads\\\/2023\\\/07\\\/militares-xataka.png\",\"datePublished\":\"2023-07-28T11:39:34+00:00\",\"breadcrumb\":{\"@id\":\"https:\\\/\\\/www.eldiario.net\\\/portal\\\/2023\\\/07\\\/28\\\/tres-militares-testificaron-que-estados-unidos-oculta-ovnis\\\/#breadcrumb\"},\"inLanguage\":\"es\",\"potentialAction\":[{\"@type\":\"ReadAction\",\"target\":[\"https:\\\/\\\/www.eldiario.net\\\/portal\\\/2023\\\/07\\\/28\\\/tres-militares-testificaron-que-estados-unidos-oculta-ovnis\\\/\"]}]},{\"@type\":\"ImageObject\",\"inLanguage\":\"es\",\"@id\":\"https:\\\/\\\/www.eldiario.net\\\/portal\\\/2023\\\/07\\\/28\\\/tres-militares-testificaron-que-estados-unidos-oculta-ovnis\\\/#primaryimage\",\"url\":\"https:\\\/\\\/www.eldiario.net\\\/portal\\\/wp-content\\\/uploads\\\/2023\\\/07\\\/militares-xataka.png\",\"contentUrl\":\"https:\\\/\\\/www.eldiario.net\\\/portal\\\/wp-content\\\/uploads\\\/2023\\\/07\\\/militares-xataka.png\",\"width\":1024,\"height\":609,\"caption\":\"Militares revelaron datos sobre objetos voladores no identificados en Estados Unidos.\"},{\"@type\":\"BreadcrumbList\",\"@id\":\"https:\\\/\\\/www.eldiario.net\\\/portal\\\/2023\\\/07\\\/28\\\/tres-militares-testificaron-que-estados-unidos-oculta-ovnis\\\/#breadcrumb\",\"itemListElement\":[{\"@type\":\"ListItem\",\"position\":1,\"name\":\"Portada\",\"item\":\"https:\\\/\\\/www.eldiario.net\\\/portal\\\/\"},{\"@type\":\"ListItem\",\"position\":2,\"name\":\"Tres militares testificaron que Estados Unidos oculta ovnis\"}]},{\"@type\":\"WebSite\",\"@id\":\"https:\\\/\\\/www.eldiario.net\\\/portal\\\/#website\",\"url\":\"https:\\\/\\\/www.eldiario.net\\\/portal\\\/\",\"name\":\"El Diario - Decano de la prensa nacional\",\"description\":\"El Diario - Decano de la prensa nacional\",\"publisher\":{\"@id\":\"https:\\\/\\\/www.eldiario.net\\\/portal\\\/#organization\"},\"potentialAction\":[{\"@type\":\"SearchAction\",\"target\":{\"@type\":\"EntryPoint\",\"urlTemplate\":\"https:\\\/\\\/www.eldiario.net\\\/portal\\\/?s={search_term_string}\"},\"query-input\":{\"@type\":\"PropertyValueSpecification\",\"valueRequired\":true,\"valueName\":\"search_term_string\"}}],\"inLanguage\":\"es\"},{\"@type\":\"Organization\",\"@id\":\"https:\\\/\\\/www.eldiario.net\\\/portal\\\/#organization\",\"name\":\"El Diario - Decano de la prensa nacional\",\"url\":\"https:\\\/\\\/www.eldiario.net\\\/portal\\\/\",\"logo\":{\"@type\":\"ImageObject\",\"inLanguage\":\"es\",\"@id\":\"https:\\\/\\\/www.eldiario.net\\\/portal\\\/#\\\/schema\\\/logo\\\/image\\\/\",\"url\":\"https:\\\/\\\/www.eldiario.net\\\/portal\\\/wp-content\\\/uploads\\\/2023\\\/07\\\/logo_ED.jpg\",\"contentUrl\":\"https:\\\/\\\/www.eldiario.net\\\/portal\\\/wp-content\\\/uploads\\\/2023\\\/07\\\/logo_ED.jpg\",\"width\":272,\"height\":52,\"caption\":\"El Diario - Decano de la prensa nacional\"},\"image\":{\"@id\":\"https:\\\/\\\/www.eldiario.net\\\/portal\\\/#\\\/schema\\\/logo\\\/image\\\/\"},\"sameAs\":[\"https:\\\/\\\/www.facebook.com\\\/eldiario.bolivia\\\/\",\"https:\\\/\\\/x.com\\\/eldiario_net\"]},{\"@type\":\"Person\",\"@id\":\"https:\\\/\\\/www.eldiario.net\\\/portal\\\/#\\\/schema\\\/person\\\/2c57cf2b7a7ae032e449e4c9b1019eac\",\"name\":\"Jeanette\",\"image\":{\"@type\":\"ImageObject\",\"inLanguage\":\"es\",\"@id\":\"https:\\\/\\\/secure.gravatar.com\\\/avatar\\\/3ea2118a5f7dad2b7138b1187a6b7ee55f160b9968b66013c3a3ef39dd7e5798?s=96&d=mm&r=g\",\"url\":\"https:\\\/\\\/secure.gravatar.com\\\/avatar\\\/3ea2118a5f7dad2b7138b1187a6b7ee55f160b9968b66013c3a3ef39dd7e5798?s=96&d=mm&r=g\",\"contentUrl\":\"https:\\\/\\\/secure.gravatar.com\\\/avatar\\\/3ea2118a5f7dad2b7138b1187a6b7ee55f160b9968b66013c3a3ef39dd7e5798?s=96&d=mm&r=g\",\"caption\":\"Jeanette\"},\"sameAs\":[\"https:\\\/\\\/www.eldiario.net\\\/portal\"],\"url\":\"https:\\\/\\\/www.eldiario.net\\\/portal\\\/author\\\/jeanette\\\/\"}]}<\/script>\n<!-- \/ Yoast SEO plugin. -->","yoast_head_json":{"title":"Tres militares testificaron que Estados Unidos oculta ovnis - El Diario - Bolivia","robots":{"index":"index","follow":"follow","max-snippet":"max-snippet:-1","max-image-preview":"max-image-preview:large","max-video-preview":"max-video-preview:-1"},"canonical":"https:\/\/www.eldiario.net\/portal\/2023\/07\/28\/tres-militares-testificaron-que-estados-unidos-oculta-ovnis\/","og_locale":"es_ES","og_type":"article","og_title":"Tres militares testificaron que Estados Unidos oculta ovnis - El Diario - Bolivia","og_description":"Cuatro a\u00f1os de investigaciones, un considerable rastro documental y m\u00e1s de 40 entrevistas. Con todo eso bajo el brazo, el ex oficial de inteligencia David Grusch\u00a0declar\u00f3 el mi\u00e9rcoles ante el subcomit\u00e9\u00a0de la C\u00e1mara de Representantes de Estados Unidos que investiga los llamados \u00abfen\u00f3menos an\u00f3malos no identificados\u00bb. Desde su punto de vista no hay duda: el [&hellip;]","og_url":"https:\/\/www.eldiario.net\/portal\/2023\/07\/28\/tres-militares-testificaron-que-estados-unidos-oculta-ovnis\/","og_site_name":"El Diario - Bolivia","article_publisher":"https:\/\/www.facebook.com\/eldiario.bolivia\/","article_published_time":"2023-07-28T11:39:34+00:00","og_image":[{"width":1024,"height":609,"url":"https:\/\/www.eldiario.net\/portal\/wp-content\/uploads\/2023\/07\/militares-xataka.png","type":"image\/png"}],"author":"Jeanette","twitter_card":"summary_large_image","twitter_creator":"@eldiario_net","twitter_site":"@eldiario_net","twitter_misc":{"Escrito por":"Jeanette","Tiempo de lectura":"3 minutos"},"schema":{"@context":"https:\/\/schema.org","@graph":[{"@type":"Article","@id":"https:\/\/www.eldiario.net\/portal\/2023\/07\/28\/tres-militares-testificaron-que-estados-unidos-oculta-ovnis\/#article","isPartOf":{"@id":"https:\/\/www.eldiario.net\/portal\/2023\/07\/28\/tres-militares-testificaron-que-estados-unidos-oculta-ovnis\/"},"author":{"name":"Jeanette","@id":"https:\/\/www.eldiario.net\/portal\/#\/schema\/person\/2c57cf2b7a7ae032e449e4c9b1019eac"},"headline":"Tres militares testificaron que Estados Unidos oculta ovnis","datePublished":"2023-07-28T11:39:34+00:00","mainEntityOfPage":{"@id":"https:\/\/www.eldiario.net\/portal\/2023\/07\/28\/tres-militares-testificaron-que-estados-unidos-oculta-ovnis\/"},"wordCount":631,"publisher":{"@id":"https:\/\/www.eldiario.net\/portal\/#organization"},"image":{"@id":"https:\/\/www.eldiario.net\/portal\/2023\/07\/28\/tres-militares-testificaron-que-estados-unidos-oculta-ovnis\/#primaryimage"},"thumbnailUrl":"https:\/\/www.eldiario.net\/portal\/wp-content\/uploads\/2023\/07\/militares-xataka.png","articleSection":["Internacional"],"inLanguage":"es"},{"@type":"WebPage","@id":"https:\/\/www.eldiario.net\/portal\/2023\/07\/28\/tres-militares-testificaron-que-estados-unidos-oculta-ovnis\/","url":"https:\/\/www.eldiario.net\/portal\/2023\/07\/28\/tres-militares-testificaron-que-estados-unidos-oculta-ovnis\/","name":"Tres militares testificaron que Estados Unidos oculta ovnis - El Diario - Bolivia","isPartOf":{"@id":"https:\/\/www.eldiario.net\/portal\/#website"},"primaryImageOfPage":{"@id":"https:\/\/www.eldiario.net\/portal\/2023\/07\/28\/tres-militares-testificaron-que-estados-unidos-oculta-ovnis\/#primaryimage"},"image":{"@id":"https:\/\/www.eldiario.net\/portal\/2023\/07\/28\/tres-militares-testificaron-que-estados-unidos-oculta-ovnis\/#primaryimage"},"thumbnailUrl":"https:\/\/www.eldiario.net\/portal\/wp-content\/uploads\/2023\/07\/militares-xataka.png","datePublished":"2023-07-28T11:39:34+00:00","breadcrumb":{"@id":"https:\/\/www.eldiario.net\/portal\/2023\/07\/28\/tres-militares-testificaron-que-estados-unidos-oculta-ovnis\/#breadcrumb"},"inLanguage":"es","potentialAction":[{"@type":"ReadAction","target":["https:\/\/www.eldiario.net\/portal\/2023\/07\/28\/tres-militares-testificaron-que-estados-unidos-oculta-ovnis\/"]}]},{"@type":"ImageObject","inLanguage":"es","@id":"https:\/\/www.eldiario.net\/portal\/2023\/07\/28\/tres-militares-testificaron-que-estados-unidos-oculta-ovnis\/#primaryimage","url":"https:\/\/www.eldiario.net\/portal\/wp-content\/uploads\/2023\/07\/militares-xataka.png","contentUrl":"https:\/\/www.eldiario.net\/portal\/wp-content\/uploads\/2023\/07\/militares-xataka.png","width":1024,"height":609,"caption":"Militares revelaron datos sobre objetos voladores no identificados en Estados Unidos."},{"@type":"BreadcrumbList","@id":"https:\/\/www.eldiario.net\/portal\/2023\/07\/28\/tres-militares-testificaron-que-estados-unidos-oculta-ovnis\/#breadcrumb","itemListElement":[{"@type":"ListItem","position":1,"name":"Portada","item":"https:\/\/www.eldiario.net\/portal\/"},{"@type":"ListItem","position":2,"name":"Tres militares testificaron que Estados Unidos oculta ovnis"}]},{"@type":"WebSite","@id":"https:\/\/www.eldiario.net\/portal\/#website","url":"https:\/\/www.eldiario.net\/portal\/","name":"El Diario - Decano de la prensa nacional","description":"El Diario - Decano de la prensa nacional","publisher":{"@id":"https:\/\/www.eldiario.net\/portal\/#organization"},"potentialAction":[{"@type":"SearchAction","target":{"@type":"EntryPoint","urlTemplate":"https:\/\/www.eldiario.net\/portal\/?s={search_term_string}"},"query-input":{"@type":"PropertyValueSpecification","valueRequired":true,"valueName":"search_term_string"}}],"inLanguage":"es"},{"@type":"Organization","@id":"https:\/\/www.eldiario.net\/portal\/#organization","name":"El Diario - Decano de la prensa nacional","url":"https:\/\/www.eldiario.net\/portal\/","logo":{"@type":"ImageObject","inLanguage":"es","@id":"https:\/\/www.eldiario.net\/portal\/#\/schema\/logo\/image\/","url":"https:\/\/www.eldiario.net\/portal\/wp-content\/uploads\/2023\/07\/logo_ED.jpg","contentUrl":"https:\/\/www.eldiario.net\/portal\/wp-content\/uploads\/2023\/07\/logo_ED.jpg","width":272,"height":52,"caption":"El Diario - Decano de la prensa nacional"},"image":{"@id":"https:\/\/www.eldiario.net\/portal\/#\/schema\/logo\/image\/"},"sameAs":["https:\/\/www.facebook.com\/eldiario.bolivia\/","https:\/\/x.com\/eldiario_net"]},{"@type":"Person","@id":"https:\/\/www.eldiario.net\/portal\/#\/schema\/person\/2c57cf2b7a7ae032e449e4c9b1019eac","name":"Jeanette","image":{"@type":"ImageObject","inLanguage":"es","@id":"https:\/\/secure.gravatar.com\/avatar\/3ea2118a5f7dad2b7138b1187a6b7ee55f160b9968b66013c3a3ef39dd7e5798?s=96&d=mm&r=g","url":"https:\/\/secure.gravatar.com\/avatar\/3ea2118a5f7dad2b7138b1187a6b7ee55f160b9968b66013c3a3ef39dd7e5798?s=96&d=mm&r=g","contentUrl":"https:\/\/secure.gravatar.com\/avatar\/3ea2118a5f7dad2b7138b1187a6b7ee55f160b9968b66013c3a3ef39dd7e5798?s=96&d=mm&r=g","caption":"Jeanette"},"sameAs":["https:\/\/www.eldiario.net\/portal"],"url":"https:\/\/www.eldiario.net\/portal\/author\/jeanette\/"}]}},"_links":{"self":[{"href":"https:\/\/www.eldiario.net\/portal\/wp-json\/wp\/v2\/posts\/168085","targetHints":{"allow":["GET"]}}],"collection":[{"href":"https:\/\/www.eldiario.net\/portal\/wp-json\/wp\/v2\/posts"}],"about":[{"href":"https:\/\/www.eldiario.net\/portal\/wp-json\/wp\/v2\/types\/post"}],"author":[{"embeddable":true,"href":"https:\/\/www.eldiario.net\/portal\/wp-json\/wp\/v2\/users\/1"}],"replies":[{"embeddable":true,"href":"https:\/\/www.eldiario.net\/portal\/wp-json\/wp\/v2\/comments?post=168085"}],"version-history":[{"count":0,"href":"https:\/\/www.eldiario.net\/portal\/wp-json\/wp\/v2\/posts\/168085\/revisions"}],"wp:featuredmedia":[{"embeddable":true,"href":"https:\/\/www.eldiario.net\/portal\/wp-json\/wp\/v2\/media\/168086"}],"wp:attachment":[{"href":"https:\/\/www.eldiario.net\/portal\/wp-json\/wp\/v2\/media?parent=168085"}],"wp:term":[{"taxonomy":"category","embeddable":true,"href":"https:\/\/www.eldiario.net\/portal\/wp-json\/wp\/v2\/categories?post=168085"},{"taxonomy":"post_tag","embeddable":true,"href":"https:\/\/www.eldiario.net\/portal\/wp-json\/wp\/v2\/tags?post=168085"}],"curies":[{"name":"wp","href":"https:\/\/api.w.org\/{rel}","templated":true}]}}