{"id":168075,"date":"2023-07-28T07:36:42","date_gmt":"2023-07-28T11:36:42","guid":{"rendered":"https:\/\/www.eldiario.net\/portal\/?p=168075"},"modified":"2023-07-28T07:36:42","modified_gmt":"2023-07-28T11:36:42","slug":"denisse-quiroga-soy-una-mujer-fuerte-luchadora-exigente-pero-a-la-vez-amorosa","status":"publish","type":"post","link":"https:\/\/www.eldiario.net\/portal\/2023\/07\/28\/denisse-quiroga-soy-una-mujer-fuerte-luchadora-exigente-pero-a-la-vez-amorosa\/","title":{"rendered":"DENISSE QUIROGA \u201cSoy una mujer fuerte, luchadora,  exigente, pero a la vez amorosa\u201d"},"content":{"rendered":"<p><strong>Nombre:<\/strong> Denisse Quiroga Fern\u00e1ndez.<\/p>\n<p><strong>Fecha y lugar de nacimiento:<\/strong> 31 de diciembre de 1982 en La Paz.<\/p>\n<p><strong>Estudios:<\/strong> Comunicaci\u00f3n social, licenciatura, y diplomados, pero en otras \u00e1reas, como en gerencia empresarial.<\/p>\n<p><strong>Estado civil:<\/strong> Casada.<\/p>\n<p><strong>\u00bfA qu\u00e9 te dedicas hoy?:<\/strong> Trabajo en Bolivisi\u00f3n, (como) presentadora de noticias.<\/p>\n<p>&nbsp;<\/p>\n<p><strong>LG: \u00bfQu\u00e9 es lo que el p\u00fablico no sabe de ti?<\/strong><\/p>\n<p>D: Que soy muy competitiva, que a veces me genera estr\u00e9s, por la b\u00fasqueda de perfeccionismo en la competitividad, y despu\u00e9s soy muy leal.<\/p>\n<p><strong>LG: \u00bfCu\u00e1l es tu mayor tesoro?<\/strong><\/p>\n<p>D: Mi familia.<\/p>\n<p><strong>LG: Si volvieras a nacer, \u00bfqu\u00e9 cambiar\u00edas de tu vida?<\/strong><\/p>\n<p>D: Arriesgarme un poco m\u00e1s, no esperar tanto.<\/p>\n<p><strong>LG: F\u00edsicamente, \u00bfcambiar\u00edas algo?<\/strong><\/p>\n<p>D: Creo que ya no. Antes s\u00ed tal vez (\u2026), pero ya cuando pasan los a\u00f1os, ya no (sonr\u00ede)\u2026 ya no es algo primordial.<\/p>\n<p><strong>LG: \u00bfCu\u00e1l es tu mayor fortaleza?<\/strong><\/p>\n<p>D: Soy muy determinada con las cosas que hago.<\/p>\n<p><strong>LG: \u00bfY tu mayor debilidad?<\/strong><\/p>\n<p>D: Miedosa. Como quiero seguridad, perfecci\u00f3n\u2026 no doy el paso hasta no estar segura y eso hace que demore en hacer muchas cosas\u2026 por primero planificar, a veces no me lanzo a hacer las cosas.<\/p>\n<p><strong>LG: \u00bfQu\u00e9 es lo mejor que han opinado de ti?<\/strong><\/p>\n<p>D: En relaci\u00f3n con la profesi\u00f3n, siempre es un aliciente (\u2026) que te tengan cari\u00f1o como persona, por tu forma de ser. En mi caso tal vez por el papel que yo jugaba, presentando una informaci\u00f3n o participando de alg\u00fan programa\u2026 es que llegas a ser parte de una familia y realmente te quieren, y eso es lo m\u00e1s bonito.<\/p>\n<p><strong>LG: \u00bfY qu\u00e9 lo peor?<\/strong><\/p>\n<p>D: Ay, no s\u00e9, creo que lo que les pasa a todos, \u00bfno? Algo que me molestaba en un inicio era el tema de la edad. Algo que siempre les dicen a todos, \u00bfno?, es que ya est\u00e1n viejos, que ya pasaron. Antes s\u00ed como que me molestaba, pero ahora ya no. Pasan los a\u00f1os y realmente ves la vida de otra manera, creo que esa misma edad es la que te da otro tipo de sabidur\u00eda.<\/p>\n<p><strong>LG: Cuando te miras en el espejo, \u00bfqu\u00e9 ves?<\/strong><\/p>\n<p>D: A una mujer fuerte. S\u00ed soy una mujer fuerte, luchadora<strong>, <\/strong>para poder alcanzar metas, sue\u00f1os. Soy exigente, pero a la vez amorosa, sobre todo con mi entorno, con mi c\u00edrculo m\u00e1s cercano.<\/p>\n<p><strong>LG: \u00bfEres una esclava del espejo?<\/strong><\/p>\n<p>D: No tanto, antes s\u00ed, era m\u00e1s, ahora no tanto, m\u00e1s bien no quiero, te relajas (sonr\u00ede).<\/p>\n<p><strong>LG: \u00bfQu\u00e9 haces en tu tiempo libre?<\/strong><\/p>\n<p>D: Me gusta descansar, ahora s\u00ed valoro mucho el tiempo de descanso, pasar tiempo con mi familia, conversar, creo es lo que m\u00e1s me gusta, obviamente tengo otros hobbies. Me gusta mucho ir a caminar, por la naturaleza, siento que me conecto y tambi\u00e9n me da energ\u00eda, es una de mis actividades favoritas, me voy al parque a pensar, me gusta el columpio, y despu\u00e9s lo usual, ver tele, ir al gimnasio, leer, o sea algo que ayude a des-estresarte.<\/p>\n<p><strong>LG: \u00bfQu\u00e9 cosa nunca perdonar\u00edas?<\/strong><\/p>\n<p>D: Ay, a ver\u2026 siempre dicen \u201cno perdonar\u00eda la infidelidad\u201d (\u2026) pero dentro de mi familia he visto que todo cambia. Mis pap\u00e1s son divorciados, pero despu\u00e9s de muchos a\u00f1os volvieron a estar juntos, as\u00ed que creo que cuando ya ves el paso del tiempo, del amor por la familia, los valores, qu\u00e9 se yo, como que ha cambiado mi percepci\u00f3n&#8230; ya no ser\u00eda tan cerrada.<\/p>\n<p><strong>LG: \u00bfUna frustraci\u00f3n?<\/strong><\/p>\n<p>D: No s\u00e9 si es frustraci\u00f3n, porque todav\u00eda la vida sigue avanzando y sigue su camino, as\u00ed que tambi\u00e9n se puede convertir en una esperanza, es el tema de hacer mi familia, as\u00ed que todav\u00eda no lo tengo como algo que realmente me decepcione.<\/p>\n<p><strong>LG: \u00bfUn sue\u00f1o realizado?<\/strong><\/p>\n<p>D: Creo que lo estoy viviendo, creo que mi vida es un sue\u00f1o. Todo lo que uno va alcanzando y logrando. Muchos hemos venido de familias muy humildes y logramos cosas inimaginables gracias a nuestro esfuerzo y tambi\u00e9n al apoyo de los que nos aman. Vamos dando pasitos que te dan felicidad y sobre todo que agradeces\u2026 El agradecimiento siempre te va a llevar a cosas mucho m\u00e1s grandes.<\/p>\n<p><strong>LG: \u00bfQu\u00e9 haces cuando reniegas?<\/strong><\/p>\n<p>D: Tengo reacciones de ira, creo que grito.<\/p>\n<p><strong>LG: \u00bfC\u00f3mo te gustar\u00eda que te recuerden?<\/strong><\/p>\n<p>D: Como una persona leal, fiel, buena, noble, humilde y que siempre ha entregado todo por mejorar no solamente a s\u00ed misma sino las condiciones de su entorno tambi\u00e9n.<\/p>\n<p><strong>LG: Si alguien no te cae, \u00bfse lo dices de frente?<\/strong><\/p>\n<p>D: Me alejo\u2026 prefiero no tener personas t\u00f3xicas o con las que no conecte porque te haces da\u00f1o. Si se da la oportunidad, claro, o sea si hay algo que te moleste o que realmente te cause ira, me cause decepci\u00f3n, siempre es mejor decirlo. Pero si es algo m\u00e1s superficial, prefiero alejarme y ya.<\/p>\n<p><strong>LG: Si tendr\u00edas que ser otra periodista, \u00bfqui\u00e9n ser\u00edas?<\/strong><\/p>\n<p>D: Tengo referentes para mejorar o que admire o que me gusten, pero no, cada quien hace su propio camino, as\u00ed que me gusta Denisse Quiroga.<\/p>\n<p><strong>LG: De no estar en la televisi\u00f3n, \u00bfa qu\u00e9 te dedicar\u00edas?<\/strong><\/p>\n<p>D: Me gustar\u00eda hacer m\u00e1s emprendimientos, por eso hab\u00eda estudiado algo de administraci\u00f3n de empresas, me gustar\u00eda hacer algo m\u00e1s de negocios, de emprendimientos personales.<\/p>\n<p><strong>LG: \u00bfQu\u00e9 significa en tu vida el periodismo?<\/strong><\/p>\n<p>D: Es una herramienta que me ha ayudado a surgir, a encontrarme, es una pasi\u00f3n, es algo que descubres cuando lo vives, trabajas y est\u00e1s ah\u00ed, que conecta mucho con las personas y creo que eso es lo que m\u00e1s nos gusta, \u00bfno? Sobre todo, el tema de solidaridad, de entender a las personas y ciertas situaciones y poder ayudar, siempre es lo m\u00e1s gratificante.<\/p>\n<p><strong>LG: \u00bfY el programa \u201cAqu\u00ed en vivo\u201d?<\/strong><\/p>\n<p>D: Significa mucho, es un gran reto para m\u00ed,\u00a0 es un lugar donde he conocido a personas muy buenas, que no solo las he conocido como personas, que son grandes profesionales, pero que su cari\u00f1o, sus consejos han hecho que me logre integrar f\u00e1cilmente y es una oportunidad para m\u00ed para seguir esforz\u00e1ndome, creciendo, cumpliendo lo que quiero, tratando de alcanzar las metas que me propongo. Y convertirme tambi\u00e9n en un miembro valioso del programa, que aporte\u2026\u00a0 Pero tambi\u00e9n valoro mucho al canal, a la Red Bolivisi\u00f3n y, por supuesto, a la gente que nos sigue, que nos quiere, que nos espera\u2026 por lo que quiero hacerles su d\u00eda m\u00e1s bonito y que puedan compartir con nosotros y que tambi\u00e9n nos est\u00e9n esperando desde sus hogares.<\/p>\n<p><strong>LG: \u00bfQu\u00e9 representa tu familia?<\/strong><\/p>\n<p>D: Es mi pilar, mi energ\u00eda, mi centro de sabidur\u00eda, mi refugio, mi paz y tambi\u00e9n mi motor. Siempre ha sido as\u00ed, desde muy chiquita.<\/p>\n<p><strong>LG: \u00bfA qui\u00e9nes desear\u00edas abrazar en este momento?<\/strong><\/p>\n<p>D: A mi esposo, a mi hermana y mis sobrinos que est\u00e1n lejos y eso es algo que me duele, a mis pap\u00e1s igualmente, pero los tengo cerca. A mi hermana y a mis sobrinitos los veo con suerte una vez al a\u00f1o, entonces los a\u00f1oro m\u00e1s. Y aunque haya tecnolog\u00eda y los llame todos los d\u00edas, no es lo mismo que sentir un abrazo.<\/p>\n<div id='gallery-1' class='gallery galleryid-168075 gallery-columns-3 gallery-size-medium'><figure class='gallery-item'>\n\t\t\t<div class='gallery-icon landscape'>\n\t\t\t\t<a href='https:\/\/www.eldiario.net\/portal\/2023\/07\/28\/denisse-quiroga-soy-una-mujer-fuerte-luchadora-exigente-pero-a-la-vez-amorosa\/denisse-3-2\/'><img loading=\"lazy\" decoding=\"async\" width=\"300\" height=\"216\" src=\"https:\/\/www.eldiario.net\/portal\/wp-content\/uploads\/2023\/07\/denisse-3-1-scaled-1-300x216.jpg\" class=\"attachment-medium size-medium\" alt=\"\" srcset=\"https:\/\/www.eldiario.net\/portal\/wp-content\/uploads\/2023\/07\/denisse-3-1-scaled-1-300x216.jpg 300w, https:\/\/www.eldiario.net\/portal\/wp-content\/uploads\/2023\/07\/denisse-3-1-scaled-1-1024x738.jpg 1024w, https:\/\/www.eldiario.net\/portal\/wp-content\/uploads\/2023\/07\/denisse-3-1-scaled-1-768x554.jpg 768w, https:\/\/www.eldiario.net\/portal\/wp-content\/uploads\/2023\/07\/denisse-3-1-scaled-1-1536x1107.jpg 1536w, https:\/\/www.eldiario.net\/portal\/wp-content\/uploads\/2023\/07\/denisse-3-1-scaled-1-2048x1476.jpg 2048w, https:\/\/www.eldiario.net\/portal\/wp-content\/uploads\/2023\/07\/denisse-3-1-scaled-1-696x502.jpg 696w, https:\/\/www.eldiario.net\/portal\/wp-content\/uploads\/2023\/07\/denisse-3-1-scaled-1-1068x770.jpg 1068w, https:\/\/www.eldiario.net\/portal\/wp-content\/uploads\/2023\/07\/denisse-3-1-scaled-1-1920x1384.jpg 1920w\" sizes=\"auto, (max-width: 300px) 100vw, 300px\" \/><\/a>\n\t\t\t<\/div><\/figure><figure class='gallery-item'>\n\t\t\t<div class='gallery-icon landscape'>\n\t\t\t\t<a href='https:\/\/www.eldiario.net\/portal\/2023\/07\/28\/denisse-quiroga-soy-una-mujer-fuerte-luchadora-exigente-pero-a-la-vez-amorosa\/denisse-7\/'><img loading=\"lazy\" decoding=\"async\" width=\"300\" height=\"259\" src=\"https:\/\/www.eldiario.net\/portal\/wp-content\/uploads\/2023\/07\/denisse-7-300x259.jpeg\" class=\"attachment-medium size-medium\" alt=\"\" srcset=\"https:\/\/www.eldiario.net\/portal\/wp-content\/uploads\/2023\/07\/denisse-7-300x259.jpeg 300w, https:\/\/www.eldiario.net\/portal\/wp-content\/uploads\/2023\/07\/denisse-7.jpeg 584w\" sizes=\"auto, (max-width: 300px) 100vw, 300px\" \/><\/a>\n\t\t\t<\/div><\/figure><figure class='gallery-item'>\n\t\t\t<div class='gallery-icon landscape'>\n\t\t\t\t<a href='https:\/\/www.eldiario.net\/portal\/2023\/07\/28\/denisse-quiroga-soy-una-mujer-fuerte-luchadora-exigente-pero-a-la-vez-amorosa\/denisse-6\/'><img loading=\"lazy\" decoding=\"async\" width=\"300\" height=\"256\" src=\"https:\/\/www.eldiario.net\/portal\/wp-content\/uploads\/2023\/07\/denisse-6-300x256.jpeg\" class=\"attachment-medium size-medium\" alt=\"\" srcset=\"https:\/\/www.eldiario.net\/portal\/wp-content\/uploads\/2023\/07\/denisse-6-300x256.jpeg 300w, https:\/\/www.eldiario.net\/portal\/wp-content\/uploads\/2023\/07\/denisse-6-696x594.jpeg 696w, https:\/\/www.eldiario.net\/portal\/wp-content\/uploads\/2023\/07\/denisse-6.jpeg 732w\" sizes=\"auto, (max-width: 300px) 100vw, 300px\" \/><\/a>\n\t\t\t<\/div><\/figure><figure class='gallery-item'>\n\t\t\t<div class='gallery-icon landscape'>\n\t\t\t\t<a href='https:\/\/www.eldiario.net\/portal\/2023\/07\/28\/denisse-quiroga-soy-una-mujer-fuerte-luchadora-exigente-pero-a-la-vez-amorosa\/denisse-5\/'><img loading=\"lazy\" decoding=\"async\" width=\"300\" height=\"239\" src=\"https:\/\/www.eldiario.net\/portal\/wp-content\/uploads\/2023\/07\/denisse-5-300x239.jpg\" class=\"attachment-medium size-medium\" alt=\"\" srcset=\"https:\/\/www.eldiario.net\/portal\/wp-content\/uploads\/2023\/07\/denisse-5-300x239.jpg 300w, https:\/\/www.eldiario.net\/portal\/wp-content\/uploads\/2023\/07\/denisse-5-1024x816.jpg 1024w, https:\/\/www.eldiario.net\/portal\/wp-content\/uploads\/2023\/07\/denisse-5-768x612.jpg 768w, https:\/\/www.eldiario.net\/portal\/wp-content\/uploads\/2023\/07\/denisse-5-1536x1224.jpg 1536w, https:\/\/www.eldiario.net\/portal\/wp-content\/uploads\/2023\/07\/denisse-5-696x555.jpg 696w, https:\/\/www.eldiario.net\/portal\/wp-content\/uploads\/2023\/07\/denisse-5-1068x851.jpg 1068w, https:\/\/www.eldiario.net\/portal\/wp-content\/uploads\/2023\/07\/denisse-5.jpg 1892w\" sizes=\"auto, (max-width: 300px) 100vw, 300px\" \/><\/a>\n\t\t\t<\/div><\/figure><figure class='gallery-item'>\n\t\t\t<div class='gallery-icon landscape'>\n\t\t\t\t<a href='https:\/\/www.eldiario.net\/portal\/2023\/07\/28\/denisse-quiroga-soy-una-mujer-fuerte-luchadora-exigente-pero-a-la-vez-amorosa\/denisse-4\/'><img loading=\"lazy\" decoding=\"async\" width=\"300\" height=\"235\" src=\"https:\/\/www.eldiario.net\/portal\/wp-content\/uploads\/2023\/07\/denisse-4-300x235.jpeg\" class=\"attachment-medium size-medium\" alt=\"\" srcset=\"https:\/\/www.eldiario.net\/portal\/wp-content\/uploads\/2023\/07\/denisse-4-300x235.jpeg 300w, https:\/\/www.eldiario.net\/portal\/wp-content\/uploads\/2023\/07\/denisse-4-696x545.jpeg 696w, https:\/\/www.eldiario.net\/portal\/wp-content\/uploads\/2023\/07\/denisse-4.jpeg 768w\" sizes=\"auto, (max-width: 300px) 100vw, 300px\" \/><\/a>\n\t\t\t<\/div><\/figure><figure class='gallery-item'>\n\t\t\t<div class='gallery-icon landscape'>\n\t\t\t\t<a href='https:\/\/www.eldiario.net\/portal\/2023\/07\/28\/denisse-quiroga-soy-una-mujer-fuerte-luchadora-exigente-pero-a-la-vez-amorosa\/denisse-2\/'><img loading=\"lazy\" decoding=\"async\" width=\"300\" height=\"220\" src=\"https:\/\/www.eldiario.net\/portal\/wp-content\/uploads\/2023\/07\/denisse-2-300x220.jpeg\" class=\"attachment-medium size-medium\" alt=\"\" srcset=\"https:\/\/www.eldiario.net\/portal\/wp-content\/uploads\/2023\/07\/denisse-2-300x220.jpeg 300w, https:\/\/www.eldiario.net\/portal\/wp-content\/uploads\/2023\/07\/denisse-2-696x509.jpeg 696w, https:\/\/www.eldiario.net\/portal\/wp-content\/uploads\/2023\/07\/denisse-2.jpeg 768w\" sizes=\"auto, (max-width: 300px) 100vw, 300px\" \/><\/a>\n\t\t\t<\/div><\/figure><figure class='gallery-item'>\n\t\t\t<div class='gallery-icon landscape'>\n\t\t\t\t<a href='https:\/\/www.eldiario.net\/portal\/2023\/07\/28\/denisse-quiroga-soy-una-mujer-fuerte-luchadora-exigente-pero-a-la-vez-amorosa\/denisse-1principal\/'><img loading=\"lazy\" decoding=\"async\" width=\"300\" height=\"211\" src=\"https:\/\/www.eldiario.net\/portal\/wp-content\/uploads\/2023\/07\/denisse-1PRINCIPAL-300x211.jpg\" class=\"attachment-medium size-medium\" alt=\"\" srcset=\"https:\/\/www.eldiario.net\/portal\/wp-content\/uploads\/2023\/07\/denisse-1PRINCIPAL-300x211.jpg 300w, https:\/\/www.eldiario.net\/portal\/wp-content\/uploads\/2023\/07\/denisse-1PRINCIPAL-1024x720.jpg 1024w, https:\/\/www.eldiario.net\/portal\/wp-content\/uploads\/2023\/07\/denisse-1PRINCIPAL-768x540.jpg 768w, https:\/\/www.eldiario.net\/portal\/wp-content\/uploads\/2023\/07\/denisse-1PRINCIPAL-1536x1080.jpg 1536w, https:\/\/www.eldiario.net\/portal\/wp-content\/uploads\/2023\/07\/denisse-1PRINCIPAL-2048x1440.jpg 2048w, https:\/\/www.eldiario.net\/portal\/wp-content\/uploads\/2023\/07\/denisse-1PRINCIPAL-696x490.jpg 696w, https:\/\/www.eldiario.net\/portal\/wp-content\/uploads\/2023\/07\/denisse-1PRINCIPAL-1068x751.jpg 1068w, https:\/\/www.eldiario.net\/portal\/wp-content\/uploads\/2023\/07\/denisse-1PRINCIPAL-1920x1350.jpg 1920w\" sizes=\"auto, (max-width: 300px) 100vw, 300px\" \/><\/a>\n\t\t\t<\/div><\/figure>\n\t\t<\/div>\n\n","protected":false},"excerpt":{"rendered":"<p>Nombre: Denisse Quiroga Fern\u00e1ndez. Fecha y lugar de nacimiento: 31 de diciembre de 1982 en La Paz. Estudios: Comunicaci\u00f3n social, licenciatura, y diplomados, pero en otras \u00e1reas, como en gerencia empresarial. Estado civil: Casada. \u00bfA qu\u00e9 te dedicas hoy?: Trabajo en Bolivisi\u00f3n, (como) presentadora de noticias. &nbsp; LG: \u00bfQu\u00e9 es lo que el p\u00fablico no [&hellip;]<\/p>\n","protected":false},"author":1,"featured_media":168076,"comment_status":"closed","ping_status":"open","sticky":false,"template":"","format":"standard","meta":{"_acf_changed":false,"footnotes":""},"categories":[41],"tags":[],"class_list":["post-168075","post","type-post","status-publish","format-standard","has-post-thumbnail","category-la-guia"],"acf":{"antetitulo":""},"yoast_head":"<!-- This site is optimized with the Yoast SEO plugin v28.4 - https:\/\/yoast.com\/product\/yoast-seo-wordpress\/ -->\n<title>DENISSE QUIROGA \u201cSoy una mujer fuerte, luchadora, exigente, pero a la vez amorosa\u201d - El Diario - Bolivia<\/title>\n<meta name=\"robots\" content=\"index, follow, max-snippet:-1, max-image-preview:large, max-video-preview:-1\" \/>\n<link rel=\"canonical\" href=\"https:\/\/www.eldiario.net\/portal\/2023\/07\/28\/denisse-quiroga-soy-una-mujer-fuerte-luchadora-exigente-pero-a-la-vez-amorosa\/\" \/>\n<meta property=\"og:locale\" content=\"es_ES\" \/>\n<meta property=\"og:type\" content=\"article\" \/>\n<meta property=\"og:title\" content=\"DENISSE QUIROGA \u201cSoy una mujer fuerte, luchadora, exigente, pero a la vez amorosa\u201d - El Diario - Bolivia\" \/>\n<meta property=\"og:description\" content=\"Nombre: Denisse Quiroga Fern\u00e1ndez. Fecha y lugar de nacimiento: 31 de diciembre de 1982 en La Paz. Estudios: Comunicaci\u00f3n social, licenciatura, y diplomados, pero en otras \u00e1reas, como en gerencia empresarial. Estado civil: Casada. \u00bfA qu\u00e9 te dedicas hoy?: Trabajo en Bolivisi\u00f3n, (como) presentadora de noticias. &nbsp; LG: \u00bfQu\u00e9 es lo que el p\u00fablico no [&hellip;]\" \/>\n<meta property=\"og:url\" content=\"https:\/\/www.eldiario.net\/portal\/2023\/07\/28\/denisse-quiroga-soy-una-mujer-fuerte-luchadora-exigente-pero-a-la-vez-amorosa\/\" \/>\n<meta property=\"og:site_name\" content=\"El Diario - Bolivia\" \/>\n<meta property=\"article:publisher\" content=\"https:\/\/www.facebook.com\/eldiario.bolivia\/\" \/>\n<meta property=\"article:published_time\" content=\"2023-07-28T11:36:42+00:00\" \/>\n<meta property=\"og:image\" content=\"https:\/\/www.eldiario.net\/portal\/wp-content\/uploads\/2023\/07\/denisse-1PRINCIPAL.jpg\" \/>\n\t<meta property=\"og:image:width\" content=\"2400\" \/>\n\t<meta property=\"og:image:height\" content=\"1688\" \/>\n\t<meta property=\"og:image:type\" content=\"image\/jpeg\" \/>\n<meta name=\"author\" content=\"Jeanette\" \/>\n<meta name=\"twitter:card\" content=\"summary_large_image\" \/>\n<meta name=\"twitter:creator\" content=\"@eldiario_net\" \/>\n<meta name=\"twitter:site\" content=\"@eldiario_net\" \/>\n<meta name=\"twitter:label1\" content=\"Escrito por\" \/>\n\t<meta name=\"twitter:data1\" content=\"Jeanette\" \/>\n\t<meta name=\"twitter:label2\" content=\"Tiempo de lectura\" \/>\n\t<meta name=\"twitter:data2\" content=\"6 minutos\" \/>\n<script type=\"application\/ld+json\" class=\"yoast-schema-graph\">{\"@context\":\"https:\\\/\\\/schema.org\",\"@graph\":[{\"@type\":\"Article\",\"@id\":\"https:\\\/\\\/www.eldiario.net\\\/portal\\\/2023\\\/07\\\/28\\\/denisse-quiroga-soy-una-mujer-fuerte-luchadora-exigente-pero-a-la-vez-amorosa\\\/#article\",\"isPartOf\":{\"@id\":\"https:\\\/\\\/www.eldiario.net\\\/portal\\\/2023\\\/07\\\/28\\\/denisse-quiroga-soy-una-mujer-fuerte-luchadora-exigente-pero-a-la-vez-amorosa\\\/\"},\"author\":{\"name\":\"Jeanette\",\"@id\":\"https:\\\/\\\/www.eldiario.net\\\/portal\\\/#\\\/schema\\\/person\\\/2c57cf2b7a7ae032e449e4c9b1019eac\"},\"headline\":\"DENISSE QUIROGA \u201cSoy una mujer fuerte, luchadora, exigente, pero a la vez amorosa\u201d\",\"datePublished\":\"2023-07-28T11:36:42+00:00\",\"mainEntityOfPage\":{\"@id\":\"https:\\\/\\\/www.eldiario.net\\\/portal\\\/2023\\\/07\\\/28\\\/denisse-quiroga-soy-una-mujer-fuerte-luchadora-exigente-pero-a-la-vez-amorosa\\\/\"},\"wordCount\":1289,\"publisher\":{\"@id\":\"https:\\\/\\\/www.eldiario.net\\\/portal\\\/#organization\"},\"image\":{\"@id\":\"https:\\\/\\\/www.eldiario.net\\\/portal\\\/2023\\\/07\\\/28\\\/denisse-quiroga-soy-una-mujer-fuerte-luchadora-exigente-pero-a-la-vez-amorosa\\\/#primaryimage\"},\"thumbnailUrl\":\"https:\\\/\\\/www.eldiario.net\\\/portal\\\/wp-content\\\/uploads\\\/2023\\\/07\\\/denisse-1PRINCIPAL.jpg\",\"articleSection\":[\"La Gu\u00eda\"],\"inLanguage\":\"es\"},{\"@type\":\"WebPage\",\"@id\":\"https:\\\/\\\/www.eldiario.net\\\/portal\\\/2023\\\/07\\\/28\\\/denisse-quiroga-soy-una-mujer-fuerte-luchadora-exigente-pero-a-la-vez-amorosa\\\/\",\"url\":\"https:\\\/\\\/www.eldiario.net\\\/portal\\\/2023\\\/07\\\/28\\\/denisse-quiroga-soy-una-mujer-fuerte-luchadora-exigente-pero-a-la-vez-amorosa\\\/\",\"name\":\"DENISSE QUIROGA \u201cSoy una mujer fuerte, luchadora, exigente, pero a la vez amorosa\u201d - El Diario - Bolivia\",\"isPartOf\":{\"@id\":\"https:\\\/\\\/www.eldiario.net\\\/portal\\\/#website\"},\"primaryImageOfPage\":{\"@id\":\"https:\\\/\\\/www.eldiario.net\\\/portal\\\/2023\\\/07\\\/28\\\/denisse-quiroga-soy-una-mujer-fuerte-luchadora-exigente-pero-a-la-vez-amorosa\\\/#primaryimage\"},\"image\":{\"@id\":\"https:\\\/\\\/www.eldiario.net\\\/portal\\\/2023\\\/07\\\/28\\\/denisse-quiroga-soy-una-mujer-fuerte-luchadora-exigente-pero-a-la-vez-amorosa\\\/#primaryimage\"},\"thumbnailUrl\":\"https:\\\/\\\/www.eldiario.net\\\/portal\\\/wp-content\\\/uploads\\\/2023\\\/07\\\/denisse-1PRINCIPAL.jpg\",\"datePublished\":\"2023-07-28T11:36:42+00:00\",\"breadcrumb\":{\"@id\":\"https:\\\/\\\/www.eldiario.net\\\/portal\\\/2023\\\/07\\\/28\\\/denisse-quiroga-soy-una-mujer-fuerte-luchadora-exigente-pero-a-la-vez-amorosa\\\/#breadcrumb\"},\"inLanguage\":\"es\",\"potentialAction\":[{\"@type\":\"ReadAction\",\"target\":[\"https:\\\/\\\/www.eldiario.net\\\/portal\\\/2023\\\/07\\\/28\\\/denisse-quiroga-soy-una-mujer-fuerte-luchadora-exigente-pero-a-la-vez-amorosa\\\/\"]}]},{\"@type\":\"ImageObject\",\"inLanguage\":\"es\",\"@id\":\"https:\\\/\\\/www.eldiario.net\\\/portal\\\/2023\\\/07\\\/28\\\/denisse-quiroga-soy-una-mujer-fuerte-luchadora-exigente-pero-a-la-vez-amorosa\\\/#primaryimage\",\"url\":\"https:\\\/\\\/www.eldiario.net\\\/portal\\\/wp-content\\\/uploads\\\/2023\\\/07\\\/denisse-1PRINCIPAL.jpg\",\"contentUrl\":\"https:\\\/\\\/www.eldiario.net\\\/portal\\\/wp-content\\\/uploads\\\/2023\\\/07\\\/denisse-1PRINCIPAL.jpg\",\"width\":2400,\"height\":1688},{\"@type\":\"BreadcrumbList\",\"@id\":\"https:\\\/\\\/www.eldiario.net\\\/portal\\\/2023\\\/07\\\/28\\\/denisse-quiroga-soy-una-mujer-fuerte-luchadora-exigente-pero-a-la-vez-amorosa\\\/#breadcrumb\",\"itemListElement\":[{\"@type\":\"ListItem\",\"position\":1,\"name\":\"Portada\",\"item\":\"https:\\\/\\\/www.eldiario.net\\\/portal\\\/\"},{\"@type\":\"ListItem\",\"position\":2,\"name\":\"DENISSE QUIROGA \u201cSoy una mujer fuerte, luchadora, exigente, pero a la vez amorosa\u201d\"}]},{\"@type\":\"WebSite\",\"@id\":\"https:\\\/\\\/www.eldiario.net\\\/portal\\\/#website\",\"url\":\"https:\\\/\\\/www.eldiario.net\\\/portal\\\/\",\"name\":\"El Diario - Decano de la prensa nacional\",\"description\":\"El Diario - Decano de la prensa nacional\",\"publisher\":{\"@id\":\"https:\\\/\\\/www.eldiario.net\\\/portal\\\/#organization\"},\"potentialAction\":[{\"@type\":\"SearchAction\",\"target\":{\"@type\":\"EntryPoint\",\"urlTemplate\":\"https:\\\/\\\/www.eldiario.net\\\/portal\\\/?s={search_term_string}\"},\"query-input\":{\"@type\":\"PropertyValueSpecification\",\"valueRequired\":true,\"valueName\":\"search_term_string\"}}],\"inLanguage\":\"es\"},{\"@type\":\"Organization\",\"@id\":\"https:\\\/\\\/www.eldiario.net\\\/portal\\\/#organization\",\"name\":\"El Diario - Decano de la prensa nacional\",\"url\":\"https:\\\/\\\/www.eldiario.net\\\/portal\\\/\",\"logo\":{\"@type\":\"ImageObject\",\"inLanguage\":\"es\",\"@id\":\"https:\\\/\\\/www.eldiario.net\\\/portal\\\/#\\\/schema\\\/logo\\\/image\\\/\",\"url\":\"https:\\\/\\\/www.eldiario.net\\\/portal\\\/wp-content\\\/uploads\\\/2023\\\/07\\\/logo_ED.jpg\",\"contentUrl\":\"https:\\\/\\\/www.eldiario.net\\\/portal\\\/wp-content\\\/uploads\\\/2023\\\/07\\\/logo_ED.jpg\",\"width\":272,\"height\":52,\"caption\":\"El Diario - Decano de la prensa nacional\"},\"image\":{\"@id\":\"https:\\\/\\\/www.eldiario.net\\\/portal\\\/#\\\/schema\\\/logo\\\/image\\\/\"},\"sameAs\":[\"https:\\\/\\\/www.facebook.com\\\/eldiario.bolivia\\\/\",\"https:\\\/\\\/x.com\\\/eldiario_net\"]},{\"@type\":\"Person\",\"@id\":\"https:\\\/\\\/www.eldiario.net\\\/portal\\\/#\\\/schema\\\/person\\\/2c57cf2b7a7ae032e449e4c9b1019eac\",\"name\":\"Jeanette\",\"image\":{\"@type\":\"ImageObject\",\"inLanguage\":\"es\",\"@id\":\"https:\\\/\\\/secure.gravatar.com\\\/avatar\\\/3ea2118a5f7dad2b7138b1187a6b7ee55f160b9968b66013c3a3ef39dd7e5798?s=96&d=mm&r=g\",\"url\":\"https:\\\/\\\/secure.gravatar.com\\\/avatar\\\/3ea2118a5f7dad2b7138b1187a6b7ee55f160b9968b66013c3a3ef39dd7e5798?s=96&d=mm&r=g\",\"contentUrl\":\"https:\\\/\\\/secure.gravatar.com\\\/avatar\\\/3ea2118a5f7dad2b7138b1187a6b7ee55f160b9968b66013c3a3ef39dd7e5798?s=96&d=mm&r=g\",\"caption\":\"Jeanette\"},\"sameAs\":[\"https:\\\/\\\/www.eldiario.net\\\/portal\"],\"url\":\"https:\\\/\\\/www.eldiario.net\\\/portal\\\/author\\\/jeanette\\\/\"}]}<\/script>\n<!-- \/ Yoast SEO plugin. -->","yoast_head_json":{"title":"DENISSE QUIROGA \u201cSoy una mujer fuerte, luchadora, exigente, pero a la vez amorosa\u201d - El Diario - Bolivia","robots":{"index":"index","follow":"follow","max-snippet":"max-snippet:-1","max-image-preview":"max-image-preview:large","max-video-preview":"max-video-preview:-1"},"canonical":"https:\/\/www.eldiario.net\/portal\/2023\/07\/28\/denisse-quiroga-soy-una-mujer-fuerte-luchadora-exigente-pero-a-la-vez-amorosa\/","og_locale":"es_ES","og_type":"article","og_title":"DENISSE QUIROGA \u201cSoy una mujer fuerte, luchadora, exigente, pero a la vez amorosa\u201d - El Diario - Bolivia","og_description":"Nombre: Denisse Quiroga Fern\u00e1ndez. Fecha y lugar de nacimiento: 31 de diciembre de 1982 en La Paz. Estudios: Comunicaci\u00f3n social, licenciatura, y diplomados, pero en otras \u00e1reas, como en gerencia empresarial. Estado civil: Casada. \u00bfA qu\u00e9 te dedicas hoy?: Trabajo en Bolivisi\u00f3n, (como) presentadora de noticias. &nbsp; LG: \u00bfQu\u00e9 es lo que el p\u00fablico no [&hellip;]","og_url":"https:\/\/www.eldiario.net\/portal\/2023\/07\/28\/denisse-quiroga-soy-una-mujer-fuerte-luchadora-exigente-pero-a-la-vez-amorosa\/","og_site_name":"El Diario - Bolivia","article_publisher":"https:\/\/www.facebook.com\/eldiario.bolivia\/","article_published_time":"2023-07-28T11:36:42+00:00","og_image":[{"width":2400,"height":1688,"url":"https:\/\/www.eldiario.net\/portal\/wp-content\/uploads\/2023\/07\/denisse-1PRINCIPAL.jpg","type":"image\/jpeg"}],"author":"Jeanette","twitter_card":"summary_large_image","twitter_creator":"@eldiario_net","twitter_site":"@eldiario_net","twitter_misc":{"Escrito por":"Jeanette","Tiempo de lectura":"6 minutos"},"schema":{"@context":"https:\/\/schema.org","@graph":[{"@type":"Article","@id":"https:\/\/www.eldiario.net\/portal\/2023\/07\/28\/denisse-quiroga-soy-una-mujer-fuerte-luchadora-exigente-pero-a-la-vez-amorosa\/#article","isPartOf":{"@id":"https:\/\/www.eldiario.net\/portal\/2023\/07\/28\/denisse-quiroga-soy-una-mujer-fuerte-luchadora-exigente-pero-a-la-vez-amorosa\/"},"author":{"name":"Jeanette","@id":"https:\/\/www.eldiario.net\/portal\/#\/schema\/person\/2c57cf2b7a7ae032e449e4c9b1019eac"},"headline":"DENISSE QUIROGA \u201cSoy una mujer fuerte, luchadora, exigente, pero a la vez amorosa\u201d","datePublished":"2023-07-28T11:36:42+00:00","mainEntityOfPage":{"@id":"https:\/\/www.eldiario.net\/portal\/2023\/07\/28\/denisse-quiroga-soy-una-mujer-fuerte-luchadora-exigente-pero-a-la-vez-amorosa\/"},"wordCount":1289,"publisher":{"@id":"https:\/\/www.eldiario.net\/portal\/#organization"},"image":{"@id":"https:\/\/www.eldiario.net\/portal\/2023\/07\/28\/denisse-quiroga-soy-una-mujer-fuerte-luchadora-exigente-pero-a-la-vez-amorosa\/#primaryimage"},"thumbnailUrl":"https:\/\/www.eldiario.net\/portal\/wp-content\/uploads\/2023\/07\/denisse-1PRINCIPAL.jpg","articleSection":["La Gu\u00eda"],"inLanguage":"es"},{"@type":"WebPage","@id":"https:\/\/www.eldiario.net\/portal\/2023\/07\/28\/denisse-quiroga-soy-una-mujer-fuerte-luchadora-exigente-pero-a-la-vez-amorosa\/","url":"https:\/\/www.eldiario.net\/portal\/2023\/07\/28\/denisse-quiroga-soy-una-mujer-fuerte-luchadora-exigente-pero-a-la-vez-amorosa\/","name":"DENISSE QUIROGA \u201cSoy una mujer fuerte, luchadora, exigente, pero a la vez amorosa\u201d - El Diario - Bolivia","isPartOf":{"@id":"https:\/\/www.eldiario.net\/portal\/#website"},"primaryImageOfPage":{"@id":"https:\/\/www.eldiario.net\/portal\/2023\/07\/28\/denisse-quiroga-soy-una-mujer-fuerte-luchadora-exigente-pero-a-la-vez-amorosa\/#primaryimage"},"image":{"@id":"https:\/\/www.eldiario.net\/portal\/2023\/07\/28\/denisse-quiroga-soy-una-mujer-fuerte-luchadora-exigente-pero-a-la-vez-amorosa\/#primaryimage"},"thumbnailUrl":"https:\/\/www.eldiario.net\/portal\/wp-content\/uploads\/2023\/07\/denisse-1PRINCIPAL.jpg","datePublished":"2023-07-28T11:36:42+00:00","breadcrumb":{"@id":"https:\/\/www.eldiario.net\/portal\/2023\/07\/28\/denisse-quiroga-soy-una-mujer-fuerte-luchadora-exigente-pero-a-la-vez-amorosa\/#breadcrumb"},"inLanguage":"es","potentialAction":[{"@type":"ReadAction","target":["https:\/\/www.eldiario.net\/portal\/2023\/07\/28\/denisse-quiroga-soy-una-mujer-fuerte-luchadora-exigente-pero-a-la-vez-amorosa\/"]}]},{"@type":"ImageObject","inLanguage":"es","@id":"https:\/\/www.eldiario.net\/portal\/2023\/07\/28\/denisse-quiroga-soy-una-mujer-fuerte-luchadora-exigente-pero-a-la-vez-amorosa\/#primaryimage","url":"https:\/\/www.eldiario.net\/portal\/wp-content\/uploads\/2023\/07\/denisse-1PRINCIPAL.jpg","contentUrl":"https:\/\/www.eldiario.net\/portal\/wp-content\/uploads\/2023\/07\/denisse-1PRINCIPAL.jpg","width":2400,"height":1688},{"@type":"BreadcrumbList","@id":"https:\/\/www.eldiario.net\/portal\/2023\/07\/28\/denisse-quiroga-soy-una-mujer-fuerte-luchadora-exigente-pero-a-la-vez-amorosa\/#breadcrumb","itemListElement":[{"@type":"ListItem","position":1,"name":"Portada","item":"https:\/\/www.eldiario.net\/portal\/"},{"@type":"ListItem","position":2,"name":"DENISSE QUIROGA \u201cSoy una mujer fuerte, luchadora, exigente, pero a la vez amorosa\u201d"}]},{"@type":"WebSite","@id":"https:\/\/www.eldiario.net\/portal\/#website","url":"https:\/\/www.eldiario.net\/portal\/","name":"El Diario - Decano de la prensa nacional","description":"El Diario - Decano de la prensa nacional","publisher":{"@id":"https:\/\/www.eldiario.net\/portal\/#organization"},"potentialAction":[{"@type":"SearchAction","target":{"@type":"EntryPoint","urlTemplate":"https:\/\/www.eldiario.net\/portal\/?s={search_term_string}"},"query-input":{"@type":"PropertyValueSpecification","valueRequired":true,"valueName":"search_term_string"}}],"inLanguage":"es"},{"@type":"Organization","@id":"https:\/\/www.eldiario.net\/portal\/#organization","name":"El Diario - Decano de la prensa nacional","url":"https:\/\/www.eldiario.net\/portal\/","logo":{"@type":"ImageObject","inLanguage":"es","@id":"https:\/\/www.eldiario.net\/portal\/#\/schema\/logo\/image\/","url":"https:\/\/www.eldiario.net\/portal\/wp-content\/uploads\/2023\/07\/logo_ED.jpg","contentUrl":"https:\/\/www.eldiario.net\/portal\/wp-content\/uploads\/2023\/07\/logo_ED.jpg","width":272,"height":52,"caption":"El Diario - Decano de la prensa nacional"},"image":{"@id":"https:\/\/www.eldiario.net\/portal\/#\/schema\/logo\/image\/"},"sameAs":["https:\/\/www.facebook.com\/eldiario.bolivia\/","https:\/\/x.com\/eldiario_net"]},{"@type":"Person","@id":"https:\/\/www.eldiario.net\/portal\/#\/schema\/person\/2c57cf2b7a7ae032e449e4c9b1019eac","name":"Jeanette","image":{"@type":"ImageObject","inLanguage":"es","@id":"https:\/\/secure.gravatar.com\/avatar\/3ea2118a5f7dad2b7138b1187a6b7ee55f160b9968b66013c3a3ef39dd7e5798?s=96&d=mm&r=g","url":"https:\/\/secure.gravatar.com\/avatar\/3ea2118a5f7dad2b7138b1187a6b7ee55f160b9968b66013c3a3ef39dd7e5798?s=96&d=mm&r=g","contentUrl":"https:\/\/secure.gravatar.com\/avatar\/3ea2118a5f7dad2b7138b1187a6b7ee55f160b9968b66013c3a3ef39dd7e5798?s=96&d=mm&r=g","caption":"Jeanette"},"sameAs":["https:\/\/www.eldiario.net\/portal"],"url":"https:\/\/www.eldiario.net\/portal\/author\/jeanette\/"}]}},"_links":{"self":[{"href":"https:\/\/www.eldiario.net\/portal\/wp-json\/wp\/v2\/posts\/168075","targetHints":{"allow":["GET"]}}],"collection":[{"href":"https:\/\/www.eldiario.net\/portal\/wp-json\/wp\/v2\/posts"}],"about":[{"href":"https:\/\/www.eldiario.net\/portal\/wp-json\/wp\/v2\/types\/post"}],"author":[{"embeddable":true,"href":"https:\/\/www.eldiario.net\/portal\/wp-json\/wp\/v2\/users\/1"}],"replies":[{"embeddable":true,"href":"https:\/\/www.eldiario.net\/portal\/wp-json\/wp\/v2\/comments?post=168075"}],"version-history":[{"count":0,"href":"https:\/\/www.eldiario.net\/portal\/wp-json\/wp\/v2\/posts\/168075\/revisions"}],"wp:featuredmedia":[{"embeddable":true,"href":"https:\/\/www.eldiario.net\/portal\/wp-json\/wp\/v2\/media\/168076"}],"wp:attachment":[{"href":"https:\/\/www.eldiario.net\/portal\/wp-json\/wp\/v2\/media?parent=168075"}],"wp:term":[{"taxonomy":"category","embeddable":true,"href":"https:\/\/www.eldiario.net\/portal\/wp-json\/wp\/v2\/categories?post=168075"},{"taxonomy":"post_tag","embeddable":true,"href":"https:\/\/www.eldiario.net\/portal\/wp-json\/wp\/v2\/tags?post=168075"}],"curies":[{"name":"wp","href":"https:\/\/api.w.org\/{rel}","templated":true}]}}