{"id":168062,"date":"2023-07-28T07:25:24","date_gmt":"2023-07-28T11:25:24","guid":{"rendered":"https:\/\/www.eldiario.net\/portal\/?p=168062"},"modified":"2023-07-28T07:25:24","modified_gmt":"2023-07-28T11:25:24","slug":"todo-sobre-la-teoria-de-charles-darwin","status":"publish","type":"post","link":"https:\/\/www.eldiario.net\/portal\/2023\/07\/28\/todo-sobre-la-teoria-de-charles-darwin\/","title":{"rendered":"Todo sobre la teor\u00eda de Charles Darwin"},"content":{"rendered":"<p><strong>Por: Equipo editor<\/strong><\/p>\n<p>&nbsp;<\/p>\n<p>Para principios del siglo XX muchos naturalistas y estudiosos de la naturaleza humana ya no admit\u00edan las ideas creacionistas y todos buscaban apuntar hacia una teor\u00eda de la evoluci\u00f3n, que durante todo el siglo pasado no hab\u00eda podido consolidarse como una teor\u00eda irrefutable. Fue Charles Darwin qui\u00e9n present\u00f3 una base s\u00f3lida para sostener y argumentar esta creciente teor\u00eda.<\/p>\n<p>&nbsp;<\/p>\n<p>Con su libro \u201cel origen de las especies\u201d agotado el mismo d\u00eda de la publicaci\u00f3n el 4 de noviembre de 1859, se definen los pilares te\u00f3ricos que fundamentan la evoluci\u00f3n no solo del hombre sino que de cualquier otra especie permitiendo estudiar la condici\u00f3n humana, desde su pasado m\u00e1s lejano, hasta un futuro remoto.<\/p>\n<p>&nbsp;<\/p>\n<ol>\n<li><strong> Charles Darwin<\/strong><\/li>\n<\/ol>\n<p>&nbsp;<\/p>\n<p>Naci\u00f3 en Shrewsbury-Inglaterra el 12 de febrero de 1809, en una familia muy acomodada de intelectuales, su abuelo Erasmus Darwin precursor temprano del evolucionismo se hab\u00eda destacado por sus contribuciones en este campo y que posiblemente hab\u00eda influido en Darwin para que inicie estudios en medicina. Este estudioso postul\u00f3 que todas las especies de seres vivos han evolucionado con el tiempo a partir de un antepasado com\u00fan mediante un proceso denominado selecci\u00f3n natural. La evoluci\u00f3n fue aceptada como un hecho por la comunidad cient\u00edfica y por buena parte del p\u00fablico. Actualmente su obra constituye la base de la s\u00edntesis evolutiva moderna. Falleci\u00f3 en Kent, Inglaterra el 19 de abril de 1882.<\/p>\n<p>&nbsp;<\/p>\n<p><strong>1.1 Pasiones e inter\u00e9s<\/strong><\/p>\n<p>&nbsp;<\/p>\n<p>Por mucho tiempo dedico inter\u00e9s; con su hermano; por la qu\u00edmica, pero la ocupaci\u00f3n que Darwin amaba era la de coleccionar escarabajos, los cuales ordenaba y clasificaba, dise\u00f1ando sofisticados sistemas de catalogaci\u00f3n para sus colecciones.<\/p>\n<p>&nbsp;<\/p>\n<p><strong>1.2 Viaje en el Beagle<\/strong><\/p>\n<p>&nbsp;<\/p>\n<p>En 1931, Henslow, recomend\u00f3 a Darwin para que emprendiera un viaje alrededor del mundo en el barco Beagle. El viaje que se trataba de una expedici\u00f3n cartogr\u00e1fica dur\u00f3 5 a\u00f1os en los que Darwin aprovech\u00f3 para registrar numerosas observaciones.<\/p>\n<p>&nbsp;<\/p>\n<p>Parti\u00f3 de Inglaterra en Diciembre de 1831 y luego de pasar por Cabo Verde, lleg\u00f3 a Bah\u00eda &#8211; Brasil, a fines de febrero de 1832. Sus tripulantes pasaron, aproximadamente, tres a\u00f1os y medio recorriendo las costas de Am\u00e9rica del Sur y haciendo exploraciones tierra adentro. En las Islas Gal\u00e1pagos, el Beagle se detuvo poco m\u00e1s de un mes y durante ese corto lapso, Darwin hizo las valiosas observaciones que cambiar\u00edan el curso de la ciencia biol\u00f3gica.<\/p>\n<p>&nbsp;<\/p>\n<ol start=\"2\">\n<li><strong> La Teor\u00eda de Darwin<\/strong><\/li>\n<\/ol>\n<p>&nbsp;<\/p>\n<p>Las variadas carreras que estudi\u00f3 en su juventud, le dieron la orientaci\u00f3n de lo que deb\u00eda observar en su viaje, y a su conclusi\u00f3n inici\u00f3 la redacci\u00f3n de sus manuscritos, donde sobresale \u201cEl Origen de las Especies\u201d, libro centrado en cinco ideas principales que se public\u00f3 en 1859.<\/p>\n<p>&nbsp;<\/p>\n<p><strong>2.1 La Evoluci\u00f3n<\/strong><\/p>\n<p>&nbsp;<\/p>\n<p>El hecho de la evoluci\u00f3n en s\u00ed, implica la generaci\u00f3n de preguntas como: \u00bfpor qu\u00e9 las especies cambian a trav\u00e9s del tiempo?, \u00bfqu\u00e9 genera estos cambios? o \u00bfcu\u00e1nto tardan en manifestarse? Estas respuestas las pudo desarrollar a trav\u00e9s de su experiencia, como coleccionista y naturalista, pues por las clasificaciones que hab\u00eda hecho en escarabajos pudo demostrar la existencia de cambios.<\/p>\n<p>&nbsp;<\/p>\n<p>Sin embargo, el desarrollo de estos cambios es lento y atraviesa distintos procesos, que dosifican los cambios graduales de las nuevas especies.<\/p>\n<p>&nbsp;<\/p>\n<p><strong>2.2 Antepasado Com\u00fan<\/strong><\/p>\n<p>&nbsp;<\/p>\n<p>Bajo este principio todas las especies descienden de una o unas pocas especies ancestrales, compartiendo el mismo origen.<\/p>\n<p>&nbsp;<\/p>\n<p>Surgen otros argumentos como la teor\u00eda del caldo primordial, bajo el cual las primeras formas de vida se habr\u00edan producido en un ambiente hostil dentro del agua, donde coexist\u00edan qu\u00edmicos t\u00f3xicos que se fundieron y unieron por los rayos y radiaci\u00f3n solar creando las primeras formas de amino\u00e1cidos, que evolucionaron en bacterias, para en millones de a\u00f1os dar lugar a formas de vida m\u00e1s complejas. Las clasificaciones de Darwin buscaban agrupar familias y trazar con ello l\u00edneas de evoluci\u00f3n a partir de un ancestro com\u00fan en las especies.<\/p>\n<p>&nbsp;<\/p>\n<p><strong>2.3 Car\u00e1cter gradual evolutivo<\/strong><\/p>\n<p>&nbsp;<\/p>\n<p>Su teor\u00eda cimienta el car\u00e1cter gradual del cambio evolutivo, planteando que los cambios no se producen por saltos evolutivos o por ser abruptos, sino que atraviesan un proceso lento de adaptaci\u00f3n y transformaci\u00f3n.<\/p>\n<p>&nbsp;<\/p>\n<p>Por la lentitud en que estos cambios se desarrollan, muchas veces no son percibidos, porque hasta hace poco tiempo el hombre no realizaba estudios longitudinales, prolongados a miles o millones de a\u00f1os, como las ciencias de la Geolog\u00eda y la Astronom\u00eda, que desarrollaron mecanismos para definir la edad de la tierra, que hasta hace poco se pensaba que ten\u00eda 4 530 millones de a\u00f1os, pero astr\u00f3nomos alemanes, suizos y brit\u00e1nicos descubrieron en 2011 que, en realidad, tiene entre 4 400 millones y 4 510 millones de a\u00f1os. Es decir, es entre 20 y 90 millones de a\u00f1os m\u00e1s joven de lo que se cre\u00eda, y por ende con una edad a\u00fan debatida.<\/p>\n<p>&nbsp;<\/p>\n<p><strong>2.4 La especiaci\u00f3n poblacional<\/strong><\/p>\n<p>&nbsp;<\/p>\n<p>Esta idea plantea que las nuevas especies surgen por la diferencia heredada en sus generaciones pasadas, conocida como \u201cdivergencia entre subpoblaciones\u201d, que al final terminan por ser derivadas de una \u00fanica poblaci\u00f3n original, separadas por alguna barrera reproductiva.<\/p>\n<p>&nbsp;<\/p>\n<p>En esta din\u00e1mica de herencia surge el crecimiento poblacional, cuando empiezan a nacer m\u00e1s cr\u00edas de las que en realidad se espera que vivan, desarrollando diferencias que mantendr\u00e1n la continuidad gen\u00e9tica de una modificaci\u00f3n, al punto de la germinaci\u00f3n de nuevas especies.<\/p>\n<p>&nbsp;<\/p>\n<p>En este aspecto de la evoluci\u00f3n muchas especies se reproducen por la preferencia alimenticia y perfiles de sobrevivencia, interpretados como el m\u00e1s apto.<\/p>\n<p>&nbsp;<\/p>\n<p><strong>2.5 Selecci\u00f3n natural<\/strong><\/p>\n<p>&nbsp;<\/p>\n<p>El mecanismo de selecci\u00f3n natural es el principal mecanismo de cambio evolutivo, bajo este principio solo los mejor adaptados a los cambios ambientales, pueden continuar con la vida.<\/p>\n<p>&nbsp;<\/p>\n<p>En esta idea mueren muchos seres vivos, considerados prototipos condenados a la muerte por no poder satisfacer sus necesidades. En este punto Darwin ejemplifica una serie de animales como la jirafa, el elefante o los equinos, debatiendo ampliamente la visi\u00f3n o perspectiva de la evoluci\u00f3n que tiene Lamarck.<\/p>\n<p>&nbsp;<\/p>\n<ol start=\"3\">\n<li><strong> Concepci\u00f3n cient\u00edfica<\/strong><\/li>\n<\/ol>\n<p>&nbsp;<\/p>\n<p>Darwin resume el argumento central de la teor\u00eda de la evoluci\u00f3n por medio de la selecci\u00f3n natural explicando que: \u201cComo de cada especie nacen muchos m\u00e1s individuos de los que pueden sobrevivir, en consecuencia, hay una continua lucha por la vida, que se repite frecuentemente, todo ser, por d\u00e9bil que sea de alg\u00fan modo provechoso para \u00e9l bajo las complejas y a veces variables condiciones de la vida, tendr\u00e1 mayor probabilidad de sobrevivir y de ser as\u00ed naturalmente seleccionado\u201d.<\/p>\n<p>&nbsp;<\/p>\n<p>Seg\u00fan el poderoso principio de la herencia, toda variedad seleccionada tender\u00e1 a propagar su nueva y modificada forma. Esta conservaci\u00f3n de las diferencias y variaciones favorables de los individuos y la destrucci\u00f3n de las que son perjudiciales es lo que se conoce como selecci\u00f3n natural.<\/p>\n<p>&nbsp;<\/p>\n<p>Si este proceso se cumple con intensidad y durante bastante tiempo, acarrea cambios perceptibles en una poblaci\u00f3n y culmina con la aparici\u00f3n de una nueva especie.<\/p>\n<div id='gallery-1' class='gallery galleryid-168062 gallery-columns-3 gallery-size-medium'><figure class='gallery-item'>\n\t\t\t<div class='gallery-icon landscape'>\n\t\t\t\t<a href='https:\/\/www.eldiario.net\/portal\/2023\/07\/28\/todo-sobre-la-teoria-de-charles-darwin\/socio-diversas-especies\/'><img loading=\"lazy\" decoding=\"async\" width=\"300\" height=\"220\" src=\"https:\/\/www.eldiario.net\/portal\/wp-content\/uploads\/2023\/07\/Socio-Diversas-especies-300x220.jpg\" class=\"attachment-medium size-medium\" alt=\"\" srcset=\"https:\/\/www.eldiario.net\/portal\/wp-content\/uploads\/2023\/07\/Socio-Diversas-especies-300x220.jpg 300w, https:\/\/www.eldiario.net\/portal\/wp-content\/uploads\/2023\/07\/Socio-Diversas-especies-1024x750.jpg 1024w, https:\/\/www.eldiario.net\/portal\/wp-content\/uploads\/2023\/07\/Socio-Diversas-especies-768x562.jpg 768w, https:\/\/www.eldiario.net\/portal\/wp-content\/uploads\/2023\/07\/Socio-Diversas-especies-696x510.jpg 696w, https:\/\/www.eldiario.net\/portal\/wp-content\/uploads\/2023\/07\/Socio-Diversas-especies-1068x782.jpg 1068w, https:\/\/www.eldiario.net\/portal\/wp-content\/uploads\/2023\/07\/Socio-Diversas-especies.jpg 1091w\" sizes=\"auto, (max-width: 300px) 100vw, 300px\" \/><\/a>\n\t\t\t<\/div><\/figure><figure class='gallery-item'>\n\t\t\t<div class='gallery-icon landscape'>\n\t\t\t\t<a href='https:\/\/www.eldiario.net\/portal\/2023\/07\/28\/todo-sobre-la-teoria-de-charles-darwin\/socio-teoria-de-darwin\/'><img loading=\"lazy\" decoding=\"async\" width=\"300\" height=\"225\" src=\"https:\/\/www.eldiario.net\/portal\/wp-content\/uploads\/2023\/07\/Socio-Teoria-de-Darwin-300x225.jpg\" class=\"attachment-medium size-medium\" alt=\"\" srcset=\"https:\/\/www.eldiario.net\/portal\/wp-content\/uploads\/2023\/07\/Socio-Teoria-de-Darwin-300x225.jpg 300w, https:\/\/www.eldiario.net\/portal\/wp-content\/uploads\/2023\/07\/Socio-Teoria-de-Darwin-696x522.jpg 696w, https:\/\/www.eldiario.net\/portal\/wp-content\/uploads\/2023\/07\/Socio-Teoria-de-Darwin.jpg 728w\" sizes=\"auto, (max-width: 300px) 100vw, 300px\" \/><\/a>\n\t\t\t<\/div><\/figure><figure class='gallery-item'>\n\t\t\t<div class='gallery-icon landscape'>\n\t\t\t\t<a href='https:\/\/www.eldiario.net\/portal\/2023\/07\/28\/todo-sobre-la-teoria-de-charles-darwin\/socio-teoria-de-la-evolucion-todos-los-seres-vivos\/'><img loading=\"lazy\" decoding=\"async\" width=\"300\" height=\"300\" src=\"https:\/\/www.eldiario.net\/portal\/wp-content\/uploads\/2023\/07\/Socio-Teoria-de-la-Evolucion-todos-los-seres-vivos-300x300.jpg\" class=\"attachment-medium size-medium\" alt=\"\" srcset=\"https:\/\/www.eldiario.net\/portal\/wp-content\/uploads\/2023\/07\/Socio-Teoria-de-la-Evolucion-todos-los-seres-vivos-300x300.jpg 300w, https:\/\/www.eldiario.net\/portal\/wp-content\/uploads\/2023\/07\/Socio-Teoria-de-la-Evolucion-todos-los-seres-vivos-1024x1024.jpg 1024w, https:\/\/www.eldiario.net\/portal\/wp-content\/uploads\/2023\/07\/Socio-Teoria-de-la-Evolucion-todos-los-seres-vivos-150x150.jpg 150w, https:\/\/www.eldiario.net\/portal\/wp-content\/uploads\/2023\/07\/Socio-Teoria-de-la-Evolucion-todos-los-seres-vivos-768x768.jpg 768w, https:\/\/www.eldiario.net\/portal\/wp-content\/uploads\/2023\/07\/Socio-Teoria-de-la-Evolucion-todos-los-seres-vivos-696x696.jpg 696w, https:\/\/www.eldiario.net\/portal\/wp-content\/uploads\/2023\/07\/Socio-Teoria-de-la-Evolucion-todos-los-seres-vivos-1068x1068.jpg 1068w, https:\/\/www.eldiario.net\/portal\/wp-content\/uploads\/2023\/07\/Socio-Teoria-de-la-Evolucion-todos-los-seres-vivos.jpg 1400w\" sizes=\"auto, (max-width: 300px) 100vw, 300px\" \/><\/a>\n\t\t\t<\/div><\/figure>\n\t\t<\/div>\n\n","protected":false},"excerpt":{"rendered":"<p>Por: Equipo editor &nbsp; Para principios del siglo XX muchos naturalistas y estudiosos de la naturaleza humana ya no admit\u00edan las ideas creacionistas y todos buscaban apuntar hacia una teor\u00eda de la evoluci\u00f3n, que durante todo el siglo pasado no hab\u00eda podido consolidarse como una teor\u00eda irrefutable. Fue Charles Darwin qui\u00e9n present\u00f3 una base s\u00f3lida [&hellip;]<\/p>\n","protected":false},"author":1,"featured_media":168065,"comment_status":"closed","ping_status":"open","sticky":false,"template":"","format":"standard","meta":{"_acf_changed":false,"footnotes":""},"categories":[43],"tags":[],"class_list":["post-168062","post","type-post","status-publish","format-standard","has-post-thumbnail","category-nuevos-horizontes"],"acf":{"antetitulo":""},"yoast_head":"<!-- This site is optimized with the Yoast SEO plugin v28.4 - https:\/\/yoast.com\/product\/yoast-seo-wordpress\/ -->\n<title>Todo sobre la teor\u00eda de Charles Darwin - El Diario - Bolivia<\/title>\n<meta name=\"robots\" content=\"index, follow, max-snippet:-1, max-image-preview:large, max-video-preview:-1\" \/>\n<link rel=\"canonical\" href=\"https:\/\/www.eldiario.net\/portal\/2023\/07\/28\/todo-sobre-la-teoria-de-charles-darwin\/\" \/>\n<meta property=\"og:locale\" content=\"es_ES\" \/>\n<meta property=\"og:type\" content=\"article\" \/>\n<meta property=\"og:title\" content=\"Todo sobre la teor\u00eda de Charles Darwin - El Diario - Bolivia\" \/>\n<meta property=\"og:description\" content=\"Por: Equipo editor &nbsp; Para principios del siglo XX muchos naturalistas y estudiosos de la naturaleza humana ya no admit\u00edan las ideas creacionistas y todos buscaban apuntar hacia una teor\u00eda de la evoluci\u00f3n, que durante todo el siglo pasado no hab\u00eda podido consolidarse como una teor\u00eda irrefutable. Fue Charles Darwin qui\u00e9n present\u00f3 una base s\u00f3lida [&hellip;]\" \/>\n<meta property=\"og:url\" content=\"https:\/\/www.eldiario.net\/portal\/2023\/07\/28\/todo-sobre-la-teoria-de-charles-darwin\/\" \/>\n<meta property=\"og:site_name\" content=\"El Diario - Bolivia\" \/>\n<meta property=\"article:publisher\" content=\"https:\/\/www.facebook.com\/eldiario.bolivia\/\" \/>\n<meta property=\"article:published_time\" content=\"2023-07-28T11:25:24+00:00\" \/>\n<meta property=\"og:image\" content=\"https:\/\/www.eldiario.net\/portal\/wp-content\/uploads\/2023\/07\/Socio-Teoria-de-la-Evolucion-todos-los-seres-vivos.jpg\" \/>\n\t<meta property=\"og:image:width\" content=\"1400\" \/>\n\t<meta property=\"og:image:height\" content=\"1400\" \/>\n\t<meta property=\"og:image:type\" content=\"image\/jpeg\" \/>\n<meta name=\"author\" content=\"Jeanette\" \/>\n<meta name=\"twitter:card\" content=\"summary_large_image\" \/>\n<meta name=\"twitter:creator\" content=\"@eldiario_net\" \/>\n<meta name=\"twitter:site\" content=\"@eldiario_net\" \/>\n<meta name=\"twitter:label1\" content=\"Escrito por\" \/>\n\t<meta name=\"twitter:data1\" content=\"Jeanette\" \/>\n\t<meta name=\"twitter:label2\" content=\"Tiempo de lectura\" \/>\n\t<meta name=\"twitter:data2\" content=\"6 minutos\" \/>\n<script type=\"application\/ld+json\" class=\"yoast-schema-graph\">{\"@context\":\"https:\\\/\\\/schema.org\",\"@graph\":[{\"@type\":\"Article\",\"@id\":\"https:\\\/\\\/www.eldiario.net\\\/portal\\\/2023\\\/07\\\/28\\\/todo-sobre-la-teoria-de-charles-darwin\\\/#article\",\"isPartOf\":{\"@id\":\"https:\\\/\\\/www.eldiario.net\\\/portal\\\/2023\\\/07\\\/28\\\/todo-sobre-la-teoria-de-charles-darwin\\\/\"},\"author\":{\"name\":\"Jeanette\",\"@id\":\"https:\\\/\\\/www.eldiario.net\\\/portal\\\/#\\\/schema\\\/person\\\/2c57cf2b7a7ae032e449e4c9b1019eac\"},\"headline\":\"Todo sobre la teor\u00eda de Charles Darwin\",\"datePublished\":\"2023-07-28T11:25:24+00:00\",\"mainEntityOfPage\":{\"@id\":\"https:\\\/\\\/www.eldiario.net\\\/portal\\\/2023\\\/07\\\/28\\\/todo-sobre-la-teoria-de-charles-darwin\\\/\"},\"wordCount\":1245,\"publisher\":{\"@id\":\"https:\\\/\\\/www.eldiario.net\\\/portal\\\/#organization\"},\"image\":{\"@id\":\"https:\\\/\\\/www.eldiario.net\\\/portal\\\/2023\\\/07\\\/28\\\/todo-sobre-la-teoria-de-charles-darwin\\\/#primaryimage\"},\"thumbnailUrl\":\"https:\\\/\\\/www.eldiario.net\\\/portal\\\/wp-content\\\/uploads\\\/2023\\\/07\\\/Socio-Teoria-de-la-Evolucion-todos-los-seres-vivos.jpg\",\"articleSection\":[\"Nuevos Horizontes\"],\"inLanguage\":\"es\"},{\"@type\":\"WebPage\",\"@id\":\"https:\\\/\\\/www.eldiario.net\\\/portal\\\/2023\\\/07\\\/28\\\/todo-sobre-la-teoria-de-charles-darwin\\\/\",\"url\":\"https:\\\/\\\/www.eldiario.net\\\/portal\\\/2023\\\/07\\\/28\\\/todo-sobre-la-teoria-de-charles-darwin\\\/\",\"name\":\"Todo sobre la teor\u00eda de Charles Darwin - El Diario - Bolivia\",\"isPartOf\":{\"@id\":\"https:\\\/\\\/www.eldiario.net\\\/portal\\\/#website\"},\"primaryImageOfPage\":{\"@id\":\"https:\\\/\\\/www.eldiario.net\\\/portal\\\/2023\\\/07\\\/28\\\/todo-sobre-la-teoria-de-charles-darwin\\\/#primaryimage\"},\"image\":{\"@id\":\"https:\\\/\\\/www.eldiario.net\\\/portal\\\/2023\\\/07\\\/28\\\/todo-sobre-la-teoria-de-charles-darwin\\\/#primaryimage\"},\"thumbnailUrl\":\"https:\\\/\\\/www.eldiario.net\\\/portal\\\/wp-content\\\/uploads\\\/2023\\\/07\\\/Socio-Teoria-de-la-Evolucion-todos-los-seres-vivos.jpg\",\"datePublished\":\"2023-07-28T11:25:24+00:00\",\"breadcrumb\":{\"@id\":\"https:\\\/\\\/www.eldiario.net\\\/portal\\\/2023\\\/07\\\/28\\\/todo-sobre-la-teoria-de-charles-darwin\\\/#breadcrumb\"},\"inLanguage\":\"es\",\"potentialAction\":[{\"@type\":\"ReadAction\",\"target\":[\"https:\\\/\\\/www.eldiario.net\\\/portal\\\/2023\\\/07\\\/28\\\/todo-sobre-la-teoria-de-charles-darwin\\\/\"]}]},{\"@type\":\"ImageObject\",\"inLanguage\":\"es\",\"@id\":\"https:\\\/\\\/www.eldiario.net\\\/portal\\\/2023\\\/07\\\/28\\\/todo-sobre-la-teoria-de-charles-darwin\\\/#primaryimage\",\"url\":\"https:\\\/\\\/www.eldiario.net\\\/portal\\\/wp-content\\\/uploads\\\/2023\\\/07\\\/Socio-Teoria-de-la-Evolucion-todos-los-seres-vivos.jpg\",\"contentUrl\":\"https:\\\/\\\/www.eldiario.net\\\/portal\\\/wp-content\\\/uploads\\\/2023\\\/07\\\/Socio-Teoria-de-la-Evolucion-todos-los-seres-vivos.jpg\",\"width\":1400,\"height\":1400},{\"@type\":\"BreadcrumbList\",\"@id\":\"https:\\\/\\\/www.eldiario.net\\\/portal\\\/2023\\\/07\\\/28\\\/todo-sobre-la-teoria-de-charles-darwin\\\/#breadcrumb\",\"itemListElement\":[{\"@type\":\"ListItem\",\"position\":1,\"name\":\"Portada\",\"item\":\"https:\\\/\\\/www.eldiario.net\\\/portal\\\/\"},{\"@type\":\"ListItem\",\"position\":2,\"name\":\"Todo sobre la teor\u00eda de Charles Darwin\"}]},{\"@type\":\"WebSite\",\"@id\":\"https:\\\/\\\/www.eldiario.net\\\/portal\\\/#website\",\"url\":\"https:\\\/\\\/www.eldiario.net\\\/portal\\\/\",\"name\":\"El Diario - Decano de la prensa nacional\",\"description\":\"El Diario - Decano de la prensa nacional\",\"publisher\":{\"@id\":\"https:\\\/\\\/www.eldiario.net\\\/portal\\\/#organization\"},\"potentialAction\":[{\"@type\":\"SearchAction\",\"target\":{\"@type\":\"EntryPoint\",\"urlTemplate\":\"https:\\\/\\\/www.eldiario.net\\\/portal\\\/?s={search_term_string}\"},\"query-input\":{\"@type\":\"PropertyValueSpecification\",\"valueRequired\":true,\"valueName\":\"search_term_string\"}}],\"inLanguage\":\"es\"},{\"@type\":\"Organization\",\"@id\":\"https:\\\/\\\/www.eldiario.net\\\/portal\\\/#organization\",\"name\":\"El Diario - Decano de la prensa nacional\",\"url\":\"https:\\\/\\\/www.eldiario.net\\\/portal\\\/\",\"logo\":{\"@type\":\"ImageObject\",\"inLanguage\":\"es\",\"@id\":\"https:\\\/\\\/www.eldiario.net\\\/portal\\\/#\\\/schema\\\/logo\\\/image\\\/\",\"url\":\"https:\\\/\\\/www.eldiario.net\\\/portal\\\/wp-content\\\/uploads\\\/2023\\\/07\\\/logo_ED.jpg\",\"contentUrl\":\"https:\\\/\\\/www.eldiario.net\\\/portal\\\/wp-content\\\/uploads\\\/2023\\\/07\\\/logo_ED.jpg\",\"width\":272,\"height\":52,\"caption\":\"El Diario - Decano de la prensa nacional\"},\"image\":{\"@id\":\"https:\\\/\\\/www.eldiario.net\\\/portal\\\/#\\\/schema\\\/logo\\\/image\\\/\"},\"sameAs\":[\"https:\\\/\\\/www.facebook.com\\\/eldiario.bolivia\\\/\",\"https:\\\/\\\/x.com\\\/eldiario_net\"]},{\"@type\":\"Person\",\"@id\":\"https:\\\/\\\/www.eldiario.net\\\/portal\\\/#\\\/schema\\\/person\\\/2c57cf2b7a7ae032e449e4c9b1019eac\",\"name\":\"Jeanette\",\"image\":{\"@type\":\"ImageObject\",\"inLanguage\":\"es\",\"@id\":\"https:\\\/\\\/secure.gravatar.com\\\/avatar\\\/3ea2118a5f7dad2b7138b1187a6b7ee55f160b9968b66013c3a3ef39dd7e5798?s=96&d=mm&r=g\",\"url\":\"https:\\\/\\\/secure.gravatar.com\\\/avatar\\\/3ea2118a5f7dad2b7138b1187a6b7ee55f160b9968b66013c3a3ef39dd7e5798?s=96&d=mm&r=g\",\"contentUrl\":\"https:\\\/\\\/secure.gravatar.com\\\/avatar\\\/3ea2118a5f7dad2b7138b1187a6b7ee55f160b9968b66013c3a3ef39dd7e5798?s=96&d=mm&r=g\",\"caption\":\"Jeanette\"},\"sameAs\":[\"https:\\\/\\\/www.eldiario.net\\\/portal\"],\"url\":\"https:\\\/\\\/www.eldiario.net\\\/portal\\\/author\\\/jeanette\\\/\"}]}<\/script>\n<!-- \/ Yoast SEO plugin. -->","yoast_head_json":{"title":"Todo sobre la teor\u00eda de Charles Darwin - El Diario - Bolivia","robots":{"index":"index","follow":"follow","max-snippet":"max-snippet:-1","max-image-preview":"max-image-preview:large","max-video-preview":"max-video-preview:-1"},"canonical":"https:\/\/www.eldiario.net\/portal\/2023\/07\/28\/todo-sobre-la-teoria-de-charles-darwin\/","og_locale":"es_ES","og_type":"article","og_title":"Todo sobre la teor\u00eda de Charles Darwin - El Diario - Bolivia","og_description":"Por: Equipo editor &nbsp; Para principios del siglo XX muchos naturalistas y estudiosos de la naturaleza humana ya no admit\u00edan las ideas creacionistas y todos buscaban apuntar hacia una teor\u00eda de la evoluci\u00f3n, que durante todo el siglo pasado no hab\u00eda podido consolidarse como una teor\u00eda irrefutable. Fue Charles Darwin qui\u00e9n present\u00f3 una base s\u00f3lida [&hellip;]","og_url":"https:\/\/www.eldiario.net\/portal\/2023\/07\/28\/todo-sobre-la-teoria-de-charles-darwin\/","og_site_name":"El Diario - Bolivia","article_publisher":"https:\/\/www.facebook.com\/eldiario.bolivia\/","article_published_time":"2023-07-28T11:25:24+00:00","og_image":[{"width":1400,"height":1400,"url":"https:\/\/www.eldiario.net\/portal\/wp-content\/uploads\/2023\/07\/Socio-Teoria-de-la-Evolucion-todos-los-seres-vivos.jpg","type":"image\/jpeg"}],"author":"Jeanette","twitter_card":"summary_large_image","twitter_creator":"@eldiario_net","twitter_site":"@eldiario_net","twitter_misc":{"Escrito por":"Jeanette","Tiempo de lectura":"6 minutos"},"schema":{"@context":"https:\/\/schema.org","@graph":[{"@type":"Article","@id":"https:\/\/www.eldiario.net\/portal\/2023\/07\/28\/todo-sobre-la-teoria-de-charles-darwin\/#article","isPartOf":{"@id":"https:\/\/www.eldiario.net\/portal\/2023\/07\/28\/todo-sobre-la-teoria-de-charles-darwin\/"},"author":{"name":"Jeanette","@id":"https:\/\/www.eldiario.net\/portal\/#\/schema\/person\/2c57cf2b7a7ae032e449e4c9b1019eac"},"headline":"Todo sobre la teor\u00eda de Charles Darwin","datePublished":"2023-07-28T11:25:24+00:00","mainEntityOfPage":{"@id":"https:\/\/www.eldiario.net\/portal\/2023\/07\/28\/todo-sobre-la-teoria-de-charles-darwin\/"},"wordCount":1245,"publisher":{"@id":"https:\/\/www.eldiario.net\/portal\/#organization"},"image":{"@id":"https:\/\/www.eldiario.net\/portal\/2023\/07\/28\/todo-sobre-la-teoria-de-charles-darwin\/#primaryimage"},"thumbnailUrl":"https:\/\/www.eldiario.net\/portal\/wp-content\/uploads\/2023\/07\/Socio-Teoria-de-la-Evolucion-todos-los-seres-vivos.jpg","articleSection":["Nuevos Horizontes"],"inLanguage":"es"},{"@type":"WebPage","@id":"https:\/\/www.eldiario.net\/portal\/2023\/07\/28\/todo-sobre-la-teoria-de-charles-darwin\/","url":"https:\/\/www.eldiario.net\/portal\/2023\/07\/28\/todo-sobre-la-teoria-de-charles-darwin\/","name":"Todo sobre la teor\u00eda de Charles Darwin - El Diario - Bolivia","isPartOf":{"@id":"https:\/\/www.eldiario.net\/portal\/#website"},"primaryImageOfPage":{"@id":"https:\/\/www.eldiario.net\/portal\/2023\/07\/28\/todo-sobre-la-teoria-de-charles-darwin\/#primaryimage"},"image":{"@id":"https:\/\/www.eldiario.net\/portal\/2023\/07\/28\/todo-sobre-la-teoria-de-charles-darwin\/#primaryimage"},"thumbnailUrl":"https:\/\/www.eldiario.net\/portal\/wp-content\/uploads\/2023\/07\/Socio-Teoria-de-la-Evolucion-todos-los-seres-vivos.jpg","datePublished":"2023-07-28T11:25:24+00:00","breadcrumb":{"@id":"https:\/\/www.eldiario.net\/portal\/2023\/07\/28\/todo-sobre-la-teoria-de-charles-darwin\/#breadcrumb"},"inLanguage":"es","potentialAction":[{"@type":"ReadAction","target":["https:\/\/www.eldiario.net\/portal\/2023\/07\/28\/todo-sobre-la-teoria-de-charles-darwin\/"]}]},{"@type":"ImageObject","inLanguage":"es","@id":"https:\/\/www.eldiario.net\/portal\/2023\/07\/28\/todo-sobre-la-teoria-de-charles-darwin\/#primaryimage","url":"https:\/\/www.eldiario.net\/portal\/wp-content\/uploads\/2023\/07\/Socio-Teoria-de-la-Evolucion-todos-los-seres-vivos.jpg","contentUrl":"https:\/\/www.eldiario.net\/portal\/wp-content\/uploads\/2023\/07\/Socio-Teoria-de-la-Evolucion-todos-los-seres-vivos.jpg","width":1400,"height":1400},{"@type":"BreadcrumbList","@id":"https:\/\/www.eldiario.net\/portal\/2023\/07\/28\/todo-sobre-la-teoria-de-charles-darwin\/#breadcrumb","itemListElement":[{"@type":"ListItem","position":1,"name":"Portada","item":"https:\/\/www.eldiario.net\/portal\/"},{"@type":"ListItem","position":2,"name":"Todo sobre la teor\u00eda de Charles Darwin"}]},{"@type":"WebSite","@id":"https:\/\/www.eldiario.net\/portal\/#website","url":"https:\/\/www.eldiario.net\/portal\/","name":"El Diario - Decano de la prensa nacional","description":"El Diario - Decano de la prensa nacional","publisher":{"@id":"https:\/\/www.eldiario.net\/portal\/#organization"},"potentialAction":[{"@type":"SearchAction","target":{"@type":"EntryPoint","urlTemplate":"https:\/\/www.eldiario.net\/portal\/?s={search_term_string}"},"query-input":{"@type":"PropertyValueSpecification","valueRequired":true,"valueName":"search_term_string"}}],"inLanguage":"es"},{"@type":"Organization","@id":"https:\/\/www.eldiario.net\/portal\/#organization","name":"El Diario - Decano de la prensa nacional","url":"https:\/\/www.eldiario.net\/portal\/","logo":{"@type":"ImageObject","inLanguage":"es","@id":"https:\/\/www.eldiario.net\/portal\/#\/schema\/logo\/image\/","url":"https:\/\/www.eldiario.net\/portal\/wp-content\/uploads\/2023\/07\/logo_ED.jpg","contentUrl":"https:\/\/www.eldiario.net\/portal\/wp-content\/uploads\/2023\/07\/logo_ED.jpg","width":272,"height":52,"caption":"El Diario - Decano de la prensa nacional"},"image":{"@id":"https:\/\/www.eldiario.net\/portal\/#\/schema\/logo\/image\/"},"sameAs":["https:\/\/www.facebook.com\/eldiario.bolivia\/","https:\/\/x.com\/eldiario_net"]},{"@type":"Person","@id":"https:\/\/www.eldiario.net\/portal\/#\/schema\/person\/2c57cf2b7a7ae032e449e4c9b1019eac","name":"Jeanette","image":{"@type":"ImageObject","inLanguage":"es","@id":"https:\/\/secure.gravatar.com\/avatar\/3ea2118a5f7dad2b7138b1187a6b7ee55f160b9968b66013c3a3ef39dd7e5798?s=96&d=mm&r=g","url":"https:\/\/secure.gravatar.com\/avatar\/3ea2118a5f7dad2b7138b1187a6b7ee55f160b9968b66013c3a3ef39dd7e5798?s=96&d=mm&r=g","contentUrl":"https:\/\/secure.gravatar.com\/avatar\/3ea2118a5f7dad2b7138b1187a6b7ee55f160b9968b66013c3a3ef39dd7e5798?s=96&d=mm&r=g","caption":"Jeanette"},"sameAs":["https:\/\/www.eldiario.net\/portal"],"url":"https:\/\/www.eldiario.net\/portal\/author\/jeanette\/"}]}},"_links":{"self":[{"href":"https:\/\/www.eldiario.net\/portal\/wp-json\/wp\/v2\/posts\/168062","targetHints":{"allow":["GET"]}}],"collection":[{"href":"https:\/\/www.eldiario.net\/portal\/wp-json\/wp\/v2\/posts"}],"about":[{"href":"https:\/\/www.eldiario.net\/portal\/wp-json\/wp\/v2\/types\/post"}],"author":[{"embeddable":true,"href":"https:\/\/www.eldiario.net\/portal\/wp-json\/wp\/v2\/users\/1"}],"replies":[{"embeddable":true,"href":"https:\/\/www.eldiario.net\/portal\/wp-json\/wp\/v2\/comments?post=168062"}],"version-history":[{"count":0,"href":"https:\/\/www.eldiario.net\/portal\/wp-json\/wp\/v2\/posts\/168062\/revisions"}],"wp:featuredmedia":[{"embeddable":true,"href":"https:\/\/www.eldiario.net\/portal\/wp-json\/wp\/v2\/media\/168065"}],"wp:attachment":[{"href":"https:\/\/www.eldiario.net\/portal\/wp-json\/wp\/v2\/media?parent=168062"}],"wp:term":[{"taxonomy":"category","embeddable":true,"href":"https:\/\/www.eldiario.net\/portal\/wp-json\/wp\/v2\/categories?post=168062"},{"taxonomy":"post_tag","embeddable":true,"href":"https:\/\/www.eldiario.net\/portal\/wp-json\/wp\/v2\/tags?post=168062"}],"curies":[{"name":"wp","href":"https:\/\/api.w.org\/{rel}","templated":true}]}}