{"id":167707,"date":"2023-07-26T07:33:01","date_gmt":"2023-07-26T11:33:01","guid":{"rendered":"https:\/\/www.eldiario.net\/portal\/?p=167707"},"modified":"2023-07-26T07:33:01","modified_gmt":"2023-07-26T11:33:01","slug":"teatro-el-animal-de-sucre-estrena-la-obra-el-escorial","status":"publish","type":"post","link":"https:\/\/www.eldiario.net\/portal\/2023\/07\/26\/teatro-el-animal-de-sucre-estrena-la-obra-el-escorial\/","title":{"rendered":"Teatro El Animal de Sucre estrena la obra \u201cEl Escorial\u201d"},"content":{"rendered":"<p>Este 28 y 29 de julio se estrena en la ciudad de La Paz \u201cEl Escorial\u201d, la nueva obra del Teatro El Animal de la ciudad de Sucre.<\/p>\n<p>La obra es el resultado de un proceso de creaci\u00f3n colectiva bajo la direcci\u00f3n del Teatro de Los Andes. La propuesta explora formalmente el lenguaje grotesco, una categor\u00eda est\u00e9tica que deforma la realidad acentuando aspectos rid\u00edculos y extravagantes, falta de armon\u00eda, desproporci\u00f3n y exageraci\u00f3n con una cierta comicidad \u00e1cida y a veces amarga, inform\u00f3 Fabiola Mendoza, una de las actrices que participa en la puesta en escena.<\/p>\n<p>El punto de partida fue la obra \u201cEscorial\u201d del autor belga Michel de Ghelderode que cuenta la historia de un rey y su buf\u00f3n durante una noche de vigilia, cuando esperan el fallecimiento de la reina. Mientras las largas horas de insomnio los atormentan, deciden desafiar su mon\u00f3tona rutina a trav\u00e9s de un intrigante juego. Por un instante, intercambian sus identidades; el rey se convierte en buf\u00f3n y el buf\u00f3n en rey. La noche de vigilia se convierte en un escenario simb\u00f3lico donde los l\u00edmites entre lo real y lo imaginario, lo poderoso y lo vulnerable, se desvanecen.<\/p>\n<p>La obra hace una inmersi\u00f3n en los temas cruciales de la identidad, el poder y la libertad. La presencia de las \u00abReinas Encerradas\u00bb introduce un elemento femenino de introspecci\u00f3n y desaf\u00edo, cuestionando las limitaciones impuestas por el encierro y el rol de \u201cculpables\u201d asignado a las mujeres en la sociedad.<\/p>\n<p>\u201cEl Escorial\u201d devela las complejidades de la naturaleza humana y pone al descubierto las dimensiones ocultas de las relaciones de poder y la identidad. Es un relato que invita a cuestionar y replantear la percepci\u00f3n de uno mismo y el entorno que nos rodea.<\/p>\n<p>Esta realizaci\u00f3n tiene el apoyo del Fomento a la Productividad Cultural y Creaci\u00f3n Art\u00edstica del Centro de la Revoluci\u00f3n Cultural del FBCB y del proyecto Impulsarte del Teatro Do\u00f1a Albina-Fundaci\u00f3n Pati\u00f1o.<\/p>\n<p>&nbsp;<\/p>\n<p><strong>Producci\u00f3n:<\/strong> Teatro de Los Andes, Teatro El Animal y Par Mil Productora Art\u00edstica<\/p>\n<p><strong>Actuaci\u00f3n:<\/strong> Fabiola Mendoza y Raisa Encinas<\/p>\n<p><strong>Direcci\u00f3n:<\/strong> Alice Guimaraes<\/p>\n<p><strong>Escenograf\u00eda<\/strong>: Gonzalo Callejas<\/p>\n<p><strong>M\u00fasica: <\/strong>Varias de Mozart y la cueca <em>Recuerdos<\/em> de Sime\u00f3n Roncal en versi\u00f3n de M\u00fasica de Maestros<\/p>\n<p><strong>Texto:<\/strong> Libre adaptaci\u00f3n colectiva de la farsa grotesca \u201cEscorial\u201d, de Michel de Ghelderode<\/p>\n<p><strong>D\u00edas: <\/strong>28 y 29 de julio, horas 19:30, Teatro Do\u00f1a Albina<\/p>\n<p><strong>Pre venta:<\/strong> 50 bs <strong>En puerta: <\/strong>60 bs\u00a0\u00a0 <strong>Estudiantes y Artistas:<\/strong> 2&#215;1<\/p>\n<p><strong>Reserva y Venta de entradas:<\/strong><\/p>\n<p><strong>Contacto:<\/strong> teatrodelosandes@gmail.com<\/p>\n<p>WhatsApp: 67620334<\/p>\n<div id='gallery-1' class='gallery galleryid-167707 gallery-columns-3 gallery-size-medium'><figure class='gallery-item'>\n\t\t\t<div class='gallery-icon landscape'>\n\t\t\t\t<a href='https:\/\/www.eldiario.net\/portal\/2023\/07\/26\/reto-mundial-en-defensa-de-la-diablada-100-boliviana\/escorial-3\/'><img loading=\"lazy\" decoding=\"async\" width=\"300\" height=\"225\" src=\"https:\/\/www.eldiario.net\/portal\/wp-content\/uploads\/2023\/07\/escorial-3-scaled-1-300x225.jpg\" class=\"attachment-medium size-medium\" alt=\"\" srcset=\"https:\/\/www.eldiario.net\/portal\/wp-content\/uploads\/2023\/07\/escorial-3-scaled-1-300x225.jpg 300w, https:\/\/www.eldiario.net\/portal\/wp-content\/uploads\/2023\/07\/escorial-3-scaled-1-1024x768.jpg 1024w, https:\/\/www.eldiario.net\/portal\/wp-content\/uploads\/2023\/07\/escorial-3-scaled-1-768x576.jpg 768w, https:\/\/www.eldiario.net\/portal\/wp-content\/uploads\/2023\/07\/escorial-3-scaled-1-1536x1152.jpg 1536w, https:\/\/www.eldiario.net\/portal\/wp-content\/uploads\/2023\/07\/escorial-3-scaled-1-2048x1536.jpg 2048w, https:\/\/www.eldiario.net\/portal\/wp-content\/uploads\/2023\/07\/escorial-3-scaled-1-696x522.jpg 696w, https:\/\/www.eldiario.net\/portal\/wp-content\/uploads\/2023\/07\/escorial-3-scaled-1-1068x801.jpg 1068w, https:\/\/www.eldiario.net\/portal\/wp-content\/uploads\/2023\/07\/escorial-3-scaled-1-1920x1440.jpg 1920w\" sizes=\"auto, (max-width: 300px) 100vw, 300px\" \/><\/a>\n\t\t\t<\/div><\/figure><figure class='gallery-item'>\n\t\t\t<div class='gallery-icon landscape'>\n\t\t\t\t<a href='https:\/\/www.eldiario.net\/portal\/2023\/07\/26\/reto-mundial-en-defensa-de-la-diablada-100-boliviana\/escorial-2\/'><img loading=\"lazy\" decoding=\"async\" width=\"300\" height=\"225\" src=\"https:\/\/www.eldiario.net\/portal\/wp-content\/uploads\/2023\/07\/escorial-2-scaled-1-300x225.jpg\" class=\"attachment-medium size-medium\" alt=\"\" srcset=\"https:\/\/www.eldiario.net\/portal\/wp-content\/uploads\/2023\/07\/escorial-2-scaled-1-300x225.jpg 300w, https:\/\/www.eldiario.net\/portal\/wp-content\/uploads\/2023\/07\/escorial-2-scaled-1-1024x768.jpg 1024w, https:\/\/www.eldiario.net\/portal\/wp-content\/uploads\/2023\/07\/escorial-2-scaled-1-768x576.jpg 768w, https:\/\/www.eldiario.net\/portal\/wp-content\/uploads\/2023\/07\/escorial-2-scaled-1-1536x1152.jpg 1536w, https:\/\/www.eldiario.net\/portal\/wp-content\/uploads\/2023\/07\/escorial-2-scaled-1-2048x1536.jpg 2048w, https:\/\/www.eldiario.net\/portal\/wp-content\/uploads\/2023\/07\/escorial-2-scaled-1-696x522.jpg 696w, https:\/\/www.eldiario.net\/portal\/wp-content\/uploads\/2023\/07\/escorial-2-scaled-1-1068x801.jpg 1068w, https:\/\/www.eldiario.net\/portal\/wp-content\/uploads\/2023\/07\/escorial-2-scaled-1-1920x1440.jpg 1920w\" sizes=\"auto, (max-width: 300px) 100vw, 300px\" \/><\/a>\n\t\t\t<\/div><\/figure><figure class='gallery-item'>\n\t\t\t<div class='gallery-icon landscape'>\n\t\t\t\t<a href='https:\/\/www.eldiario.net\/portal\/2023\/07\/26\/reto-mundial-en-defensa-de-la-diablada-100-boliviana\/escorial-1\/'><img loading=\"lazy\" decoding=\"async\" width=\"300\" height=\"225\" src=\"https:\/\/www.eldiario.net\/portal\/wp-content\/uploads\/2023\/07\/escorial-1-scaled-1-300x225.jpg\" class=\"attachment-medium size-medium\" alt=\"\" srcset=\"https:\/\/www.eldiario.net\/portal\/wp-content\/uploads\/2023\/07\/escorial-1-scaled-1-300x225.jpg 300w, https:\/\/www.eldiario.net\/portal\/wp-content\/uploads\/2023\/07\/escorial-1-scaled-1-1024x768.jpg 1024w, https:\/\/www.eldiario.net\/portal\/wp-content\/uploads\/2023\/07\/escorial-1-scaled-1-768x576.jpg 768w, https:\/\/www.eldiario.net\/portal\/wp-content\/uploads\/2023\/07\/escorial-1-scaled-1-1536x1152.jpg 1536w, https:\/\/www.eldiario.net\/portal\/wp-content\/uploads\/2023\/07\/escorial-1-scaled-1-2048x1536.jpg 2048w, https:\/\/www.eldiario.net\/portal\/wp-content\/uploads\/2023\/07\/escorial-1-scaled-1-696x522.jpg 696w, https:\/\/www.eldiario.net\/portal\/wp-content\/uploads\/2023\/07\/escorial-1-scaled-1-1068x801.jpg 1068w, https:\/\/www.eldiario.net\/portal\/wp-content\/uploads\/2023\/07\/escorial-1-scaled-1-1920x1440.jpg 1920w\" sizes=\"auto, (max-width: 300px) 100vw, 300px\" \/><\/a>\n\t\t\t<\/div><\/figure>\n\t\t<\/div>\n\n","protected":false},"excerpt":{"rendered":"<p>Este 28 y 29 de julio se estrena en la ciudad de La Paz \u201cEl Escorial\u201d, la nueva obra del Teatro El Animal de la ciudad de Sucre. La obra es el resultado de un proceso de creaci\u00f3n colectiva bajo la direcci\u00f3n del Teatro de Los Andes. La propuesta explora formalmente el lenguaje grotesco, una [&hellip;]<\/p>\n","protected":false},"author":1,"featured_media":167700,"comment_status":"closed","ping_status":"open","sticky":false,"template":"","format":"standard","meta":{"_acf_changed":false,"footnotes":""},"categories":[41],"tags":[],"class_list":["post-167707","post","type-post","status-publish","format-standard","has-post-thumbnail","category-la-guia"],"acf":{"antetitulo":""},"yoast_head":"<!-- This site is optimized with the Yoast SEO plugin v28.4 - https:\/\/yoast.com\/product\/yoast-seo-wordpress\/ -->\n<title>Teatro El Animal de Sucre estrena la obra \u201cEl Escorial\u201d - El Diario - Bolivia<\/title>\n<meta name=\"robots\" content=\"index, follow, max-snippet:-1, max-image-preview:large, max-video-preview:-1\" \/>\n<link rel=\"canonical\" href=\"https:\/\/www.eldiario.net\/portal\/2023\/07\/26\/teatro-el-animal-de-sucre-estrena-la-obra-el-escorial\/\" \/>\n<meta property=\"og:locale\" content=\"es_ES\" \/>\n<meta property=\"og:type\" content=\"article\" \/>\n<meta property=\"og:title\" content=\"Teatro El Animal de Sucre estrena la obra \u201cEl Escorial\u201d - El Diario - Bolivia\" \/>\n<meta property=\"og:description\" content=\"Este 28 y 29 de julio se estrena en la ciudad de La Paz \u201cEl Escorial\u201d, la nueva obra del Teatro El Animal de la ciudad de Sucre. La obra es el resultado de un proceso de creaci\u00f3n colectiva bajo la direcci\u00f3n del Teatro de Los Andes. La propuesta explora formalmente el lenguaje grotesco, una [&hellip;]\" \/>\n<meta property=\"og:url\" content=\"https:\/\/www.eldiario.net\/portal\/2023\/07\/26\/teatro-el-animal-de-sucre-estrena-la-obra-el-escorial\/\" \/>\n<meta property=\"og:site_name\" content=\"El Diario - Bolivia\" \/>\n<meta property=\"article:publisher\" content=\"https:\/\/www.facebook.com\/eldiario.bolivia\/\" \/>\n<meta property=\"article:published_time\" content=\"2023-07-26T11:33:01+00:00\" \/>\n<meta property=\"og:image\" content=\"https:\/\/www.eldiario.net\/portal\/wp-content\/uploads\/2023\/07\/escorial-1-scaled-1.jpg\" \/>\n\t<meta property=\"og:image:width\" content=\"2560\" \/>\n\t<meta property=\"og:image:height\" content=\"1920\" \/>\n\t<meta property=\"og:image:type\" content=\"image\/jpeg\" \/>\n<meta name=\"author\" content=\"Jeanette\" \/>\n<meta name=\"twitter:card\" content=\"summary_large_image\" \/>\n<meta name=\"twitter:creator\" content=\"@eldiario_net\" \/>\n<meta name=\"twitter:site\" content=\"@eldiario_net\" \/>\n<meta name=\"twitter:label1\" content=\"Escrito por\" \/>\n\t<meta name=\"twitter:data1\" content=\"Jeanette\" \/>\n\t<meta name=\"twitter:label2\" content=\"Tiempo de lectura\" \/>\n\t<meta name=\"twitter:data2\" content=\"2 minutos\" \/>\n<script type=\"application\/ld+json\" class=\"yoast-schema-graph\">{\"@context\":\"https:\\\/\\\/schema.org\",\"@graph\":[{\"@type\":\"Article\",\"@id\":\"https:\\\/\\\/www.eldiario.net\\\/portal\\\/2023\\\/07\\\/26\\\/teatro-el-animal-de-sucre-estrena-la-obra-el-escorial\\\/#article\",\"isPartOf\":{\"@id\":\"https:\\\/\\\/www.eldiario.net\\\/portal\\\/2023\\\/07\\\/26\\\/teatro-el-animal-de-sucre-estrena-la-obra-el-escorial\\\/\"},\"author\":{\"name\":\"Jeanette\",\"@id\":\"https:\\\/\\\/www.eldiario.net\\\/portal\\\/#\\\/schema\\\/person\\\/2c57cf2b7a7ae032e449e4c9b1019eac\"},\"headline\":\"Teatro El Animal de Sucre estrena la obra \u201cEl Escorial\u201d\",\"datePublished\":\"2023-07-26T11:33:01+00:00\",\"mainEntityOfPage\":{\"@id\":\"https:\\\/\\\/www.eldiario.net\\\/portal\\\/2023\\\/07\\\/26\\\/teatro-el-animal-de-sucre-estrena-la-obra-el-escorial\\\/\"},\"wordCount\":452,\"publisher\":{\"@id\":\"https:\\\/\\\/www.eldiario.net\\\/portal\\\/#organization\"},\"image\":{\"@id\":\"https:\\\/\\\/www.eldiario.net\\\/portal\\\/2023\\\/07\\\/26\\\/teatro-el-animal-de-sucre-estrena-la-obra-el-escorial\\\/#primaryimage\"},\"thumbnailUrl\":\"https:\\\/\\\/www.eldiario.net\\\/portal\\\/wp-content\\\/uploads\\\/2023\\\/07\\\/escorial-1-scaled-1.jpg\",\"articleSection\":[\"La Gu\u00eda\"],\"inLanguage\":\"es\"},{\"@type\":\"WebPage\",\"@id\":\"https:\\\/\\\/www.eldiario.net\\\/portal\\\/2023\\\/07\\\/26\\\/teatro-el-animal-de-sucre-estrena-la-obra-el-escorial\\\/\",\"url\":\"https:\\\/\\\/www.eldiario.net\\\/portal\\\/2023\\\/07\\\/26\\\/teatro-el-animal-de-sucre-estrena-la-obra-el-escorial\\\/\",\"name\":\"Teatro El Animal de Sucre estrena la obra \u201cEl Escorial\u201d - El Diario - Bolivia\",\"isPartOf\":{\"@id\":\"https:\\\/\\\/www.eldiario.net\\\/portal\\\/#website\"},\"primaryImageOfPage\":{\"@id\":\"https:\\\/\\\/www.eldiario.net\\\/portal\\\/2023\\\/07\\\/26\\\/teatro-el-animal-de-sucre-estrena-la-obra-el-escorial\\\/#primaryimage\"},\"image\":{\"@id\":\"https:\\\/\\\/www.eldiario.net\\\/portal\\\/2023\\\/07\\\/26\\\/teatro-el-animal-de-sucre-estrena-la-obra-el-escorial\\\/#primaryimage\"},\"thumbnailUrl\":\"https:\\\/\\\/www.eldiario.net\\\/portal\\\/wp-content\\\/uploads\\\/2023\\\/07\\\/escorial-1-scaled-1.jpg\",\"datePublished\":\"2023-07-26T11:33:01+00:00\",\"breadcrumb\":{\"@id\":\"https:\\\/\\\/www.eldiario.net\\\/portal\\\/2023\\\/07\\\/26\\\/teatro-el-animal-de-sucre-estrena-la-obra-el-escorial\\\/#breadcrumb\"},\"inLanguage\":\"es\",\"potentialAction\":[{\"@type\":\"ReadAction\",\"target\":[\"https:\\\/\\\/www.eldiario.net\\\/portal\\\/2023\\\/07\\\/26\\\/teatro-el-animal-de-sucre-estrena-la-obra-el-escorial\\\/\"]}]},{\"@type\":\"ImageObject\",\"inLanguage\":\"es\",\"@id\":\"https:\\\/\\\/www.eldiario.net\\\/portal\\\/2023\\\/07\\\/26\\\/teatro-el-animal-de-sucre-estrena-la-obra-el-escorial\\\/#primaryimage\",\"url\":\"https:\\\/\\\/www.eldiario.net\\\/portal\\\/wp-content\\\/uploads\\\/2023\\\/07\\\/escorial-1-scaled-1.jpg\",\"contentUrl\":\"https:\\\/\\\/www.eldiario.net\\\/portal\\\/wp-content\\\/uploads\\\/2023\\\/07\\\/escorial-1-scaled-1.jpg\",\"width\":2560,\"height\":1920},{\"@type\":\"BreadcrumbList\",\"@id\":\"https:\\\/\\\/www.eldiario.net\\\/portal\\\/2023\\\/07\\\/26\\\/teatro-el-animal-de-sucre-estrena-la-obra-el-escorial\\\/#breadcrumb\",\"itemListElement\":[{\"@type\":\"ListItem\",\"position\":1,\"name\":\"Portada\",\"item\":\"https:\\\/\\\/www.eldiario.net\\\/portal\\\/\"},{\"@type\":\"ListItem\",\"position\":2,\"name\":\"Teatro El Animal de Sucre estrena la obra \u201cEl Escorial\u201d\"}]},{\"@type\":\"WebSite\",\"@id\":\"https:\\\/\\\/www.eldiario.net\\\/portal\\\/#website\",\"url\":\"https:\\\/\\\/www.eldiario.net\\\/portal\\\/\",\"name\":\"El Diario - Decano de la prensa nacional\",\"description\":\"El Diario - Decano de la prensa nacional\",\"publisher\":{\"@id\":\"https:\\\/\\\/www.eldiario.net\\\/portal\\\/#organization\"},\"potentialAction\":[{\"@type\":\"SearchAction\",\"target\":{\"@type\":\"EntryPoint\",\"urlTemplate\":\"https:\\\/\\\/www.eldiario.net\\\/portal\\\/?s={search_term_string}\"},\"query-input\":{\"@type\":\"PropertyValueSpecification\",\"valueRequired\":true,\"valueName\":\"search_term_string\"}}],\"inLanguage\":\"es\"},{\"@type\":\"Organization\",\"@id\":\"https:\\\/\\\/www.eldiario.net\\\/portal\\\/#organization\",\"name\":\"El Diario - Decano de la prensa nacional\",\"url\":\"https:\\\/\\\/www.eldiario.net\\\/portal\\\/\",\"logo\":{\"@type\":\"ImageObject\",\"inLanguage\":\"es\",\"@id\":\"https:\\\/\\\/www.eldiario.net\\\/portal\\\/#\\\/schema\\\/logo\\\/image\\\/\",\"url\":\"https:\\\/\\\/www.eldiario.net\\\/portal\\\/wp-content\\\/uploads\\\/2023\\\/07\\\/logo_ED.jpg\",\"contentUrl\":\"https:\\\/\\\/www.eldiario.net\\\/portal\\\/wp-content\\\/uploads\\\/2023\\\/07\\\/logo_ED.jpg\",\"width\":272,\"height\":52,\"caption\":\"El Diario - Decano de la prensa nacional\"},\"image\":{\"@id\":\"https:\\\/\\\/www.eldiario.net\\\/portal\\\/#\\\/schema\\\/logo\\\/image\\\/\"},\"sameAs\":[\"https:\\\/\\\/www.facebook.com\\\/eldiario.bolivia\\\/\",\"https:\\\/\\\/x.com\\\/eldiario_net\"]},{\"@type\":\"Person\",\"@id\":\"https:\\\/\\\/www.eldiario.net\\\/portal\\\/#\\\/schema\\\/person\\\/2c57cf2b7a7ae032e449e4c9b1019eac\",\"name\":\"Jeanette\",\"image\":{\"@type\":\"ImageObject\",\"inLanguage\":\"es\",\"@id\":\"https:\\\/\\\/secure.gravatar.com\\\/avatar\\\/3ea2118a5f7dad2b7138b1187a6b7ee55f160b9968b66013c3a3ef39dd7e5798?s=96&d=mm&r=g\",\"url\":\"https:\\\/\\\/secure.gravatar.com\\\/avatar\\\/3ea2118a5f7dad2b7138b1187a6b7ee55f160b9968b66013c3a3ef39dd7e5798?s=96&d=mm&r=g\",\"contentUrl\":\"https:\\\/\\\/secure.gravatar.com\\\/avatar\\\/3ea2118a5f7dad2b7138b1187a6b7ee55f160b9968b66013c3a3ef39dd7e5798?s=96&d=mm&r=g\",\"caption\":\"Jeanette\"},\"sameAs\":[\"https:\\\/\\\/www.eldiario.net\\\/portal\"],\"url\":\"https:\\\/\\\/www.eldiario.net\\\/portal\\\/author\\\/jeanette\\\/\"}]}<\/script>\n<!-- \/ Yoast SEO plugin. -->","yoast_head_json":{"title":"Teatro El Animal de Sucre estrena la obra \u201cEl Escorial\u201d - El Diario - Bolivia","robots":{"index":"index","follow":"follow","max-snippet":"max-snippet:-1","max-image-preview":"max-image-preview:large","max-video-preview":"max-video-preview:-1"},"canonical":"https:\/\/www.eldiario.net\/portal\/2023\/07\/26\/teatro-el-animal-de-sucre-estrena-la-obra-el-escorial\/","og_locale":"es_ES","og_type":"article","og_title":"Teatro El Animal de Sucre estrena la obra \u201cEl Escorial\u201d - El Diario - Bolivia","og_description":"Este 28 y 29 de julio se estrena en la ciudad de La Paz \u201cEl Escorial\u201d, la nueva obra del Teatro El Animal de la ciudad de Sucre. La obra es el resultado de un proceso de creaci\u00f3n colectiva bajo la direcci\u00f3n del Teatro de Los Andes. La propuesta explora formalmente el lenguaje grotesco, una [&hellip;]","og_url":"https:\/\/www.eldiario.net\/portal\/2023\/07\/26\/teatro-el-animal-de-sucre-estrena-la-obra-el-escorial\/","og_site_name":"El Diario - Bolivia","article_publisher":"https:\/\/www.facebook.com\/eldiario.bolivia\/","article_published_time":"2023-07-26T11:33:01+00:00","og_image":[{"width":2560,"height":1920,"url":"https:\/\/www.eldiario.net\/portal\/wp-content\/uploads\/2023\/07\/escorial-1-scaled-1.jpg","type":"image\/jpeg"}],"author":"Jeanette","twitter_card":"summary_large_image","twitter_creator":"@eldiario_net","twitter_site":"@eldiario_net","twitter_misc":{"Escrito por":"Jeanette","Tiempo de lectura":"2 minutos"},"schema":{"@context":"https:\/\/schema.org","@graph":[{"@type":"Article","@id":"https:\/\/www.eldiario.net\/portal\/2023\/07\/26\/teatro-el-animal-de-sucre-estrena-la-obra-el-escorial\/#article","isPartOf":{"@id":"https:\/\/www.eldiario.net\/portal\/2023\/07\/26\/teatro-el-animal-de-sucre-estrena-la-obra-el-escorial\/"},"author":{"name":"Jeanette","@id":"https:\/\/www.eldiario.net\/portal\/#\/schema\/person\/2c57cf2b7a7ae032e449e4c9b1019eac"},"headline":"Teatro El Animal de Sucre estrena la obra \u201cEl Escorial\u201d","datePublished":"2023-07-26T11:33:01+00:00","mainEntityOfPage":{"@id":"https:\/\/www.eldiario.net\/portal\/2023\/07\/26\/teatro-el-animal-de-sucre-estrena-la-obra-el-escorial\/"},"wordCount":452,"publisher":{"@id":"https:\/\/www.eldiario.net\/portal\/#organization"},"image":{"@id":"https:\/\/www.eldiario.net\/portal\/2023\/07\/26\/teatro-el-animal-de-sucre-estrena-la-obra-el-escorial\/#primaryimage"},"thumbnailUrl":"https:\/\/www.eldiario.net\/portal\/wp-content\/uploads\/2023\/07\/escorial-1-scaled-1.jpg","articleSection":["La Gu\u00eda"],"inLanguage":"es"},{"@type":"WebPage","@id":"https:\/\/www.eldiario.net\/portal\/2023\/07\/26\/teatro-el-animal-de-sucre-estrena-la-obra-el-escorial\/","url":"https:\/\/www.eldiario.net\/portal\/2023\/07\/26\/teatro-el-animal-de-sucre-estrena-la-obra-el-escorial\/","name":"Teatro El Animal de Sucre estrena la obra \u201cEl Escorial\u201d - El Diario - Bolivia","isPartOf":{"@id":"https:\/\/www.eldiario.net\/portal\/#website"},"primaryImageOfPage":{"@id":"https:\/\/www.eldiario.net\/portal\/2023\/07\/26\/teatro-el-animal-de-sucre-estrena-la-obra-el-escorial\/#primaryimage"},"image":{"@id":"https:\/\/www.eldiario.net\/portal\/2023\/07\/26\/teatro-el-animal-de-sucre-estrena-la-obra-el-escorial\/#primaryimage"},"thumbnailUrl":"https:\/\/www.eldiario.net\/portal\/wp-content\/uploads\/2023\/07\/escorial-1-scaled-1.jpg","datePublished":"2023-07-26T11:33:01+00:00","breadcrumb":{"@id":"https:\/\/www.eldiario.net\/portal\/2023\/07\/26\/teatro-el-animal-de-sucre-estrena-la-obra-el-escorial\/#breadcrumb"},"inLanguage":"es","potentialAction":[{"@type":"ReadAction","target":["https:\/\/www.eldiario.net\/portal\/2023\/07\/26\/teatro-el-animal-de-sucre-estrena-la-obra-el-escorial\/"]}]},{"@type":"ImageObject","inLanguage":"es","@id":"https:\/\/www.eldiario.net\/portal\/2023\/07\/26\/teatro-el-animal-de-sucre-estrena-la-obra-el-escorial\/#primaryimage","url":"https:\/\/www.eldiario.net\/portal\/wp-content\/uploads\/2023\/07\/escorial-1-scaled-1.jpg","contentUrl":"https:\/\/www.eldiario.net\/portal\/wp-content\/uploads\/2023\/07\/escorial-1-scaled-1.jpg","width":2560,"height":1920},{"@type":"BreadcrumbList","@id":"https:\/\/www.eldiario.net\/portal\/2023\/07\/26\/teatro-el-animal-de-sucre-estrena-la-obra-el-escorial\/#breadcrumb","itemListElement":[{"@type":"ListItem","position":1,"name":"Portada","item":"https:\/\/www.eldiario.net\/portal\/"},{"@type":"ListItem","position":2,"name":"Teatro El Animal de Sucre estrena la obra \u201cEl Escorial\u201d"}]},{"@type":"WebSite","@id":"https:\/\/www.eldiario.net\/portal\/#website","url":"https:\/\/www.eldiario.net\/portal\/","name":"El Diario - Decano de la prensa nacional","description":"El Diario - Decano de la prensa nacional","publisher":{"@id":"https:\/\/www.eldiario.net\/portal\/#organization"},"potentialAction":[{"@type":"SearchAction","target":{"@type":"EntryPoint","urlTemplate":"https:\/\/www.eldiario.net\/portal\/?s={search_term_string}"},"query-input":{"@type":"PropertyValueSpecification","valueRequired":true,"valueName":"search_term_string"}}],"inLanguage":"es"},{"@type":"Organization","@id":"https:\/\/www.eldiario.net\/portal\/#organization","name":"El Diario - Decano de la prensa nacional","url":"https:\/\/www.eldiario.net\/portal\/","logo":{"@type":"ImageObject","inLanguage":"es","@id":"https:\/\/www.eldiario.net\/portal\/#\/schema\/logo\/image\/","url":"https:\/\/www.eldiario.net\/portal\/wp-content\/uploads\/2023\/07\/logo_ED.jpg","contentUrl":"https:\/\/www.eldiario.net\/portal\/wp-content\/uploads\/2023\/07\/logo_ED.jpg","width":272,"height":52,"caption":"El Diario - Decano de la prensa nacional"},"image":{"@id":"https:\/\/www.eldiario.net\/portal\/#\/schema\/logo\/image\/"},"sameAs":["https:\/\/www.facebook.com\/eldiario.bolivia\/","https:\/\/x.com\/eldiario_net"]},{"@type":"Person","@id":"https:\/\/www.eldiario.net\/portal\/#\/schema\/person\/2c57cf2b7a7ae032e449e4c9b1019eac","name":"Jeanette","image":{"@type":"ImageObject","inLanguage":"es","@id":"https:\/\/secure.gravatar.com\/avatar\/3ea2118a5f7dad2b7138b1187a6b7ee55f160b9968b66013c3a3ef39dd7e5798?s=96&d=mm&r=g","url":"https:\/\/secure.gravatar.com\/avatar\/3ea2118a5f7dad2b7138b1187a6b7ee55f160b9968b66013c3a3ef39dd7e5798?s=96&d=mm&r=g","contentUrl":"https:\/\/secure.gravatar.com\/avatar\/3ea2118a5f7dad2b7138b1187a6b7ee55f160b9968b66013c3a3ef39dd7e5798?s=96&d=mm&r=g","caption":"Jeanette"},"sameAs":["https:\/\/www.eldiario.net\/portal"],"url":"https:\/\/www.eldiario.net\/portal\/author\/jeanette\/"}]}},"_links":{"self":[{"href":"https:\/\/www.eldiario.net\/portal\/wp-json\/wp\/v2\/posts\/167707","targetHints":{"allow":["GET"]}}],"collection":[{"href":"https:\/\/www.eldiario.net\/portal\/wp-json\/wp\/v2\/posts"}],"about":[{"href":"https:\/\/www.eldiario.net\/portal\/wp-json\/wp\/v2\/types\/post"}],"author":[{"embeddable":true,"href":"https:\/\/www.eldiario.net\/portal\/wp-json\/wp\/v2\/users\/1"}],"replies":[{"embeddable":true,"href":"https:\/\/www.eldiario.net\/portal\/wp-json\/wp\/v2\/comments?post=167707"}],"version-history":[{"count":0,"href":"https:\/\/www.eldiario.net\/portal\/wp-json\/wp\/v2\/posts\/167707\/revisions"}],"wp:featuredmedia":[{"embeddable":true,"href":"https:\/\/www.eldiario.net\/portal\/wp-json\/wp\/v2\/media\/167700"}],"wp:attachment":[{"href":"https:\/\/www.eldiario.net\/portal\/wp-json\/wp\/v2\/media?parent=167707"}],"wp:term":[{"taxonomy":"category","embeddable":true,"href":"https:\/\/www.eldiario.net\/portal\/wp-json\/wp\/v2\/categories?post=167707"},{"taxonomy":"post_tag","embeddable":true,"href":"https:\/\/www.eldiario.net\/portal\/wp-json\/wp\/v2\/tags?post=167707"}],"curies":[{"name":"wp","href":"https:\/\/api.w.org\/{rel}","templated":true}]}}