{"id":167327,"date":"2023-07-24T07:06:28","date_gmt":"2023-07-24T11:06:28","guid":{"rendered":"https:\/\/www.eldiario.net\/portal\/?p=167327"},"modified":"2023-07-24T07:06:28","modified_gmt":"2023-07-24T11:06:28","slug":"sentido-tributo-a-luisa-molina-a-dos-anos-de-su-fallecimiento","status":"publish","type":"post","link":"https:\/\/www.eldiario.net\/portal\/2023\/07\/24\/sentido-tributo-a-luisa-molina-a-dos-anos-de-su-fallecimiento\/","title":{"rendered":"Sentido tributo a Luisa Molina  a dos a\u00f1os de su fallecimiento"},"content":{"rendered":"<p>Luisa Gabriela Molina Terrazas, art\u00edsticamente conocida como Luisa Molina, naci\u00f3 en Uyuni el 25 de agosto de 1955 y falleci\u00f3 el 30 de mayo de 2021. Fue, sin duda, una gran artista y cantante de m\u00fasica folcl\u00f3rica boliviana.<\/p>\n<p>Su partida ha calado profundamente en la sensibilidad de todo el p\u00fablico que escuch\u00f3 su m\u00fasica y sigui\u00f3 su carrera art\u00edstica. Al cumplirse dos a\u00f1os de su partida, el Grupo A\u00f1oranzas ha realizado la grabaci\u00f3n de una producci\u00f3n musical con la participaci\u00f3n de Ver\u00f3nica Raquel P\u00e1vez Molina, hija de Luisa Molina, que ser\u00e1 presentada este martes 25 y mi\u00e9rcoles 26 de julio, a horas 19:30, el Teatro Municipal 6 de Agosto de La Paz.<\/p>\n<p>Ver\u00f3nica Raquel desde peque\u00f1a acompa\u00f1\u00f3 las actividades art\u00edsticas de su mam\u00e1, destacando en la danza y el canto con su innata fluidez y carisma. Radica hace m\u00e1s de 20 a\u00f1os fuera del pa\u00eds y en esta ocasi\u00f3n lleg\u00f3 a Bolivia con la finalidad de rendir este homenaje.<\/p>\n<p>El Grupo A\u00f1oranzas se form\u00f3 el 25 de agosto de 1989, con la participaci\u00f3n de Juan Carlos Suntura Yujra, Jacob Molina (\u2020), Primo Bazualdo y David Arancibia, destacados m\u00fasicos que ven\u00edan de una previa carrera art\u00edstica.<\/p>\n<p>Esta conjunci\u00f3n de artistas se dio gracias a la invitaci\u00f3n de Luisa y Jacob Molina para participar en la grabaci\u00f3n del primer disco como solista de Luisa Molina, denominado \u201cA\u00f1oranzas\u201d, de donde surge el nombre del grupo.<\/p>\n<p>Esta placa discogr\u00e1fica consolid\u00f3 la carrera musical de Luisa, llegando a recibir el Disco de Oro de la empresa Discolandia.<\/p>\n<p>Desde su formaci\u00f3n el Grupo A\u00f1oranzas realiz\u00f3 giras nacionales e internacionales y la grabaci\u00f3n de diversas placas discogr\u00e1ficas. Actualmente el Grupo A\u00f1oranzas est\u00e1 conformado por Juan Carlos Suntura (Director, vientos), Delia Ticona (percusi\u00f3n), Ren\u00e9 Alinas (charango), Alfredo Harriague (guitarra), Leonardo Dur\u00e1n (guitarra), Luis Valda (vientos) y Wara Conde (Vientos).<\/p>\n<p>Adem\u00e1s de presentar el material audiovisual, denominado \u201cGrupo A\u00f1oranzas Tributo a Luisa Molina\u201d, el objetivo del evento tambi\u00e9n es recordar los \u00e9xitos musicales de la fallecida artista uyunense, due\u00f1a de una inigualable voz y emotiva interpretaci\u00f3n.<\/p>\n<p>La presentaci\u00f3n resumir\u00e1 los mayores \u00e9xitos de Luisa Molina, que ser\u00e1n interpretados por Ver\u00f3nica Raquel con el marco musical del Grupo A\u00f1oranzas.<\/p>\n<p>A horas de los conciertos, La Gu\u00eda convers\u00f3 con Juan Carlos Suntura, director del grupo A\u00f1oranzas, y Ver\u00f3nica Raquel, hija de Luisa Molina,<\/p>\n<p><strong>LG:<\/strong><strong> \u00bfQu\u00e9 m\u00e1s incluye el material audiovisual \u201cGrupo A\u00f1oranzas Tributo a Luisa Molina\u201d?<\/strong><\/p>\n<p>JC: Este material contiene ritmos de saya, kullawada, caporal y chuntunqui. Fue realizado durante el mes de julio de 2023 con la voz de Ver\u00f3nica Raquel Molina y el marco musical del Grupo A\u00f1oranzas.<\/p>\n<p><strong>LG:<\/strong><strong> \u00bfQu\u00e9 destacas de esta producci\u00f3n?<\/strong><\/p>\n<p>JC: El tema en ritmo de chuntunqui titulado \u201cSin tu amor\u201d, composici\u00f3n de Claudio Salvaterra, con el que Ver\u00f3nica Raquel se siente muy identificada y en esta ocasi\u00f3n lo dedica a su se\u00f1ora madre en el segundo a\u00f1o de su partida.<\/p>\n<p><strong>LG: <\/strong><strong>\u00bfQu\u00e9 esperan lograr con este material?<\/strong><\/p>\n<p>JC: El principal prop\u00f3sito es rendir homenaje a Luisa Molina en su segundo a\u00f1o de partida e impulsar a Ver\u00f3nica Raquel Molina para que siga sus pasos.<\/p>\n<p><strong>LG: \u00bfQu\u00e9 ha significado Luisa Molina para el Grupo A\u00f1oranzas?<\/strong><\/p>\n<p>JC: Luisa Molina fue una gran l\u00edder para el grupo por su esp\u00edritu incansable, su solidaridad con el pr\u00f3jimo, su apego por la m\u00fasica nacional y su inconfundible forma de interpretar sus canciones. Estos fueron los pilares para la continuidad del grupo. Luisa Molina actualmente es nuestra l\u00edder espiritual.<\/p>\n<p><strong>LG:<\/strong><strong> \u00bfQu\u00e9 \u00e9xitos de ella interpretar\u00e1n en los conciertos?<\/strong><\/p>\n<p>JC: Interpretaremos \u00e9xitos como A\u00f1oranzas, Se feliz, Me recordar\u00e1s, Iron\u00edas de amor, Ca\u00f1ita ca\u00f1averal, Recuerdos muertos, Yo perd\u00ed el coraz\u00f3n, Si te vas y todos los que el p\u00fablico pida.<\/p>\n<p><strong>LG: \u00bfDeseas agregar algo?<\/strong><\/p>\n<p>JC: Quedamos muy satisfechos con el resultado de esta producci\u00f3n y realmente emocionados por reencontrarnos con el p\u00fablico que sigui\u00f3 y sigue a Luisa Molina. Este trabajo no hubiera sido posible sin el apoyo de Ver\u00f3nica Raquel, que ha demostrado tener toda la capacidad para seguir la carrera musical de su se\u00f1ora madre, constituy\u00e9ndose en una gran promesa para el folclore nacional con proyecci\u00f3n internacional.<\/p>\n<p><strong>LG: Ver\u00f3nica Raquel, \u00bfde qu\u00e9 habla el chuntunqui Sin tu amor?<\/strong><\/p>\n<p>VR: La canci\u00f3n <em>Sin tu amor<\/em> es composici\u00f3n del Sr. Claudio Salvatierra. Conoc\u00ed la canci\u00f3n por medio de un gran amigo Jos\u00e9 Luis Arrazola, primo del compositor (\u2026). Pens\u00e9 que trataba de un amor que se fue, una ruptura amorosa definitiva. (Pero no). Es una composici\u00f3n para un ser querido que se nos va y nunca volver\u00e1, y tras el pasar del tiempo se siente m\u00e1s su ausencia. El contenido de la letra es m\u00e1s profundo de lo que uno imagina.<\/p>\n<p><strong>LG: \u00bfQu\u00e9 sientes al interpretar los \u00e9xitos musicales de tu mami?<\/strong><\/p>\n<p>VR: Me siento conectada con ella, afortunada y bendecida por llevar su sangre y ser la persona que tiene el timbre de su voz. A la vez hay canciones que a\u00fan me cuesta escuchar o interpretarlas, porque a\u00fan me duele mucho su partida.<\/p>\n<p><strong>LG: \u00bfC\u00f3mo definir\u00edas la voz de Luisa Molina?<\/strong><\/p>\n<p>VR: Es una voz tierna y dulce. Una voz suave y a la vez fuerte y potente. Una voz f\u00e1cil de distinguir entre otras voces y a la vez dif\u00edcil de encontrar.<\/p>\n<p><strong>LG: A nivel art\u00edstico, \u00bfqu\u00e9 crees que heredaste de tu mami?<\/strong><\/p>\n<p>VR: Tengo la dicha y bendici\u00f3n de haber heredado el cari\u00f1o, amor y bendiciones de su p\u00fablico, que me regala amor y apoyo incondicional. Si hablamos de gen\u00e9tica, hered\u00e9 su pasi\u00f3n por la m\u00fasica, danza y arte en general.<\/p>\n<p><strong>LG: \u00bfC\u00f3mo quieres que recuerden a Luisa Molina?<\/strong><\/p>\n<p>VR: Quiero que la recuerden como fue en vida. Una mujer sincera, humilde, amorosa, trabajadora y orgullosa de sus ra\u00edces.<\/p>\n<p><strong>LG: \u00bfDeseas agregar algo?<\/strong><\/p>\n<p>VR: S\u00ed, agradecer a todos sus fans, amigos, colegas de arte y medios de comunicaci\u00f3n por el amor que le dieron y por el apoyo que me est\u00e1n brindando. Tambi\u00e9n agradecer al Grupo A\u00f1oranzas por todo su cari\u00f1o, paciencia y apoyo que me est\u00e1n brindando y a los compositores por confiar en m\u00ed.<\/p>\n<p>&nbsp;<\/p>\n<div id='gallery-1' class='gallery galleryid-167327 gallery-columns-3 gallery-size-medium'><figure class='gallery-item'>\n\t\t\t<div class='gallery-icon landscape'>\n\t\t\t\t<a href='https:\/\/www.eldiario.net\/portal\/2023\/07\/24\/sentido-tributo-a-luisa-molina-a-dos-anos-de-su-fallecimiento\/luisa-1-principal\/'><img loading=\"lazy\" decoding=\"async\" width=\"300\" height=\"300\" src=\"https:\/\/www.eldiario.net\/portal\/wp-content\/uploads\/2023\/07\/luisa-1-PRINCIPAL-scaled-1-300x300.jpg\" class=\"attachment-medium size-medium\" alt=\"\" srcset=\"https:\/\/www.eldiario.net\/portal\/wp-content\/uploads\/2023\/07\/luisa-1-PRINCIPAL-scaled-1-300x300.jpg 300w, https:\/\/www.eldiario.net\/portal\/wp-content\/uploads\/2023\/07\/luisa-1-PRINCIPAL-scaled-1-1024x1024.jpg 1024w, https:\/\/www.eldiario.net\/portal\/wp-content\/uploads\/2023\/07\/luisa-1-PRINCIPAL-scaled-1-150x150.jpg 150w, https:\/\/www.eldiario.net\/portal\/wp-content\/uploads\/2023\/07\/luisa-1-PRINCIPAL-scaled-1-768x768.jpg 768w, https:\/\/www.eldiario.net\/portal\/wp-content\/uploads\/2023\/07\/luisa-1-PRINCIPAL-scaled-1-1536x1536.jpg 1536w, https:\/\/www.eldiario.net\/portal\/wp-content\/uploads\/2023\/07\/luisa-1-PRINCIPAL-scaled-1-2048x2048.jpg 2048w, https:\/\/www.eldiario.net\/portal\/wp-content\/uploads\/2023\/07\/luisa-1-PRINCIPAL-scaled-1-696x696.jpg 696w, https:\/\/www.eldiario.net\/portal\/wp-content\/uploads\/2023\/07\/luisa-1-PRINCIPAL-scaled-1-1068x1068.jpg 1068w, https:\/\/www.eldiario.net\/portal\/wp-content\/uploads\/2023\/07\/luisa-1-PRINCIPAL-scaled-1-1920x1920.jpg 1920w\" sizes=\"auto, (max-width: 300px) 100vw, 300px\" \/><\/a>\n\t\t\t<\/div><\/figure><figure class='gallery-item'>\n\t\t\t<div class='gallery-icon landscape'>\n\t\t\t\t<a href='https:\/\/www.eldiario.net\/portal\/2023\/07\/24\/sentido-tributo-a-luisa-molina-a-dos-anos-de-su-fallecimiento\/luisa-2\/'><img loading=\"lazy\" decoding=\"async\" width=\"300\" height=\"200\" src=\"https:\/\/www.eldiario.net\/portal\/wp-content\/uploads\/2023\/07\/Luisa-2-scaled-1-300x200.jpg\" class=\"attachment-medium size-medium\" alt=\"\" srcset=\"https:\/\/www.eldiario.net\/portal\/wp-content\/uploads\/2023\/07\/Luisa-2-scaled-1-300x200.jpg 300w, https:\/\/www.eldiario.net\/portal\/wp-content\/uploads\/2023\/07\/Luisa-2-scaled-1-1024x683.jpg 1024w, https:\/\/www.eldiario.net\/portal\/wp-content\/uploads\/2023\/07\/Luisa-2-scaled-1-768x512.jpg 768w, https:\/\/www.eldiario.net\/portal\/wp-content\/uploads\/2023\/07\/Luisa-2-scaled-1-1536x1024.jpg 1536w, https:\/\/www.eldiario.net\/portal\/wp-content\/uploads\/2023\/07\/Luisa-2-scaled-1-2048x1366.jpg 2048w, https:\/\/www.eldiario.net\/portal\/wp-content\/uploads\/2023\/07\/Luisa-2-scaled-1-696x464.jpg 696w, https:\/\/www.eldiario.net\/portal\/wp-content\/uploads\/2023\/07\/Luisa-2-scaled-1-1068x712.jpg 1068w, https:\/\/www.eldiario.net\/portal\/wp-content\/uploads\/2023\/07\/Luisa-2-scaled-1-1920x1280.jpg 1920w\" sizes=\"auto, (max-width: 300px) 100vw, 300px\" \/><\/a>\n\t\t\t<\/div><\/figure><figure class='gallery-item'>\n\t\t\t<div class='gallery-icon landscape'>\n\t\t\t\t<a href='https:\/\/www.eldiario.net\/portal\/2023\/07\/24\/sentido-tributo-a-luisa-molina-a-dos-anos-de-su-fallecimiento\/luisa-3\/'><img loading=\"lazy\" decoding=\"async\" width=\"300\" height=\"169\" src=\"https:\/\/www.eldiario.net\/portal\/wp-content\/uploads\/2023\/07\/Luisa-3-300x169.jpeg\" class=\"attachment-medium size-medium\" alt=\"\" srcset=\"https:\/\/www.eldiario.net\/portal\/wp-content\/uploads\/2023\/07\/Luisa-3-300x169.jpeg 300w, https:\/\/www.eldiario.net\/portal\/wp-content\/uploads\/2023\/07\/Luisa-3-1024x576.jpeg 1024w, https:\/\/www.eldiario.net\/portal\/wp-content\/uploads\/2023\/07\/Luisa-3-768x432.jpeg 768w, https:\/\/www.eldiario.net\/portal\/wp-content\/uploads\/2023\/07\/Luisa-3-1536x864.jpeg 1536w, https:\/\/www.eldiario.net\/portal\/wp-content\/uploads\/2023\/07\/Luisa-3-696x392.jpeg 696w, https:\/\/www.eldiario.net\/portal\/wp-content\/uploads\/2023\/07\/Luisa-3-1068x601.jpeg 1068w, https:\/\/www.eldiario.net\/portal\/wp-content\/uploads\/2023\/07\/Luisa-3.jpeg 1600w\" sizes=\"auto, (max-width: 300px) 100vw, 300px\" \/><\/a>\n\t\t\t<\/div><\/figure><figure class='gallery-item'>\n\t\t\t<div class='gallery-icon landscape'>\n\t\t\t\t<a href='https:\/\/www.eldiario.net\/portal\/2023\/07\/24\/sentido-tributo-a-luisa-molina-a-dos-anos-de-su-fallecimiento\/luisa-4\/'><img loading=\"lazy\" decoding=\"async\" width=\"300\" height=\"230\" src=\"https:\/\/www.eldiario.net\/portal\/wp-content\/uploads\/2023\/07\/luisa-4-scaled-1-300x230.jpg\" class=\"attachment-medium size-medium\" alt=\"\" srcset=\"https:\/\/www.eldiario.net\/portal\/wp-content\/uploads\/2023\/07\/luisa-4-scaled-1-300x230.jpg 300w, https:\/\/www.eldiario.net\/portal\/wp-content\/uploads\/2023\/07\/luisa-4-scaled-1-1024x785.jpg 1024w, https:\/\/www.eldiario.net\/portal\/wp-content\/uploads\/2023\/07\/luisa-4-scaled-1-768x589.jpg 768w, https:\/\/www.eldiario.net\/portal\/wp-content\/uploads\/2023\/07\/luisa-4-scaled-1-1536x1177.jpg 1536w, https:\/\/www.eldiario.net\/portal\/wp-content\/uploads\/2023\/07\/luisa-4-scaled-1-2048x1570.jpg 2048w, https:\/\/www.eldiario.net\/portal\/wp-content\/uploads\/2023\/07\/luisa-4-scaled-1-696x533.jpg 696w, https:\/\/www.eldiario.net\/portal\/wp-content\/uploads\/2023\/07\/luisa-4-scaled-1-1068x819.jpg 1068w, https:\/\/www.eldiario.net\/portal\/wp-content\/uploads\/2023\/07\/luisa-4-scaled-1-1920x1472.jpg 1920w\" sizes=\"auto, (max-width: 300px) 100vw, 300px\" \/><\/a>\n\t\t\t<\/div><\/figure><figure class='gallery-item'>\n\t\t\t<div class='gallery-icon landscape'>\n\t\t\t\t<a href='https:\/\/www.eldiario.net\/portal\/2023\/07\/24\/sentido-tributo-a-luisa-molina-a-dos-anos-de-su-fallecimiento\/luisa-5\/'><img loading=\"lazy\" decoding=\"async\" width=\"300\" height=\"200\" src=\"https:\/\/www.eldiario.net\/portal\/wp-content\/uploads\/2023\/07\/luisa-5-300x200.jpeg\" class=\"attachment-medium size-medium\" alt=\"\" srcset=\"https:\/\/www.eldiario.net\/portal\/wp-content\/uploads\/2023\/07\/luisa-5-300x200.jpeg 300w, https:\/\/www.eldiario.net\/portal\/wp-content\/uploads\/2023\/07\/luisa-5-1024x682.jpeg 1024w, https:\/\/www.eldiario.net\/portal\/wp-content\/uploads\/2023\/07\/luisa-5-768x512.jpeg 768w, https:\/\/www.eldiario.net\/portal\/wp-content\/uploads\/2023\/07\/luisa-5-1536x1023.jpeg 1536w, https:\/\/www.eldiario.net\/portal\/wp-content\/uploads\/2023\/07\/luisa-5-696x464.jpeg 696w, https:\/\/www.eldiario.net\/portal\/wp-content\/uploads\/2023\/07\/luisa-5-1068x712.jpeg 1068w, https:\/\/www.eldiario.net\/portal\/wp-content\/uploads\/2023\/07\/luisa-5.jpeg 1600w\" sizes=\"auto, (max-width: 300px) 100vw, 300px\" \/><\/a>\n\t\t\t<\/div><\/figure><figure class='gallery-item'>\n\t\t\t<div class='gallery-icon landscape'>\n\t\t\t\t<a href='https:\/\/www.eldiario.net\/portal\/2023\/07\/24\/sentido-tributo-a-luisa-molina-a-dos-anos-de-su-fallecimiento\/luisa-6\/'><img loading=\"lazy\" decoding=\"async\" width=\"300\" height=\"145\" src=\"https:\/\/www.eldiario.net\/portal\/wp-content\/uploads\/2023\/07\/luisa-6-300x145.jpeg\" class=\"attachment-medium size-medium\" alt=\"\" srcset=\"https:\/\/www.eldiario.net\/portal\/wp-content\/uploads\/2023\/07\/luisa-6-300x145.jpeg 300w, https:\/\/www.eldiario.net\/portal\/wp-content\/uploads\/2023\/07\/luisa-6-1024x493.jpeg 1024w, https:\/\/www.eldiario.net\/portal\/wp-content\/uploads\/2023\/07\/luisa-6-768x370.jpeg 768w, https:\/\/www.eldiario.net\/portal\/wp-content\/uploads\/2023\/07\/luisa-6-1536x740.jpeg 1536w, https:\/\/www.eldiario.net\/portal\/wp-content\/uploads\/2023\/07\/luisa-6-696x335.jpeg 696w, https:\/\/www.eldiario.net\/portal\/wp-content\/uploads\/2023\/07\/luisa-6-1068x515.jpeg 1068w, https:\/\/www.eldiario.net\/portal\/wp-content\/uploads\/2023\/07\/luisa-6.jpeg 1600w\" sizes=\"auto, (max-width: 300px) 100vw, 300px\" \/><\/a>\n\t\t\t<\/div><\/figure>\n\t\t<\/div>\n\n","protected":false},"excerpt":{"rendered":"<p>Luisa Gabriela Molina Terrazas, art\u00edsticamente conocida como Luisa Molina, naci\u00f3 en Uyuni el 25 de agosto de 1955 y falleci\u00f3 el 30 de mayo de 2021. Fue, sin duda, una gran artista y cantante de m\u00fasica folcl\u00f3rica boliviana. Su partida ha calado profundamente en la sensibilidad de todo el p\u00fablico que escuch\u00f3 su m\u00fasica y [&hellip;]<\/p>\n","protected":false},"author":1,"featured_media":167328,"comment_status":"closed","ping_status":"open","sticky":false,"template":"","format":"standard","meta":{"_acf_changed":false,"footnotes":""},"categories":[41],"tags":[],"class_list":["post-167327","post","type-post","status-publish","format-standard","has-post-thumbnail","category-la-guia"],"acf":{"antetitulo":""},"yoast_head":"<!-- This site is optimized with the Yoast SEO plugin v28.4 - https:\/\/yoast.com\/product\/yoast-seo-wordpress\/ -->\n<title>Sentido tributo a Luisa Molina a dos a\u00f1os de su fallecimiento - El Diario - Bolivia<\/title>\n<meta name=\"robots\" content=\"index, follow, max-snippet:-1, max-image-preview:large, max-video-preview:-1\" \/>\n<link rel=\"canonical\" href=\"https:\/\/www.eldiario.net\/portal\/2023\/07\/24\/sentido-tributo-a-luisa-molina-a-dos-anos-de-su-fallecimiento\/\" \/>\n<meta property=\"og:locale\" content=\"es_ES\" \/>\n<meta property=\"og:type\" content=\"article\" \/>\n<meta property=\"og:title\" content=\"Sentido tributo a Luisa Molina a dos a\u00f1os de su fallecimiento - El Diario - Bolivia\" \/>\n<meta property=\"og:description\" content=\"Luisa Gabriela Molina Terrazas, art\u00edsticamente conocida como Luisa Molina, naci\u00f3 en Uyuni el 25 de agosto de 1955 y falleci\u00f3 el 30 de mayo de 2021. Fue, sin duda, una gran artista y cantante de m\u00fasica folcl\u00f3rica boliviana. Su partida ha calado profundamente en la sensibilidad de todo el p\u00fablico que escuch\u00f3 su m\u00fasica y [&hellip;]\" \/>\n<meta property=\"og:url\" content=\"https:\/\/www.eldiario.net\/portal\/2023\/07\/24\/sentido-tributo-a-luisa-molina-a-dos-anos-de-su-fallecimiento\/\" \/>\n<meta property=\"og:site_name\" content=\"El Diario - Bolivia\" \/>\n<meta property=\"article:publisher\" content=\"https:\/\/www.facebook.com\/eldiario.bolivia\/\" \/>\n<meta property=\"article:published_time\" content=\"2023-07-24T11:06:28+00:00\" \/>\n<meta property=\"og:image\" content=\"https:\/\/www.eldiario.net\/portal\/wp-content\/uploads\/2023\/07\/luisa-1-PRINCIPAL-scaled-1.jpg\" \/>\n\t<meta property=\"og:image:width\" content=\"2560\" \/>\n\t<meta property=\"og:image:height\" content=\"2560\" \/>\n\t<meta property=\"og:image:type\" content=\"image\/jpeg\" \/>\n<meta name=\"author\" content=\"Jeanette\" \/>\n<meta name=\"twitter:card\" content=\"summary_large_image\" \/>\n<meta name=\"twitter:creator\" content=\"@eldiario_net\" \/>\n<meta name=\"twitter:site\" content=\"@eldiario_net\" \/>\n<meta name=\"twitter:label1\" content=\"Escrito por\" \/>\n\t<meta name=\"twitter:data1\" content=\"Jeanette\" \/>\n\t<meta name=\"twitter:label2\" content=\"Tiempo de lectura\" \/>\n\t<meta name=\"twitter:data2\" content=\"5 minutos\" \/>\n<script type=\"application\/ld+json\" class=\"yoast-schema-graph\">{\"@context\":\"https:\\\/\\\/schema.org\",\"@graph\":[{\"@type\":\"Article\",\"@id\":\"https:\\\/\\\/www.eldiario.net\\\/portal\\\/2023\\\/07\\\/24\\\/sentido-tributo-a-luisa-molina-a-dos-anos-de-su-fallecimiento\\\/#article\",\"isPartOf\":{\"@id\":\"https:\\\/\\\/www.eldiario.net\\\/portal\\\/2023\\\/07\\\/24\\\/sentido-tributo-a-luisa-molina-a-dos-anos-de-su-fallecimiento\\\/\"},\"author\":{\"name\":\"Jeanette\",\"@id\":\"https:\\\/\\\/www.eldiario.net\\\/portal\\\/#\\\/schema\\\/person\\\/2c57cf2b7a7ae032e449e4c9b1019eac\"},\"headline\":\"Sentido tributo a Luisa Molina a dos a\u00f1os de su fallecimiento\",\"datePublished\":\"2023-07-24T11:06:28+00:00\",\"mainEntityOfPage\":{\"@id\":\"https:\\\/\\\/www.eldiario.net\\\/portal\\\/2023\\\/07\\\/24\\\/sentido-tributo-a-luisa-molina-a-dos-anos-de-su-fallecimiento\\\/\"},\"wordCount\":1112,\"publisher\":{\"@id\":\"https:\\\/\\\/www.eldiario.net\\\/portal\\\/#organization\"},\"image\":{\"@id\":\"https:\\\/\\\/www.eldiario.net\\\/portal\\\/2023\\\/07\\\/24\\\/sentido-tributo-a-luisa-molina-a-dos-anos-de-su-fallecimiento\\\/#primaryimage\"},\"thumbnailUrl\":\"https:\\\/\\\/www.eldiario.net\\\/portal\\\/wp-content\\\/uploads\\\/2023\\\/07\\\/luisa-1-PRINCIPAL-scaled-1.jpg\",\"articleSection\":[\"La Gu\u00eda\"],\"inLanguage\":\"es\"},{\"@type\":\"WebPage\",\"@id\":\"https:\\\/\\\/www.eldiario.net\\\/portal\\\/2023\\\/07\\\/24\\\/sentido-tributo-a-luisa-molina-a-dos-anos-de-su-fallecimiento\\\/\",\"url\":\"https:\\\/\\\/www.eldiario.net\\\/portal\\\/2023\\\/07\\\/24\\\/sentido-tributo-a-luisa-molina-a-dos-anos-de-su-fallecimiento\\\/\",\"name\":\"Sentido tributo a Luisa Molina a dos a\u00f1os de su fallecimiento - El Diario - Bolivia\",\"isPartOf\":{\"@id\":\"https:\\\/\\\/www.eldiario.net\\\/portal\\\/#website\"},\"primaryImageOfPage\":{\"@id\":\"https:\\\/\\\/www.eldiario.net\\\/portal\\\/2023\\\/07\\\/24\\\/sentido-tributo-a-luisa-molina-a-dos-anos-de-su-fallecimiento\\\/#primaryimage\"},\"image\":{\"@id\":\"https:\\\/\\\/www.eldiario.net\\\/portal\\\/2023\\\/07\\\/24\\\/sentido-tributo-a-luisa-molina-a-dos-anos-de-su-fallecimiento\\\/#primaryimage\"},\"thumbnailUrl\":\"https:\\\/\\\/www.eldiario.net\\\/portal\\\/wp-content\\\/uploads\\\/2023\\\/07\\\/luisa-1-PRINCIPAL-scaled-1.jpg\",\"datePublished\":\"2023-07-24T11:06:28+00:00\",\"breadcrumb\":{\"@id\":\"https:\\\/\\\/www.eldiario.net\\\/portal\\\/2023\\\/07\\\/24\\\/sentido-tributo-a-luisa-molina-a-dos-anos-de-su-fallecimiento\\\/#breadcrumb\"},\"inLanguage\":\"es\",\"potentialAction\":[{\"@type\":\"ReadAction\",\"target\":[\"https:\\\/\\\/www.eldiario.net\\\/portal\\\/2023\\\/07\\\/24\\\/sentido-tributo-a-luisa-molina-a-dos-anos-de-su-fallecimiento\\\/\"]}]},{\"@type\":\"ImageObject\",\"inLanguage\":\"es\",\"@id\":\"https:\\\/\\\/www.eldiario.net\\\/portal\\\/2023\\\/07\\\/24\\\/sentido-tributo-a-luisa-molina-a-dos-anos-de-su-fallecimiento\\\/#primaryimage\",\"url\":\"https:\\\/\\\/www.eldiario.net\\\/portal\\\/wp-content\\\/uploads\\\/2023\\\/07\\\/luisa-1-PRINCIPAL-scaled-1.jpg\",\"contentUrl\":\"https:\\\/\\\/www.eldiario.net\\\/portal\\\/wp-content\\\/uploads\\\/2023\\\/07\\\/luisa-1-PRINCIPAL-scaled-1.jpg\",\"width\":2560,\"height\":2560},{\"@type\":\"BreadcrumbList\",\"@id\":\"https:\\\/\\\/www.eldiario.net\\\/portal\\\/2023\\\/07\\\/24\\\/sentido-tributo-a-luisa-molina-a-dos-anos-de-su-fallecimiento\\\/#breadcrumb\",\"itemListElement\":[{\"@type\":\"ListItem\",\"position\":1,\"name\":\"Portada\",\"item\":\"https:\\\/\\\/www.eldiario.net\\\/portal\\\/\"},{\"@type\":\"ListItem\",\"position\":2,\"name\":\"Sentido tributo a Luisa Molina a dos a\u00f1os de su fallecimiento\"}]},{\"@type\":\"WebSite\",\"@id\":\"https:\\\/\\\/www.eldiario.net\\\/portal\\\/#website\",\"url\":\"https:\\\/\\\/www.eldiario.net\\\/portal\\\/\",\"name\":\"El Diario - Decano de la prensa nacional\",\"description\":\"El Diario - Decano de la prensa nacional\",\"publisher\":{\"@id\":\"https:\\\/\\\/www.eldiario.net\\\/portal\\\/#organization\"},\"potentialAction\":[{\"@type\":\"SearchAction\",\"target\":{\"@type\":\"EntryPoint\",\"urlTemplate\":\"https:\\\/\\\/www.eldiario.net\\\/portal\\\/?s={search_term_string}\"},\"query-input\":{\"@type\":\"PropertyValueSpecification\",\"valueRequired\":true,\"valueName\":\"search_term_string\"}}],\"inLanguage\":\"es\"},{\"@type\":\"Organization\",\"@id\":\"https:\\\/\\\/www.eldiario.net\\\/portal\\\/#organization\",\"name\":\"El Diario - Decano de la prensa nacional\",\"url\":\"https:\\\/\\\/www.eldiario.net\\\/portal\\\/\",\"logo\":{\"@type\":\"ImageObject\",\"inLanguage\":\"es\",\"@id\":\"https:\\\/\\\/www.eldiario.net\\\/portal\\\/#\\\/schema\\\/logo\\\/image\\\/\",\"url\":\"https:\\\/\\\/www.eldiario.net\\\/portal\\\/wp-content\\\/uploads\\\/2023\\\/07\\\/logo_ED.jpg\",\"contentUrl\":\"https:\\\/\\\/www.eldiario.net\\\/portal\\\/wp-content\\\/uploads\\\/2023\\\/07\\\/logo_ED.jpg\",\"width\":272,\"height\":52,\"caption\":\"El Diario - Decano de la prensa nacional\"},\"image\":{\"@id\":\"https:\\\/\\\/www.eldiario.net\\\/portal\\\/#\\\/schema\\\/logo\\\/image\\\/\"},\"sameAs\":[\"https:\\\/\\\/www.facebook.com\\\/eldiario.bolivia\\\/\",\"https:\\\/\\\/x.com\\\/eldiario_net\"]},{\"@type\":\"Person\",\"@id\":\"https:\\\/\\\/www.eldiario.net\\\/portal\\\/#\\\/schema\\\/person\\\/2c57cf2b7a7ae032e449e4c9b1019eac\",\"name\":\"Jeanette\",\"image\":{\"@type\":\"ImageObject\",\"inLanguage\":\"es\",\"@id\":\"https:\\\/\\\/secure.gravatar.com\\\/avatar\\\/3ea2118a5f7dad2b7138b1187a6b7ee55f160b9968b66013c3a3ef39dd7e5798?s=96&d=mm&r=g\",\"url\":\"https:\\\/\\\/secure.gravatar.com\\\/avatar\\\/3ea2118a5f7dad2b7138b1187a6b7ee55f160b9968b66013c3a3ef39dd7e5798?s=96&d=mm&r=g\",\"contentUrl\":\"https:\\\/\\\/secure.gravatar.com\\\/avatar\\\/3ea2118a5f7dad2b7138b1187a6b7ee55f160b9968b66013c3a3ef39dd7e5798?s=96&d=mm&r=g\",\"caption\":\"Jeanette\"},\"sameAs\":[\"https:\\\/\\\/www.eldiario.net\\\/portal\"],\"url\":\"https:\\\/\\\/www.eldiario.net\\\/portal\\\/author\\\/jeanette\\\/\"}]}<\/script>\n<!-- \/ Yoast SEO plugin. -->","yoast_head_json":{"title":"Sentido tributo a Luisa Molina a dos a\u00f1os de su fallecimiento - El Diario - Bolivia","robots":{"index":"index","follow":"follow","max-snippet":"max-snippet:-1","max-image-preview":"max-image-preview:large","max-video-preview":"max-video-preview:-1"},"canonical":"https:\/\/www.eldiario.net\/portal\/2023\/07\/24\/sentido-tributo-a-luisa-molina-a-dos-anos-de-su-fallecimiento\/","og_locale":"es_ES","og_type":"article","og_title":"Sentido tributo a Luisa Molina a dos a\u00f1os de su fallecimiento - El Diario - Bolivia","og_description":"Luisa Gabriela Molina Terrazas, art\u00edsticamente conocida como Luisa Molina, naci\u00f3 en Uyuni el 25 de agosto de 1955 y falleci\u00f3 el 30 de mayo de 2021. Fue, sin duda, una gran artista y cantante de m\u00fasica folcl\u00f3rica boliviana. Su partida ha calado profundamente en la sensibilidad de todo el p\u00fablico que escuch\u00f3 su m\u00fasica y [&hellip;]","og_url":"https:\/\/www.eldiario.net\/portal\/2023\/07\/24\/sentido-tributo-a-luisa-molina-a-dos-anos-de-su-fallecimiento\/","og_site_name":"El Diario - Bolivia","article_publisher":"https:\/\/www.facebook.com\/eldiario.bolivia\/","article_published_time":"2023-07-24T11:06:28+00:00","og_image":[{"width":2560,"height":2560,"url":"https:\/\/www.eldiario.net\/portal\/wp-content\/uploads\/2023\/07\/luisa-1-PRINCIPAL-scaled-1.jpg","type":"image\/jpeg"}],"author":"Jeanette","twitter_card":"summary_large_image","twitter_creator":"@eldiario_net","twitter_site":"@eldiario_net","twitter_misc":{"Escrito por":"Jeanette","Tiempo de lectura":"5 minutos"},"schema":{"@context":"https:\/\/schema.org","@graph":[{"@type":"Article","@id":"https:\/\/www.eldiario.net\/portal\/2023\/07\/24\/sentido-tributo-a-luisa-molina-a-dos-anos-de-su-fallecimiento\/#article","isPartOf":{"@id":"https:\/\/www.eldiario.net\/portal\/2023\/07\/24\/sentido-tributo-a-luisa-molina-a-dos-anos-de-su-fallecimiento\/"},"author":{"name":"Jeanette","@id":"https:\/\/www.eldiario.net\/portal\/#\/schema\/person\/2c57cf2b7a7ae032e449e4c9b1019eac"},"headline":"Sentido tributo a Luisa Molina a dos a\u00f1os de su fallecimiento","datePublished":"2023-07-24T11:06:28+00:00","mainEntityOfPage":{"@id":"https:\/\/www.eldiario.net\/portal\/2023\/07\/24\/sentido-tributo-a-luisa-molina-a-dos-anos-de-su-fallecimiento\/"},"wordCount":1112,"publisher":{"@id":"https:\/\/www.eldiario.net\/portal\/#organization"},"image":{"@id":"https:\/\/www.eldiario.net\/portal\/2023\/07\/24\/sentido-tributo-a-luisa-molina-a-dos-anos-de-su-fallecimiento\/#primaryimage"},"thumbnailUrl":"https:\/\/www.eldiario.net\/portal\/wp-content\/uploads\/2023\/07\/luisa-1-PRINCIPAL-scaled-1.jpg","articleSection":["La Gu\u00eda"],"inLanguage":"es"},{"@type":"WebPage","@id":"https:\/\/www.eldiario.net\/portal\/2023\/07\/24\/sentido-tributo-a-luisa-molina-a-dos-anos-de-su-fallecimiento\/","url":"https:\/\/www.eldiario.net\/portal\/2023\/07\/24\/sentido-tributo-a-luisa-molina-a-dos-anos-de-su-fallecimiento\/","name":"Sentido tributo a Luisa Molina a dos a\u00f1os de su fallecimiento - El Diario - Bolivia","isPartOf":{"@id":"https:\/\/www.eldiario.net\/portal\/#website"},"primaryImageOfPage":{"@id":"https:\/\/www.eldiario.net\/portal\/2023\/07\/24\/sentido-tributo-a-luisa-molina-a-dos-anos-de-su-fallecimiento\/#primaryimage"},"image":{"@id":"https:\/\/www.eldiario.net\/portal\/2023\/07\/24\/sentido-tributo-a-luisa-molina-a-dos-anos-de-su-fallecimiento\/#primaryimage"},"thumbnailUrl":"https:\/\/www.eldiario.net\/portal\/wp-content\/uploads\/2023\/07\/luisa-1-PRINCIPAL-scaled-1.jpg","datePublished":"2023-07-24T11:06:28+00:00","breadcrumb":{"@id":"https:\/\/www.eldiario.net\/portal\/2023\/07\/24\/sentido-tributo-a-luisa-molina-a-dos-anos-de-su-fallecimiento\/#breadcrumb"},"inLanguage":"es","potentialAction":[{"@type":"ReadAction","target":["https:\/\/www.eldiario.net\/portal\/2023\/07\/24\/sentido-tributo-a-luisa-molina-a-dos-anos-de-su-fallecimiento\/"]}]},{"@type":"ImageObject","inLanguage":"es","@id":"https:\/\/www.eldiario.net\/portal\/2023\/07\/24\/sentido-tributo-a-luisa-molina-a-dos-anos-de-su-fallecimiento\/#primaryimage","url":"https:\/\/www.eldiario.net\/portal\/wp-content\/uploads\/2023\/07\/luisa-1-PRINCIPAL-scaled-1.jpg","contentUrl":"https:\/\/www.eldiario.net\/portal\/wp-content\/uploads\/2023\/07\/luisa-1-PRINCIPAL-scaled-1.jpg","width":2560,"height":2560},{"@type":"BreadcrumbList","@id":"https:\/\/www.eldiario.net\/portal\/2023\/07\/24\/sentido-tributo-a-luisa-molina-a-dos-anos-de-su-fallecimiento\/#breadcrumb","itemListElement":[{"@type":"ListItem","position":1,"name":"Portada","item":"https:\/\/www.eldiario.net\/portal\/"},{"@type":"ListItem","position":2,"name":"Sentido tributo a Luisa Molina a dos a\u00f1os de su fallecimiento"}]},{"@type":"WebSite","@id":"https:\/\/www.eldiario.net\/portal\/#website","url":"https:\/\/www.eldiario.net\/portal\/","name":"El Diario - Decano de la prensa nacional","description":"El Diario - Decano de la prensa nacional","publisher":{"@id":"https:\/\/www.eldiario.net\/portal\/#organization"},"potentialAction":[{"@type":"SearchAction","target":{"@type":"EntryPoint","urlTemplate":"https:\/\/www.eldiario.net\/portal\/?s={search_term_string}"},"query-input":{"@type":"PropertyValueSpecification","valueRequired":true,"valueName":"search_term_string"}}],"inLanguage":"es"},{"@type":"Organization","@id":"https:\/\/www.eldiario.net\/portal\/#organization","name":"El Diario - Decano de la prensa nacional","url":"https:\/\/www.eldiario.net\/portal\/","logo":{"@type":"ImageObject","inLanguage":"es","@id":"https:\/\/www.eldiario.net\/portal\/#\/schema\/logo\/image\/","url":"https:\/\/www.eldiario.net\/portal\/wp-content\/uploads\/2023\/07\/logo_ED.jpg","contentUrl":"https:\/\/www.eldiario.net\/portal\/wp-content\/uploads\/2023\/07\/logo_ED.jpg","width":272,"height":52,"caption":"El Diario - Decano de la prensa nacional"},"image":{"@id":"https:\/\/www.eldiario.net\/portal\/#\/schema\/logo\/image\/"},"sameAs":["https:\/\/www.facebook.com\/eldiario.bolivia\/","https:\/\/x.com\/eldiario_net"]},{"@type":"Person","@id":"https:\/\/www.eldiario.net\/portal\/#\/schema\/person\/2c57cf2b7a7ae032e449e4c9b1019eac","name":"Jeanette","image":{"@type":"ImageObject","inLanguage":"es","@id":"https:\/\/secure.gravatar.com\/avatar\/3ea2118a5f7dad2b7138b1187a6b7ee55f160b9968b66013c3a3ef39dd7e5798?s=96&d=mm&r=g","url":"https:\/\/secure.gravatar.com\/avatar\/3ea2118a5f7dad2b7138b1187a6b7ee55f160b9968b66013c3a3ef39dd7e5798?s=96&d=mm&r=g","contentUrl":"https:\/\/secure.gravatar.com\/avatar\/3ea2118a5f7dad2b7138b1187a6b7ee55f160b9968b66013c3a3ef39dd7e5798?s=96&d=mm&r=g","caption":"Jeanette"},"sameAs":["https:\/\/www.eldiario.net\/portal"],"url":"https:\/\/www.eldiario.net\/portal\/author\/jeanette\/"}]}},"_links":{"self":[{"href":"https:\/\/www.eldiario.net\/portal\/wp-json\/wp\/v2\/posts\/167327","targetHints":{"allow":["GET"]}}],"collection":[{"href":"https:\/\/www.eldiario.net\/portal\/wp-json\/wp\/v2\/posts"}],"about":[{"href":"https:\/\/www.eldiario.net\/portal\/wp-json\/wp\/v2\/types\/post"}],"author":[{"embeddable":true,"href":"https:\/\/www.eldiario.net\/portal\/wp-json\/wp\/v2\/users\/1"}],"replies":[{"embeddable":true,"href":"https:\/\/www.eldiario.net\/portal\/wp-json\/wp\/v2\/comments?post=167327"}],"version-history":[{"count":0,"href":"https:\/\/www.eldiario.net\/portal\/wp-json\/wp\/v2\/posts\/167327\/revisions"}],"wp:featuredmedia":[{"embeddable":true,"href":"https:\/\/www.eldiario.net\/portal\/wp-json\/wp\/v2\/media\/167328"}],"wp:attachment":[{"href":"https:\/\/www.eldiario.net\/portal\/wp-json\/wp\/v2\/media?parent=167327"}],"wp:term":[{"taxonomy":"category","embeddable":true,"href":"https:\/\/www.eldiario.net\/portal\/wp-json\/wp\/v2\/categories?post=167327"},{"taxonomy":"post_tag","embeddable":true,"href":"https:\/\/www.eldiario.net\/portal\/wp-json\/wp\/v2\/tags?post=167327"}],"curies":[{"name":"wp","href":"https:\/\/api.w.org\/{rel}","templated":true}]}}