{"id":167324,"date":"2023-07-24T07:02:35","date_gmt":"2023-07-24T11:02:35","guid":{"rendered":"https:\/\/www.eldiario.net\/portal\/?p=167324"},"modified":"2023-07-24T07:02:35","modified_gmt":"2023-07-24T11:02:35","slug":"los-relojes-samsung-podran-decirte-la-temperatura-de-objetos-en-tu-entorno","status":"publish","type":"post","link":"https:\/\/www.eldiario.net\/portal\/2023\/07\/24\/los-relojes-samsung-podran-decirte-la-temperatura-de-objetos-en-tu-entorno\/","title":{"rendered":"Los relojes Samsung podr\u00e1n decirte la temperatura de objetos en tu entorno"},"content":{"rendered":"<p>Sin duda alguna el\u00a0Galaxy Watch 5\u00a0es uno de los mejores relojes con Wear OS del mercado.<\/p>\n<p>Con la presencia de distintas opciones en el marcado mantener el reloj actualizado y lanzar nuevas funciones constantemente ser\u00e1 una prioridad para los fabricantes.<\/p>\n<p>Gracias a Wear OS, es posible lanzar actualizaciones de sistema de la misma manera que se har\u00eda con un celular Android, y ya estamos viendo dispositivos que aprovechan esto para ganar nuevas funciones con el paso del tiempo.<\/p>\n<p>El mejor ejemplo \u00a0lo tenemos en Samsung, que ha anunciado actualizaciones para todos sus relojes basados en Wear OS. Por ejemplo, el Galaxy Watch 4 por fin tendr\u00e1 acceso a Samsung Wallet, lo que nos permitir\u00e1 pagar con el reloj con Samsung Pay y usar tarjetas con Samsung Pass.<\/p>\n<p>Pero tal vez la novedad m\u00e1s llamativa pero que a\u00fan no est\u00e1 disponible: Thermo Check.<\/p>\n<p>Ese es el nombre de una nueva funci\u00f3n que permitir\u00e1 medir la temperatura de objetos y de nuestro entorno directamente con el reloj. Lo m\u00e1s interesante es que el contacto f\u00edsico no ser\u00e1 necesario, ya que la funci\u00f3n usar\u00e1 el sensor de rayos infrarrojos que ya est\u00e1 integrado en el Galaxy Watch 5. El software usa la misma API que el term\u00f3metro integrado en el reloj, por lo que adem\u00e1s de las apps de Samsung, otros desarrolladores tambi\u00e9n podr\u00e1n obtener y usar ese dato para sus aplicaciones.<\/p>\n<p>Seg\u00fan Samsung, la tecnolog\u00eda de infrarrojos ser\u00e1 capaz de medir la temperatura de nuestro entorno, desde la comida que estamos a punto de disfrutar, o el agua de la piscina a la que vamos a saltar. Conocer la temperatura es de esas cosas que pueden ser extremadamente \u00fatiles para muchas personas.<\/p>\n<p>Sin embargo, la funcionalidad no ser\u00e1 activada al menos hasta el lanzamiento del Galaxy Watch 6, cuya presentaci\u00f3n se espera para\u00a0el Samsung Unpacked\u00a0que se celebrar\u00e1 esta semana en Se\u00fal junto con los nuevos celulares plegables de Samsung. Es evidente que la compa\u00f1\u00eda quiere promocionar esta funci\u00f3n como una de las novedades de su nuevo smartwatch, aunque no se espera que sea la \u00fanica. Una vez que el Galaxy Watch 6 sea lanzado, el Galaxy Watch 5 tambi\u00e9n recibir\u00e1 la misma funci\u00f3n, porque ya tiene el &#8216;hardware&#8217; necesario para activarla.<\/p>\n","protected":false},"excerpt":{"rendered":"<p>Sin duda alguna el\u00a0Galaxy Watch 5\u00a0es uno de los mejores relojes con Wear OS del mercado. Con la presencia de distintas opciones en el marcado mantener el reloj actualizado y lanzar nuevas funciones constantemente ser\u00e1 una prioridad para los fabricantes. Gracias a Wear OS, es posible lanzar actualizaciones de sistema de la misma manera que [&hellip;]<\/p>\n","protected":false},"author":1,"featured_media":167325,"comment_status":"closed","ping_status":"open","sticky":false,"template":"","format":"standard","meta":{"_acf_changed":false,"footnotes":""},"categories":[46],"tags":[],"class_list":["post-167324","post","type-post","status-publish","format-standard","has-post-thumbnail","category-ciencia-computacion"],"acf":{"antetitulo":""},"yoast_head":"<!-- This site is optimized with the Yoast SEO plugin v28.4 - https:\/\/yoast.com\/product\/yoast-seo-wordpress\/ -->\n<title>Los relojes Samsung podr\u00e1n decirte la temperatura de objetos en tu entorno - El Diario - Bolivia<\/title>\n<meta name=\"robots\" content=\"index, follow, max-snippet:-1, max-image-preview:large, max-video-preview:-1\" \/>\n<link rel=\"canonical\" href=\"https:\/\/www.eldiario.net\/portal\/2023\/07\/24\/los-relojes-samsung-podran-decirte-la-temperatura-de-objetos-en-tu-entorno\/\" \/>\n<meta property=\"og:locale\" content=\"es_ES\" \/>\n<meta property=\"og:type\" content=\"article\" \/>\n<meta property=\"og:title\" content=\"Los relojes Samsung podr\u00e1n decirte la temperatura de objetos en tu entorno - El Diario - Bolivia\" \/>\n<meta property=\"og:description\" content=\"Sin duda alguna el\u00a0Galaxy Watch 5\u00a0es uno de los mejores relojes con Wear OS del mercado. Con la presencia de distintas opciones en el marcado mantener el reloj actualizado y lanzar nuevas funciones constantemente ser\u00e1 una prioridad para los fabricantes. Gracias a Wear OS, es posible lanzar actualizaciones de sistema de la misma manera que [&hellip;]\" \/>\n<meta property=\"og:url\" content=\"https:\/\/www.eldiario.net\/portal\/2023\/07\/24\/los-relojes-samsung-podran-decirte-la-temperatura-de-objetos-en-tu-entorno\/\" \/>\n<meta property=\"og:site_name\" content=\"El Diario - Bolivia\" \/>\n<meta property=\"article:publisher\" content=\"https:\/\/www.facebook.com\/eldiario.bolivia\/\" \/>\n<meta property=\"article:published_time\" content=\"2023-07-24T11:02:35+00:00\" \/>\n<meta property=\"og:image\" content=\"https:\/\/www.eldiario.net\/portal\/wp-content\/uploads\/2023\/07\/2-A-2.jpg\" \/>\n\t<meta property=\"og:image:width\" content=\"1458\" \/>\n\t<meta property=\"og:image:height\" content=\"972\" \/>\n\t<meta property=\"og:image:type\" content=\"image\/jpeg\" \/>\n<meta name=\"author\" content=\"Jeanette\" \/>\n<meta name=\"twitter:card\" content=\"summary_large_image\" \/>\n<meta name=\"twitter:creator\" content=\"@eldiario_net\" \/>\n<meta name=\"twitter:site\" content=\"@eldiario_net\" \/>\n<meta name=\"twitter:label1\" content=\"Escrito por\" \/>\n\t<meta name=\"twitter:data1\" content=\"Jeanette\" \/>\n\t<meta name=\"twitter:label2\" content=\"Tiempo de lectura\" \/>\n\t<meta name=\"twitter:data2\" content=\"2 minutos\" \/>\n<script type=\"application\/ld+json\" class=\"yoast-schema-graph\">{\"@context\":\"https:\\\/\\\/schema.org\",\"@graph\":[{\"@type\":\"Article\",\"@id\":\"https:\\\/\\\/www.eldiario.net\\\/portal\\\/2023\\\/07\\\/24\\\/los-relojes-samsung-podran-decirte-la-temperatura-de-objetos-en-tu-entorno\\\/#article\",\"isPartOf\":{\"@id\":\"https:\\\/\\\/www.eldiario.net\\\/portal\\\/2023\\\/07\\\/24\\\/los-relojes-samsung-podran-decirte-la-temperatura-de-objetos-en-tu-entorno\\\/\"},\"author\":{\"name\":\"Jeanette\",\"@id\":\"https:\\\/\\\/www.eldiario.net\\\/portal\\\/#\\\/schema\\\/person\\\/2c57cf2b7a7ae032e449e4c9b1019eac\"},\"headline\":\"Los relojes Samsung podr\u00e1n decirte la temperatura de objetos en tu entorno\",\"datePublished\":\"2023-07-24T11:02:35+00:00\",\"mainEntityOfPage\":{\"@id\":\"https:\\\/\\\/www.eldiario.net\\\/portal\\\/2023\\\/07\\\/24\\\/los-relojes-samsung-podran-decirte-la-temperatura-de-objetos-en-tu-entorno\\\/\"},\"wordCount\":399,\"publisher\":{\"@id\":\"https:\\\/\\\/www.eldiario.net\\\/portal\\\/#organization\"},\"image\":{\"@id\":\"https:\\\/\\\/www.eldiario.net\\\/portal\\\/2023\\\/07\\\/24\\\/los-relojes-samsung-podran-decirte-la-temperatura-de-objetos-en-tu-entorno\\\/#primaryimage\"},\"thumbnailUrl\":\"https:\\\/\\\/www.eldiario.net\\\/portal\\\/wp-content\\\/uploads\\\/2023\\\/07\\\/2-A-2.jpg\",\"articleSection\":[\"Ciencia y Computaci\u00f3n\"],\"inLanguage\":\"es\"},{\"@type\":\"WebPage\",\"@id\":\"https:\\\/\\\/www.eldiario.net\\\/portal\\\/2023\\\/07\\\/24\\\/los-relojes-samsung-podran-decirte-la-temperatura-de-objetos-en-tu-entorno\\\/\",\"url\":\"https:\\\/\\\/www.eldiario.net\\\/portal\\\/2023\\\/07\\\/24\\\/los-relojes-samsung-podran-decirte-la-temperatura-de-objetos-en-tu-entorno\\\/\",\"name\":\"Los relojes Samsung podr\u00e1n decirte la temperatura de objetos en tu entorno - El Diario - Bolivia\",\"isPartOf\":{\"@id\":\"https:\\\/\\\/www.eldiario.net\\\/portal\\\/#website\"},\"primaryImageOfPage\":{\"@id\":\"https:\\\/\\\/www.eldiario.net\\\/portal\\\/2023\\\/07\\\/24\\\/los-relojes-samsung-podran-decirte-la-temperatura-de-objetos-en-tu-entorno\\\/#primaryimage\"},\"image\":{\"@id\":\"https:\\\/\\\/www.eldiario.net\\\/portal\\\/2023\\\/07\\\/24\\\/los-relojes-samsung-podran-decirte-la-temperatura-de-objetos-en-tu-entorno\\\/#primaryimage\"},\"thumbnailUrl\":\"https:\\\/\\\/www.eldiario.net\\\/portal\\\/wp-content\\\/uploads\\\/2023\\\/07\\\/2-A-2.jpg\",\"datePublished\":\"2023-07-24T11:02:35+00:00\",\"breadcrumb\":{\"@id\":\"https:\\\/\\\/www.eldiario.net\\\/portal\\\/2023\\\/07\\\/24\\\/los-relojes-samsung-podran-decirte-la-temperatura-de-objetos-en-tu-entorno\\\/#breadcrumb\"},\"inLanguage\":\"es\",\"potentialAction\":[{\"@type\":\"ReadAction\",\"target\":[\"https:\\\/\\\/www.eldiario.net\\\/portal\\\/2023\\\/07\\\/24\\\/los-relojes-samsung-podran-decirte-la-temperatura-de-objetos-en-tu-entorno\\\/\"]}]},{\"@type\":\"ImageObject\",\"inLanguage\":\"es\",\"@id\":\"https:\\\/\\\/www.eldiario.net\\\/portal\\\/2023\\\/07\\\/24\\\/los-relojes-samsung-podran-decirte-la-temperatura-de-objetos-en-tu-entorno\\\/#primaryimage\",\"url\":\"https:\\\/\\\/www.eldiario.net\\\/portal\\\/wp-content\\\/uploads\\\/2023\\\/07\\\/2-A-2.jpg\",\"contentUrl\":\"https:\\\/\\\/www.eldiario.net\\\/portal\\\/wp-content\\\/uploads\\\/2023\\\/07\\\/2-A-2.jpg\",\"width\":1458,\"height\":972},{\"@type\":\"BreadcrumbList\",\"@id\":\"https:\\\/\\\/www.eldiario.net\\\/portal\\\/2023\\\/07\\\/24\\\/los-relojes-samsung-podran-decirte-la-temperatura-de-objetos-en-tu-entorno\\\/#breadcrumb\",\"itemListElement\":[{\"@type\":\"ListItem\",\"position\":1,\"name\":\"Portada\",\"item\":\"https:\\\/\\\/www.eldiario.net\\\/portal\\\/\"},{\"@type\":\"ListItem\",\"position\":2,\"name\":\"Los relojes Samsung podr\u00e1n decirte la temperatura de objetos en tu entorno\"}]},{\"@type\":\"WebSite\",\"@id\":\"https:\\\/\\\/www.eldiario.net\\\/portal\\\/#website\",\"url\":\"https:\\\/\\\/www.eldiario.net\\\/portal\\\/\",\"name\":\"El Diario - Decano de la prensa nacional\",\"description\":\"El Diario - Decano de la prensa nacional\",\"publisher\":{\"@id\":\"https:\\\/\\\/www.eldiario.net\\\/portal\\\/#organization\"},\"potentialAction\":[{\"@type\":\"SearchAction\",\"target\":{\"@type\":\"EntryPoint\",\"urlTemplate\":\"https:\\\/\\\/www.eldiario.net\\\/portal\\\/?s={search_term_string}\"},\"query-input\":{\"@type\":\"PropertyValueSpecification\",\"valueRequired\":true,\"valueName\":\"search_term_string\"}}],\"inLanguage\":\"es\"},{\"@type\":\"Organization\",\"@id\":\"https:\\\/\\\/www.eldiario.net\\\/portal\\\/#organization\",\"name\":\"El Diario - Decano de la prensa nacional\",\"url\":\"https:\\\/\\\/www.eldiario.net\\\/portal\\\/\",\"logo\":{\"@type\":\"ImageObject\",\"inLanguage\":\"es\",\"@id\":\"https:\\\/\\\/www.eldiario.net\\\/portal\\\/#\\\/schema\\\/logo\\\/image\\\/\",\"url\":\"https:\\\/\\\/www.eldiario.net\\\/portal\\\/wp-content\\\/uploads\\\/2023\\\/07\\\/logo_ED.jpg\",\"contentUrl\":\"https:\\\/\\\/www.eldiario.net\\\/portal\\\/wp-content\\\/uploads\\\/2023\\\/07\\\/logo_ED.jpg\",\"width\":272,\"height\":52,\"caption\":\"El Diario - Decano de la prensa nacional\"},\"image\":{\"@id\":\"https:\\\/\\\/www.eldiario.net\\\/portal\\\/#\\\/schema\\\/logo\\\/image\\\/\"},\"sameAs\":[\"https:\\\/\\\/www.facebook.com\\\/eldiario.bolivia\\\/\",\"https:\\\/\\\/x.com\\\/eldiario_net\"]},{\"@type\":\"Person\",\"@id\":\"https:\\\/\\\/www.eldiario.net\\\/portal\\\/#\\\/schema\\\/person\\\/2c57cf2b7a7ae032e449e4c9b1019eac\",\"name\":\"Jeanette\",\"image\":{\"@type\":\"ImageObject\",\"inLanguage\":\"es\",\"@id\":\"https:\\\/\\\/secure.gravatar.com\\\/avatar\\\/3ea2118a5f7dad2b7138b1187a6b7ee55f160b9968b66013c3a3ef39dd7e5798?s=96&d=mm&r=g\",\"url\":\"https:\\\/\\\/secure.gravatar.com\\\/avatar\\\/3ea2118a5f7dad2b7138b1187a6b7ee55f160b9968b66013c3a3ef39dd7e5798?s=96&d=mm&r=g\",\"contentUrl\":\"https:\\\/\\\/secure.gravatar.com\\\/avatar\\\/3ea2118a5f7dad2b7138b1187a6b7ee55f160b9968b66013c3a3ef39dd7e5798?s=96&d=mm&r=g\",\"caption\":\"Jeanette\"},\"sameAs\":[\"https:\\\/\\\/www.eldiario.net\\\/portal\"],\"url\":\"https:\\\/\\\/www.eldiario.net\\\/portal\\\/author\\\/jeanette\\\/\"}]}<\/script>\n<!-- \/ Yoast SEO plugin. -->","yoast_head_json":{"title":"Los relojes Samsung podr\u00e1n decirte la temperatura de objetos en tu entorno - El Diario - Bolivia","robots":{"index":"index","follow":"follow","max-snippet":"max-snippet:-1","max-image-preview":"max-image-preview:large","max-video-preview":"max-video-preview:-1"},"canonical":"https:\/\/www.eldiario.net\/portal\/2023\/07\/24\/los-relojes-samsung-podran-decirte-la-temperatura-de-objetos-en-tu-entorno\/","og_locale":"es_ES","og_type":"article","og_title":"Los relojes Samsung podr\u00e1n decirte la temperatura de objetos en tu entorno - El Diario - Bolivia","og_description":"Sin duda alguna el\u00a0Galaxy Watch 5\u00a0es uno de los mejores relojes con Wear OS del mercado. Con la presencia de distintas opciones en el marcado mantener el reloj actualizado y lanzar nuevas funciones constantemente ser\u00e1 una prioridad para los fabricantes. Gracias a Wear OS, es posible lanzar actualizaciones de sistema de la misma manera que [&hellip;]","og_url":"https:\/\/www.eldiario.net\/portal\/2023\/07\/24\/los-relojes-samsung-podran-decirte-la-temperatura-de-objetos-en-tu-entorno\/","og_site_name":"El Diario - Bolivia","article_publisher":"https:\/\/www.facebook.com\/eldiario.bolivia\/","article_published_time":"2023-07-24T11:02:35+00:00","og_image":[{"width":1458,"height":972,"url":"https:\/\/www.eldiario.net\/portal\/wp-content\/uploads\/2023\/07\/2-A-2.jpg","type":"image\/jpeg"}],"author":"Jeanette","twitter_card":"summary_large_image","twitter_creator":"@eldiario_net","twitter_site":"@eldiario_net","twitter_misc":{"Escrito por":"Jeanette","Tiempo de lectura":"2 minutos"},"schema":{"@context":"https:\/\/schema.org","@graph":[{"@type":"Article","@id":"https:\/\/www.eldiario.net\/portal\/2023\/07\/24\/los-relojes-samsung-podran-decirte-la-temperatura-de-objetos-en-tu-entorno\/#article","isPartOf":{"@id":"https:\/\/www.eldiario.net\/portal\/2023\/07\/24\/los-relojes-samsung-podran-decirte-la-temperatura-de-objetos-en-tu-entorno\/"},"author":{"name":"Jeanette","@id":"https:\/\/www.eldiario.net\/portal\/#\/schema\/person\/2c57cf2b7a7ae032e449e4c9b1019eac"},"headline":"Los relojes Samsung podr\u00e1n decirte la temperatura de objetos en tu entorno","datePublished":"2023-07-24T11:02:35+00:00","mainEntityOfPage":{"@id":"https:\/\/www.eldiario.net\/portal\/2023\/07\/24\/los-relojes-samsung-podran-decirte-la-temperatura-de-objetos-en-tu-entorno\/"},"wordCount":399,"publisher":{"@id":"https:\/\/www.eldiario.net\/portal\/#organization"},"image":{"@id":"https:\/\/www.eldiario.net\/portal\/2023\/07\/24\/los-relojes-samsung-podran-decirte-la-temperatura-de-objetos-en-tu-entorno\/#primaryimage"},"thumbnailUrl":"https:\/\/www.eldiario.net\/portal\/wp-content\/uploads\/2023\/07\/2-A-2.jpg","articleSection":["Ciencia y Computaci\u00f3n"],"inLanguage":"es"},{"@type":"WebPage","@id":"https:\/\/www.eldiario.net\/portal\/2023\/07\/24\/los-relojes-samsung-podran-decirte-la-temperatura-de-objetos-en-tu-entorno\/","url":"https:\/\/www.eldiario.net\/portal\/2023\/07\/24\/los-relojes-samsung-podran-decirte-la-temperatura-de-objetos-en-tu-entorno\/","name":"Los relojes Samsung podr\u00e1n decirte la temperatura de objetos en tu entorno - El Diario - Bolivia","isPartOf":{"@id":"https:\/\/www.eldiario.net\/portal\/#website"},"primaryImageOfPage":{"@id":"https:\/\/www.eldiario.net\/portal\/2023\/07\/24\/los-relojes-samsung-podran-decirte-la-temperatura-de-objetos-en-tu-entorno\/#primaryimage"},"image":{"@id":"https:\/\/www.eldiario.net\/portal\/2023\/07\/24\/los-relojes-samsung-podran-decirte-la-temperatura-de-objetos-en-tu-entorno\/#primaryimage"},"thumbnailUrl":"https:\/\/www.eldiario.net\/portal\/wp-content\/uploads\/2023\/07\/2-A-2.jpg","datePublished":"2023-07-24T11:02:35+00:00","breadcrumb":{"@id":"https:\/\/www.eldiario.net\/portal\/2023\/07\/24\/los-relojes-samsung-podran-decirte-la-temperatura-de-objetos-en-tu-entorno\/#breadcrumb"},"inLanguage":"es","potentialAction":[{"@type":"ReadAction","target":["https:\/\/www.eldiario.net\/portal\/2023\/07\/24\/los-relojes-samsung-podran-decirte-la-temperatura-de-objetos-en-tu-entorno\/"]}]},{"@type":"ImageObject","inLanguage":"es","@id":"https:\/\/www.eldiario.net\/portal\/2023\/07\/24\/los-relojes-samsung-podran-decirte-la-temperatura-de-objetos-en-tu-entorno\/#primaryimage","url":"https:\/\/www.eldiario.net\/portal\/wp-content\/uploads\/2023\/07\/2-A-2.jpg","contentUrl":"https:\/\/www.eldiario.net\/portal\/wp-content\/uploads\/2023\/07\/2-A-2.jpg","width":1458,"height":972},{"@type":"BreadcrumbList","@id":"https:\/\/www.eldiario.net\/portal\/2023\/07\/24\/los-relojes-samsung-podran-decirte-la-temperatura-de-objetos-en-tu-entorno\/#breadcrumb","itemListElement":[{"@type":"ListItem","position":1,"name":"Portada","item":"https:\/\/www.eldiario.net\/portal\/"},{"@type":"ListItem","position":2,"name":"Los relojes Samsung podr\u00e1n decirte la temperatura de objetos en tu entorno"}]},{"@type":"WebSite","@id":"https:\/\/www.eldiario.net\/portal\/#website","url":"https:\/\/www.eldiario.net\/portal\/","name":"El Diario - Decano de la prensa nacional","description":"El Diario - Decano de la prensa nacional","publisher":{"@id":"https:\/\/www.eldiario.net\/portal\/#organization"},"potentialAction":[{"@type":"SearchAction","target":{"@type":"EntryPoint","urlTemplate":"https:\/\/www.eldiario.net\/portal\/?s={search_term_string}"},"query-input":{"@type":"PropertyValueSpecification","valueRequired":true,"valueName":"search_term_string"}}],"inLanguage":"es"},{"@type":"Organization","@id":"https:\/\/www.eldiario.net\/portal\/#organization","name":"El Diario - Decano de la prensa nacional","url":"https:\/\/www.eldiario.net\/portal\/","logo":{"@type":"ImageObject","inLanguage":"es","@id":"https:\/\/www.eldiario.net\/portal\/#\/schema\/logo\/image\/","url":"https:\/\/www.eldiario.net\/portal\/wp-content\/uploads\/2023\/07\/logo_ED.jpg","contentUrl":"https:\/\/www.eldiario.net\/portal\/wp-content\/uploads\/2023\/07\/logo_ED.jpg","width":272,"height":52,"caption":"El Diario - Decano de la prensa nacional"},"image":{"@id":"https:\/\/www.eldiario.net\/portal\/#\/schema\/logo\/image\/"},"sameAs":["https:\/\/www.facebook.com\/eldiario.bolivia\/","https:\/\/x.com\/eldiario_net"]},{"@type":"Person","@id":"https:\/\/www.eldiario.net\/portal\/#\/schema\/person\/2c57cf2b7a7ae032e449e4c9b1019eac","name":"Jeanette","image":{"@type":"ImageObject","inLanguage":"es","@id":"https:\/\/secure.gravatar.com\/avatar\/3ea2118a5f7dad2b7138b1187a6b7ee55f160b9968b66013c3a3ef39dd7e5798?s=96&d=mm&r=g","url":"https:\/\/secure.gravatar.com\/avatar\/3ea2118a5f7dad2b7138b1187a6b7ee55f160b9968b66013c3a3ef39dd7e5798?s=96&d=mm&r=g","contentUrl":"https:\/\/secure.gravatar.com\/avatar\/3ea2118a5f7dad2b7138b1187a6b7ee55f160b9968b66013c3a3ef39dd7e5798?s=96&d=mm&r=g","caption":"Jeanette"},"sameAs":["https:\/\/www.eldiario.net\/portal"],"url":"https:\/\/www.eldiario.net\/portal\/author\/jeanette\/"}]}},"_links":{"self":[{"href":"https:\/\/www.eldiario.net\/portal\/wp-json\/wp\/v2\/posts\/167324","targetHints":{"allow":["GET"]}}],"collection":[{"href":"https:\/\/www.eldiario.net\/portal\/wp-json\/wp\/v2\/posts"}],"about":[{"href":"https:\/\/www.eldiario.net\/portal\/wp-json\/wp\/v2\/types\/post"}],"author":[{"embeddable":true,"href":"https:\/\/www.eldiario.net\/portal\/wp-json\/wp\/v2\/users\/1"}],"replies":[{"embeddable":true,"href":"https:\/\/www.eldiario.net\/portal\/wp-json\/wp\/v2\/comments?post=167324"}],"version-history":[{"count":0,"href":"https:\/\/www.eldiario.net\/portal\/wp-json\/wp\/v2\/posts\/167324\/revisions"}],"wp:featuredmedia":[{"embeddable":true,"href":"https:\/\/www.eldiario.net\/portal\/wp-json\/wp\/v2\/media\/167325"}],"wp:attachment":[{"href":"https:\/\/www.eldiario.net\/portal\/wp-json\/wp\/v2\/media?parent=167324"}],"wp:term":[{"taxonomy":"category","embeddable":true,"href":"https:\/\/www.eldiario.net\/portal\/wp-json\/wp\/v2\/categories?post=167324"},{"taxonomy":"post_tag","embeddable":true,"href":"https:\/\/www.eldiario.net\/portal\/wp-json\/wp\/v2\/tags?post=167324"}],"curies":[{"name":"wp","href":"https:\/\/api.w.org\/{rel}","templated":true}]}}