{"id":167010,"date":"2023-07-22T23:28:26","date_gmt":"2023-07-23T03:28:26","guid":{"rendered":"https:\/\/www.eldiario.net\/portal\/?p=167010"},"modified":"2023-07-22T23:28:26","modified_gmt":"2023-07-23T03:28:26","slug":"tcp-no-debe-poner-en-riesgo-el-bien-comun","status":"publish","type":"post","link":"https:\/\/www.eldiario.net\/portal\/2023\/07\/22\/tcp-no-debe-poner-en-riesgo-el-bien-comun\/","title":{"rendered":"TCP no debe poner en  riesgo el bien com\u00fan"},"content":{"rendered":"<p>Recordando que el recurso abstracto de inconstitucionalidad que paraliz\u00f3 el proceso de preselecci\u00f3n a las elecciones judiciales solicita la reposici\u00f3n de los dos tercios en la Asamblea Legislativa Plurinacional (ALP), la subjefa de bancada por la agrupaci\u00f3n Creemos, Fabiola Guachalla, afirm\u00f3 que los magistrados de esta instancia est\u00e1n obligados a pronunciarse de forma favorable para no poner en riesgo el bien com\u00fan.<br \/>\nTomando en cuenta que el TCP admiti\u00f3 este recurso el pasado 27 de abril, la legisladora cruce\u00f1a puntualiz\u00f3 que esta instancia tiene hasta el 3 de agosto para resolver este tema, y de esa forma contar con un reglamento que sea trabajado en consenso con las tres fuerzas pol\u00edticas con representaci\u00f3n en el Parlamento.<br \/>\nEn criterio de Guachalla, solo un fallo favorable a lo demandado garantizar\u00e1 que las nuevas altas autoridades del \u00d3rgano Judicial sean probas, independientes y est\u00e9n alejados de todo inter\u00e9s pol\u00edtico.<br \/>\nSobre las posiciones radicales demostradas por la bancada oficialista hasta antes de la paralizaci\u00f3n de proceso de preselecci\u00f3n, Guachalla afirm\u00f3 que alcanzar un verdadero cambio en la justicia tambi\u00e9n est\u00e1 en manos del Movimiento al Socialismo.<br \/>\n\u201cLa soluci\u00f3n es sencilla, llamar a un consenso, pero ellos insisten en imponer un reglamento que va en contra de los bolivianos. Nosotros planteamos consenso, di\u00e1logo, trabajar entre todas las fuerzas pol\u00edticas en pro del pueblo\u201d, afirm\u00f3 la parlamentaria.<br \/>\nDirigi\u00e9ndose a los magistrados del TCP, la legisladora de oposici\u00f3n sostuvo que estas autoridades est\u00e1n en la obligaci\u00f3n de pronunciarse y dar curso a las observaciones planteadas, de no ser as\u00ed, se estar\u00eda poniendo en peligro el bienestar de toda la poblaci\u00f3n y se dar\u00eda paso a intentos del Gobierno para la designaci\u00f3n de jueces de altas cortes mediante decreto.<br \/>\n\u201cNo pueden poner en riesgo el bien com\u00fan del pueblo al no emitir un fallo, si no cumplen su trabajo eso les conllevar\u00e1 a un juicio de responsabilidades. Los bolivianos queremos unas elecciones judiciales transparentes, no un decretazo como pretende el Gobierno\u201d, finaliz\u00f3.<br \/>\nAnteriormente, la senadora oficialista Patricia Arce, presidenta de la Comisi\u00f3n Mixta de Constituci\u00f3n inform\u00f3 que el Tribunal Constitucional Plurinacional tiene hasta los primeros d\u00edas del mes de agosto para emitir su sentencia sobre el recurso que paraliz\u00f3 el proceso de preselecci\u00f3n, se\u00f1alando que es de suma importancia contar con un fallo lo antes posible y no se espere al vencimiento de los plazos.<\/p>\n","protected":false},"excerpt":{"rendered":"<p>Recordando que el recurso abstracto de inconstitucionalidad que paraliz\u00f3 el proceso de preselecci\u00f3n a las elecciones judiciales solicita la reposici\u00f3n de los dos tercios en la Asamblea Legislativa Plurinacional (ALP), la subjefa de bancada por la agrupaci\u00f3n Creemos, Fabiola Guachalla, afirm\u00f3 que los magistrados de esta instancia est\u00e1n obligados a pronunciarse de forma favorable para [&hellip;]<\/p>\n","protected":false},"author":1,"featured_media":167011,"comment_status":"closed","ping_status":"open","sticky":false,"template":"","format":"standard","meta":{"_acf_changed":false,"footnotes":""},"categories":[14],"tags":[],"class_list":["post-167010","post","type-post","status-publish","format-standard","has-post-thumbnail","category-politica"],"acf":{"antetitulo":""},"yoast_head":"<!-- This site is optimized with the Yoast SEO plugin v28.4 - https:\/\/yoast.com\/product\/yoast-seo-wordpress\/ -->\n<title>TCP no debe poner en riesgo el bien com\u00fan - El Diario - Bolivia<\/title>\n<meta name=\"robots\" content=\"index, follow, max-snippet:-1, max-image-preview:large, max-video-preview:-1\" \/>\n<link rel=\"canonical\" href=\"https:\/\/www.eldiario.net\/portal\/2023\/07\/22\/tcp-no-debe-poner-en-riesgo-el-bien-comun\/\" \/>\n<meta property=\"og:locale\" content=\"es_ES\" \/>\n<meta property=\"og:type\" content=\"article\" \/>\n<meta property=\"og:title\" content=\"TCP no debe poner en riesgo el bien com\u00fan - El Diario - Bolivia\" \/>\n<meta property=\"og:description\" content=\"Recordando que el recurso abstracto de inconstitucionalidad que paraliz\u00f3 el proceso de preselecci\u00f3n a las elecciones judiciales solicita la reposici\u00f3n de los dos tercios en la Asamblea Legislativa Plurinacional (ALP), la subjefa de bancada por la agrupaci\u00f3n Creemos, Fabiola Guachalla, afirm\u00f3 que los magistrados de esta instancia est\u00e1n obligados a pronunciarse de forma favorable para [&hellip;]\" \/>\n<meta property=\"og:url\" content=\"https:\/\/www.eldiario.net\/portal\/2023\/07\/22\/tcp-no-debe-poner-en-riesgo-el-bien-comun\/\" \/>\n<meta property=\"og:site_name\" content=\"El Diario - Bolivia\" \/>\n<meta property=\"article:publisher\" content=\"https:\/\/www.facebook.com\/eldiario.bolivia\/\" \/>\n<meta property=\"article:published_time\" content=\"2023-07-23T03:28:26+00:00\" \/>\n<meta property=\"og:image\" content=\"https:\/\/www.eldiario.net\/portal\/wp-content\/uploads\/2023\/07\/40-POL-9.jpg\" \/>\n\t<meta property=\"og:image:width\" content=\"400\" \/>\n\t<meta property=\"og:image:height\" content=\"280\" \/>\n\t<meta property=\"og:image:type\" content=\"image\/jpeg\" \/>\n<meta name=\"author\" content=\"Jeanette\" \/>\n<meta name=\"twitter:card\" content=\"summary_large_image\" \/>\n<meta name=\"twitter:creator\" content=\"@eldiario_net\" \/>\n<meta name=\"twitter:site\" content=\"@eldiario_net\" \/>\n<meta name=\"twitter:label1\" content=\"Escrito por\" \/>\n\t<meta name=\"twitter:data1\" content=\"Jeanette\" \/>\n\t<meta name=\"twitter:label2\" content=\"Tiempo de lectura\" \/>\n\t<meta name=\"twitter:data2\" content=\"2 minutos\" \/>\n<script type=\"application\/ld+json\" class=\"yoast-schema-graph\">{\"@context\":\"https:\\\/\\\/schema.org\",\"@graph\":[{\"@type\":\"Article\",\"@id\":\"https:\\\/\\\/www.eldiario.net\\\/portal\\\/2023\\\/07\\\/22\\\/tcp-no-debe-poner-en-riesgo-el-bien-comun\\\/#article\",\"isPartOf\":{\"@id\":\"https:\\\/\\\/www.eldiario.net\\\/portal\\\/2023\\\/07\\\/22\\\/tcp-no-debe-poner-en-riesgo-el-bien-comun\\\/\"},\"author\":{\"name\":\"Jeanette\",\"@id\":\"https:\\\/\\\/www.eldiario.net\\\/portal\\\/#\\\/schema\\\/person\\\/2c57cf2b7a7ae032e449e4c9b1019eac\"},\"headline\":\"TCP no debe poner en riesgo el bien com\u00fan\",\"datePublished\":\"2023-07-23T03:28:26+00:00\",\"mainEntityOfPage\":{\"@id\":\"https:\\\/\\\/www.eldiario.net\\\/portal\\\/2023\\\/07\\\/22\\\/tcp-no-debe-poner-en-riesgo-el-bien-comun\\\/\"},\"wordCount\":426,\"publisher\":{\"@id\":\"https:\\\/\\\/www.eldiario.net\\\/portal\\\/#organization\"},\"image\":{\"@id\":\"https:\\\/\\\/www.eldiario.net\\\/portal\\\/2023\\\/07\\\/22\\\/tcp-no-debe-poner-en-riesgo-el-bien-comun\\\/#primaryimage\"},\"thumbnailUrl\":\"https:\\\/\\\/www.eldiario.net\\\/portal\\\/wp-content\\\/uploads\\\/2023\\\/07\\\/40-POL-9.jpg\",\"articleSection\":[\"Pol\u00edtica\"],\"inLanguage\":\"es\"},{\"@type\":\"WebPage\",\"@id\":\"https:\\\/\\\/www.eldiario.net\\\/portal\\\/2023\\\/07\\\/22\\\/tcp-no-debe-poner-en-riesgo-el-bien-comun\\\/\",\"url\":\"https:\\\/\\\/www.eldiario.net\\\/portal\\\/2023\\\/07\\\/22\\\/tcp-no-debe-poner-en-riesgo-el-bien-comun\\\/\",\"name\":\"TCP no debe poner en riesgo el bien com\u00fan - El Diario - Bolivia\",\"isPartOf\":{\"@id\":\"https:\\\/\\\/www.eldiario.net\\\/portal\\\/#website\"},\"primaryImageOfPage\":{\"@id\":\"https:\\\/\\\/www.eldiario.net\\\/portal\\\/2023\\\/07\\\/22\\\/tcp-no-debe-poner-en-riesgo-el-bien-comun\\\/#primaryimage\"},\"image\":{\"@id\":\"https:\\\/\\\/www.eldiario.net\\\/portal\\\/2023\\\/07\\\/22\\\/tcp-no-debe-poner-en-riesgo-el-bien-comun\\\/#primaryimage\"},\"thumbnailUrl\":\"https:\\\/\\\/www.eldiario.net\\\/portal\\\/wp-content\\\/uploads\\\/2023\\\/07\\\/40-POL-9.jpg\",\"datePublished\":\"2023-07-23T03:28:26+00:00\",\"breadcrumb\":{\"@id\":\"https:\\\/\\\/www.eldiario.net\\\/portal\\\/2023\\\/07\\\/22\\\/tcp-no-debe-poner-en-riesgo-el-bien-comun\\\/#breadcrumb\"},\"inLanguage\":\"es\",\"potentialAction\":[{\"@type\":\"ReadAction\",\"target\":[\"https:\\\/\\\/www.eldiario.net\\\/portal\\\/2023\\\/07\\\/22\\\/tcp-no-debe-poner-en-riesgo-el-bien-comun\\\/\"]}]},{\"@type\":\"ImageObject\",\"inLanguage\":\"es\",\"@id\":\"https:\\\/\\\/www.eldiario.net\\\/portal\\\/2023\\\/07\\\/22\\\/tcp-no-debe-poner-en-riesgo-el-bien-comun\\\/#primaryimage\",\"url\":\"https:\\\/\\\/www.eldiario.net\\\/portal\\\/wp-content\\\/uploads\\\/2023\\\/07\\\/40-POL-9.jpg\",\"contentUrl\":\"https:\\\/\\\/www.eldiario.net\\\/portal\\\/wp-content\\\/uploads\\\/2023\\\/07\\\/40-POL-9.jpg\",\"width\":400,\"height\":280,\"caption\":\"Diputada Fabiola Guachalla (Creemos).\"},{\"@type\":\"BreadcrumbList\",\"@id\":\"https:\\\/\\\/www.eldiario.net\\\/portal\\\/2023\\\/07\\\/22\\\/tcp-no-debe-poner-en-riesgo-el-bien-comun\\\/#breadcrumb\",\"itemListElement\":[{\"@type\":\"ListItem\",\"position\":1,\"name\":\"Portada\",\"item\":\"https:\\\/\\\/www.eldiario.net\\\/portal\\\/\"},{\"@type\":\"ListItem\",\"position\":2,\"name\":\"TCP no debe poner en riesgo el bien com\u00fan\"}]},{\"@type\":\"WebSite\",\"@id\":\"https:\\\/\\\/www.eldiario.net\\\/portal\\\/#website\",\"url\":\"https:\\\/\\\/www.eldiario.net\\\/portal\\\/\",\"name\":\"El Diario - Decano de la prensa nacional\",\"description\":\"El Diario - Decano de la prensa nacional\",\"publisher\":{\"@id\":\"https:\\\/\\\/www.eldiario.net\\\/portal\\\/#organization\"},\"potentialAction\":[{\"@type\":\"SearchAction\",\"target\":{\"@type\":\"EntryPoint\",\"urlTemplate\":\"https:\\\/\\\/www.eldiario.net\\\/portal\\\/?s={search_term_string}\"},\"query-input\":{\"@type\":\"PropertyValueSpecification\",\"valueRequired\":true,\"valueName\":\"search_term_string\"}}],\"inLanguage\":\"es\"},{\"@type\":\"Organization\",\"@id\":\"https:\\\/\\\/www.eldiario.net\\\/portal\\\/#organization\",\"name\":\"El Diario - Decano de la prensa nacional\",\"url\":\"https:\\\/\\\/www.eldiario.net\\\/portal\\\/\",\"logo\":{\"@type\":\"ImageObject\",\"inLanguage\":\"es\",\"@id\":\"https:\\\/\\\/www.eldiario.net\\\/portal\\\/#\\\/schema\\\/logo\\\/image\\\/\",\"url\":\"https:\\\/\\\/www.eldiario.net\\\/portal\\\/wp-content\\\/uploads\\\/2023\\\/07\\\/logo_ED.jpg\",\"contentUrl\":\"https:\\\/\\\/www.eldiario.net\\\/portal\\\/wp-content\\\/uploads\\\/2023\\\/07\\\/logo_ED.jpg\",\"width\":272,\"height\":52,\"caption\":\"El Diario - Decano de la prensa nacional\"},\"image\":{\"@id\":\"https:\\\/\\\/www.eldiario.net\\\/portal\\\/#\\\/schema\\\/logo\\\/image\\\/\"},\"sameAs\":[\"https:\\\/\\\/www.facebook.com\\\/eldiario.bolivia\\\/\",\"https:\\\/\\\/x.com\\\/eldiario_net\"]},{\"@type\":\"Person\",\"@id\":\"https:\\\/\\\/www.eldiario.net\\\/portal\\\/#\\\/schema\\\/person\\\/2c57cf2b7a7ae032e449e4c9b1019eac\",\"name\":\"Jeanette\",\"image\":{\"@type\":\"ImageObject\",\"inLanguage\":\"es\",\"@id\":\"https:\\\/\\\/secure.gravatar.com\\\/avatar\\\/3ea2118a5f7dad2b7138b1187a6b7ee55f160b9968b66013c3a3ef39dd7e5798?s=96&d=mm&r=g\",\"url\":\"https:\\\/\\\/secure.gravatar.com\\\/avatar\\\/3ea2118a5f7dad2b7138b1187a6b7ee55f160b9968b66013c3a3ef39dd7e5798?s=96&d=mm&r=g\",\"contentUrl\":\"https:\\\/\\\/secure.gravatar.com\\\/avatar\\\/3ea2118a5f7dad2b7138b1187a6b7ee55f160b9968b66013c3a3ef39dd7e5798?s=96&d=mm&r=g\",\"caption\":\"Jeanette\"},\"sameAs\":[\"https:\\\/\\\/www.eldiario.net\\\/portal\"],\"url\":\"https:\\\/\\\/www.eldiario.net\\\/portal\\\/author\\\/jeanette\\\/\"}]}<\/script>\n<!-- \/ Yoast SEO plugin. -->","yoast_head_json":{"title":"TCP no debe poner en riesgo el bien com\u00fan - El Diario - Bolivia","robots":{"index":"index","follow":"follow","max-snippet":"max-snippet:-1","max-image-preview":"max-image-preview:large","max-video-preview":"max-video-preview:-1"},"canonical":"https:\/\/www.eldiario.net\/portal\/2023\/07\/22\/tcp-no-debe-poner-en-riesgo-el-bien-comun\/","og_locale":"es_ES","og_type":"article","og_title":"TCP no debe poner en riesgo el bien com\u00fan - El Diario - Bolivia","og_description":"Recordando que el recurso abstracto de inconstitucionalidad que paraliz\u00f3 el proceso de preselecci\u00f3n a las elecciones judiciales solicita la reposici\u00f3n de los dos tercios en la Asamblea Legislativa Plurinacional (ALP), la subjefa de bancada por la agrupaci\u00f3n Creemos, Fabiola Guachalla, afirm\u00f3 que los magistrados de esta instancia est\u00e1n obligados a pronunciarse de forma favorable para [&hellip;]","og_url":"https:\/\/www.eldiario.net\/portal\/2023\/07\/22\/tcp-no-debe-poner-en-riesgo-el-bien-comun\/","og_site_name":"El Diario - Bolivia","article_publisher":"https:\/\/www.facebook.com\/eldiario.bolivia\/","article_published_time":"2023-07-23T03:28:26+00:00","og_image":[{"width":400,"height":280,"url":"https:\/\/www.eldiario.net\/portal\/wp-content\/uploads\/2023\/07\/40-POL-9.jpg","type":"image\/jpeg"}],"author":"Jeanette","twitter_card":"summary_large_image","twitter_creator":"@eldiario_net","twitter_site":"@eldiario_net","twitter_misc":{"Escrito por":"Jeanette","Tiempo de lectura":"2 minutos"},"schema":{"@context":"https:\/\/schema.org","@graph":[{"@type":"Article","@id":"https:\/\/www.eldiario.net\/portal\/2023\/07\/22\/tcp-no-debe-poner-en-riesgo-el-bien-comun\/#article","isPartOf":{"@id":"https:\/\/www.eldiario.net\/portal\/2023\/07\/22\/tcp-no-debe-poner-en-riesgo-el-bien-comun\/"},"author":{"name":"Jeanette","@id":"https:\/\/www.eldiario.net\/portal\/#\/schema\/person\/2c57cf2b7a7ae032e449e4c9b1019eac"},"headline":"TCP no debe poner en riesgo el bien com\u00fan","datePublished":"2023-07-23T03:28:26+00:00","mainEntityOfPage":{"@id":"https:\/\/www.eldiario.net\/portal\/2023\/07\/22\/tcp-no-debe-poner-en-riesgo-el-bien-comun\/"},"wordCount":426,"publisher":{"@id":"https:\/\/www.eldiario.net\/portal\/#organization"},"image":{"@id":"https:\/\/www.eldiario.net\/portal\/2023\/07\/22\/tcp-no-debe-poner-en-riesgo-el-bien-comun\/#primaryimage"},"thumbnailUrl":"https:\/\/www.eldiario.net\/portal\/wp-content\/uploads\/2023\/07\/40-POL-9.jpg","articleSection":["Pol\u00edtica"],"inLanguage":"es"},{"@type":"WebPage","@id":"https:\/\/www.eldiario.net\/portal\/2023\/07\/22\/tcp-no-debe-poner-en-riesgo-el-bien-comun\/","url":"https:\/\/www.eldiario.net\/portal\/2023\/07\/22\/tcp-no-debe-poner-en-riesgo-el-bien-comun\/","name":"TCP no debe poner en riesgo el bien com\u00fan - El Diario - Bolivia","isPartOf":{"@id":"https:\/\/www.eldiario.net\/portal\/#website"},"primaryImageOfPage":{"@id":"https:\/\/www.eldiario.net\/portal\/2023\/07\/22\/tcp-no-debe-poner-en-riesgo-el-bien-comun\/#primaryimage"},"image":{"@id":"https:\/\/www.eldiario.net\/portal\/2023\/07\/22\/tcp-no-debe-poner-en-riesgo-el-bien-comun\/#primaryimage"},"thumbnailUrl":"https:\/\/www.eldiario.net\/portal\/wp-content\/uploads\/2023\/07\/40-POL-9.jpg","datePublished":"2023-07-23T03:28:26+00:00","breadcrumb":{"@id":"https:\/\/www.eldiario.net\/portal\/2023\/07\/22\/tcp-no-debe-poner-en-riesgo-el-bien-comun\/#breadcrumb"},"inLanguage":"es","potentialAction":[{"@type":"ReadAction","target":["https:\/\/www.eldiario.net\/portal\/2023\/07\/22\/tcp-no-debe-poner-en-riesgo-el-bien-comun\/"]}]},{"@type":"ImageObject","inLanguage":"es","@id":"https:\/\/www.eldiario.net\/portal\/2023\/07\/22\/tcp-no-debe-poner-en-riesgo-el-bien-comun\/#primaryimage","url":"https:\/\/www.eldiario.net\/portal\/wp-content\/uploads\/2023\/07\/40-POL-9.jpg","contentUrl":"https:\/\/www.eldiario.net\/portal\/wp-content\/uploads\/2023\/07\/40-POL-9.jpg","width":400,"height":280,"caption":"Diputada Fabiola Guachalla (Creemos)."},{"@type":"BreadcrumbList","@id":"https:\/\/www.eldiario.net\/portal\/2023\/07\/22\/tcp-no-debe-poner-en-riesgo-el-bien-comun\/#breadcrumb","itemListElement":[{"@type":"ListItem","position":1,"name":"Portada","item":"https:\/\/www.eldiario.net\/portal\/"},{"@type":"ListItem","position":2,"name":"TCP no debe poner en riesgo el bien com\u00fan"}]},{"@type":"WebSite","@id":"https:\/\/www.eldiario.net\/portal\/#website","url":"https:\/\/www.eldiario.net\/portal\/","name":"El Diario - Decano de la prensa nacional","description":"El Diario - Decano de la prensa nacional","publisher":{"@id":"https:\/\/www.eldiario.net\/portal\/#organization"},"potentialAction":[{"@type":"SearchAction","target":{"@type":"EntryPoint","urlTemplate":"https:\/\/www.eldiario.net\/portal\/?s={search_term_string}"},"query-input":{"@type":"PropertyValueSpecification","valueRequired":true,"valueName":"search_term_string"}}],"inLanguage":"es"},{"@type":"Organization","@id":"https:\/\/www.eldiario.net\/portal\/#organization","name":"El Diario - Decano de la prensa nacional","url":"https:\/\/www.eldiario.net\/portal\/","logo":{"@type":"ImageObject","inLanguage":"es","@id":"https:\/\/www.eldiario.net\/portal\/#\/schema\/logo\/image\/","url":"https:\/\/www.eldiario.net\/portal\/wp-content\/uploads\/2023\/07\/logo_ED.jpg","contentUrl":"https:\/\/www.eldiario.net\/portal\/wp-content\/uploads\/2023\/07\/logo_ED.jpg","width":272,"height":52,"caption":"El Diario - Decano de la prensa nacional"},"image":{"@id":"https:\/\/www.eldiario.net\/portal\/#\/schema\/logo\/image\/"},"sameAs":["https:\/\/www.facebook.com\/eldiario.bolivia\/","https:\/\/x.com\/eldiario_net"]},{"@type":"Person","@id":"https:\/\/www.eldiario.net\/portal\/#\/schema\/person\/2c57cf2b7a7ae032e449e4c9b1019eac","name":"Jeanette","image":{"@type":"ImageObject","inLanguage":"es","@id":"https:\/\/secure.gravatar.com\/avatar\/3ea2118a5f7dad2b7138b1187a6b7ee55f160b9968b66013c3a3ef39dd7e5798?s=96&d=mm&r=g","url":"https:\/\/secure.gravatar.com\/avatar\/3ea2118a5f7dad2b7138b1187a6b7ee55f160b9968b66013c3a3ef39dd7e5798?s=96&d=mm&r=g","contentUrl":"https:\/\/secure.gravatar.com\/avatar\/3ea2118a5f7dad2b7138b1187a6b7ee55f160b9968b66013c3a3ef39dd7e5798?s=96&d=mm&r=g","caption":"Jeanette"},"sameAs":["https:\/\/www.eldiario.net\/portal"],"url":"https:\/\/www.eldiario.net\/portal\/author\/jeanette\/"}]}},"_links":{"self":[{"href":"https:\/\/www.eldiario.net\/portal\/wp-json\/wp\/v2\/posts\/167010","targetHints":{"allow":["GET"]}}],"collection":[{"href":"https:\/\/www.eldiario.net\/portal\/wp-json\/wp\/v2\/posts"}],"about":[{"href":"https:\/\/www.eldiario.net\/portal\/wp-json\/wp\/v2\/types\/post"}],"author":[{"embeddable":true,"href":"https:\/\/www.eldiario.net\/portal\/wp-json\/wp\/v2\/users\/1"}],"replies":[{"embeddable":true,"href":"https:\/\/www.eldiario.net\/portal\/wp-json\/wp\/v2\/comments?post=167010"}],"version-history":[{"count":0,"href":"https:\/\/www.eldiario.net\/portal\/wp-json\/wp\/v2\/posts\/167010\/revisions"}],"wp:featuredmedia":[{"embeddable":true,"href":"https:\/\/www.eldiario.net\/portal\/wp-json\/wp\/v2\/media\/167011"}],"wp:attachment":[{"href":"https:\/\/www.eldiario.net\/portal\/wp-json\/wp\/v2\/media?parent=167010"}],"wp:term":[{"taxonomy":"category","embeddable":true,"href":"https:\/\/www.eldiario.net\/portal\/wp-json\/wp\/v2\/categories?post=167010"},{"taxonomy":"post_tag","embeddable":true,"href":"https:\/\/www.eldiario.net\/portal\/wp-json\/wp\/v2\/tags?post=167010"}],"curies":[{"name":"wp","href":"https:\/\/api.w.org\/{rel}","templated":true}]}}