{"id":166957,"date":"2023-07-22T07:33:10","date_gmt":"2023-07-22T11:33:10","guid":{"rendered":"https:\/\/www.eldiario.net\/portal\/?p=166957"},"modified":"2023-07-22T07:33:10","modified_gmt":"2023-07-22T11:33:10","slug":"el-deslumbrante-musical-moulin-rouge-llega-al-teatro-municipal","status":"publish","type":"post","link":"https:\/\/www.eldiario.net\/portal\/2023\/07\/22\/el-deslumbrante-musical-moulin-rouge-llega-al-teatro-municipal\/","title":{"rendered":"El deslumbrante musical Moulin  Rouge llega al Teatro Municipal"},"content":{"rendered":"<p>El legendario musical <em>Moulin Rouge<\/em> llega al escenario del Teatro Municipal \u201cAlberto Saavedra P\u00e9rez\u201d, del 28 al 30 de julio, de la mano de \u00c9PICA Producci\u00f3n Art\u00edstica y GSK producciones.<\/p>\n<p>Basado en la aclamada pel\u00edcula del mismo nombre, esta adaptaci\u00f3n teatral promete transportar a los espectadores a un mundo de amor, m\u00fasica y pasi\u00f3n desenfrenada.<\/p>\n<p>\u201cCon m\u00e1s de 70 talentosos artistas en el escenario, esta deslumbrante producci\u00f3n tiene como objetivo revivir la magia del famoso cabaret parisino y llevarla a nuevas alturas. Los espectadores ser\u00e1n transportados a la belleza y el caos del cautivador distrito de Montmartre, mientras los personajes principales se debaten en la b\u00fasqueda del amor y la redenci\u00f3n en medio de una deslumbrante vida nocturna\u201d, menciona la nota prensa de \u00c9PICA Producci\u00f3n Art\u00edstica y GSK Producciones, reconocidas por su destacada direcci\u00f3n y producci\u00f3n de la \u00f3pera <em>Carmen<\/em> de George Bizet.<\/p>\n<p>El elenco musical estar\u00e1 compuesto por una electrizante banda boliviana, acompa\u00f1ada de un excepcional cuarteto de cuerdas cl\u00e1sicas, dirigido por el renombrado m\u00fasico nacional Pedro Carrillo, en codirecci\u00f3n del reconocido m\u00fasico pace\u00f1o Gyovanno Salas Koch, quien ha colaborado exitosamente con \u00c9PICA Producci\u00f3n Art\u00edstica en espect\u00e1culos como la \u00d3pera <em>Carmen<\/em> en 2022 y el reciente <em>Carmina Burana Enchu<\/em>fado, presentado el pasado mes de junio en el nuevo Thelonius Music Hall. Tambi\u00e9n se contar\u00e1 con la participaci\u00f3n del Ballet dirigido por Madeleine Rub\u00edn de Celis.<\/p>\n<p>Gracias a una selecci\u00f3n de \u00e9xitos atemporales y canciones populares de diferentes d\u00e9cadas, desde cl\u00e1sicos del pop hasta hits contempor\u00e1neos, el repertorio musical de <em>Moulin Rouge<\/em> abarcar\u00e1 una amplia gama de g\u00e9neros y estilos, creando as\u00ed una experiencia \u00fanica. La producci\u00f3n no ha escatimado esfuerzos, invirtiendo en una impresionante escenograf\u00eda y dise\u00f1o de vestuario para recrear la atm\u00f3sfera vibrante y exuberante del <em>Moulin Rouge<\/em> original. Los efectos visuales y la iluminaci\u00f3n se combinar\u00e1n con coreograf\u00edas innovadoras para crear una experiencia teatral que cautivar\u00e1 al p\u00fablico pace\u00f1o.<\/p>\n<p><em>Moulin Rouge<\/em> desde su debut en la pantalla grande, se ha convertido en un fen\u00f3meno cultural y ahora esta nueva adaptaci\u00f3n teatral busca capturar la misma energ\u00eda y emoci\u00f3n que hicieron de la pel\u00edcula un \u00e9xito rotundo, comentaron los productores de GSK Producciones y \u00c9pica Producci\u00f3n Art\u00edstica.<\/p>\n<p><strong>Elenco<\/strong><\/p>\n<p>La cantante Ela Mercado encarnar\u00e1 a Satine, la estrella m\u00e1s rutilante del <em>Moulin Rouge<\/em>.\u00a0 El joven Jhodel Cabrera al poeta y escritor Christian; Jorge Hidalgo, renombrado actor boliviano, interpretar\u00e1 a Harold Zidler, Propietario del <em>Moulin Rouge;<\/em> Jos\u00e9 Luis Duarte, destacado tenor nacional, interpretar\u00e1 al Duque; Gyovanno Salas y su understudy Tamiel Hidalgo interpretar\u00e1n a El Argentino, y el actor y cantante Robes Pierre interpretar\u00e1 al bohemio y amigo de Christian, Henri de Toulouse.<\/p>\n<p><strong>Entradas<\/strong><\/p>\n<p>Con el principal objetivo de llegar a la mayor cantidad de personas, hay precios adaptados a todos los bolsillos, desde Bs. 50. Las entradas pueden ser adquiridas a trav\u00e9s de Tickets Line.<\/p>\n<p><strong>Sobre Moulin Rouge<\/strong><\/p>\n<p>Christian es un joven poeta del Par\u00eds de 1890, quien abandona su hogar para trasladarse al barrio de Montmartre, cuna de la bohemia rom\u00e1ntica de finales del Siglo XIX y donde viven curiosos personajes como Toulouse-Lautrec. En este glamoroso refugio, el inocente poeta conoce a Satine, la estrella del famoso cabaret <em>Moulin Rouge<\/em> y la cortesana m\u00e1s hermosa del lugar. Juntos iniciar\u00e1n una apasionada historia de amor, marcada por la tragedia, ya que ella est\u00e1 prometida a un poderoso hombre de negocios.<\/p>\n<p>Original drama musical dirigido por el australiano Baz Luhrman, quien construy\u00f3 una historia que emana del mito de Orfeo y Eur\u00eddice. Para ello, utiliz\u00f3 una banda sonora muy cuidada, que homenajea a la m\u00fasica pop del Siglo XX y que contiene, entre otros, temas de John Lennon, Paul McCartney, Sting, Elton John y David Bowie. La australiana Nicole Kidman y el escoc\u00e9s Ewan McGregor supieron estar a la altura en esta barroca cinta del g\u00e9nero musical que obtuvo un gran \u00e9xito de cr\u00edtica y p\u00fablico. Hoy ser\u00e1n representados por Ela Mercado y Jhodel Cabrera en esta nueva propuesta m\u00e1gica en el Teatro Municipal \u201cAlberto Saavedra P\u00e9rez\u201d.<\/p>\n","protected":false},"excerpt":{"rendered":"<p>El legendario musical Moulin Rouge llega al escenario del Teatro Municipal \u201cAlberto Saavedra P\u00e9rez\u201d, del 28 al 30 de julio, de la mano de \u00c9PICA Producci\u00f3n Art\u00edstica y GSK producciones. Basado en la aclamada pel\u00edcula del mismo nombre, esta adaptaci\u00f3n teatral promete transportar a los espectadores a un mundo de amor, m\u00fasica y pasi\u00f3n desenfrenada. [&hellip;]<\/p>\n","protected":false},"author":1,"featured_media":166958,"comment_status":"closed","ping_status":"open","sticky":false,"template":"","format":"standard","meta":{"_acf_changed":false,"footnotes":""},"categories":[41],"tags":[],"class_list":["post-166957","post","type-post","status-publish","format-standard","has-post-thumbnail","category-la-guia"],"acf":{"antetitulo":""},"yoast_head":"<!-- This site is optimized with the Yoast SEO plugin v28.4 - https:\/\/yoast.com\/product\/yoast-seo-wordpress\/ -->\n<title>El deslumbrante musical Moulin Rouge llega al Teatro Municipal - El Diario - Bolivia<\/title>\n<meta name=\"robots\" content=\"index, follow, max-snippet:-1, max-image-preview:large, max-video-preview:-1\" \/>\n<link rel=\"canonical\" href=\"https:\/\/www.eldiario.net\/portal\/2023\/07\/22\/el-deslumbrante-musical-moulin-rouge-llega-al-teatro-municipal\/\" \/>\n<meta property=\"og:locale\" content=\"es_ES\" \/>\n<meta property=\"og:type\" content=\"article\" \/>\n<meta property=\"og:title\" content=\"El deslumbrante musical Moulin Rouge llega al Teatro Municipal - El Diario - Bolivia\" \/>\n<meta property=\"og:description\" content=\"El legendario musical Moulin Rouge llega al escenario del Teatro Municipal \u201cAlberto Saavedra P\u00e9rez\u201d, del 28 al 30 de julio, de la mano de \u00c9PICA Producci\u00f3n Art\u00edstica y GSK producciones. Basado en la aclamada pel\u00edcula del mismo nombre, esta adaptaci\u00f3n teatral promete transportar a los espectadores a un mundo de amor, m\u00fasica y pasi\u00f3n desenfrenada. [&hellip;]\" \/>\n<meta property=\"og:url\" content=\"https:\/\/www.eldiario.net\/portal\/2023\/07\/22\/el-deslumbrante-musical-moulin-rouge-llega-al-teatro-municipal\/\" \/>\n<meta property=\"og:site_name\" content=\"El Diario - Bolivia\" \/>\n<meta property=\"article:publisher\" content=\"https:\/\/www.facebook.com\/eldiario.bolivia\/\" \/>\n<meta property=\"article:published_time\" content=\"2023-07-22T11:33:10+00:00\" \/>\n<meta property=\"og:image\" content=\"https:\/\/www.eldiario.net\/portal\/wp-content\/uploads\/2023\/07\/moulinPRINCIPAL.jpeg\" \/>\n\t<meta property=\"og:image:width\" content=\"1600\" \/>\n\t<meta property=\"og:image:height\" content=\"1010\" \/>\n\t<meta property=\"og:image:type\" content=\"image\/jpeg\" \/>\n<meta name=\"author\" content=\"Jeanette\" \/>\n<meta name=\"twitter:card\" content=\"summary_large_image\" \/>\n<meta name=\"twitter:creator\" content=\"@eldiario_net\" \/>\n<meta name=\"twitter:site\" content=\"@eldiario_net\" \/>\n<meta name=\"twitter:label1\" content=\"Escrito por\" \/>\n\t<meta name=\"twitter:data1\" content=\"Jeanette\" \/>\n\t<meta name=\"twitter:label2\" content=\"Tiempo de lectura\" \/>\n\t<meta name=\"twitter:data2\" content=\"4 minutos\" \/>\n<script type=\"application\/ld+json\" class=\"yoast-schema-graph\">{\"@context\":\"https:\\\/\\\/schema.org\",\"@graph\":[{\"@type\":\"Article\",\"@id\":\"https:\\\/\\\/www.eldiario.net\\\/portal\\\/2023\\\/07\\\/22\\\/el-deslumbrante-musical-moulin-rouge-llega-al-teatro-municipal\\\/#article\",\"isPartOf\":{\"@id\":\"https:\\\/\\\/www.eldiario.net\\\/portal\\\/2023\\\/07\\\/22\\\/el-deslumbrante-musical-moulin-rouge-llega-al-teatro-municipal\\\/\"},\"author\":{\"name\":\"Jeanette\",\"@id\":\"https:\\\/\\\/www.eldiario.net\\\/portal\\\/#\\\/schema\\\/person\\\/2c57cf2b7a7ae032e449e4c9b1019eac\"},\"headline\":\"El deslumbrante musical Moulin Rouge llega al Teatro Municipal\",\"datePublished\":\"2023-07-22T11:33:10+00:00\",\"mainEntityOfPage\":{\"@id\":\"https:\\\/\\\/www.eldiario.net\\\/portal\\\/2023\\\/07\\\/22\\\/el-deslumbrante-musical-moulin-rouge-llega-al-teatro-municipal\\\/\"},\"wordCount\":725,\"publisher\":{\"@id\":\"https:\\\/\\\/www.eldiario.net\\\/portal\\\/#organization\"},\"image\":{\"@id\":\"https:\\\/\\\/www.eldiario.net\\\/portal\\\/2023\\\/07\\\/22\\\/el-deslumbrante-musical-moulin-rouge-llega-al-teatro-municipal\\\/#primaryimage\"},\"thumbnailUrl\":\"https:\\\/\\\/www.eldiario.net\\\/portal\\\/wp-content\\\/uploads\\\/2023\\\/07\\\/moulinPRINCIPAL.jpeg\",\"articleSection\":[\"La Gu\u00eda\"],\"inLanguage\":\"es\"},{\"@type\":\"WebPage\",\"@id\":\"https:\\\/\\\/www.eldiario.net\\\/portal\\\/2023\\\/07\\\/22\\\/el-deslumbrante-musical-moulin-rouge-llega-al-teatro-municipal\\\/\",\"url\":\"https:\\\/\\\/www.eldiario.net\\\/portal\\\/2023\\\/07\\\/22\\\/el-deslumbrante-musical-moulin-rouge-llega-al-teatro-municipal\\\/\",\"name\":\"El deslumbrante musical Moulin Rouge llega al Teatro Municipal - El Diario - Bolivia\",\"isPartOf\":{\"@id\":\"https:\\\/\\\/www.eldiario.net\\\/portal\\\/#website\"},\"primaryImageOfPage\":{\"@id\":\"https:\\\/\\\/www.eldiario.net\\\/portal\\\/2023\\\/07\\\/22\\\/el-deslumbrante-musical-moulin-rouge-llega-al-teatro-municipal\\\/#primaryimage\"},\"image\":{\"@id\":\"https:\\\/\\\/www.eldiario.net\\\/portal\\\/2023\\\/07\\\/22\\\/el-deslumbrante-musical-moulin-rouge-llega-al-teatro-municipal\\\/#primaryimage\"},\"thumbnailUrl\":\"https:\\\/\\\/www.eldiario.net\\\/portal\\\/wp-content\\\/uploads\\\/2023\\\/07\\\/moulinPRINCIPAL.jpeg\",\"datePublished\":\"2023-07-22T11:33:10+00:00\",\"breadcrumb\":{\"@id\":\"https:\\\/\\\/www.eldiario.net\\\/portal\\\/2023\\\/07\\\/22\\\/el-deslumbrante-musical-moulin-rouge-llega-al-teatro-municipal\\\/#breadcrumb\"},\"inLanguage\":\"es\",\"potentialAction\":[{\"@type\":\"ReadAction\",\"target\":[\"https:\\\/\\\/www.eldiario.net\\\/portal\\\/2023\\\/07\\\/22\\\/el-deslumbrante-musical-moulin-rouge-llega-al-teatro-municipal\\\/\"]}]},{\"@type\":\"ImageObject\",\"inLanguage\":\"es\",\"@id\":\"https:\\\/\\\/www.eldiario.net\\\/portal\\\/2023\\\/07\\\/22\\\/el-deslumbrante-musical-moulin-rouge-llega-al-teatro-municipal\\\/#primaryimage\",\"url\":\"https:\\\/\\\/www.eldiario.net\\\/portal\\\/wp-content\\\/uploads\\\/2023\\\/07\\\/moulinPRINCIPAL.jpeg\",\"contentUrl\":\"https:\\\/\\\/www.eldiario.net\\\/portal\\\/wp-content\\\/uploads\\\/2023\\\/07\\\/moulinPRINCIPAL.jpeg\",\"width\":1600,\"height\":1010},{\"@type\":\"BreadcrumbList\",\"@id\":\"https:\\\/\\\/www.eldiario.net\\\/portal\\\/2023\\\/07\\\/22\\\/el-deslumbrante-musical-moulin-rouge-llega-al-teatro-municipal\\\/#breadcrumb\",\"itemListElement\":[{\"@type\":\"ListItem\",\"position\":1,\"name\":\"Portada\",\"item\":\"https:\\\/\\\/www.eldiario.net\\\/portal\\\/\"},{\"@type\":\"ListItem\",\"position\":2,\"name\":\"El deslumbrante musical Moulin Rouge llega al Teatro Municipal\"}]},{\"@type\":\"WebSite\",\"@id\":\"https:\\\/\\\/www.eldiario.net\\\/portal\\\/#website\",\"url\":\"https:\\\/\\\/www.eldiario.net\\\/portal\\\/\",\"name\":\"El Diario - Decano de la prensa nacional\",\"description\":\"El Diario - Decano de la prensa nacional\",\"publisher\":{\"@id\":\"https:\\\/\\\/www.eldiario.net\\\/portal\\\/#organization\"},\"potentialAction\":[{\"@type\":\"SearchAction\",\"target\":{\"@type\":\"EntryPoint\",\"urlTemplate\":\"https:\\\/\\\/www.eldiario.net\\\/portal\\\/?s={search_term_string}\"},\"query-input\":{\"@type\":\"PropertyValueSpecification\",\"valueRequired\":true,\"valueName\":\"search_term_string\"}}],\"inLanguage\":\"es\"},{\"@type\":\"Organization\",\"@id\":\"https:\\\/\\\/www.eldiario.net\\\/portal\\\/#organization\",\"name\":\"El Diario - Decano de la prensa nacional\",\"url\":\"https:\\\/\\\/www.eldiario.net\\\/portal\\\/\",\"logo\":{\"@type\":\"ImageObject\",\"inLanguage\":\"es\",\"@id\":\"https:\\\/\\\/www.eldiario.net\\\/portal\\\/#\\\/schema\\\/logo\\\/image\\\/\",\"url\":\"https:\\\/\\\/www.eldiario.net\\\/portal\\\/wp-content\\\/uploads\\\/2023\\\/07\\\/logo_ED.jpg\",\"contentUrl\":\"https:\\\/\\\/www.eldiario.net\\\/portal\\\/wp-content\\\/uploads\\\/2023\\\/07\\\/logo_ED.jpg\",\"width\":272,\"height\":52,\"caption\":\"El Diario - Decano de la prensa nacional\"},\"image\":{\"@id\":\"https:\\\/\\\/www.eldiario.net\\\/portal\\\/#\\\/schema\\\/logo\\\/image\\\/\"},\"sameAs\":[\"https:\\\/\\\/www.facebook.com\\\/eldiario.bolivia\\\/\",\"https:\\\/\\\/x.com\\\/eldiario_net\"]},{\"@type\":\"Person\",\"@id\":\"https:\\\/\\\/www.eldiario.net\\\/portal\\\/#\\\/schema\\\/person\\\/2c57cf2b7a7ae032e449e4c9b1019eac\",\"name\":\"Jeanette\",\"image\":{\"@type\":\"ImageObject\",\"inLanguage\":\"es\",\"@id\":\"https:\\\/\\\/secure.gravatar.com\\\/avatar\\\/3ea2118a5f7dad2b7138b1187a6b7ee55f160b9968b66013c3a3ef39dd7e5798?s=96&d=mm&r=g\",\"url\":\"https:\\\/\\\/secure.gravatar.com\\\/avatar\\\/3ea2118a5f7dad2b7138b1187a6b7ee55f160b9968b66013c3a3ef39dd7e5798?s=96&d=mm&r=g\",\"contentUrl\":\"https:\\\/\\\/secure.gravatar.com\\\/avatar\\\/3ea2118a5f7dad2b7138b1187a6b7ee55f160b9968b66013c3a3ef39dd7e5798?s=96&d=mm&r=g\",\"caption\":\"Jeanette\"},\"sameAs\":[\"https:\\\/\\\/www.eldiario.net\\\/portal\"],\"url\":\"https:\\\/\\\/www.eldiario.net\\\/portal\\\/author\\\/jeanette\\\/\"}]}<\/script>\n<!-- \/ Yoast SEO plugin. -->","yoast_head_json":{"title":"El deslumbrante musical Moulin Rouge llega al Teatro Municipal - El Diario - Bolivia","robots":{"index":"index","follow":"follow","max-snippet":"max-snippet:-1","max-image-preview":"max-image-preview:large","max-video-preview":"max-video-preview:-1"},"canonical":"https:\/\/www.eldiario.net\/portal\/2023\/07\/22\/el-deslumbrante-musical-moulin-rouge-llega-al-teatro-municipal\/","og_locale":"es_ES","og_type":"article","og_title":"El deslumbrante musical Moulin Rouge llega al Teatro Municipal - El Diario - Bolivia","og_description":"El legendario musical Moulin Rouge llega al escenario del Teatro Municipal \u201cAlberto Saavedra P\u00e9rez\u201d, del 28 al 30 de julio, de la mano de \u00c9PICA Producci\u00f3n Art\u00edstica y GSK producciones. Basado en la aclamada pel\u00edcula del mismo nombre, esta adaptaci\u00f3n teatral promete transportar a los espectadores a un mundo de amor, m\u00fasica y pasi\u00f3n desenfrenada. [&hellip;]","og_url":"https:\/\/www.eldiario.net\/portal\/2023\/07\/22\/el-deslumbrante-musical-moulin-rouge-llega-al-teatro-municipal\/","og_site_name":"El Diario - Bolivia","article_publisher":"https:\/\/www.facebook.com\/eldiario.bolivia\/","article_published_time":"2023-07-22T11:33:10+00:00","og_image":[{"width":1600,"height":1010,"url":"https:\/\/www.eldiario.net\/portal\/wp-content\/uploads\/2023\/07\/moulinPRINCIPAL.jpeg","type":"image\/jpeg"}],"author":"Jeanette","twitter_card":"summary_large_image","twitter_creator":"@eldiario_net","twitter_site":"@eldiario_net","twitter_misc":{"Escrito por":"Jeanette","Tiempo de lectura":"4 minutos"},"schema":{"@context":"https:\/\/schema.org","@graph":[{"@type":"Article","@id":"https:\/\/www.eldiario.net\/portal\/2023\/07\/22\/el-deslumbrante-musical-moulin-rouge-llega-al-teatro-municipal\/#article","isPartOf":{"@id":"https:\/\/www.eldiario.net\/portal\/2023\/07\/22\/el-deslumbrante-musical-moulin-rouge-llega-al-teatro-municipal\/"},"author":{"name":"Jeanette","@id":"https:\/\/www.eldiario.net\/portal\/#\/schema\/person\/2c57cf2b7a7ae032e449e4c9b1019eac"},"headline":"El deslumbrante musical Moulin Rouge llega al Teatro Municipal","datePublished":"2023-07-22T11:33:10+00:00","mainEntityOfPage":{"@id":"https:\/\/www.eldiario.net\/portal\/2023\/07\/22\/el-deslumbrante-musical-moulin-rouge-llega-al-teatro-municipal\/"},"wordCount":725,"publisher":{"@id":"https:\/\/www.eldiario.net\/portal\/#organization"},"image":{"@id":"https:\/\/www.eldiario.net\/portal\/2023\/07\/22\/el-deslumbrante-musical-moulin-rouge-llega-al-teatro-municipal\/#primaryimage"},"thumbnailUrl":"https:\/\/www.eldiario.net\/portal\/wp-content\/uploads\/2023\/07\/moulinPRINCIPAL.jpeg","articleSection":["La Gu\u00eda"],"inLanguage":"es"},{"@type":"WebPage","@id":"https:\/\/www.eldiario.net\/portal\/2023\/07\/22\/el-deslumbrante-musical-moulin-rouge-llega-al-teatro-municipal\/","url":"https:\/\/www.eldiario.net\/portal\/2023\/07\/22\/el-deslumbrante-musical-moulin-rouge-llega-al-teatro-municipal\/","name":"El deslumbrante musical Moulin Rouge llega al Teatro Municipal - El Diario - Bolivia","isPartOf":{"@id":"https:\/\/www.eldiario.net\/portal\/#website"},"primaryImageOfPage":{"@id":"https:\/\/www.eldiario.net\/portal\/2023\/07\/22\/el-deslumbrante-musical-moulin-rouge-llega-al-teatro-municipal\/#primaryimage"},"image":{"@id":"https:\/\/www.eldiario.net\/portal\/2023\/07\/22\/el-deslumbrante-musical-moulin-rouge-llega-al-teatro-municipal\/#primaryimage"},"thumbnailUrl":"https:\/\/www.eldiario.net\/portal\/wp-content\/uploads\/2023\/07\/moulinPRINCIPAL.jpeg","datePublished":"2023-07-22T11:33:10+00:00","breadcrumb":{"@id":"https:\/\/www.eldiario.net\/portal\/2023\/07\/22\/el-deslumbrante-musical-moulin-rouge-llega-al-teatro-municipal\/#breadcrumb"},"inLanguage":"es","potentialAction":[{"@type":"ReadAction","target":["https:\/\/www.eldiario.net\/portal\/2023\/07\/22\/el-deslumbrante-musical-moulin-rouge-llega-al-teatro-municipal\/"]}]},{"@type":"ImageObject","inLanguage":"es","@id":"https:\/\/www.eldiario.net\/portal\/2023\/07\/22\/el-deslumbrante-musical-moulin-rouge-llega-al-teatro-municipal\/#primaryimage","url":"https:\/\/www.eldiario.net\/portal\/wp-content\/uploads\/2023\/07\/moulinPRINCIPAL.jpeg","contentUrl":"https:\/\/www.eldiario.net\/portal\/wp-content\/uploads\/2023\/07\/moulinPRINCIPAL.jpeg","width":1600,"height":1010},{"@type":"BreadcrumbList","@id":"https:\/\/www.eldiario.net\/portal\/2023\/07\/22\/el-deslumbrante-musical-moulin-rouge-llega-al-teatro-municipal\/#breadcrumb","itemListElement":[{"@type":"ListItem","position":1,"name":"Portada","item":"https:\/\/www.eldiario.net\/portal\/"},{"@type":"ListItem","position":2,"name":"El deslumbrante musical Moulin Rouge llega al Teatro Municipal"}]},{"@type":"WebSite","@id":"https:\/\/www.eldiario.net\/portal\/#website","url":"https:\/\/www.eldiario.net\/portal\/","name":"El Diario - Decano de la prensa nacional","description":"El Diario - Decano de la prensa nacional","publisher":{"@id":"https:\/\/www.eldiario.net\/portal\/#organization"},"potentialAction":[{"@type":"SearchAction","target":{"@type":"EntryPoint","urlTemplate":"https:\/\/www.eldiario.net\/portal\/?s={search_term_string}"},"query-input":{"@type":"PropertyValueSpecification","valueRequired":true,"valueName":"search_term_string"}}],"inLanguage":"es"},{"@type":"Organization","@id":"https:\/\/www.eldiario.net\/portal\/#organization","name":"El Diario - Decano de la prensa nacional","url":"https:\/\/www.eldiario.net\/portal\/","logo":{"@type":"ImageObject","inLanguage":"es","@id":"https:\/\/www.eldiario.net\/portal\/#\/schema\/logo\/image\/","url":"https:\/\/www.eldiario.net\/portal\/wp-content\/uploads\/2023\/07\/logo_ED.jpg","contentUrl":"https:\/\/www.eldiario.net\/portal\/wp-content\/uploads\/2023\/07\/logo_ED.jpg","width":272,"height":52,"caption":"El Diario - Decano de la prensa nacional"},"image":{"@id":"https:\/\/www.eldiario.net\/portal\/#\/schema\/logo\/image\/"},"sameAs":["https:\/\/www.facebook.com\/eldiario.bolivia\/","https:\/\/x.com\/eldiario_net"]},{"@type":"Person","@id":"https:\/\/www.eldiario.net\/portal\/#\/schema\/person\/2c57cf2b7a7ae032e449e4c9b1019eac","name":"Jeanette","image":{"@type":"ImageObject","inLanguage":"es","@id":"https:\/\/secure.gravatar.com\/avatar\/3ea2118a5f7dad2b7138b1187a6b7ee55f160b9968b66013c3a3ef39dd7e5798?s=96&d=mm&r=g","url":"https:\/\/secure.gravatar.com\/avatar\/3ea2118a5f7dad2b7138b1187a6b7ee55f160b9968b66013c3a3ef39dd7e5798?s=96&d=mm&r=g","contentUrl":"https:\/\/secure.gravatar.com\/avatar\/3ea2118a5f7dad2b7138b1187a6b7ee55f160b9968b66013c3a3ef39dd7e5798?s=96&d=mm&r=g","caption":"Jeanette"},"sameAs":["https:\/\/www.eldiario.net\/portal"],"url":"https:\/\/www.eldiario.net\/portal\/author\/jeanette\/"}]}},"_links":{"self":[{"href":"https:\/\/www.eldiario.net\/portal\/wp-json\/wp\/v2\/posts\/166957","targetHints":{"allow":["GET"]}}],"collection":[{"href":"https:\/\/www.eldiario.net\/portal\/wp-json\/wp\/v2\/posts"}],"about":[{"href":"https:\/\/www.eldiario.net\/portal\/wp-json\/wp\/v2\/types\/post"}],"author":[{"embeddable":true,"href":"https:\/\/www.eldiario.net\/portal\/wp-json\/wp\/v2\/users\/1"}],"replies":[{"embeddable":true,"href":"https:\/\/www.eldiario.net\/portal\/wp-json\/wp\/v2\/comments?post=166957"}],"version-history":[{"count":0,"href":"https:\/\/www.eldiario.net\/portal\/wp-json\/wp\/v2\/posts\/166957\/revisions"}],"wp:featuredmedia":[{"embeddable":true,"href":"https:\/\/www.eldiario.net\/portal\/wp-json\/wp\/v2\/media\/166958"}],"wp:attachment":[{"href":"https:\/\/www.eldiario.net\/portal\/wp-json\/wp\/v2\/media?parent=166957"}],"wp:term":[{"taxonomy":"category","embeddable":true,"href":"https:\/\/www.eldiario.net\/portal\/wp-json\/wp\/v2\/categories?post=166957"},{"taxonomy":"post_tag","embeddable":true,"href":"https:\/\/www.eldiario.net\/portal\/wp-json\/wp\/v2\/tags?post=166957"}],"curies":[{"name":"wp","href":"https:\/\/api.w.org\/{rel}","templated":true}]}}