{"id":166954,"date":"2023-07-22T07:32:14","date_gmt":"2023-07-22T11:32:14","guid":{"rendered":"https:\/\/www.eldiario.net\/portal\/?p=166954"},"modified":"2023-07-22T07:32:14","modified_gmt":"2023-07-22T11:32:14","slug":"brahms-a-la-luz-de-las-velas-por-la-sinfonica-chuquiago-marka","status":"publish","type":"post","link":"https:\/\/www.eldiario.net\/portal\/2023\/07\/22\/brahms-a-la-luz-de-las-velas-por-la-sinfonica-chuquiago-marka\/","title":{"rendered":"\u201cBrahms a la luz de las velas\u201d por  la Sinf\u00f3nica Chuquiago Marka"},"content":{"rendered":"<p>En un escenario iluminado \u00edntimamente con velas, bajo la direcci\u00f3n del maestro Christian Asturizaga y el sonido del solista invitado, Justo Guti\u00e9rrez, la Orquesta Sinf\u00f3nica Chuquiago Marka interpretar\u00e1 las <em>Danzas H\u00fangaras<\/em> y el <em>Concierto de Viol\u00edn<\/em> de Brahms este domingo 23 de julio, a horas 19:00, en el Hotel Calacoto.<\/p>\n<p>La velada desde ya promete ser inolvidable, puesto que la Sinf\u00f3nica Chuquiago est\u00e1 trayendo a Bolivia los <em>Candlelight concert<\/em>, un concepto de concierto \u00edntimo que invita al p\u00fablico a tener una grata e inolvidable experiencia, esta vez junto a la m\u00fasica de Brahms.<\/p>\n<p>La fusi\u00f3n de la prodigiosa destreza del violinista Justo Guti\u00e9rrez, quien lleva una carrera consolidada principalmente en Brasil, con la intensidad y la maestr\u00eda de la Sinf\u00f3nica Chuquiago trasladar\u00e1 al p\u00fablico a un viaje musical a trav\u00e9s de las cautivadoras <em>Danzas H<\/em><em>\u00fangaras<\/em> de Brahms y el <em>Concierto de Viol\u00edn<\/em>. Estas obras maestras, impregnadas de la rica tradici\u00f3n folcl\u00f3rica h\u00fangara y la genialidad compositiva de Brahms, son conocidas por su car\u00e1cter en\u00e9rgico, emocional y virtuosismo deslumbrante.<\/p>\n<p>Christian Asturizada destac\u00f3 que \u00abBrahms a la luz de las velas\u00bb, nombre del evento, representa una oportunidad \u00fanica para el p\u00fablico en general, de descubrir una m\u00fasica exquisita y para los amantes de la m\u00fasica cl\u00e1sica y los mel\u00f3manos de experimentar la magia de esta fusi\u00f3n musical excepcional, con un toque \u00edntimo, pero con intensidad y pasi\u00f3n.<\/p>\n<p>La Sinf\u00f3nica Chuquiago es una instituci\u00f3n sinf\u00f3nica de renombre, reconocida por su excelencia art\u00edstica y su capacidad de emocionar y cautivar al p\u00fablico. Bajo la direcci\u00f3n del talentoso Christian Asturizaga, la orquesta ha cosechado numerosos \u00e9xitos, consolid\u00e1ndose como una fuerza musical en constante crecimiento.<\/p>\n","protected":false},"excerpt":{"rendered":"<p>En un escenario iluminado \u00edntimamente con velas, bajo la direcci\u00f3n del maestro Christian Asturizaga y el sonido del solista invitado, Justo Guti\u00e9rrez, la Orquesta Sinf\u00f3nica Chuquiago Marka interpretar\u00e1 las Danzas H\u00fangaras y el Concierto de Viol\u00edn de Brahms este domingo 23 de julio, a horas 19:00, en el Hotel Calacoto. La velada desde ya promete [&hellip;]<\/p>\n","protected":false},"author":1,"featured_media":166955,"comment_status":"closed","ping_status":"open","sticky":false,"template":"","format":"standard","meta":{"_acf_changed":false,"footnotes":""},"categories":[41],"tags":[],"class_list":["post-166954","post","type-post","status-publish","format-standard","has-post-thumbnail","category-la-guia"],"acf":{"antetitulo":""},"yoast_head":"<!-- This site is optimized with the Yoast SEO plugin v28.4 - https:\/\/yoast.com\/product\/yoast-seo-wordpress\/ -->\n<title>\u201cBrahms a la luz de las velas\u201d por la Sinf\u00f3nica Chuquiago Marka - El Diario - Bolivia<\/title>\n<meta name=\"robots\" content=\"index, follow, max-snippet:-1, max-image-preview:large, max-video-preview:-1\" \/>\n<link rel=\"canonical\" href=\"https:\/\/www.eldiario.net\/portal\/2023\/07\/22\/brahms-a-la-luz-de-las-velas-por-la-sinfonica-chuquiago-marka\/\" \/>\n<meta property=\"og:locale\" content=\"es_ES\" \/>\n<meta property=\"og:type\" content=\"article\" \/>\n<meta property=\"og:title\" content=\"\u201cBrahms a la luz de las velas\u201d por la Sinf\u00f3nica Chuquiago Marka - El Diario - Bolivia\" \/>\n<meta property=\"og:description\" content=\"En un escenario iluminado \u00edntimamente con velas, bajo la direcci\u00f3n del maestro Christian Asturizaga y el sonido del solista invitado, Justo Guti\u00e9rrez, la Orquesta Sinf\u00f3nica Chuquiago Marka interpretar\u00e1 las Danzas H\u00fangaras y el Concierto de Viol\u00edn de Brahms este domingo 23 de julio, a horas 19:00, en el Hotel Calacoto. La velada desde ya promete [&hellip;]\" \/>\n<meta property=\"og:url\" content=\"https:\/\/www.eldiario.net\/portal\/2023\/07\/22\/brahms-a-la-luz-de-las-velas-por-la-sinfonica-chuquiago-marka\/\" \/>\n<meta property=\"og:site_name\" content=\"El Diario - Bolivia\" \/>\n<meta property=\"article:publisher\" content=\"https:\/\/www.facebook.com\/eldiario.bolivia\/\" \/>\n<meta property=\"article:published_time\" content=\"2023-07-22T11:32:14+00:00\" \/>\n<meta property=\"og:image\" content=\"https:\/\/www.eldiario.net\/portal\/wp-content\/uploads\/2023\/07\/brahms-Pie-de-foto-Justo-Gutierrez.jpg\" \/>\n\t<meta property=\"og:image:width\" content=\"995\" \/>\n\t<meta property=\"og:image:height\" content=\"860\" \/>\n\t<meta property=\"og:image:type\" content=\"image\/jpeg\" \/>\n<meta name=\"author\" content=\"Jeanette\" \/>\n<meta name=\"twitter:card\" content=\"summary_large_image\" \/>\n<meta name=\"twitter:creator\" content=\"@eldiario_net\" \/>\n<meta name=\"twitter:site\" content=\"@eldiario_net\" \/>\n<meta name=\"twitter:label1\" content=\"Escrito por\" \/>\n\t<meta name=\"twitter:data1\" content=\"Jeanette\" \/>\n\t<meta name=\"twitter:label2\" content=\"Tiempo de lectura\" \/>\n\t<meta name=\"twitter:data2\" content=\"2 minutos\" \/>\n<script type=\"application\/ld+json\" class=\"yoast-schema-graph\">{\"@context\":\"https:\\\/\\\/schema.org\",\"@graph\":[{\"@type\":\"Article\",\"@id\":\"https:\\\/\\\/www.eldiario.net\\\/portal\\\/2023\\\/07\\\/22\\\/brahms-a-la-luz-de-las-velas-por-la-sinfonica-chuquiago-marka\\\/#article\",\"isPartOf\":{\"@id\":\"https:\\\/\\\/www.eldiario.net\\\/portal\\\/2023\\\/07\\\/22\\\/brahms-a-la-luz-de-las-velas-por-la-sinfonica-chuquiago-marka\\\/\"},\"author\":{\"name\":\"Jeanette\",\"@id\":\"https:\\\/\\\/www.eldiario.net\\\/portal\\\/#\\\/schema\\\/person\\\/2c57cf2b7a7ae032e449e4c9b1019eac\"},\"headline\":\"\u201cBrahms a la luz de las velas\u201d por la Sinf\u00f3nica Chuquiago Marka\",\"datePublished\":\"2023-07-22T11:32:14+00:00\",\"mainEntityOfPage\":{\"@id\":\"https:\\\/\\\/www.eldiario.net\\\/portal\\\/2023\\\/07\\\/22\\\/brahms-a-la-luz-de-las-velas-por-la-sinfonica-chuquiago-marka\\\/\"},\"wordCount\":315,\"publisher\":{\"@id\":\"https:\\\/\\\/www.eldiario.net\\\/portal\\\/#organization\"},\"image\":{\"@id\":\"https:\\\/\\\/www.eldiario.net\\\/portal\\\/2023\\\/07\\\/22\\\/brahms-a-la-luz-de-las-velas-por-la-sinfonica-chuquiago-marka\\\/#primaryimage\"},\"thumbnailUrl\":\"https:\\\/\\\/www.eldiario.net\\\/portal\\\/wp-content\\\/uploads\\\/2023\\\/07\\\/brahms-Pie-de-foto-Justo-Gutierrez.jpg\",\"articleSection\":[\"La Gu\u00eda\"],\"inLanguage\":\"es\"},{\"@type\":\"WebPage\",\"@id\":\"https:\\\/\\\/www.eldiario.net\\\/portal\\\/2023\\\/07\\\/22\\\/brahms-a-la-luz-de-las-velas-por-la-sinfonica-chuquiago-marka\\\/\",\"url\":\"https:\\\/\\\/www.eldiario.net\\\/portal\\\/2023\\\/07\\\/22\\\/brahms-a-la-luz-de-las-velas-por-la-sinfonica-chuquiago-marka\\\/\",\"name\":\"\u201cBrahms a la luz de las velas\u201d por la Sinf\u00f3nica Chuquiago Marka - El Diario - Bolivia\",\"isPartOf\":{\"@id\":\"https:\\\/\\\/www.eldiario.net\\\/portal\\\/#website\"},\"primaryImageOfPage\":{\"@id\":\"https:\\\/\\\/www.eldiario.net\\\/portal\\\/2023\\\/07\\\/22\\\/brahms-a-la-luz-de-las-velas-por-la-sinfonica-chuquiago-marka\\\/#primaryimage\"},\"image\":{\"@id\":\"https:\\\/\\\/www.eldiario.net\\\/portal\\\/2023\\\/07\\\/22\\\/brahms-a-la-luz-de-las-velas-por-la-sinfonica-chuquiago-marka\\\/#primaryimage\"},\"thumbnailUrl\":\"https:\\\/\\\/www.eldiario.net\\\/portal\\\/wp-content\\\/uploads\\\/2023\\\/07\\\/brahms-Pie-de-foto-Justo-Gutierrez.jpg\",\"datePublished\":\"2023-07-22T11:32:14+00:00\",\"breadcrumb\":{\"@id\":\"https:\\\/\\\/www.eldiario.net\\\/portal\\\/2023\\\/07\\\/22\\\/brahms-a-la-luz-de-las-velas-por-la-sinfonica-chuquiago-marka\\\/#breadcrumb\"},\"inLanguage\":\"es\",\"potentialAction\":[{\"@type\":\"ReadAction\",\"target\":[\"https:\\\/\\\/www.eldiario.net\\\/portal\\\/2023\\\/07\\\/22\\\/brahms-a-la-luz-de-las-velas-por-la-sinfonica-chuquiago-marka\\\/\"]}]},{\"@type\":\"ImageObject\",\"inLanguage\":\"es\",\"@id\":\"https:\\\/\\\/www.eldiario.net\\\/portal\\\/2023\\\/07\\\/22\\\/brahms-a-la-luz-de-las-velas-por-la-sinfonica-chuquiago-marka\\\/#primaryimage\",\"url\":\"https:\\\/\\\/www.eldiario.net\\\/portal\\\/wp-content\\\/uploads\\\/2023\\\/07\\\/brahms-Pie-de-foto-Justo-Gutierrez.jpg\",\"contentUrl\":\"https:\\\/\\\/www.eldiario.net\\\/portal\\\/wp-content\\\/uploads\\\/2023\\\/07\\\/brahms-Pie-de-foto-Justo-Gutierrez.jpg\",\"width\":995,\"height\":860},{\"@type\":\"BreadcrumbList\",\"@id\":\"https:\\\/\\\/www.eldiario.net\\\/portal\\\/2023\\\/07\\\/22\\\/brahms-a-la-luz-de-las-velas-por-la-sinfonica-chuquiago-marka\\\/#breadcrumb\",\"itemListElement\":[{\"@type\":\"ListItem\",\"position\":1,\"name\":\"Portada\",\"item\":\"https:\\\/\\\/www.eldiario.net\\\/portal\\\/\"},{\"@type\":\"ListItem\",\"position\":2,\"name\":\"\u201cBrahms a la luz de las velas\u201d por la Sinf\u00f3nica Chuquiago Marka\"}]},{\"@type\":\"WebSite\",\"@id\":\"https:\\\/\\\/www.eldiario.net\\\/portal\\\/#website\",\"url\":\"https:\\\/\\\/www.eldiario.net\\\/portal\\\/\",\"name\":\"El Diario - Decano de la prensa nacional\",\"description\":\"El Diario - Decano de la prensa nacional\",\"publisher\":{\"@id\":\"https:\\\/\\\/www.eldiario.net\\\/portal\\\/#organization\"},\"potentialAction\":[{\"@type\":\"SearchAction\",\"target\":{\"@type\":\"EntryPoint\",\"urlTemplate\":\"https:\\\/\\\/www.eldiario.net\\\/portal\\\/?s={search_term_string}\"},\"query-input\":{\"@type\":\"PropertyValueSpecification\",\"valueRequired\":true,\"valueName\":\"search_term_string\"}}],\"inLanguage\":\"es\"},{\"@type\":\"Organization\",\"@id\":\"https:\\\/\\\/www.eldiario.net\\\/portal\\\/#organization\",\"name\":\"El Diario - Decano de la prensa nacional\",\"url\":\"https:\\\/\\\/www.eldiario.net\\\/portal\\\/\",\"logo\":{\"@type\":\"ImageObject\",\"inLanguage\":\"es\",\"@id\":\"https:\\\/\\\/www.eldiario.net\\\/portal\\\/#\\\/schema\\\/logo\\\/image\\\/\",\"url\":\"https:\\\/\\\/www.eldiario.net\\\/portal\\\/wp-content\\\/uploads\\\/2023\\\/07\\\/logo_ED.jpg\",\"contentUrl\":\"https:\\\/\\\/www.eldiario.net\\\/portal\\\/wp-content\\\/uploads\\\/2023\\\/07\\\/logo_ED.jpg\",\"width\":272,\"height\":52,\"caption\":\"El Diario - Decano de la prensa nacional\"},\"image\":{\"@id\":\"https:\\\/\\\/www.eldiario.net\\\/portal\\\/#\\\/schema\\\/logo\\\/image\\\/\"},\"sameAs\":[\"https:\\\/\\\/www.facebook.com\\\/eldiario.bolivia\\\/\",\"https:\\\/\\\/x.com\\\/eldiario_net\"]},{\"@type\":\"Person\",\"@id\":\"https:\\\/\\\/www.eldiario.net\\\/portal\\\/#\\\/schema\\\/person\\\/2c57cf2b7a7ae032e449e4c9b1019eac\",\"name\":\"Jeanette\",\"image\":{\"@type\":\"ImageObject\",\"inLanguage\":\"es\",\"@id\":\"https:\\\/\\\/secure.gravatar.com\\\/avatar\\\/3ea2118a5f7dad2b7138b1187a6b7ee55f160b9968b66013c3a3ef39dd7e5798?s=96&d=mm&r=g\",\"url\":\"https:\\\/\\\/secure.gravatar.com\\\/avatar\\\/3ea2118a5f7dad2b7138b1187a6b7ee55f160b9968b66013c3a3ef39dd7e5798?s=96&d=mm&r=g\",\"contentUrl\":\"https:\\\/\\\/secure.gravatar.com\\\/avatar\\\/3ea2118a5f7dad2b7138b1187a6b7ee55f160b9968b66013c3a3ef39dd7e5798?s=96&d=mm&r=g\",\"caption\":\"Jeanette\"},\"sameAs\":[\"https:\\\/\\\/www.eldiario.net\\\/portal\"],\"url\":\"https:\\\/\\\/www.eldiario.net\\\/portal\\\/author\\\/jeanette\\\/\"}]}<\/script>\n<!-- \/ Yoast SEO plugin. -->","yoast_head_json":{"title":"\u201cBrahms a la luz de las velas\u201d por la Sinf\u00f3nica Chuquiago Marka - El Diario - Bolivia","robots":{"index":"index","follow":"follow","max-snippet":"max-snippet:-1","max-image-preview":"max-image-preview:large","max-video-preview":"max-video-preview:-1"},"canonical":"https:\/\/www.eldiario.net\/portal\/2023\/07\/22\/brahms-a-la-luz-de-las-velas-por-la-sinfonica-chuquiago-marka\/","og_locale":"es_ES","og_type":"article","og_title":"\u201cBrahms a la luz de las velas\u201d por la Sinf\u00f3nica Chuquiago Marka - El Diario - Bolivia","og_description":"En un escenario iluminado \u00edntimamente con velas, bajo la direcci\u00f3n del maestro Christian Asturizaga y el sonido del solista invitado, Justo Guti\u00e9rrez, la Orquesta Sinf\u00f3nica Chuquiago Marka interpretar\u00e1 las Danzas H\u00fangaras y el Concierto de Viol\u00edn de Brahms este domingo 23 de julio, a horas 19:00, en el Hotel Calacoto. La velada desde ya promete [&hellip;]","og_url":"https:\/\/www.eldiario.net\/portal\/2023\/07\/22\/brahms-a-la-luz-de-las-velas-por-la-sinfonica-chuquiago-marka\/","og_site_name":"El Diario - Bolivia","article_publisher":"https:\/\/www.facebook.com\/eldiario.bolivia\/","article_published_time":"2023-07-22T11:32:14+00:00","og_image":[{"width":995,"height":860,"url":"https:\/\/www.eldiario.net\/portal\/wp-content\/uploads\/2023\/07\/brahms-Pie-de-foto-Justo-Gutierrez.jpg","type":"image\/jpeg"}],"author":"Jeanette","twitter_card":"summary_large_image","twitter_creator":"@eldiario_net","twitter_site":"@eldiario_net","twitter_misc":{"Escrito por":"Jeanette","Tiempo de lectura":"2 minutos"},"schema":{"@context":"https:\/\/schema.org","@graph":[{"@type":"Article","@id":"https:\/\/www.eldiario.net\/portal\/2023\/07\/22\/brahms-a-la-luz-de-las-velas-por-la-sinfonica-chuquiago-marka\/#article","isPartOf":{"@id":"https:\/\/www.eldiario.net\/portal\/2023\/07\/22\/brahms-a-la-luz-de-las-velas-por-la-sinfonica-chuquiago-marka\/"},"author":{"name":"Jeanette","@id":"https:\/\/www.eldiario.net\/portal\/#\/schema\/person\/2c57cf2b7a7ae032e449e4c9b1019eac"},"headline":"\u201cBrahms a la luz de las velas\u201d por la Sinf\u00f3nica Chuquiago Marka","datePublished":"2023-07-22T11:32:14+00:00","mainEntityOfPage":{"@id":"https:\/\/www.eldiario.net\/portal\/2023\/07\/22\/brahms-a-la-luz-de-las-velas-por-la-sinfonica-chuquiago-marka\/"},"wordCount":315,"publisher":{"@id":"https:\/\/www.eldiario.net\/portal\/#organization"},"image":{"@id":"https:\/\/www.eldiario.net\/portal\/2023\/07\/22\/brahms-a-la-luz-de-las-velas-por-la-sinfonica-chuquiago-marka\/#primaryimage"},"thumbnailUrl":"https:\/\/www.eldiario.net\/portal\/wp-content\/uploads\/2023\/07\/brahms-Pie-de-foto-Justo-Gutierrez.jpg","articleSection":["La Gu\u00eda"],"inLanguage":"es"},{"@type":"WebPage","@id":"https:\/\/www.eldiario.net\/portal\/2023\/07\/22\/brahms-a-la-luz-de-las-velas-por-la-sinfonica-chuquiago-marka\/","url":"https:\/\/www.eldiario.net\/portal\/2023\/07\/22\/brahms-a-la-luz-de-las-velas-por-la-sinfonica-chuquiago-marka\/","name":"\u201cBrahms a la luz de las velas\u201d por la Sinf\u00f3nica Chuquiago Marka - El Diario - Bolivia","isPartOf":{"@id":"https:\/\/www.eldiario.net\/portal\/#website"},"primaryImageOfPage":{"@id":"https:\/\/www.eldiario.net\/portal\/2023\/07\/22\/brahms-a-la-luz-de-las-velas-por-la-sinfonica-chuquiago-marka\/#primaryimage"},"image":{"@id":"https:\/\/www.eldiario.net\/portal\/2023\/07\/22\/brahms-a-la-luz-de-las-velas-por-la-sinfonica-chuquiago-marka\/#primaryimage"},"thumbnailUrl":"https:\/\/www.eldiario.net\/portal\/wp-content\/uploads\/2023\/07\/brahms-Pie-de-foto-Justo-Gutierrez.jpg","datePublished":"2023-07-22T11:32:14+00:00","breadcrumb":{"@id":"https:\/\/www.eldiario.net\/portal\/2023\/07\/22\/brahms-a-la-luz-de-las-velas-por-la-sinfonica-chuquiago-marka\/#breadcrumb"},"inLanguage":"es","potentialAction":[{"@type":"ReadAction","target":["https:\/\/www.eldiario.net\/portal\/2023\/07\/22\/brahms-a-la-luz-de-las-velas-por-la-sinfonica-chuquiago-marka\/"]}]},{"@type":"ImageObject","inLanguage":"es","@id":"https:\/\/www.eldiario.net\/portal\/2023\/07\/22\/brahms-a-la-luz-de-las-velas-por-la-sinfonica-chuquiago-marka\/#primaryimage","url":"https:\/\/www.eldiario.net\/portal\/wp-content\/uploads\/2023\/07\/brahms-Pie-de-foto-Justo-Gutierrez.jpg","contentUrl":"https:\/\/www.eldiario.net\/portal\/wp-content\/uploads\/2023\/07\/brahms-Pie-de-foto-Justo-Gutierrez.jpg","width":995,"height":860},{"@type":"BreadcrumbList","@id":"https:\/\/www.eldiario.net\/portal\/2023\/07\/22\/brahms-a-la-luz-de-las-velas-por-la-sinfonica-chuquiago-marka\/#breadcrumb","itemListElement":[{"@type":"ListItem","position":1,"name":"Portada","item":"https:\/\/www.eldiario.net\/portal\/"},{"@type":"ListItem","position":2,"name":"\u201cBrahms a la luz de las velas\u201d por la Sinf\u00f3nica Chuquiago Marka"}]},{"@type":"WebSite","@id":"https:\/\/www.eldiario.net\/portal\/#website","url":"https:\/\/www.eldiario.net\/portal\/","name":"El Diario - Decano de la prensa nacional","description":"El Diario - Decano de la prensa nacional","publisher":{"@id":"https:\/\/www.eldiario.net\/portal\/#organization"},"potentialAction":[{"@type":"SearchAction","target":{"@type":"EntryPoint","urlTemplate":"https:\/\/www.eldiario.net\/portal\/?s={search_term_string}"},"query-input":{"@type":"PropertyValueSpecification","valueRequired":true,"valueName":"search_term_string"}}],"inLanguage":"es"},{"@type":"Organization","@id":"https:\/\/www.eldiario.net\/portal\/#organization","name":"El Diario - Decano de la prensa nacional","url":"https:\/\/www.eldiario.net\/portal\/","logo":{"@type":"ImageObject","inLanguage":"es","@id":"https:\/\/www.eldiario.net\/portal\/#\/schema\/logo\/image\/","url":"https:\/\/www.eldiario.net\/portal\/wp-content\/uploads\/2023\/07\/logo_ED.jpg","contentUrl":"https:\/\/www.eldiario.net\/portal\/wp-content\/uploads\/2023\/07\/logo_ED.jpg","width":272,"height":52,"caption":"El Diario - Decano de la prensa nacional"},"image":{"@id":"https:\/\/www.eldiario.net\/portal\/#\/schema\/logo\/image\/"},"sameAs":["https:\/\/www.facebook.com\/eldiario.bolivia\/","https:\/\/x.com\/eldiario_net"]},{"@type":"Person","@id":"https:\/\/www.eldiario.net\/portal\/#\/schema\/person\/2c57cf2b7a7ae032e449e4c9b1019eac","name":"Jeanette","image":{"@type":"ImageObject","inLanguage":"es","@id":"https:\/\/secure.gravatar.com\/avatar\/3ea2118a5f7dad2b7138b1187a6b7ee55f160b9968b66013c3a3ef39dd7e5798?s=96&d=mm&r=g","url":"https:\/\/secure.gravatar.com\/avatar\/3ea2118a5f7dad2b7138b1187a6b7ee55f160b9968b66013c3a3ef39dd7e5798?s=96&d=mm&r=g","contentUrl":"https:\/\/secure.gravatar.com\/avatar\/3ea2118a5f7dad2b7138b1187a6b7ee55f160b9968b66013c3a3ef39dd7e5798?s=96&d=mm&r=g","caption":"Jeanette"},"sameAs":["https:\/\/www.eldiario.net\/portal"],"url":"https:\/\/www.eldiario.net\/portal\/author\/jeanette\/"}]}},"_links":{"self":[{"href":"https:\/\/www.eldiario.net\/portal\/wp-json\/wp\/v2\/posts\/166954","targetHints":{"allow":["GET"]}}],"collection":[{"href":"https:\/\/www.eldiario.net\/portal\/wp-json\/wp\/v2\/posts"}],"about":[{"href":"https:\/\/www.eldiario.net\/portal\/wp-json\/wp\/v2\/types\/post"}],"author":[{"embeddable":true,"href":"https:\/\/www.eldiario.net\/portal\/wp-json\/wp\/v2\/users\/1"}],"replies":[{"embeddable":true,"href":"https:\/\/www.eldiario.net\/portal\/wp-json\/wp\/v2\/comments?post=166954"}],"version-history":[{"count":0,"href":"https:\/\/www.eldiario.net\/portal\/wp-json\/wp\/v2\/posts\/166954\/revisions"}],"wp:featuredmedia":[{"embeddable":true,"href":"https:\/\/www.eldiario.net\/portal\/wp-json\/wp\/v2\/media\/166955"}],"wp:attachment":[{"href":"https:\/\/www.eldiario.net\/portal\/wp-json\/wp\/v2\/media?parent=166954"}],"wp:term":[{"taxonomy":"category","embeddable":true,"href":"https:\/\/www.eldiario.net\/portal\/wp-json\/wp\/v2\/categories?post=166954"},{"taxonomy":"post_tag","embeddable":true,"href":"https:\/\/www.eldiario.net\/portal\/wp-json\/wp\/v2\/tags?post=166954"}],"curies":[{"name":"wp","href":"https:\/\/api.w.org\/{rel}","templated":true}]}}