{"id":166423,"date":"2023-07-19T07:10:17","date_gmt":"2023-07-19T11:10:17","guid":{"rendered":"https:\/\/www.eldiario.net\/portal\/?p=166423"},"modified":"2023-07-19T07:10:17","modified_gmt":"2023-07-19T11:10:17","slug":"fernando-de-sanjines-13-llego-de-eeuu-para-tocar-con-wara","status":"publish","type":"post","link":"https:\/\/www.eldiario.net\/portal\/2023\/07\/19\/fernando-de-sanjines-13-llego-de-eeuu-para-tocar-con-wara\/","title":{"rendered":"Fernando De Sanjin\u00e9s 13 lleg\u00f3  de EEUU para tocar con Wara"},"content":{"rendered":"<p>El destacado baterista boliviano Fernando De Sanjin\u00e9s 13 lleg\u00f3 a La Paz, procedente de Estados Unidos, donde radica desde hace a\u00f1os, para tocar junto a <em>Wara, la Luz de la Estrella<\/em>, el viernes 21 de julio en el Equinoccio.<\/p>\n<p>El m\u00fasico fue invitado en 1982 por Wara para tocar y grabar el disco Pusi de la agrupaci\u00f3n nacional, el cual incluy\u00f3 temas ic\u00f3nicos, como \u201cEncuentros\u201d, \u201cCollita\u201d y \u201cSiento\u201d.<\/p>\n<p>Ahora De Sanjin\u00e9s 13 se unir\u00e1 al programa de festejos de los 50 a\u00f1os de Wara, el cual empez\u00f3 a principios de a\u00f1o en La Paz, Oruro y Cochabamba, y pronto proseguir\u00e1 en Sucre, Potos\u00ed, Santa Cruz y Buenos Aires.<\/p>\n<p>A poco de ese esperado reencuentro con sus compa\u00f1eros de Wara, Fernando convers\u00f3 con La Gu\u00eda y esto fue lo que nos cont\u00f3.<\/p>\n<p><strong>LG: Adem\u00e1s de la presentaci\u00f3n con Wara, \u00bfqu\u00e9 lo trajo a La Paz?<\/strong><\/p>\n<p>F: Principalmente visitar a mi familia, a mi cu\u00f1ada Mirian y mis sobrinas Olivia Sanjin\u00e9s y Carolita Torres Arellano y, por supuesto, a mis amigos m\u00fasicos.<\/p>\n<p><strong>LG: \u00bfQu\u00e9 significar\u00e1 reencontrarse con sus compa\u00f1eros de Wara?<\/strong><\/p>\n<p>F: Es una emoci\u00f3n muy grande, especialmente porque la amistad que tengo con Omar Le\u00f3n, Carlos Daza y Fernando Jim\u00e9nez es entra\u00f1able y todos los integrantes de Wara, que me recibieron muy bien. Aprecio mucho el espacio que me brindan para tocar con ellos.<\/p>\n<p><strong>LG: \u00bfQu\u00e9 recuerdos le trae la grabaci\u00f3n del disco Pusi de Wara?<\/strong><\/p>\n<p>F: Son recuerdos imborrables. Una emoci\u00f3n hasta las l\u00e1grimas. No sab\u00edamos realmente que ese disco y esos temas, \u201cCollita\u201d, \u201cEncuentros\u201d y \u201cSiento\u201d, iban a ser tan acogidos.<\/p>\n<p><strong>LG: \u00bfQu\u00e9 balance hace de su radicatoria en EEUU?<\/strong><\/p>\n<p>F: Me gustar\u00eda venir m\u00e1s seguido, una vez al a\u00f1o o una vez cada dos a\u00f1os, pero a veces no es posible. Estoy volviendo despu\u00e9s de 8 a\u00f1os. Y tal vez en un futuro (quisiera) quedarme m\u00e1s tiempo en Bolivia.<\/p>\n<p><strong>LG: \u00bfQu\u00e9 significa en su vida la bater\u00eda y la m\u00fasica?<\/strong><\/p>\n<p>F: La bater\u00eda es mi compa\u00f1era, siempre ha estado a mi lado, me ha abierto muchas puertas. Y la m\u00fasica es un alimento espiritual indispensable.<\/p>\n<p><strong>LG: \u00bfQu\u00e9 hace actualmente en EEUU?<\/strong><\/p>\n<p>F: Toco m\u00fasica lo m\u00e1s que puedo, con diferentes m\u00fasicos y bandas. Tengo una bater\u00eda armada en mi casa y tambi\u00e9n me he dedicado a aprender percusi\u00f3n brasile\u00f1a y cubana, congas, pandeiro, bongos, etc.<\/p>\n<p>Adem\u00e1s, soy t\u00e9cnico en impresi\u00f3n digital y fotocopiadoras. Es muy dif\u00edcil vivir solo de la m\u00fasica (en Estados Unidos). Vivo en el \u00c1rea de San Francisco CA, que es una zona muy cara.<\/p>\n<p><strong>LG: \u00bfDesea agregar algo?<\/strong><\/p>\n<p>F: S\u00ed, que soy uno de los pioneros de la bater\u00eda en el jazz en Bolivia. Fui baterista estable de la Legendaria <em>Cueva del Jazz<\/em> de Johnny Gonzale\u2019s y fui invitado al Festival de Jazz de Berl\u00edn 82 (Alemania) en noviembre de 1982 con \u201cInternational drums All Star\u201d con bateristas de Argentina, Chile y Per\u00fa, dirigidos por Gerry Brown de USA. Pienso que ese mi viaje ha sido una inspiraci\u00f3n muy grande para todos los bateristas bolivianos de esta \u00e9poca, un \u201cs\u00ed se puede\u201d.<\/p>\n<p><strong>TALLER GRATUITO DE PERCUSI\u00d3N <\/strong><\/p>\n<p>Por otro lado, quiero informar que estar\u00e9 dando un taller gratuito de bater\u00eda y percusi\u00f3n este mi\u00e9rcoles 19 de julio, de 15:00 a 17:00 horas, en el Centro Cultural Thelonious, ubicado en la avenida 6 de Agosto, San Jorge.<\/p>\n<p><strong>SU TRAYECTORIA<\/strong><\/p>\n<p>Seg\u00fan la rese\u00f1a publicada por la revista <em>Latino World<\/em>, Fernando De Sanjin\u00e9s 13 es un baterista y percusionista boliviano que empez\u00f3 su carrera musical profesional en la ciudad de La Paz a los 15 a\u00f1os, como baterista de rock, para luego incursionar en el jazz, convirti\u00e9ndose en uno de los pioneros de la bater\u00eda en este g\u00e9nero musical en Bolivia.<\/p>\n<p>Luego Fernando se estableci\u00f3 en Estados Unidos, en el \u00e1rea de la Bah\u00eda de San Francisco, California, a principios de los a\u00f1os 80, despu\u00e9s de participar en el prestigioso Festival de Jazz de Berl\u00edn 82 en Alemania con \u201cIntersouthamerican Drums Allstar\u201d, dirigido por el baterista norteamericano Gerry Brown.<\/p>\n<p>Desde entonces, De Sanjin\u00e9s ha tocado con varios m\u00fasicos y grupos de rock, jazz, m\u00fasica latinoamericana y boliviana en el \u00c1rea de San Francisco y otras ciudades de Estados Unidos. Actualmente es percusionista del grupo de rock de Michael Ward <em>With Dogs and Fishes<\/em>, con cuyos integrantes ha grabado 3 CDs. Ha sido tambi\u00e9n baterista estable de <em>Pe\u00f1a Pachamama<\/em> y <em>Pachamama Band<\/em> en San Francisco CA por varios a\u00f1os. Ha participado en la grabaci\u00f3n de <em>Piano y Charango<\/em> de Eddy Navia y Cuchito Vald\u00e9s con Gabriel Navia, CD nominado al Grammy Latino por primera vez. Adem\u00e1s, ha tocado con el conocido percusionista Chalo Eduardo (Sergio M\u00e9ndez). Por otro lado, se debe destacar que con la bailarina americana Mary Dollar fund\u00f3 \u201cSamba do Cora\u00e7\u00e3o\u201d, grupo de bailarinas y percusionistas con los que particip\u00f3 en el prestigioso Festival \u00c9tnico de San Francisco en dos oportunidades. Con este conjunto tambi\u00e9n viaj\u00f3 por varias ciudades, incluyendo Alaska y Shanghai (China), grabando finalmente su CD de percusi\u00f3n \u201cHeartbeat of the Jaguar\u201d (Latido de Coraz\u00f3n de Jaguar).<\/p>\n<p>Fernando ha presentado en San Francisco a Johnny Gonzales, pianista pionero del jazz en Bolivia, con quien trabaj\u00f3 casi una d\u00e9cada en la legendaria <em>Cueva del Jazz<\/em> en la ciudad de La Paz y grab\u00f3 el emblem\u00e1tico disco <em>\u201cJazz a 4000 metros de Altura\u201d<\/em> en 1976. Este mismo a\u00f1o, Fernando obtuvo el primer lugar en el <em>Primer Concurso Nacional de Bateristas de Jazz.<\/em><\/p>\n<p>En La Paz tambi\u00e9n co-fund\u00f3 en 1978 el original grupo de m\u00fasica boliviana, con influencia de jazz, <em>Sol Simiente Sur<\/em>.<\/p>\n<p>El 1982 grab\u00f3 en La Paz el cuarto disco (<em>El Pusi<\/em>) con el legendario grupo Wara.<\/p>\n<div id='gallery-1' class='gallery galleryid-166423 gallery-columns-3 gallery-size-medium'><figure class='gallery-item'>\n\t\t\t<div class='gallery-icon landscape'>\n\t\t\t\t<a href='https:\/\/www.eldiario.net\/portal\/2023\/07\/19\/fernando-de-sanjines-13-llego-de-eeuu-para-tocar-con-wara\/fernando-1-principal\/'><img loading=\"lazy\" decoding=\"async\" width=\"300\" height=\"250\" src=\"https:\/\/www.eldiario.net\/portal\/wp-content\/uploads\/2023\/07\/fernando-1-PRINCIPAL-300x250.jpeg\" class=\"attachment-medium size-medium\" alt=\"\" srcset=\"https:\/\/www.eldiario.net\/portal\/wp-content\/uploads\/2023\/07\/fernando-1-PRINCIPAL-300x250.jpeg 300w, https:\/\/www.eldiario.net\/portal\/wp-content\/uploads\/2023\/07\/fernando-1-PRINCIPAL-768x640.jpeg 768w, https:\/\/www.eldiario.net\/portal\/wp-content\/uploads\/2023\/07\/fernando-1-PRINCIPAL-696x580.jpeg 696w, https:\/\/www.eldiario.net\/portal\/wp-content\/uploads\/2023\/07\/fernando-1-PRINCIPAL.jpeg 1024w\" sizes=\"auto, (max-width: 300px) 100vw, 300px\" \/><\/a>\n\t\t\t<\/div><\/figure><figure class='gallery-item'>\n\t\t\t<div class='gallery-icon landscape'>\n\t\t\t\t<a href='https:\/\/www.eldiario.net\/portal\/2023\/07\/19\/fernando-de-sanjines-13-llego-de-eeuu-para-tocar-con-wara\/fernando-2-3\/'><img loading=\"lazy\" decoding=\"async\" width=\"300\" height=\"169\" src=\"https:\/\/www.eldiario.net\/portal\/wp-content\/uploads\/2023\/07\/fernando-2-300x169.jpeg\" class=\"attachment-medium size-medium\" alt=\"\" srcset=\"https:\/\/www.eldiario.net\/portal\/wp-content\/uploads\/2023\/07\/fernando-2-300x169.jpeg 300w, https:\/\/www.eldiario.net\/portal\/wp-content\/uploads\/2023\/07\/fernando-2-768x432.jpeg 768w, https:\/\/www.eldiario.net\/portal\/wp-content\/uploads\/2023\/07\/fernando-2-696x392.jpeg 696w, https:\/\/www.eldiario.net\/portal\/wp-content\/uploads\/2023\/07\/fernando-2.jpeg 1024w\" sizes=\"auto, (max-width: 300px) 100vw, 300px\" \/><\/a>\n\t\t\t<\/div><\/figure><figure class='gallery-item'>\n\t\t\t<div class='gallery-icon landscape'>\n\t\t\t\t<a href='https:\/\/www.eldiario.net\/portal\/2023\/07\/19\/fernando-de-sanjines-13-llego-de-eeuu-para-tocar-con-wara\/fernando-3-pie-de-foto-fernando-de-sanjines-13-con-carlos-daza-omar-leon-y-fernando-jimenez-integrantes-de-wara\/'><img loading=\"lazy\" decoding=\"async\" width=\"300\" height=\"225\" src=\"https:\/\/www.eldiario.net\/portal\/wp-content\/uploads\/2023\/07\/fernando-3-Pie-de-foto.-Fernando-De-Sanjines-13-con-Carlos-Daza-Omar-Leon-y-Fernando-Jimenez-integrantes-de-Wara-300x225.jpg\" class=\"attachment-medium size-medium\" alt=\"\" srcset=\"https:\/\/www.eldiario.net\/portal\/wp-content\/uploads\/2023\/07\/fernando-3-Pie-de-foto.-Fernando-De-Sanjines-13-con-Carlos-Daza-Omar-Leon-y-Fernando-Jimenez-integrantes-de-Wara-300x225.jpg 300w, https:\/\/www.eldiario.net\/portal\/wp-content\/uploads\/2023\/07\/fernando-3-Pie-de-foto.-Fernando-De-Sanjines-13-con-Carlos-Daza-Omar-Leon-y-Fernando-Jimenez-integrantes-de-Wara-1024x768.jpg 1024w, https:\/\/www.eldiario.net\/portal\/wp-content\/uploads\/2023\/07\/fernando-3-Pie-de-foto.-Fernando-De-Sanjines-13-con-Carlos-Daza-Omar-Leon-y-Fernando-Jimenez-integrantes-de-Wara-768x576.jpg 768w, https:\/\/www.eldiario.net\/portal\/wp-content\/uploads\/2023\/07\/fernando-3-Pie-de-foto.-Fernando-De-Sanjines-13-con-Carlos-Daza-Omar-Leon-y-Fernando-Jimenez-integrantes-de-Wara-1536x1152.jpg 1536w, https:\/\/www.eldiario.net\/portal\/wp-content\/uploads\/2023\/07\/fernando-3-Pie-de-foto.-Fernando-De-Sanjines-13-con-Carlos-Daza-Omar-Leon-y-Fernando-Jimenez-integrantes-de-Wara-696x522.jpg 696w, https:\/\/www.eldiario.net\/portal\/wp-content\/uploads\/2023\/07\/fernando-3-Pie-de-foto.-Fernando-De-Sanjines-13-con-Carlos-Daza-Omar-Leon-y-Fernando-Jimenez-integrantes-de-Wara-1068x801.jpg 1068w, https:\/\/www.eldiario.net\/portal\/wp-content\/uploads\/2023\/07\/fernando-3-Pie-de-foto.-Fernando-De-Sanjines-13-con-Carlos-Daza-Omar-Leon-y-Fernando-Jimenez-integrantes-de-Wara.jpg 1600w\" sizes=\"auto, (max-width: 300px) 100vw, 300px\" \/><\/a>\n\t\t\t<\/div><\/figure>\n\t\t<\/div>\n\n","protected":false},"excerpt":{"rendered":"<p>El destacado baterista boliviano Fernando De Sanjin\u00e9s 13 lleg\u00f3 a La Paz, procedente de Estados Unidos, donde radica desde hace a\u00f1os, para tocar junto a Wara, la Luz de la Estrella, el viernes 21 de julio en el Equinoccio. El m\u00fasico fue invitado en 1982 por Wara para tocar y grabar el disco Pusi de [&hellip;]<\/p>\n","protected":false},"author":1,"featured_media":166424,"comment_status":"closed","ping_status":"open","sticky":false,"template":"","format":"standard","meta":{"_acf_changed":false,"footnotes":""},"categories":[41],"tags":[],"class_list":["post-166423","post","type-post","status-publish","format-standard","has-post-thumbnail","category-la-guia"],"acf":{"antetitulo":""},"yoast_head":"<!-- This site is optimized with the Yoast SEO plugin v28.4 - https:\/\/yoast.com\/product\/yoast-seo-wordpress\/ -->\n<title>Fernando De Sanjin\u00e9s 13 lleg\u00f3 de EEUU para tocar con Wara - El Diario - Bolivia<\/title>\n<meta name=\"robots\" content=\"index, follow, max-snippet:-1, max-image-preview:large, max-video-preview:-1\" \/>\n<link rel=\"canonical\" href=\"https:\/\/www.eldiario.net\/portal\/2023\/07\/19\/fernando-de-sanjines-13-llego-de-eeuu-para-tocar-con-wara\/\" \/>\n<meta property=\"og:locale\" content=\"es_ES\" \/>\n<meta property=\"og:type\" content=\"article\" \/>\n<meta property=\"og:title\" content=\"Fernando De Sanjin\u00e9s 13 lleg\u00f3 de EEUU para tocar con Wara - El Diario - Bolivia\" \/>\n<meta property=\"og:description\" content=\"El destacado baterista boliviano Fernando De Sanjin\u00e9s 13 lleg\u00f3 a La Paz, procedente de Estados Unidos, donde radica desde hace a\u00f1os, para tocar junto a Wara, la Luz de la Estrella, el viernes 21 de julio en el Equinoccio. El m\u00fasico fue invitado en 1982 por Wara para tocar y grabar el disco Pusi de [&hellip;]\" \/>\n<meta property=\"og:url\" content=\"https:\/\/www.eldiario.net\/portal\/2023\/07\/19\/fernando-de-sanjines-13-llego-de-eeuu-para-tocar-con-wara\/\" \/>\n<meta property=\"og:site_name\" content=\"El Diario - Bolivia\" \/>\n<meta property=\"article:publisher\" content=\"https:\/\/www.facebook.com\/eldiario.bolivia\/\" \/>\n<meta property=\"article:published_time\" content=\"2023-07-19T11:10:17+00:00\" \/>\n<meta property=\"og:image\" content=\"https:\/\/www.eldiario.net\/portal\/wp-content\/uploads\/2023\/07\/fernando-1-PRINCIPAL.jpeg\" \/>\n\t<meta property=\"og:image:width\" content=\"1024\" \/>\n\t<meta property=\"og:image:height\" content=\"853\" \/>\n\t<meta property=\"og:image:type\" content=\"image\/jpeg\" \/>\n<meta name=\"author\" content=\"Jeanette\" \/>\n<meta name=\"twitter:card\" content=\"summary_large_image\" \/>\n<meta name=\"twitter:creator\" content=\"@eldiario_net\" \/>\n<meta name=\"twitter:site\" content=\"@eldiario_net\" \/>\n<meta name=\"twitter:label1\" content=\"Escrito por\" \/>\n\t<meta name=\"twitter:data1\" content=\"Jeanette\" \/>\n\t<meta name=\"twitter:label2\" content=\"Tiempo de lectura\" \/>\n\t<meta name=\"twitter:data2\" content=\"5 minutos\" \/>\n<script type=\"application\/ld+json\" class=\"yoast-schema-graph\">{\"@context\":\"https:\\\/\\\/schema.org\",\"@graph\":[{\"@type\":\"Article\",\"@id\":\"https:\\\/\\\/www.eldiario.net\\\/portal\\\/2023\\\/07\\\/19\\\/fernando-de-sanjines-13-llego-de-eeuu-para-tocar-con-wara\\\/#article\",\"isPartOf\":{\"@id\":\"https:\\\/\\\/www.eldiario.net\\\/portal\\\/2023\\\/07\\\/19\\\/fernando-de-sanjines-13-llego-de-eeuu-para-tocar-con-wara\\\/\"},\"author\":{\"name\":\"Jeanette\",\"@id\":\"https:\\\/\\\/www.eldiario.net\\\/portal\\\/#\\\/schema\\\/person\\\/2c57cf2b7a7ae032e449e4c9b1019eac\"},\"headline\":\"Fernando De Sanjin\u00e9s 13 lleg\u00f3 de EEUU para tocar con Wara\",\"datePublished\":\"2023-07-19T11:10:17+00:00\",\"mainEntityOfPage\":{\"@id\":\"https:\\\/\\\/www.eldiario.net\\\/portal\\\/2023\\\/07\\\/19\\\/fernando-de-sanjines-13-llego-de-eeuu-para-tocar-con-wara\\\/\"},\"wordCount\":1011,\"publisher\":{\"@id\":\"https:\\\/\\\/www.eldiario.net\\\/portal\\\/#organization\"},\"image\":{\"@id\":\"https:\\\/\\\/www.eldiario.net\\\/portal\\\/2023\\\/07\\\/19\\\/fernando-de-sanjines-13-llego-de-eeuu-para-tocar-con-wara\\\/#primaryimage\"},\"thumbnailUrl\":\"https:\\\/\\\/www.eldiario.net\\\/portal\\\/wp-content\\\/uploads\\\/2023\\\/07\\\/fernando-1-PRINCIPAL.jpeg\",\"articleSection\":[\"La Gu\u00eda\"],\"inLanguage\":\"es\"},{\"@type\":\"WebPage\",\"@id\":\"https:\\\/\\\/www.eldiario.net\\\/portal\\\/2023\\\/07\\\/19\\\/fernando-de-sanjines-13-llego-de-eeuu-para-tocar-con-wara\\\/\",\"url\":\"https:\\\/\\\/www.eldiario.net\\\/portal\\\/2023\\\/07\\\/19\\\/fernando-de-sanjines-13-llego-de-eeuu-para-tocar-con-wara\\\/\",\"name\":\"Fernando De Sanjin\u00e9s 13 lleg\u00f3 de EEUU para tocar con Wara - El Diario - Bolivia\",\"isPartOf\":{\"@id\":\"https:\\\/\\\/www.eldiario.net\\\/portal\\\/#website\"},\"primaryImageOfPage\":{\"@id\":\"https:\\\/\\\/www.eldiario.net\\\/portal\\\/2023\\\/07\\\/19\\\/fernando-de-sanjines-13-llego-de-eeuu-para-tocar-con-wara\\\/#primaryimage\"},\"image\":{\"@id\":\"https:\\\/\\\/www.eldiario.net\\\/portal\\\/2023\\\/07\\\/19\\\/fernando-de-sanjines-13-llego-de-eeuu-para-tocar-con-wara\\\/#primaryimage\"},\"thumbnailUrl\":\"https:\\\/\\\/www.eldiario.net\\\/portal\\\/wp-content\\\/uploads\\\/2023\\\/07\\\/fernando-1-PRINCIPAL.jpeg\",\"datePublished\":\"2023-07-19T11:10:17+00:00\",\"breadcrumb\":{\"@id\":\"https:\\\/\\\/www.eldiario.net\\\/portal\\\/2023\\\/07\\\/19\\\/fernando-de-sanjines-13-llego-de-eeuu-para-tocar-con-wara\\\/#breadcrumb\"},\"inLanguage\":\"es\",\"potentialAction\":[{\"@type\":\"ReadAction\",\"target\":[\"https:\\\/\\\/www.eldiario.net\\\/portal\\\/2023\\\/07\\\/19\\\/fernando-de-sanjines-13-llego-de-eeuu-para-tocar-con-wara\\\/\"]}]},{\"@type\":\"ImageObject\",\"inLanguage\":\"es\",\"@id\":\"https:\\\/\\\/www.eldiario.net\\\/portal\\\/2023\\\/07\\\/19\\\/fernando-de-sanjines-13-llego-de-eeuu-para-tocar-con-wara\\\/#primaryimage\",\"url\":\"https:\\\/\\\/www.eldiario.net\\\/portal\\\/wp-content\\\/uploads\\\/2023\\\/07\\\/fernando-1-PRINCIPAL.jpeg\",\"contentUrl\":\"https:\\\/\\\/www.eldiario.net\\\/portal\\\/wp-content\\\/uploads\\\/2023\\\/07\\\/fernando-1-PRINCIPAL.jpeg\",\"width\":1024,\"height\":853},{\"@type\":\"BreadcrumbList\",\"@id\":\"https:\\\/\\\/www.eldiario.net\\\/portal\\\/2023\\\/07\\\/19\\\/fernando-de-sanjines-13-llego-de-eeuu-para-tocar-con-wara\\\/#breadcrumb\",\"itemListElement\":[{\"@type\":\"ListItem\",\"position\":1,\"name\":\"Portada\",\"item\":\"https:\\\/\\\/www.eldiario.net\\\/portal\\\/\"},{\"@type\":\"ListItem\",\"position\":2,\"name\":\"Fernando De Sanjin\u00e9s 13 lleg\u00f3 de EEUU para tocar con Wara\"}]},{\"@type\":\"WebSite\",\"@id\":\"https:\\\/\\\/www.eldiario.net\\\/portal\\\/#website\",\"url\":\"https:\\\/\\\/www.eldiario.net\\\/portal\\\/\",\"name\":\"El Diario - Decano de la prensa nacional\",\"description\":\"El Diario - Decano de la prensa nacional\",\"publisher\":{\"@id\":\"https:\\\/\\\/www.eldiario.net\\\/portal\\\/#organization\"},\"potentialAction\":[{\"@type\":\"SearchAction\",\"target\":{\"@type\":\"EntryPoint\",\"urlTemplate\":\"https:\\\/\\\/www.eldiario.net\\\/portal\\\/?s={search_term_string}\"},\"query-input\":{\"@type\":\"PropertyValueSpecification\",\"valueRequired\":true,\"valueName\":\"search_term_string\"}}],\"inLanguage\":\"es\"},{\"@type\":\"Organization\",\"@id\":\"https:\\\/\\\/www.eldiario.net\\\/portal\\\/#organization\",\"name\":\"El Diario - Decano de la prensa nacional\",\"url\":\"https:\\\/\\\/www.eldiario.net\\\/portal\\\/\",\"logo\":{\"@type\":\"ImageObject\",\"inLanguage\":\"es\",\"@id\":\"https:\\\/\\\/www.eldiario.net\\\/portal\\\/#\\\/schema\\\/logo\\\/image\\\/\",\"url\":\"https:\\\/\\\/www.eldiario.net\\\/portal\\\/wp-content\\\/uploads\\\/2023\\\/07\\\/logo_ED.jpg\",\"contentUrl\":\"https:\\\/\\\/www.eldiario.net\\\/portal\\\/wp-content\\\/uploads\\\/2023\\\/07\\\/logo_ED.jpg\",\"width\":272,\"height\":52,\"caption\":\"El Diario - Decano de la prensa nacional\"},\"image\":{\"@id\":\"https:\\\/\\\/www.eldiario.net\\\/portal\\\/#\\\/schema\\\/logo\\\/image\\\/\"},\"sameAs\":[\"https:\\\/\\\/www.facebook.com\\\/eldiario.bolivia\\\/\",\"https:\\\/\\\/x.com\\\/eldiario_net\"]},{\"@type\":\"Person\",\"@id\":\"https:\\\/\\\/www.eldiario.net\\\/portal\\\/#\\\/schema\\\/person\\\/2c57cf2b7a7ae032e449e4c9b1019eac\",\"name\":\"Jeanette\",\"image\":{\"@type\":\"ImageObject\",\"inLanguage\":\"es\",\"@id\":\"https:\\\/\\\/secure.gravatar.com\\\/avatar\\\/3ea2118a5f7dad2b7138b1187a6b7ee55f160b9968b66013c3a3ef39dd7e5798?s=96&d=mm&r=g\",\"url\":\"https:\\\/\\\/secure.gravatar.com\\\/avatar\\\/3ea2118a5f7dad2b7138b1187a6b7ee55f160b9968b66013c3a3ef39dd7e5798?s=96&d=mm&r=g\",\"contentUrl\":\"https:\\\/\\\/secure.gravatar.com\\\/avatar\\\/3ea2118a5f7dad2b7138b1187a6b7ee55f160b9968b66013c3a3ef39dd7e5798?s=96&d=mm&r=g\",\"caption\":\"Jeanette\"},\"sameAs\":[\"https:\\\/\\\/www.eldiario.net\\\/portal\"],\"url\":\"https:\\\/\\\/www.eldiario.net\\\/portal\\\/author\\\/jeanette\\\/\"}]}<\/script>\n<!-- \/ Yoast SEO plugin. -->","yoast_head_json":{"title":"Fernando De Sanjin\u00e9s 13 lleg\u00f3 de EEUU para tocar con Wara - El Diario - Bolivia","robots":{"index":"index","follow":"follow","max-snippet":"max-snippet:-1","max-image-preview":"max-image-preview:large","max-video-preview":"max-video-preview:-1"},"canonical":"https:\/\/www.eldiario.net\/portal\/2023\/07\/19\/fernando-de-sanjines-13-llego-de-eeuu-para-tocar-con-wara\/","og_locale":"es_ES","og_type":"article","og_title":"Fernando De Sanjin\u00e9s 13 lleg\u00f3 de EEUU para tocar con Wara - El Diario - Bolivia","og_description":"El destacado baterista boliviano Fernando De Sanjin\u00e9s 13 lleg\u00f3 a La Paz, procedente de Estados Unidos, donde radica desde hace a\u00f1os, para tocar junto a Wara, la Luz de la Estrella, el viernes 21 de julio en el Equinoccio. El m\u00fasico fue invitado en 1982 por Wara para tocar y grabar el disco Pusi de [&hellip;]","og_url":"https:\/\/www.eldiario.net\/portal\/2023\/07\/19\/fernando-de-sanjines-13-llego-de-eeuu-para-tocar-con-wara\/","og_site_name":"El Diario - Bolivia","article_publisher":"https:\/\/www.facebook.com\/eldiario.bolivia\/","article_published_time":"2023-07-19T11:10:17+00:00","og_image":[{"width":1024,"height":853,"url":"https:\/\/www.eldiario.net\/portal\/wp-content\/uploads\/2023\/07\/fernando-1-PRINCIPAL.jpeg","type":"image\/jpeg"}],"author":"Jeanette","twitter_card":"summary_large_image","twitter_creator":"@eldiario_net","twitter_site":"@eldiario_net","twitter_misc":{"Escrito por":"Jeanette","Tiempo de lectura":"5 minutos"},"schema":{"@context":"https:\/\/schema.org","@graph":[{"@type":"Article","@id":"https:\/\/www.eldiario.net\/portal\/2023\/07\/19\/fernando-de-sanjines-13-llego-de-eeuu-para-tocar-con-wara\/#article","isPartOf":{"@id":"https:\/\/www.eldiario.net\/portal\/2023\/07\/19\/fernando-de-sanjines-13-llego-de-eeuu-para-tocar-con-wara\/"},"author":{"name":"Jeanette","@id":"https:\/\/www.eldiario.net\/portal\/#\/schema\/person\/2c57cf2b7a7ae032e449e4c9b1019eac"},"headline":"Fernando De Sanjin\u00e9s 13 lleg\u00f3 de EEUU para tocar con Wara","datePublished":"2023-07-19T11:10:17+00:00","mainEntityOfPage":{"@id":"https:\/\/www.eldiario.net\/portal\/2023\/07\/19\/fernando-de-sanjines-13-llego-de-eeuu-para-tocar-con-wara\/"},"wordCount":1011,"publisher":{"@id":"https:\/\/www.eldiario.net\/portal\/#organization"},"image":{"@id":"https:\/\/www.eldiario.net\/portal\/2023\/07\/19\/fernando-de-sanjines-13-llego-de-eeuu-para-tocar-con-wara\/#primaryimage"},"thumbnailUrl":"https:\/\/www.eldiario.net\/portal\/wp-content\/uploads\/2023\/07\/fernando-1-PRINCIPAL.jpeg","articleSection":["La Gu\u00eda"],"inLanguage":"es"},{"@type":"WebPage","@id":"https:\/\/www.eldiario.net\/portal\/2023\/07\/19\/fernando-de-sanjines-13-llego-de-eeuu-para-tocar-con-wara\/","url":"https:\/\/www.eldiario.net\/portal\/2023\/07\/19\/fernando-de-sanjines-13-llego-de-eeuu-para-tocar-con-wara\/","name":"Fernando De Sanjin\u00e9s 13 lleg\u00f3 de EEUU para tocar con Wara - El Diario - Bolivia","isPartOf":{"@id":"https:\/\/www.eldiario.net\/portal\/#website"},"primaryImageOfPage":{"@id":"https:\/\/www.eldiario.net\/portal\/2023\/07\/19\/fernando-de-sanjines-13-llego-de-eeuu-para-tocar-con-wara\/#primaryimage"},"image":{"@id":"https:\/\/www.eldiario.net\/portal\/2023\/07\/19\/fernando-de-sanjines-13-llego-de-eeuu-para-tocar-con-wara\/#primaryimage"},"thumbnailUrl":"https:\/\/www.eldiario.net\/portal\/wp-content\/uploads\/2023\/07\/fernando-1-PRINCIPAL.jpeg","datePublished":"2023-07-19T11:10:17+00:00","breadcrumb":{"@id":"https:\/\/www.eldiario.net\/portal\/2023\/07\/19\/fernando-de-sanjines-13-llego-de-eeuu-para-tocar-con-wara\/#breadcrumb"},"inLanguage":"es","potentialAction":[{"@type":"ReadAction","target":["https:\/\/www.eldiario.net\/portal\/2023\/07\/19\/fernando-de-sanjines-13-llego-de-eeuu-para-tocar-con-wara\/"]}]},{"@type":"ImageObject","inLanguage":"es","@id":"https:\/\/www.eldiario.net\/portal\/2023\/07\/19\/fernando-de-sanjines-13-llego-de-eeuu-para-tocar-con-wara\/#primaryimage","url":"https:\/\/www.eldiario.net\/portal\/wp-content\/uploads\/2023\/07\/fernando-1-PRINCIPAL.jpeg","contentUrl":"https:\/\/www.eldiario.net\/portal\/wp-content\/uploads\/2023\/07\/fernando-1-PRINCIPAL.jpeg","width":1024,"height":853},{"@type":"BreadcrumbList","@id":"https:\/\/www.eldiario.net\/portal\/2023\/07\/19\/fernando-de-sanjines-13-llego-de-eeuu-para-tocar-con-wara\/#breadcrumb","itemListElement":[{"@type":"ListItem","position":1,"name":"Portada","item":"https:\/\/www.eldiario.net\/portal\/"},{"@type":"ListItem","position":2,"name":"Fernando De Sanjin\u00e9s 13 lleg\u00f3 de EEUU para tocar con Wara"}]},{"@type":"WebSite","@id":"https:\/\/www.eldiario.net\/portal\/#website","url":"https:\/\/www.eldiario.net\/portal\/","name":"El Diario - Decano de la prensa nacional","description":"El Diario - Decano de la prensa nacional","publisher":{"@id":"https:\/\/www.eldiario.net\/portal\/#organization"},"potentialAction":[{"@type":"SearchAction","target":{"@type":"EntryPoint","urlTemplate":"https:\/\/www.eldiario.net\/portal\/?s={search_term_string}"},"query-input":{"@type":"PropertyValueSpecification","valueRequired":true,"valueName":"search_term_string"}}],"inLanguage":"es"},{"@type":"Organization","@id":"https:\/\/www.eldiario.net\/portal\/#organization","name":"El Diario - Decano de la prensa nacional","url":"https:\/\/www.eldiario.net\/portal\/","logo":{"@type":"ImageObject","inLanguage":"es","@id":"https:\/\/www.eldiario.net\/portal\/#\/schema\/logo\/image\/","url":"https:\/\/www.eldiario.net\/portal\/wp-content\/uploads\/2023\/07\/logo_ED.jpg","contentUrl":"https:\/\/www.eldiario.net\/portal\/wp-content\/uploads\/2023\/07\/logo_ED.jpg","width":272,"height":52,"caption":"El Diario - Decano de la prensa nacional"},"image":{"@id":"https:\/\/www.eldiario.net\/portal\/#\/schema\/logo\/image\/"},"sameAs":["https:\/\/www.facebook.com\/eldiario.bolivia\/","https:\/\/x.com\/eldiario_net"]},{"@type":"Person","@id":"https:\/\/www.eldiario.net\/portal\/#\/schema\/person\/2c57cf2b7a7ae032e449e4c9b1019eac","name":"Jeanette","image":{"@type":"ImageObject","inLanguage":"es","@id":"https:\/\/secure.gravatar.com\/avatar\/3ea2118a5f7dad2b7138b1187a6b7ee55f160b9968b66013c3a3ef39dd7e5798?s=96&d=mm&r=g","url":"https:\/\/secure.gravatar.com\/avatar\/3ea2118a5f7dad2b7138b1187a6b7ee55f160b9968b66013c3a3ef39dd7e5798?s=96&d=mm&r=g","contentUrl":"https:\/\/secure.gravatar.com\/avatar\/3ea2118a5f7dad2b7138b1187a6b7ee55f160b9968b66013c3a3ef39dd7e5798?s=96&d=mm&r=g","caption":"Jeanette"},"sameAs":["https:\/\/www.eldiario.net\/portal"],"url":"https:\/\/www.eldiario.net\/portal\/author\/jeanette\/"}]}},"_links":{"self":[{"href":"https:\/\/www.eldiario.net\/portal\/wp-json\/wp\/v2\/posts\/166423","targetHints":{"allow":["GET"]}}],"collection":[{"href":"https:\/\/www.eldiario.net\/portal\/wp-json\/wp\/v2\/posts"}],"about":[{"href":"https:\/\/www.eldiario.net\/portal\/wp-json\/wp\/v2\/types\/post"}],"author":[{"embeddable":true,"href":"https:\/\/www.eldiario.net\/portal\/wp-json\/wp\/v2\/users\/1"}],"replies":[{"embeddable":true,"href":"https:\/\/www.eldiario.net\/portal\/wp-json\/wp\/v2\/comments?post=166423"}],"version-history":[{"count":0,"href":"https:\/\/www.eldiario.net\/portal\/wp-json\/wp\/v2\/posts\/166423\/revisions"}],"wp:featuredmedia":[{"embeddable":true,"href":"https:\/\/www.eldiario.net\/portal\/wp-json\/wp\/v2\/media\/166424"}],"wp:attachment":[{"href":"https:\/\/www.eldiario.net\/portal\/wp-json\/wp\/v2\/media?parent=166423"}],"wp:term":[{"taxonomy":"category","embeddable":true,"href":"https:\/\/www.eldiario.net\/portal\/wp-json\/wp\/v2\/categories?post=166423"},{"taxonomy":"post_tag","embeddable":true,"href":"https:\/\/www.eldiario.net\/portal\/wp-json\/wp\/v2\/tags?post=166423"}],"curies":[{"name":"wp","href":"https:\/\/api.w.org\/{rel}","templated":true}]}}