{"id":166415,"date":"2023-07-19T07:05:30","date_gmt":"2023-07-19T11:05:30","guid":{"rendered":"https:\/\/www.eldiario.net\/portal\/?p=166415"},"modified":"2023-07-19T07:05:30","modified_gmt":"2023-07-19T11:05:30","slug":"alimentos-para-tener-la-piel-y-el-cabello-radiantes","status":"publish","type":"post","link":"https:\/\/www.eldiario.net\/portal\/2023\/07\/19\/alimentos-para-tener-la-piel-y-el-cabello-radiantes\/","title":{"rendered":"Alimentos para tener la piel y el cabello radiantes"},"content":{"rendered":"<p>Por Laura Chac\u00f3n-Garbato<\/p>\n<p>La piel y el cabello juegan un papel muy importante en nuestra salud y bienestar general. La primera, adem\u00e1s de ser el \u00f3rgano m\u00e1s grande de nuestro cuerpo, es la principal barrera contra los agentes pat\u00f3genos del ambiente y ayuda a prevenir la p\u00e9rdida de l\u00edquido, por lo que debemos mantenerla saludable y protegerla de la luz ultravioleta. Mientras que, el cabello nos proporciona aislamiento t\u00e9rmico, enfriamiento y nos protege de la radiaci\u00f3n ultravioleta.<\/p>\n<p>El estado de la piel y del cabello se ve afectado por tu dieta, tu edad y las condiciones ambientales. Hay algunos de estos factores que no puedes controlar, como el envejecimiento o el clima, pero puedes cuidar lo que comes para favorecer la piel y el cabello.<\/p>\n<p>Existen diversos nutrientes como la prote\u00edna, los antioxidantes, las vitaminas y el col\u00e1geno que pueden mejorar la salud. Las personas con piel y cabello hermosos suelen tener h\u00e1bitos saludables a diario.<\/p>\n<p><strong>Consume alimentos ricos en prote\u00edna para reparar tus c\u00e9lulas<\/strong><\/p>\n<p>Cada c\u00e9lula requiere prote\u00edna para mantenerse viva. Tambi\u00e9n es el material principal usado para \u201creemplazar\u201d las c\u00e9lulas muertas o desgastadas. Tus m\u00fasculos, el cabello, las u\u00f1as, la piel y los ojos est\u00e1n hechos de prote\u00edna. Una dieta baja en este macronutriente puede, con el tiempo, causar la p\u00e9rdida de tono de la piel, el adelgazamiento del cabello, y la aparici\u00f3n de arrugas mucho m\u00e1s marcadas de lo que ser\u00eda razonable por la edad.<\/p>\n<p>Incluye en tu dieta pollo, carne, pescado, soya, tofu y batidos de prote\u00edna, que tambi\u00e9n son una excelente opci\u00f3n para el consumo de prote\u00edna.<\/p>\n<p><strong>Vitaminas A, C y E<\/strong><\/p>\n<p>Si bien la prote\u00edna es esencial para lograr cabello y piel saludables, las vitaminas con sus propiedades antioxidantes, tales como las vitaminas A, C y E, tambi\u00e9n son fundamentales.<\/p>\n<p>La deficiencia de cualquiera de estos micronutrientes puede afectar la salud de tu piel que f\u00e1cilmente muestra los efectos del da\u00f1o oxidativo, y los antioxidantes han demostrado ser excelentes en la protecci\u00f3n de la piel contra este tipo de da\u00f1os.<\/p>\n<p><strong>-Vitamina A:<\/strong> Existen dos tipos: los retinoides (vitamina A preformada) y los carotenoides (provitamina A). El h\u00edgado convierte ambos tipos en retinol, el cual estimula la producci\u00f3n de nuevas c\u00e9lulas cut\u00e1neas y evita la ca\u00edda del cabello.<\/p>\n<p>Las frutas y verduras ricas en pigmentos amarillos y rojos son buenas fuentes de vitamina A, as\u00ed como las verduras de hoja verde.<\/p>\n<p><strong>-Vitamina C<\/strong>: Es esencial para que el cuerpo pueda producir naturalmente su propio col\u00e1geno. Cuando existe una deficiencia de vitamina C, se produce col\u00e1geno inestable, que proporciona un marco estructural d\u00e9bil para la reparaci\u00f3n de los tejidos. La vitamina C tambi\u00e9n juega un papel importante en la formaci\u00f3n de ciertos l\u00edpidos que ayudan a reconstruir la epidermis, la capa externa de la piel, cuando se da\u00f1a.<\/p>\n<p>Las frutas c\u00edtricas, tales como la naranja y el lim\u00f3n, los pimentones, frutillas, br\u00f3coli y el kale son buenas fuentes de vitamina C.<\/p>\n<p><strong>-Vitamina E:<\/strong> Funciona como antioxidante que rompe cadenas, debido a su capacidad de expulsar r\u00e1pidamente a los radicales antes de que puedan reaccionar con otros l\u00edpidos, poniendo as\u00ed fin a la propagaci\u00f3n de los procesos oxidativos en las membranas. Adem\u00e1s, la vitamina E ayuda a fortalecer la funci\u00f3n protectora de la piel.<\/p>\n<p>Las semillas de girasol, almendras, man\u00ed, zapallo y el piment\u00f3n rojo son excelentes fuentes de vitamina E.<\/p>\n<p>Tomar un multivitam\u00ednico diario tambi\u00e9n es una buena forma de asegurar que le est\u00e1s brindando a tu piel los micronutrientes que necesita para tener un aspecto saludable.<\/p>\n<p><strong>Prueba alimentos y suplementos ricos en col\u00e1geno<\/strong><\/p>\n<p>En el proceso de envejecimiento, que comienza a mitad de los veinte, la piel sufre una p\u00e9rdida progresiva de hidrataci\u00f3n y comienza a ser cada vez m\u00e1s seca. Cuando esto ocurre, la dermis se vuelve m\u00e1s delgada, el tejido conjuntivo pierde firmeza y elasticidad, y las arrugas y bolsas comienzan a aparecer. El col\u00e1geno del cuerpo humano comprende entre el 25% y el 30% de su prote\u00edna total, de los cuales cerca del 75% es col\u00e1geno de la piel y es el responsable de darle a la dermis su estructura firme.<\/p>\n<p>Algunos ejemplos de alimentos ricos en col\u00e1geno son las verduras de hoja verde, los vegetales rojos y amarillos, moras, frutas c\u00edtricas, pescado, pollo, claras de huevo, paltas, soya, porotos y el t\u00e9 blanco.<\/p>\n<p>El col\u00e1geno tambi\u00e9n puede encontrarse como un suplemento nutricional. El col\u00e1geno hidrolizado, un tipo de col\u00e1geno que puede absorberse f\u00e1cilmente en el torrente sangu\u00edneo cuando se usa como suplemento, puede aumentar la elasticidad y la densidad de la piel, reducir las arrugas y favorecer una piel suave.<\/p>\n<p><strong>Por \u00faltimo \u00a1no olvides mantente hidratado!<\/strong><\/p>\n<p>\u00bfSab\u00edas que una parte importante del tejido de la piel est\u00e1 formada por agua? Entre el 25% y el 30%. Por eso, es importante beber muchos l\u00edquidos para evitar que la piel se seque y se deshidrate.<\/p>\n<p>Cuando alimentas tu cuerpo por dentro y por fuera con los alimentos y nutrientes apropiados, tu cuerpo te agradecer\u00e1 con un cabello y una piel j\u00f3venes y radiantes, lo que resulta en una mejora del bienestar y la confianza.<\/p>\n<div id='gallery-1' class='gallery galleryid-166415 gallery-columns-3 gallery-size-medium'><figure class='gallery-item'>\n\t\t\t<div class='gallery-icon landscape'>\n\t\t\t\t<a href='https:\/\/www.eldiario.net\/portal\/2023\/07\/19\/alimentos-para-tener-la-piel-y-el-cabello-radiantes\/nota-2-foto-1-50\/'><img loading=\"lazy\" decoding=\"async\" width=\"300\" height=\"200\" src=\"https:\/\/www.eldiario.net\/portal\/wp-content\/uploads\/2023\/07\/NOTA-2-FOTO-1-scaled-1-300x200.jpg\" class=\"attachment-medium size-medium\" alt=\"\" aria-describedby=\"gallery-1-166416\" srcset=\"https:\/\/www.eldiario.net\/portal\/wp-content\/uploads\/2023\/07\/NOTA-2-FOTO-1-scaled-1-300x200.jpg 300w, https:\/\/www.eldiario.net\/portal\/wp-content\/uploads\/2023\/07\/NOTA-2-FOTO-1-scaled-1-1024x684.jpg 1024w, https:\/\/www.eldiario.net\/portal\/wp-content\/uploads\/2023\/07\/NOTA-2-FOTO-1-scaled-1-768x513.jpg 768w, https:\/\/www.eldiario.net\/portal\/wp-content\/uploads\/2023\/07\/NOTA-2-FOTO-1-scaled-1-1536x1025.jpg 1536w, https:\/\/www.eldiario.net\/portal\/wp-content\/uploads\/2023\/07\/NOTA-2-FOTO-1-scaled-1-2048x1367.jpg 2048w, https:\/\/www.eldiario.net\/portal\/wp-content\/uploads\/2023\/07\/NOTA-2-FOTO-1-scaled-1-696x465.jpg 696w, https:\/\/www.eldiario.net\/portal\/wp-content\/uploads\/2023\/07\/NOTA-2-FOTO-1-scaled-1-1068x713.jpg 1068w, https:\/\/www.eldiario.net\/portal\/wp-content\/uploads\/2023\/07\/NOTA-2-FOTO-1-scaled-1-1920x1282.jpg 1920w\" sizes=\"auto, (max-width: 300px) 100vw, 300px\" \/><\/a>\n\t\t\t<\/div>\n\t\t\t\t<figcaption class='wp-caption-text gallery-caption' id='gallery-1-166416'>\n\t\t\t\tLA PIEL Y EL CABELLO JUEGAN UN PAPEL MUY IMPORTANTE EN LA SALUD Y BIENESTAR GENERAL.\n\t\t\t\t<\/figcaption><\/figure><figure class='gallery-item'>\n\t\t\t<div class='gallery-icon landscape'>\n\t\t\t\t<a href='https:\/\/www.eldiario.net\/portal\/2023\/07\/19\/alimentos-para-tener-la-piel-y-el-cabello-radiantes\/nota-2-foto-2-46\/'><img loading=\"lazy\" decoding=\"async\" width=\"150\" height=\"150\" src=\"https:\/\/www.eldiario.net\/portal\/wp-content\/uploads\/2023\/07\/NOTA-2-FOTO-2.jpg\" class=\"attachment-medium size-medium\" alt=\"\" aria-describedby=\"gallery-1-166417\" \/><\/a>\n\t\t\t<\/div>\n\t\t\t\t<figcaption class='wp-caption-text gallery-caption' id='gallery-1-166417'>\n\t\t\t\tLAURA CHAC\u00d3N-GARBATO, DIRECTORA DE CAPACITACI\u00d3N MUNDIAL SOBRE PRODUCTOS Y NUTRICI\u00d3N, PRESIDENTA DE LA JUNTA ASESORA DE NUTRICI\u00d3N EXTERNA DE HERBALIFE.\n\t\t\t\t<\/figcaption><\/figure>\n\t\t<\/div>\n\n","protected":false},"excerpt":{"rendered":"<p>Por Laura Chac\u00f3n-Garbato La piel y el cabello juegan un papel muy importante en nuestra salud y bienestar general. La primera, adem\u00e1s de ser el \u00f3rgano m\u00e1s grande de nuestro cuerpo, es la principal barrera contra los agentes pat\u00f3genos del ambiente y ayuda a prevenir la p\u00e9rdida de l\u00edquido, por lo que debemos mantenerla saludable [&hellip;]<\/p>\n","protected":false},"author":1,"featured_media":166416,"comment_status":"closed","ping_status":"open","sticky":false,"template":"","format":"standard","meta":{"_acf_changed":false,"footnotes":""},"categories":[42],"tags":[],"class_list":["post-166415","post","type-post","status-publish","format-standard","has-post-thumbnail","category-femenina"],"acf":{"antetitulo":""},"yoast_head":"<!-- This site is optimized with the Yoast SEO plugin v28.4 - https:\/\/yoast.com\/product\/yoast-seo-wordpress\/ -->\n<title>Alimentos para tener la piel y el cabello radiantes - El Diario - Bolivia<\/title>\n<meta name=\"robots\" content=\"index, follow, max-snippet:-1, max-image-preview:large, max-video-preview:-1\" \/>\n<link rel=\"canonical\" href=\"https:\/\/www.eldiario.net\/portal\/2023\/07\/19\/alimentos-para-tener-la-piel-y-el-cabello-radiantes\/\" \/>\n<meta property=\"og:locale\" content=\"es_ES\" \/>\n<meta property=\"og:type\" content=\"article\" \/>\n<meta property=\"og:title\" content=\"Alimentos para tener la piel y el cabello radiantes - El Diario - Bolivia\" \/>\n<meta property=\"og:description\" content=\"Por Laura Chac\u00f3n-Garbato La piel y el cabello juegan un papel muy importante en nuestra salud y bienestar general. La primera, adem\u00e1s de ser el \u00f3rgano m\u00e1s grande de nuestro cuerpo, es la principal barrera contra los agentes pat\u00f3genos del ambiente y ayuda a prevenir la p\u00e9rdida de l\u00edquido, por lo que debemos mantenerla saludable [&hellip;]\" \/>\n<meta property=\"og:url\" content=\"https:\/\/www.eldiario.net\/portal\/2023\/07\/19\/alimentos-para-tener-la-piel-y-el-cabello-radiantes\/\" \/>\n<meta property=\"og:site_name\" content=\"El Diario - Bolivia\" \/>\n<meta property=\"article:publisher\" content=\"https:\/\/www.facebook.com\/eldiario.bolivia\/\" \/>\n<meta property=\"article:published_time\" content=\"2023-07-19T11:05:30+00:00\" \/>\n<meta property=\"og:image\" content=\"https:\/\/www.eldiario.net\/portal\/wp-content\/uploads\/2023\/07\/NOTA-2-FOTO-1-scaled-1.jpg\" \/>\n\t<meta property=\"og:image:width\" content=\"2560\" \/>\n\t<meta property=\"og:image:height\" content=\"1709\" \/>\n\t<meta property=\"og:image:type\" content=\"image\/jpeg\" \/>\n<meta name=\"author\" content=\"Jeanette\" \/>\n<meta name=\"twitter:card\" content=\"summary_large_image\" \/>\n<meta name=\"twitter:creator\" content=\"@eldiario_net\" \/>\n<meta name=\"twitter:site\" content=\"@eldiario_net\" \/>\n<meta name=\"twitter:label1\" content=\"Escrito por\" \/>\n\t<meta name=\"twitter:data1\" content=\"Jeanette\" \/>\n\t<meta name=\"twitter:label2\" content=\"Tiempo de lectura\" \/>\n\t<meta name=\"twitter:data2\" content=\"4 minutos\" \/>\n<script type=\"application\/ld+json\" class=\"yoast-schema-graph\">{\"@context\":\"https:\\\/\\\/schema.org\",\"@graph\":[{\"@type\":\"Article\",\"@id\":\"https:\\\/\\\/www.eldiario.net\\\/portal\\\/2023\\\/07\\\/19\\\/alimentos-para-tener-la-piel-y-el-cabello-radiantes\\\/#article\",\"isPartOf\":{\"@id\":\"https:\\\/\\\/www.eldiario.net\\\/portal\\\/2023\\\/07\\\/19\\\/alimentos-para-tener-la-piel-y-el-cabello-radiantes\\\/\"},\"author\":{\"name\":\"Jeanette\",\"@id\":\"https:\\\/\\\/www.eldiario.net\\\/portal\\\/#\\\/schema\\\/person\\\/2c57cf2b7a7ae032e449e4c9b1019eac\"},\"headline\":\"Alimentos para tener la piel y el cabello radiantes\",\"datePublished\":\"2023-07-19T11:05:30+00:00\",\"mainEntityOfPage\":{\"@id\":\"https:\\\/\\\/www.eldiario.net\\\/portal\\\/2023\\\/07\\\/19\\\/alimentos-para-tener-la-piel-y-el-cabello-radiantes\\\/\"},\"wordCount\":928,\"publisher\":{\"@id\":\"https:\\\/\\\/www.eldiario.net\\\/portal\\\/#organization\"},\"image\":{\"@id\":\"https:\\\/\\\/www.eldiario.net\\\/portal\\\/2023\\\/07\\\/19\\\/alimentos-para-tener-la-piel-y-el-cabello-radiantes\\\/#primaryimage\"},\"thumbnailUrl\":\"https:\\\/\\\/www.eldiario.net\\\/portal\\\/wp-content\\\/uploads\\\/2023\\\/07\\\/NOTA-2-FOTO-1-scaled-1.jpg\",\"articleSection\":[\"Femenina\"],\"inLanguage\":\"es\"},{\"@type\":\"WebPage\",\"@id\":\"https:\\\/\\\/www.eldiario.net\\\/portal\\\/2023\\\/07\\\/19\\\/alimentos-para-tener-la-piel-y-el-cabello-radiantes\\\/\",\"url\":\"https:\\\/\\\/www.eldiario.net\\\/portal\\\/2023\\\/07\\\/19\\\/alimentos-para-tener-la-piel-y-el-cabello-radiantes\\\/\",\"name\":\"Alimentos para tener la piel y el cabello radiantes - El Diario - Bolivia\",\"isPartOf\":{\"@id\":\"https:\\\/\\\/www.eldiario.net\\\/portal\\\/#website\"},\"primaryImageOfPage\":{\"@id\":\"https:\\\/\\\/www.eldiario.net\\\/portal\\\/2023\\\/07\\\/19\\\/alimentos-para-tener-la-piel-y-el-cabello-radiantes\\\/#primaryimage\"},\"image\":{\"@id\":\"https:\\\/\\\/www.eldiario.net\\\/portal\\\/2023\\\/07\\\/19\\\/alimentos-para-tener-la-piel-y-el-cabello-radiantes\\\/#primaryimage\"},\"thumbnailUrl\":\"https:\\\/\\\/www.eldiario.net\\\/portal\\\/wp-content\\\/uploads\\\/2023\\\/07\\\/NOTA-2-FOTO-1-scaled-1.jpg\",\"datePublished\":\"2023-07-19T11:05:30+00:00\",\"breadcrumb\":{\"@id\":\"https:\\\/\\\/www.eldiario.net\\\/portal\\\/2023\\\/07\\\/19\\\/alimentos-para-tener-la-piel-y-el-cabello-radiantes\\\/#breadcrumb\"},\"inLanguage\":\"es\",\"potentialAction\":[{\"@type\":\"ReadAction\",\"target\":[\"https:\\\/\\\/www.eldiario.net\\\/portal\\\/2023\\\/07\\\/19\\\/alimentos-para-tener-la-piel-y-el-cabello-radiantes\\\/\"]}]},{\"@type\":\"ImageObject\",\"inLanguage\":\"es\",\"@id\":\"https:\\\/\\\/www.eldiario.net\\\/portal\\\/2023\\\/07\\\/19\\\/alimentos-para-tener-la-piel-y-el-cabello-radiantes\\\/#primaryimage\",\"url\":\"https:\\\/\\\/www.eldiario.net\\\/portal\\\/wp-content\\\/uploads\\\/2023\\\/07\\\/NOTA-2-FOTO-1-scaled-1.jpg\",\"contentUrl\":\"https:\\\/\\\/www.eldiario.net\\\/portal\\\/wp-content\\\/uploads\\\/2023\\\/07\\\/NOTA-2-FOTO-1-scaled-1.jpg\",\"width\":2560,\"height\":1709,\"caption\":\"LA PIEL Y EL CABELLO JUEGAN UN PAPEL MUY IMPORTANTE EN LA SALUD Y BIENESTAR GENERAL.\"},{\"@type\":\"BreadcrumbList\",\"@id\":\"https:\\\/\\\/www.eldiario.net\\\/portal\\\/2023\\\/07\\\/19\\\/alimentos-para-tener-la-piel-y-el-cabello-radiantes\\\/#breadcrumb\",\"itemListElement\":[{\"@type\":\"ListItem\",\"position\":1,\"name\":\"Portada\",\"item\":\"https:\\\/\\\/www.eldiario.net\\\/portal\\\/\"},{\"@type\":\"ListItem\",\"position\":2,\"name\":\"Alimentos para tener la piel y el cabello radiantes\"}]},{\"@type\":\"WebSite\",\"@id\":\"https:\\\/\\\/www.eldiario.net\\\/portal\\\/#website\",\"url\":\"https:\\\/\\\/www.eldiario.net\\\/portal\\\/\",\"name\":\"El Diario - Decano de la prensa nacional\",\"description\":\"El Diario - Decano de la prensa nacional\",\"publisher\":{\"@id\":\"https:\\\/\\\/www.eldiario.net\\\/portal\\\/#organization\"},\"potentialAction\":[{\"@type\":\"SearchAction\",\"target\":{\"@type\":\"EntryPoint\",\"urlTemplate\":\"https:\\\/\\\/www.eldiario.net\\\/portal\\\/?s={search_term_string}\"},\"query-input\":{\"@type\":\"PropertyValueSpecification\",\"valueRequired\":true,\"valueName\":\"search_term_string\"}}],\"inLanguage\":\"es\"},{\"@type\":\"Organization\",\"@id\":\"https:\\\/\\\/www.eldiario.net\\\/portal\\\/#organization\",\"name\":\"El Diario - Decano de la prensa nacional\",\"url\":\"https:\\\/\\\/www.eldiario.net\\\/portal\\\/\",\"logo\":{\"@type\":\"ImageObject\",\"inLanguage\":\"es\",\"@id\":\"https:\\\/\\\/www.eldiario.net\\\/portal\\\/#\\\/schema\\\/logo\\\/image\\\/\",\"url\":\"https:\\\/\\\/www.eldiario.net\\\/portal\\\/wp-content\\\/uploads\\\/2023\\\/07\\\/logo_ED.jpg\",\"contentUrl\":\"https:\\\/\\\/www.eldiario.net\\\/portal\\\/wp-content\\\/uploads\\\/2023\\\/07\\\/logo_ED.jpg\",\"width\":272,\"height\":52,\"caption\":\"El Diario - Decano de la prensa nacional\"},\"image\":{\"@id\":\"https:\\\/\\\/www.eldiario.net\\\/portal\\\/#\\\/schema\\\/logo\\\/image\\\/\"},\"sameAs\":[\"https:\\\/\\\/www.facebook.com\\\/eldiario.bolivia\\\/\",\"https:\\\/\\\/x.com\\\/eldiario_net\"]},{\"@type\":\"Person\",\"@id\":\"https:\\\/\\\/www.eldiario.net\\\/portal\\\/#\\\/schema\\\/person\\\/2c57cf2b7a7ae032e449e4c9b1019eac\",\"name\":\"Jeanette\",\"image\":{\"@type\":\"ImageObject\",\"inLanguage\":\"es\",\"@id\":\"https:\\\/\\\/secure.gravatar.com\\\/avatar\\\/3ea2118a5f7dad2b7138b1187a6b7ee55f160b9968b66013c3a3ef39dd7e5798?s=96&d=mm&r=g\",\"url\":\"https:\\\/\\\/secure.gravatar.com\\\/avatar\\\/3ea2118a5f7dad2b7138b1187a6b7ee55f160b9968b66013c3a3ef39dd7e5798?s=96&d=mm&r=g\",\"contentUrl\":\"https:\\\/\\\/secure.gravatar.com\\\/avatar\\\/3ea2118a5f7dad2b7138b1187a6b7ee55f160b9968b66013c3a3ef39dd7e5798?s=96&d=mm&r=g\",\"caption\":\"Jeanette\"},\"sameAs\":[\"https:\\\/\\\/www.eldiario.net\\\/portal\"],\"url\":\"https:\\\/\\\/www.eldiario.net\\\/portal\\\/author\\\/jeanette\\\/\"}]}<\/script>\n<!-- \/ Yoast SEO plugin. -->","yoast_head_json":{"title":"Alimentos para tener la piel y el cabello radiantes - El Diario - Bolivia","robots":{"index":"index","follow":"follow","max-snippet":"max-snippet:-1","max-image-preview":"max-image-preview:large","max-video-preview":"max-video-preview:-1"},"canonical":"https:\/\/www.eldiario.net\/portal\/2023\/07\/19\/alimentos-para-tener-la-piel-y-el-cabello-radiantes\/","og_locale":"es_ES","og_type":"article","og_title":"Alimentos para tener la piel y el cabello radiantes - El Diario - Bolivia","og_description":"Por Laura Chac\u00f3n-Garbato La piel y el cabello juegan un papel muy importante en nuestra salud y bienestar general. La primera, adem\u00e1s de ser el \u00f3rgano m\u00e1s grande de nuestro cuerpo, es la principal barrera contra los agentes pat\u00f3genos del ambiente y ayuda a prevenir la p\u00e9rdida de l\u00edquido, por lo que debemos mantenerla saludable [&hellip;]","og_url":"https:\/\/www.eldiario.net\/portal\/2023\/07\/19\/alimentos-para-tener-la-piel-y-el-cabello-radiantes\/","og_site_name":"El Diario - Bolivia","article_publisher":"https:\/\/www.facebook.com\/eldiario.bolivia\/","article_published_time":"2023-07-19T11:05:30+00:00","og_image":[{"width":2560,"height":1709,"url":"https:\/\/www.eldiario.net\/portal\/wp-content\/uploads\/2023\/07\/NOTA-2-FOTO-1-scaled-1.jpg","type":"image\/jpeg"}],"author":"Jeanette","twitter_card":"summary_large_image","twitter_creator":"@eldiario_net","twitter_site":"@eldiario_net","twitter_misc":{"Escrito por":"Jeanette","Tiempo de lectura":"4 minutos"},"schema":{"@context":"https:\/\/schema.org","@graph":[{"@type":"Article","@id":"https:\/\/www.eldiario.net\/portal\/2023\/07\/19\/alimentos-para-tener-la-piel-y-el-cabello-radiantes\/#article","isPartOf":{"@id":"https:\/\/www.eldiario.net\/portal\/2023\/07\/19\/alimentos-para-tener-la-piel-y-el-cabello-radiantes\/"},"author":{"name":"Jeanette","@id":"https:\/\/www.eldiario.net\/portal\/#\/schema\/person\/2c57cf2b7a7ae032e449e4c9b1019eac"},"headline":"Alimentos para tener la piel y el cabello radiantes","datePublished":"2023-07-19T11:05:30+00:00","mainEntityOfPage":{"@id":"https:\/\/www.eldiario.net\/portal\/2023\/07\/19\/alimentos-para-tener-la-piel-y-el-cabello-radiantes\/"},"wordCount":928,"publisher":{"@id":"https:\/\/www.eldiario.net\/portal\/#organization"},"image":{"@id":"https:\/\/www.eldiario.net\/portal\/2023\/07\/19\/alimentos-para-tener-la-piel-y-el-cabello-radiantes\/#primaryimage"},"thumbnailUrl":"https:\/\/www.eldiario.net\/portal\/wp-content\/uploads\/2023\/07\/NOTA-2-FOTO-1-scaled-1.jpg","articleSection":["Femenina"],"inLanguage":"es"},{"@type":"WebPage","@id":"https:\/\/www.eldiario.net\/portal\/2023\/07\/19\/alimentos-para-tener-la-piel-y-el-cabello-radiantes\/","url":"https:\/\/www.eldiario.net\/portal\/2023\/07\/19\/alimentos-para-tener-la-piel-y-el-cabello-radiantes\/","name":"Alimentos para tener la piel y el cabello radiantes - El Diario - Bolivia","isPartOf":{"@id":"https:\/\/www.eldiario.net\/portal\/#website"},"primaryImageOfPage":{"@id":"https:\/\/www.eldiario.net\/portal\/2023\/07\/19\/alimentos-para-tener-la-piel-y-el-cabello-radiantes\/#primaryimage"},"image":{"@id":"https:\/\/www.eldiario.net\/portal\/2023\/07\/19\/alimentos-para-tener-la-piel-y-el-cabello-radiantes\/#primaryimage"},"thumbnailUrl":"https:\/\/www.eldiario.net\/portal\/wp-content\/uploads\/2023\/07\/NOTA-2-FOTO-1-scaled-1.jpg","datePublished":"2023-07-19T11:05:30+00:00","breadcrumb":{"@id":"https:\/\/www.eldiario.net\/portal\/2023\/07\/19\/alimentos-para-tener-la-piel-y-el-cabello-radiantes\/#breadcrumb"},"inLanguage":"es","potentialAction":[{"@type":"ReadAction","target":["https:\/\/www.eldiario.net\/portal\/2023\/07\/19\/alimentos-para-tener-la-piel-y-el-cabello-radiantes\/"]}]},{"@type":"ImageObject","inLanguage":"es","@id":"https:\/\/www.eldiario.net\/portal\/2023\/07\/19\/alimentos-para-tener-la-piel-y-el-cabello-radiantes\/#primaryimage","url":"https:\/\/www.eldiario.net\/portal\/wp-content\/uploads\/2023\/07\/NOTA-2-FOTO-1-scaled-1.jpg","contentUrl":"https:\/\/www.eldiario.net\/portal\/wp-content\/uploads\/2023\/07\/NOTA-2-FOTO-1-scaled-1.jpg","width":2560,"height":1709,"caption":"LA PIEL Y EL CABELLO JUEGAN UN PAPEL MUY IMPORTANTE EN LA SALUD Y BIENESTAR GENERAL."},{"@type":"BreadcrumbList","@id":"https:\/\/www.eldiario.net\/portal\/2023\/07\/19\/alimentos-para-tener-la-piel-y-el-cabello-radiantes\/#breadcrumb","itemListElement":[{"@type":"ListItem","position":1,"name":"Portada","item":"https:\/\/www.eldiario.net\/portal\/"},{"@type":"ListItem","position":2,"name":"Alimentos para tener la piel y el cabello radiantes"}]},{"@type":"WebSite","@id":"https:\/\/www.eldiario.net\/portal\/#website","url":"https:\/\/www.eldiario.net\/portal\/","name":"El Diario - Decano de la prensa nacional","description":"El Diario - Decano de la prensa nacional","publisher":{"@id":"https:\/\/www.eldiario.net\/portal\/#organization"},"potentialAction":[{"@type":"SearchAction","target":{"@type":"EntryPoint","urlTemplate":"https:\/\/www.eldiario.net\/portal\/?s={search_term_string}"},"query-input":{"@type":"PropertyValueSpecification","valueRequired":true,"valueName":"search_term_string"}}],"inLanguage":"es"},{"@type":"Organization","@id":"https:\/\/www.eldiario.net\/portal\/#organization","name":"El Diario - Decano de la prensa nacional","url":"https:\/\/www.eldiario.net\/portal\/","logo":{"@type":"ImageObject","inLanguage":"es","@id":"https:\/\/www.eldiario.net\/portal\/#\/schema\/logo\/image\/","url":"https:\/\/www.eldiario.net\/portal\/wp-content\/uploads\/2023\/07\/logo_ED.jpg","contentUrl":"https:\/\/www.eldiario.net\/portal\/wp-content\/uploads\/2023\/07\/logo_ED.jpg","width":272,"height":52,"caption":"El Diario - Decano de la prensa nacional"},"image":{"@id":"https:\/\/www.eldiario.net\/portal\/#\/schema\/logo\/image\/"},"sameAs":["https:\/\/www.facebook.com\/eldiario.bolivia\/","https:\/\/x.com\/eldiario_net"]},{"@type":"Person","@id":"https:\/\/www.eldiario.net\/portal\/#\/schema\/person\/2c57cf2b7a7ae032e449e4c9b1019eac","name":"Jeanette","image":{"@type":"ImageObject","inLanguage":"es","@id":"https:\/\/secure.gravatar.com\/avatar\/3ea2118a5f7dad2b7138b1187a6b7ee55f160b9968b66013c3a3ef39dd7e5798?s=96&d=mm&r=g","url":"https:\/\/secure.gravatar.com\/avatar\/3ea2118a5f7dad2b7138b1187a6b7ee55f160b9968b66013c3a3ef39dd7e5798?s=96&d=mm&r=g","contentUrl":"https:\/\/secure.gravatar.com\/avatar\/3ea2118a5f7dad2b7138b1187a6b7ee55f160b9968b66013c3a3ef39dd7e5798?s=96&d=mm&r=g","caption":"Jeanette"},"sameAs":["https:\/\/www.eldiario.net\/portal"],"url":"https:\/\/www.eldiario.net\/portal\/author\/jeanette\/"}]}},"_links":{"self":[{"href":"https:\/\/www.eldiario.net\/portal\/wp-json\/wp\/v2\/posts\/166415","targetHints":{"allow":["GET"]}}],"collection":[{"href":"https:\/\/www.eldiario.net\/portal\/wp-json\/wp\/v2\/posts"}],"about":[{"href":"https:\/\/www.eldiario.net\/portal\/wp-json\/wp\/v2\/types\/post"}],"author":[{"embeddable":true,"href":"https:\/\/www.eldiario.net\/portal\/wp-json\/wp\/v2\/users\/1"}],"replies":[{"embeddable":true,"href":"https:\/\/www.eldiario.net\/portal\/wp-json\/wp\/v2\/comments?post=166415"}],"version-history":[{"count":0,"href":"https:\/\/www.eldiario.net\/portal\/wp-json\/wp\/v2\/posts\/166415\/revisions"}],"wp:featuredmedia":[{"embeddable":true,"href":"https:\/\/www.eldiario.net\/portal\/wp-json\/wp\/v2\/media\/166416"}],"wp:attachment":[{"href":"https:\/\/www.eldiario.net\/portal\/wp-json\/wp\/v2\/media?parent=166415"}],"wp:term":[{"taxonomy":"category","embeddable":true,"href":"https:\/\/www.eldiario.net\/portal\/wp-json\/wp\/v2\/categories?post=166415"},{"taxonomy":"post_tag","embeddable":true,"href":"https:\/\/www.eldiario.net\/portal\/wp-json\/wp\/v2\/tags?post=166415"}],"curies":[{"name":"wp","href":"https:\/\/api.w.org\/{rel}","templated":true}]}}