{"id":166407,"date":"2023-07-19T07:01:54","date_gmt":"2023-07-19T11:01:54","guid":{"rendered":"https:\/\/www.eldiario.net\/portal\/?p=166407"},"modified":"2023-07-19T07:01:54","modified_gmt":"2023-07-19T11:01:54","slug":"relleno-de-yuca","status":"publish","type":"post","link":"https:\/\/www.eldiario.net\/portal\/2023\/07\/19\/relleno-de-yuca\/","title":{"rendered":"RELLENO DE YUCA"},"content":{"rendered":"<p>Queridos lectores, amantes de la gastronom\u00eda, bienvenidos a este espacio culinario, en el que exploraremos los sabores exquisitos que la cocina nos regala. Hoy nos adentramos en el apasionante mundo de la yuca, un tub\u00e9rculo originario de Am\u00e9rica que ha conquistado paladares en todo el mundo. En esta ocasi\u00f3n, nos deleitaremos con una receta tradicional boliviana: el Relleno de yuca.<\/p>\n<p>La yuca, conocida cient\u00edficamente como Manihot esculenta, es una planta que se ha cultivado durante siglos en diversas regiones tropicales y subtropicales del continente americano. Su origen se remonta a la civilizaci\u00f3n Maya, que la consideraba un alimento sagrado debido a su versatilidad y valor nutricional. A lo largo del tiempo, la yuca ha sido adoptada por diferentes culturas y se ha convertido en un ingrediente esencial en la cocina de muchos pa\u00edses, entre ellos Bolivia.<\/p>\n<p>La yuca es un tesoro culinario que no solo destaca por su sabor, sino tambi\u00e9n por sus propiedades nutricionales. Este tub\u00e9rculo es rico en carbohidratos, lo cual le confiere un alto contenido de energ\u00eda. Adem\u00e1s, es una excelente fuente de fibra diet\u00e9tica, vitamina C, tiamina, riboflavina y folato. Este tub\u00e9rculo tambi\u00e9n contiene minerales esenciales como el calcio, el hierro y el potasio, que contribuyen a una alimentaci\u00f3n equilibrada y saludable.<\/p>\n<p>En Bolivia, la yuca es una protagonista indiscutible en la culinaria tradicional. Se emplea en una amplia variedad de preparaciones que van desde platos principales hasta postres. La yuca se utiliza para hacer deliciosas empanadas, zonzo y, por supuesto, el famoso Relleno de Yuca que hoy preparamos.<\/p>\n<p>\u00a1Disfruten!<\/p>\n<p><strong>RELLENO DE YUCA<\/strong><\/p>\n<p><strong>Ingredientes:<\/strong><\/p>\n<p>1 kg de yuca<\/p>\n<p>300 g de carne de res molida<\/p>\n<p>1 cebolla grande, picada finamente<\/p>\n<p>2 dientes de ajo, picados<\/p>\n<p>1 zanahoria, rallada<\/p>\n<p>1 tomate, pelado y picado en cubitos<\/p>\n<p>\u00bd taza de pasas<\/p>\n<p>\u00bd taza de aceitunas, deshuesadas y picadas<\/p>\n<p>1 cucharadita de comino en polvo<\/p>\n<p>1 cucharadita de piment\u00f3n<\/p>\n<p>Sal y pimienta al gusto<\/p>\n<p>Aceite vegetal para fre\u00edr<\/p>\n<p><strong>Preparaci\u00f3n:<\/strong><\/p>\n<p>Cocinar la yuca en una olla con agua y sal hasta que est\u00e9 tierna. Luego, ret\u00edrarla del fuego y escurrirla.<\/p>\n<p>Con la ayuda de un tenedor, aplastar la yuca hasta obtener un pur\u00e9 suave y sin grumos. Reservar.<\/p>\n<p>En una sart\u00e9n grande, calentar un poco de aceite vegetal y a\u00f1adir la cebolla y el ajo. Sofreir hasta que est\u00e9n dorados.<\/p>\n<p>Agregar la carne molida y cocinar hasta que est\u00e9 bien dorada y desmenuzada.<\/p>\n<p>A\u00f1adir la zanahoria rallada, el tomate, las pasas y las aceitunas. Cocinar por unos minutos hasta que los sabores se integren.<\/p>\n<p>Condimentar la mezcla con comino, piment\u00f3n, sal y pimienta al gusto. Remover bien.<\/p>\n<p>Tomar porciones de pur\u00e9 de yuca y aplarnalas en la palma de la mano. Colocar una cucharada de la mezcla de carne en el centro y cerrar cuidadosamente para formar una bola.<\/p>\n<p>En una sart\u00e9n con suficiente aceite caliente, freir los rellenos de yuca hasta que est\u00e9n dorados y crujientes por fuera.<\/p>\n<p>Retirar del fuego y colocarlos sobre papel absorbente para eliminar el exceso de grasa.<\/p>\n<p><strong>Emplatado:<\/strong><\/p>\n<p>Servir los Rellenos de Yuca calientes como un plato principal acompa\u00f1ados de una ensalada fresca o una salsa de su elecci\u00f3n.<\/p>\n<p><strong>Nota:<\/strong> El Relleno de Yuca es una joya culinaria que nos transporta a los sabores aut\u00e9nticos de la cocina boliviana. La versatilidad de la yuca, sumada a la combinaci\u00f3n de ingredientes y sabores de esta receta, hacen de este plato una experiencia gastron\u00f3mica \u00fanica. An\u00edmense a prepararlo y descubrir por ustedes mismos el deleite de saborear cada bocado.<\/p>\n<p>\u00a1Buen provecho!<\/p>\n<p>Queridos lectores nos vemos en el siguiente art\u00edculo y no olviden que:<\/p>\n<p>\u201cLa comida hecha con amor, f\u00edsica, qu\u00edmica y biol\u00f3gicamente sabe mejor\u201d<\/p>\n<p>Chef Franz R. Arandia Belmonte<\/p>\n<p>Gastr\u00f3nomo Profesional e Investigador Gastron\u00f3mico<\/p>\n<p>&nbsp;<\/p>\n<p>&nbsp;<\/p>\n<p>Facebook Fan Page: Chef Ara\u00f1a<\/p>\n<p>Facebook: Ara\u00f1a del monte<\/p>\n<p>Facebook: Paladar Mundial Un Gusto Surreal<\/p>\n<p>Blog: Gastrobiologia.wordpress.com<\/p>\n<p>Instagram: Arana_del_monte<\/p>\n<p>Tik tok: chef.aranha<\/p>\n<div id='gallery-1' class='gallery galleryid-166407 gallery-columns-3 gallery-size-medium'><figure class='gallery-item'>\n\t\t\t<div class='gallery-icon landscape'>\n\t\t\t\t<a href='https:\/\/www.eldiario.net\/portal\/2023\/07\/19\/relleno-de-yuca\/nota-4-foto-1-39\/'><img loading=\"lazy\" decoding=\"async\" width=\"300\" height=\"199\" src=\"https:\/\/www.eldiario.net\/portal\/wp-content\/uploads\/2023\/07\/NOTA-4-FOTO-1-3-300x199.jpg\" class=\"attachment-medium size-medium\" alt=\"\" aria-describedby=\"gallery-1-166408\" srcset=\"https:\/\/www.eldiario.net\/portal\/wp-content\/uploads\/2023\/07\/NOTA-4-FOTO-1-3-300x199.jpg 300w, https:\/\/www.eldiario.net\/portal\/wp-content\/uploads\/2023\/07\/NOTA-4-FOTO-1-3-768x510.jpg 768w, https:\/\/www.eldiario.net\/portal\/wp-content\/uploads\/2023\/07\/NOTA-4-FOTO-1-3-696x462.jpg 696w, https:\/\/www.eldiario.net\/portal\/wp-content\/uploads\/2023\/07\/NOTA-4-FOTO-1-3.jpg 1024w\" sizes=\"auto, (max-width: 300px) 100vw, 300px\" \/><\/a>\n\t\t\t<\/div>\n\t\t\t\t<figcaption class='wp-caption-text gallery-caption' id='gallery-1-166408'>\n\t\t\t\tEMPLATADO DEL RELLENO DE YUCA.\n\t\t\t\t<\/figcaption><\/figure><figure class='gallery-item'>\n\t\t\t<div class='gallery-icon landscape'>\n\t\t\t\t<a href='https:\/\/www.eldiario.net\/portal\/2023\/07\/19\/relleno-de-yuca\/nota-4-foto-2-36\/'><img loading=\"lazy\" decoding=\"async\" width=\"300\" height=\"300\" src=\"https:\/\/www.eldiario.net\/portal\/wp-content\/uploads\/2023\/07\/NOTA-4-FOTO-2-2-300x300.jpeg\" class=\"attachment-medium size-medium\" alt=\"\" aria-describedby=\"gallery-1-166409\" srcset=\"https:\/\/www.eldiario.net\/portal\/wp-content\/uploads\/2023\/07\/NOTA-4-FOTO-2-2-300x300.jpeg 300w, https:\/\/www.eldiario.net\/portal\/wp-content\/uploads\/2023\/07\/NOTA-4-FOTO-2-2-150x150.jpeg 150w, https:\/\/www.eldiario.net\/portal\/wp-content\/uploads\/2023\/07\/NOTA-4-FOTO-2-2.jpeg 612w\" sizes=\"auto, (max-width: 300px) 100vw, 300px\" \/><\/a>\n\t\t\t<\/div>\n\t\t\t\t<figcaption class='wp-caption-text gallery-caption' id='gallery-1-166409'>\n\t\t\t\tCHEF FRANZ ARANDIA.\n\t\t\t\t<\/figcaption><\/figure>\n\t\t<\/div>\n\n","protected":false},"excerpt":{"rendered":"<p>Queridos lectores, amantes de la gastronom\u00eda, bienvenidos a este espacio culinario, en el que exploraremos los sabores exquisitos que la cocina nos regala. Hoy nos adentramos en el apasionante mundo de la yuca, un tub\u00e9rculo originario de Am\u00e9rica que ha conquistado paladares en todo el mundo. En esta ocasi\u00f3n, nos deleitaremos con una receta tradicional [&hellip;]<\/p>\n","protected":false},"author":1,"featured_media":166408,"comment_status":"closed","ping_status":"open","sticky":false,"template":"","format":"standard","meta":{"_acf_changed":false,"footnotes":""},"categories":[42],"tags":[],"class_list":["post-166407","post","type-post","status-publish","format-standard","has-post-thumbnail","category-femenina"],"acf":{"antetitulo":""},"yoast_head":"<!-- This site is optimized with the Yoast SEO plugin v28.4 - https:\/\/yoast.com\/product\/yoast-seo-wordpress\/ -->\n<title>RELLENO DE YUCA - El Diario - Bolivia<\/title>\n<meta name=\"robots\" content=\"index, follow, max-snippet:-1, max-image-preview:large, max-video-preview:-1\" \/>\n<link rel=\"canonical\" href=\"https:\/\/www.eldiario.net\/portal\/2023\/07\/19\/relleno-de-yuca\/\" \/>\n<meta property=\"og:locale\" content=\"es_ES\" \/>\n<meta property=\"og:type\" content=\"article\" \/>\n<meta property=\"og:title\" content=\"RELLENO DE YUCA - El Diario - Bolivia\" \/>\n<meta property=\"og:description\" content=\"Queridos lectores, amantes de la gastronom\u00eda, bienvenidos a este espacio culinario, en el que exploraremos los sabores exquisitos que la cocina nos regala. Hoy nos adentramos en el apasionante mundo de la yuca, un tub\u00e9rculo originario de Am\u00e9rica que ha conquistado paladares en todo el mundo. En esta ocasi\u00f3n, nos deleitaremos con una receta tradicional [&hellip;]\" \/>\n<meta property=\"og:url\" content=\"https:\/\/www.eldiario.net\/portal\/2023\/07\/19\/relleno-de-yuca\/\" \/>\n<meta property=\"og:site_name\" content=\"El Diario - Bolivia\" \/>\n<meta property=\"article:publisher\" content=\"https:\/\/www.facebook.com\/eldiario.bolivia\/\" \/>\n<meta property=\"article:published_time\" content=\"2023-07-19T11:01:54+00:00\" \/>\n<meta property=\"og:image\" content=\"https:\/\/www.eldiario.net\/portal\/wp-content\/uploads\/2023\/07\/NOTA-4-FOTO-1-3.jpg\" \/>\n\t<meta property=\"og:image:width\" content=\"1024\" \/>\n\t<meta property=\"og:image:height\" content=\"680\" \/>\n\t<meta property=\"og:image:type\" content=\"image\/jpeg\" \/>\n<meta name=\"author\" content=\"Jeanette\" \/>\n<meta name=\"twitter:card\" content=\"summary_large_image\" \/>\n<meta name=\"twitter:creator\" content=\"@eldiario_net\" \/>\n<meta name=\"twitter:site\" content=\"@eldiario_net\" \/>\n<meta name=\"twitter:label1\" content=\"Escrito por\" \/>\n\t<meta name=\"twitter:data1\" content=\"Jeanette\" \/>\n\t<meta name=\"twitter:label2\" content=\"Tiempo de lectura\" \/>\n\t<meta name=\"twitter:data2\" content=\"3 minutos\" \/>\n<script type=\"application\/ld+json\" class=\"yoast-schema-graph\">{\"@context\":\"https:\\\/\\\/schema.org\",\"@graph\":[{\"@type\":\"Article\",\"@id\":\"https:\\\/\\\/www.eldiario.net\\\/portal\\\/2023\\\/07\\\/19\\\/relleno-de-yuca\\\/#article\",\"isPartOf\":{\"@id\":\"https:\\\/\\\/www.eldiario.net\\\/portal\\\/2023\\\/07\\\/19\\\/relleno-de-yuca\\\/\"},\"author\":{\"name\":\"Jeanette\",\"@id\":\"https:\\\/\\\/www.eldiario.net\\\/portal\\\/#\\\/schema\\\/person\\\/2c57cf2b7a7ae032e449e4c9b1019eac\"},\"headline\":\"RELLENO DE YUCA\",\"datePublished\":\"2023-07-19T11:01:54+00:00\",\"mainEntityOfPage\":{\"@id\":\"https:\\\/\\\/www.eldiario.net\\\/portal\\\/2023\\\/07\\\/19\\\/relleno-de-yuca\\\/\"},\"wordCount\":674,\"publisher\":{\"@id\":\"https:\\\/\\\/www.eldiario.net\\\/portal\\\/#organization\"},\"image\":{\"@id\":\"https:\\\/\\\/www.eldiario.net\\\/portal\\\/2023\\\/07\\\/19\\\/relleno-de-yuca\\\/#primaryimage\"},\"thumbnailUrl\":\"https:\\\/\\\/www.eldiario.net\\\/portal\\\/wp-content\\\/uploads\\\/2023\\\/07\\\/NOTA-4-FOTO-1-3.jpg\",\"articleSection\":[\"Femenina\"],\"inLanguage\":\"es\"},{\"@type\":\"WebPage\",\"@id\":\"https:\\\/\\\/www.eldiario.net\\\/portal\\\/2023\\\/07\\\/19\\\/relleno-de-yuca\\\/\",\"url\":\"https:\\\/\\\/www.eldiario.net\\\/portal\\\/2023\\\/07\\\/19\\\/relleno-de-yuca\\\/\",\"name\":\"RELLENO DE YUCA - El Diario - Bolivia\",\"isPartOf\":{\"@id\":\"https:\\\/\\\/www.eldiario.net\\\/portal\\\/#website\"},\"primaryImageOfPage\":{\"@id\":\"https:\\\/\\\/www.eldiario.net\\\/portal\\\/2023\\\/07\\\/19\\\/relleno-de-yuca\\\/#primaryimage\"},\"image\":{\"@id\":\"https:\\\/\\\/www.eldiario.net\\\/portal\\\/2023\\\/07\\\/19\\\/relleno-de-yuca\\\/#primaryimage\"},\"thumbnailUrl\":\"https:\\\/\\\/www.eldiario.net\\\/portal\\\/wp-content\\\/uploads\\\/2023\\\/07\\\/NOTA-4-FOTO-1-3.jpg\",\"datePublished\":\"2023-07-19T11:01:54+00:00\",\"breadcrumb\":{\"@id\":\"https:\\\/\\\/www.eldiario.net\\\/portal\\\/2023\\\/07\\\/19\\\/relleno-de-yuca\\\/#breadcrumb\"},\"inLanguage\":\"es\",\"potentialAction\":[{\"@type\":\"ReadAction\",\"target\":[\"https:\\\/\\\/www.eldiario.net\\\/portal\\\/2023\\\/07\\\/19\\\/relleno-de-yuca\\\/\"]}]},{\"@type\":\"ImageObject\",\"inLanguage\":\"es\",\"@id\":\"https:\\\/\\\/www.eldiario.net\\\/portal\\\/2023\\\/07\\\/19\\\/relleno-de-yuca\\\/#primaryimage\",\"url\":\"https:\\\/\\\/www.eldiario.net\\\/portal\\\/wp-content\\\/uploads\\\/2023\\\/07\\\/NOTA-4-FOTO-1-3.jpg\",\"contentUrl\":\"https:\\\/\\\/www.eldiario.net\\\/portal\\\/wp-content\\\/uploads\\\/2023\\\/07\\\/NOTA-4-FOTO-1-3.jpg\",\"width\":1024,\"height\":680,\"caption\":\"EMPLATADO DEL RELLENO DE YUCA.\"},{\"@type\":\"BreadcrumbList\",\"@id\":\"https:\\\/\\\/www.eldiario.net\\\/portal\\\/2023\\\/07\\\/19\\\/relleno-de-yuca\\\/#breadcrumb\",\"itemListElement\":[{\"@type\":\"ListItem\",\"position\":1,\"name\":\"Portada\",\"item\":\"https:\\\/\\\/www.eldiario.net\\\/portal\\\/\"},{\"@type\":\"ListItem\",\"position\":2,\"name\":\"RELLENO DE YUCA\"}]},{\"@type\":\"WebSite\",\"@id\":\"https:\\\/\\\/www.eldiario.net\\\/portal\\\/#website\",\"url\":\"https:\\\/\\\/www.eldiario.net\\\/portal\\\/\",\"name\":\"El Diario - Decano de la prensa nacional\",\"description\":\"El Diario - Decano de la prensa nacional\",\"publisher\":{\"@id\":\"https:\\\/\\\/www.eldiario.net\\\/portal\\\/#organization\"},\"potentialAction\":[{\"@type\":\"SearchAction\",\"target\":{\"@type\":\"EntryPoint\",\"urlTemplate\":\"https:\\\/\\\/www.eldiario.net\\\/portal\\\/?s={search_term_string}\"},\"query-input\":{\"@type\":\"PropertyValueSpecification\",\"valueRequired\":true,\"valueName\":\"search_term_string\"}}],\"inLanguage\":\"es\"},{\"@type\":\"Organization\",\"@id\":\"https:\\\/\\\/www.eldiario.net\\\/portal\\\/#organization\",\"name\":\"El Diario - Decano de la prensa nacional\",\"url\":\"https:\\\/\\\/www.eldiario.net\\\/portal\\\/\",\"logo\":{\"@type\":\"ImageObject\",\"inLanguage\":\"es\",\"@id\":\"https:\\\/\\\/www.eldiario.net\\\/portal\\\/#\\\/schema\\\/logo\\\/image\\\/\",\"url\":\"https:\\\/\\\/www.eldiario.net\\\/portal\\\/wp-content\\\/uploads\\\/2023\\\/07\\\/logo_ED.jpg\",\"contentUrl\":\"https:\\\/\\\/www.eldiario.net\\\/portal\\\/wp-content\\\/uploads\\\/2023\\\/07\\\/logo_ED.jpg\",\"width\":272,\"height\":52,\"caption\":\"El Diario - Decano de la prensa nacional\"},\"image\":{\"@id\":\"https:\\\/\\\/www.eldiario.net\\\/portal\\\/#\\\/schema\\\/logo\\\/image\\\/\"},\"sameAs\":[\"https:\\\/\\\/www.facebook.com\\\/eldiario.bolivia\\\/\",\"https:\\\/\\\/x.com\\\/eldiario_net\"]},{\"@type\":\"Person\",\"@id\":\"https:\\\/\\\/www.eldiario.net\\\/portal\\\/#\\\/schema\\\/person\\\/2c57cf2b7a7ae032e449e4c9b1019eac\",\"name\":\"Jeanette\",\"image\":{\"@type\":\"ImageObject\",\"inLanguage\":\"es\",\"@id\":\"https:\\\/\\\/secure.gravatar.com\\\/avatar\\\/3ea2118a5f7dad2b7138b1187a6b7ee55f160b9968b66013c3a3ef39dd7e5798?s=96&d=mm&r=g\",\"url\":\"https:\\\/\\\/secure.gravatar.com\\\/avatar\\\/3ea2118a5f7dad2b7138b1187a6b7ee55f160b9968b66013c3a3ef39dd7e5798?s=96&d=mm&r=g\",\"contentUrl\":\"https:\\\/\\\/secure.gravatar.com\\\/avatar\\\/3ea2118a5f7dad2b7138b1187a6b7ee55f160b9968b66013c3a3ef39dd7e5798?s=96&d=mm&r=g\",\"caption\":\"Jeanette\"},\"sameAs\":[\"https:\\\/\\\/www.eldiario.net\\\/portal\"],\"url\":\"https:\\\/\\\/www.eldiario.net\\\/portal\\\/author\\\/jeanette\\\/\"}]}<\/script>\n<!-- \/ Yoast SEO plugin. -->","yoast_head_json":{"title":"RELLENO DE YUCA - El Diario - Bolivia","robots":{"index":"index","follow":"follow","max-snippet":"max-snippet:-1","max-image-preview":"max-image-preview:large","max-video-preview":"max-video-preview:-1"},"canonical":"https:\/\/www.eldiario.net\/portal\/2023\/07\/19\/relleno-de-yuca\/","og_locale":"es_ES","og_type":"article","og_title":"RELLENO DE YUCA - El Diario - Bolivia","og_description":"Queridos lectores, amantes de la gastronom\u00eda, bienvenidos a este espacio culinario, en el que exploraremos los sabores exquisitos que la cocina nos regala. Hoy nos adentramos en el apasionante mundo de la yuca, un tub\u00e9rculo originario de Am\u00e9rica que ha conquistado paladares en todo el mundo. En esta ocasi\u00f3n, nos deleitaremos con una receta tradicional [&hellip;]","og_url":"https:\/\/www.eldiario.net\/portal\/2023\/07\/19\/relleno-de-yuca\/","og_site_name":"El Diario - Bolivia","article_publisher":"https:\/\/www.facebook.com\/eldiario.bolivia\/","article_published_time":"2023-07-19T11:01:54+00:00","og_image":[{"width":1024,"height":680,"url":"https:\/\/www.eldiario.net\/portal\/wp-content\/uploads\/2023\/07\/NOTA-4-FOTO-1-3.jpg","type":"image\/jpeg"}],"author":"Jeanette","twitter_card":"summary_large_image","twitter_creator":"@eldiario_net","twitter_site":"@eldiario_net","twitter_misc":{"Escrito por":"Jeanette","Tiempo de lectura":"3 minutos"},"schema":{"@context":"https:\/\/schema.org","@graph":[{"@type":"Article","@id":"https:\/\/www.eldiario.net\/portal\/2023\/07\/19\/relleno-de-yuca\/#article","isPartOf":{"@id":"https:\/\/www.eldiario.net\/portal\/2023\/07\/19\/relleno-de-yuca\/"},"author":{"name":"Jeanette","@id":"https:\/\/www.eldiario.net\/portal\/#\/schema\/person\/2c57cf2b7a7ae032e449e4c9b1019eac"},"headline":"RELLENO DE YUCA","datePublished":"2023-07-19T11:01:54+00:00","mainEntityOfPage":{"@id":"https:\/\/www.eldiario.net\/portal\/2023\/07\/19\/relleno-de-yuca\/"},"wordCount":674,"publisher":{"@id":"https:\/\/www.eldiario.net\/portal\/#organization"},"image":{"@id":"https:\/\/www.eldiario.net\/portal\/2023\/07\/19\/relleno-de-yuca\/#primaryimage"},"thumbnailUrl":"https:\/\/www.eldiario.net\/portal\/wp-content\/uploads\/2023\/07\/NOTA-4-FOTO-1-3.jpg","articleSection":["Femenina"],"inLanguage":"es"},{"@type":"WebPage","@id":"https:\/\/www.eldiario.net\/portal\/2023\/07\/19\/relleno-de-yuca\/","url":"https:\/\/www.eldiario.net\/portal\/2023\/07\/19\/relleno-de-yuca\/","name":"RELLENO DE YUCA - El Diario - Bolivia","isPartOf":{"@id":"https:\/\/www.eldiario.net\/portal\/#website"},"primaryImageOfPage":{"@id":"https:\/\/www.eldiario.net\/portal\/2023\/07\/19\/relleno-de-yuca\/#primaryimage"},"image":{"@id":"https:\/\/www.eldiario.net\/portal\/2023\/07\/19\/relleno-de-yuca\/#primaryimage"},"thumbnailUrl":"https:\/\/www.eldiario.net\/portal\/wp-content\/uploads\/2023\/07\/NOTA-4-FOTO-1-3.jpg","datePublished":"2023-07-19T11:01:54+00:00","breadcrumb":{"@id":"https:\/\/www.eldiario.net\/portal\/2023\/07\/19\/relleno-de-yuca\/#breadcrumb"},"inLanguage":"es","potentialAction":[{"@type":"ReadAction","target":["https:\/\/www.eldiario.net\/portal\/2023\/07\/19\/relleno-de-yuca\/"]}]},{"@type":"ImageObject","inLanguage":"es","@id":"https:\/\/www.eldiario.net\/portal\/2023\/07\/19\/relleno-de-yuca\/#primaryimage","url":"https:\/\/www.eldiario.net\/portal\/wp-content\/uploads\/2023\/07\/NOTA-4-FOTO-1-3.jpg","contentUrl":"https:\/\/www.eldiario.net\/portal\/wp-content\/uploads\/2023\/07\/NOTA-4-FOTO-1-3.jpg","width":1024,"height":680,"caption":"EMPLATADO DEL RELLENO DE YUCA."},{"@type":"BreadcrumbList","@id":"https:\/\/www.eldiario.net\/portal\/2023\/07\/19\/relleno-de-yuca\/#breadcrumb","itemListElement":[{"@type":"ListItem","position":1,"name":"Portada","item":"https:\/\/www.eldiario.net\/portal\/"},{"@type":"ListItem","position":2,"name":"RELLENO DE YUCA"}]},{"@type":"WebSite","@id":"https:\/\/www.eldiario.net\/portal\/#website","url":"https:\/\/www.eldiario.net\/portal\/","name":"El Diario - Decano de la prensa nacional","description":"El Diario - Decano de la prensa nacional","publisher":{"@id":"https:\/\/www.eldiario.net\/portal\/#organization"},"potentialAction":[{"@type":"SearchAction","target":{"@type":"EntryPoint","urlTemplate":"https:\/\/www.eldiario.net\/portal\/?s={search_term_string}"},"query-input":{"@type":"PropertyValueSpecification","valueRequired":true,"valueName":"search_term_string"}}],"inLanguage":"es"},{"@type":"Organization","@id":"https:\/\/www.eldiario.net\/portal\/#organization","name":"El Diario - Decano de la prensa nacional","url":"https:\/\/www.eldiario.net\/portal\/","logo":{"@type":"ImageObject","inLanguage":"es","@id":"https:\/\/www.eldiario.net\/portal\/#\/schema\/logo\/image\/","url":"https:\/\/www.eldiario.net\/portal\/wp-content\/uploads\/2023\/07\/logo_ED.jpg","contentUrl":"https:\/\/www.eldiario.net\/portal\/wp-content\/uploads\/2023\/07\/logo_ED.jpg","width":272,"height":52,"caption":"El Diario - Decano de la prensa nacional"},"image":{"@id":"https:\/\/www.eldiario.net\/portal\/#\/schema\/logo\/image\/"},"sameAs":["https:\/\/www.facebook.com\/eldiario.bolivia\/","https:\/\/x.com\/eldiario_net"]},{"@type":"Person","@id":"https:\/\/www.eldiario.net\/portal\/#\/schema\/person\/2c57cf2b7a7ae032e449e4c9b1019eac","name":"Jeanette","image":{"@type":"ImageObject","inLanguage":"es","@id":"https:\/\/secure.gravatar.com\/avatar\/3ea2118a5f7dad2b7138b1187a6b7ee55f160b9968b66013c3a3ef39dd7e5798?s=96&d=mm&r=g","url":"https:\/\/secure.gravatar.com\/avatar\/3ea2118a5f7dad2b7138b1187a6b7ee55f160b9968b66013c3a3ef39dd7e5798?s=96&d=mm&r=g","contentUrl":"https:\/\/secure.gravatar.com\/avatar\/3ea2118a5f7dad2b7138b1187a6b7ee55f160b9968b66013c3a3ef39dd7e5798?s=96&d=mm&r=g","caption":"Jeanette"},"sameAs":["https:\/\/www.eldiario.net\/portal"],"url":"https:\/\/www.eldiario.net\/portal\/author\/jeanette\/"}]}},"_links":{"self":[{"href":"https:\/\/www.eldiario.net\/portal\/wp-json\/wp\/v2\/posts\/166407","targetHints":{"allow":["GET"]}}],"collection":[{"href":"https:\/\/www.eldiario.net\/portal\/wp-json\/wp\/v2\/posts"}],"about":[{"href":"https:\/\/www.eldiario.net\/portal\/wp-json\/wp\/v2\/types\/post"}],"author":[{"embeddable":true,"href":"https:\/\/www.eldiario.net\/portal\/wp-json\/wp\/v2\/users\/1"}],"replies":[{"embeddable":true,"href":"https:\/\/www.eldiario.net\/portal\/wp-json\/wp\/v2\/comments?post=166407"}],"version-history":[{"count":0,"href":"https:\/\/www.eldiario.net\/portal\/wp-json\/wp\/v2\/posts\/166407\/revisions"}],"wp:featuredmedia":[{"embeddable":true,"href":"https:\/\/www.eldiario.net\/portal\/wp-json\/wp\/v2\/media\/166408"}],"wp:attachment":[{"href":"https:\/\/www.eldiario.net\/portal\/wp-json\/wp\/v2\/media?parent=166407"}],"wp:term":[{"taxonomy":"category","embeddable":true,"href":"https:\/\/www.eldiario.net\/portal\/wp-json\/wp\/v2\/categories?post=166407"},{"taxonomy":"post_tag","embeddable":true,"href":"https:\/\/www.eldiario.net\/portal\/wp-json\/wp\/v2\/tags?post=166407"}],"curies":[{"name":"wp","href":"https:\/\/api.w.org\/{rel}","templated":true}]}}