{"id":166098,"date":"2023-07-17T06:44:06","date_gmt":"2023-07-17T10:44:06","guid":{"rendered":"https:\/\/www.eldiario.net\/portal\/?p=166098"},"modified":"2023-07-17T06:44:06","modified_gmt":"2023-07-17T10:44:06","slug":"efecto-mandarina-promete-mucha-energia-en-la-paz","status":"publish","type":"post","link":"https:\/\/www.eldiario.net\/portal\/2023\/07\/17\/efecto-mandarina-promete-mucha-energia-en-la-paz\/","title":{"rendered":"Efecto Mandarina promete  mucha energ\u00eda en La Paz"},"content":{"rendered":"<p>Efecto Mandarina cerrar\u00e1 con broche de oro en La Paz su exitosa Gira Nacional 2023, en los conciertos que brindar\u00e1 el 21 y 22 de julio, a horas 19:30, en el Teatro Municipal \u201cAlberto Saavedra P\u00e9rez\u201d.<\/p>\n<p>\u201cEstamos recargados de mucha energ\u00eda y mandarina para darles los mejores conciertos en La Paz\u201d, coincidieron en afirmar los integrantes de la banda pace\u00f1a, conformada por Vero P\u00e9rez, Diego Ball\u00f3n, Bladimir Morales y Eduardo Navarre.<\/p>\n<p>Como se recordar\u00e1, el grupo decidi\u00f3 este a\u00f1o recomponer sus filas y realizar la Gira Nacional 2023. Esa fue una gran motivaci\u00f3n para que la banda boliviana componga y saque una nueva canci\u00f3n, \u201cAqu\u00ed\u201d, que marc\u00f3 un antes y un despu\u00e9s en la carrera musical de Efecto Mandarina. Pero eso no es todo. La agrupaci\u00f3n tambi\u00e9n dio la bienvenida a su nuevo integrante, Eduardo Navarre, baterista e ingeniero de audio boliviano.<\/p>\n<p>De esas buenas nuevas y de su gira nacional conversamos con ellos (EM) y esto fue lo que nos contaron.<\/p>\n<p><strong>LG:<\/strong><strong>\u00a0\u00a0\u00a0\u00a0<\/strong><strong>\u00bfC\u00f3mo llega Efecto Mandarina a La Paz despu\u00e9s de su Gira Nacional 2023?<\/strong><\/p>\n<p>EM: Fueron seis ciudades que ya visitamos, Oruro, Santa Cruz, Potos\u00ed, Sucre, Tarija y Cochabamba y a puertas de (tocar en) nuestra linda ciudad de La Paz. Nos sentimos felices y emocionados por el recibimiento en cada ciudad. Fueron experiencias y an\u00e9cdotas \u00fanicas que tuvimos y sentimos en cada uno de los teatros de Bolivia. Ahora estamos con ganas de cerrar con broche de oro en nuestra ciudad y, sobre todo, en el mes de julio. Estamos recargados de mucha energ\u00eda y mandarina para darles los mejores conciertos en La Paz.<\/p>\n<p><strong>LG: \u00bfQu\u00e9 de especial tendr\u00e1 para Efecto Mandarina el cierre de su gira en la Sede de Gobierno? <\/strong><\/p>\n<p>EM: Adem\u00e1s de regalar lo mejor de nosotros a nuestra hermosa ciudad de La Paz, tendremos dos invitados de lujo y, evidentemente, la puesta en escena ser\u00e1 un poco m\u00e1s desarrollada, por la facilidad de estar en la ciudad. Tendremos libertad para llevarles un espect\u00e1culo maravilloso, con una bella escenograf\u00eda y mucha m\u00fasica.<\/p>\n<p><strong>LG: \u00bfLos conciertos en nuestra ciudad ser\u00e1n como los brindados en el interior?, \u00bfcu\u00e1l ser\u00e1 el repertorio? <\/strong><\/p>\n<p>EM: El repertorio ser\u00e1 m\u00e1s amplio y abarcar\u00e1 mucho de lo que por temas t\u00e9cnicos y de transporte no se pudo. Vamos a tocar canciones que toc\u00e1bamos hace m\u00e1s de 10 a\u00f1os. Tendremos dos invitados que sabemos que realizar\u00e1n el concierto a su manera, fusionando las artes, ser\u00e1 in\u00e9dito con uno de los invitados. En unos d\u00edas lanzaremos las sorpresas para saber qui\u00e9nes son.<\/p>\n<p><strong>LG: \u00bfQu\u00e9 evaluaci\u00f3n hacen de su Gira Nacional 2023? <\/strong><\/p>\n<p>EM: Ha sido una gira maravillosa. Estamos muy agradecidos con la gente y el p\u00fablico que ha ido a cada uno de los conciertos. Es exactamente lo que esper\u00e1bamos. Nos conmueve bastante c\u00f3mo nos han esperado tanto y nos agradecen mucho por haber vuelto. Estamos emocionados por ver en cada ciudad, al final de los conciertos, filas para tomarse una fotograf\u00eda y esperando un aut\u00f3grafo. Es muy lindo sentir el cari\u00f1o y agradecimiento del p\u00fablico en Bolivia. Estamos agradecidos a Dios y a la vida, por darnos el talento para hacer sentir y que se identifiquen con nuestras canciones\u2026 nuestra m\u00fasica.<\/p>\n<p><strong>LG: \u00bfQu\u00e9 fue lo mejor? <\/strong><\/p>\n<p>EM: Reencontrarnos con el p\u00fablico y sentir ese cari\u00f1o nuevamente. Ver que siguen aqu\u00ed. Y tambi\u00e9n ver nuevas caritas, nueva gente, nuevas generaciones que ya est\u00e1n sigui\u00e9ndonos y cantando con nosotros, nos alegra mucho.<\/p>\n<p><strong>LG: \u00bfQu\u00e9 qued\u00f3 pendiente? <\/strong><\/p>\n<p>EM: Un par de canciones, ya que, muchas veces por los tiempos del teatro, tuvimos que recortar los sets, pero creo que hemos abarcado todo lo que estaba planeado.<\/p>\n<p><strong>LG: \u00bfCu\u00e1les fueron las canciones m\u00e1s solicitadas en la gira?<\/strong><\/p>\n<p>EF: \u201c\u00d3diame\u201d, \u201cNing\u00fan Vals\u201d, \u201cCarrusel\u201d\u2026. Tambi\u00e9n \u201cRegresar\u201d, en la gira nos dimos cuenta cu\u00e1n querida es, fue de las canciones m\u00e1s aplaudidas.<\/p>\n<p><strong>LG: \u00bfQu\u00e9 balance hacen de la incorporaci\u00f3n de Eduardo Navarre a la banda? <\/strong><\/p>\n<p>EM: Ha sido espectacular, no solo porque Eduardo es una persona sumamente profesional, sino tambi\u00e9n porque tiene esa calidez de persona que necesit\u00e1bamos. Se ha llevado muy bien con la gente y el p\u00fablico lo ha recibido con mucho cari\u00f1o. Musicalmente nos ha llevado a un mejor nivel, nos hemos complementado de maravilla.<\/p>\n<p><strong>LG: \u00bfC\u00f3mo les fue con su nuevo corte \u201cAqu\u00ed\u201d? <\/strong><\/p>\n<p>EM: Incre\u00edble, la gente ha compartido mucho el video, ya llegamos a las 10K de vistas. Hemos visto que reciben la canci\u00f3n con mucha emoci\u00f3n en los conciertos y est\u00e1n muy felices porque sacamos nuevo material, despu\u00e9s de muchos a\u00f1os. Es una canci\u00f3n que ya la cantan y eso es espectacular.<\/p>\n<p><strong>LG: Despu\u00e9s de esta gira nacional, \u00bfqu\u00e9 planes tienen?, \u00bfnuevas canciones?, \u00bfotras presentaciones? <\/strong><\/p>\n<p>EM: Estamos planeando una gira internacional, ojal\u00e1 pueda darse. Tenemos varios planes a futuro, pero a\u00fan nada concretado. Queremos retomar lo que cre\u00edamos perdido y definitivamente dar m\u00e1s cari\u00f1o a nuestro p\u00fablico. Y poco a poco ir creando nuevas cosas, conforme vayan fluyendo.<\/p>\n<p><strong>LG: \u00bfDesean agregar algo?<\/strong><\/p>\n<p>EM: Que los esperamos y las esperamos en los conciertos del 21 y 22, tenemos invitados maravillosos, va a ser hermoso verl@s a tod@s nuevamente para cantar las canciones de la banda y para abrazarnos al final y recordar que \u201cHoy Estamos Aqu\u00ed\u201d.<\/p>\n<p>&nbsp;<\/p>\n<div id='gallery-1' class='gallery galleryid-166098 gallery-columns-3 gallery-size-medium'><figure class='gallery-item'>\n\t\t\t<div class='gallery-icon landscape'>\n\t\t\t\t<a href='https:\/\/www.eldiario.net\/portal\/2023\/07\/17\/efecto-mandarina-promete-mucha-energia-en-la-paz\/efecto-1-principal-2\/'><img loading=\"lazy\" decoding=\"async\" width=\"300\" height=\"200\" src=\"https:\/\/www.eldiario.net\/portal\/wp-content\/uploads\/2023\/07\/efecto-1-PRINCIPAL-scaled-1-300x200.jpg\" class=\"attachment-medium size-medium\" alt=\"\" srcset=\"https:\/\/www.eldiario.net\/portal\/wp-content\/uploads\/2023\/07\/efecto-1-PRINCIPAL-scaled-1-300x200.jpg 300w, https:\/\/www.eldiario.net\/portal\/wp-content\/uploads\/2023\/07\/efecto-1-PRINCIPAL-scaled-1-1024x683.jpg 1024w, https:\/\/www.eldiario.net\/portal\/wp-content\/uploads\/2023\/07\/efecto-1-PRINCIPAL-scaled-1-768x512.jpg 768w, https:\/\/www.eldiario.net\/portal\/wp-content\/uploads\/2023\/07\/efecto-1-PRINCIPAL-scaled-1-1536x1024.jpg 1536w, https:\/\/www.eldiario.net\/portal\/wp-content\/uploads\/2023\/07\/efecto-1-PRINCIPAL-scaled-1-2048x1366.jpg 2048w, https:\/\/www.eldiario.net\/portal\/wp-content\/uploads\/2023\/07\/efecto-1-PRINCIPAL-scaled-1-696x464.jpg 696w, https:\/\/www.eldiario.net\/portal\/wp-content\/uploads\/2023\/07\/efecto-1-PRINCIPAL-scaled-1-1068x712.jpg 1068w, https:\/\/www.eldiario.net\/portal\/wp-content\/uploads\/2023\/07\/efecto-1-PRINCIPAL-scaled-1-1920x1280.jpg 1920w\" sizes=\"auto, (max-width: 300px) 100vw, 300px\" \/><\/a>\n\t\t\t<\/div><\/figure><figure class='gallery-item'>\n\t\t\t<div class='gallery-icon landscape'>\n\t\t\t\t<a href='https:\/\/www.eldiario.net\/portal\/2023\/07\/17\/efecto-mandarina-promete-mucha-energia-en-la-paz\/efecto-2-2\/'><img loading=\"lazy\" decoding=\"async\" width=\"300\" height=\"204\" src=\"https:\/\/www.eldiario.net\/portal\/wp-content\/uploads\/2023\/07\/efecto-2-300x204.jpeg\" class=\"attachment-medium size-medium\" alt=\"\" srcset=\"https:\/\/www.eldiario.net\/portal\/wp-content\/uploads\/2023\/07\/efecto-2-300x204.jpeg 300w, https:\/\/www.eldiario.net\/portal\/wp-content\/uploads\/2023\/07\/efecto-2-768x523.jpeg 768w, https:\/\/www.eldiario.net\/portal\/wp-content\/uploads\/2023\/07\/efecto-2-696x474.jpeg 696w, https:\/\/www.eldiario.net\/portal\/wp-content\/uploads\/2023\/07\/efecto-2.jpeg 840w\" sizes=\"auto, (max-width: 300px) 100vw, 300px\" \/><\/a>\n\t\t\t<\/div><\/figure><figure class='gallery-item'>\n\t\t\t<div class='gallery-icon landscape'>\n\t\t\t\t<a href='https:\/\/www.eldiario.net\/portal\/2023\/07\/17\/efecto-mandarina-promete-mucha-energia-en-la-paz\/efecto-3-2\/'><img loading=\"lazy\" decoding=\"async\" width=\"300\" height=\"225\" src=\"https:\/\/www.eldiario.net\/portal\/wp-content\/uploads\/2023\/07\/efecto-3-scaled-1-300x225.jpg\" class=\"attachment-medium size-medium\" alt=\"\" srcset=\"https:\/\/www.eldiario.net\/portal\/wp-content\/uploads\/2023\/07\/efecto-3-scaled-1-300x225.jpg 300w, https:\/\/www.eldiario.net\/portal\/wp-content\/uploads\/2023\/07\/efecto-3-scaled-1-1024x770.jpg 1024w, https:\/\/www.eldiario.net\/portal\/wp-content\/uploads\/2023\/07\/efecto-3-scaled-1-768x577.jpg 768w, https:\/\/www.eldiario.net\/portal\/wp-content\/uploads\/2023\/07\/efecto-3-scaled-1-1536x1154.jpg 1536w, https:\/\/www.eldiario.net\/portal\/wp-content\/uploads\/2023\/07\/efecto-3-scaled-1-2048x1539.jpg 2048w, https:\/\/www.eldiario.net\/portal\/wp-content\/uploads\/2023\/07\/efecto-3-scaled-1-696x523.jpg 696w, https:\/\/www.eldiario.net\/portal\/wp-content\/uploads\/2023\/07\/efecto-3-scaled-1-1068x803.jpg 1068w, https:\/\/www.eldiario.net\/portal\/wp-content\/uploads\/2023\/07\/efecto-3-scaled-1-1920x1443.jpg 1920w\" sizes=\"auto, (max-width: 300px) 100vw, 300px\" \/><\/a>\n\t\t\t<\/div><\/figure><figure class='gallery-item'>\n\t\t\t<div class='gallery-icon landscape'>\n\t\t\t\t<a href='https:\/\/www.eldiario.net\/portal\/2023\/07\/17\/efecto-mandarina-promete-mucha-energia-en-la-paz\/efecto-4\/'><img loading=\"lazy\" decoding=\"async\" width=\"300\" height=\"203\" src=\"https:\/\/www.eldiario.net\/portal\/wp-content\/uploads\/2023\/07\/efecto-4-scaled-1-300x203.jpg\" class=\"attachment-medium size-medium\" alt=\"\" srcset=\"https:\/\/www.eldiario.net\/portal\/wp-content\/uploads\/2023\/07\/efecto-4-scaled-1-300x203.jpg 300w, https:\/\/www.eldiario.net\/portal\/wp-content\/uploads\/2023\/07\/efecto-4-scaled-1-1024x692.jpg 1024w, https:\/\/www.eldiario.net\/portal\/wp-content\/uploads\/2023\/07\/efecto-4-scaled-1-768x519.jpg 768w, https:\/\/www.eldiario.net\/portal\/wp-content\/uploads\/2023\/07\/efecto-4-scaled-1-1536x1038.jpg 1536w, https:\/\/www.eldiario.net\/portal\/wp-content\/uploads\/2023\/07\/efecto-4-scaled-1-2048x1384.jpg 2048w, https:\/\/www.eldiario.net\/portal\/wp-content\/uploads\/2023\/07\/efecto-4-scaled-1-696x470.jpg 696w, https:\/\/www.eldiario.net\/portal\/wp-content\/uploads\/2023\/07\/efecto-4-scaled-1-1068x722.jpg 1068w, https:\/\/www.eldiario.net\/portal\/wp-content\/uploads\/2023\/07\/efecto-4-scaled-1-1920x1298.jpg 1920w\" sizes=\"auto, (max-width: 300px) 100vw, 300px\" \/><\/a>\n\t\t\t<\/div><\/figure><figure class='gallery-item'>\n\t\t\t<div class='gallery-icon landscape'>\n\t\t\t\t<a href='https:\/\/www.eldiario.net\/portal\/2023\/07\/17\/efecto-mandarina-promete-mucha-energia-en-la-paz\/efecto-5\/'><img loading=\"lazy\" decoding=\"async\" width=\"300\" height=\"200\" src=\"https:\/\/www.eldiario.net\/portal\/wp-content\/uploads\/2023\/07\/efecto-5-scaled-1-300x200.jpg\" class=\"attachment-medium size-medium\" alt=\"\" srcset=\"https:\/\/www.eldiario.net\/portal\/wp-content\/uploads\/2023\/07\/efecto-5-scaled-1-300x200.jpg 300w, https:\/\/www.eldiario.net\/portal\/wp-content\/uploads\/2023\/07\/efecto-5-scaled-1-1024x683.jpg 1024w, https:\/\/www.eldiario.net\/portal\/wp-content\/uploads\/2023\/07\/efecto-5-scaled-1-768x512.jpg 768w, https:\/\/www.eldiario.net\/portal\/wp-content\/uploads\/2023\/07\/efecto-5-scaled-1-1536x1024.jpg 1536w, https:\/\/www.eldiario.net\/portal\/wp-content\/uploads\/2023\/07\/efecto-5-scaled-1-2048x1366.jpg 2048w, https:\/\/www.eldiario.net\/portal\/wp-content\/uploads\/2023\/07\/efecto-5-scaled-1-696x464.jpg 696w, https:\/\/www.eldiario.net\/portal\/wp-content\/uploads\/2023\/07\/efecto-5-scaled-1-1068x712.jpg 1068w, https:\/\/www.eldiario.net\/portal\/wp-content\/uploads\/2023\/07\/efecto-5-scaled-1-1920x1280.jpg 1920w\" sizes=\"auto, (max-width: 300px) 100vw, 300px\" \/><\/a>\n\t\t\t<\/div><\/figure><figure class='gallery-item'>\n\t\t\t<div class='gallery-icon landscape'>\n\t\t\t\t<a href='https:\/\/www.eldiario.net\/portal\/2023\/07\/17\/efecto-mandarina-promete-mucha-energia-en-la-paz\/efecto-6\/'><img loading=\"lazy\" decoding=\"async\" width=\"300\" height=\"234\" src=\"https:\/\/www.eldiario.net\/portal\/wp-content\/uploads\/2023\/07\/efecto-6-scaled-1-300x234.jpeg\" class=\"attachment-medium size-medium\" alt=\"\" srcset=\"https:\/\/www.eldiario.net\/portal\/wp-content\/uploads\/2023\/07\/efecto-6-scaled-1-300x234.jpeg 300w, https:\/\/www.eldiario.net\/portal\/wp-content\/uploads\/2023\/07\/efecto-6-scaled-1-1024x800.jpeg 1024w, https:\/\/www.eldiario.net\/portal\/wp-content\/uploads\/2023\/07\/efecto-6-scaled-1-768x600.jpeg 768w, https:\/\/www.eldiario.net\/portal\/wp-content\/uploads\/2023\/07\/efecto-6-scaled-1-1536x1201.jpeg 1536w, https:\/\/www.eldiario.net\/portal\/wp-content\/uploads\/2023\/07\/efecto-6-scaled-1-2048x1601.jpeg 2048w, https:\/\/www.eldiario.net\/portal\/wp-content\/uploads\/2023\/07\/efecto-6-scaled-1-696x544.jpeg 696w, https:\/\/www.eldiario.net\/portal\/wp-content\/uploads\/2023\/07\/efecto-6-scaled-1-1068x835.jpeg 1068w, https:\/\/www.eldiario.net\/portal\/wp-content\/uploads\/2023\/07\/efecto-6-scaled-1-1920x1501.jpeg 1920w\" sizes=\"auto, (max-width: 300px) 100vw, 300px\" \/><\/a>\n\t\t\t<\/div><\/figure><figure class='gallery-item'>\n\t\t\t<div class='gallery-icon landscape'>\n\t\t\t\t<a href='https:\/\/www.eldiario.net\/portal\/2023\/07\/17\/efecto-mandarina-promete-mucha-energia-en-la-paz\/efecto-7\/'><img loading=\"lazy\" decoding=\"async\" width=\"300\" height=\"171\" src=\"https:\/\/www.eldiario.net\/portal\/wp-content\/uploads\/2023\/07\/efecto-7-300x171.jpeg\" class=\"attachment-medium size-medium\" alt=\"\" srcset=\"https:\/\/www.eldiario.net\/portal\/wp-content\/uploads\/2023\/07\/efecto-7-300x171.jpeg 300w, https:\/\/www.eldiario.net\/portal\/wp-content\/uploads\/2023\/07\/efecto-7-768x438.jpeg 768w, https:\/\/www.eldiario.net\/portal\/wp-content\/uploads\/2023\/07\/efecto-7-696x397.jpeg 696w, https:\/\/www.eldiario.net\/portal\/wp-content\/uploads\/2023\/07\/efecto-7.jpeg 855w\" sizes=\"auto, (max-width: 300px) 100vw, 300px\" \/><\/a>\n\t\t\t<\/div><\/figure>\n\t\t<\/div>\n\n","protected":false},"excerpt":{"rendered":"<p>Efecto Mandarina cerrar\u00e1 con broche de oro en La Paz su exitosa Gira Nacional 2023, en los conciertos que brindar\u00e1 el 21 y 22 de julio, a horas 19:30, en el Teatro Municipal \u201cAlberto Saavedra P\u00e9rez\u201d. \u201cEstamos recargados de mucha energ\u00eda y mandarina para darles los mejores conciertos en La Paz\u201d, coincidieron en afirmar los [&hellip;]<\/p>\n","protected":false},"author":1,"featured_media":166099,"comment_status":"closed","ping_status":"open","sticky":false,"template":"","format":"standard","meta":{"_acf_changed":false,"footnotes":""},"categories":[41],"tags":[],"class_list":["post-166098","post","type-post","status-publish","format-standard","has-post-thumbnail","category-la-guia"],"acf":{"antetitulo":""},"yoast_head":"<!-- This site is optimized with the Yoast SEO plugin v28.4 - https:\/\/yoast.com\/product\/yoast-seo-wordpress\/ -->\n<title>Efecto Mandarina promete mucha energ\u00eda en La Paz - El Diario - Bolivia<\/title>\n<meta name=\"robots\" content=\"index, follow, max-snippet:-1, max-image-preview:large, max-video-preview:-1\" \/>\n<link rel=\"canonical\" href=\"https:\/\/www.eldiario.net\/portal\/2023\/07\/17\/efecto-mandarina-promete-mucha-energia-en-la-paz\/\" \/>\n<meta property=\"og:locale\" content=\"es_ES\" \/>\n<meta property=\"og:type\" content=\"article\" \/>\n<meta property=\"og:title\" content=\"Efecto Mandarina promete mucha energ\u00eda en La Paz - El Diario - Bolivia\" \/>\n<meta property=\"og:description\" content=\"Efecto Mandarina cerrar\u00e1 con broche de oro en La Paz su exitosa Gira Nacional 2023, en los conciertos que brindar\u00e1 el 21 y 22 de julio, a horas 19:30, en el Teatro Municipal \u201cAlberto Saavedra P\u00e9rez\u201d. \u201cEstamos recargados de mucha energ\u00eda y mandarina para darles los mejores conciertos en La Paz\u201d, coincidieron en afirmar los [&hellip;]\" \/>\n<meta property=\"og:url\" content=\"https:\/\/www.eldiario.net\/portal\/2023\/07\/17\/efecto-mandarina-promete-mucha-energia-en-la-paz\/\" \/>\n<meta property=\"og:site_name\" content=\"El Diario - Bolivia\" \/>\n<meta property=\"article:publisher\" content=\"https:\/\/www.facebook.com\/eldiario.bolivia\/\" \/>\n<meta property=\"article:published_time\" content=\"2023-07-17T10:44:06+00:00\" \/>\n<meta property=\"og:image\" content=\"https:\/\/www.eldiario.net\/portal\/wp-content\/uploads\/2023\/07\/efecto-1-PRINCIPAL-scaled-1.jpg\" \/>\n\t<meta property=\"og:image:width\" content=\"2560\" \/>\n\t<meta property=\"og:image:height\" content=\"1707\" \/>\n\t<meta property=\"og:image:type\" content=\"image\/jpeg\" \/>\n<meta name=\"author\" content=\"Jeanette\" \/>\n<meta name=\"twitter:card\" content=\"summary_large_image\" \/>\n<meta name=\"twitter:creator\" content=\"@eldiario_net\" \/>\n<meta name=\"twitter:site\" content=\"@eldiario_net\" \/>\n<meta name=\"twitter:label1\" content=\"Escrito por\" \/>\n\t<meta name=\"twitter:data1\" content=\"Jeanette\" \/>\n\t<meta name=\"twitter:label2\" content=\"Tiempo de lectura\" \/>\n\t<meta name=\"twitter:data2\" content=\"4 minutos\" \/>\n<script type=\"application\/ld+json\" class=\"yoast-schema-graph\">{\"@context\":\"https:\\\/\\\/schema.org\",\"@graph\":[{\"@type\":\"Article\",\"@id\":\"https:\\\/\\\/www.eldiario.net\\\/portal\\\/2023\\\/07\\\/17\\\/efecto-mandarina-promete-mucha-energia-en-la-paz\\\/#article\",\"isPartOf\":{\"@id\":\"https:\\\/\\\/www.eldiario.net\\\/portal\\\/2023\\\/07\\\/17\\\/efecto-mandarina-promete-mucha-energia-en-la-paz\\\/\"},\"author\":{\"name\":\"Jeanette\",\"@id\":\"https:\\\/\\\/www.eldiario.net\\\/portal\\\/#\\\/schema\\\/person\\\/2c57cf2b7a7ae032e449e4c9b1019eac\"},\"headline\":\"Efecto Mandarina promete mucha energ\u00eda en La Paz\",\"datePublished\":\"2023-07-17T10:44:06+00:00\",\"mainEntityOfPage\":{\"@id\":\"https:\\\/\\\/www.eldiario.net\\\/portal\\\/2023\\\/07\\\/17\\\/efecto-mandarina-promete-mucha-energia-en-la-paz\\\/\"},\"wordCount\":938,\"publisher\":{\"@id\":\"https:\\\/\\\/www.eldiario.net\\\/portal\\\/#organization\"},\"image\":{\"@id\":\"https:\\\/\\\/www.eldiario.net\\\/portal\\\/2023\\\/07\\\/17\\\/efecto-mandarina-promete-mucha-energia-en-la-paz\\\/#primaryimage\"},\"thumbnailUrl\":\"https:\\\/\\\/www.eldiario.net\\\/portal\\\/wp-content\\\/uploads\\\/2023\\\/07\\\/efecto-1-PRINCIPAL-scaled-1.jpg\",\"articleSection\":[\"La Gu\u00eda\"],\"inLanguage\":\"es\"},{\"@type\":\"WebPage\",\"@id\":\"https:\\\/\\\/www.eldiario.net\\\/portal\\\/2023\\\/07\\\/17\\\/efecto-mandarina-promete-mucha-energia-en-la-paz\\\/\",\"url\":\"https:\\\/\\\/www.eldiario.net\\\/portal\\\/2023\\\/07\\\/17\\\/efecto-mandarina-promete-mucha-energia-en-la-paz\\\/\",\"name\":\"Efecto Mandarina promete mucha energ\u00eda en La Paz - El Diario - Bolivia\",\"isPartOf\":{\"@id\":\"https:\\\/\\\/www.eldiario.net\\\/portal\\\/#website\"},\"primaryImageOfPage\":{\"@id\":\"https:\\\/\\\/www.eldiario.net\\\/portal\\\/2023\\\/07\\\/17\\\/efecto-mandarina-promete-mucha-energia-en-la-paz\\\/#primaryimage\"},\"image\":{\"@id\":\"https:\\\/\\\/www.eldiario.net\\\/portal\\\/2023\\\/07\\\/17\\\/efecto-mandarina-promete-mucha-energia-en-la-paz\\\/#primaryimage\"},\"thumbnailUrl\":\"https:\\\/\\\/www.eldiario.net\\\/portal\\\/wp-content\\\/uploads\\\/2023\\\/07\\\/efecto-1-PRINCIPAL-scaled-1.jpg\",\"datePublished\":\"2023-07-17T10:44:06+00:00\",\"breadcrumb\":{\"@id\":\"https:\\\/\\\/www.eldiario.net\\\/portal\\\/2023\\\/07\\\/17\\\/efecto-mandarina-promete-mucha-energia-en-la-paz\\\/#breadcrumb\"},\"inLanguage\":\"es\",\"potentialAction\":[{\"@type\":\"ReadAction\",\"target\":[\"https:\\\/\\\/www.eldiario.net\\\/portal\\\/2023\\\/07\\\/17\\\/efecto-mandarina-promete-mucha-energia-en-la-paz\\\/\"]}]},{\"@type\":\"ImageObject\",\"inLanguage\":\"es\",\"@id\":\"https:\\\/\\\/www.eldiario.net\\\/portal\\\/2023\\\/07\\\/17\\\/efecto-mandarina-promete-mucha-energia-en-la-paz\\\/#primaryimage\",\"url\":\"https:\\\/\\\/www.eldiario.net\\\/portal\\\/wp-content\\\/uploads\\\/2023\\\/07\\\/efecto-1-PRINCIPAL-scaled-1.jpg\",\"contentUrl\":\"https:\\\/\\\/www.eldiario.net\\\/portal\\\/wp-content\\\/uploads\\\/2023\\\/07\\\/efecto-1-PRINCIPAL-scaled-1.jpg\",\"width\":2560,\"height\":1707},{\"@type\":\"BreadcrumbList\",\"@id\":\"https:\\\/\\\/www.eldiario.net\\\/portal\\\/2023\\\/07\\\/17\\\/efecto-mandarina-promete-mucha-energia-en-la-paz\\\/#breadcrumb\",\"itemListElement\":[{\"@type\":\"ListItem\",\"position\":1,\"name\":\"Portada\",\"item\":\"https:\\\/\\\/www.eldiario.net\\\/portal\\\/\"},{\"@type\":\"ListItem\",\"position\":2,\"name\":\"Efecto Mandarina promete mucha energ\u00eda en La Paz\"}]},{\"@type\":\"WebSite\",\"@id\":\"https:\\\/\\\/www.eldiario.net\\\/portal\\\/#website\",\"url\":\"https:\\\/\\\/www.eldiario.net\\\/portal\\\/\",\"name\":\"El Diario - Decano de la prensa nacional\",\"description\":\"El Diario - Decano de la prensa nacional\",\"publisher\":{\"@id\":\"https:\\\/\\\/www.eldiario.net\\\/portal\\\/#organization\"},\"potentialAction\":[{\"@type\":\"SearchAction\",\"target\":{\"@type\":\"EntryPoint\",\"urlTemplate\":\"https:\\\/\\\/www.eldiario.net\\\/portal\\\/?s={search_term_string}\"},\"query-input\":{\"@type\":\"PropertyValueSpecification\",\"valueRequired\":true,\"valueName\":\"search_term_string\"}}],\"inLanguage\":\"es\"},{\"@type\":\"Organization\",\"@id\":\"https:\\\/\\\/www.eldiario.net\\\/portal\\\/#organization\",\"name\":\"El Diario - Decano de la prensa nacional\",\"url\":\"https:\\\/\\\/www.eldiario.net\\\/portal\\\/\",\"logo\":{\"@type\":\"ImageObject\",\"inLanguage\":\"es\",\"@id\":\"https:\\\/\\\/www.eldiario.net\\\/portal\\\/#\\\/schema\\\/logo\\\/image\\\/\",\"url\":\"https:\\\/\\\/www.eldiario.net\\\/portal\\\/wp-content\\\/uploads\\\/2023\\\/07\\\/logo_ED.jpg\",\"contentUrl\":\"https:\\\/\\\/www.eldiario.net\\\/portal\\\/wp-content\\\/uploads\\\/2023\\\/07\\\/logo_ED.jpg\",\"width\":272,\"height\":52,\"caption\":\"El Diario - Decano de la prensa nacional\"},\"image\":{\"@id\":\"https:\\\/\\\/www.eldiario.net\\\/portal\\\/#\\\/schema\\\/logo\\\/image\\\/\"},\"sameAs\":[\"https:\\\/\\\/www.facebook.com\\\/eldiario.bolivia\\\/\",\"https:\\\/\\\/x.com\\\/eldiario_net\"]},{\"@type\":\"Person\",\"@id\":\"https:\\\/\\\/www.eldiario.net\\\/portal\\\/#\\\/schema\\\/person\\\/2c57cf2b7a7ae032e449e4c9b1019eac\",\"name\":\"Jeanette\",\"image\":{\"@type\":\"ImageObject\",\"inLanguage\":\"es\",\"@id\":\"https:\\\/\\\/secure.gravatar.com\\\/avatar\\\/3ea2118a5f7dad2b7138b1187a6b7ee55f160b9968b66013c3a3ef39dd7e5798?s=96&d=mm&r=g\",\"url\":\"https:\\\/\\\/secure.gravatar.com\\\/avatar\\\/3ea2118a5f7dad2b7138b1187a6b7ee55f160b9968b66013c3a3ef39dd7e5798?s=96&d=mm&r=g\",\"contentUrl\":\"https:\\\/\\\/secure.gravatar.com\\\/avatar\\\/3ea2118a5f7dad2b7138b1187a6b7ee55f160b9968b66013c3a3ef39dd7e5798?s=96&d=mm&r=g\",\"caption\":\"Jeanette\"},\"sameAs\":[\"https:\\\/\\\/www.eldiario.net\\\/portal\"],\"url\":\"https:\\\/\\\/www.eldiario.net\\\/portal\\\/author\\\/jeanette\\\/\"}]}<\/script>\n<!-- \/ Yoast SEO plugin. -->","yoast_head_json":{"title":"Efecto Mandarina promete mucha energ\u00eda en La Paz - El Diario - Bolivia","robots":{"index":"index","follow":"follow","max-snippet":"max-snippet:-1","max-image-preview":"max-image-preview:large","max-video-preview":"max-video-preview:-1"},"canonical":"https:\/\/www.eldiario.net\/portal\/2023\/07\/17\/efecto-mandarina-promete-mucha-energia-en-la-paz\/","og_locale":"es_ES","og_type":"article","og_title":"Efecto Mandarina promete mucha energ\u00eda en La Paz - El Diario - Bolivia","og_description":"Efecto Mandarina cerrar\u00e1 con broche de oro en La Paz su exitosa Gira Nacional 2023, en los conciertos que brindar\u00e1 el 21 y 22 de julio, a horas 19:30, en el Teatro Municipal \u201cAlberto Saavedra P\u00e9rez\u201d. \u201cEstamos recargados de mucha energ\u00eda y mandarina para darles los mejores conciertos en La Paz\u201d, coincidieron en afirmar los [&hellip;]","og_url":"https:\/\/www.eldiario.net\/portal\/2023\/07\/17\/efecto-mandarina-promete-mucha-energia-en-la-paz\/","og_site_name":"El Diario - Bolivia","article_publisher":"https:\/\/www.facebook.com\/eldiario.bolivia\/","article_published_time":"2023-07-17T10:44:06+00:00","og_image":[{"width":2560,"height":1707,"url":"https:\/\/www.eldiario.net\/portal\/wp-content\/uploads\/2023\/07\/efecto-1-PRINCIPAL-scaled-1.jpg","type":"image\/jpeg"}],"author":"Jeanette","twitter_card":"summary_large_image","twitter_creator":"@eldiario_net","twitter_site":"@eldiario_net","twitter_misc":{"Escrito por":"Jeanette","Tiempo de lectura":"4 minutos"},"schema":{"@context":"https:\/\/schema.org","@graph":[{"@type":"Article","@id":"https:\/\/www.eldiario.net\/portal\/2023\/07\/17\/efecto-mandarina-promete-mucha-energia-en-la-paz\/#article","isPartOf":{"@id":"https:\/\/www.eldiario.net\/portal\/2023\/07\/17\/efecto-mandarina-promete-mucha-energia-en-la-paz\/"},"author":{"name":"Jeanette","@id":"https:\/\/www.eldiario.net\/portal\/#\/schema\/person\/2c57cf2b7a7ae032e449e4c9b1019eac"},"headline":"Efecto Mandarina promete mucha energ\u00eda en La Paz","datePublished":"2023-07-17T10:44:06+00:00","mainEntityOfPage":{"@id":"https:\/\/www.eldiario.net\/portal\/2023\/07\/17\/efecto-mandarina-promete-mucha-energia-en-la-paz\/"},"wordCount":938,"publisher":{"@id":"https:\/\/www.eldiario.net\/portal\/#organization"},"image":{"@id":"https:\/\/www.eldiario.net\/portal\/2023\/07\/17\/efecto-mandarina-promete-mucha-energia-en-la-paz\/#primaryimage"},"thumbnailUrl":"https:\/\/www.eldiario.net\/portal\/wp-content\/uploads\/2023\/07\/efecto-1-PRINCIPAL-scaled-1.jpg","articleSection":["La Gu\u00eda"],"inLanguage":"es"},{"@type":"WebPage","@id":"https:\/\/www.eldiario.net\/portal\/2023\/07\/17\/efecto-mandarina-promete-mucha-energia-en-la-paz\/","url":"https:\/\/www.eldiario.net\/portal\/2023\/07\/17\/efecto-mandarina-promete-mucha-energia-en-la-paz\/","name":"Efecto Mandarina promete mucha energ\u00eda en La Paz - El Diario - Bolivia","isPartOf":{"@id":"https:\/\/www.eldiario.net\/portal\/#website"},"primaryImageOfPage":{"@id":"https:\/\/www.eldiario.net\/portal\/2023\/07\/17\/efecto-mandarina-promete-mucha-energia-en-la-paz\/#primaryimage"},"image":{"@id":"https:\/\/www.eldiario.net\/portal\/2023\/07\/17\/efecto-mandarina-promete-mucha-energia-en-la-paz\/#primaryimage"},"thumbnailUrl":"https:\/\/www.eldiario.net\/portal\/wp-content\/uploads\/2023\/07\/efecto-1-PRINCIPAL-scaled-1.jpg","datePublished":"2023-07-17T10:44:06+00:00","breadcrumb":{"@id":"https:\/\/www.eldiario.net\/portal\/2023\/07\/17\/efecto-mandarina-promete-mucha-energia-en-la-paz\/#breadcrumb"},"inLanguage":"es","potentialAction":[{"@type":"ReadAction","target":["https:\/\/www.eldiario.net\/portal\/2023\/07\/17\/efecto-mandarina-promete-mucha-energia-en-la-paz\/"]}]},{"@type":"ImageObject","inLanguage":"es","@id":"https:\/\/www.eldiario.net\/portal\/2023\/07\/17\/efecto-mandarina-promete-mucha-energia-en-la-paz\/#primaryimage","url":"https:\/\/www.eldiario.net\/portal\/wp-content\/uploads\/2023\/07\/efecto-1-PRINCIPAL-scaled-1.jpg","contentUrl":"https:\/\/www.eldiario.net\/portal\/wp-content\/uploads\/2023\/07\/efecto-1-PRINCIPAL-scaled-1.jpg","width":2560,"height":1707},{"@type":"BreadcrumbList","@id":"https:\/\/www.eldiario.net\/portal\/2023\/07\/17\/efecto-mandarina-promete-mucha-energia-en-la-paz\/#breadcrumb","itemListElement":[{"@type":"ListItem","position":1,"name":"Portada","item":"https:\/\/www.eldiario.net\/portal\/"},{"@type":"ListItem","position":2,"name":"Efecto Mandarina promete mucha energ\u00eda en La Paz"}]},{"@type":"WebSite","@id":"https:\/\/www.eldiario.net\/portal\/#website","url":"https:\/\/www.eldiario.net\/portal\/","name":"El Diario - Decano de la prensa nacional","description":"El Diario - Decano de la prensa nacional","publisher":{"@id":"https:\/\/www.eldiario.net\/portal\/#organization"},"potentialAction":[{"@type":"SearchAction","target":{"@type":"EntryPoint","urlTemplate":"https:\/\/www.eldiario.net\/portal\/?s={search_term_string}"},"query-input":{"@type":"PropertyValueSpecification","valueRequired":true,"valueName":"search_term_string"}}],"inLanguage":"es"},{"@type":"Organization","@id":"https:\/\/www.eldiario.net\/portal\/#organization","name":"El Diario - Decano de la prensa nacional","url":"https:\/\/www.eldiario.net\/portal\/","logo":{"@type":"ImageObject","inLanguage":"es","@id":"https:\/\/www.eldiario.net\/portal\/#\/schema\/logo\/image\/","url":"https:\/\/www.eldiario.net\/portal\/wp-content\/uploads\/2023\/07\/logo_ED.jpg","contentUrl":"https:\/\/www.eldiario.net\/portal\/wp-content\/uploads\/2023\/07\/logo_ED.jpg","width":272,"height":52,"caption":"El Diario - Decano de la prensa nacional"},"image":{"@id":"https:\/\/www.eldiario.net\/portal\/#\/schema\/logo\/image\/"},"sameAs":["https:\/\/www.facebook.com\/eldiario.bolivia\/","https:\/\/x.com\/eldiario_net"]},{"@type":"Person","@id":"https:\/\/www.eldiario.net\/portal\/#\/schema\/person\/2c57cf2b7a7ae032e449e4c9b1019eac","name":"Jeanette","image":{"@type":"ImageObject","inLanguage":"es","@id":"https:\/\/secure.gravatar.com\/avatar\/3ea2118a5f7dad2b7138b1187a6b7ee55f160b9968b66013c3a3ef39dd7e5798?s=96&d=mm&r=g","url":"https:\/\/secure.gravatar.com\/avatar\/3ea2118a5f7dad2b7138b1187a6b7ee55f160b9968b66013c3a3ef39dd7e5798?s=96&d=mm&r=g","contentUrl":"https:\/\/secure.gravatar.com\/avatar\/3ea2118a5f7dad2b7138b1187a6b7ee55f160b9968b66013c3a3ef39dd7e5798?s=96&d=mm&r=g","caption":"Jeanette"},"sameAs":["https:\/\/www.eldiario.net\/portal"],"url":"https:\/\/www.eldiario.net\/portal\/author\/jeanette\/"}]}},"_links":{"self":[{"href":"https:\/\/www.eldiario.net\/portal\/wp-json\/wp\/v2\/posts\/166098","targetHints":{"allow":["GET"]}}],"collection":[{"href":"https:\/\/www.eldiario.net\/portal\/wp-json\/wp\/v2\/posts"}],"about":[{"href":"https:\/\/www.eldiario.net\/portal\/wp-json\/wp\/v2\/types\/post"}],"author":[{"embeddable":true,"href":"https:\/\/www.eldiario.net\/portal\/wp-json\/wp\/v2\/users\/1"}],"replies":[{"embeddable":true,"href":"https:\/\/www.eldiario.net\/portal\/wp-json\/wp\/v2\/comments?post=166098"}],"version-history":[{"count":0,"href":"https:\/\/www.eldiario.net\/portal\/wp-json\/wp\/v2\/posts\/166098\/revisions"}],"wp:featuredmedia":[{"embeddable":true,"href":"https:\/\/www.eldiario.net\/portal\/wp-json\/wp\/v2\/media\/166099"}],"wp:attachment":[{"href":"https:\/\/www.eldiario.net\/portal\/wp-json\/wp\/v2\/media?parent=166098"}],"wp:term":[{"taxonomy":"category","embeddable":true,"href":"https:\/\/www.eldiario.net\/portal\/wp-json\/wp\/v2\/categories?post=166098"},{"taxonomy":"post_tag","embeddable":true,"href":"https:\/\/www.eldiario.net\/portal\/wp-json\/wp\/v2\/tags?post=166098"}],"curies":[{"name":"wp","href":"https:\/\/api.w.org\/{rel}","templated":true}]}}