{"id":165901,"date":"2023-07-17T05:31:47","date_gmt":"2023-07-17T09:31:47","guid":{"rendered":"https:\/\/www.eldiario.net\/portal\/?p=165901"},"modified":"2023-07-17T05:31:47","modified_gmt":"2023-07-17T09:31:47","slug":"lanzaran-concurso-internacional-para-distribuidor-de-ceja-de-el-alto","status":"publish","type":"post","link":"https:\/\/www.eldiario.net\/portal\/2023\/07\/17\/lanzaran-concurso-internacional-para-distribuidor-de-ceja-de-el-alto\/","title":{"rendered":"Lanzar\u00e1n concurso internacional para distribuidor de Ceja de El Alto"},"content":{"rendered":"<p>El Gobierno lanzar\u00e1 en los pr\u00f3ximos meses un concurso internacional para dise\u00f1ar y ejecutar un distribuidor en la Ceja de El Alto, como parte del compromiso con el desarrollo de la infraestructura vial en el departamento de La Paz, inform\u00f3 el ministro de Planificaci\u00f3n del Desarrollo, Sergio Cusicanqui.<br \/>\nEl prop\u00f3sito es lograr una soluci\u00f3n integral a la vialidad de veh\u00edculos y peatones, y consolidar el punto de uni\u00f3n metropolitana entre las ciudades de La Paz y El Alto.<br \/>\n\u00abBuscamos encontrar una soluci\u00f3n definitiva, en t\u00e9rminos de vialidad, tanto para veh\u00edculos y la poblaci\u00f3n que transita por la Ceja de El Alto\u00bb, dijo el ministro en entrevista con Bolivia Tv.<br \/>\nLa soluci\u00f3n de vialidad en la Ceja, acot\u00f3, no solamente debe involucrar a los veh\u00edculos, sino a toda la poblaci\u00f3n que circula por ese sector.<br \/>\nLa Ceja alte\u00f1a concentra una mayor cantidad de comerciantes, peatones y veh\u00edculos, sin un orden respectivo.<br \/>\n\u00abPara eso se pretende lanzar ese concurso internacional, para que a partir de las propuestas se pueda encontrar una soluci\u00f3n definitiva e integral a todo el problema de vialidad de que se tiene en la ciudad de El Alto\u00bb, apunt\u00f3.<br \/>\nEn los \u00faltimos a\u00f1os fueron apareciendo ciertas ideas para despejar la Ceja, principalmente dirigido al tr\u00e1fico vehicular, pero lo que se debe prever es buscar y tener una soluci\u00f3n integral para mejorar las condiciones de vida y transitabilidad de la poblaci\u00f3n alte\u00f1a.<br \/>\n\u00abEn los pr\u00f3ximos meses vamos a lanzar ese concurso internacional que nos permitir\u00e1 orientarnos y mostrarnos una soluci\u00f3n integral al congestionamiento en la Ceja alte\u00f1a\u00bb, reiter\u00f3 Cusicanqui.<br \/>\nEl concurso estar\u00e1 acorde a experiencias internacionales y de grandes ciudades del mundo, que experimentaron ese problema de congestionamiento. (ABI).<\/p>\n","protected":false},"excerpt":{"rendered":"<p>El Gobierno lanzar\u00e1 en los pr\u00f3ximos meses un concurso internacional para dise\u00f1ar y ejecutar un distribuidor en la Ceja de El Alto, como parte del compromiso con el desarrollo de la infraestructura vial en el departamento de La Paz, inform\u00f3 el ministro de Planificaci\u00f3n del Desarrollo, Sergio Cusicanqui. El prop\u00f3sito es lograr una soluci\u00f3n integral [&hellip;]<\/p>\n","protected":false},"author":1,"featured_media":165902,"comment_status":"closed","ping_status":"open","sticky":false,"template":"","format":"standard","meta":{"_acf_changed":false,"footnotes":""},"categories":[12],"tags":[],"class_list":["post-165901","post","type-post","status-publish","format-standard","has-post-thumbnail","category-nacional"],"acf":{"antetitulo":""},"yoast_head":"<!-- This site is optimized with the Yoast SEO plugin v28.4 - https:\/\/yoast.com\/product\/yoast-seo-wordpress\/ -->\n<title>Lanzar\u00e1n concurso internacional para distribuidor de Ceja de El Alto - El Diario - Bolivia<\/title>\n<meta name=\"robots\" content=\"index, follow, max-snippet:-1, max-image-preview:large, max-video-preview:-1\" \/>\n<link rel=\"canonical\" href=\"https:\/\/www.eldiario.net\/portal\/2023\/07\/17\/lanzaran-concurso-internacional-para-distribuidor-de-ceja-de-el-alto\/\" \/>\n<meta property=\"og:locale\" content=\"es_ES\" \/>\n<meta property=\"og:type\" content=\"article\" \/>\n<meta property=\"og:title\" content=\"Lanzar\u00e1n concurso internacional para distribuidor de Ceja de El Alto - El Diario - Bolivia\" \/>\n<meta property=\"og:description\" content=\"El Gobierno lanzar\u00e1 en los pr\u00f3ximos meses un concurso internacional para dise\u00f1ar y ejecutar un distribuidor en la Ceja de El Alto, como parte del compromiso con el desarrollo de la infraestructura vial en el departamento de La Paz, inform\u00f3 el ministro de Planificaci\u00f3n del Desarrollo, Sergio Cusicanqui. El prop\u00f3sito es lograr una soluci\u00f3n integral [&hellip;]\" \/>\n<meta property=\"og:url\" content=\"https:\/\/www.eldiario.net\/portal\/2023\/07\/17\/lanzaran-concurso-internacional-para-distribuidor-de-ceja-de-el-alto\/\" \/>\n<meta property=\"og:site_name\" content=\"El Diario - Bolivia\" \/>\n<meta property=\"article:publisher\" content=\"https:\/\/www.facebook.com\/eldiario.bolivia\/\" \/>\n<meta property=\"article:published_time\" content=\"2023-07-17T09:31:47+00:00\" \/>\n<meta property=\"og:image\" content=\"https:\/\/www.eldiario.net\/portal\/wp-content\/uploads\/2023\/07\/ceja.jpg\" \/>\n\t<meta property=\"og:image:width\" content=\"1500\" \/>\n\t<meta property=\"og:image:height\" content=\"1000\" \/>\n\t<meta property=\"og:image:type\" content=\"image\/jpeg\" \/>\n<meta name=\"author\" content=\"Jeanette\" \/>\n<meta name=\"twitter:card\" content=\"summary_large_image\" \/>\n<meta name=\"twitter:creator\" content=\"@eldiario_net\" \/>\n<meta name=\"twitter:site\" content=\"@eldiario_net\" \/>\n<meta name=\"twitter:label1\" content=\"Escrito por\" \/>\n\t<meta name=\"twitter:data1\" content=\"Jeanette\" \/>\n\t<meta name=\"twitter:label2\" content=\"Tiempo de lectura\" \/>\n\t<meta name=\"twitter:data2\" content=\"2 minutos\" \/>\n<script type=\"application\/ld+json\" class=\"yoast-schema-graph\">{\"@context\":\"https:\\\/\\\/schema.org\",\"@graph\":[{\"@type\":\"Article\",\"@id\":\"https:\\\/\\\/www.eldiario.net\\\/portal\\\/2023\\\/07\\\/17\\\/lanzaran-concurso-internacional-para-distribuidor-de-ceja-de-el-alto\\\/#article\",\"isPartOf\":{\"@id\":\"https:\\\/\\\/www.eldiario.net\\\/portal\\\/2023\\\/07\\\/17\\\/lanzaran-concurso-internacional-para-distribuidor-de-ceja-de-el-alto\\\/\"},\"author\":{\"name\":\"Jeanette\",\"@id\":\"https:\\\/\\\/www.eldiario.net\\\/portal\\\/#\\\/schema\\\/person\\\/f46445640444750d7d753ccd04ae01b7\"},\"headline\":\"Lanzar\u00e1n concurso internacional para distribuidor de Ceja de El Alto\",\"datePublished\":\"2023-07-17T09:31:47+00:00\",\"mainEntityOfPage\":{\"@id\":\"https:\\\/\\\/www.eldiario.net\\\/portal\\\/2023\\\/07\\\/17\\\/lanzaran-concurso-internacional-para-distribuidor-de-ceja-de-el-alto\\\/\"},\"wordCount\":315,\"publisher\":{\"@id\":\"https:\\\/\\\/www.eldiario.net\\\/portal\\\/#organization\"},\"image\":{\"@id\":\"https:\\\/\\\/www.eldiario.net\\\/portal\\\/2023\\\/07\\\/17\\\/lanzaran-concurso-internacional-para-distribuidor-de-ceja-de-el-alto\\\/#primaryimage\"},\"thumbnailUrl\":\"https:\\\/\\\/www.eldiario.net\\\/portal\\\/wp-content\\\/uploads\\\/2023\\\/07\\\/ceja.jpg\",\"articleSection\":[\"Nacional\"],\"inLanguage\":\"es\"},{\"@type\":\"WebPage\",\"@id\":\"https:\\\/\\\/www.eldiario.net\\\/portal\\\/2023\\\/07\\\/17\\\/lanzaran-concurso-internacional-para-distribuidor-de-ceja-de-el-alto\\\/\",\"url\":\"https:\\\/\\\/www.eldiario.net\\\/portal\\\/2023\\\/07\\\/17\\\/lanzaran-concurso-internacional-para-distribuidor-de-ceja-de-el-alto\\\/\",\"name\":\"Lanzar\u00e1n concurso internacional para distribuidor de Ceja de El Alto - El Diario - Bolivia\",\"isPartOf\":{\"@id\":\"https:\\\/\\\/www.eldiario.net\\\/portal\\\/#website\"},\"primaryImageOfPage\":{\"@id\":\"https:\\\/\\\/www.eldiario.net\\\/portal\\\/2023\\\/07\\\/17\\\/lanzaran-concurso-internacional-para-distribuidor-de-ceja-de-el-alto\\\/#primaryimage\"},\"image\":{\"@id\":\"https:\\\/\\\/www.eldiario.net\\\/portal\\\/2023\\\/07\\\/17\\\/lanzaran-concurso-internacional-para-distribuidor-de-ceja-de-el-alto\\\/#primaryimage\"},\"thumbnailUrl\":\"https:\\\/\\\/www.eldiario.net\\\/portal\\\/wp-content\\\/uploads\\\/2023\\\/07\\\/ceja.jpg\",\"datePublished\":\"2023-07-17T09:31:47+00:00\",\"breadcrumb\":{\"@id\":\"https:\\\/\\\/www.eldiario.net\\\/portal\\\/2023\\\/07\\\/17\\\/lanzaran-concurso-internacional-para-distribuidor-de-ceja-de-el-alto\\\/#breadcrumb\"},\"inLanguage\":\"es\",\"potentialAction\":[{\"@type\":\"ReadAction\",\"target\":[\"https:\\\/\\\/www.eldiario.net\\\/portal\\\/2023\\\/07\\\/17\\\/lanzaran-concurso-internacional-para-distribuidor-de-ceja-de-el-alto\\\/\"]}]},{\"@type\":\"ImageObject\",\"inLanguage\":\"es\",\"@id\":\"https:\\\/\\\/www.eldiario.net\\\/portal\\\/2023\\\/07\\\/17\\\/lanzaran-concurso-internacional-para-distribuidor-de-ceja-de-el-alto\\\/#primaryimage\",\"url\":\"https:\\\/\\\/www.eldiario.net\\\/portal\\\/wp-content\\\/uploads\\\/2023\\\/07\\\/ceja.jpg\",\"contentUrl\":\"https:\\\/\\\/www.eldiario.net\\\/portal\\\/wp-content\\\/uploads\\\/2023\\\/07\\\/ceja.jpg\",\"width\":1500,\"height\":1000,\"caption\":\"Ministro de Planificaci\u00f3n del Desarrollo, Sergio Cusicanqui.\"},{\"@type\":\"BreadcrumbList\",\"@id\":\"https:\\\/\\\/www.eldiario.net\\\/portal\\\/2023\\\/07\\\/17\\\/lanzaran-concurso-internacional-para-distribuidor-de-ceja-de-el-alto\\\/#breadcrumb\",\"itemListElement\":[{\"@type\":\"ListItem\",\"position\":1,\"name\":\"Portada\",\"item\":\"https:\\\/\\\/www.eldiario.net\\\/portal\\\/\"},{\"@type\":\"ListItem\",\"position\":2,\"name\":\"Lanzar\u00e1n concurso internacional para distribuidor de Ceja de El Alto\"}]},{\"@type\":\"WebSite\",\"@id\":\"https:\\\/\\\/www.eldiario.net\\\/portal\\\/#website\",\"url\":\"https:\\\/\\\/www.eldiario.net\\\/portal\\\/\",\"name\":\"El Diario - Decano de la prensa nacional\",\"description\":\"El Diario - Decano de la prensa nacional\",\"publisher\":{\"@id\":\"https:\\\/\\\/www.eldiario.net\\\/portal\\\/#organization\"},\"potentialAction\":[{\"@type\":\"SearchAction\",\"target\":{\"@type\":\"EntryPoint\",\"urlTemplate\":\"https:\\\/\\\/www.eldiario.net\\\/portal\\\/?s={search_term_string}\"},\"query-input\":{\"@type\":\"PropertyValueSpecification\",\"valueRequired\":true,\"valueName\":\"search_term_string\"}}],\"inLanguage\":\"es\"},{\"@type\":\"Organization\",\"@id\":\"https:\\\/\\\/www.eldiario.net\\\/portal\\\/#organization\",\"name\":\"El Diario - Decano de la prensa nacional\",\"url\":\"https:\\\/\\\/www.eldiario.net\\\/portal\\\/\",\"logo\":{\"@type\":\"ImageObject\",\"inLanguage\":\"es\",\"@id\":\"https:\\\/\\\/www.eldiario.net\\\/portal\\\/#\\\/schema\\\/logo\\\/image\\\/\",\"url\":\"https:\\\/\\\/www.eldiario.net\\\/portal\\\/wp-content\\\/uploads\\\/2023\\\/07\\\/logo_ED.jpg\",\"contentUrl\":\"https:\\\/\\\/www.eldiario.net\\\/portal\\\/wp-content\\\/uploads\\\/2023\\\/07\\\/logo_ED.jpg\",\"width\":272,\"height\":52,\"caption\":\"El Diario - Decano de la prensa nacional\"},\"image\":{\"@id\":\"https:\\\/\\\/www.eldiario.net\\\/portal\\\/#\\\/schema\\\/logo\\\/image\\\/\"},\"sameAs\":[\"https:\\\/\\\/www.facebook.com\\\/eldiario.bolivia\\\/\",\"https:\\\/\\\/x.com\\\/eldiario_net\"]},{\"@type\":\"Person\",\"@id\":\"https:\\\/\\\/www.eldiario.net\\\/portal\\\/#\\\/schema\\\/person\\\/f46445640444750d7d753ccd04ae01b7\",\"name\":\"Jeanette\",\"image\":{\"@type\":\"ImageObject\",\"inLanguage\":\"es\",\"@id\":\"https:\\\/\\\/secure.gravatar.com\\\/avatar\\\/3ea2118a5f7dad2b7138b1187a6b7ee55f160b9968b66013c3a3ef39dd7e5798?s=96&d=mm&r=g\",\"url\":\"https:\\\/\\\/secure.gravatar.com\\\/avatar\\\/3ea2118a5f7dad2b7138b1187a6b7ee55f160b9968b66013c3a3ef39dd7e5798?s=96&d=mm&r=g\",\"contentUrl\":\"https:\\\/\\\/secure.gravatar.com\\\/avatar\\\/3ea2118a5f7dad2b7138b1187a6b7ee55f160b9968b66013c3a3ef39dd7e5798?s=96&d=mm&r=g\",\"caption\":\"Jeanette\"},\"sameAs\":[\"https:\\\/\\\/www.eldiario.net\\\/portal\"],\"url\":\"https:\\\/\\\/www.eldiario.net\\\/portal\\\/author\\\/jeanette\\\/\"}]}<\/script>\n<!-- \/ Yoast SEO plugin. -->","yoast_head_json":{"title":"Lanzar\u00e1n concurso internacional para distribuidor de Ceja de El Alto - El Diario - Bolivia","robots":{"index":"index","follow":"follow","max-snippet":"max-snippet:-1","max-image-preview":"max-image-preview:large","max-video-preview":"max-video-preview:-1"},"canonical":"https:\/\/www.eldiario.net\/portal\/2023\/07\/17\/lanzaran-concurso-internacional-para-distribuidor-de-ceja-de-el-alto\/","og_locale":"es_ES","og_type":"article","og_title":"Lanzar\u00e1n concurso internacional para distribuidor de Ceja de El Alto - El Diario - Bolivia","og_description":"El Gobierno lanzar\u00e1 en los pr\u00f3ximos meses un concurso internacional para dise\u00f1ar y ejecutar un distribuidor en la Ceja de El Alto, como parte del compromiso con el desarrollo de la infraestructura vial en el departamento de La Paz, inform\u00f3 el ministro de Planificaci\u00f3n del Desarrollo, Sergio Cusicanqui. El prop\u00f3sito es lograr una soluci\u00f3n integral [&hellip;]","og_url":"https:\/\/www.eldiario.net\/portal\/2023\/07\/17\/lanzaran-concurso-internacional-para-distribuidor-de-ceja-de-el-alto\/","og_site_name":"El Diario - Bolivia","article_publisher":"https:\/\/www.facebook.com\/eldiario.bolivia\/","article_published_time":"2023-07-17T09:31:47+00:00","og_image":[{"width":1500,"height":1000,"url":"https:\/\/www.eldiario.net\/portal\/wp-content\/uploads\/2023\/07\/ceja.jpg","type":"image\/jpeg"}],"author":"Jeanette","twitter_card":"summary_large_image","twitter_creator":"@eldiario_net","twitter_site":"@eldiario_net","twitter_misc":{"Escrito por":"Jeanette","Tiempo de lectura":"2 minutos"},"schema":{"@context":"https:\/\/schema.org","@graph":[{"@type":"Article","@id":"https:\/\/www.eldiario.net\/portal\/2023\/07\/17\/lanzaran-concurso-internacional-para-distribuidor-de-ceja-de-el-alto\/#article","isPartOf":{"@id":"https:\/\/www.eldiario.net\/portal\/2023\/07\/17\/lanzaran-concurso-internacional-para-distribuidor-de-ceja-de-el-alto\/"},"author":{"name":"Jeanette","@id":"https:\/\/www.eldiario.net\/portal\/#\/schema\/person\/f46445640444750d7d753ccd04ae01b7"},"headline":"Lanzar\u00e1n concurso internacional para distribuidor de Ceja de El Alto","datePublished":"2023-07-17T09:31:47+00:00","mainEntityOfPage":{"@id":"https:\/\/www.eldiario.net\/portal\/2023\/07\/17\/lanzaran-concurso-internacional-para-distribuidor-de-ceja-de-el-alto\/"},"wordCount":315,"publisher":{"@id":"https:\/\/www.eldiario.net\/portal\/#organization"},"image":{"@id":"https:\/\/www.eldiario.net\/portal\/2023\/07\/17\/lanzaran-concurso-internacional-para-distribuidor-de-ceja-de-el-alto\/#primaryimage"},"thumbnailUrl":"https:\/\/www.eldiario.net\/portal\/wp-content\/uploads\/2023\/07\/ceja.jpg","articleSection":["Nacional"],"inLanguage":"es"},{"@type":"WebPage","@id":"https:\/\/www.eldiario.net\/portal\/2023\/07\/17\/lanzaran-concurso-internacional-para-distribuidor-de-ceja-de-el-alto\/","url":"https:\/\/www.eldiario.net\/portal\/2023\/07\/17\/lanzaran-concurso-internacional-para-distribuidor-de-ceja-de-el-alto\/","name":"Lanzar\u00e1n concurso internacional para distribuidor de Ceja de El Alto - El Diario - Bolivia","isPartOf":{"@id":"https:\/\/www.eldiario.net\/portal\/#website"},"primaryImageOfPage":{"@id":"https:\/\/www.eldiario.net\/portal\/2023\/07\/17\/lanzaran-concurso-internacional-para-distribuidor-de-ceja-de-el-alto\/#primaryimage"},"image":{"@id":"https:\/\/www.eldiario.net\/portal\/2023\/07\/17\/lanzaran-concurso-internacional-para-distribuidor-de-ceja-de-el-alto\/#primaryimage"},"thumbnailUrl":"https:\/\/www.eldiario.net\/portal\/wp-content\/uploads\/2023\/07\/ceja.jpg","datePublished":"2023-07-17T09:31:47+00:00","breadcrumb":{"@id":"https:\/\/www.eldiario.net\/portal\/2023\/07\/17\/lanzaran-concurso-internacional-para-distribuidor-de-ceja-de-el-alto\/#breadcrumb"},"inLanguage":"es","potentialAction":[{"@type":"ReadAction","target":["https:\/\/www.eldiario.net\/portal\/2023\/07\/17\/lanzaran-concurso-internacional-para-distribuidor-de-ceja-de-el-alto\/"]}]},{"@type":"ImageObject","inLanguage":"es","@id":"https:\/\/www.eldiario.net\/portal\/2023\/07\/17\/lanzaran-concurso-internacional-para-distribuidor-de-ceja-de-el-alto\/#primaryimage","url":"https:\/\/www.eldiario.net\/portal\/wp-content\/uploads\/2023\/07\/ceja.jpg","contentUrl":"https:\/\/www.eldiario.net\/portal\/wp-content\/uploads\/2023\/07\/ceja.jpg","width":1500,"height":1000,"caption":"Ministro de Planificaci\u00f3n del Desarrollo, Sergio Cusicanqui."},{"@type":"BreadcrumbList","@id":"https:\/\/www.eldiario.net\/portal\/2023\/07\/17\/lanzaran-concurso-internacional-para-distribuidor-de-ceja-de-el-alto\/#breadcrumb","itemListElement":[{"@type":"ListItem","position":1,"name":"Portada","item":"https:\/\/www.eldiario.net\/portal\/"},{"@type":"ListItem","position":2,"name":"Lanzar\u00e1n concurso internacional para distribuidor de Ceja de El Alto"}]},{"@type":"WebSite","@id":"https:\/\/www.eldiario.net\/portal\/#website","url":"https:\/\/www.eldiario.net\/portal\/","name":"El Diario - Decano de la prensa nacional","description":"El Diario - Decano de la prensa nacional","publisher":{"@id":"https:\/\/www.eldiario.net\/portal\/#organization"},"potentialAction":[{"@type":"SearchAction","target":{"@type":"EntryPoint","urlTemplate":"https:\/\/www.eldiario.net\/portal\/?s={search_term_string}"},"query-input":{"@type":"PropertyValueSpecification","valueRequired":true,"valueName":"search_term_string"}}],"inLanguage":"es"},{"@type":"Organization","@id":"https:\/\/www.eldiario.net\/portal\/#organization","name":"El Diario - Decano de la prensa nacional","url":"https:\/\/www.eldiario.net\/portal\/","logo":{"@type":"ImageObject","inLanguage":"es","@id":"https:\/\/www.eldiario.net\/portal\/#\/schema\/logo\/image\/","url":"https:\/\/www.eldiario.net\/portal\/wp-content\/uploads\/2023\/07\/logo_ED.jpg","contentUrl":"https:\/\/www.eldiario.net\/portal\/wp-content\/uploads\/2023\/07\/logo_ED.jpg","width":272,"height":52,"caption":"El Diario - Decano de la prensa nacional"},"image":{"@id":"https:\/\/www.eldiario.net\/portal\/#\/schema\/logo\/image\/"},"sameAs":["https:\/\/www.facebook.com\/eldiario.bolivia\/","https:\/\/x.com\/eldiario_net"]},{"@type":"Person","@id":"https:\/\/www.eldiario.net\/portal\/#\/schema\/person\/f46445640444750d7d753ccd04ae01b7","name":"Jeanette","image":{"@type":"ImageObject","inLanguage":"es","@id":"https:\/\/secure.gravatar.com\/avatar\/3ea2118a5f7dad2b7138b1187a6b7ee55f160b9968b66013c3a3ef39dd7e5798?s=96&d=mm&r=g","url":"https:\/\/secure.gravatar.com\/avatar\/3ea2118a5f7dad2b7138b1187a6b7ee55f160b9968b66013c3a3ef39dd7e5798?s=96&d=mm&r=g","contentUrl":"https:\/\/secure.gravatar.com\/avatar\/3ea2118a5f7dad2b7138b1187a6b7ee55f160b9968b66013c3a3ef39dd7e5798?s=96&d=mm&r=g","caption":"Jeanette"},"sameAs":["https:\/\/www.eldiario.net\/portal"],"url":"https:\/\/www.eldiario.net\/portal\/author\/jeanette\/"}]}},"_links":{"self":[{"href":"https:\/\/www.eldiario.net\/portal\/wp-json\/wp\/v2\/posts\/165901","targetHints":{"allow":["GET"]}}],"collection":[{"href":"https:\/\/www.eldiario.net\/portal\/wp-json\/wp\/v2\/posts"}],"about":[{"href":"https:\/\/www.eldiario.net\/portal\/wp-json\/wp\/v2\/types\/post"}],"author":[{"embeddable":true,"href":"https:\/\/www.eldiario.net\/portal\/wp-json\/wp\/v2\/users\/1"}],"replies":[{"embeddable":true,"href":"https:\/\/www.eldiario.net\/portal\/wp-json\/wp\/v2\/comments?post=165901"}],"version-history":[{"count":0,"href":"https:\/\/www.eldiario.net\/portal\/wp-json\/wp\/v2\/posts\/165901\/revisions"}],"wp:featuredmedia":[{"embeddable":true,"href":"https:\/\/www.eldiario.net\/portal\/wp-json\/wp\/v2\/media\/165902"}],"wp:attachment":[{"href":"https:\/\/www.eldiario.net\/portal\/wp-json\/wp\/v2\/media?parent=165901"}],"wp:term":[{"taxonomy":"category","embeddable":true,"href":"https:\/\/www.eldiario.net\/portal\/wp-json\/wp\/v2\/categories?post=165901"},{"taxonomy":"post_tag","embeddable":true,"href":"https:\/\/www.eldiario.net\/portal\/wp-json\/wp\/v2\/tags?post=165901"}],"curies":[{"name":"wp","href":"https:\/\/api.w.org\/{rel}","templated":true}]}}