{"id":165457,"date":"2023-07-14T07:08:45","date_gmt":"2023-07-14T11:08:45","guid":{"rendered":"https:\/\/www.eldiario.net\/portal\/?p=165457"},"modified":"2023-07-14T07:08:45","modified_gmt":"2023-07-14T11:08:45","slug":"entregan-defensivos-para-reguardar-a-productores-de-el-puente","status":"publish","type":"post","link":"https:\/\/www.eldiario.net\/portal\/2023\/07\/14\/entregan-defensivos-para-reguardar-a-productores-de-el-puente\/","title":{"rendered":"Entregan defensivos para reguardar  a productores de El Puente"},"content":{"rendered":"<p>El Servicio de Encauzamientos de R\u00edos (Searpi), dependiente de la Gobernaci\u00f3n de Santa Cruz, entreg\u00f3 la construcci\u00f3n de 200 metros de defensivos de salchich\u00f3n con malla de doble torsi\u00f3n al municipio El Puente, perteneciente a la provincia Guarayos.<\/p>\n<p>El director del Searpi, Pablo Sauto, se\u00f1al\u00f3 que esta obra permitir\u00e1 evitar la mitigaci\u00f3n de la barranca en el lugar, que habr\u00eda sido ocasionado por un boquete que fue cerrado con la conformaci\u00f3n de diques.<\/p>\n<p>\u201cEstamos haciendo la entrega de esta obra de 200 metros de salchichones que hemos construido para evitar la mitigaci\u00f3n de la barranca en donde ten\u00edamos un boquete, Estamos dando la protecci\u00f3n para todo este sector\u201d, dijo Sauto.<\/p>\n<p>Por su parte, Marco Cortez, director de Obras, agreg\u00f3 que el Searpi est\u00e1 ejecutando otras obras en el municipio El Puente, con el objetivo de cerrar todos los boquetes que fueron ocasionadas por las crecidas en la zona.<\/p>\n<p>\u201cComo Searpi seguiremos trabajando este a\u00f1o en otros sectores como ser en Lagunillas para hacer cierre de boquete y salchichones como defensivos para resguardar al sector productivo\u201d, explic\u00f3.<\/p>\n<p>El alcalde de El Puente, Proofel Huaylla, agradeci\u00f3 a la Gobernaci\u00f3n por los trabajos y la protecci\u00f3n que le estos brindan a la poblaci\u00f3n, as\u00ed mismo se comprometi\u00f3 en coordinar con el Searpi y buscar financiamiento para la ejecuci\u00f3n de m\u00e1s proyectos en la zona. (Santa Cruz, agencias)<\/p>\n","protected":false},"excerpt":{"rendered":"<p>El Servicio de Encauzamientos de R\u00edos (Searpi), dependiente de la Gobernaci\u00f3n de Santa Cruz, entreg\u00f3 la construcci\u00f3n de 200 metros de defensivos de salchich\u00f3n con malla de doble torsi\u00f3n al municipio El Puente, perteneciente a la provincia Guarayos. El director del Searpi, Pablo Sauto, se\u00f1al\u00f3 que esta obra permitir\u00e1 evitar la mitigaci\u00f3n de la barranca [&hellip;]<\/p>\n","protected":false},"author":1,"featured_media":165458,"comment_status":"closed","ping_status":"open","sticky":false,"template":"","format":"standard","meta":{"_acf_changed":false,"footnotes":""},"categories":[12],"tags":[],"class_list":["post-165457","post","type-post","status-publish","format-standard","has-post-thumbnail","category-nacional"],"acf":{"antetitulo":""},"yoast_head":"<!-- This site is optimized with the Yoast SEO plugin v28.4 - https:\/\/yoast.com\/product\/yoast-seo-wordpress\/ -->\n<title>Entregan defensivos para reguardar a productores de El Puente - El Diario - Bolivia<\/title>\n<meta name=\"robots\" content=\"index, follow, max-snippet:-1, max-image-preview:large, max-video-preview:-1\" \/>\n<link rel=\"canonical\" href=\"https:\/\/www.eldiario.net\/portal\/2023\/07\/14\/entregan-defensivos-para-reguardar-a-productores-de-el-puente\/\" \/>\n<meta property=\"og:locale\" content=\"es_ES\" \/>\n<meta property=\"og:type\" content=\"article\" \/>\n<meta property=\"og:title\" content=\"Entregan defensivos para reguardar a productores de El Puente - El Diario - Bolivia\" \/>\n<meta property=\"og:description\" content=\"El Servicio de Encauzamientos de R\u00edos (Searpi), dependiente de la Gobernaci\u00f3n de Santa Cruz, entreg\u00f3 la construcci\u00f3n de 200 metros de defensivos de salchich\u00f3n con malla de doble torsi\u00f3n al municipio El Puente, perteneciente a la provincia Guarayos. El director del Searpi, Pablo Sauto, se\u00f1al\u00f3 que esta obra permitir\u00e1 evitar la mitigaci\u00f3n de la barranca [&hellip;]\" \/>\n<meta property=\"og:url\" content=\"https:\/\/www.eldiario.net\/portal\/2023\/07\/14\/entregan-defensivos-para-reguardar-a-productores-de-el-puente\/\" \/>\n<meta property=\"og:site_name\" content=\"El Diario - Bolivia\" \/>\n<meta property=\"article:publisher\" content=\"https:\/\/www.facebook.com\/eldiario.bolivia\/\" \/>\n<meta property=\"article:published_time\" content=\"2023-07-14T11:08:45+00:00\" \/>\n<meta property=\"og:image\" content=\"https:\/\/www.eldiario.net\/portal\/wp-content\/uploads\/2023\/07\/PUENTE-FOTO.jpg\" \/>\n\t<meta property=\"og:image:width\" content=\"1600\" \/>\n\t<meta property=\"og:image:height\" content=\"1200\" \/>\n\t<meta property=\"og:image:type\" content=\"image\/jpeg\" \/>\n<meta name=\"author\" content=\"Jeanette\" \/>\n<meta name=\"twitter:card\" content=\"summary_large_image\" \/>\n<meta name=\"twitter:creator\" content=\"@eldiario_net\" \/>\n<meta name=\"twitter:site\" content=\"@eldiario_net\" \/>\n<meta name=\"twitter:label1\" content=\"Escrito por\" \/>\n\t<meta name=\"twitter:data1\" content=\"Jeanette\" \/>\n\t<meta name=\"twitter:label2\" content=\"Tiempo de lectura\" \/>\n\t<meta name=\"twitter:data2\" content=\"2 minutos\" \/>\n<script type=\"application\/ld+json\" class=\"yoast-schema-graph\">{\"@context\":\"https:\\\/\\\/schema.org\",\"@graph\":[{\"@type\":\"Article\",\"@id\":\"https:\\\/\\\/www.eldiario.net\\\/portal\\\/2023\\\/07\\\/14\\\/entregan-defensivos-para-reguardar-a-productores-de-el-puente\\\/#article\",\"isPartOf\":{\"@id\":\"https:\\\/\\\/www.eldiario.net\\\/portal\\\/2023\\\/07\\\/14\\\/entregan-defensivos-para-reguardar-a-productores-de-el-puente\\\/\"},\"author\":{\"name\":\"Jeanette\",\"@id\":\"https:\\\/\\\/www.eldiario.net\\\/portal\\\/#\\\/schema\\\/person\\\/2c57cf2b7a7ae032e449e4c9b1019eac\"},\"headline\":\"Entregan defensivos para reguardar a productores de El Puente\",\"datePublished\":\"2023-07-14T11:08:45+00:00\",\"mainEntityOfPage\":{\"@id\":\"https:\\\/\\\/www.eldiario.net\\\/portal\\\/2023\\\/07\\\/14\\\/entregan-defensivos-para-reguardar-a-productores-de-el-puente\\\/\"},\"wordCount\":249,\"publisher\":{\"@id\":\"https:\\\/\\\/www.eldiario.net\\\/portal\\\/#organization\"},\"image\":{\"@id\":\"https:\\\/\\\/www.eldiario.net\\\/portal\\\/2023\\\/07\\\/14\\\/entregan-defensivos-para-reguardar-a-productores-de-el-puente\\\/#primaryimage\"},\"thumbnailUrl\":\"https:\\\/\\\/www.eldiario.net\\\/portal\\\/wp-content\\\/uploads\\\/2023\\\/07\\\/PUENTE-FOTO.jpg\",\"articleSection\":[\"Nacional\"],\"inLanguage\":\"es\"},{\"@type\":\"WebPage\",\"@id\":\"https:\\\/\\\/www.eldiario.net\\\/portal\\\/2023\\\/07\\\/14\\\/entregan-defensivos-para-reguardar-a-productores-de-el-puente\\\/\",\"url\":\"https:\\\/\\\/www.eldiario.net\\\/portal\\\/2023\\\/07\\\/14\\\/entregan-defensivos-para-reguardar-a-productores-de-el-puente\\\/\",\"name\":\"Entregan defensivos para reguardar a productores de El Puente - El Diario - Bolivia\",\"isPartOf\":{\"@id\":\"https:\\\/\\\/www.eldiario.net\\\/portal\\\/#website\"},\"primaryImageOfPage\":{\"@id\":\"https:\\\/\\\/www.eldiario.net\\\/portal\\\/2023\\\/07\\\/14\\\/entregan-defensivos-para-reguardar-a-productores-de-el-puente\\\/#primaryimage\"},\"image\":{\"@id\":\"https:\\\/\\\/www.eldiario.net\\\/portal\\\/2023\\\/07\\\/14\\\/entregan-defensivos-para-reguardar-a-productores-de-el-puente\\\/#primaryimage\"},\"thumbnailUrl\":\"https:\\\/\\\/www.eldiario.net\\\/portal\\\/wp-content\\\/uploads\\\/2023\\\/07\\\/PUENTE-FOTO.jpg\",\"datePublished\":\"2023-07-14T11:08:45+00:00\",\"breadcrumb\":{\"@id\":\"https:\\\/\\\/www.eldiario.net\\\/portal\\\/2023\\\/07\\\/14\\\/entregan-defensivos-para-reguardar-a-productores-de-el-puente\\\/#breadcrumb\"},\"inLanguage\":\"es\",\"potentialAction\":[{\"@type\":\"ReadAction\",\"target\":[\"https:\\\/\\\/www.eldiario.net\\\/portal\\\/2023\\\/07\\\/14\\\/entregan-defensivos-para-reguardar-a-productores-de-el-puente\\\/\"]}]},{\"@type\":\"ImageObject\",\"inLanguage\":\"es\",\"@id\":\"https:\\\/\\\/www.eldiario.net\\\/portal\\\/2023\\\/07\\\/14\\\/entregan-defensivos-para-reguardar-a-productores-de-el-puente\\\/#primaryimage\",\"url\":\"https:\\\/\\\/www.eldiario.net\\\/portal\\\/wp-content\\\/uploads\\\/2023\\\/07\\\/PUENTE-FOTO.jpg\",\"contentUrl\":\"https:\\\/\\\/www.eldiario.net\\\/portal\\\/wp-content\\\/uploads\\\/2023\\\/07\\\/PUENTE-FOTO.jpg\",\"width\":1600,\"height\":1200,\"caption\":\"DEFENSIVOS CON MALLA DE DOBLE TORSI\u00d3N. FOTO: GSTC\"},{\"@type\":\"BreadcrumbList\",\"@id\":\"https:\\\/\\\/www.eldiario.net\\\/portal\\\/2023\\\/07\\\/14\\\/entregan-defensivos-para-reguardar-a-productores-de-el-puente\\\/#breadcrumb\",\"itemListElement\":[{\"@type\":\"ListItem\",\"position\":1,\"name\":\"Portada\",\"item\":\"https:\\\/\\\/www.eldiario.net\\\/portal\\\/\"},{\"@type\":\"ListItem\",\"position\":2,\"name\":\"Entregan defensivos para reguardar a productores de El Puente\"}]},{\"@type\":\"WebSite\",\"@id\":\"https:\\\/\\\/www.eldiario.net\\\/portal\\\/#website\",\"url\":\"https:\\\/\\\/www.eldiario.net\\\/portal\\\/\",\"name\":\"El Diario - Decano de la prensa nacional\",\"description\":\"El Diario - Decano de la prensa nacional\",\"publisher\":{\"@id\":\"https:\\\/\\\/www.eldiario.net\\\/portal\\\/#organization\"},\"potentialAction\":[{\"@type\":\"SearchAction\",\"target\":{\"@type\":\"EntryPoint\",\"urlTemplate\":\"https:\\\/\\\/www.eldiario.net\\\/portal\\\/?s={search_term_string}\"},\"query-input\":{\"@type\":\"PropertyValueSpecification\",\"valueRequired\":true,\"valueName\":\"search_term_string\"}}],\"inLanguage\":\"es\"},{\"@type\":\"Organization\",\"@id\":\"https:\\\/\\\/www.eldiario.net\\\/portal\\\/#organization\",\"name\":\"El Diario - Decano de la prensa nacional\",\"url\":\"https:\\\/\\\/www.eldiario.net\\\/portal\\\/\",\"logo\":{\"@type\":\"ImageObject\",\"inLanguage\":\"es\",\"@id\":\"https:\\\/\\\/www.eldiario.net\\\/portal\\\/#\\\/schema\\\/logo\\\/image\\\/\",\"url\":\"https:\\\/\\\/www.eldiario.net\\\/portal\\\/wp-content\\\/uploads\\\/2023\\\/07\\\/logo_ED.jpg\",\"contentUrl\":\"https:\\\/\\\/www.eldiario.net\\\/portal\\\/wp-content\\\/uploads\\\/2023\\\/07\\\/logo_ED.jpg\",\"width\":272,\"height\":52,\"caption\":\"El Diario - Decano de la prensa nacional\"},\"image\":{\"@id\":\"https:\\\/\\\/www.eldiario.net\\\/portal\\\/#\\\/schema\\\/logo\\\/image\\\/\"},\"sameAs\":[\"https:\\\/\\\/www.facebook.com\\\/eldiario.bolivia\\\/\",\"https:\\\/\\\/x.com\\\/eldiario_net\"]},{\"@type\":\"Person\",\"@id\":\"https:\\\/\\\/www.eldiario.net\\\/portal\\\/#\\\/schema\\\/person\\\/2c57cf2b7a7ae032e449e4c9b1019eac\",\"name\":\"Jeanette\",\"image\":{\"@type\":\"ImageObject\",\"inLanguage\":\"es\",\"@id\":\"https:\\\/\\\/secure.gravatar.com\\\/avatar\\\/3ea2118a5f7dad2b7138b1187a6b7ee55f160b9968b66013c3a3ef39dd7e5798?s=96&d=mm&r=g\",\"url\":\"https:\\\/\\\/secure.gravatar.com\\\/avatar\\\/3ea2118a5f7dad2b7138b1187a6b7ee55f160b9968b66013c3a3ef39dd7e5798?s=96&d=mm&r=g\",\"contentUrl\":\"https:\\\/\\\/secure.gravatar.com\\\/avatar\\\/3ea2118a5f7dad2b7138b1187a6b7ee55f160b9968b66013c3a3ef39dd7e5798?s=96&d=mm&r=g\",\"caption\":\"Jeanette\"},\"sameAs\":[\"https:\\\/\\\/www.eldiario.net\\\/portal\"],\"url\":\"https:\\\/\\\/www.eldiario.net\\\/portal\\\/author\\\/jeanette\\\/\"}]}<\/script>\n<!-- \/ Yoast SEO plugin. -->","yoast_head_json":{"title":"Entregan defensivos para reguardar a productores de El Puente - El Diario - Bolivia","robots":{"index":"index","follow":"follow","max-snippet":"max-snippet:-1","max-image-preview":"max-image-preview:large","max-video-preview":"max-video-preview:-1"},"canonical":"https:\/\/www.eldiario.net\/portal\/2023\/07\/14\/entregan-defensivos-para-reguardar-a-productores-de-el-puente\/","og_locale":"es_ES","og_type":"article","og_title":"Entregan defensivos para reguardar a productores de El Puente - El Diario - Bolivia","og_description":"El Servicio de Encauzamientos de R\u00edos (Searpi), dependiente de la Gobernaci\u00f3n de Santa Cruz, entreg\u00f3 la construcci\u00f3n de 200 metros de defensivos de salchich\u00f3n con malla de doble torsi\u00f3n al municipio El Puente, perteneciente a la provincia Guarayos. El director del Searpi, Pablo Sauto, se\u00f1al\u00f3 que esta obra permitir\u00e1 evitar la mitigaci\u00f3n de la barranca [&hellip;]","og_url":"https:\/\/www.eldiario.net\/portal\/2023\/07\/14\/entregan-defensivos-para-reguardar-a-productores-de-el-puente\/","og_site_name":"El Diario - Bolivia","article_publisher":"https:\/\/www.facebook.com\/eldiario.bolivia\/","article_published_time":"2023-07-14T11:08:45+00:00","og_image":[{"width":1600,"height":1200,"url":"https:\/\/www.eldiario.net\/portal\/wp-content\/uploads\/2023\/07\/PUENTE-FOTO.jpg","type":"image\/jpeg"}],"author":"Jeanette","twitter_card":"summary_large_image","twitter_creator":"@eldiario_net","twitter_site":"@eldiario_net","twitter_misc":{"Escrito por":"Jeanette","Tiempo de lectura":"2 minutos"},"schema":{"@context":"https:\/\/schema.org","@graph":[{"@type":"Article","@id":"https:\/\/www.eldiario.net\/portal\/2023\/07\/14\/entregan-defensivos-para-reguardar-a-productores-de-el-puente\/#article","isPartOf":{"@id":"https:\/\/www.eldiario.net\/portal\/2023\/07\/14\/entregan-defensivos-para-reguardar-a-productores-de-el-puente\/"},"author":{"name":"Jeanette","@id":"https:\/\/www.eldiario.net\/portal\/#\/schema\/person\/2c57cf2b7a7ae032e449e4c9b1019eac"},"headline":"Entregan defensivos para reguardar a productores de El Puente","datePublished":"2023-07-14T11:08:45+00:00","mainEntityOfPage":{"@id":"https:\/\/www.eldiario.net\/portal\/2023\/07\/14\/entregan-defensivos-para-reguardar-a-productores-de-el-puente\/"},"wordCount":249,"publisher":{"@id":"https:\/\/www.eldiario.net\/portal\/#organization"},"image":{"@id":"https:\/\/www.eldiario.net\/portal\/2023\/07\/14\/entregan-defensivos-para-reguardar-a-productores-de-el-puente\/#primaryimage"},"thumbnailUrl":"https:\/\/www.eldiario.net\/portal\/wp-content\/uploads\/2023\/07\/PUENTE-FOTO.jpg","articleSection":["Nacional"],"inLanguage":"es"},{"@type":"WebPage","@id":"https:\/\/www.eldiario.net\/portal\/2023\/07\/14\/entregan-defensivos-para-reguardar-a-productores-de-el-puente\/","url":"https:\/\/www.eldiario.net\/portal\/2023\/07\/14\/entregan-defensivos-para-reguardar-a-productores-de-el-puente\/","name":"Entregan defensivos para reguardar a productores de El Puente - El Diario - Bolivia","isPartOf":{"@id":"https:\/\/www.eldiario.net\/portal\/#website"},"primaryImageOfPage":{"@id":"https:\/\/www.eldiario.net\/portal\/2023\/07\/14\/entregan-defensivos-para-reguardar-a-productores-de-el-puente\/#primaryimage"},"image":{"@id":"https:\/\/www.eldiario.net\/portal\/2023\/07\/14\/entregan-defensivos-para-reguardar-a-productores-de-el-puente\/#primaryimage"},"thumbnailUrl":"https:\/\/www.eldiario.net\/portal\/wp-content\/uploads\/2023\/07\/PUENTE-FOTO.jpg","datePublished":"2023-07-14T11:08:45+00:00","breadcrumb":{"@id":"https:\/\/www.eldiario.net\/portal\/2023\/07\/14\/entregan-defensivos-para-reguardar-a-productores-de-el-puente\/#breadcrumb"},"inLanguage":"es","potentialAction":[{"@type":"ReadAction","target":["https:\/\/www.eldiario.net\/portal\/2023\/07\/14\/entregan-defensivos-para-reguardar-a-productores-de-el-puente\/"]}]},{"@type":"ImageObject","inLanguage":"es","@id":"https:\/\/www.eldiario.net\/portal\/2023\/07\/14\/entregan-defensivos-para-reguardar-a-productores-de-el-puente\/#primaryimage","url":"https:\/\/www.eldiario.net\/portal\/wp-content\/uploads\/2023\/07\/PUENTE-FOTO.jpg","contentUrl":"https:\/\/www.eldiario.net\/portal\/wp-content\/uploads\/2023\/07\/PUENTE-FOTO.jpg","width":1600,"height":1200,"caption":"DEFENSIVOS CON MALLA DE DOBLE TORSI\u00d3N. FOTO: GSTC"},{"@type":"BreadcrumbList","@id":"https:\/\/www.eldiario.net\/portal\/2023\/07\/14\/entregan-defensivos-para-reguardar-a-productores-de-el-puente\/#breadcrumb","itemListElement":[{"@type":"ListItem","position":1,"name":"Portada","item":"https:\/\/www.eldiario.net\/portal\/"},{"@type":"ListItem","position":2,"name":"Entregan defensivos para reguardar a productores de El Puente"}]},{"@type":"WebSite","@id":"https:\/\/www.eldiario.net\/portal\/#website","url":"https:\/\/www.eldiario.net\/portal\/","name":"El Diario - Decano de la prensa nacional","description":"El Diario - Decano de la prensa nacional","publisher":{"@id":"https:\/\/www.eldiario.net\/portal\/#organization"},"potentialAction":[{"@type":"SearchAction","target":{"@type":"EntryPoint","urlTemplate":"https:\/\/www.eldiario.net\/portal\/?s={search_term_string}"},"query-input":{"@type":"PropertyValueSpecification","valueRequired":true,"valueName":"search_term_string"}}],"inLanguage":"es"},{"@type":"Organization","@id":"https:\/\/www.eldiario.net\/portal\/#organization","name":"El Diario - Decano de la prensa nacional","url":"https:\/\/www.eldiario.net\/portal\/","logo":{"@type":"ImageObject","inLanguage":"es","@id":"https:\/\/www.eldiario.net\/portal\/#\/schema\/logo\/image\/","url":"https:\/\/www.eldiario.net\/portal\/wp-content\/uploads\/2023\/07\/logo_ED.jpg","contentUrl":"https:\/\/www.eldiario.net\/portal\/wp-content\/uploads\/2023\/07\/logo_ED.jpg","width":272,"height":52,"caption":"El Diario - Decano de la prensa nacional"},"image":{"@id":"https:\/\/www.eldiario.net\/portal\/#\/schema\/logo\/image\/"},"sameAs":["https:\/\/www.facebook.com\/eldiario.bolivia\/","https:\/\/x.com\/eldiario_net"]},{"@type":"Person","@id":"https:\/\/www.eldiario.net\/portal\/#\/schema\/person\/2c57cf2b7a7ae032e449e4c9b1019eac","name":"Jeanette","image":{"@type":"ImageObject","inLanguage":"es","@id":"https:\/\/secure.gravatar.com\/avatar\/3ea2118a5f7dad2b7138b1187a6b7ee55f160b9968b66013c3a3ef39dd7e5798?s=96&d=mm&r=g","url":"https:\/\/secure.gravatar.com\/avatar\/3ea2118a5f7dad2b7138b1187a6b7ee55f160b9968b66013c3a3ef39dd7e5798?s=96&d=mm&r=g","contentUrl":"https:\/\/secure.gravatar.com\/avatar\/3ea2118a5f7dad2b7138b1187a6b7ee55f160b9968b66013c3a3ef39dd7e5798?s=96&d=mm&r=g","caption":"Jeanette"},"sameAs":["https:\/\/www.eldiario.net\/portal"],"url":"https:\/\/www.eldiario.net\/portal\/author\/jeanette\/"}]}},"_links":{"self":[{"href":"https:\/\/www.eldiario.net\/portal\/wp-json\/wp\/v2\/posts\/165457","targetHints":{"allow":["GET"]}}],"collection":[{"href":"https:\/\/www.eldiario.net\/portal\/wp-json\/wp\/v2\/posts"}],"about":[{"href":"https:\/\/www.eldiario.net\/portal\/wp-json\/wp\/v2\/types\/post"}],"author":[{"embeddable":true,"href":"https:\/\/www.eldiario.net\/portal\/wp-json\/wp\/v2\/users\/1"}],"replies":[{"embeddable":true,"href":"https:\/\/www.eldiario.net\/portal\/wp-json\/wp\/v2\/comments?post=165457"}],"version-history":[{"count":0,"href":"https:\/\/www.eldiario.net\/portal\/wp-json\/wp\/v2\/posts\/165457\/revisions"}],"wp:featuredmedia":[{"embeddable":true,"href":"https:\/\/www.eldiario.net\/portal\/wp-json\/wp\/v2\/media\/165458"}],"wp:attachment":[{"href":"https:\/\/www.eldiario.net\/portal\/wp-json\/wp\/v2\/media?parent=165457"}],"wp:term":[{"taxonomy":"category","embeddable":true,"href":"https:\/\/www.eldiario.net\/portal\/wp-json\/wp\/v2\/categories?post=165457"},{"taxonomy":"post_tag","embeddable":true,"href":"https:\/\/www.eldiario.net\/portal\/wp-json\/wp\/v2\/tags?post=165457"}],"curies":[{"name":"wp","href":"https:\/\/api.w.org\/{rel}","templated":true}]}}