{"id":165454,"date":"2023-07-14T07:07:53","date_gmt":"2023-07-14T11:07:53","guid":{"rendered":"https:\/\/www.eldiario.net\/portal\/?p=165454"},"modified":"2023-07-14T07:07:53","modified_gmt":"2023-07-14T11:07:53","slug":"hallan-condores-envenenados-en-las-orillas-del-rio-pilcomayo","status":"publish","type":"post","link":"https:\/\/www.eldiario.net\/portal\/2023\/07\/14\/hallan-condores-envenenados-en-las-orillas-del-rio-pilcomayo\/","title":{"rendered":"Hallan c\u00f3ndores envenenados  en las orillas del r\u00edo Pilcomayo"},"content":{"rendered":"<p>El ingeniero Milo Claros se encontraba realizando labores cerca de las orillas del r\u00edo Pilcomayo cuando se enfrent\u00f3 a una escena desgarradora: cinco c\u00f3ndores envenenados. Este triste incidente ha puesto de manifiesto la interconexi\u00f3n de la ecolog\u00eda y las consecuencias devastadoras que puede tener en la vida silvestre.<\/p>\n<p>El hallazgo se registr\u00f3 en el municipio de Incahuasi, zona de los Cintis del departamento de Chuquisaca.<\/p>\n<p>Milo Claros, quien llevaba a cabo trabajos de campo en la zona, qued\u00f3 impactado al descubrir a estas majestuosas aves v\u00edctimas de envenenamiento. Con sospechas fundadas, el profesional plantea la posibilidad de que los c\u00f3ndores hayan ingerido carne envenenada de perro, una lamentable pr\u00e1ctica com\u00fan en la regi\u00f3n.<\/p>\n<p>Tr\u00e1gicamente, las consecuencias de este envenenamiento se propagaron m\u00e1s all\u00e1 de los c\u00f3ndores. Un zorro que se aliment\u00f3 de la carne contaminada de las aves tambi\u00e9n sucumbi\u00f3 a los efectos mortales del veneno, sumando otra p\u00e9rdida a este desafortunado suceso.<\/p>\n<p>El lugar donde ocurri\u00f3 este tr\u00e1gico incidente ha sido identificado en el afluente de Santa Elena, que desemboca en el r\u00edo Pilcomayo. Este descubrimiento sirve como un recordatorio de la delicada balanza de la naturaleza y los impactos de largo alcance que las acciones humanas pueden tener sobre ella.<\/p>\n<p>Ante esta situaci\u00f3n, el m\u00e9dico veterinario Jhon Flores ha expresado su inquietud y hace un llamado urgente a la comunidad local para que se abstenga de envenenar a los perros. Estas pr\u00e1cticas no solo representan una amenaza para los animales dom\u00e9sticos, sino que tambi\u00e9n ponen en peligro la vida de especies emblem\u00e1ticas como el c\u00f3ndor, un s\u00edmbolo de Bolivia que se encuentra en peligro de extinci\u00f3n. (Sucre, Erbol)<\/p>\n","protected":false},"excerpt":{"rendered":"<p>El ingeniero Milo Claros se encontraba realizando labores cerca de las orillas del r\u00edo Pilcomayo cuando se enfrent\u00f3 a una escena desgarradora: cinco c\u00f3ndores envenenados. Este triste incidente ha puesto de manifiesto la interconexi\u00f3n de la ecolog\u00eda y las consecuencias devastadoras que puede tener en la vida silvestre. El hallazgo se registr\u00f3 en el municipio [&hellip;]<\/p>\n","protected":false},"author":1,"featured_media":165455,"comment_status":"closed","ping_status":"open","sticky":false,"template":"","format":"standard","meta":{"_acf_changed":false,"footnotes":""},"categories":[12],"tags":[],"class_list":["post-165454","post","type-post","status-publish","format-standard","has-post-thumbnail","category-nacional"],"acf":{"antetitulo":""},"yoast_head":"<!-- This site is optimized with the Yoast SEO plugin v28.4 - https:\/\/yoast.com\/product\/yoast-seo-wordpress\/ -->\n<title>Hallan c\u00f3ndores envenenados en las orillas del r\u00edo Pilcomayo - El Diario - Bolivia<\/title>\n<meta name=\"robots\" content=\"index, follow, max-snippet:-1, max-image-preview:large, max-video-preview:-1\" \/>\n<link rel=\"canonical\" href=\"https:\/\/www.eldiario.net\/portal\/2023\/07\/14\/hallan-condores-envenenados-en-las-orillas-del-rio-pilcomayo\/\" \/>\n<meta property=\"og:locale\" content=\"es_ES\" \/>\n<meta property=\"og:type\" content=\"article\" \/>\n<meta property=\"og:title\" content=\"Hallan c\u00f3ndores envenenados en las orillas del r\u00edo Pilcomayo - El Diario - Bolivia\" \/>\n<meta property=\"og:description\" content=\"El ingeniero Milo Claros se encontraba realizando labores cerca de las orillas del r\u00edo Pilcomayo cuando se enfrent\u00f3 a una escena desgarradora: cinco c\u00f3ndores envenenados. Este triste incidente ha puesto de manifiesto la interconexi\u00f3n de la ecolog\u00eda y las consecuencias devastadoras que puede tener en la vida silvestre. El hallazgo se registr\u00f3 en el municipio [&hellip;]\" \/>\n<meta property=\"og:url\" content=\"https:\/\/www.eldiario.net\/portal\/2023\/07\/14\/hallan-condores-envenenados-en-las-orillas-del-rio-pilcomayo\/\" \/>\n<meta property=\"og:site_name\" content=\"El Diario - Bolivia\" \/>\n<meta property=\"article:publisher\" content=\"https:\/\/www.facebook.com\/eldiario.bolivia\/\" \/>\n<meta property=\"article:published_time\" content=\"2023-07-14T11:07:53+00:00\" \/>\n<meta property=\"og:image\" content=\"https:\/\/www.eldiario.net\/portal\/wp-content\/uploads\/2023\/07\/CONDOR-FOTO.jpg\" \/>\n\t<meta property=\"og:image:width\" content=\"640\" \/>\n\t<meta property=\"og:image:height\" content=\"372\" \/>\n\t<meta property=\"og:image:type\" content=\"image\/jpeg\" \/>\n<meta name=\"author\" content=\"Jeanette\" \/>\n<meta name=\"twitter:card\" content=\"summary_large_image\" \/>\n<meta name=\"twitter:creator\" content=\"@eldiario_net\" \/>\n<meta name=\"twitter:site\" content=\"@eldiario_net\" \/>\n<meta name=\"twitter:label1\" content=\"Escrito por\" \/>\n\t<meta name=\"twitter:data1\" content=\"Jeanette\" \/>\n\t<meta name=\"twitter:label2\" content=\"Tiempo de lectura\" \/>\n\t<meta name=\"twitter:data2\" content=\"2 minutos\" \/>\n<script type=\"application\/ld+json\" class=\"yoast-schema-graph\">{\"@context\":\"https:\\\/\\\/schema.org\",\"@graph\":[{\"@type\":\"Article\",\"@id\":\"https:\\\/\\\/www.eldiario.net\\\/portal\\\/2023\\\/07\\\/14\\\/hallan-condores-envenenados-en-las-orillas-del-rio-pilcomayo\\\/#article\",\"isPartOf\":{\"@id\":\"https:\\\/\\\/www.eldiario.net\\\/portal\\\/2023\\\/07\\\/14\\\/hallan-condores-envenenados-en-las-orillas-del-rio-pilcomayo\\\/\"},\"author\":{\"name\":\"Jeanette\",\"@id\":\"https:\\\/\\\/www.eldiario.net\\\/portal\\\/#\\\/schema\\\/person\\\/2c57cf2b7a7ae032e449e4c9b1019eac\"},\"headline\":\"Hallan c\u00f3ndores envenenados en las orillas del r\u00edo Pilcomayo\",\"datePublished\":\"2023-07-14T11:07:53+00:00\",\"mainEntityOfPage\":{\"@id\":\"https:\\\/\\\/www.eldiario.net\\\/portal\\\/2023\\\/07\\\/14\\\/hallan-condores-envenenados-en-las-orillas-del-rio-pilcomayo\\\/\"},\"wordCount\":306,\"publisher\":{\"@id\":\"https:\\\/\\\/www.eldiario.net\\\/portal\\\/#organization\"},\"image\":{\"@id\":\"https:\\\/\\\/www.eldiario.net\\\/portal\\\/2023\\\/07\\\/14\\\/hallan-condores-envenenados-en-las-orillas-del-rio-pilcomayo\\\/#primaryimage\"},\"thumbnailUrl\":\"https:\\\/\\\/www.eldiario.net\\\/portal\\\/wp-content\\\/uploads\\\/2023\\\/07\\\/CONDOR-FOTO.jpg\",\"articleSection\":[\"Nacional\"],\"inLanguage\":\"es\"},{\"@type\":\"WebPage\",\"@id\":\"https:\\\/\\\/www.eldiario.net\\\/portal\\\/2023\\\/07\\\/14\\\/hallan-condores-envenenados-en-las-orillas-del-rio-pilcomayo\\\/\",\"url\":\"https:\\\/\\\/www.eldiario.net\\\/portal\\\/2023\\\/07\\\/14\\\/hallan-condores-envenenados-en-las-orillas-del-rio-pilcomayo\\\/\",\"name\":\"Hallan c\u00f3ndores envenenados en las orillas del r\u00edo Pilcomayo - El Diario - Bolivia\",\"isPartOf\":{\"@id\":\"https:\\\/\\\/www.eldiario.net\\\/portal\\\/#website\"},\"primaryImageOfPage\":{\"@id\":\"https:\\\/\\\/www.eldiario.net\\\/portal\\\/2023\\\/07\\\/14\\\/hallan-condores-envenenados-en-las-orillas-del-rio-pilcomayo\\\/#primaryimage\"},\"image\":{\"@id\":\"https:\\\/\\\/www.eldiario.net\\\/portal\\\/2023\\\/07\\\/14\\\/hallan-condores-envenenados-en-las-orillas-del-rio-pilcomayo\\\/#primaryimage\"},\"thumbnailUrl\":\"https:\\\/\\\/www.eldiario.net\\\/portal\\\/wp-content\\\/uploads\\\/2023\\\/07\\\/CONDOR-FOTO.jpg\",\"datePublished\":\"2023-07-14T11:07:53+00:00\",\"breadcrumb\":{\"@id\":\"https:\\\/\\\/www.eldiario.net\\\/portal\\\/2023\\\/07\\\/14\\\/hallan-condores-envenenados-en-las-orillas-del-rio-pilcomayo\\\/#breadcrumb\"},\"inLanguage\":\"es\",\"potentialAction\":[{\"@type\":\"ReadAction\",\"target\":[\"https:\\\/\\\/www.eldiario.net\\\/portal\\\/2023\\\/07\\\/14\\\/hallan-condores-envenenados-en-las-orillas-del-rio-pilcomayo\\\/\"]}]},{\"@type\":\"ImageObject\",\"inLanguage\":\"es\",\"@id\":\"https:\\\/\\\/www.eldiario.net\\\/portal\\\/2023\\\/07\\\/14\\\/hallan-condores-envenenados-en-las-orillas-del-rio-pilcomayo\\\/#primaryimage\",\"url\":\"https:\\\/\\\/www.eldiario.net\\\/portal\\\/wp-content\\\/uploads\\\/2023\\\/07\\\/CONDOR-FOTO.jpg\",\"contentUrl\":\"https:\\\/\\\/www.eldiario.net\\\/portal\\\/wp-content\\\/uploads\\\/2023\\\/07\\\/CONDOR-FOTO.jpg\",\"width\":640,\"height\":372,\"caption\":\"Algunos de los c\u00f3ndores envenenados. Foto: Iv\u00e1n Ramos\"},{\"@type\":\"BreadcrumbList\",\"@id\":\"https:\\\/\\\/www.eldiario.net\\\/portal\\\/2023\\\/07\\\/14\\\/hallan-condores-envenenados-en-las-orillas-del-rio-pilcomayo\\\/#breadcrumb\",\"itemListElement\":[{\"@type\":\"ListItem\",\"position\":1,\"name\":\"Portada\",\"item\":\"https:\\\/\\\/www.eldiario.net\\\/portal\\\/\"},{\"@type\":\"ListItem\",\"position\":2,\"name\":\"Hallan c\u00f3ndores envenenados en las orillas del r\u00edo Pilcomayo\"}]},{\"@type\":\"WebSite\",\"@id\":\"https:\\\/\\\/www.eldiario.net\\\/portal\\\/#website\",\"url\":\"https:\\\/\\\/www.eldiario.net\\\/portal\\\/\",\"name\":\"El Diario - Decano de la prensa nacional\",\"description\":\"El Diario - Decano de la prensa nacional\",\"publisher\":{\"@id\":\"https:\\\/\\\/www.eldiario.net\\\/portal\\\/#organization\"},\"potentialAction\":[{\"@type\":\"SearchAction\",\"target\":{\"@type\":\"EntryPoint\",\"urlTemplate\":\"https:\\\/\\\/www.eldiario.net\\\/portal\\\/?s={search_term_string}\"},\"query-input\":{\"@type\":\"PropertyValueSpecification\",\"valueRequired\":true,\"valueName\":\"search_term_string\"}}],\"inLanguage\":\"es\"},{\"@type\":\"Organization\",\"@id\":\"https:\\\/\\\/www.eldiario.net\\\/portal\\\/#organization\",\"name\":\"El Diario - Decano de la prensa nacional\",\"url\":\"https:\\\/\\\/www.eldiario.net\\\/portal\\\/\",\"logo\":{\"@type\":\"ImageObject\",\"inLanguage\":\"es\",\"@id\":\"https:\\\/\\\/www.eldiario.net\\\/portal\\\/#\\\/schema\\\/logo\\\/image\\\/\",\"url\":\"https:\\\/\\\/www.eldiario.net\\\/portal\\\/wp-content\\\/uploads\\\/2023\\\/07\\\/logo_ED.jpg\",\"contentUrl\":\"https:\\\/\\\/www.eldiario.net\\\/portal\\\/wp-content\\\/uploads\\\/2023\\\/07\\\/logo_ED.jpg\",\"width\":272,\"height\":52,\"caption\":\"El Diario - Decano de la prensa nacional\"},\"image\":{\"@id\":\"https:\\\/\\\/www.eldiario.net\\\/portal\\\/#\\\/schema\\\/logo\\\/image\\\/\"},\"sameAs\":[\"https:\\\/\\\/www.facebook.com\\\/eldiario.bolivia\\\/\",\"https:\\\/\\\/x.com\\\/eldiario_net\"]},{\"@type\":\"Person\",\"@id\":\"https:\\\/\\\/www.eldiario.net\\\/portal\\\/#\\\/schema\\\/person\\\/2c57cf2b7a7ae032e449e4c9b1019eac\",\"name\":\"Jeanette\",\"image\":{\"@type\":\"ImageObject\",\"inLanguage\":\"es\",\"@id\":\"https:\\\/\\\/secure.gravatar.com\\\/avatar\\\/3ea2118a5f7dad2b7138b1187a6b7ee55f160b9968b66013c3a3ef39dd7e5798?s=96&d=mm&r=g\",\"url\":\"https:\\\/\\\/secure.gravatar.com\\\/avatar\\\/3ea2118a5f7dad2b7138b1187a6b7ee55f160b9968b66013c3a3ef39dd7e5798?s=96&d=mm&r=g\",\"contentUrl\":\"https:\\\/\\\/secure.gravatar.com\\\/avatar\\\/3ea2118a5f7dad2b7138b1187a6b7ee55f160b9968b66013c3a3ef39dd7e5798?s=96&d=mm&r=g\",\"caption\":\"Jeanette\"},\"sameAs\":[\"https:\\\/\\\/www.eldiario.net\\\/portal\"],\"url\":\"https:\\\/\\\/www.eldiario.net\\\/portal\\\/author\\\/jeanette\\\/\"}]}<\/script>\n<!-- \/ Yoast SEO plugin. -->","yoast_head_json":{"title":"Hallan c\u00f3ndores envenenados en las orillas del r\u00edo Pilcomayo - El Diario - Bolivia","robots":{"index":"index","follow":"follow","max-snippet":"max-snippet:-1","max-image-preview":"max-image-preview:large","max-video-preview":"max-video-preview:-1"},"canonical":"https:\/\/www.eldiario.net\/portal\/2023\/07\/14\/hallan-condores-envenenados-en-las-orillas-del-rio-pilcomayo\/","og_locale":"es_ES","og_type":"article","og_title":"Hallan c\u00f3ndores envenenados en las orillas del r\u00edo Pilcomayo - El Diario - Bolivia","og_description":"El ingeniero Milo Claros se encontraba realizando labores cerca de las orillas del r\u00edo Pilcomayo cuando se enfrent\u00f3 a una escena desgarradora: cinco c\u00f3ndores envenenados. Este triste incidente ha puesto de manifiesto la interconexi\u00f3n de la ecolog\u00eda y las consecuencias devastadoras que puede tener en la vida silvestre. El hallazgo se registr\u00f3 en el municipio [&hellip;]","og_url":"https:\/\/www.eldiario.net\/portal\/2023\/07\/14\/hallan-condores-envenenados-en-las-orillas-del-rio-pilcomayo\/","og_site_name":"El Diario - Bolivia","article_publisher":"https:\/\/www.facebook.com\/eldiario.bolivia\/","article_published_time":"2023-07-14T11:07:53+00:00","og_image":[{"width":640,"height":372,"url":"https:\/\/www.eldiario.net\/portal\/wp-content\/uploads\/2023\/07\/CONDOR-FOTO.jpg","type":"image\/jpeg"}],"author":"Jeanette","twitter_card":"summary_large_image","twitter_creator":"@eldiario_net","twitter_site":"@eldiario_net","twitter_misc":{"Escrito por":"Jeanette","Tiempo de lectura":"2 minutos"},"schema":{"@context":"https:\/\/schema.org","@graph":[{"@type":"Article","@id":"https:\/\/www.eldiario.net\/portal\/2023\/07\/14\/hallan-condores-envenenados-en-las-orillas-del-rio-pilcomayo\/#article","isPartOf":{"@id":"https:\/\/www.eldiario.net\/portal\/2023\/07\/14\/hallan-condores-envenenados-en-las-orillas-del-rio-pilcomayo\/"},"author":{"name":"Jeanette","@id":"https:\/\/www.eldiario.net\/portal\/#\/schema\/person\/2c57cf2b7a7ae032e449e4c9b1019eac"},"headline":"Hallan c\u00f3ndores envenenados en las orillas del r\u00edo Pilcomayo","datePublished":"2023-07-14T11:07:53+00:00","mainEntityOfPage":{"@id":"https:\/\/www.eldiario.net\/portal\/2023\/07\/14\/hallan-condores-envenenados-en-las-orillas-del-rio-pilcomayo\/"},"wordCount":306,"publisher":{"@id":"https:\/\/www.eldiario.net\/portal\/#organization"},"image":{"@id":"https:\/\/www.eldiario.net\/portal\/2023\/07\/14\/hallan-condores-envenenados-en-las-orillas-del-rio-pilcomayo\/#primaryimage"},"thumbnailUrl":"https:\/\/www.eldiario.net\/portal\/wp-content\/uploads\/2023\/07\/CONDOR-FOTO.jpg","articleSection":["Nacional"],"inLanguage":"es"},{"@type":"WebPage","@id":"https:\/\/www.eldiario.net\/portal\/2023\/07\/14\/hallan-condores-envenenados-en-las-orillas-del-rio-pilcomayo\/","url":"https:\/\/www.eldiario.net\/portal\/2023\/07\/14\/hallan-condores-envenenados-en-las-orillas-del-rio-pilcomayo\/","name":"Hallan c\u00f3ndores envenenados en las orillas del r\u00edo Pilcomayo - El Diario - Bolivia","isPartOf":{"@id":"https:\/\/www.eldiario.net\/portal\/#website"},"primaryImageOfPage":{"@id":"https:\/\/www.eldiario.net\/portal\/2023\/07\/14\/hallan-condores-envenenados-en-las-orillas-del-rio-pilcomayo\/#primaryimage"},"image":{"@id":"https:\/\/www.eldiario.net\/portal\/2023\/07\/14\/hallan-condores-envenenados-en-las-orillas-del-rio-pilcomayo\/#primaryimage"},"thumbnailUrl":"https:\/\/www.eldiario.net\/portal\/wp-content\/uploads\/2023\/07\/CONDOR-FOTO.jpg","datePublished":"2023-07-14T11:07:53+00:00","breadcrumb":{"@id":"https:\/\/www.eldiario.net\/portal\/2023\/07\/14\/hallan-condores-envenenados-en-las-orillas-del-rio-pilcomayo\/#breadcrumb"},"inLanguage":"es","potentialAction":[{"@type":"ReadAction","target":["https:\/\/www.eldiario.net\/portal\/2023\/07\/14\/hallan-condores-envenenados-en-las-orillas-del-rio-pilcomayo\/"]}]},{"@type":"ImageObject","inLanguage":"es","@id":"https:\/\/www.eldiario.net\/portal\/2023\/07\/14\/hallan-condores-envenenados-en-las-orillas-del-rio-pilcomayo\/#primaryimage","url":"https:\/\/www.eldiario.net\/portal\/wp-content\/uploads\/2023\/07\/CONDOR-FOTO.jpg","contentUrl":"https:\/\/www.eldiario.net\/portal\/wp-content\/uploads\/2023\/07\/CONDOR-FOTO.jpg","width":640,"height":372,"caption":"Algunos de los c\u00f3ndores envenenados. Foto: Iv\u00e1n Ramos"},{"@type":"BreadcrumbList","@id":"https:\/\/www.eldiario.net\/portal\/2023\/07\/14\/hallan-condores-envenenados-en-las-orillas-del-rio-pilcomayo\/#breadcrumb","itemListElement":[{"@type":"ListItem","position":1,"name":"Portada","item":"https:\/\/www.eldiario.net\/portal\/"},{"@type":"ListItem","position":2,"name":"Hallan c\u00f3ndores envenenados en las orillas del r\u00edo Pilcomayo"}]},{"@type":"WebSite","@id":"https:\/\/www.eldiario.net\/portal\/#website","url":"https:\/\/www.eldiario.net\/portal\/","name":"El Diario - Decano de la prensa nacional","description":"El Diario - Decano de la prensa nacional","publisher":{"@id":"https:\/\/www.eldiario.net\/portal\/#organization"},"potentialAction":[{"@type":"SearchAction","target":{"@type":"EntryPoint","urlTemplate":"https:\/\/www.eldiario.net\/portal\/?s={search_term_string}"},"query-input":{"@type":"PropertyValueSpecification","valueRequired":true,"valueName":"search_term_string"}}],"inLanguage":"es"},{"@type":"Organization","@id":"https:\/\/www.eldiario.net\/portal\/#organization","name":"El Diario - Decano de la prensa nacional","url":"https:\/\/www.eldiario.net\/portal\/","logo":{"@type":"ImageObject","inLanguage":"es","@id":"https:\/\/www.eldiario.net\/portal\/#\/schema\/logo\/image\/","url":"https:\/\/www.eldiario.net\/portal\/wp-content\/uploads\/2023\/07\/logo_ED.jpg","contentUrl":"https:\/\/www.eldiario.net\/portal\/wp-content\/uploads\/2023\/07\/logo_ED.jpg","width":272,"height":52,"caption":"El Diario - Decano de la prensa nacional"},"image":{"@id":"https:\/\/www.eldiario.net\/portal\/#\/schema\/logo\/image\/"},"sameAs":["https:\/\/www.facebook.com\/eldiario.bolivia\/","https:\/\/x.com\/eldiario_net"]},{"@type":"Person","@id":"https:\/\/www.eldiario.net\/portal\/#\/schema\/person\/2c57cf2b7a7ae032e449e4c9b1019eac","name":"Jeanette","image":{"@type":"ImageObject","inLanguage":"es","@id":"https:\/\/secure.gravatar.com\/avatar\/3ea2118a5f7dad2b7138b1187a6b7ee55f160b9968b66013c3a3ef39dd7e5798?s=96&d=mm&r=g","url":"https:\/\/secure.gravatar.com\/avatar\/3ea2118a5f7dad2b7138b1187a6b7ee55f160b9968b66013c3a3ef39dd7e5798?s=96&d=mm&r=g","contentUrl":"https:\/\/secure.gravatar.com\/avatar\/3ea2118a5f7dad2b7138b1187a6b7ee55f160b9968b66013c3a3ef39dd7e5798?s=96&d=mm&r=g","caption":"Jeanette"},"sameAs":["https:\/\/www.eldiario.net\/portal"],"url":"https:\/\/www.eldiario.net\/portal\/author\/jeanette\/"}]}},"_links":{"self":[{"href":"https:\/\/www.eldiario.net\/portal\/wp-json\/wp\/v2\/posts\/165454","targetHints":{"allow":["GET"]}}],"collection":[{"href":"https:\/\/www.eldiario.net\/portal\/wp-json\/wp\/v2\/posts"}],"about":[{"href":"https:\/\/www.eldiario.net\/portal\/wp-json\/wp\/v2\/types\/post"}],"author":[{"embeddable":true,"href":"https:\/\/www.eldiario.net\/portal\/wp-json\/wp\/v2\/users\/1"}],"replies":[{"embeddable":true,"href":"https:\/\/www.eldiario.net\/portal\/wp-json\/wp\/v2\/comments?post=165454"}],"version-history":[{"count":0,"href":"https:\/\/www.eldiario.net\/portal\/wp-json\/wp\/v2\/posts\/165454\/revisions"}],"wp:featuredmedia":[{"embeddable":true,"href":"https:\/\/www.eldiario.net\/portal\/wp-json\/wp\/v2\/media\/165455"}],"wp:attachment":[{"href":"https:\/\/www.eldiario.net\/portal\/wp-json\/wp\/v2\/media?parent=165454"}],"wp:term":[{"taxonomy":"category","embeddable":true,"href":"https:\/\/www.eldiario.net\/portal\/wp-json\/wp\/v2\/categories?post=165454"},{"taxonomy":"post_tag","embeddable":true,"href":"https:\/\/www.eldiario.net\/portal\/wp-json\/wp\/v2\/tags?post=165454"}],"curies":[{"name":"wp","href":"https:\/\/api.w.org\/{rel}","templated":true}]}}