{"id":165451,"date":"2023-07-14T07:07:03","date_gmt":"2023-07-14T11:07:03","guid":{"rendered":"https:\/\/www.eldiario.net\/portal\/?p=165451"},"modified":"2023-07-14T07:07:03","modified_gmt":"2023-07-14T11:07:03","slug":"en-colcapirhua-acuerdan-no-bloquear-tren-metropolitano","status":"publish","type":"post","link":"https:\/\/www.eldiario.net\/portal\/2023\/07\/14\/en-colcapirhua-acuerdan-no-bloquear-tren-metropolitano\/","title":{"rendered":"En Colcapirhua acuerdan no  bloquear Tren Metropolitano"},"content":{"rendered":"<p>Los pobladores del municipio de Colcapirhua determinaron no bloquear la l\u00ednea del Tren Metropolitano que conecta Quillacollo con Cochabamba, mientras que los bloqueos que se registran en esta ciudad hace cuatro contin\u00faan provocando perjuicio a la ciudadan\u00eda.<\/p>\n<p>Las personas que tiene que transportarse desde Cercado hacia Quillacollo o viajar al occidente del pa\u00eds han tenido que buscar rutas alternas o incluso hacer desv\u00edos largos por zonas alejadas.<\/p>\n<p>Estas medidas de presi\u00f3n han llegado a afectar incluso al transporte de riel, debido a que vecinos de Colcapirhua instalaron bloqueos sobre los rieles, esto con el fin de impedir la circulaci\u00f3n del Tren Metropolitano.<\/p>\n<p>Al menos dos d\u00edas las personas que utilizan este transporte se vieron perjudicadas y ten\u00edan que bajarse del tren para caminar y hallar nuevas formas para poder llegar hasta Quillacollo o a Cercado.<\/p>\n<p>Sin embargo, ante la situaci\u00f3n, encargados del Tren Metropolitano mantuvieron una reuni\u00f3n con las personas que bloqueaban las v\u00edas, donde tras mantener un di\u00e1logo, se lleg\u00f3 a un acuerdo y se pudo levantar la medida.<\/p>\n<p>Ra\u00fal Enrique, representante de \u201cMi Tren\u201d inform\u00f3 que desde ayer la l\u00ednea verde retoma su servicio hasta el municipio de Quillacollo de manera normal y con los horarios establecidos de 06:50 a 19:30 horas.<\/p>\n<p>Asimismo, afirm\u00f3 que se est\u00e1 viendo la posibilidad de aumentar vagones para brindar un mejor servicio en esta ruta, debido a que existe una alta demanda de pasajeros por \u00e9poca de vacaciones y tambi\u00e9n por los bloqueos en esa zona.<\/p>\n<p>Agreg\u00f3 que a\u00fan se debe cuantificar los da\u00f1os que sufrieron algunos rieles, ya que los responsables deber\u00e1n cubrir los gastos de arreglo.<\/p>\n<p>Por su parte, los bloqueos en la zona hacia el occidente del pa\u00eds contin\u00faan, sobre la avenida Blanco Galindo existe cuatro puntos. (Cochabamba, agencias)<\/p>\n","protected":false},"excerpt":{"rendered":"<p>Los pobladores del municipio de Colcapirhua determinaron no bloquear la l\u00ednea del Tren Metropolitano que conecta Quillacollo con Cochabamba, mientras que los bloqueos que se registran en esta ciudad hace cuatro contin\u00faan provocando perjuicio a la ciudadan\u00eda. Las personas que tiene que transportarse desde Cercado hacia Quillacollo o viajar al occidente del pa\u00eds han tenido [&hellip;]<\/p>\n","protected":false},"author":1,"featured_media":165452,"comment_status":"closed","ping_status":"open","sticky":false,"template":"","format":"standard","meta":{"_acf_changed":false,"footnotes":""},"categories":[12],"tags":[],"class_list":["post-165451","post","type-post","status-publish","format-standard","has-post-thumbnail","category-nacional"],"acf":{"antetitulo":""},"yoast_head":"<!-- This site is optimized with the Yoast SEO plugin v28.4 - https:\/\/yoast.com\/product\/yoast-seo-wordpress\/ -->\n<title>En Colcapirhua acuerdan no bloquear Tren Metropolitano - El Diario - Bolivia<\/title>\n<meta name=\"robots\" content=\"index, follow, max-snippet:-1, max-image-preview:large, max-video-preview:-1\" \/>\n<link rel=\"canonical\" href=\"https:\/\/www.eldiario.net\/portal\/2023\/07\/14\/en-colcapirhua-acuerdan-no-bloquear-tren-metropolitano\/\" \/>\n<meta property=\"og:locale\" content=\"es_ES\" \/>\n<meta property=\"og:type\" content=\"article\" \/>\n<meta property=\"og:title\" content=\"En Colcapirhua acuerdan no bloquear Tren Metropolitano - El Diario - Bolivia\" \/>\n<meta property=\"og:description\" content=\"Los pobladores del municipio de Colcapirhua determinaron no bloquear la l\u00ednea del Tren Metropolitano que conecta Quillacollo con Cochabamba, mientras que los bloqueos que se registran en esta ciudad hace cuatro contin\u00faan provocando perjuicio a la ciudadan\u00eda. Las personas que tiene que transportarse desde Cercado hacia Quillacollo o viajar al occidente del pa\u00eds han tenido [&hellip;]\" \/>\n<meta property=\"og:url\" content=\"https:\/\/www.eldiario.net\/portal\/2023\/07\/14\/en-colcapirhua-acuerdan-no-bloquear-tren-metropolitano\/\" \/>\n<meta property=\"og:site_name\" content=\"El Diario - Bolivia\" \/>\n<meta property=\"article:publisher\" content=\"https:\/\/www.facebook.com\/eldiario.bolivia\/\" \/>\n<meta property=\"article:published_time\" content=\"2023-07-14T11:07:03+00:00\" \/>\n<meta property=\"og:image\" content=\"https:\/\/www.eldiario.net\/portal\/wp-content\/uploads\/2023\/07\/COCHA-FOTO-1.jpg\" \/>\n\t<meta property=\"og:image:width\" content=\"1599\" \/>\n\t<meta property=\"og:image:height\" content=\"1066\" \/>\n\t<meta property=\"og:image:type\" content=\"image\/jpeg\" \/>\n<meta name=\"author\" content=\"Jeanette\" \/>\n<meta name=\"twitter:card\" content=\"summary_large_image\" \/>\n<meta name=\"twitter:creator\" content=\"@eldiario_net\" \/>\n<meta name=\"twitter:site\" content=\"@eldiario_net\" \/>\n<meta name=\"twitter:label1\" content=\"Escrito por\" \/>\n\t<meta name=\"twitter:data1\" content=\"Jeanette\" \/>\n\t<meta name=\"twitter:label2\" content=\"Tiempo de lectura\" \/>\n\t<meta name=\"twitter:data2\" content=\"2 minutos\" \/>\n<script type=\"application\/ld+json\" class=\"yoast-schema-graph\">{\"@context\":\"https:\\\/\\\/schema.org\",\"@graph\":[{\"@type\":\"Article\",\"@id\":\"https:\\\/\\\/www.eldiario.net\\\/portal\\\/2023\\\/07\\\/14\\\/en-colcapirhua-acuerdan-no-bloquear-tren-metropolitano\\\/#article\",\"isPartOf\":{\"@id\":\"https:\\\/\\\/www.eldiario.net\\\/portal\\\/2023\\\/07\\\/14\\\/en-colcapirhua-acuerdan-no-bloquear-tren-metropolitano\\\/\"},\"author\":{\"name\":\"Jeanette\",\"@id\":\"https:\\\/\\\/www.eldiario.net\\\/portal\\\/#\\\/schema\\\/person\\\/2c57cf2b7a7ae032e449e4c9b1019eac\"},\"headline\":\"En Colcapirhua acuerdan no bloquear Tren Metropolitano\",\"datePublished\":\"2023-07-14T11:07:03+00:00\",\"mainEntityOfPage\":{\"@id\":\"https:\\\/\\\/www.eldiario.net\\\/portal\\\/2023\\\/07\\\/14\\\/en-colcapirhua-acuerdan-no-bloquear-tren-metropolitano\\\/\"},\"wordCount\":316,\"publisher\":{\"@id\":\"https:\\\/\\\/www.eldiario.net\\\/portal\\\/#organization\"},\"image\":{\"@id\":\"https:\\\/\\\/www.eldiario.net\\\/portal\\\/2023\\\/07\\\/14\\\/en-colcapirhua-acuerdan-no-bloquear-tren-metropolitano\\\/#primaryimage\"},\"thumbnailUrl\":\"https:\\\/\\\/www.eldiario.net\\\/portal\\\/wp-content\\\/uploads\\\/2023\\\/07\\\/COCHA-FOTO-1.jpg\",\"articleSection\":[\"Nacional\"],\"inLanguage\":\"es\"},{\"@type\":\"WebPage\",\"@id\":\"https:\\\/\\\/www.eldiario.net\\\/portal\\\/2023\\\/07\\\/14\\\/en-colcapirhua-acuerdan-no-bloquear-tren-metropolitano\\\/\",\"url\":\"https:\\\/\\\/www.eldiario.net\\\/portal\\\/2023\\\/07\\\/14\\\/en-colcapirhua-acuerdan-no-bloquear-tren-metropolitano\\\/\",\"name\":\"En Colcapirhua acuerdan no bloquear Tren Metropolitano - El Diario - Bolivia\",\"isPartOf\":{\"@id\":\"https:\\\/\\\/www.eldiario.net\\\/portal\\\/#website\"},\"primaryImageOfPage\":{\"@id\":\"https:\\\/\\\/www.eldiario.net\\\/portal\\\/2023\\\/07\\\/14\\\/en-colcapirhua-acuerdan-no-bloquear-tren-metropolitano\\\/#primaryimage\"},\"image\":{\"@id\":\"https:\\\/\\\/www.eldiario.net\\\/portal\\\/2023\\\/07\\\/14\\\/en-colcapirhua-acuerdan-no-bloquear-tren-metropolitano\\\/#primaryimage\"},\"thumbnailUrl\":\"https:\\\/\\\/www.eldiario.net\\\/portal\\\/wp-content\\\/uploads\\\/2023\\\/07\\\/COCHA-FOTO-1.jpg\",\"datePublished\":\"2023-07-14T11:07:03+00:00\",\"breadcrumb\":{\"@id\":\"https:\\\/\\\/www.eldiario.net\\\/portal\\\/2023\\\/07\\\/14\\\/en-colcapirhua-acuerdan-no-bloquear-tren-metropolitano\\\/#breadcrumb\"},\"inLanguage\":\"es\",\"potentialAction\":[{\"@type\":\"ReadAction\",\"target\":[\"https:\\\/\\\/www.eldiario.net\\\/portal\\\/2023\\\/07\\\/14\\\/en-colcapirhua-acuerdan-no-bloquear-tren-metropolitano\\\/\"]}]},{\"@type\":\"ImageObject\",\"inLanguage\":\"es\",\"@id\":\"https:\\\/\\\/www.eldiario.net\\\/portal\\\/2023\\\/07\\\/14\\\/en-colcapirhua-acuerdan-no-bloquear-tren-metropolitano\\\/#primaryimage\",\"url\":\"https:\\\/\\\/www.eldiario.net\\\/portal\\\/wp-content\\\/uploads\\\/2023\\\/07\\\/COCHA-FOTO-1.jpg\",\"contentUrl\":\"https:\\\/\\\/www.eldiario.net\\\/portal\\\/wp-content\\\/uploads\\\/2023\\\/07\\\/COCHA-FOTO-1.jpg\",\"width\":1599,\"height\":1066,\"caption\":\"LA CIUDADAN\u00cdA HACE USO DEL TREN METROPOLITANO SI QUE QUIERE TRASLADAR DE LA CIUDAD DE COCHABAMBA HASTA QUILLACOLLO. FOTO: apg\"},{\"@type\":\"BreadcrumbList\",\"@id\":\"https:\\\/\\\/www.eldiario.net\\\/portal\\\/2023\\\/07\\\/14\\\/en-colcapirhua-acuerdan-no-bloquear-tren-metropolitano\\\/#breadcrumb\",\"itemListElement\":[{\"@type\":\"ListItem\",\"position\":1,\"name\":\"Portada\",\"item\":\"https:\\\/\\\/www.eldiario.net\\\/portal\\\/\"},{\"@type\":\"ListItem\",\"position\":2,\"name\":\"En Colcapirhua acuerdan no bloquear Tren Metropolitano\"}]},{\"@type\":\"WebSite\",\"@id\":\"https:\\\/\\\/www.eldiario.net\\\/portal\\\/#website\",\"url\":\"https:\\\/\\\/www.eldiario.net\\\/portal\\\/\",\"name\":\"El Diario - Decano de la prensa nacional\",\"description\":\"El Diario - Decano de la prensa nacional\",\"publisher\":{\"@id\":\"https:\\\/\\\/www.eldiario.net\\\/portal\\\/#organization\"},\"potentialAction\":[{\"@type\":\"SearchAction\",\"target\":{\"@type\":\"EntryPoint\",\"urlTemplate\":\"https:\\\/\\\/www.eldiario.net\\\/portal\\\/?s={search_term_string}\"},\"query-input\":{\"@type\":\"PropertyValueSpecification\",\"valueRequired\":true,\"valueName\":\"search_term_string\"}}],\"inLanguage\":\"es\"},{\"@type\":\"Organization\",\"@id\":\"https:\\\/\\\/www.eldiario.net\\\/portal\\\/#organization\",\"name\":\"El Diario - Decano de la prensa nacional\",\"url\":\"https:\\\/\\\/www.eldiario.net\\\/portal\\\/\",\"logo\":{\"@type\":\"ImageObject\",\"inLanguage\":\"es\",\"@id\":\"https:\\\/\\\/www.eldiario.net\\\/portal\\\/#\\\/schema\\\/logo\\\/image\\\/\",\"url\":\"https:\\\/\\\/www.eldiario.net\\\/portal\\\/wp-content\\\/uploads\\\/2023\\\/07\\\/logo_ED.jpg\",\"contentUrl\":\"https:\\\/\\\/www.eldiario.net\\\/portal\\\/wp-content\\\/uploads\\\/2023\\\/07\\\/logo_ED.jpg\",\"width\":272,\"height\":52,\"caption\":\"El Diario - Decano de la prensa nacional\"},\"image\":{\"@id\":\"https:\\\/\\\/www.eldiario.net\\\/portal\\\/#\\\/schema\\\/logo\\\/image\\\/\"},\"sameAs\":[\"https:\\\/\\\/www.facebook.com\\\/eldiario.bolivia\\\/\",\"https:\\\/\\\/x.com\\\/eldiario_net\"]},{\"@type\":\"Person\",\"@id\":\"https:\\\/\\\/www.eldiario.net\\\/portal\\\/#\\\/schema\\\/person\\\/2c57cf2b7a7ae032e449e4c9b1019eac\",\"name\":\"Jeanette\",\"image\":{\"@type\":\"ImageObject\",\"inLanguage\":\"es\",\"@id\":\"https:\\\/\\\/secure.gravatar.com\\\/avatar\\\/3ea2118a5f7dad2b7138b1187a6b7ee55f160b9968b66013c3a3ef39dd7e5798?s=96&d=mm&r=g\",\"url\":\"https:\\\/\\\/secure.gravatar.com\\\/avatar\\\/3ea2118a5f7dad2b7138b1187a6b7ee55f160b9968b66013c3a3ef39dd7e5798?s=96&d=mm&r=g\",\"contentUrl\":\"https:\\\/\\\/secure.gravatar.com\\\/avatar\\\/3ea2118a5f7dad2b7138b1187a6b7ee55f160b9968b66013c3a3ef39dd7e5798?s=96&d=mm&r=g\",\"caption\":\"Jeanette\"},\"sameAs\":[\"https:\\\/\\\/www.eldiario.net\\\/portal\"],\"url\":\"https:\\\/\\\/www.eldiario.net\\\/portal\\\/author\\\/jeanette\\\/\"}]}<\/script>\n<!-- \/ Yoast SEO plugin. -->","yoast_head_json":{"title":"En Colcapirhua acuerdan no bloquear Tren Metropolitano - El Diario - Bolivia","robots":{"index":"index","follow":"follow","max-snippet":"max-snippet:-1","max-image-preview":"max-image-preview:large","max-video-preview":"max-video-preview:-1"},"canonical":"https:\/\/www.eldiario.net\/portal\/2023\/07\/14\/en-colcapirhua-acuerdan-no-bloquear-tren-metropolitano\/","og_locale":"es_ES","og_type":"article","og_title":"En Colcapirhua acuerdan no bloquear Tren Metropolitano - El Diario - Bolivia","og_description":"Los pobladores del municipio de Colcapirhua determinaron no bloquear la l\u00ednea del Tren Metropolitano que conecta Quillacollo con Cochabamba, mientras que los bloqueos que se registran en esta ciudad hace cuatro contin\u00faan provocando perjuicio a la ciudadan\u00eda. Las personas que tiene que transportarse desde Cercado hacia Quillacollo o viajar al occidente del pa\u00eds han tenido [&hellip;]","og_url":"https:\/\/www.eldiario.net\/portal\/2023\/07\/14\/en-colcapirhua-acuerdan-no-bloquear-tren-metropolitano\/","og_site_name":"El Diario - Bolivia","article_publisher":"https:\/\/www.facebook.com\/eldiario.bolivia\/","article_published_time":"2023-07-14T11:07:03+00:00","og_image":[{"width":1599,"height":1066,"url":"https:\/\/www.eldiario.net\/portal\/wp-content\/uploads\/2023\/07\/COCHA-FOTO-1.jpg","type":"image\/jpeg"}],"author":"Jeanette","twitter_card":"summary_large_image","twitter_creator":"@eldiario_net","twitter_site":"@eldiario_net","twitter_misc":{"Escrito por":"Jeanette","Tiempo de lectura":"2 minutos"},"schema":{"@context":"https:\/\/schema.org","@graph":[{"@type":"Article","@id":"https:\/\/www.eldiario.net\/portal\/2023\/07\/14\/en-colcapirhua-acuerdan-no-bloquear-tren-metropolitano\/#article","isPartOf":{"@id":"https:\/\/www.eldiario.net\/portal\/2023\/07\/14\/en-colcapirhua-acuerdan-no-bloquear-tren-metropolitano\/"},"author":{"name":"Jeanette","@id":"https:\/\/www.eldiario.net\/portal\/#\/schema\/person\/2c57cf2b7a7ae032e449e4c9b1019eac"},"headline":"En Colcapirhua acuerdan no bloquear Tren Metropolitano","datePublished":"2023-07-14T11:07:03+00:00","mainEntityOfPage":{"@id":"https:\/\/www.eldiario.net\/portal\/2023\/07\/14\/en-colcapirhua-acuerdan-no-bloquear-tren-metropolitano\/"},"wordCount":316,"publisher":{"@id":"https:\/\/www.eldiario.net\/portal\/#organization"},"image":{"@id":"https:\/\/www.eldiario.net\/portal\/2023\/07\/14\/en-colcapirhua-acuerdan-no-bloquear-tren-metropolitano\/#primaryimage"},"thumbnailUrl":"https:\/\/www.eldiario.net\/portal\/wp-content\/uploads\/2023\/07\/COCHA-FOTO-1.jpg","articleSection":["Nacional"],"inLanguage":"es"},{"@type":"WebPage","@id":"https:\/\/www.eldiario.net\/portal\/2023\/07\/14\/en-colcapirhua-acuerdan-no-bloquear-tren-metropolitano\/","url":"https:\/\/www.eldiario.net\/portal\/2023\/07\/14\/en-colcapirhua-acuerdan-no-bloquear-tren-metropolitano\/","name":"En Colcapirhua acuerdan no bloquear Tren Metropolitano - El Diario - Bolivia","isPartOf":{"@id":"https:\/\/www.eldiario.net\/portal\/#website"},"primaryImageOfPage":{"@id":"https:\/\/www.eldiario.net\/portal\/2023\/07\/14\/en-colcapirhua-acuerdan-no-bloquear-tren-metropolitano\/#primaryimage"},"image":{"@id":"https:\/\/www.eldiario.net\/portal\/2023\/07\/14\/en-colcapirhua-acuerdan-no-bloquear-tren-metropolitano\/#primaryimage"},"thumbnailUrl":"https:\/\/www.eldiario.net\/portal\/wp-content\/uploads\/2023\/07\/COCHA-FOTO-1.jpg","datePublished":"2023-07-14T11:07:03+00:00","breadcrumb":{"@id":"https:\/\/www.eldiario.net\/portal\/2023\/07\/14\/en-colcapirhua-acuerdan-no-bloquear-tren-metropolitano\/#breadcrumb"},"inLanguage":"es","potentialAction":[{"@type":"ReadAction","target":["https:\/\/www.eldiario.net\/portal\/2023\/07\/14\/en-colcapirhua-acuerdan-no-bloquear-tren-metropolitano\/"]}]},{"@type":"ImageObject","inLanguage":"es","@id":"https:\/\/www.eldiario.net\/portal\/2023\/07\/14\/en-colcapirhua-acuerdan-no-bloquear-tren-metropolitano\/#primaryimage","url":"https:\/\/www.eldiario.net\/portal\/wp-content\/uploads\/2023\/07\/COCHA-FOTO-1.jpg","contentUrl":"https:\/\/www.eldiario.net\/portal\/wp-content\/uploads\/2023\/07\/COCHA-FOTO-1.jpg","width":1599,"height":1066,"caption":"LA CIUDADAN\u00cdA HACE USO DEL TREN METROPOLITANO SI QUE QUIERE TRASLADAR DE LA CIUDAD DE COCHABAMBA HASTA QUILLACOLLO. FOTO: apg"},{"@type":"BreadcrumbList","@id":"https:\/\/www.eldiario.net\/portal\/2023\/07\/14\/en-colcapirhua-acuerdan-no-bloquear-tren-metropolitano\/#breadcrumb","itemListElement":[{"@type":"ListItem","position":1,"name":"Portada","item":"https:\/\/www.eldiario.net\/portal\/"},{"@type":"ListItem","position":2,"name":"En Colcapirhua acuerdan no bloquear Tren Metropolitano"}]},{"@type":"WebSite","@id":"https:\/\/www.eldiario.net\/portal\/#website","url":"https:\/\/www.eldiario.net\/portal\/","name":"El Diario - Decano de la prensa nacional","description":"El Diario - Decano de la prensa nacional","publisher":{"@id":"https:\/\/www.eldiario.net\/portal\/#organization"},"potentialAction":[{"@type":"SearchAction","target":{"@type":"EntryPoint","urlTemplate":"https:\/\/www.eldiario.net\/portal\/?s={search_term_string}"},"query-input":{"@type":"PropertyValueSpecification","valueRequired":true,"valueName":"search_term_string"}}],"inLanguage":"es"},{"@type":"Organization","@id":"https:\/\/www.eldiario.net\/portal\/#organization","name":"El Diario - Decano de la prensa nacional","url":"https:\/\/www.eldiario.net\/portal\/","logo":{"@type":"ImageObject","inLanguage":"es","@id":"https:\/\/www.eldiario.net\/portal\/#\/schema\/logo\/image\/","url":"https:\/\/www.eldiario.net\/portal\/wp-content\/uploads\/2023\/07\/logo_ED.jpg","contentUrl":"https:\/\/www.eldiario.net\/portal\/wp-content\/uploads\/2023\/07\/logo_ED.jpg","width":272,"height":52,"caption":"El Diario - Decano de la prensa nacional"},"image":{"@id":"https:\/\/www.eldiario.net\/portal\/#\/schema\/logo\/image\/"},"sameAs":["https:\/\/www.facebook.com\/eldiario.bolivia\/","https:\/\/x.com\/eldiario_net"]},{"@type":"Person","@id":"https:\/\/www.eldiario.net\/portal\/#\/schema\/person\/2c57cf2b7a7ae032e449e4c9b1019eac","name":"Jeanette","image":{"@type":"ImageObject","inLanguage":"es","@id":"https:\/\/secure.gravatar.com\/avatar\/3ea2118a5f7dad2b7138b1187a6b7ee55f160b9968b66013c3a3ef39dd7e5798?s=96&d=mm&r=g","url":"https:\/\/secure.gravatar.com\/avatar\/3ea2118a5f7dad2b7138b1187a6b7ee55f160b9968b66013c3a3ef39dd7e5798?s=96&d=mm&r=g","contentUrl":"https:\/\/secure.gravatar.com\/avatar\/3ea2118a5f7dad2b7138b1187a6b7ee55f160b9968b66013c3a3ef39dd7e5798?s=96&d=mm&r=g","caption":"Jeanette"},"sameAs":["https:\/\/www.eldiario.net\/portal"],"url":"https:\/\/www.eldiario.net\/portal\/author\/jeanette\/"}]}},"_links":{"self":[{"href":"https:\/\/www.eldiario.net\/portal\/wp-json\/wp\/v2\/posts\/165451","targetHints":{"allow":["GET"]}}],"collection":[{"href":"https:\/\/www.eldiario.net\/portal\/wp-json\/wp\/v2\/posts"}],"about":[{"href":"https:\/\/www.eldiario.net\/portal\/wp-json\/wp\/v2\/types\/post"}],"author":[{"embeddable":true,"href":"https:\/\/www.eldiario.net\/portal\/wp-json\/wp\/v2\/users\/1"}],"replies":[{"embeddable":true,"href":"https:\/\/www.eldiario.net\/portal\/wp-json\/wp\/v2\/comments?post=165451"}],"version-history":[{"count":0,"href":"https:\/\/www.eldiario.net\/portal\/wp-json\/wp\/v2\/posts\/165451\/revisions"}],"wp:featuredmedia":[{"embeddable":true,"href":"https:\/\/www.eldiario.net\/portal\/wp-json\/wp\/v2\/media\/165452"}],"wp:attachment":[{"href":"https:\/\/www.eldiario.net\/portal\/wp-json\/wp\/v2\/media?parent=165451"}],"wp:term":[{"taxonomy":"category","embeddable":true,"href":"https:\/\/www.eldiario.net\/portal\/wp-json\/wp\/v2\/categories?post=165451"},{"taxonomy":"post_tag","embeddable":true,"href":"https:\/\/www.eldiario.net\/portal\/wp-json\/wp\/v2\/tags?post=165451"}],"curies":[{"name":"wp","href":"https:\/\/api.w.org\/{rel}","templated":true}]}}