{"id":165442,"date":"2023-07-14T07:02:46","date_gmt":"2023-07-14T11:02:46","guid":{"rendered":"https:\/\/www.eldiario.net\/portal\/?p=165442"},"modified":"2023-07-14T07:02:46","modified_gmt":"2023-07-14T11:02:46","slug":"anita-tapia-si-yo-no-grito-no-siento-que-estoy-viva","status":"publish","type":"post","link":"https:\/\/www.eldiario.net\/portal\/2023\/07\/14\/anita-tapia-si-yo-no-grito-no-siento-que-estoy-viva\/","title":{"rendered":"ANITA TAPIA \u201cSi yo no grito no siento que estoy viva\u201d"},"content":{"rendered":"<p><strong>Nombre:<\/strong> Ana Tapia Arce.<\/p>\n<p><strong>Fecha y lugar de nacimiento:<\/strong> 1 de octubre de 1985 en la ciudad de La Paz.<\/p>\n<p><strong>Estudios:<\/strong> No pude concluir la carrera de Trabajo Social.<\/p>\n<p><strong>Estado civil:<\/strong> Casada.<\/p>\n<p><strong>\u00bfA qu\u00e9 te dedicas hoy?:<\/strong> Tengo mi microempresa y ahora estoy como conductora de los programas <em>Gustito Boliviano<\/em> y <em>Lucha de Caseras<\/em> en RTP.<\/p>\n<p>&nbsp;<\/p>\n<p><strong>LG: \u00bfQu\u00e9 es lo que el p\u00fablico no sabe de ti?<\/strong><\/p>\n<p>A: Que soy una madre abnegada (sonr\u00ede), s\u00ed, creo que eso no sabe, no muestro mucho a mi familia porque la cuido bastante.<\/p>\n<p><strong>LG: Si volvieras a nacer, \u00bfqu\u00e9 cambiar\u00edas de tu vida?<\/strong><\/p>\n<p>A: Me gustar\u00eda estudiar reposter\u00eda, pero a nivel dios (sonr\u00ede), (es decir) saber de todo, tener estudios internacionales, reposter\u00eda internacional, viajar por el mundo, eso me gustar\u00eda hacer.<\/p>\n<p><strong>LG: F\u00edsicamente, \u00bfcambiar\u00edas algo?<\/strong><\/p>\n<p>A: Ah\u2026 ser m\u00e1s flaca\u2026 pero al paso que voy, creo que no (sonr\u00ede), yo creo que s\u00ed, ser un poco m\u00e1s delgada.<\/p>\n<p><strong>LG: \u00bfCu\u00e1l es tu mayor fortaleza?<\/strong><\/p>\n<p>A: Mi mayor fortaleza es no darme por vencida f\u00e1cilmente.<\/p>\n<p><strong>LG: Y \u00bftu mayor debilidad?<\/strong><\/p>\n<p>A: Pensar que lo puedo hacer todo yo sola.<\/p>\n<p><strong>LG: \u00bfQu\u00e9 es lo mejor que han opinado de ti?<\/strong><\/p>\n<p>A: \u00bfLo mejor que han opinado de m\u00ed? A ver\u2026 d\u00e9jame pensarlo&#8230; que soy una persona humilde, que tengo los pies en la tierra.<\/p>\n<p><strong>LG: \u00bfY lo peor?<\/strong><\/p>\n<p>A: Ay, \u00bflo peor que han dicho de m\u00ed?\u2026 que soy gritona (risas).<\/p>\n<p><strong>LG: Y \u00bferes gritona?<\/strong><\/p>\n<p>A: Ay, s\u00ed soy gritona, para qu\u00e9, es que si yo no grito no siento que estoy viva (sonr\u00ede).<\/p>\n<p><strong>LG: Cuando te miras en el espejo, \u00bfqu\u00e9 ves?<\/strong><\/p>\n<p>A: Veo a una mujer con sue\u00f1os por realizar todav\u00eda. S\u00ed, eso es lo que veo.<\/p>\n<p><strong>LG: \u00bfEres una esclava del espejo?<\/strong><\/p>\n<p>A: No, pero me recuerda lo que tengo todav\u00eda que hacer.<\/p>\n<p><strong>LG: \u00bfQu\u00e9 haces en tu tiempo libre?<\/strong><\/p>\n<p>A: Por este tiempo solo quiero descansar (sonr\u00ede), quisiera dormir, es la verdad&#8230; quisiera tener descanso.<\/p>\n<p><strong>LG: \u00bfNo tienes otro hobby por el momento?<\/strong><\/p>\n<p>A: Por el momento no, con mi beb\u00e9 no puedo hacer nada m\u00e1s que ser mam\u00e1.<\/p>\n<p><strong>LG: \u00bfQu\u00e9 se llama tu beb\u00e9?<\/strong><\/p>\n<p>A: Se llama Luciana. Es mi segunda nenita.<\/p>\n<p><strong>LG: \u00bfCon qu\u00e9 animal te identificas?<\/strong><\/p>\n<p>A: Con el gato, porque el gato a nadie molesta y hace sus cosas solito.<\/p>\n<p><strong>LG: Y t\u00fa \u00bferes as\u00ed?<\/strong><\/p>\n<p>A: S\u00ed, para qu\u00e9, hago mis cosas sola. Si es que tengo que hacerlo, lo hago y a nadie molesto.<\/p>\n<p><strong>LG: \u00bfQu\u00e9 ser\u00eda lo \u00faltimo que har\u00edas por amor?<\/strong><\/p>\n<p>A: Renunciar a la persona que quiero, eso har\u00eda por amor.<\/p>\n<p><strong>LG: \u00bfUn alivio para las penas de amor?<\/strong><\/p>\n<p>A: Si no ha sido el tiempo y el lugar, creo que hay una segunda vida para volverse a encontrar con tu persona, \u00bfno?, y darse otra oportunidad.<\/p>\n<p><strong>LG: \u00bfQu\u00e9 cosa nunca perdonar\u00edas?<\/strong><\/p>\n<p>A: Creo que para todo hay perd\u00f3n.<\/p>\n<p><strong>LG: \u00bfUna frustraci\u00f3n? <\/strong><\/p>\n<p>A: No haber acabado la universidad hasta ahorita.<\/p>\n<p><strong>LG: \u00bfTe falta mucho?<\/strong><\/p>\n<p>A: Me falta dos a\u00f1os.<\/p>\n<p><strong>LG: \u00bfUn sue\u00f1o realizado?<\/strong><\/p>\n<p>A: Haber comprado mi casita\u2026 he dado mucha lucha hasta conseguirlo, por eso no soy de las personas que se da por vencida f\u00e1cilmente.<\/p>\n<p><strong>LG: \u00bfCu\u00e1ndo fue la \u00faltima vez que lloraste a mares?<\/strong><\/p>\n<p>A: \u00bfA mares? Ay, reci\u00e9n (sonr\u00ede), bueno, en mi depresi\u00f3n post parto.<\/p>\n<p><strong>LG: \u00bfQu\u00e9 haces cuando reniegas?<\/strong><\/p>\n<p>A: A nadie hablo\u2026 me quedo en silencio pensando en c\u00f3mo resolver el problema.<\/p>\n<p><strong>LG: \u00bfY no gritas?<\/strong><\/p>\n<p>A: Ah, no, no, no, me dicen gritona porque dicen que hablo muy fuerte (sonr\u00ede), que hago las cosas hablando muy fuerte\u2026 pero a m\u00ed me gusta ser as\u00ed.<\/p>\n<p><strong>LG: \u00bfCu\u00e1l es el mejor consejo que recibiste?<\/strong><\/p>\n<p>A: Ay, no s\u00e9 cu\u00e1l, de mi mam\u00e1, que me dijo que todo pasa, que el tiempo lo cura todo.<\/p>\n<p><strong>LG: \u00bfC\u00f3mo te gustar\u00eda que te recuerden?<\/strong><\/p>\n<p>A: Como una buena persona, como una buena mam\u00e1, creo que es lo m\u00e1s importante.<\/p>\n<p><strong>LG: \u00bfCu\u00e1les son los defectos que te molestan de los dem\u00e1s?<\/strong><\/p>\n<p>A: La hipocres\u00eda.<\/p>\n<p><strong>LG: \u00bfLa has vivido en carne propia?<\/strong><\/p>\n<p>A: Ah, s\u00ed. Me ha tocado vivir eso, s\u00ed me ha pasado, conocer realmente a las personas.<\/p>\n<p><strong>LG: Si alguien no te cae, \u00bfse lo dices de frente?<\/strong><\/p>\n<p>A: Me alejo, soy de guardar reserva, simplemente me alejo.<\/p>\n<p><strong>LG: Si tuvieras una varita m\u00e1gica, \u00bfqu\u00e9 har\u00edas en este momento?<\/strong><\/p>\n<p>A: Ay, qu\u00e9 lindo, bueno, si tuviera una varita m\u00e1gica creo que tratar\u00eda de no tener deudas pendientes (sonr\u00ede).<\/p>\n<p><strong>LG: Si tendr\u00edas que ser otra presentadora de TV, \u00bfqui\u00e9n ser\u00edas?<\/strong><\/p>\n<p>A: Me encanta Amalia Pando, es muy profesional, realmente me gusta c\u00f3mo maneja o manejaba su programa. Ahora creo que est\u00e1 en radio y me gustaba mucho su forma de manejo con los entrevistados, directo, muy profesional en todo lo que hac\u00eda.<\/p>\n<p><strong>LG: \u00bfTe gustar\u00eda pasar del entretenimiento a las noticias?<\/strong><\/p>\n<p>A: S\u00ed me gustar\u00eda, pero creo con una buena capacitaci\u00f3n porque, claro, he pasado en ATB a ser presentadora de noticias, pero no me han ayudado en lo que es una capacitaci\u00f3n para ese g\u00e9nero. Entonces s\u00ed se hizo complicado, pero no he sido yo el problema, sino la gente que no me ha moldeado.<\/p>\n<p><strong>LG: De no estar en la TV, \u00bfa qu\u00e9 te dedicar\u00edas?<\/strong><\/p>\n<p>A: A la reposter\u00eda profesional (risas), cien por ciento.<\/p>\n<p><strong>LG: \u00bfQu\u00e9 te sale bien en la reposter\u00eda?<\/strong><\/p>\n<p>A: Ay, todo me sale bien, me gusta mucho hacer masitas.<\/p>\n<p><strong>LG: \u00bfQu\u00e9 significa la televisi\u00f3n en tu vida?<\/strong><\/p>\n<p>A: El otro lado de mi vida, la otra puerta en mi vida.<\/p>\n<p><strong>LG: \u00bfCu\u00e1ntos a\u00f1os ya est\u00e1s en la TV?<\/strong><\/p>\n<p>A: Yo estoy 15 a\u00f1os, yendo a los 16 a\u00f1os.<\/p>\n<p><strong>LG: Y la reposter\u00eda, \u00bfqu\u00e9 significa en tu vida?<\/strong><\/p>\n<p>A: Plenitud en total, o sea plenitud en realizarme.<\/p>\n<p><strong>LG: \u00bfQu\u00e9 destacas del Gustito Boliviano y de Lucha de Caseras?<\/strong><\/p>\n<p>A: El <em>Gustito Boliviano<\/em> es la familia totalmente, mi otra casa, y <em>Lucha de Caseras<\/em> es, pues, un reto para m\u00ed en hacer esta clase de programa, hablar con la gente, tener a la gente en directo, me gusta mucho.<\/p>\n<p><strong>\u00a0LG: \u00bfQu\u00e9 representa para ti tu familia?<\/strong><\/p>\n<p>A: Representa mi todo, sin ella nada se podr\u00eda hacer, nada valdr\u00eda la pena hacer.<\/p>\n<p><strong>LG: \u00bfA qui\u00e9nes desear\u00edas abrazar en este momento?<\/strong><\/p>\n<p>A: A mis cuatro amores: Mi madre, mi esposo, mi hijo y mi beb\u00e9, ellos son todo.<\/p>\n<p>&nbsp;<\/p>\n<div id='gallery-1' class='gallery galleryid-165442 gallery-columns-3 gallery-size-medium'><figure class='gallery-item'>\n\t\t\t<div class='gallery-icon landscape'>\n\t\t\t\t<a href='https:\/\/www.eldiario.net\/portal\/2023\/07\/14\/anita-tapia-si-yo-no-grito-no-siento-que-estoy-viva\/anita-1-principal\/'><img loading=\"lazy\" decoding=\"async\" width=\"300\" height=\"223\" src=\"https:\/\/www.eldiario.net\/portal\/wp-content\/uploads\/2023\/07\/anita-1-PRINCIPAL-scaled-1-300x223.jpg\" class=\"attachment-medium size-medium\" alt=\"\" srcset=\"https:\/\/www.eldiario.net\/portal\/wp-content\/uploads\/2023\/07\/anita-1-PRINCIPAL-scaled-1-300x223.jpg 300w, https:\/\/www.eldiario.net\/portal\/wp-content\/uploads\/2023\/07\/anita-1-PRINCIPAL-scaled-1-1024x762.jpg 1024w, https:\/\/www.eldiario.net\/portal\/wp-content\/uploads\/2023\/07\/anita-1-PRINCIPAL-scaled-1-768x571.jpg 768w, https:\/\/www.eldiario.net\/portal\/wp-content\/uploads\/2023\/07\/anita-1-PRINCIPAL-scaled-1-1536x1142.jpg 1536w, https:\/\/www.eldiario.net\/portal\/wp-content\/uploads\/2023\/07\/anita-1-PRINCIPAL-scaled-1-2048x1523.jpg 2048w, https:\/\/www.eldiario.net\/portal\/wp-content\/uploads\/2023\/07\/anita-1-PRINCIPAL-scaled-1-485x360.jpg 485w, https:\/\/www.eldiario.net\/portal\/wp-content\/uploads\/2023\/07\/anita-1-PRINCIPAL-scaled-1-696x518.jpg 696w, https:\/\/www.eldiario.net\/portal\/wp-content\/uploads\/2023\/07\/anita-1-PRINCIPAL-scaled-1-1068x794.jpg 1068w, https:\/\/www.eldiario.net\/portal\/wp-content\/uploads\/2023\/07\/anita-1-PRINCIPAL-scaled-1-1920x1428.jpg 1920w\" sizes=\"auto, (max-width: 300px) 100vw, 300px\" \/><\/a>\n\t\t\t<\/div><\/figure><figure class='gallery-item'>\n\t\t\t<div class='gallery-icon landscape'>\n\t\t\t\t<a href='https:\/\/www.eldiario.net\/portal\/2023\/07\/14\/anita-tapia-si-yo-no-grito-no-siento-que-estoy-viva\/anita-2\/'><img loading=\"lazy\" decoding=\"async\" width=\"300\" height=\"294\" src=\"https:\/\/www.eldiario.net\/portal\/wp-content\/uploads\/2023\/07\/anita-2-300x294.jpg\" class=\"attachment-medium size-medium\" alt=\"\" srcset=\"https:\/\/www.eldiario.net\/portal\/wp-content\/uploads\/2023\/07\/anita-2-300x294.jpg 300w, https:\/\/www.eldiario.net\/portal\/wp-content\/uploads\/2023\/07\/anita-2-768x752.jpg 768w, https:\/\/www.eldiario.net\/portal\/wp-content\/uploads\/2023\/07\/anita-2-696x681.jpg 696w, https:\/\/www.eldiario.net\/portal\/wp-content\/uploads\/2023\/07\/anita-2.jpg 899w\" sizes=\"auto, (max-width: 300px) 100vw, 300px\" \/><\/a>\n\t\t\t<\/div><\/figure><figure class='gallery-item'>\n\t\t\t<div class='gallery-icon landscape'>\n\t\t\t\t<a href='https:\/\/www.eldiario.net\/portal\/2023\/07\/14\/anita-tapia-si-yo-no-grito-no-siento-que-estoy-viva\/anita-3\/'><img loading=\"lazy\" decoding=\"async\" width=\"300\" height=\"274\" src=\"https:\/\/www.eldiario.net\/portal\/wp-content\/uploads\/2023\/07\/anita-3-300x274.jpg\" class=\"attachment-medium size-medium\" alt=\"\" srcset=\"https:\/\/www.eldiario.net\/portal\/wp-content\/uploads\/2023\/07\/anita-3-300x274.jpg 300w, https:\/\/www.eldiario.net\/portal\/wp-content\/uploads\/2023\/07\/anita-3-1024x934.jpg 1024w, https:\/\/www.eldiario.net\/portal\/wp-content\/uploads\/2023\/07\/anita-3-768x700.jpg 768w, https:\/\/www.eldiario.net\/portal\/wp-content\/uploads\/2023\/07\/anita-3-1536x1401.jpg 1536w, https:\/\/www.eldiario.net\/portal\/wp-content\/uploads\/2023\/07\/anita-3-2048x1868.jpg 2048w, https:\/\/www.eldiario.net\/portal\/wp-content\/uploads\/2023\/07\/anita-3-696x635.jpg 696w, https:\/\/www.eldiario.net\/portal\/wp-content\/uploads\/2023\/07\/anita-3-1068x974.jpg 1068w, https:\/\/www.eldiario.net\/portal\/wp-content\/uploads\/2023\/07\/anita-3-1920x1751.jpg 1920w\" sizes=\"auto, (max-width: 300px) 100vw, 300px\" \/><\/a>\n\t\t\t<\/div><\/figure><figure class='gallery-item'>\n\t\t\t<div class='gallery-icon portrait'>\n\t\t\t\t<a href='https:\/\/www.eldiario.net\/portal\/2023\/07\/14\/anita-tapia-si-yo-no-grito-no-siento-que-estoy-viva\/anita-4\/'><img loading=\"lazy\" decoding=\"async\" width=\"296\" height=\"300\" src=\"https:\/\/www.eldiario.net\/portal\/wp-content\/uploads\/2023\/07\/anita-4-296x300.jpeg\" class=\"attachment-medium size-medium\" alt=\"\" srcset=\"https:\/\/www.eldiario.net\/portal\/wp-content\/uploads\/2023\/07\/anita-4-296x300.jpeg 296w, https:\/\/www.eldiario.net\/portal\/wp-content\/uploads\/2023\/07\/anita-4-768x779.jpeg 768w, https:\/\/www.eldiario.net\/portal\/wp-content\/uploads\/2023\/07\/anita-4-696x706.jpeg 696w, https:\/\/www.eldiario.net\/portal\/wp-content\/uploads\/2023\/07\/anita-4.jpeg 899w\" sizes=\"auto, (max-width: 296px) 100vw, 296px\" \/><\/a>\n\t\t\t<\/div><\/figure><figure class='gallery-item'>\n\t\t\t<div class='gallery-icon portrait'>\n\t\t\t\t<a href='https:\/\/www.eldiario.net\/portal\/2023\/07\/14\/anita-tapia-si-yo-no-grito-no-siento-que-estoy-viva\/anita-5\/'><img loading=\"lazy\" decoding=\"async\" width=\"252\" height=\"300\" src=\"https:\/\/www.eldiario.net\/portal\/wp-content\/uploads\/2023\/07\/anita-5-252x300.jpg\" class=\"attachment-medium size-medium\" alt=\"\" srcset=\"https:\/\/www.eldiario.net\/portal\/wp-content\/uploads\/2023\/07\/anita-5-252x300.jpg 252w, https:\/\/www.eldiario.net\/portal\/wp-content\/uploads\/2023\/07\/anita-5-860x1024.jpg 860w, https:\/\/www.eldiario.net\/portal\/wp-content\/uploads\/2023\/07\/anita-5-768x915.jpg 768w, https:\/\/www.eldiario.net\/portal\/wp-content\/uploads\/2023\/07\/anita-5-696x829.jpg 696w, https:\/\/www.eldiario.net\/portal\/wp-content\/uploads\/2023\/07\/anita-5.jpg 899w\" sizes=\"auto, (max-width: 252px) 100vw, 252px\" \/><\/a>\n\t\t\t<\/div><\/figure>\n\t\t<\/div>\n\n","protected":false},"excerpt":{"rendered":"<p>Nombre: Ana Tapia Arce. Fecha y lugar de nacimiento: 1 de octubre de 1985 en la ciudad de La Paz. Estudios: No pude concluir la carrera de Trabajo Social. Estado civil: Casada. \u00bfA qu\u00e9 te dedicas hoy?: Tengo mi microempresa y ahora estoy como conductora de los programas Gustito Boliviano y Lucha de Caseras en [&hellip;]<\/p>\n","protected":false},"author":1,"featured_media":165443,"comment_status":"closed","ping_status":"open","sticky":false,"template":"","format":"standard","meta":{"_acf_changed":false,"footnotes":""},"categories":[41],"tags":[],"class_list":["post-165442","post","type-post","status-publish","format-standard","has-post-thumbnail","category-la-guia"],"acf":{"antetitulo":""},"yoast_head":"<!-- This site is optimized with the Yoast SEO plugin v28.4 - https:\/\/yoast.com\/product\/yoast-seo-wordpress\/ -->\n<title>ANITA TAPIA \u201cSi yo no grito no siento que estoy viva\u201d - El Diario - Bolivia<\/title>\n<meta name=\"robots\" content=\"index, follow, max-snippet:-1, max-image-preview:large, max-video-preview:-1\" \/>\n<link rel=\"canonical\" href=\"https:\/\/www.eldiario.net\/portal\/2023\/07\/14\/anita-tapia-si-yo-no-grito-no-siento-que-estoy-viva\/\" \/>\n<meta property=\"og:locale\" content=\"es_ES\" \/>\n<meta property=\"og:type\" content=\"article\" \/>\n<meta property=\"og:title\" content=\"ANITA TAPIA \u201cSi yo no grito no siento que estoy viva\u201d - El Diario - Bolivia\" \/>\n<meta property=\"og:description\" content=\"Nombre: Ana Tapia Arce. Fecha y lugar de nacimiento: 1 de octubre de 1985 en la ciudad de La Paz. Estudios: No pude concluir la carrera de Trabajo Social. Estado civil: Casada. \u00bfA qu\u00e9 te dedicas hoy?: Tengo mi microempresa y ahora estoy como conductora de los programas Gustito Boliviano y Lucha de Caseras en [&hellip;]\" \/>\n<meta property=\"og:url\" content=\"https:\/\/www.eldiario.net\/portal\/2023\/07\/14\/anita-tapia-si-yo-no-grito-no-siento-que-estoy-viva\/\" \/>\n<meta property=\"og:site_name\" content=\"El Diario - Bolivia\" \/>\n<meta property=\"article:publisher\" content=\"https:\/\/www.facebook.com\/eldiario.bolivia\/\" \/>\n<meta property=\"article:published_time\" content=\"2023-07-14T11:02:46+00:00\" \/>\n<meta property=\"og:image\" content=\"https:\/\/www.eldiario.net\/portal\/wp-content\/uploads\/2023\/07\/anita-1-PRINCIPAL-scaled-1.jpg\" \/>\n\t<meta property=\"og:image:width\" content=\"2560\" \/>\n\t<meta property=\"og:image:height\" content=\"1904\" \/>\n\t<meta property=\"og:image:type\" content=\"image\/jpeg\" \/>\n<meta name=\"author\" content=\"Jeanette\" \/>\n<meta name=\"twitter:card\" content=\"summary_large_image\" \/>\n<meta name=\"twitter:creator\" content=\"@eldiario_net\" \/>\n<meta name=\"twitter:site\" content=\"@eldiario_net\" \/>\n<meta name=\"twitter:label1\" content=\"Escrito por\" \/>\n\t<meta name=\"twitter:data1\" content=\"Jeanette\" \/>\n\t<meta name=\"twitter:label2\" content=\"Tiempo de lectura\" \/>\n\t<meta name=\"twitter:data2\" content=\"5 minutos\" \/>\n<script type=\"application\/ld+json\" class=\"yoast-schema-graph\">{\"@context\":\"https:\\\/\\\/schema.org\",\"@graph\":[{\"@type\":\"Article\",\"@id\":\"https:\\\/\\\/www.eldiario.net\\\/portal\\\/2023\\\/07\\\/14\\\/anita-tapia-si-yo-no-grito-no-siento-que-estoy-viva\\\/#article\",\"isPartOf\":{\"@id\":\"https:\\\/\\\/www.eldiario.net\\\/portal\\\/2023\\\/07\\\/14\\\/anita-tapia-si-yo-no-grito-no-siento-que-estoy-viva\\\/\"},\"author\":{\"name\":\"Jeanette\",\"@id\":\"https:\\\/\\\/www.eldiario.net\\\/portal\\\/#\\\/schema\\\/person\\\/2c57cf2b7a7ae032e449e4c9b1019eac\"},\"headline\":\"ANITA TAPIA \u201cSi yo no grito no siento que estoy viva\u201d\",\"datePublished\":\"2023-07-14T11:02:46+00:00\",\"mainEntityOfPage\":{\"@id\":\"https:\\\/\\\/www.eldiario.net\\\/portal\\\/2023\\\/07\\\/14\\\/anita-tapia-si-yo-no-grito-no-siento-que-estoy-viva\\\/\"},\"wordCount\":1135,\"publisher\":{\"@id\":\"https:\\\/\\\/www.eldiario.net\\\/portal\\\/#organization\"},\"image\":{\"@id\":\"https:\\\/\\\/www.eldiario.net\\\/portal\\\/2023\\\/07\\\/14\\\/anita-tapia-si-yo-no-grito-no-siento-que-estoy-viva\\\/#primaryimage\"},\"thumbnailUrl\":\"https:\\\/\\\/www.eldiario.net\\\/portal\\\/wp-content\\\/uploads\\\/2023\\\/07\\\/anita-1-PRINCIPAL-scaled-1.jpg\",\"articleSection\":[\"La Gu\u00eda\"],\"inLanguage\":\"es\"},{\"@type\":\"WebPage\",\"@id\":\"https:\\\/\\\/www.eldiario.net\\\/portal\\\/2023\\\/07\\\/14\\\/anita-tapia-si-yo-no-grito-no-siento-que-estoy-viva\\\/\",\"url\":\"https:\\\/\\\/www.eldiario.net\\\/portal\\\/2023\\\/07\\\/14\\\/anita-tapia-si-yo-no-grito-no-siento-que-estoy-viva\\\/\",\"name\":\"ANITA TAPIA \u201cSi yo no grito no siento que estoy viva\u201d - El Diario - Bolivia\",\"isPartOf\":{\"@id\":\"https:\\\/\\\/www.eldiario.net\\\/portal\\\/#website\"},\"primaryImageOfPage\":{\"@id\":\"https:\\\/\\\/www.eldiario.net\\\/portal\\\/2023\\\/07\\\/14\\\/anita-tapia-si-yo-no-grito-no-siento-que-estoy-viva\\\/#primaryimage\"},\"image\":{\"@id\":\"https:\\\/\\\/www.eldiario.net\\\/portal\\\/2023\\\/07\\\/14\\\/anita-tapia-si-yo-no-grito-no-siento-que-estoy-viva\\\/#primaryimage\"},\"thumbnailUrl\":\"https:\\\/\\\/www.eldiario.net\\\/portal\\\/wp-content\\\/uploads\\\/2023\\\/07\\\/anita-1-PRINCIPAL-scaled-1.jpg\",\"datePublished\":\"2023-07-14T11:02:46+00:00\",\"breadcrumb\":{\"@id\":\"https:\\\/\\\/www.eldiario.net\\\/portal\\\/2023\\\/07\\\/14\\\/anita-tapia-si-yo-no-grito-no-siento-que-estoy-viva\\\/#breadcrumb\"},\"inLanguage\":\"es\",\"potentialAction\":[{\"@type\":\"ReadAction\",\"target\":[\"https:\\\/\\\/www.eldiario.net\\\/portal\\\/2023\\\/07\\\/14\\\/anita-tapia-si-yo-no-grito-no-siento-que-estoy-viva\\\/\"]}]},{\"@type\":\"ImageObject\",\"inLanguage\":\"es\",\"@id\":\"https:\\\/\\\/www.eldiario.net\\\/portal\\\/2023\\\/07\\\/14\\\/anita-tapia-si-yo-no-grito-no-siento-que-estoy-viva\\\/#primaryimage\",\"url\":\"https:\\\/\\\/www.eldiario.net\\\/portal\\\/wp-content\\\/uploads\\\/2023\\\/07\\\/anita-1-PRINCIPAL-scaled-1.jpg\",\"contentUrl\":\"https:\\\/\\\/www.eldiario.net\\\/portal\\\/wp-content\\\/uploads\\\/2023\\\/07\\\/anita-1-PRINCIPAL-scaled-1.jpg\",\"width\":2560,\"height\":1904},{\"@type\":\"BreadcrumbList\",\"@id\":\"https:\\\/\\\/www.eldiario.net\\\/portal\\\/2023\\\/07\\\/14\\\/anita-tapia-si-yo-no-grito-no-siento-que-estoy-viva\\\/#breadcrumb\",\"itemListElement\":[{\"@type\":\"ListItem\",\"position\":1,\"name\":\"Portada\",\"item\":\"https:\\\/\\\/www.eldiario.net\\\/portal\\\/\"},{\"@type\":\"ListItem\",\"position\":2,\"name\":\"ANITA TAPIA \u201cSi yo no grito no siento que estoy viva\u201d\"}]},{\"@type\":\"WebSite\",\"@id\":\"https:\\\/\\\/www.eldiario.net\\\/portal\\\/#website\",\"url\":\"https:\\\/\\\/www.eldiario.net\\\/portal\\\/\",\"name\":\"El Diario - Decano de la prensa nacional\",\"description\":\"El Diario - Decano de la prensa nacional\",\"publisher\":{\"@id\":\"https:\\\/\\\/www.eldiario.net\\\/portal\\\/#organization\"},\"potentialAction\":[{\"@type\":\"SearchAction\",\"target\":{\"@type\":\"EntryPoint\",\"urlTemplate\":\"https:\\\/\\\/www.eldiario.net\\\/portal\\\/?s={search_term_string}\"},\"query-input\":{\"@type\":\"PropertyValueSpecification\",\"valueRequired\":true,\"valueName\":\"search_term_string\"}}],\"inLanguage\":\"es\"},{\"@type\":\"Organization\",\"@id\":\"https:\\\/\\\/www.eldiario.net\\\/portal\\\/#organization\",\"name\":\"El Diario - Decano de la prensa nacional\",\"url\":\"https:\\\/\\\/www.eldiario.net\\\/portal\\\/\",\"logo\":{\"@type\":\"ImageObject\",\"inLanguage\":\"es\",\"@id\":\"https:\\\/\\\/www.eldiario.net\\\/portal\\\/#\\\/schema\\\/logo\\\/image\\\/\",\"url\":\"https:\\\/\\\/www.eldiario.net\\\/portal\\\/wp-content\\\/uploads\\\/2023\\\/07\\\/logo_ED.jpg\",\"contentUrl\":\"https:\\\/\\\/www.eldiario.net\\\/portal\\\/wp-content\\\/uploads\\\/2023\\\/07\\\/logo_ED.jpg\",\"width\":272,\"height\":52,\"caption\":\"El Diario - Decano de la prensa nacional\"},\"image\":{\"@id\":\"https:\\\/\\\/www.eldiario.net\\\/portal\\\/#\\\/schema\\\/logo\\\/image\\\/\"},\"sameAs\":[\"https:\\\/\\\/www.facebook.com\\\/eldiario.bolivia\\\/\",\"https:\\\/\\\/x.com\\\/eldiario_net\"]},{\"@type\":\"Person\",\"@id\":\"https:\\\/\\\/www.eldiario.net\\\/portal\\\/#\\\/schema\\\/person\\\/2c57cf2b7a7ae032e449e4c9b1019eac\",\"name\":\"Jeanette\",\"image\":{\"@type\":\"ImageObject\",\"inLanguage\":\"es\",\"@id\":\"https:\\\/\\\/secure.gravatar.com\\\/avatar\\\/3ea2118a5f7dad2b7138b1187a6b7ee55f160b9968b66013c3a3ef39dd7e5798?s=96&d=mm&r=g\",\"url\":\"https:\\\/\\\/secure.gravatar.com\\\/avatar\\\/3ea2118a5f7dad2b7138b1187a6b7ee55f160b9968b66013c3a3ef39dd7e5798?s=96&d=mm&r=g\",\"contentUrl\":\"https:\\\/\\\/secure.gravatar.com\\\/avatar\\\/3ea2118a5f7dad2b7138b1187a6b7ee55f160b9968b66013c3a3ef39dd7e5798?s=96&d=mm&r=g\",\"caption\":\"Jeanette\"},\"sameAs\":[\"https:\\\/\\\/www.eldiario.net\\\/portal\"],\"url\":\"https:\\\/\\\/www.eldiario.net\\\/portal\\\/author\\\/jeanette\\\/\"}]}<\/script>\n<!-- \/ Yoast SEO plugin. -->","yoast_head_json":{"title":"ANITA TAPIA \u201cSi yo no grito no siento que estoy viva\u201d - El Diario - Bolivia","robots":{"index":"index","follow":"follow","max-snippet":"max-snippet:-1","max-image-preview":"max-image-preview:large","max-video-preview":"max-video-preview:-1"},"canonical":"https:\/\/www.eldiario.net\/portal\/2023\/07\/14\/anita-tapia-si-yo-no-grito-no-siento-que-estoy-viva\/","og_locale":"es_ES","og_type":"article","og_title":"ANITA TAPIA \u201cSi yo no grito no siento que estoy viva\u201d - El Diario - Bolivia","og_description":"Nombre: Ana Tapia Arce. Fecha y lugar de nacimiento: 1 de octubre de 1985 en la ciudad de La Paz. Estudios: No pude concluir la carrera de Trabajo Social. Estado civil: Casada. \u00bfA qu\u00e9 te dedicas hoy?: Tengo mi microempresa y ahora estoy como conductora de los programas Gustito Boliviano y Lucha de Caseras en [&hellip;]","og_url":"https:\/\/www.eldiario.net\/portal\/2023\/07\/14\/anita-tapia-si-yo-no-grito-no-siento-que-estoy-viva\/","og_site_name":"El Diario - Bolivia","article_publisher":"https:\/\/www.facebook.com\/eldiario.bolivia\/","article_published_time":"2023-07-14T11:02:46+00:00","og_image":[{"width":2560,"height":1904,"url":"https:\/\/www.eldiario.net\/portal\/wp-content\/uploads\/2023\/07\/anita-1-PRINCIPAL-scaled-1.jpg","type":"image\/jpeg"}],"author":"Jeanette","twitter_card":"summary_large_image","twitter_creator":"@eldiario_net","twitter_site":"@eldiario_net","twitter_misc":{"Escrito por":"Jeanette","Tiempo de lectura":"5 minutos"},"schema":{"@context":"https:\/\/schema.org","@graph":[{"@type":"Article","@id":"https:\/\/www.eldiario.net\/portal\/2023\/07\/14\/anita-tapia-si-yo-no-grito-no-siento-que-estoy-viva\/#article","isPartOf":{"@id":"https:\/\/www.eldiario.net\/portal\/2023\/07\/14\/anita-tapia-si-yo-no-grito-no-siento-que-estoy-viva\/"},"author":{"name":"Jeanette","@id":"https:\/\/www.eldiario.net\/portal\/#\/schema\/person\/2c57cf2b7a7ae032e449e4c9b1019eac"},"headline":"ANITA TAPIA \u201cSi yo no grito no siento que estoy viva\u201d","datePublished":"2023-07-14T11:02:46+00:00","mainEntityOfPage":{"@id":"https:\/\/www.eldiario.net\/portal\/2023\/07\/14\/anita-tapia-si-yo-no-grito-no-siento-que-estoy-viva\/"},"wordCount":1135,"publisher":{"@id":"https:\/\/www.eldiario.net\/portal\/#organization"},"image":{"@id":"https:\/\/www.eldiario.net\/portal\/2023\/07\/14\/anita-tapia-si-yo-no-grito-no-siento-que-estoy-viva\/#primaryimage"},"thumbnailUrl":"https:\/\/www.eldiario.net\/portal\/wp-content\/uploads\/2023\/07\/anita-1-PRINCIPAL-scaled-1.jpg","articleSection":["La Gu\u00eda"],"inLanguage":"es"},{"@type":"WebPage","@id":"https:\/\/www.eldiario.net\/portal\/2023\/07\/14\/anita-tapia-si-yo-no-grito-no-siento-que-estoy-viva\/","url":"https:\/\/www.eldiario.net\/portal\/2023\/07\/14\/anita-tapia-si-yo-no-grito-no-siento-que-estoy-viva\/","name":"ANITA TAPIA \u201cSi yo no grito no siento que estoy viva\u201d - El Diario - Bolivia","isPartOf":{"@id":"https:\/\/www.eldiario.net\/portal\/#website"},"primaryImageOfPage":{"@id":"https:\/\/www.eldiario.net\/portal\/2023\/07\/14\/anita-tapia-si-yo-no-grito-no-siento-que-estoy-viva\/#primaryimage"},"image":{"@id":"https:\/\/www.eldiario.net\/portal\/2023\/07\/14\/anita-tapia-si-yo-no-grito-no-siento-que-estoy-viva\/#primaryimage"},"thumbnailUrl":"https:\/\/www.eldiario.net\/portal\/wp-content\/uploads\/2023\/07\/anita-1-PRINCIPAL-scaled-1.jpg","datePublished":"2023-07-14T11:02:46+00:00","breadcrumb":{"@id":"https:\/\/www.eldiario.net\/portal\/2023\/07\/14\/anita-tapia-si-yo-no-grito-no-siento-que-estoy-viva\/#breadcrumb"},"inLanguage":"es","potentialAction":[{"@type":"ReadAction","target":["https:\/\/www.eldiario.net\/portal\/2023\/07\/14\/anita-tapia-si-yo-no-grito-no-siento-que-estoy-viva\/"]}]},{"@type":"ImageObject","inLanguage":"es","@id":"https:\/\/www.eldiario.net\/portal\/2023\/07\/14\/anita-tapia-si-yo-no-grito-no-siento-que-estoy-viva\/#primaryimage","url":"https:\/\/www.eldiario.net\/portal\/wp-content\/uploads\/2023\/07\/anita-1-PRINCIPAL-scaled-1.jpg","contentUrl":"https:\/\/www.eldiario.net\/portal\/wp-content\/uploads\/2023\/07\/anita-1-PRINCIPAL-scaled-1.jpg","width":2560,"height":1904},{"@type":"BreadcrumbList","@id":"https:\/\/www.eldiario.net\/portal\/2023\/07\/14\/anita-tapia-si-yo-no-grito-no-siento-que-estoy-viva\/#breadcrumb","itemListElement":[{"@type":"ListItem","position":1,"name":"Portada","item":"https:\/\/www.eldiario.net\/portal\/"},{"@type":"ListItem","position":2,"name":"ANITA TAPIA \u201cSi yo no grito no siento que estoy viva\u201d"}]},{"@type":"WebSite","@id":"https:\/\/www.eldiario.net\/portal\/#website","url":"https:\/\/www.eldiario.net\/portal\/","name":"El Diario - Decano de la prensa nacional","description":"El Diario - Decano de la prensa nacional","publisher":{"@id":"https:\/\/www.eldiario.net\/portal\/#organization"},"potentialAction":[{"@type":"SearchAction","target":{"@type":"EntryPoint","urlTemplate":"https:\/\/www.eldiario.net\/portal\/?s={search_term_string}"},"query-input":{"@type":"PropertyValueSpecification","valueRequired":true,"valueName":"search_term_string"}}],"inLanguage":"es"},{"@type":"Organization","@id":"https:\/\/www.eldiario.net\/portal\/#organization","name":"El Diario - Decano de la prensa nacional","url":"https:\/\/www.eldiario.net\/portal\/","logo":{"@type":"ImageObject","inLanguage":"es","@id":"https:\/\/www.eldiario.net\/portal\/#\/schema\/logo\/image\/","url":"https:\/\/www.eldiario.net\/portal\/wp-content\/uploads\/2023\/07\/logo_ED.jpg","contentUrl":"https:\/\/www.eldiario.net\/portal\/wp-content\/uploads\/2023\/07\/logo_ED.jpg","width":272,"height":52,"caption":"El Diario - Decano de la prensa nacional"},"image":{"@id":"https:\/\/www.eldiario.net\/portal\/#\/schema\/logo\/image\/"},"sameAs":["https:\/\/www.facebook.com\/eldiario.bolivia\/","https:\/\/x.com\/eldiario_net"]},{"@type":"Person","@id":"https:\/\/www.eldiario.net\/portal\/#\/schema\/person\/2c57cf2b7a7ae032e449e4c9b1019eac","name":"Jeanette","image":{"@type":"ImageObject","inLanguage":"es","@id":"https:\/\/secure.gravatar.com\/avatar\/3ea2118a5f7dad2b7138b1187a6b7ee55f160b9968b66013c3a3ef39dd7e5798?s=96&d=mm&r=g","url":"https:\/\/secure.gravatar.com\/avatar\/3ea2118a5f7dad2b7138b1187a6b7ee55f160b9968b66013c3a3ef39dd7e5798?s=96&d=mm&r=g","contentUrl":"https:\/\/secure.gravatar.com\/avatar\/3ea2118a5f7dad2b7138b1187a6b7ee55f160b9968b66013c3a3ef39dd7e5798?s=96&d=mm&r=g","caption":"Jeanette"},"sameAs":["https:\/\/www.eldiario.net\/portal"],"url":"https:\/\/www.eldiario.net\/portal\/author\/jeanette\/"}]}},"_links":{"self":[{"href":"https:\/\/www.eldiario.net\/portal\/wp-json\/wp\/v2\/posts\/165442","targetHints":{"allow":["GET"]}}],"collection":[{"href":"https:\/\/www.eldiario.net\/portal\/wp-json\/wp\/v2\/posts"}],"about":[{"href":"https:\/\/www.eldiario.net\/portal\/wp-json\/wp\/v2\/types\/post"}],"author":[{"embeddable":true,"href":"https:\/\/www.eldiario.net\/portal\/wp-json\/wp\/v2\/users\/1"}],"replies":[{"embeddable":true,"href":"https:\/\/www.eldiario.net\/portal\/wp-json\/wp\/v2\/comments?post=165442"}],"version-history":[{"count":0,"href":"https:\/\/www.eldiario.net\/portal\/wp-json\/wp\/v2\/posts\/165442\/revisions"}],"wp:featuredmedia":[{"embeddable":true,"href":"https:\/\/www.eldiario.net\/portal\/wp-json\/wp\/v2\/media\/165443"}],"wp:attachment":[{"href":"https:\/\/www.eldiario.net\/portal\/wp-json\/wp\/v2\/media?parent=165442"}],"wp:term":[{"taxonomy":"category","embeddable":true,"href":"https:\/\/www.eldiario.net\/portal\/wp-json\/wp\/v2\/categories?post=165442"},{"taxonomy":"post_tag","embeddable":true,"href":"https:\/\/www.eldiario.net\/portal\/wp-json\/wp\/v2\/tags?post=165442"}],"curies":[{"name":"wp","href":"https:\/\/api.w.org\/{rel}","templated":true}]}}