{"id":165321,"date":"2023-07-14T06:09:35","date_gmt":"2023-07-14T10:09:35","guid":{"rendered":"https:\/\/www.eldiario.net\/portal\/?p=165321"},"modified":"2023-07-14T06:09:35","modified_gmt":"2023-07-14T10:09:35","slug":"advierten-plantaciones-de-marihuana-en-carpas-solares","status":"publish","type":"post","link":"https:\/\/www.eldiario.net\/portal\/2023\/07\/14\/advierten-plantaciones-de-marihuana-en-carpas-solares\/","title":{"rendered":"Advierten plantaciones de marihuana en carpas solares"},"content":{"rendered":"<p class=\"v1gmail-MsoNoSpacing\">Im\u00e1genes tomadas en junio de este a\u00f1o revelaron posibles nuevas plantaciones de marihuana en carpas solares (viveros) en \u00e1reas rurales del Norte de Potos\u00ed, muy cercano al municipio de Unc\u00eda.<\/p>\n<p class=\"v1gmail-MsoNoSpacing\">El jefe de bancada de Comunidad Ciudadana (CC) en la C\u00e1mara de Diputados, Enrique Urquidi, exigi\u00f3 a las autoridades de Gobierno y de la Asamblea Legislativa Plurinacional (ALP) realizar una inspecci\u00f3n por esas zonas donde aparentemente siembran marihuana, sustancia controlada en el pa\u00eds.<\/p>\n<p class=\"v1gmail-MsoNoSpacing\">\u00abHemos conocido que, en el departamento de Potos\u00ed, muy cerca a la poblaci\u00f3n de Unc\u00eda, campea la producci\u00f3n de marihuana sin que el Estado ni ninguna autoridad tome cartas en el asunto. Desde la Asamblea Legislativa, a trav\u00e9s de la comisi\u00f3n competente, estamos exigiendo una inspecci\u00f3n inmediata\u00bb, declar\u00f3 Urquidi.<\/p>\n<p class=\"v1gmail-MsoNoSpacing\">La informaci\u00f3n que recibi\u00f3 el parlamentario fue que esos sembrad\u00edos estar\u00edan donde est\u00e1n asentados las poblaciones rurales de los ayllus, Laymes, Qaqachacas, Jucumanis y otros.<\/p>\n<p class=\"v1gmail-MsoNoSpacing\">El diputado indic\u00f3 que recibi\u00f3 informaci\u00f3n sobre la instalaci\u00f3n de carpas solares del tama\u00f1o de una cancha de b\u00e1squet y otras con la dimensi\u00f3n de una cancha de f\u00fatbol. Todas estar\u00edan repletas de sembrad\u00edos del alucin\u00f3geno.<\/p>\n<p class=\"v1gmail-MsoNoSpacing\">El nombre con el que se habr\u00eda bautizado a la sustancia controlada en esa regi\u00f3n es el \u00abor\u00e9gano\u00bb; y el kilo podr\u00eda tener un valor de 109 d\u00f3lares.<\/p>\n<p class=\"v1gmail-MsoNoSpacing\">La diputada potosina de CC Lissa Claros afirm\u00f3 que es un secreto a voces la existencia de plantaciones irregulares y ante esa realidad el Ministerio de Gobierno no realiza ninguna acci\u00f3n. Al contrario, los personeros del Estado se sacan fotos con dirigentes involucrados en esos il\u00edcitos.<\/p>\n<p class=\"v1gmail-MsoNoSpacing\">\u00abNo es la primera vez (que se denuncia ese hecho), esto es un secreto a voces de que no es simplemente en esta regi\u00f3n del Norte Potos\u00ed, sino en Oruro, Cochabamba y en muchas otras regiones donde existen est\u00e1s plantaciones irregulares\u00bb, declar\u00f3 Claros a la ANF.<\/p>\n<p class=\"v1gmail-MsoNoSpacing\">\n","protected":false},"excerpt":{"rendered":"<p>Im\u00e1genes tomadas en junio de este a\u00f1o revelaron posibles nuevas plantaciones de marihuana en carpas solares (viveros) en \u00e1reas rurales del Norte de Potos\u00ed, muy cercano al municipio de Unc\u00eda. El jefe de bancada de Comunidad Ciudadana (CC) en la C\u00e1mara de Diputados, Enrique Urquidi, exigi\u00f3 a las autoridades de Gobierno y de la Asamblea [&hellip;]<\/p>\n","protected":false},"author":1,"featured_media":165322,"comment_status":"closed","ping_status":"open","sticky":false,"template":"","format":"standard","meta":{"_acf_changed":false,"footnotes":""},"categories":[15],"tags":[],"class_list":["post-165321","post","type-post","status-publish","format-standard","has-post-thumbnail","category-portada"],"acf":{"antetitulo":""},"yoast_head":"<!-- This site is optimized with the Yoast SEO plugin v28.4 - https:\/\/yoast.com\/product\/yoast-seo-wordpress\/ -->\n<title>Advierten plantaciones de marihuana en carpas solares - El Diario - Bolivia<\/title>\n<meta name=\"robots\" content=\"index, follow, max-snippet:-1, max-image-preview:large, max-video-preview:-1\" \/>\n<link rel=\"canonical\" href=\"https:\/\/www.eldiario.net\/portal\/2023\/07\/14\/advierten-plantaciones-de-marihuana-en-carpas-solares\/\" \/>\n<meta property=\"og:locale\" content=\"es_ES\" \/>\n<meta property=\"og:type\" content=\"article\" \/>\n<meta property=\"og:title\" content=\"Advierten plantaciones de marihuana en carpas solares - El Diario - Bolivia\" \/>\n<meta property=\"og:description\" content=\"Im\u00e1genes tomadas en junio de este a\u00f1o revelaron posibles nuevas plantaciones de marihuana en carpas solares (viveros) en \u00e1reas rurales del Norte de Potos\u00ed, muy cercano al municipio de Unc\u00eda. El jefe de bancada de Comunidad Ciudadana (CC) en la C\u00e1mara de Diputados, Enrique Urquidi, exigi\u00f3 a las autoridades de Gobierno y de la Asamblea [&hellip;]\" \/>\n<meta property=\"og:url\" content=\"https:\/\/www.eldiario.net\/portal\/2023\/07\/14\/advierten-plantaciones-de-marihuana-en-carpas-solares\/\" \/>\n<meta property=\"og:site_name\" content=\"El Diario - Bolivia\" \/>\n<meta property=\"article:publisher\" content=\"https:\/\/www.facebook.com\/eldiario.bolivia\/\" \/>\n<meta property=\"article:published_time\" content=\"2023-07-14T10:09:35+00:00\" \/>\n<meta property=\"og:image\" content=\"https:\/\/www.eldiario.net\/portal\/wp-content\/uploads\/2023\/07\/P-5-10-cm-x-7-3.jpg\" \/>\n\t<meta property=\"og:image:width\" content=\"600\" \/>\n\t<meta property=\"og:image:height\" content=\"338\" \/>\n\t<meta property=\"og:image:type\" content=\"image\/jpeg\" \/>\n<meta name=\"author\" content=\"Jeanette\" \/>\n<meta name=\"twitter:card\" content=\"summary_large_image\" \/>\n<meta name=\"twitter:creator\" content=\"@eldiario_net\" \/>\n<meta name=\"twitter:site\" content=\"@eldiario_net\" \/>\n<meta name=\"twitter:label1\" content=\"Escrito por\" \/>\n\t<meta name=\"twitter:data1\" content=\"Jeanette\" \/>\n\t<meta name=\"twitter:label2\" content=\"Tiempo de lectura\" \/>\n\t<meta name=\"twitter:data2\" content=\"2 minutos\" \/>\n<script type=\"application\/ld+json\" class=\"yoast-schema-graph\">{\"@context\":\"https:\\\/\\\/schema.org\",\"@graph\":[{\"@type\":\"Article\",\"@id\":\"https:\\\/\\\/www.eldiario.net\\\/portal\\\/2023\\\/07\\\/14\\\/advierten-plantaciones-de-marihuana-en-carpas-solares\\\/#article\",\"isPartOf\":{\"@id\":\"https:\\\/\\\/www.eldiario.net\\\/portal\\\/2023\\\/07\\\/14\\\/advierten-plantaciones-de-marihuana-en-carpas-solares\\\/\"},\"author\":{\"name\":\"Jeanette\",\"@id\":\"https:\\\/\\\/www.eldiario.net\\\/portal\\\/#\\\/schema\\\/person\\\/f46445640444750d7d753ccd04ae01b7\"},\"headline\":\"Advierten plantaciones de marihuana en carpas solares\",\"datePublished\":\"2023-07-14T10:09:35+00:00\",\"mainEntityOfPage\":{\"@id\":\"https:\\\/\\\/www.eldiario.net\\\/portal\\\/2023\\\/07\\\/14\\\/advierten-plantaciones-de-marihuana-en-carpas-solares\\\/\"},\"wordCount\":343,\"publisher\":{\"@id\":\"https:\\\/\\\/www.eldiario.net\\\/portal\\\/#organization\"},\"image\":{\"@id\":\"https:\\\/\\\/www.eldiario.net\\\/portal\\\/2023\\\/07\\\/14\\\/advierten-plantaciones-de-marihuana-en-carpas-solares\\\/#primaryimage\"},\"thumbnailUrl\":\"https:\\\/\\\/www.eldiario.net\\\/portal\\\/wp-content\\\/uploads\\\/2023\\\/07\\\/P-5-10-cm-x-7-3.jpg\",\"articleSection\":[\"Portada\"],\"inLanguage\":\"es\"},{\"@type\":\"WebPage\",\"@id\":\"https:\\\/\\\/www.eldiario.net\\\/portal\\\/2023\\\/07\\\/14\\\/advierten-plantaciones-de-marihuana-en-carpas-solares\\\/\",\"url\":\"https:\\\/\\\/www.eldiario.net\\\/portal\\\/2023\\\/07\\\/14\\\/advierten-plantaciones-de-marihuana-en-carpas-solares\\\/\",\"name\":\"Advierten plantaciones de marihuana en carpas solares - El Diario - Bolivia\",\"isPartOf\":{\"@id\":\"https:\\\/\\\/www.eldiario.net\\\/portal\\\/#website\"},\"primaryImageOfPage\":{\"@id\":\"https:\\\/\\\/www.eldiario.net\\\/portal\\\/2023\\\/07\\\/14\\\/advierten-plantaciones-de-marihuana-en-carpas-solares\\\/#primaryimage\"},\"image\":{\"@id\":\"https:\\\/\\\/www.eldiario.net\\\/portal\\\/2023\\\/07\\\/14\\\/advierten-plantaciones-de-marihuana-en-carpas-solares\\\/#primaryimage\"},\"thumbnailUrl\":\"https:\\\/\\\/www.eldiario.net\\\/portal\\\/wp-content\\\/uploads\\\/2023\\\/07\\\/P-5-10-cm-x-7-3.jpg\",\"datePublished\":\"2023-07-14T10:09:35+00:00\",\"breadcrumb\":{\"@id\":\"https:\\\/\\\/www.eldiario.net\\\/portal\\\/2023\\\/07\\\/14\\\/advierten-plantaciones-de-marihuana-en-carpas-solares\\\/#breadcrumb\"},\"inLanguage\":\"es\",\"potentialAction\":[{\"@type\":\"ReadAction\",\"target\":[\"https:\\\/\\\/www.eldiario.net\\\/portal\\\/2023\\\/07\\\/14\\\/advierten-plantaciones-de-marihuana-en-carpas-solares\\\/\"]}]},{\"@type\":\"ImageObject\",\"inLanguage\":\"es\",\"@id\":\"https:\\\/\\\/www.eldiario.net\\\/portal\\\/2023\\\/07\\\/14\\\/advierten-plantaciones-de-marihuana-en-carpas-solares\\\/#primaryimage\",\"url\":\"https:\\\/\\\/www.eldiario.net\\\/portal\\\/wp-content\\\/uploads\\\/2023\\\/07\\\/P-5-10-cm-x-7-3.jpg\",\"contentUrl\":\"https:\\\/\\\/www.eldiario.net\\\/portal\\\/wp-content\\\/uploads\\\/2023\\\/07\\\/P-5-10-cm-x-7-3.jpg\",\"width\":600,\"height\":338,\"caption\":\"Supuestas plantaciones de mariguana en el Norte Potos\u00ed. CREDITO: ANF\"},{\"@type\":\"BreadcrumbList\",\"@id\":\"https:\\\/\\\/www.eldiario.net\\\/portal\\\/2023\\\/07\\\/14\\\/advierten-plantaciones-de-marihuana-en-carpas-solares\\\/#breadcrumb\",\"itemListElement\":[{\"@type\":\"ListItem\",\"position\":1,\"name\":\"Portada\",\"item\":\"https:\\\/\\\/www.eldiario.net\\\/portal\\\/\"},{\"@type\":\"ListItem\",\"position\":2,\"name\":\"Advierten plantaciones de marihuana en carpas solares\"}]},{\"@type\":\"WebSite\",\"@id\":\"https:\\\/\\\/www.eldiario.net\\\/portal\\\/#website\",\"url\":\"https:\\\/\\\/www.eldiario.net\\\/portal\\\/\",\"name\":\"El Diario - Decano de la prensa nacional\",\"description\":\"El Diario - Decano de la prensa nacional\",\"publisher\":{\"@id\":\"https:\\\/\\\/www.eldiario.net\\\/portal\\\/#organization\"},\"potentialAction\":[{\"@type\":\"SearchAction\",\"target\":{\"@type\":\"EntryPoint\",\"urlTemplate\":\"https:\\\/\\\/www.eldiario.net\\\/portal\\\/?s={search_term_string}\"},\"query-input\":{\"@type\":\"PropertyValueSpecification\",\"valueRequired\":true,\"valueName\":\"search_term_string\"}}],\"inLanguage\":\"es\"},{\"@type\":\"Organization\",\"@id\":\"https:\\\/\\\/www.eldiario.net\\\/portal\\\/#organization\",\"name\":\"El Diario - Decano de la prensa nacional\",\"url\":\"https:\\\/\\\/www.eldiario.net\\\/portal\\\/\",\"logo\":{\"@type\":\"ImageObject\",\"inLanguage\":\"es\",\"@id\":\"https:\\\/\\\/www.eldiario.net\\\/portal\\\/#\\\/schema\\\/logo\\\/image\\\/\",\"url\":\"https:\\\/\\\/www.eldiario.net\\\/portal\\\/wp-content\\\/uploads\\\/2023\\\/07\\\/logo_ED.jpg\",\"contentUrl\":\"https:\\\/\\\/www.eldiario.net\\\/portal\\\/wp-content\\\/uploads\\\/2023\\\/07\\\/logo_ED.jpg\",\"width\":272,\"height\":52,\"caption\":\"El Diario - Decano de la prensa nacional\"},\"image\":{\"@id\":\"https:\\\/\\\/www.eldiario.net\\\/portal\\\/#\\\/schema\\\/logo\\\/image\\\/\"},\"sameAs\":[\"https:\\\/\\\/www.facebook.com\\\/eldiario.bolivia\\\/\",\"https:\\\/\\\/x.com\\\/eldiario_net\"]},{\"@type\":\"Person\",\"@id\":\"https:\\\/\\\/www.eldiario.net\\\/portal\\\/#\\\/schema\\\/person\\\/f46445640444750d7d753ccd04ae01b7\",\"name\":\"Jeanette\",\"image\":{\"@type\":\"ImageObject\",\"inLanguage\":\"es\",\"@id\":\"https:\\\/\\\/secure.gravatar.com\\\/avatar\\\/3ea2118a5f7dad2b7138b1187a6b7ee55f160b9968b66013c3a3ef39dd7e5798?s=96&d=mm&r=g\",\"url\":\"https:\\\/\\\/secure.gravatar.com\\\/avatar\\\/3ea2118a5f7dad2b7138b1187a6b7ee55f160b9968b66013c3a3ef39dd7e5798?s=96&d=mm&r=g\",\"contentUrl\":\"https:\\\/\\\/secure.gravatar.com\\\/avatar\\\/3ea2118a5f7dad2b7138b1187a6b7ee55f160b9968b66013c3a3ef39dd7e5798?s=96&d=mm&r=g\",\"caption\":\"Jeanette\"},\"sameAs\":[\"https:\\\/\\\/www.eldiario.net\\\/portal\"],\"url\":\"https:\\\/\\\/www.eldiario.net\\\/portal\\\/author\\\/jeanette\\\/\"}]}<\/script>\n<!-- \/ Yoast SEO plugin. -->","yoast_head_json":{"title":"Advierten plantaciones de marihuana en carpas solares - El Diario - Bolivia","robots":{"index":"index","follow":"follow","max-snippet":"max-snippet:-1","max-image-preview":"max-image-preview:large","max-video-preview":"max-video-preview:-1"},"canonical":"https:\/\/www.eldiario.net\/portal\/2023\/07\/14\/advierten-plantaciones-de-marihuana-en-carpas-solares\/","og_locale":"es_ES","og_type":"article","og_title":"Advierten plantaciones de marihuana en carpas solares - El Diario - Bolivia","og_description":"Im\u00e1genes tomadas en junio de este a\u00f1o revelaron posibles nuevas plantaciones de marihuana en carpas solares (viveros) en \u00e1reas rurales del Norte de Potos\u00ed, muy cercano al municipio de Unc\u00eda. El jefe de bancada de Comunidad Ciudadana (CC) en la C\u00e1mara de Diputados, Enrique Urquidi, exigi\u00f3 a las autoridades de Gobierno y de la Asamblea [&hellip;]","og_url":"https:\/\/www.eldiario.net\/portal\/2023\/07\/14\/advierten-plantaciones-de-marihuana-en-carpas-solares\/","og_site_name":"El Diario - Bolivia","article_publisher":"https:\/\/www.facebook.com\/eldiario.bolivia\/","article_published_time":"2023-07-14T10:09:35+00:00","og_image":[{"width":600,"height":338,"url":"https:\/\/www.eldiario.net\/portal\/wp-content\/uploads\/2023\/07\/P-5-10-cm-x-7-3.jpg","type":"image\/jpeg"}],"author":"Jeanette","twitter_card":"summary_large_image","twitter_creator":"@eldiario_net","twitter_site":"@eldiario_net","twitter_misc":{"Escrito por":"Jeanette","Tiempo de lectura":"2 minutos"},"schema":{"@context":"https:\/\/schema.org","@graph":[{"@type":"Article","@id":"https:\/\/www.eldiario.net\/portal\/2023\/07\/14\/advierten-plantaciones-de-marihuana-en-carpas-solares\/#article","isPartOf":{"@id":"https:\/\/www.eldiario.net\/portal\/2023\/07\/14\/advierten-plantaciones-de-marihuana-en-carpas-solares\/"},"author":{"name":"Jeanette","@id":"https:\/\/www.eldiario.net\/portal\/#\/schema\/person\/f46445640444750d7d753ccd04ae01b7"},"headline":"Advierten plantaciones de marihuana en carpas solares","datePublished":"2023-07-14T10:09:35+00:00","mainEntityOfPage":{"@id":"https:\/\/www.eldiario.net\/portal\/2023\/07\/14\/advierten-plantaciones-de-marihuana-en-carpas-solares\/"},"wordCount":343,"publisher":{"@id":"https:\/\/www.eldiario.net\/portal\/#organization"},"image":{"@id":"https:\/\/www.eldiario.net\/portal\/2023\/07\/14\/advierten-plantaciones-de-marihuana-en-carpas-solares\/#primaryimage"},"thumbnailUrl":"https:\/\/www.eldiario.net\/portal\/wp-content\/uploads\/2023\/07\/P-5-10-cm-x-7-3.jpg","articleSection":["Portada"],"inLanguage":"es"},{"@type":"WebPage","@id":"https:\/\/www.eldiario.net\/portal\/2023\/07\/14\/advierten-plantaciones-de-marihuana-en-carpas-solares\/","url":"https:\/\/www.eldiario.net\/portal\/2023\/07\/14\/advierten-plantaciones-de-marihuana-en-carpas-solares\/","name":"Advierten plantaciones de marihuana en carpas solares - El Diario - Bolivia","isPartOf":{"@id":"https:\/\/www.eldiario.net\/portal\/#website"},"primaryImageOfPage":{"@id":"https:\/\/www.eldiario.net\/portal\/2023\/07\/14\/advierten-plantaciones-de-marihuana-en-carpas-solares\/#primaryimage"},"image":{"@id":"https:\/\/www.eldiario.net\/portal\/2023\/07\/14\/advierten-plantaciones-de-marihuana-en-carpas-solares\/#primaryimage"},"thumbnailUrl":"https:\/\/www.eldiario.net\/portal\/wp-content\/uploads\/2023\/07\/P-5-10-cm-x-7-3.jpg","datePublished":"2023-07-14T10:09:35+00:00","breadcrumb":{"@id":"https:\/\/www.eldiario.net\/portal\/2023\/07\/14\/advierten-plantaciones-de-marihuana-en-carpas-solares\/#breadcrumb"},"inLanguage":"es","potentialAction":[{"@type":"ReadAction","target":["https:\/\/www.eldiario.net\/portal\/2023\/07\/14\/advierten-plantaciones-de-marihuana-en-carpas-solares\/"]}]},{"@type":"ImageObject","inLanguage":"es","@id":"https:\/\/www.eldiario.net\/portal\/2023\/07\/14\/advierten-plantaciones-de-marihuana-en-carpas-solares\/#primaryimage","url":"https:\/\/www.eldiario.net\/portal\/wp-content\/uploads\/2023\/07\/P-5-10-cm-x-7-3.jpg","contentUrl":"https:\/\/www.eldiario.net\/portal\/wp-content\/uploads\/2023\/07\/P-5-10-cm-x-7-3.jpg","width":600,"height":338,"caption":"Supuestas plantaciones de mariguana en el Norte Potos\u00ed. CREDITO: ANF"},{"@type":"BreadcrumbList","@id":"https:\/\/www.eldiario.net\/portal\/2023\/07\/14\/advierten-plantaciones-de-marihuana-en-carpas-solares\/#breadcrumb","itemListElement":[{"@type":"ListItem","position":1,"name":"Portada","item":"https:\/\/www.eldiario.net\/portal\/"},{"@type":"ListItem","position":2,"name":"Advierten plantaciones de marihuana en carpas solares"}]},{"@type":"WebSite","@id":"https:\/\/www.eldiario.net\/portal\/#website","url":"https:\/\/www.eldiario.net\/portal\/","name":"El Diario - Decano de la prensa nacional","description":"El Diario - Decano de la prensa nacional","publisher":{"@id":"https:\/\/www.eldiario.net\/portal\/#organization"},"potentialAction":[{"@type":"SearchAction","target":{"@type":"EntryPoint","urlTemplate":"https:\/\/www.eldiario.net\/portal\/?s={search_term_string}"},"query-input":{"@type":"PropertyValueSpecification","valueRequired":true,"valueName":"search_term_string"}}],"inLanguage":"es"},{"@type":"Organization","@id":"https:\/\/www.eldiario.net\/portal\/#organization","name":"El Diario - Decano de la prensa nacional","url":"https:\/\/www.eldiario.net\/portal\/","logo":{"@type":"ImageObject","inLanguage":"es","@id":"https:\/\/www.eldiario.net\/portal\/#\/schema\/logo\/image\/","url":"https:\/\/www.eldiario.net\/portal\/wp-content\/uploads\/2023\/07\/logo_ED.jpg","contentUrl":"https:\/\/www.eldiario.net\/portal\/wp-content\/uploads\/2023\/07\/logo_ED.jpg","width":272,"height":52,"caption":"El Diario - Decano de la prensa nacional"},"image":{"@id":"https:\/\/www.eldiario.net\/portal\/#\/schema\/logo\/image\/"},"sameAs":["https:\/\/www.facebook.com\/eldiario.bolivia\/","https:\/\/x.com\/eldiario_net"]},{"@type":"Person","@id":"https:\/\/www.eldiario.net\/portal\/#\/schema\/person\/f46445640444750d7d753ccd04ae01b7","name":"Jeanette","image":{"@type":"ImageObject","inLanguage":"es","@id":"https:\/\/secure.gravatar.com\/avatar\/3ea2118a5f7dad2b7138b1187a6b7ee55f160b9968b66013c3a3ef39dd7e5798?s=96&d=mm&r=g","url":"https:\/\/secure.gravatar.com\/avatar\/3ea2118a5f7dad2b7138b1187a6b7ee55f160b9968b66013c3a3ef39dd7e5798?s=96&d=mm&r=g","contentUrl":"https:\/\/secure.gravatar.com\/avatar\/3ea2118a5f7dad2b7138b1187a6b7ee55f160b9968b66013c3a3ef39dd7e5798?s=96&d=mm&r=g","caption":"Jeanette"},"sameAs":["https:\/\/www.eldiario.net\/portal"],"url":"https:\/\/www.eldiario.net\/portal\/author\/jeanette\/"}]}},"_links":{"self":[{"href":"https:\/\/www.eldiario.net\/portal\/wp-json\/wp\/v2\/posts\/165321","targetHints":{"allow":["GET"]}}],"collection":[{"href":"https:\/\/www.eldiario.net\/portal\/wp-json\/wp\/v2\/posts"}],"about":[{"href":"https:\/\/www.eldiario.net\/portal\/wp-json\/wp\/v2\/types\/post"}],"author":[{"embeddable":true,"href":"https:\/\/www.eldiario.net\/portal\/wp-json\/wp\/v2\/users\/1"}],"replies":[{"embeddable":true,"href":"https:\/\/www.eldiario.net\/portal\/wp-json\/wp\/v2\/comments?post=165321"}],"version-history":[{"count":0,"href":"https:\/\/www.eldiario.net\/portal\/wp-json\/wp\/v2\/posts\/165321\/revisions"}],"wp:featuredmedia":[{"embeddable":true,"href":"https:\/\/www.eldiario.net\/portal\/wp-json\/wp\/v2\/media\/165322"}],"wp:attachment":[{"href":"https:\/\/www.eldiario.net\/portal\/wp-json\/wp\/v2\/media?parent=165321"}],"wp:term":[{"taxonomy":"category","embeddable":true,"href":"https:\/\/www.eldiario.net\/portal\/wp-json\/wp\/v2\/categories?post=165321"},{"taxonomy":"post_tag","embeddable":true,"href":"https:\/\/www.eldiario.net\/portal\/wp-json\/wp\/v2\/tags?post=165321"}],"curies":[{"name":"wp","href":"https:\/\/api.w.org\/{rel}","templated":true}]}}