{"id":165318,"date":"2023-07-14T06:06:22","date_gmt":"2023-07-14T10:06:22","guid":{"rendered":"https:\/\/www.eldiario.net\/portal\/?p=165318"},"modified":"2023-07-14T06:06:22","modified_gmt":"2023-07-14T10:06:22","slug":"cij-rechaza-pretension-de-nicaragua-sobre-territorio-maritimo-colombiano","status":"publish","type":"post","link":"https:\/\/www.eldiario.net\/portal\/2023\/07\/14\/cij-rechaza-pretension-de-nicaragua-sobre-territorio-maritimo-colombiano\/","title":{"rendered":"CIJ rechaza pretensi\u00f3n de Nicaragua  sobre territorio mar\u00edtimo colombiano"},"content":{"rendered":"<p>La Corte Internacional de Justicia (CIJ) se pronunci\u00f3 sobre el reclamo de Nicaragua hace casi una d\u00e9cada, donde el pa\u00eds centroamericano solicitaba extender su plataforma continental, es decir, la parte del subsuelo mar\u00edtimo que se encuentra en el Caribe.<br \/>\nEn esta oportunidad, la CIJ defini\u00f3 que Nicaragua no puede extender su plataforma, bas\u00e1ndose en la imposibilidad al querer sobreponerse por encima de otro estado.<br \/>\nSobre el caso, Joan Donoghue, presidenta de la Corte Internacional de Justicia asegur\u00f3 que Nicaragua no ten\u00eda derecho a la plataforma continental que reclamaba, es decir, a la pretensi\u00f3n de extender la misma, resaltando que la solicitud no se pod\u00eda sostener bajo la ley.<br \/>\nEl concepto se basa en que Nicaragua no pod\u00eda tener un \u00e1rea superpuesta sobre los l\u00edmites con la frontera colombiana, teniendo en cuenta que si se llega hacer el c\u00e1lculo de millas n\u00e1uticas desde la costa nicarag\u00fcense, esta se sobrepondr\u00eda al \u00e1rea que le pertenece a Colombia actualmente, situaci\u00f3n que legalmente debe ser respetada.<br \/>\n\u201cPor 13 votos a 4, la Corte rechaza la solicitud hecha por Nicaragua para declarar que los l\u00edmites mar\u00edtimos entre la Rep\u00fablica de Nicaragua y la Rep\u00fablica de Colombia, en las \u00e1reas de las partes continentales que, seg\u00fan Nicaragua le pertenecen a ellos, esto m\u00e1s all\u00e1 de los l\u00edmites determinados por la corte en su sentencia en el a\u00f1o 2012&#8243;, fue le\u00eddo por la presidenta de la Corte Internacional de Justicia.<br \/>\nPRESIDENTE PETRO<br \/>\nSE PRONUNCI\u00d3<br \/>\nEl mandatario nacional defini\u00f3 el caso como una gran victoria, resaltando que la decisi\u00f3n de la Corte Internacional de Justicia demostraba que no se accedi\u00f3 a las pretensiones del gobierno de Daniel Ortega. El dirigente de los colombianos expuso que esperaba finalizar la controversia que gener\u00f3 esta disputa y ahora enfocarse netamente en el mejoramiento del archipi\u00e9lago de San Andr\u00e9s Providencia y Santa Catalina.<br \/>\n\u201cGran victoria para Colombia en La Haya. La CIJ no accedi\u00f3 a las pretensiones de Nicaragua de expandir su plataforma continental. Esperamos con este fallo se cierre la controversia lim\u00edtrofe y abocarnos a llevar desarrollo sostenible a nuestro archipi\u00e9lago\u201d.<br \/>\nDesde La Haya, el agente de Colombia ante la Corte Internacional de Justicia, Eduardo Valencia Ospina explic\u00f3 que la decisi\u00f3n le daba fin a m\u00e1s de 20 a\u00f1os de litigio entre los dos pa\u00edses, asegurando que este era un logro de gran importancia para el pa\u00eds, argumentando que las pretensiones de Nicaragua fueron rechazadas.<br \/>\n\u201cCabe resaltar que, previo al fallo; el presidente Petro dej\u00f3 en entredicho la posibilidad de que las Fuerzas Militares act\u00faen en caso de tensi\u00f3n entre los dos pa\u00edses, el presidente Petro destac\u00f3 que en t\u00e9rminos navales, existe la suficiente disposici\u00f3n para controlar los espacios fluviales que le corresponden a Colombia, no obstante, resalt\u00f3 que eso depender\u00e1 de la decisi\u00f3n de La Haya.<br \/>\n\u201cNuestra capacidad naval es lo suficiente para controlar el mar que estuvo bajo nuestro cuidado, y que disminuyeron en una de esas decisiones judiciales hace unos a\u00f1os, ma\u00f1ana yo creo que son las respuestas que tiene que dar un gobierno, una naci\u00f3n o las fuerzas militares\u201d, sentenci\u00f3 el mandatario. (Infobae).<\/p>\n","protected":false},"excerpt":{"rendered":"<p>La Corte Internacional de Justicia (CIJ) se pronunci\u00f3 sobre el reclamo de Nicaragua hace casi una d\u00e9cada, donde el pa\u00eds centroamericano solicitaba extender su plataforma continental, es decir, la parte del subsuelo mar\u00edtimo que se encuentra en el Caribe. En esta oportunidad, la CIJ defini\u00f3 que Nicaragua no puede extender su plataforma, bas\u00e1ndose en la [&hellip;]<\/p>\n","protected":false},"author":1,"featured_media":165319,"comment_status":"closed","ping_status":"open","sticky":false,"template":"","format":"standard","meta":{"_acf_changed":false,"footnotes":""},"categories":[3],"tags":[],"class_list":["post-165318","post","type-post","status-publish","format-standard","has-post-thumbnail","category-internacional"],"acf":{"antetitulo":""},"yoast_head":"<!-- This site is optimized with the Yoast SEO plugin v28.4 - https:\/\/yoast.com\/product\/yoast-seo-wordpress\/ -->\n<title>CIJ rechaza pretensi\u00f3n de Nicaragua sobre territorio mar\u00edtimo colombiano - El Diario - Bolivia<\/title>\n<meta name=\"robots\" content=\"index, follow, max-snippet:-1, max-image-preview:large, max-video-preview:-1\" \/>\n<link rel=\"canonical\" href=\"https:\/\/www.eldiario.net\/portal\/2023\/07\/14\/cij-rechaza-pretension-de-nicaragua-sobre-territorio-maritimo-colombiano\/\" \/>\n<meta property=\"og:locale\" content=\"es_ES\" \/>\n<meta property=\"og:type\" content=\"article\" \/>\n<meta property=\"og:title\" content=\"CIJ rechaza pretensi\u00f3n de Nicaragua sobre territorio mar\u00edtimo colombiano - El Diario - Bolivia\" \/>\n<meta property=\"og:description\" content=\"La Corte Internacional de Justicia (CIJ) se pronunci\u00f3 sobre el reclamo de Nicaragua hace casi una d\u00e9cada, donde el pa\u00eds centroamericano solicitaba extender su plataforma continental, es decir, la parte del subsuelo mar\u00edtimo que se encuentra en el Caribe. En esta oportunidad, la CIJ defini\u00f3 que Nicaragua no puede extender su plataforma, bas\u00e1ndose en la [&hellip;]\" \/>\n<meta property=\"og:url\" content=\"https:\/\/www.eldiario.net\/portal\/2023\/07\/14\/cij-rechaza-pretension-de-nicaragua-sobre-territorio-maritimo-colombiano\/\" \/>\n<meta property=\"og:site_name\" content=\"El Diario - Bolivia\" \/>\n<meta property=\"article:publisher\" content=\"https:\/\/www.facebook.com\/eldiario.bolivia\/\" \/>\n<meta property=\"article:published_time\" content=\"2023-07-14T10:06:22+00:00\" \/>\n<meta property=\"og:image\" content=\"https:\/\/www.eldiario.net\/portal\/wp-content\/uploads\/2023\/07\/CORTE.jpg\" \/>\n\t<meta property=\"og:image:width\" content=\"2560\" \/>\n\t<meta property=\"og:image:height\" content=\"1706\" \/>\n\t<meta property=\"og:image:type\" content=\"image\/jpeg\" \/>\n<meta name=\"author\" content=\"Jeanette\" \/>\n<meta name=\"twitter:card\" content=\"summary_large_image\" \/>\n<meta name=\"twitter:creator\" content=\"@eldiario_net\" \/>\n<meta name=\"twitter:site\" content=\"@eldiario_net\" \/>\n<meta name=\"twitter:label1\" content=\"Escrito por\" \/>\n\t<meta name=\"twitter:data1\" content=\"Jeanette\" \/>\n\t<meta name=\"twitter:label2\" content=\"Tiempo de lectura\" \/>\n\t<meta name=\"twitter:data2\" content=\"3 minutos\" \/>\n<script type=\"application\/ld+json\" class=\"yoast-schema-graph\">{\"@context\":\"https:\\\/\\\/schema.org\",\"@graph\":[{\"@type\":\"Article\",\"@id\":\"https:\\\/\\\/www.eldiario.net\\\/portal\\\/2023\\\/07\\\/14\\\/cij-rechaza-pretension-de-nicaragua-sobre-territorio-maritimo-colombiano\\\/#article\",\"isPartOf\":{\"@id\":\"https:\\\/\\\/www.eldiario.net\\\/portal\\\/2023\\\/07\\\/14\\\/cij-rechaza-pretension-de-nicaragua-sobre-territorio-maritimo-colombiano\\\/\"},\"author\":{\"name\":\"Jeanette\",\"@id\":\"https:\\\/\\\/www.eldiario.net\\\/portal\\\/#\\\/schema\\\/person\\\/f46445640444750d7d753ccd04ae01b7\"},\"headline\":\"CIJ rechaza pretensi\u00f3n de Nicaragua sobre territorio mar\u00edtimo colombiano\",\"datePublished\":\"2023-07-14T10:06:22+00:00\",\"mainEntityOfPage\":{\"@id\":\"https:\\\/\\\/www.eldiario.net\\\/portal\\\/2023\\\/07\\\/14\\\/cij-rechaza-pretension-de-nicaragua-sobre-territorio-maritimo-colombiano\\\/\"},\"wordCount\":555,\"publisher\":{\"@id\":\"https:\\\/\\\/www.eldiario.net\\\/portal\\\/#organization\"},\"image\":{\"@id\":\"https:\\\/\\\/www.eldiario.net\\\/portal\\\/2023\\\/07\\\/14\\\/cij-rechaza-pretension-de-nicaragua-sobre-territorio-maritimo-colombiano\\\/#primaryimage\"},\"thumbnailUrl\":\"https:\\\/\\\/www.eldiario.net\\\/portal\\\/wp-content\\\/uploads\\\/2023\\\/07\\\/CORTE.jpg\",\"articleSection\":[\"Internacional\"],\"inLanguage\":\"es\"},{\"@type\":\"WebPage\",\"@id\":\"https:\\\/\\\/www.eldiario.net\\\/portal\\\/2023\\\/07\\\/14\\\/cij-rechaza-pretension-de-nicaragua-sobre-territorio-maritimo-colombiano\\\/\",\"url\":\"https:\\\/\\\/www.eldiario.net\\\/portal\\\/2023\\\/07\\\/14\\\/cij-rechaza-pretension-de-nicaragua-sobre-territorio-maritimo-colombiano\\\/\",\"name\":\"CIJ rechaza pretensi\u00f3n de Nicaragua sobre territorio mar\u00edtimo colombiano - El Diario - Bolivia\",\"isPartOf\":{\"@id\":\"https:\\\/\\\/www.eldiario.net\\\/portal\\\/#website\"},\"primaryImageOfPage\":{\"@id\":\"https:\\\/\\\/www.eldiario.net\\\/portal\\\/2023\\\/07\\\/14\\\/cij-rechaza-pretension-de-nicaragua-sobre-territorio-maritimo-colombiano\\\/#primaryimage\"},\"image\":{\"@id\":\"https:\\\/\\\/www.eldiario.net\\\/portal\\\/2023\\\/07\\\/14\\\/cij-rechaza-pretension-de-nicaragua-sobre-territorio-maritimo-colombiano\\\/#primaryimage\"},\"thumbnailUrl\":\"https:\\\/\\\/www.eldiario.net\\\/portal\\\/wp-content\\\/uploads\\\/2023\\\/07\\\/CORTE.jpg\",\"datePublished\":\"2023-07-14T10:06:22+00:00\",\"breadcrumb\":{\"@id\":\"https:\\\/\\\/www.eldiario.net\\\/portal\\\/2023\\\/07\\\/14\\\/cij-rechaza-pretension-de-nicaragua-sobre-territorio-maritimo-colombiano\\\/#breadcrumb\"},\"inLanguage\":\"es\",\"potentialAction\":[{\"@type\":\"ReadAction\",\"target\":[\"https:\\\/\\\/www.eldiario.net\\\/portal\\\/2023\\\/07\\\/14\\\/cij-rechaza-pretension-de-nicaragua-sobre-territorio-maritimo-colombiano\\\/\"]}]},{\"@type\":\"ImageObject\",\"inLanguage\":\"es\",\"@id\":\"https:\\\/\\\/www.eldiario.net\\\/portal\\\/2023\\\/07\\\/14\\\/cij-rechaza-pretension-de-nicaragua-sobre-territorio-maritimo-colombiano\\\/#primaryimage\",\"url\":\"https:\\\/\\\/www.eldiario.net\\\/portal\\\/wp-content\\\/uploads\\\/2023\\\/07\\\/CORTE.jpg\",\"contentUrl\":\"https:\\\/\\\/www.eldiario.net\\\/portal\\\/wp-content\\\/uploads\\\/2023\\\/07\\\/CORTE.jpg\",\"width\":2560,\"height\":1706,\"caption\":\"NICARAGUA NO PUEDE SOBREPONERSE POR ENCIMA DE OTRO ESTADO. La Prensa\"},{\"@type\":\"BreadcrumbList\",\"@id\":\"https:\\\/\\\/www.eldiario.net\\\/portal\\\/2023\\\/07\\\/14\\\/cij-rechaza-pretension-de-nicaragua-sobre-territorio-maritimo-colombiano\\\/#breadcrumb\",\"itemListElement\":[{\"@type\":\"ListItem\",\"position\":1,\"name\":\"Portada\",\"item\":\"https:\\\/\\\/www.eldiario.net\\\/portal\\\/\"},{\"@type\":\"ListItem\",\"position\":2,\"name\":\"CIJ rechaza pretensi\u00f3n de Nicaragua sobre territorio mar\u00edtimo colombiano\"}]},{\"@type\":\"WebSite\",\"@id\":\"https:\\\/\\\/www.eldiario.net\\\/portal\\\/#website\",\"url\":\"https:\\\/\\\/www.eldiario.net\\\/portal\\\/\",\"name\":\"El Diario - Decano de la prensa nacional\",\"description\":\"El Diario - Decano de la prensa nacional\",\"publisher\":{\"@id\":\"https:\\\/\\\/www.eldiario.net\\\/portal\\\/#organization\"},\"potentialAction\":[{\"@type\":\"SearchAction\",\"target\":{\"@type\":\"EntryPoint\",\"urlTemplate\":\"https:\\\/\\\/www.eldiario.net\\\/portal\\\/?s={search_term_string}\"},\"query-input\":{\"@type\":\"PropertyValueSpecification\",\"valueRequired\":true,\"valueName\":\"search_term_string\"}}],\"inLanguage\":\"es\"},{\"@type\":\"Organization\",\"@id\":\"https:\\\/\\\/www.eldiario.net\\\/portal\\\/#organization\",\"name\":\"El Diario - Decano de la prensa nacional\",\"url\":\"https:\\\/\\\/www.eldiario.net\\\/portal\\\/\",\"logo\":{\"@type\":\"ImageObject\",\"inLanguage\":\"es\",\"@id\":\"https:\\\/\\\/www.eldiario.net\\\/portal\\\/#\\\/schema\\\/logo\\\/image\\\/\",\"url\":\"https:\\\/\\\/www.eldiario.net\\\/portal\\\/wp-content\\\/uploads\\\/2023\\\/07\\\/logo_ED.jpg\",\"contentUrl\":\"https:\\\/\\\/www.eldiario.net\\\/portal\\\/wp-content\\\/uploads\\\/2023\\\/07\\\/logo_ED.jpg\",\"width\":272,\"height\":52,\"caption\":\"El Diario - Decano de la prensa nacional\"},\"image\":{\"@id\":\"https:\\\/\\\/www.eldiario.net\\\/portal\\\/#\\\/schema\\\/logo\\\/image\\\/\"},\"sameAs\":[\"https:\\\/\\\/www.facebook.com\\\/eldiario.bolivia\\\/\",\"https:\\\/\\\/x.com\\\/eldiario_net\"]},{\"@type\":\"Person\",\"@id\":\"https:\\\/\\\/www.eldiario.net\\\/portal\\\/#\\\/schema\\\/person\\\/f46445640444750d7d753ccd04ae01b7\",\"name\":\"Jeanette\",\"image\":{\"@type\":\"ImageObject\",\"inLanguage\":\"es\",\"@id\":\"https:\\\/\\\/secure.gravatar.com\\\/avatar\\\/3ea2118a5f7dad2b7138b1187a6b7ee55f160b9968b66013c3a3ef39dd7e5798?s=96&d=mm&r=g\",\"url\":\"https:\\\/\\\/secure.gravatar.com\\\/avatar\\\/3ea2118a5f7dad2b7138b1187a6b7ee55f160b9968b66013c3a3ef39dd7e5798?s=96&d=mm&r=g\",\"contentUrl\":\"https:\\\/\\\/secure.gravatar.com\\\/avatar\\\/3ea2118a5f7dad2b7138b1187a6b7ee55f160b9968b66013c3a3ef39dd7e5798?s=96&d=mm&r=g\",\"caption\":\"Jeanette\"},\"sameAs\":[\"https:\\\/\\\/www.eldiario.net\\\/portal\"],\"url\":\"https:\\\/\\\/www.eldiario.net\\\/portal\\\/author\\\/jeanette\\\/\"}]}<\/script>\n<!-- \/ Yoast SEO plugin. -->","yoast_head_json":{"title":"CIJ rechaza pretensi\u00f3n de Nicaragua sobre territorio mar\u00edtimo colombiano - El Diario - Bolivia","robots":{"index":"index","follow":"follow","max-snippet":"max-snippet:-1","max-image-preview":"max-image-preview:large","max-video-preview":"max-video-preview:-1"},"canonical":"https:\/\/www.eldiario.net\/portal\/2023\/07\/14\/cij-rechaza-pretension-de-nicaragua-sobre-territorio-maritimo-colombiano\/","og_locale":"es_ES","og_type":"article","og_title":"CIJ rechaza pretensi\u00f3n de Nicaragua sobre territorio mar\u00edtimo colombiano - El Diario - Bolivia","og_description":"La Corte Internacional de Justicia (CIJ) se pronunci\u00f3 sobre el reclamo de Nicaragua hace casi una d\u00e9cada, donde el pa\u00eds centroamericano solicitaba extender su plataforma continental, es decir, la parte del subsuelo mar\u00edtimo que se encuentra en el Caribe. En esta oportunidad, la CIJ defini\u00f3 que Nicaragua no puede extender su plataforma, bas\u00e1ndose en la [&hellip;]","og_url":"https:\/\/www.eldiario.net\/portal\/2023\/07\/14\/cij-rechaza-pretension-de-nicaragua-sobre-territorio-maritimo-colombiano\/","og_site_name":"El Diario - Bolivia","article_publisher":"https:\/\/www.facebook.com\/eldiario.bolivia\/","article_published_time":"2023-07-14T10:06:22+00:00","og_image":[{"width":2560,"height":1706,"url":"https:\/\/www.eldiario.net\/portal\/wp-content\/uploads\/2023\/07\/CORTE.jpg","type":"image\/jpeg"}],"author":"Jeanette","twitter_card":"summary_large_image","twitter_creator":"@eldiario_net","twitter_site":"@eldiario_net","twitter_misc":{"Escrito por":"Jeanette","Tiempo de lectura":"3 minutos"},"schema":{"@context":"https:\/\/schema.org","@graph":[{"@type":"Article","@id":"https:\/\/www.eldiario.net\/portal\/2023\/07\/14\/cij-rechaza-pretension-de-nicaragua-sobre-territorio-maritimo-colombiano\/#article","isPartOf":{"@id":"https:\/\/www.eldiario.net\/portal\/2023\/07\/14\/cij-rechaza-pretension-de-nicaragua-sobre-territorio-maritimo-colombiano\/"},"author":{"name":"Jeanette","@id":"https:\/\/www.eldiario.net\/portal\/#\/schema\/person\/f46445640444750d7d753ccd04ae01b7"},"headline":"CIJ rechaza pretensi\u00f3n de Nicaragua sobre territorio mar\u00edtimo colombiano","datePublished":"2023-07-14T10:06:22+00:00","mainEntityOfPage":{"@id":"https:\/\/www.eldiario.net\/portal\/2023\/07\/14\/cij-rechaza-pretension-de-nicaragua-sobre-territorio-maritimo-colombiano\/"},"wordCount":555,"publisher":{"@id":"https:\/\/www.eldiario.net\/portal\/#organization"},"image":{"@id":"https:\/\/www.eldiario.net\/portal\/2023\/07\/14\/cij-rechaza-pretension-de-nicaragua-sobre-territorio-maritimo-colombiano\/#primaryimage"},"thumbnailUrl":"https:\/\/www.eldiario.net\/portal\/wp-content\/uploads\/2023\/07\/CORTE.jpg","articleSection":["Internacional"],"inLanguage":"es"},{"@type":"WebPage","@id":"https:\/\/www.eldiario.net\/portal\/2023\/07\/14\/cij-rechaza-pretension-de-nicaragua-sobre-territorio-maritimo-colombiano\/","url":"https:\/\/www.eldiario.net\/portal\/2023\/07\/14\/cij-rechaza-pretension-de-nicaragua-sobre-territorio-maritimo-colombiano\/","name":"CIJ rechaza pretensi\u00f3n de Nicaragua sobre territorio mar\u00edtimo colombiano - El Diario - Bolivia","isPartOf":{"@id":"https:\/\/www.eldiario.net\/portal\/#website"},"primaryImageOfPage":{"@id":"https:\/\/www.eldiario.net\/portal\/2023\/07\/14\/cij-rechaza-pretension-de-nicaragua-sobre-territorio-maritimo-colombiano\/#primaryimage"},"image":{"@id":"https:\/\/www.eldiario.net\/portal\/2023\/07\/14\/cij-rechaza-pretension-de-nicaragua-sobre-territorio-maritimo-colombiano\/#primaryimage"},"thumbnailUrl":"https:\/\/www.eldiario.net\/portal\/wp-content\/uploads\/2023\/07\/CORTE.jpg","datePublished":"2023-07-14T10:06:22+00:00","breadcrumb":{"@id":"https:\/\/www.eldiario.net\/portal\/2023\/07\/14\/cij-rechaza-pretension-de-nicaragua-sobre-territorio-maritimo-colombiano\/#breadcrumb"},"inLanguage":"es","potentialAction":[{"@type":"ReadAction","target":["https:\/\/www.eldiario.net\/portal\/2023\/07\/14\/cij-rechaza-pretension-de-nicaragua-sobre-territorio-maritimo-colombiano\/"]}]},{"@type":"ImageObject","inLanguage":"es","@id":"https:\/\/www.eldiario.net\/portal\/2023\/07\/14\/cij-rechaza-pretension-de-nicaragua-sobre-territorio-maritimo-colombiano\/#primaryimage","url":"https:\/\/www.eldiario.net\/portal\/wp-content\/uploads\/2023\/07\/CORTE.jpg","contentUrl":"https:\/\/www.eldiario.net\/portal\/wp-content\/uploads\/2023\/07\/CORTE.jpg","width":2560,"height":1706,"caption":"NICARAGUA NO PUEDE SOBREPONERSE POR ENCIMA DE OTRO ESTADO. La Prensa"},{"@type":"BreadcrumbList","@id":"https:\/\/www.eldiario.net\/portal\/2023\/07\/14\/cij-rechaza-pretension-de-nicaragua-sobre-territorio-maritimo-colombiano\/#breadcrumb","itemListElement":[{"@type":"ListItem","position":1,"name":"Portada","item":"https:\/\/www.eldiario.net\/portal\/"},{"@type":"ListItem","position":2,"name":"CIJ rechaza pretensi\u00f3n de Nicaragua sobre territorio mar\u00edtimo colombiano"}]},{"@type":"WebSite","@id":"https:\/\/www.eldiario.net\/portal\/#website","url":"https:\/\/www.eldiario.net\/portal\/","name":"El Diario - Decano de la prensa nacional","description":"El Diario - Decano de la prensa nacional","publisher":{"@id":"https:\/\/www.eldiario.net\/portal\/#organization"},"potentialAction":[{"@type":"SearchAction","target":{"@type":"EntryPoint","urlTemplate":"https:\/\/www.eldiario.net\/portal\/?s={search_term_string}"},"query-input":{"@type":"PropertyValueSpecification","valueRequired":true,"valueName":"search_term_string"}}],"inLanguage":"es"},{"@type":"Organization","@id":"https:\/\/www.eldiario.net\/portal\/#organization","name":"El Diario - Decano de la prensa nacional","url":"https:\/\/www.eldiario.net\/portal\/","logo":{"@type":"ImageObject","inLanguage":"es","@id":"https:\/\/www.eldiario.net\/portal\/#\/schema\/logo\/image\/","url":"https:\/\/www.eldiario.net\/portal\/wp-content\/uploads\/2023\/07\/logo_ED.jpg","contentUrl":"https:\/\/www.eldiario.net\/portal\/wp-content\/uploads\/2023\/07\/logo_ED.jpg","width":272,"height":52,"caption":"El Diario - Decano de la prensa nacional"},"image":{"@id":"https:\/\/www.eldiario.net\/portal\/#\/schema\/logo\/image\/"},"sameAs":["https:\/\/www.facebook.com\/eldiario.bolivia\/","https:\/\/x.com\/eldiario_net"]},{"@type":"Person","@id":"https:\/\/www.eldiario.net\/portal\/#\/schema\/person\/f46445640444750d7d753ccd04ae01b7","name":"Jeanette","image":{"@type":"ImageObject","inLanguage":"es","@id":"https:\/\/secure.gravatar.com\/avatar\/3ea2118a5f7dad2b7138b1187a6b7ee55f160b9968b66013c3a3ef39dd7e5798?s=96&d=mm&r=g","url":"https:\/\/secure.gravatar.com\/avatar\/3ea2118a5f7dad2b7138b1187a6b7ee55f160b9968b66013c3a3ef39dd7e5798?s=96&d=mm&r=g","contentUrl":"https:\/\/secure.gravatar.com\/avatar\/3ea2118a5f7dad2b7138b1187a6b7ee55f160b9968b66013c3a3ef39dd7e5798?s=96&d=mm&r=g","caption":"Jeanette"},"sameAs":["https:\/\/www.eldiario.net\/portal"],"url":"https:\/\/www.eldiario.net\/portal\/author\/jeanette\/"}]}},"_links":{"self":[{"href":"https:\/\/www.eldiario.net\/portal\/wp-json\/wp\/v2\/posts\/165318","targetHints":{"allow":["GET"]}}],"collection":[{"href":"https:\/\/www.eldiario.net\/portal\/wp-json\/wp\/v2\/posts"}],"about":[{"href":"https:\/\/www.eldiario.net\/portal\/wp-json\/wp\/v2\/types\/post"}],"author":[{"embeddable":true,"href":"https:\/\/www.eldiario.net\/portal\/wp-json\/wp\/v2\/users\/1"}],"replies":[{"embeddable":true,"href":"https:\/\/www.eldiario.net\/portal\/wp-json\/wp\/v2\/comments?post=165318"}],"version-history":[{"count":0,"href":"https:\/\/www.eldiario.net\/portal\/wp-json\/wp\/v2\/posts\/165318\/revisions"}],"wp:featuredmedia":[{"embeddable":true,"href":"https:\/\/www.eldiario.net\/portal\/wp-json\/wp\/v2\/media\/165319"}],"wp:attachment":[{"href":"https:\/\/www.eldiario.net\/portal\/wp-json\/wp\/v2\/media?parent=165318"}],"wp:term":[{"taxonomy":"category","embeddable":true,"href":"https:\/\/www.eldiario.net\/portal\/wp-json\/wp\/v2\/categories?post=165318"},{"taxonomy":"post_tag","embeddable":true,"href":"https:\/\/www.eldiario.net\/portal\/wp-json\/wp\/v2\/tags?post=165318"}],"curies":[{"name":"wp","href":"https:\/\/api.w.org\/{rel}","templated":true}]}}