{"id":165315,"date":"2023-07-14T06:05:18","date_gmt":"2023-07-14T10:05:18","guid":{"rendered":"https:\/\/www.eldiario.net\/portal\/?p=165315"},"modified":"2023-07-14T06:05:18","modified_gmt":"2023-07-14T10:05:18","slug":"ucrania-asegura-haber-destruido-20-drones-y-dos-misiles-balisticos","status":"publish","type":"post","link":"https:\/\/www.eldiario.net\/portal\/2023\/07\/14\/ucrania-asegura-haber-destruido-20-drones-y-dos-misiles-balisticos\/","title":{"rendered":"Ucrania asegura haber destruido  20 drones y dos misiles bal\u00edsticos"},"content":{"rendered":"<p>Las Fuerzas Armadas de Ucrania aseguraron ayer haber destruido 20 drones kamikaze y dos misiles tipo \u2018Kalibr\u2019 lanzados por Rusia, durante las \u00faltimas horas contra el pa\u00eds. Un misil bal\u00edstico \u2018Iskander\u2019 habr\u00eda superado las defensas ucranianas, sin que por ahora haya informaciones sobre v\u00edctimas o da\u00f1os.<br \/>\n\u201cDurante la madrugada de ayer, los invasores rusos atacaron Ucrania con 20 drones de ataque de fabricaci\u00f3n iran\u00ed tipo \u2018Shahed\u2019\u201d, dijo el Estado Mayor del Ej\u00e9rcito ucraniano en su cuenta de Facebook, antes de agregar que \u201cel enemigo tambi\u00e9n us\u00f3 dos misiles de crucero \u2018Kalibr\u2019 desde el mar Negro y un misil bal\u00edstico \u2018Iskander\u2019 desde Crimea\u201d.<br \/>\nSubray\u00f3 tambi\u00e9n que como resultado del trabajo de combate, los 20 drones fueron destruidos, principalmente en la regi\u00f3n de Kiev y apunt\u00f3 que dos misiles de crucero \u2039Kalibr\u203a tambi\u00e9n fueron destruidos en diferentes direcciones. \u00abSe est\u00e1 aclarando la informaci\u00f3n sobre las consecuencias del lanzamiento de un misil \u2039Iskander\u203a\u00bb, advirti\u00f3.<br \/>\nPor otra parte, dijo que durante el \u00faltimo d\u00eda de hostilidades fueron \u00abliquidados\u00bb 510 combatientes rusos, lo que eleva a \u00abcerca de 236.040\u00bb el total de rusos muertos desde el inicio de la invasi\u00f3n, desatada en febrero de 2022, cifras muy superiores a las confirmadas hasta la fecha por las autoridades rusas.<br \/>\nEl Estado Mayor del Ej\u00e9rcito ucraniano dijo que desde el inicio de la guerra fueron destruidos 4.092 carros de combate, 4.425 sistemas de artiller\u00eda, 421 sistemas de defensa antia\u00e9rea, 315 aviones, 310 helic\u00f3pteros, 3.752 drones, 1.271 misiles de crucero, 18 embarcaciones, 6.995 veh\u00edculos y tanques de combustible y 652 piezas de equipamiento especial.<br \/>\nRusia no facilit\u00f3 datos sobre bajas en el conflicto desde septiembre, cuando el ministro de Defensa ruso, Sergei Shoigu, confirm\u00f3 la muerte de 5.937 militares. El portal ruso de noticias Mediazona eleva el total de fallecidos a 26.801, incluidos 1.273 durante los \u00faltimos 15 d\u00edas, cifras que da por \u00abcorroboradas\u00bb a trav\u00e9s de datos disponibles p\u00fablicamente. (Europa Press).<\/p>\n","protected":false},"excerpt":{"rendered":"<p>Las Fuerzas Armadas de Ucrania aseguraron ayer haber destruido 20 drones kamikaze y dos misiles tipo \u2018Kalibr\u2019 lanzados por Rusia, durante las \u00faltimas horas contra el pa\u00eds. Un misil bal\u00edstico \u2018Iskander\u2019 habr\u00eda superado las defensas ucranianas, sin que por ahora haya informaciones sobre v\u00edctimas o da\u00f1os. \u201cDurante la madrugada de ayer, los invasores rusos atacaron [&hellip;]<\/p>\n","protected":false},"author":1,"featured_media":165316,"comment_status":"closed","ping_status":"open","sticky":false,"template":"","format":"standard","meta":{"_acf_changed":false,"footnotes":""},"categories":[3],"tags":[],"class_list":["post-165315","post","type-post","status-publish","format-standard","has-post-thumbnail","category-internacional"],"acf":{"antetitulo":""},"yoast_head":"<!-- This site is optimized with the Yoast SEO plugin v28.4 - https:\/\/yoast.com\/product\/yoast-seo-wordpress\/ -->\n<title>Ucrania asegura haber destruido 20 drones y dos misiles bal\u00edsticos - El Diario - Bolivia<\/title>\n<meta name=\"robots\" content=\"index, follow, max-snippet:-1, max-image-preview:large, max-video-preview:-1\" \/>\n<link rel=\"canonical\" href=\"https:\/\/www.eldiario.net\/portal\/2023\/07\/14\/ucrania-asegura-haber-destruido-20-drones-y-dos-misiles-balisticos\/\" \/>\n<meta property=\"og:locale\" content=\"es_ES\" \/>\n<meta property=\"og:type\" content=\"article\" \/>\n<meta property=\"og:title\" content=\"Ucrania asegura haber destruido 20 drones y dos misiles bal\u00edsticos - El Diario - Bolivia\" \/>\n<meta property=\"og:description\" content=\"Las Fuerzas Armadas de Ucrania aseguraron ayer haber destruido 20 drones kamikaze y dos misiles tipo \u2018Kalibr\u2019 lanzados por Rusia, durante las \u00faltimas horas contra el pa\u00eds. Un misil bal\u00edstico \u2018Iskander\u2019 habr\u00eda superado las defensas ucranianas, sin que por ahora haya informaciones sobre v\u00edctimas o da\u00f1os. \u201cDurante la madrugada de ayer, los invasores rusos atacaron [&hellip;]\" \/>\n<meta property=\"og:url\" content=\"https:\/\/www.eldiario.net\/portal\/2023\/07\/14\/ucrania-asegura-haber-destruido-20-drones-y-dos-misiles-balisticos\/\" \/>\n<meta property=\"og:site_name\" content=\"El Diario - Bolivia\" \/>\n<meta property=\"article:publisher\" content=\"https:\/\/www.facebook.com\/eldiario.bolivia\/\" \/>\n<meta property=\"article:published_time\" content=\"2023-07-14T10:05:18+00:00\" \/>\n<meta property=\"og:image\" content=\"https:\/\/www.eldiario.net\/portal\/wp-content\/uploads\/2023\/07\/SOLDIER.jpg\" \/>\n\t<meta property=\"og:image:width\" content=\"1200\" \/>\n\t<meta property=\"og:image:height\" content=\"800\" \/>\n\t<meta property=\"og:image:type\" content=\"image\/jpeg\" \/>\n<meta name=\"author\" content=\"Jeanette\" \/>\n<meta name=\"twitter:card\" content=\"summary_large_image\" \/>\n<meta name=\"twitter:creator\" content=\"@eldiario_net\" \/>\n<meta name=\"twitter:site\" content=\"@eldiario_net\" \/>\n<meta name=\"twitter:label1\" content=\"Escrito por\" \/>\n\t<meta name=\"twitter:data1\" content=\"Jeanette\" \/>\n\t<meta name=\"twitter:label2\" content=\"Tiempo de lectura\" \/>\n\t<meta name=\"twitter:data2\" content=\"2 minutos\" \/>\n<script type=\"application\/ld+json\" class=\"yoast-schema-graph\">{\"@context\":\"https:\\\/\\\/schema.org\",\"@graph\":[{\"@type\":\"Article\",\"@id\":\"https:\\\/\\\/www.eldiario.net\\\/portal\\\/2023\\\/07\\\/14\\\/ucrania-asegura-haber-destruido-20-drones-y-dos-misiles-balisticos\\\/#article\",\"isPartOf\":{\"@id\":\"https:\\\/\\\/www.eldiario.net\\\/portal\\\/2023\\\/07\\\/14\\\/ucrania-asegura-haber-destruido-20-drones-y-dos-misiles-balisticos\\\/\"},\"author\":{\"name\":\"Jeanette\",\"@id\":\"https:\\\/\\\/www.eldiario.net\\\/portal\\\/#\\\/schema\\\/person\\\/f46445640444750d7d753ccd04ae01b7\"},\"headline\":\"Ucrania asegura haber destruido 20 drones y dos misiles bal\u00edsticos\",\"datePublished\":\"2023-07-14T10:05:18+00:00\",\"mainEntityOfPage\":{\"@id\":\"https:\\\/\\\/www.eldiario.net\\\/portal\\\/2023\\\/07\\\/14\\\/ucrania-asegura-haber-destruido-20-drones-y-dos-misiles-balisticos\\\/\"},\"wordCount\":327,\"publisher\":{\"@id\":\"https:\\\/\\\/www.eldiario.net\\\/portal\\\/#organization\"},\"image\":{\"@id\":\"https:\\\/\\\/www.eldiario.net\\\/portal\\\/2023\\\/07\\\/14\\\/ucrania-asegura-haber-destruido-20-drones-y-dos-misiles-balisticos\\\/#primaryimage\"},\"thumbnailUrl\":\"https:\\\/\\\/www.eldiario.net\\\/portal\\\/wp-content\\\/uploads\\\/2023\\\/07\\\/SOLDIER.jpg\",\"articleSection\":[\"Internacional\"],\"inLanguage\":\"es\"},{\"@type\":\"WebPage\",\"@id\":\"https:\\\/\\\/www.eldiario.net\\\/portal\\\/2023\\\/07\\\/14\\\/ucrania-asegura-haber-destruido-20-drones-y-dos-misiles-balisticos\\\/\",\"url\":\"https:\\\/\\\/www.eldiario.net\\\/portal\\\/2023\\\/07\\\/14\\\/ucrania-asegura-haber-destruido-20-drones-y-dos-misiles-balisticos\\\/\",\"name\":\"Ucrania asegura haber destruido 20 drones y dos misiles bal\u00edsticos - El Diario - Bolivia\",\"isPartOf\":{\"@id\":\"https:\\\/\\\/www.eldiario.net\\\/portal\\\/#website\"},\"primaryImageOfPage\":{\"@id\":\"https:\\\/\\\/www.eldiario.net\\\/portal\\\/2023\\\/07\\\/14\\\/ucrania-asegura-haber-destruido-20-drones-y-dos-misiles-balisticos\\\/#primaryimage\"},\"image\":{\"@id\":\"https:\\\/\\\/www.eldiario.net\\\/portal\\\/2023\\\/07\\\/14\\\/ucrania-asegura-haber-destruido-20-drones-y-dos-misiles-balisticos\\\/#primaryimage\"},\"thumbnailUrl\":\"https:\\\/\\\/www.eldiario.net\\\/portal\\\/wp-content\\\/uploads\\\/2023\\\/07\\\/SOLDIER.jpg\",\"datePublished\":\"2023-07-14T10:05:18+00:00\",\"breadcrumb\":{\"@id\":\"https:\\\/\\\/www.eldiario.net\\\/portal\\\/2023\\\/07\\\/14\\\/ucrania-asegura-haber-destruido-20-drones-y-dos-misiles-balisticos\\\/#breadcrumb\"},\"inLanguage\":\"es\",\"potentialAction\":[{\"@type\":\"ReadAction\",\"target\":[\"https:\\\/\\\/www.eldiario.net\\\/portal\\\/2023\\\/07\\\/14\\\/ucrania-asegura-haber-destruido-20-drones-y-dos-misiles-balisticos\\\/\"]}]},{\"@type\":\"ImageObject\",\"inLanguage\":\"es\",\"@id\":\"https:\\\/\\\/www.eldiario.net\\\/portal\\\/2023\\\/07\\\/14\\\/ucrania-asegura-haber-destruido-20-drones-y-dos-misiles-balisticos\\\/#primaryimage\",\"url\":\"https:\\\/\\\/www.eldiario.net\\\/portal\\\/wp-content\\\/uploads\\\/2023\\\/07\\\/SOLDIER.jpg\",\"contentUrl\":\"https:\\\/\\\/www.eldiario.net\\\/portal\\\/wp-content\\\/uploads\\\/2023\\\/07\\\/SOLDIER.jpg\",\"width\":1200,\"height\":800,\"caption\":\"UCRANIA DESTRUY\u00d3 20 DRONES, PRINCIPALMENTE EN LA REGI\u00d3N DE KIEV. Europa Press\"},{\"@type\":\"BreadcrumbList\",\"@id\":\"https:\\\/\\\/www.eldiario.net\\\/portal\\\/2023\\\/07\\\/14\\\/ucrania-asegura-haber-destruido-20-drones-y-dos-misiles-balisticos\\\/#breadcrumb\",\"itemListElement\":[{\"@type\":\"ListItem\",\"position\":1,\"name\":\"Portada\",\"item\":\"https:\\\/\\\/www.eldiario.net\\\/portal\\\/\"},{\"@type\":\"ListItem\",\"position\":2,\"name\":\"Ucrania asegura haber destruido 20 drones y dos misiles bal\u00edsticos\"}]},{\"@type\":\"WebSite\",\"@id\":\"https:\\\/\\\/www.eldiario.net\\\/portal\\\/#website\",\"url\":\"https:\\\/\\\/www.eldiario.net\\\/portal\\\/\",\"name\":\"El Diario - Decano de la prensa nacional\",\"description\":\"El Diario - Decano de la prensa nacional\",\"publisher\":{\"@id\":\"https:\\\/\\\/www.eldiario.net\\\/portal\\\/#organization\"},\"potentialAction\":[{\"@type\":\"SearchAction\",\"target\":{\"@type\":\"EntryPoint\",\"urlTemplate\":\"https:\\\/\\\/www.eldiario.net\\\/portal\\\/?s={search_term_string}\"},\"query-input\":{\"@type\":\"PropertyValueSpecification\",\"valueRequired\":true,\"valueName\":\"search_term_string\"}}],\"inLanguage\":\"es\"},{\"@type\":\"Organization\",\"@id\":\"https:\\\/\\\/www.eldiario.net\\\/portal\\\/#organization\",\"name\":\"El Diario - Decano de la prensa nacional\",\"url\":\"https:\\\/\\\/www.eldiario.net\\\/portal\\\/\",\"logo\":{\"@type\":\"ImageObject\",\"inLanguage\":\"es\",\"@id\":\"https:\\\/\\\/www.eldiario.net\\\/portal\\\/#\\\/schema\\\/logo\\\/image\\\/\",\"url\":\"https:\\\/\\\/www.eldiario.net\\\/portal\\\/wp-content\\\/uploads\\\/2023\\\/07\\\/logo_ED.jpg\",\"contentUrl\":\"https:\\\/\\\/www.eldiario.net\\\/portal\\\/wp-content\\\/uploads\\\/2023\\\/07\\\/logo_ED.jpg\",\"width\":272,\"height\":52,\"caption\":\"El Diario - Decano de la prensa nacional\"},\"image\":{\"@id\":\"https:\\\/\\\/www.eldiario.net\\\/portal\\\/#\\\/schema\\\/logo\\\/image\\\/\"},\"sameAs\":[\"https:\\\/\\\/www.facebook.com\\\/eldiario.bolivia\\\/\",\"https:\\\/\\\/x.com\\\/eldiario_net\"]},{\"@type\":\"Person\",\"@id\":\"https:\\\/\\\/www.eldiario.net\\\/portal\\\/#\\\/schema\\\/person\\\/f46445640444750d7d753ccd04ae01b7\",\"name\":\"Jeanette\",\"image\":{\"@type\":\"ImageObject\",\"inLanguage\":\"es\",\"@id\":\"https:\\\/\\\/secure.gravatar.com\\\/avatar\\\/3ea2118a5f7dad2b7138b1187a6b7ee55f160b9968b66013c3a3ef39dd7e5798?s=96&d=mm&r=g\",\"url\":\"https:\\\/\\\/secure.gravatar.com\\\/avatar\\\/3ea2118a5f7dad2b7138b1187a6b7ee55f160b9968b66013c3a3ef39dd7e5798?s=96&d=mm&r=g\",\"contentUrl\":\"https:\\\/\\\/secure.gravatar.com\\\/avatar\\\/3ea2118a5f7dad2b7138b1187a6b7ee55f160b9968b66013c3a3ef39dd7e5798?s=96&d=mm&r=g\",\"caption\":\"Jeanette\"},\"sameAs\":[\"https:\\\/\\\/www.eldiario.net\\\/portal\"],\"url\":\"https:\\\/\\\/www.eldiario.net\\\/portal\\\/author\\\/jeanette\\\/\"}]}<\/script>\n<!-- \/ Yoast SEO plugin. -->","yoast_head_json":{"title":"Ucrania asegura haber destruido 20 drones y dos misiles bal\u00edsticos - El Diario - Bolivia","robots":{"index":"index","follow":"follow","max-snippet":"max-snippet:-1","max-image-preview":"max-image-preview:large","max-video-preview":"max-video-preview:-1"},"canonical":"https:\/\/www.eldiario.net\/portal\/2023\/07\/14\/ucrania-asegura-haber-destruido-20-drones-y-dos-misiles-balisticos\/","og_locale":"es_ES","og_type":"article","og_title":"Ucrania asegura haber destruido 20 drones y dos misiles bal\u00edsticos - El Diario - Bolivia","og_description":"Las Fuerzas Armadas de Ucrania aseguraron ayer haber destruido 20 drones kamikaze y dos misiles tipo \u2018Kalibr\u2019 lanzados por Rusia, durante las \u00faltimas horas contra el pa\u00eds. Un misil bal\u00edstico \u2018Iskander\u2019 habr\u00eda superado las defensas ucranianas, sin que por ahora haya informaciones sobre v\u00edctimas o da\u00f1os. \u201cDurante la madrugada de ayer, los invasores rusos atacaron [&hellip;]","og_url":"https:\/\/www.eldiario.net\/portal\/2023\/07\/14\/ucrania-asegura-haber-destruido-20-drones-y-dos-misiles-balisticos\/","og_site_name":"El Diario - Bolivia","article_publisher":"https:\/\/www.facebook.com\/eldiario.bolivia\/","article_published_time":"2023-07-14T10:05:18+00:00","og_image":[{"width":1200,"height":800,"url":"https:\/\/www.eldiario.net\/portal\/wp-content\/uploads\/2023\/07\/SOLDIER.jpg","type":"image\/jpeg"}],"author":"Jeanette","twitter_card":"summary_large_image","twitter_creator":"@eldiario_net","twitter_site":"@eldiario_net","twitter_misc":{"Escrito por":"Jeanette","Tiempo de lectura":"2 minutos"},"schema":{"@context":"https:\/\/schema.org","@graph":[{"@type":"Article","@id":"https:\/\/www.eldiario.net\/portal\/2023\/07\/14\/ucrania-asegura-haber-destruido-20-drones-y-dos-misiles-balisticos\/#article","isPartOf":{"@id":"https:\/\/www.eldiario.net\/portal\/2023\/07\/14\/ucrania-asegura-haber-destruido-20-drones-y-dos-misiles-balisticos\/"},"author":{"name":"Jeanette","@id":"https:\/\/www.eldiario.net\/portal\/#\/schema\/person\/f46445640444750d7d753ccd04ae01b7"},"headline":"Ucrania asegura haber destruido 20 drones y dos misiles bal\u00edsticos","datePublished":"2023-07-14T10:05:18+00:00","mainEntityOfPage":{"@id":"https:\/\/www.eldiario.net\/portal\/2023\/07\/14\/ucrania-asegura-haber-destruido-20-drones-y-dos-misiles-balisticos\/"},"wordCount":327,"publisher":{"@id":"https:\/\/www.eldiario.net\/portal\/#organization"},"image":{"@id":"https:\/\/www.eldiario.net\/portal\/2023\/07\/14\/ucrania-asegura-haber-destruido-20-drones-y-dos-misiles-balisticos\/#primaryimage"},"thumbnailUrl":"https:\/\/www.eldiario.net\/portal\/wp-content\/uploads\/2023\/07\/SOLDIER.jpg","articleSection":["Internacional"],"inLanguage":"es"},{"@type":"WebPage","@id":"https:\/\/www.eldiario.net\/portal\/2023\/07\/14\/ucrania-asegura-haber-destruido-20-drones-y-dos-misiles-balisticos\/","url":"https:\/\/www.eldiario.net\/portal\/2023\/07\/14\/ucrania-asegura-haber-destruido-20-drones-y-dos-misiles-balisticos\/","name":"Ucrania asegura haber destruido 20 drones y dos misiles bal\u00edsticos - El Diario - Bolivia","isPartOf":{"@id":"https:\/\/www.eldiario.net\/portal\/#website"},"primaryImageOfPage":{"@id":"https:\/\/www.eldiario.net\/portal\/2023\/07\/14\/ucrania-asegura-haber-destruido-20-drones-y-dos-misiles-balisticos\/#primaryimage"},"image":{"@id":"https:\/\/www.eldiario.net\/portal\/2023\/07\/14\/ucrania-asegura-haber-destruido-20-drones-y-dos-misiles-balisticos\/#primaryimage"},"thumbnailUrl":"https:\/\/www.eldiario.net\/portal\/wp-content\/uploads\/2023\/07\/SOLDIER.jpg","datePublished":"2023-07-14T10:05:18+00:00","breadcrumb":{"@id":"https:\/\/www.eldiario.net\/portal\/2023\/07\/14\/ucrania-asegura-haber-destruido-20-drones-y-dos-misiles-balisticos\/#breadcrumb"},"inLanguage":"es","potentialAction":[{"@type":"ReadAction","target":["https:\/\/www.eldiario.net\/portal\/2023\/07\/14\/ucrania-asegura-haber-destruido-20-drones-y-dos-misiles-balisticos\/"]}]},{"@type":"ImageObject","inLanguage":"es","@id":"https:\/\/www.eldiario.net\/portal\/2023\/07\/14\/ucrania-asegura-haber-destruido-20-drones-y-dos-misiles-balisticos\/#primaryimage","url":"https:\/\/www.eldiario.net\/portal\/wp-content\/uploads\/2023\/07\/SOLDIER.jpg","contentUrl":"https:\/\/www.eldiario.net\/portal\/wp-content\/uploads\/2023\/07\/SOLDIER.jpg","width":1200,"height":800,"caption":"UCRANIA DESTRUY\u00d3 20 DRONES, PRINCIPALMENTE EN LA REGI\u00d3N DE KIEV. Europa Press"},{"@type":"BreadcrumbList","@id":"https:\/\/www.eldiario.net\/portal\/2023\/07\/14\/ucrania-asegura-haber-destruido-20-drones-y-dos-misiles-balisticos\/#breadcrumb","itemListElement":[{"@type":"ListItem","position":1,"name":"Portada","item":"https:\/\/www.eldiario.net\/portal\/"},{"@type":"ListItem","position":2,"name":"Ucrania asegura haber destruido 20 drones y dos misiles bal\u00edsticos"}]},{"@type":"WebSite","@id":"https:\/\/www.eldiario.net\/portal\/#website","url":"https:\/\/www.eldiario.net\/portal\/","name":"El Diario - Decano de la prensa nacional","description":"El Diario - Decano de la prensa nacional","publisher":{"@id":"https:\/\/www.eldiario.net\/portal\/#organization"},"potentialAction":[{"@type":"SearchAction","target":{"@type":"EntryPoint","urlTemplate":"https:\/\/www.eldiario.net\/portal\/?s={search_term_string}"},"query-input":{"@type":"PropertyValueSpecification","valueRequired":true,"valueName":"search_term_string"}}],"inLanguage":"es"},{"@type":"Organization","@id":"https:\/\/www.eldiario.net\/portal\/#organization","name":"El Diario - Decano de la prensa nacional","url":"https:\/\/www.eldiario.net\/portal\/","logo":{"@type":"ImageObject","inLanguage":"es","@id":"https:\/\/www.eldiario.net\/portal\/#\/schema\/logo\/image\/","url":"https:\/\/www.eldiario.net\/portal\/wp-content\/uploads\/2023\/07\/logo_ED.jpg","contentUrl":"https:\/\/www.eldiario.net\/portal\/wp-content\/uploads\/2023\/07\/logo_ED.jpg","width":272,"height":52,"caption":"El Diario - Decano de la prensa nacional"},"image":{"@id":"https:\/\/www.eldiario.net\/portal\/#\/schema\/logo\/image\/"},"sameAs":["https:\/\/www.facebook.com\/eldiario.bolivia\/","https:\/\/x.com\/eldiario_net"]},{"@type":"Person","@id":"https:\/\/www.eldiario.net\/portal\/#\/schema\/person\/f46445640444750d7d753ccd04ae01b7","name":"Jeanette","image":{"@type":"ImageObject","inLanguage":"es","@id":"https:\/\/secure.gravatar.com\/avatar\/3ea2118a5f7dad2b7138b1187a6b7ee55f160b9968b66013c3a3ef39dd7e5798?s=96&d=mm&r=g","url":"https:\/\/secure.gravatar.com\/avatar\/3ea2118a5f7dad2b7138b1187a6b7ee55f160b9968b66013c3a3ef39dd7e5798?s=96&d=mm&r=g","contentUrl":"https:\/\/secure.gravatar.com\/avatar\/3ea2118a5f7dad2b7138b1187a6b7ee55f160b9968b66013c3a3ef39dd7e5798?s=96&d=mm&r=g","caption":"Jeanette"},"sameAs":["https:\/\/www.eldiario.net\/portal"],"url":"https:\/\/www.eldiario.net\/portal\/author\/jeanette\/"}]}},"_links":{"self":[{"href":"https:\/\/www.eldiario.net\/portal\/wp-json\/wp\/v2\/posts\/165315","targetHints":{"allow":["GET"]}}],"collection":[{"href":"https:\/\/www.eldiario.net\/portal\/wp-json\/wp\/v2\/posts"}],"about":[{"href":"https:\/\/www.eldiario.net\/portal\/wp-json\/wp\/v2\/types\/post"}],"author":[{"embeddable":true,"href":"https:\/\/www.eldiario.net\/portal\/wp-json\/wp\/v2\/users\/1"}],"replies":[{"embeddable":true,"href":"https:\/\/www.eldiario.net\/portal\/wp-json\/wp\/v2\/comments?post=165315"}],"version-history":[{"count":0,"href":"https:\/\/www.eldiario.net\/portal\/wp-json\/wp\/v2\/posts\/165315\/revisions"}],"wp:featuredmedia":[{"embeddable":true,"href":"https:\/\/www.eldiario.net\/portal\/wp-json\/wp\/v2\/media\/165316"}],"wp:attachment":[{"href":"https:\/\/www.eldiario.net\/portal\/wp-json\/wp\/v2\/media?parent=165315"}],"wp:term":[{"taxonomy":"category","embeddable":true,"href":"https:\/\/www.eldiario.net\/portal\/wp-json\/wp\/v2\/categories?post=165315"},{"taxonomy":"post_tag","embeddable":true,"href":"https:\/\/www.eldiario.net\/portal\/wp-json\/wp\/v2\/tags?post=165315"}],"curies":[{"name":"wp","href":"https:\/\/api.w.org\/{rel}","templated":true}]}}