{"id":165313,"date":"2023-07-14T06:04:17","date_gmt":"2023-07-14T10:04:17","guid":{"rendered":"https:\/\/www.eldiario.net\/portal\/?p=165313"},"modified":"2023-07-14T06:04:17","modified_gmt":"2023-07-14T10:04:17","slug":"eurocamara-acusa-a-maduro-de-intentar-obstaculizar-elecciones","status":"publish","type":"post","link":"https:\/\/www.eldiario.net\/portal\/2023\/07\/14\/eurocamara-acusa-a-maduro-de-intentar-obstaculizar-elecciones\/","title":{"rendered":"Euroc\u00e1mara acusa a Maduro de  intentar obstaculizar elecciones"},"content":{"rendered":"<p>La Euroc\u00e1mara denunci\u00f3 ayer la injerencia por parte del r\u00e9gimen de Nicol\u00e1s Maduro en las elecciones previstas para 2024 en Venezuela tras la inhabilitaci\u00f3n de varios candidatos opositores, acus\u00e1ndole de intentar obstaculizar el proceso electoral.<br \/>\nLa resoluci\u00f3n de condena fue avalada por 495 eurodiputados, entre ellos todos los representantes espa\u00f1oles de PSOE, PP, Ciudadanos y Vox, mientras que 25 votaron en contra, entre ellos los eurodiputados de Unidas Podemos y la del BNG, y 43 optaron por abstenerse.<br \/>\nEl texto aprobado condena la inhabilitaci\u00f3n pol\u00edtica por 15 a\u00f1os de Mar\u00eda Corina Machado anunciada a finales de junio, as\u00ed como la de otras de las principales figuras opositoras como Leopoldo L\u00f3pez o Henrique Capriles y considera que se trata de otro paso del r\u00e9gimen para obstaculizar el proceso electoral y anular cualquier perspectiva de retorno a la democracia.<br \/>\nEn este sentido, los eurodiputados solicitaron a la UE que apoye la celebraci\u00f3n de elecciones libres en Venezuela ya que consideran que los comicios constituyen un punto de inflexi\u00f3n para el retorno de la democracia a Venezuela tras a\u00f1os de inestabilidad institucional, econ\u00f3mica y pol\u00edtica que llevaron a m\u00e1s de 7 millones de personas a abandonar el pa\u00eds.<br \/>\nEl Parlamento Europeo record\u00f3 que las inhabilitaciones arbitrarias y anticonstitucionales de los candidatos restringen gravemente el derecho de los venezolanos a elegir a sus representantes. Adem\u00e1s, contradicen las recomendaciones de la misi\u00f3n electoral de la UE.<br \/>\nPor otra parte, los eurodiputados lamentaron la dimisi\u00f3n forzada de dos rectores principales del Consejo Nacional Electoral (CNE) y la designaci\u00f3n de representantes del r\u00e9gimen para elegir a los nuevos rectores.<br \/>\nEn este sentido, reclamaron un procedimiento de nombramiento independiente por lo que instaron a las autoridades venezolanas a garantizar unas elecciones justas, libres y transparentes.<br \/>\nPor otra parte, el texto condena tambi\u00e9n la encarcelaci\u00f3n de presos pol\u00edticos, as\u00ed como las violaciones sistem\u00e1ticas a la libertad de opini\u00f3n y expresi\u00f3n, el derecho de reuni\u00f3n y las restricciones a la informaci\u00f3n p\u00fablica.<br \/>\nPor \u00faltimo, la Euroc\u00e1mara mostr\u00f3 su apoyo a las investigaciones del Tribunal Penal Internacional (TPI) sobre los presuntos cr\u00edmenes contra la Humanidad perpetrados por el r\u00e9gimen venezolano y reconoci\u00f3 los esfuerzos de la oposici\u00f3n para organizar elecciones primarias, para los venezolanos dentro y fuera del pa\u00eds.<br \/>\nRECLAMA UN<br \/>\nPRONUNCIAMIENTO<br \/>\nDE LA CUMBRE UE-CELAC<br \/>\nEn otro orden de cosas, consider\u00f3 que la cumbre del lunes y el martes en Bruselas entre la UE y la Comunidad de Estados Latinoamericanos y Caribe\u00f1os (CELAC) es una oportunidad para defender los principios del Estado de derecho, la democracia y los Derechos Humanos. En este sentido, confiaron en que la cumbre emita una declaraci\u00f3n para exigir el respeto a la democracia y las libertades fundamentales. (Europa Press).<\/p>\n","protected":false},"excerpt":{"rendered":"<p>La Euroc\u00e1mara denunci\u00f3 ayer la injerencia por parte del r\u00e9gimen de Nicol\u00e1s Maduro en las elecciones previstas para 2024 en Venezuela tras la inhabilitaci\u00f3n de varios candidatos opositores, acus\u00e1ndole de intentar obstaculizar el proceso electoral. La resoluci\u00f3n de condena fue avalada por 495 eurodiputados, entre ellos todos los representantes espa\u00f1oles de PSOE, PP, Ciudadanos y [&hellip;]<\/p>\n","protected":false},"author":1,"featured_media":0,"comment_status":"closed","ping_status":"open","sticky":false,"template":"","format":"standard","meta":{"_acf_changed":false,"footnotes":""},"categories":[3],"tags":[],"class_list":["post-165313","post","type-post","status-publish","format-standard","category-internacional"],"acf":{"antetitulo":""},"yoast_head":"<!-- This site is optimized with the Yoast SEO plugin v28.4 - https:\/\/yoast.com\/product\/yoast-seo-wordpress\/ -->\n<title>Euroc\u00e1mara acusa a Maduro de intentar obstaculizar elecciones - El Diario - Bolivia<\/title>\n<meta name=\"robots\" content=\"index, follow, max-snippet:-1, max-image-preview:large, max-video-preview:-1\" \/>\n<link rel=\"canonical\" href=\"https:\/\/www.eldiario.net\/portal\/2023\/07\/14\/eurocamara-acusa-a-maduro-de-intentar-obstaculizar-elecciones\/\" \/>\n<meta property=\"og:locale\" content=\"es_ES\" \/>\n<meta property=\"og:type\" content=\"article\" \/>\n<meta property=\"og:title\" content=\"Euroc\u00e1mara acusa a Maduro de intentar obstaculizar elecciones - El Diario - Bolivia\" \/>\n<meta property=\"og:description\" content=\"La Euroc\u00e1mara denunci\u00f3 ayer la injerencia por parte del r\u00e9gimen de Nicol\u00e1s Maduro en las elecciones previstas para 2024 en Venezuela tras la inhabilitaci\u00f3n de varios candidatos opositores, acus\u00e1ndole de intentar obstaculizar el proceso electoral. La resoluci\u00f3n de condena fue avalada por 495 eurodiputados, entre ellos todos los representantes espa\u00f1oles de PSOE, PP, Ciudadanos y [&hellip;]\" \/>\n<meta property=\"og:url\" content=\"https:\/\/www.eldiario.net\/portal\/2023\/07\/14\/eurocamara-acusa-a-maduro-de-intentar-obstaculizar-elecciones\/\" \/>\n<meta property=\"og:site_name\" content=\"El Diario - Bolivia\" \/>\n<meta property=\"article:publisher\" content=\"https:\/\/www.facebook.com\/eldiario.bolivia\/\" \/>\n<meta property=\"article:published_time\" content=\"2023-07-14T10:04:17+00:00\" \/>\n<meta name=\"author\" content=\"Jeanette\" \/>\n<meta name=\"twitter:card\" content=\"summary_large_image\" \/>\n<meta name=\"twitter:creator\" content=\"@eldiario_net\" \/>\n<meta name=\"twitter:site\" content=\"@eldiario_net\" \/>\n<meta name=\"twitter:label1\" content=\"Escrito por\" \/>\n\t<meta name=\"twitter:data1\" content=\"Jeanette\" \/>\n\t<meta name=\"twitter:label2\" content=\"Tiempo de lectura\" \/>\n\t<meta name=\"twitter:data2\" content=\"3 minutos\" \/>\n<script type=\"application\/ld+json\" class=\"yoast-schema-graph\">{\"@context\":\"https:\\\/\\\/schema.org\",\"@graph\":[{\"@type\":\"Article\",\"@id\":\"https:\\\/\\\/www.eldiario.net\\\/portal\\\/2023\\\/07\\\/14\\\/eurocamara-acusa-a-maduro-de-intentar-obstaculizar-elecciones\\\/#article\",\"isPartOf\":{\"@id\":\"https:\\\/\\\/www.eldiario.net\\\/portal\\\/2023\\\/07\\\/14\\\/eurocamara-acusa-a-maduro-de-intentar-obstaculizar-elecciones\\\/\"},\"author\":{\"name\":\"Jeanette\",\"@id\":\"https:\\\/\\\/www.eldiario.net\\\/portal\\\/#\\\/schema\\\/person\\\/f46445640444750d7d753ccd04ae01b7\"},\"headline\":\"Euroc\u00e1mara acusa a Maduro de intentar obstaculizar elecciones\",\"datePublished\":\"2023-07-14T10:04:17+00:00\",\"mainEntityOfPage\":{\"@id\":\"https:\\\/\\\/www.eldiario.net\\\/portal\\\/2023\\\/07\\\/14\\\/eurocamara-acusa-a-maduro-de-intentar-obstaculizar-elecciones\\\/\"},\"wordCount\":488,\"publisher\":{\"@id\":\"https:\\\/\\\/www.eldiario.net\\\/portal\\\/#organization\"},\"articleSection\":[\"Internacional\"],\"inLanguage\":\"es\"},{\"@type\":\"WebPage\",\"@id\":\"https:\\\/\\\/www.eldiario.net\\\/portal\\\/2023\\\/07\\\/14\\\/eurocamara-acusa-a-maduro-de-intentar-obstaculizar-elecciones\\\/\",\"url\":\"https:\\\/\\\/www.eldiario.net\\\/portal\\\/2023\\\/07\\\/14\\\/eurocamara-acusa-a-maduro-de-intentar-obstaculizar-elecciones\\\/\",\"name\":\"Euroc\u00e1mara acusa a Maduro de intentar obstaculizar elecciones - El Diario - Bolivia\",\"isPartOf\":{\"@id\":\"https:\\\/\\\/www.eldiario.net\\\/portal\\\/#website\"},\"datePublished\":\"2023-07-14T10:04:17+00:00\",\"breadcrumb\":{\"@id\":\"https:\\\/\\\/www.eldiario.net\\\/portal\\\/2023\\\/07\\\/14\\\/eurocamara-acusa-a-maduro-de-intentar-obstaculizar-elecciones\\\/#breadcrumb\"},\"inLanguage\":\"es\",\"potentialAction\":[{\"@type\":\"ReadAction\",\"target\":[\"https:\\\/\\\/www.eldiario.net\\\/portal\\\/2023\\\/07\\\/14\\\/eurocamara-acusa-a-maduro-de-intentar-obstaculizar-elecciones\\\/\"]}]},{\"@type\":\"BreadcrumbList\",\"@id\":\"https:\\\/\\\/www.eldiario.net\\\/portal\\\/2023\\\/07\\\/14\\\/eurocamara-acusa-a-maduro-de-intentar-obstaculizar-elecciones\\\/#breadcrumb\",\"itemListElement\":[{\"@type\":\"ListItem\",\"position\":1,\"name\":\"Portada\",\"item\":\"https:\\\/\\\/www.eldiario.net\\\/portal\\\/\"},{\"@type\":\"ListItem\",\"position\":2,\"name\":\"Euroc\u00e1mara acusa a Maduro de intentar obstaculizar elecciones\"}]},{\"@type\":\"WebSite\",\"@id\":\"https:\\\/\\\/www.eldiario.net\\\/portal\\\/#website\",\"url\":\"https:\\\/\\\/www.eldiario.net\\\/portal\\\/\",\"name\":\"El Diario - Decano de la prensa nacional\",\"description\":\"El Diario - Decano de la prensa nacional\",\"publisher\":{\"@id\":\"https:\\\/\\\/www.eldiario.net\\\/portal\\\/#organization\"},\"potentialAction\":[{\"@type\":\"SearchAction\",\"target\":{\"@type\":\"EntryPoint\",\"urlTemplate\":\"https:\\\/\\\/www.eldiario.net\\\/portal\\\/?s={search_term_string}\"},\"query-input\":{\"@type\":\"PropertyValueSpecification\",\"valueRequired\":true,\"valueName\":\"search_term_string\"}}],\"inLanguage\":\"es\"},{\"@type\":\"Organization\",\"@id\":\"https:\\\/\\\/www.eldiario.net\\\/portal\\\/#organization\",\"name\":\"El Diario - Decano de la prensa nacional\",\"url\":\"https:\\\/\\\/www.eldiario.net\\\/portal\\\/\",\"logo\":{\"@type\":\"ImageObject\",\"inLanguage\":\"es\",\"@id\":\"https:\\\/\\\/www.eldiario.net\\\/portal\\\/#\\\/schema\\\/logo\\\/image\\\/\",\"url\":\"https:\\\/\\\/www.eldiario.net\\\/portal\\\/wp-content\\\/uploads\\\/2023\\\/07\\\/logo_ED.jpg\",\"contentUrl\":\"https:\\\/\\\/www.eldiario.net\\\/portal\\\/wp-content\\\/uploads\\\/2023\\\/07\\\/logo_ED.jpg\",\"width\":272,\"height\":52,\"caption\":\"El Diario - Decano de la prensa nacional\"},\"image\":{\"@id\":\"https:\\\/\\\/www.eldiario.net\\\/portal\\\/#\\\/schema\\\/logo\\\/image\\\/\"},\"sameAs\":[\"https:\\\/\\\/www.facebook.com\\\/eldiario.bolivia\\\/\",\"https:\\\/\\\/x.com\\\/eldiario_net\"]},{\"@type\":\"Person\",\"@id\":\"https:\\\/\\\/www.eldiario.net\\\/portal\\\/#\\\/schema\\\/person\\\/f46445640444750d7d753ccd04ae01b7\",\"name\":\"Jeanette\",\"image\":{\"@type\":\"ImageObject\",\"inLanguage\":\"es\",\"@id\":\"https:\\\/\\\/secure.gravatar.com\\\/avatar\\\/3ea2118a5f7dad2b7138b1187a6b7ee55f160b9968b66013c3a3ef39dd7e5798?s=96&d=mm&r=g\",\"url\":\"https:\\\/\\\/secure.gravatar.com\\\/avatar\\\/3ea2118a5f7dad2b7138b1187a6b7ee55f160b9968b66013c3a3ef39dd7e5798?s=96&d=mm&r=g\",\"contentUrl\":\"https:\\\/\\\/secure.gravatar.com\\\/avatar\\\/3ea2118a5f7dad2b7138b1187a6b7ee55f160b9968b66013c3a3ef39dd7e5798?s=96&d=mm&r=g\",\"caption\":\"Jeanette\"},\"sameAs\":[\"https:\\\/\\\/www.eldiario.net\\\/portal\"],\"url\":\"https:\\\/\\\/www.eldiario.net\\\/portal\\\/author\\\/jeanette\\\/\"}]}<\/script>\n<!-- \/ Yoast SEO plugin. -->","yoast_head_json":{"title":"Euroc\u00e1mara acusa a Maduro de intentar obstaculizar elecciones - El Diario - Bolivia","robots":{"index":"index","follow":"follow","max-snippet":"max-snippet:-1","max-image-preview":"max-image-preview:large","max-video-preview":"max-video-preview:-1"},"canonical":"https:\/\/www.eldiario.net\/portal\/2023\/07\/14\/eurocamara-acusa-a-maduro-de-intentar-obstaculizar-elecciones\/","og_locale":"es_ES","og_type":"article","og_title":"Euroc\u00e1mara acusa a Maduro de intentar obstaculizar elecciones - El Diario - Bolivia","og_description":"La Euroc\u00e1mara denunci\u00f3 ayer la injerencia por parte del r\u00e9gimen de Nicol\u00e1s Maduro en las elecciones previstas para 2024 en Venezuela tras la inhabilitaci\u00f3n de varios candidatos opositores, acus\u00e1ndole de intentar obstaculizar el proceso electoral. La resoluci\u00f3n de condena fue avalada por 495 eurodiputados, entre ellos todos los representantes espa\u00f1oles de PSOE, PP, Ciudadanos y [&hellip;]","og_url":"https:\/\/www.eldiario.net\/portal\/2023\/07\/14\/eurocamara-acusa-a-maduro-de-intentar-obstaculizar-elecciones\/","og_site_name":"El Diario - Bolivia","article_publisher":"https:\/\/www.facebook.com\/eldiario.bolivia\/","article_published_time":"2023-07-14T10:04:17+00:00","author":"Jeanette","twitter_card":"summary_large_image","twitter_creator":"@eldiario_net","twitter_site":"@eldiario_net","twitter_misc":{"Escrito por":"Jeanette","Tiempo de lectura":"3 minutos"},"schema":{"@context":"https:\/\/schema.org","@graph":[{"@type":"Article","@id":"https:\/\/www.eldiario.net\/portal\/2023\/07\/14\/eurocamara-acusa-a-maduro-de-intentar-obstaculizar-elecciones\/#article","isPartOf":{"@id":"https:\/\/www.eldiario.net\/portal\/2023\/07\/14\/eurocamara-acusa-a-maduro-de-intentar-obstaculizar-elecciones\/"},"author":{"name":"Jeanette","@id":"https:\/\/www.eldiario.net\/portal\/#\/schema\/person\/f46445640444750d7d753ccd04ae01b7"},"headline":"Euroc\u00e1mara acusa a Maduro de intentar obstaculizar elecciones","datePublished":"2023-07-14T10:04:17+00:00","mainEntityOfPage":{"@id":"https:\/\/www.eldiario.net\/portal\/2023\/07\/14\/eurocamara-acusa-a-maduro-de-intentar-obstaculizar-elecciones\/"},"wordCount":488,"publisher":{"@id":"https:\/\/www.eldiario.net\/portal\/#organization"},"articleSection":["Internacional"],"inLanguage":"es"},{"@type":"WebPage","@id":"https:\/\/www.eldiario.net\/portal\/2023\/07\/14\/eurocamara-acusa-a-maduro-de-intentar-obstaculizar-elecciones\/","url":"https:\/\/www.eldiario.net\/portal\/2023\/07\/14\/eurocamara-acusa-a-maduro-de-intentar-obstaculizar-elecciones\/","name":"Euroc\u00e1mara acusa a Maduro de intentar obstaculizar elecciones - El Diario - Bolivia","isPartOf":{"@id":"https:\/\/www.eldiario.net\/portal\/#website"},"datePublished":"2023-07-14T10:04:17+00:00","breadcrumb":{"@id":"https:\/\/www.eldiario.net\/portal\/2023\/07\/14\/eurocamara-acusa-a-maduro-de-intentar-obstaculizar-elecciones\/#breadcrumb"},"inLanguage":"es","potentialAction":[{"@type":"ReadAction","target":["https:\/\/www.eldiario.net\/portal\/2023\/07\/14\/eurocamara-acusa-a-maduro-de-intentar-obstaculizar-elecciones\/"]}]},{"@type":"BreadcrumbList","@id":"https:\/\/www.eldiario.net\/portal\/2023\/07\/14\/eurocamara-acusa-a-maduro-de-intentar-obstaculizar-elecciones\/#breadcrumb","itemListElement":[{"@type":"ListItem","position":1,"name":"Portada","item":"https:\/\/www.eldiario.net\/portal\/"},{"@type":"ListItem","position":2,"name":"Euroc\u00e1mara acusa a Maduro de intentar obstaculizar elecciones"}]},{"@type":"WebSite","@id":"https:\/\/www.eldiario.net\/portal\/#website","url":"https:\/\/www.eldiario.net\/portal\/","name":"El Diario - Decano de la prensa nacional","description":"El Diario - Decano de la prensa nacional","publisher":{"@id":"https:\/\/www.eldiario.net\/portal\/#organization"},"potentialAction":[{"@type":"SearchAction","target":{"@type":"EntryPoint","urlTemplate":"https:\/\/www.eldiario.net\/portal\/?s={search_term_string}"},"query-input":{"@type":"PropertyValueSpecification","valueRequired":true,"valueName":"search_term_string"}}],"inLanguage":"es"},{"@type":"Organization","@id":"https:\/\/www.eldiario.net\/portal\/#organization","name":"El Diario - Decano de la prensa nacional","url":"https:\/\/www.eldiario.net\/portal\/","logo":{"@type":"ImageObject","inLanguage":"es","@id":"https:\/\/www.eldiario.net\/portal\/#\/schema\/logo\/image\/","url":"https:\/\/www.eldiario.net\/portal\/wp-content\/uploads\/2023\/07\/logo_ED.jpg","contentUrl":"https:\/\/www.eldiario.net\/portal\/wp-content\/uploads\/2023\/07\/logo_ED.jpg","width":272,"height":52,"caption":"El Diario - Decano de la prensa nacional"},"image":{"@id":"https:\/\/www.eldiario.net\/portal\/#\/schema\/logo\/image\/"},"sameAs":["https:\/\/www.facebook.com\/eldiario.bolivia\/","https:\/\/x.com\/eldiario_net"]},{"@type":"Person","@id":"https:\/\/www.eldiario.net\/portal\/#\/schema\/person\/f46445640444750d7d753ccd04ae01b7","name":"Jeanette","image":{"@type":"ImageObject","inLanguage":"es","@id":"https:\/\/secure.gravatar.com\/avatar\/3ea2118a5f7dad2b7138b1187a6b7ee55f160b9968b66013c3a3ef39dd7e5798?s=96&d=mm&r=g","url":"https:\/\/secure.gravatar.com\/avatar\/3ea2118a5f7dad2b7138b1187a6b7ee55f160b9968b66013c3a3ef39dd7e5798?s=96&d=mm&r=g","contentUrl":"https:\/\/secure.gravatar.com\/avatar\/3ea2118a5f7dad2b7138b1187a6b7ee55f160b9968b66013c3a3ef39dd7e5798?s=96&d=mm&r=g","caption":"Jeanette"},"sameAs":["https:\/\/www.eldiario.net\/portal"],"url":"https:\/\/www.eldiario.net\/portal\/author\/jeanette\/"}]}},"_links":{"self":[{"href":"https:\/\/www.eldiario.net\/portal\/wp-json\/wp\/v2\/posts\/165313","targetHints":{"allow":["GET"]}}],"collection":[{"href":"https:\/\/www.eldiario.net\/portal\/wp-json\/wp\/v2\/posts"}],"about":[{"href":"https:\/\/www.eldiario.net\/portal\/wp-json\/wp\/v2\/types\/post"}],"author":[{"embeddable":true,"href":"https:\/\/www.eldiario.net\/portal\/wp-json\/wp\/v2\/users\/1"}],"replies":[{"embeddable":true,"href":"https:\/\/www.eldiario.net\/portal\/wp-json\/wp\/v2\/comments?post=165313"}],"version-history":[{"count":0,"href":"https:\/\/www.eldiario.net\/portal\/wp-json\/wp\/v2\/posts\/165313\/revisions"}],"wp:attachment":[{"href":"https:\/\/www.eldiario.net\/portal\/wp-json\/wp\/v2\/media?parent=165313"}],"wp:term":[{"taxonomy":"category","embeddable":true,"href":"https:\/\/www.eldiario.net\/portal\/wp-json\/wp\/v2\/categories?post=165313"},{"taxonomy":"post_tag","embeddable":true,"href":"https:\/\/www.eldiario.net\/portal\/wp-json\/wp\/v2\/tags?post=165313"}],"curies":[{"name":"wp","href":"https:\/\/api.w.org\/{rel}","templated":true}]}}