{"id":165311,"date":"2023-07-14T06:02:28","date_gmt":"2023-07-14T10:02:28","guid":{"rendered":"https:\/\/www.eldiario.net\/portal\/?p=165311"},"modified":"2023-07-14T06:02:28","modified_gmt":"2023-07-14T10:02:28","slug":"liberados-en-turquia-15-periodistas-kurdos-detenidos-hace-mas-de-un-ano","status":"publish","type":"post","link":"https:\/\/www.eldiario.net\/portal\/2023\/07\/14\/liberados-en-turquia-15-periodistas-kurdos-detenidos-hace-mas-de-un-ano\/","title":{"rendered":"Liberados en Turqu\u00eda 15 periodistas kurdos, detenidos hace m\u00e1s de un a\u00f1o"},"content":{"rendered":"<p>Un tribunal de Turqu\u00eda orden\u00f3 la liberaci\u00f3n de 15 periodistas kurdos detenidos hace m\u00e1s de un a\u00f1o por sus presuntos lazos con el Partido de los Trabajadores del Kurdist\u00e1n (PKK) e imputados por supuestos cargos de terrorismo.<br \/>\nLos 15 liberados son parte de un grupo de 18 periodistas, cuyo juicio arranc\u00f3 el martes tras cerca de trece meses en prisi\u00f3n. Finalmente, el tribunal los declar\u00f3 inocentes y orden\u00f3 su liberaci\u00f3n, seg\u00fan inform\u00f3 el diario kurdo \u2039Mezopotamia\u203a, para el que trabajan varios de ellos.<br \/>\nLa organizaci\u00f3n no gubernamental Media and Law Studies Association (MLSA) indic\u00f3 que todos ellos estaban acusados de pertenecer a una organizaci\u00f3n terrorista, en referencia al PKK, si bien los abogados de la defensa afirmaron que los cargos fueron presentados en el marco de un esfuerzo de las autoridades para reprimir a los medios turcos.<br \/>\nTurqu\u00eda fue situada en el puesto 165 de 180 en el \u00cdndice de Libertad de Prensa de 2023 publicado por Reporteros Sin Fronteras (RSF), que en 2022 situ\u00f3 a Ankara en el puesto 149. Por lo tanto, la organizaci\u00f3n destac\u00f3 un deterioro de la situaci\u00f3n en el pa\u00eds, que cay\u00f3 16 puestos en esta clasificaci\u00f3n.<br \/>\nEl Ej\u00e9rcito turco lleva a cabo frecuentemente operaciones militares contra el PKK y sus aliados en el norte de Siria, principalmente la milicia kurdo-siria Unidades de Protecci\u00f3n Popular (YPG) desde que qued\u00f3 roto el alto el fuego entre el Gobierno y el grupo armado en julio de 2015. (Europa Press).<\/p>\n","protected":false},"excerpt":{"rendered":"<p>Un tribunal de Turqu\u00eda orden\u00f3 la liberaci\u00f3n de 15 periodistas kurdos detenidos hace m\u00e1s de un a\u00f1o por sus presuntos lazos con el Partido de los Trabajadores del Kurdist\u00e1n (PKK) e imputados por supuestos cargos de terrorismo. Los 15 liberados son parte de un grupo de 18 periodistas, cuyo juicio arranc\u00f3 el martes tras cerca [&hellip;]<\/p>\n","protected":false},"author":1,"featured_media":0,"comment_status":"closed","ping_status":"open","sticky":false,"template":"","format":"standard","meta":{"_acf_changed":false,"footnotes":""},"categories":[3],"tags":[],"class_list":["post-165311","post","type-post","status-publish","format-standard","category-internacional"],"acf":{"antetitulo":""},"yoast_head":"<!-- This site is optimized with the Yoast SEO plugin v28.4 - https:\/\/yoast.com\/product\/yoast-seo-wordpress\/ -->\n<title>Liberados en Turqu\u00eda 15 periodistas kurdos, detenidos hace m\u00e1s de un a\u00f1o - El Diario - Bolivia<\/title>\n<meta name=\"robots\" content=\"index, follow, max-snippet:-1, max-image-preview:large, max-video-preview:-1\" \/>\n<link rel=\"canonical\" href=\"https:\/\/www.eldiario.net\/portal\/2023\/07\/14\/liberados-en-turquia-15-periodistas-kurdos-detenidos-hace-mas-de-un-ano\/\" \/>\n<meta property=\"og:locale\" content=\"es_ES\" \/>\n<meta property=\"og:type\" content=\"article\" \/>\n<meta property=\"og:title\" content=\"Liberados en Turqu\u00eda 15 periodistas kurdos, detenidos hace m\u00e1s de un a\u00f1o - El Diario - Bolivia\" \/>\n<meta property=\"og:description\" content=\"Un tribunal de Turqu\u00eda orden\u00f3 la liberaci\u00f3n de 15 periodistas kurdos detenidos hace m\u00e1s de un a\u00f1o por sus presuntos lazos con el Partido de los Trabajadores del Kurdist\u00e1n (PKK) e imputados por supuestos cargos de terrorismo. Los 15 liberados son parte de un grupo de 18 periodistas, cuyo juicio arranc\u00f3 el martes tras cerca [&hellip;]\" \/>\n<meta property=\"og:url\" content=\"https:\/\/www.eldiario.net\/portal\/2023\/07\/14\/liberados-en-turquia-15-periodistas-kurdos-detenidos-hace-mas-de-un-ano\/\" \/>\n<meta property=\"og:site_name\" content=\"El Diario - Bolivia\" \/>\n<meta property=\"article:publisher\" content=\"https:\/\/www.facebook.com\/eldiario.bolivia\/\" \/>\n<meta property=\"article:published_time\" content=\"2023-07-14T10:02:28+00:00\" \/>\n<meta name=\"author\" content=\"Jeanette\" \/>\n<meta name=\"twitter:card\" content=\"summary_large_image\" \/>\n<meta name=\"twitter:creator\" content=\"@eldiario_net\" \/>\n<meta name=\"twitter:site\" content=\"@eldiario_net\" \/>\n<meta name=\"twitter:label1\" content=\"Escrito por\" \/>\n\t<meta name=\"twitter:data1\" content=\"Jeanette\" \/>\n\t<meta name=\"twitter:label2\" content=\"Tiempo de lectura\" \/>\n\t<meta name=\"twitter:data2\" content=\"2 minutos\" \/>\n<script type=\"application\/ld+json\" class=\"yoast-schema-graph\">{\"@context\":\"https:\\\/\\\/schema.org\",\"@graph\":[{\"@type\":\"Article\",\"@id\":\"https:\\\/\\\/www.eldiario.net\\\/portal\\\/2023\\\/07\\\/14\\\/liberados-en-turquia-15-periodistas-kurdos-detenidos-hace-mas-de-un-ano\\\/#article\",\"isPartOf\":{\"@id\":\"https:\\\/\\\/www.eldiario.net\\\/portal\\\/2023\\\/07\\\/14\\\/liberados-en-turquia-15-periodistas-kurdos-detenidos-hace-mas-de-un-ano\\\/\"},\"author\":{\"name\":\"Jeanette\",\"@id\":\"https:\\\/\\\/www.eldiario.net\\\/portal\\\/#\\\/schema\\\/person\\\/f46445640444750d7d753ccd04ae01b7\"},\"headline\":\"Liberados en Turqu\u00eda 15 periodistas kurdos, detenidos hace m\u00e1s de un a\u00f1o\",\"datePublished\":\"2023-07-14T10:02:28+00:00\",\"mainEntityOfPage\":{\"@id\":\"https:\\\/\\\/www.eldiario.net\\\/portal\\\/2023\\\/07\\\/14\\\/liberados-en-turquia-15-periodistas-kurdos-detenidos-hace-mas-de-un-ano\\\/\"},\"wordCount\":263,\"publisher\":{\"@id\":\"https:\\\/\\\/www.eldiario.net\\\/portal\\\/#organization\"},\"articleSection\":[\"Internacional\"],\"inLanguage\":\"es\"},{\"@type\":\"WebPage\",\"@id\":\"https:\\\/\\\/www.eldiario.net\\\/portal\\\/2023\\\/07\\\/14\\\/liberados-en-turquia-15-periodistas-kurdos-detenidos-hace-mas-de-un-ano\\\/\",\"url\":\"https:\\\/\\\/www.eldiario.net\\\/portal\\\/2023\\\/07\\\/14\\\/liberados-en-turquia-15-periodistas-kurdos-detenidos-hace-mas-de-un-ano\\\/\",\"name\":\"Liberados en Turqu\u00eda 15 periodistas kurdos, detenidos hace m\u00e1s de un a\u00f1o - El Diario - Bolivia\",\"isPartOf\":{\"@id\":\"https:\\\/\\\/www.eldiario.net\\\/portal\\\/#website\"},\"datePublished\":\"2023-07-14T10:02:28+00:00\",\"breadcrumb\":{\"@id\":\"https:\\\/\\\/www.eldiario.net\\\/portal\\\/2023\\\/07\\\/14\\\/liberados-en-turquia-15-periodistas-kurdos-detenidos-hace-mas-de-un-ano\\\/#breadcrumb\"},\"inLanguage\":\"es\",\"potentialAction\":[{\"@type\":\"ReadAction\",\"target\":[\"https:\\\/\\\/www.eldiario.net\\\/portal\\\/2023\\\/07\\\/14\\\/liberados-en-turquia-15-periodistas-kurdos-detenidos-hace-mas-de-un-ano\\\/\"]}]},{\"@type\":\"BreadcrumbList\",\"@id\":\"https:\\\/\\\/www.eldiario.net\\\/portal\\\/2023\\\/07\\\/14\\\/liberados-en-turquia-15-periodistas-kurdos-detenidos-hace-mas-de-un-ano\\\/#breadcrumb\",\"itemListElement\":[{\"@type\":\"ListItem\",\"position\":1,\"name\":\"Portada\",\"item\":\"https:\\\/\\\/www.eldiario.net\\\/portal\\\/\"},{\"@type\":\"ListItem\",\"position\":2,\"name\":\"Liberados en Turqu\u00eda 15 periodistas kurdos, detenidos hace m\u00e1s de un a\u00f1o\"}]},{\"@type\":\"WebSite\",\"@id\":\"https:\\\/\\\/www.eldiario.net\\\/portal\\\/#website\",\"url\":\"https:\\\/\\\/www.eldiario.net\\\/portal\\\/\",\"name\":\"El Diario - Decano de la prensa nacional\",\"description\":\"El Diario - Decano de la prensa nacional\",\"publisher\":{\"@id\":\"https:\\\/\\\/www.eldiario.net\\\/portal\\\/#organization\"},\"potentialAction\":[{\"@type\":\"SearchAction\",\"target\":{\"@type\":\"EntryPoint\",\"urlTemplate\":\"https:\\\/\\\/www.eldiario.net\\\/portal\\\/?s={search_term_string}\"},\"query-input\":{\"@type\":\"PropertyValueSpecification\",\"valueRequired\":true,\"valueName\":\"search_term_string\"}}],\"inLanguage\":\"es\"},{\"@type\":\"Organization\",\"@id\":\"https:\\\/\\\/www.eldiario.net\\\/portal\\\/#organization\",\"name\":\"El Diario - Decano de la prensa nacional\",\"url\":\"https:\\\/\\\/www.eldiario.net\\\/portal\\\/\",\"logo\":{\"@type\":\"ImageObject\",\"inLanguage\":\"es\",\"@id\":\"https:\\\/\\\/www.eldiario.net\\\/portal\\\/#\\\/schema\\\/logo\\\/image\\\/\",\"url\":\"https:\\\/\\\/www.eldiario.net\\\/portal\\\/wp-content\\\/uploads\\\/2023\\\/07\\\/logo_ED.jpg\",\"contentUrl\":\"https:\\\/\\\/www.eldiario.net\\\/portal\\\/wp-content\\\/uploads\\\/2023\\\/07\\\/logo_ED.jpg\",\"width\":272,\"height\":52,\"caption\":\"El Diario - Decano de la prensa nacional\"},\"image\":{\"@id\":\"https:\\\/\\\/www.eldiario.net\\\/portal\\\/#\\\/schema\\\/logo\\\/image\\\/\"},\"sameAs\":[\"https:\\\/\\\/www.facebook.com\\\/eldiario.bolivia\\\/\",\"https:\\\/\\\/x.com\\\/eldiario_net\"]},{\"@type\":\"Person\",\"@id\":\"https:\\\/\\\/www.eldiario.net\\\/portal\\\/#\\\/schema\\\/person\\\/f46445640444750d7d753ccd04ae01b7\",\"name\":\"Jeanette\",\"image\":{\"@type\":\"ImageObject\",\"inLanguage\":\"es\",\"@id\":\"https:\\\/\\\/secure.gravatar.com\\\/avatar\\\/3ea2118a5f7dad2b7138b1187a6b7ee55f160b9968b66013c3a3ef39dd7e5798?s=96&d=mm&r=g\",\"url\":\"https:\\\/\\\/secure.gravatar.com\\\/avatar\\\/3ea2118a5f7dad2b7138b1187a6b7ee55f160b9968b66013c3a3ef39dd7e5798?s=96&d=mm&r=g\",\"contentUrl\":\"https:\\\/\\\/secure.gravatar.com\\\/avatar\\\/3ea2118a5f7dad2b7138b1187a6b7ee55f160b9968b66013c3a3ef39dd7e5798?s=96&d=mm&r=g\",\"caption\":\"Jeanette\"},\"sameAs\":[\"https:\\\/\\\/www.eldiario.net\\\/portal\"],\"url\":\"https:\\\/\\\/www.eldiario.net\\\/portal\\\/author\\\/jeanette\\\/\"}]}<\/script>\n<!-- \/ Yoast SEO plugin. -->","yoast_head_json":{"title":"Liberados en Turqu\u00eda 15 periodistas kurdos, detenidos hace m\u00e1s de un a\u00f1o - El Diario - Bolivia","robots":{"index":"index","follow":"follow","max-snippet":"max-snippet:-1","max-image-preview":"max-image-preview:large","max-video-preview":"max-video-preview:-1"},"canonical":"https:\/\/www.eldiario.net\/portal\/2023\/07\/14\/liberados-en-turquia-15-periodistas-kurdos-detenidos-hace-mas-de-un-ano\/","og_locale":"es_ES","og_type":"article","og_title":"Liberados en Turqu\u00eda 15 periodistas kurdos, detenidos hace m\u00e1s de un a\u00f1o - El Diario - Bolivia","og_description":"Un tribunal de Turqu\u00eda orden\u00f3 la liberaci\u00f3n de 15 periodistas kurdos detenidos hace m\u00e1s de un a\u00f1o por sus presuntos lazos con el Partido de los Trabajadores del Kurdist\u00e1n (PKK) e imputados por supuestos cargos de terrorismo. Los 15 liberados son parte de un grupo de 18 periodistas, cuyo juicio arranc\u00f3 el martes tras cerca [&hellip;]","og_url":"https:\/\/www.eldiario.net\/portal\/2023\/07\/14\/liberados-en-turquia-15-periodistas-kurdos-detenidos-hace-mas-de-un-ano\/","og_site_name":"El Diario - Bolivia","article_publisher":"https:\/\/www.facebook.com\/eldiario.bolivia\/","article_published_time":"2023-07-14T10:02:28+00:00","author":"Jeanette","twitter_card":"summary_large_image","twitter_creator":"@eldiario_net","twitter_site":"@eldiario_net","twitter_misc":{"Escrito por":"Jeanette","Tiempo de lectura":"2 minutos"},"schema":{"@context":"https:\/\/schema.org","@graph":[{"@type":"Article","@id":"https:\/\/www.eldiario.net\/portal\/2023\/07\/14\/liberados-en-turquia-15-periodistas-kurdos-detenidos-hace-mas-de-un-ano\/#article","isPartOf":{"@id":"https:\/\/www.eldiario.net\/portal\/2023\/07\/14\/liberados-en-turquia-15-periodistas-kurdos-detenidos-hace-mas-de-un-ano\/"},"author":{"name":"Jeanette","@id":"https:\/\/www.eldiario.net\/portal\/#\/schema\/person\/f46445640444750d7d753ccd04ae01b7"},"headline":"Liberados en Turqu\u00eda 15 periodistas kurdos, detenidos hace m\u00e1s de un a\u00f1o","datePublished":"2023-07-14T10:02:28+00:00","mainEntityOfPage":{"@id":"https:\/\/www.eldiario.net\/portal\/2023\/07\/14\/liberados-en-turquia-15-periodistas-kurdos-detenidos-hace-mas-de-un-ano\/"},"wordCount":263,"publisher":{"@id":"https:\/\/www.eldiario.net\/portal\/#organization"},"articleSection":["Internacional"],"inLanguage":"es"},{"@type":"WebPage","@id":"https:\/\/www.eldiario.net\/portal\/2023\/07\/14\/liberados-en-turquia-15-periodistas-kurdos-detenidos-hace-mas-de-un-ano\/","url":"https:\/\/www.eldiario.net\/portal\/2023\/07\/14\/liberados-en-turquia-15-periodistas-kurdos-detenidos-hace-mas-de-un-ano\/","name":"Liberados en Turqu\u00eda 15 periodistas kurdos, detenidos hace m\u00e1s de un a\u00f1o - El Diario - Bolivia","isPartOf":{"@id":"https:\/\/www.eldiario.net\/portal\/#website"},"datePublished":"2023-07-14T10:02:28+00:00","breadcrumb":{"@id":"https:\/\/www.eldiario.net\/portal\/2023\/07\/14\/liberados-en-turquia-15-periodistas-kurdos-detenidos-hace-mas-de-un-ano\/#breadcrumb"},"inLanguage":"es","potentialAction":[{"@type":"ReadAction","target":["https:\/\/www.eldiario.net\/portal\/2023\/07\/14\/liberados-en-turquia-15-periodistas-kurdos-detenidos-hace-mas-de-un-ano\/"]}]},{"@type":"BreadcrumbList","@id":"https:\/\/www.eldiario.net\/portal\/2023\/07\/14\/liberados-en-turquia-15-periodistas-kurdos-detenidos-hace-mas-de-un-ano\/#breadcrumb","itemListElement":[{"@type":"ListItem","position":1,"name":"Portada","item":"https:\/\/www.eldiario.net\/portal\/"},{"@type":"ListItem","position":2,"name":"Liberados en Turqu\u00eda 15 periodistas kurdos, detenidos hace m\u00e1s de un a\u00f1o"}]},{"@type":"WebSite","@id":"https:\/\/www.eldiario.net\/portal\/#website","url":"https:\/\/www.eldiario.net\/portal\/","name":"El Diario - Decano de la prensa nacional","description":"El Diario - Decano de la prensa nacional","publisher":{"@id":"https:\/\/www.eldiario.net\/portal\/#organization"},"potentialAction":[{"@type":"SearchAction","target":{"@type":"EntryPoint","urlTemplate":"https:\/\/www.eldiario.net\/portal\/?s={search_term_string}"},"query-input":{"@type":"PropertyValueSpecification","valueRequired":true,"valueName":"search_term_string"}}],"inLanguage":"es"},{"@type":"Organization","@id":"https:\/\/www.eldiario.net\/portal\/#organization","name":"El Diario - Decano de la prensa nacional","url":"https:\/\/www.eldiario.net\/portal\/","logo":{"@type":"ImageObject","inLanguage":"es","@id":"https:\/\/www.eldiario.net\/portal\/#\/schema\/logo\/image\/","url":"https:\/\/www.eldiario.net\/portal\/wp-content\/uploads\/2023\/07\/logo_ED.jpg","contentUrl":"https:\/\/www.eldiario.net\/portal\/wp-content\/uploads\/2023\/07\/logo_ED.jpg","width":272,"height":52,"caption":"El Diario - Decano de la prensa nacional"},"image":{"@id":"https:\/\/www.eldiario.net\/portal\/#\/schema\/logo\/image\/"},"sameAs":["https:\/\/www.facebook.com\/eldiario.bolivia\/","https:\/\/x.com\/eldiario_net"]},{"@type":"Person","@id":"https:\/\/www.eldiario.net\/portal\/#\/schema\/person\/f46445640444750d7d753ccd04ae01b7","name":"Jeanette","image":{"@type":"ImageObject","inLanguage":"es","@id":"https:\/\/secure.gravatar.com\/avatar\/3ea2118a5f7dad2b7138b1187a6b7ee55f160b9968b66013c3a3ef39dd7e5798?s=96&d=mm&r=g","url":"https:\/\/secure.gravatar.com\/avatar\/3ea2118a5f7dad2b7138b1187a6b7ee55f160b9968b66013c3a3ef39dd7e5798?s=96&d=mm&r=g","contentUrl":"https:\/\/secure.gravatar.com\/avatar\/3ea2118a5f7dad2b7138b1187a6b7ee55f160b9968b66013c3a3ef39dd7e5798?s=96&d=mm&r=g","caption":"Jeanette"},"sameAs":["https:\/\/www.eldiario.net\/portal"],"url":"https:\/\/www.eldiario.net\/portal\/author\/jeanette\/"}]}},"_links":{"self":[{"href":"https:\/\/www.eldiario.net\/portal\/wp-json\/wp\/v2\/posts\/165311","targetHints":{"allow":["GET"]}}],"collection":[{"href":"https:\/\/www.eldiario.net\/portal\/wp-json\/wp\/v2\/posts"}],"about":[{"href":"https:\/\/www.eldiario.net\/portal\/wp-json\/wp\/v2\/types\/post"}],"author":[{"embeddable":true,"href":"https:\/\/www.eldiario.net\/portal\/wp-json\/wp\/v2\/users\/1"}],"replies":[{"embeddable":true,"href":"https:\/\/www.eldiario.net\/portal\/wp-json\/wp\/v2\/comments?post=165311"}],"version-history":[{"count":0,"href":"https:\/\/www.eldiario.net\/portal\/wp-json\/wp\/v2\/posts\/165311\/revisions"}],"wp:attachment":[{"href":"https:\/\/www.eldiario.net\/portal\/wp-json\/wp\/v2\/media?parent=165311"}],"wp:term":[{"taxonomy":"category","embeddable":true,"href":"https:\/\/www.eldiario.net\/portal\/wp-json\/wp\/v2\/categories?post=165311"},{"taxonomy":"post_tag","embeddable":true,"href":"https:\/\/www.eldiario.net\/portal\/wp-json\/wp\/v2\/tags?post=165311"}],"curies":[{"name":"wp","href":"https:\/\/api.w.org\/{rel}","templated":true}]}}