{"id":165309,"date":"2023-07-14T06:01:57","date_gmt":"2023-07-14T10:01:57","guid":{"rendered":"https:\/\/www.eldiario.net\/portal\/?p=165309"},"modified":"2023-07-14T06:01:57","modified_gmt":"2023-07-14T10:01:57","slug":"mueren-12-militares-de-pakistan-en-dos-ataques-por-desconocidos","status":"publish","type":"post","link":"https:\/\/www.eldiario.net\/portal\/2023\/07\/14\/mueren-12-militares-de-pakistan-en-dos-ataques-por-desconocidos\/","title":{"rendered":"Mueren 12 militares de Pakist\u00e1n  en dos ataques por desconocidos"},"content":{"rendered":"<p>Al menos 12 militares paquistan\u00edes fallecieron en dos ataques ejecutados por personas armadas no identificadas en las localidades de Zob y Sui, situadas en la provincia de Balochist\u00e1n (oeste), seg\u00fan confirm\u00f3 el Ej\u00e9rcito, que asegur\u00f3 haber matado a siete terroristas durante los enfrentamientos.<br \/>\nEl Ej\u00e9rcito paquistan\u00ed detall\u00f3 en un comunicado que nueve militares abrazaron el martirio durante las operaciones en Zhob, donde un total de cinco terroristas fueron enviados al infierno. \u00abLa operaci\u00f3n de limpieza fue completada\u00bb, agreg\u00f3.<br \/>\n\u00abLas fuerzas de seguridad y la naci\u00f3n siguen resilientes y decididas a desarticular todos los viles intentos del enemigo destinados a destruir la paz en Balochist\u00e1n y en Pakist\u00e1n\u00bb, recalc\u00f3. (Europa Press).<br \/>\nel marco de los enfrentamientos en Zhob falleci\u00f3 tambi\u00e9n una civil que qued\u00f3 atrapada en el fuego cruzado, seg\u00fan confirm\u00f3 el comisionado del distrito de Zhob, Azim Kakar.<br \/>\nPor otra parte, el Ej\u00e9rcito indic\u00f3 que tres valientes soldados murieron en un ataque en Sui, incidente que result\u00f3 con la muerte de dos terroristas. \u00abLas fuerzas de seguridad est\u00e1n manteniendo la presi\u00f3n y la operaci\u00f3n de limpieza sigue en marcha para capturar al resto de terroristas\u00bb, recalc\u00f3.<br \/>\n\u00abLas fuerzas de seguridad se mantendr\u00e1n inamovibles para sacar a la luz y neutralizar a los enemigos de la paz en Balochist\u00e1n y Pakist\u00e1n\u00bb, dijo el Ej\u00e9rcito. Los doce militares muertos suponen la cifra de bajas m\u00e1s alta de fallecidos en las filas del Ej\u00e9rcito en un d\u00eda en lo que va de a\u00f1o.<br \/>\nUn grupo autodenominado Tehrik Yihad Pakistan (TJP, seg\u00fan sus siglas en ingl\u00e9s) reclam\u00f3 la autor\u00eda del ataque en Zhob, en la que supone su tercera reclamaci\u00f3n de autor\u00eda de atentados en la zona durante los \u00faltimos meses.<br \/>\nPor su parte, el primer ministro paquistan\u00ed, Shehbaz Sharif, rindi\u00f3 tributo a los fallecidos a trav\u00e9s de un comunicado publicado en su cuenta en la red<br \/>\nsocial Twitter dijo que la guerra en curso contra el terrorismo es la guerra del futuro de la naci\u00f3n.<br \/>\n\u00abEn la \u00faltima d\u00e9cada, nuestras valientes fuerzas y la naci\u00f3n erradicaron juntos la amenaza del terrorismo y, en el futuro, no escatimar\u00e1n esfuerzos para extirpar este monstruo. La protecci\u00f3n de este pa\u00eds es nuestra misi\u00f3n y nuestra responsabilidad, que es m\u00e1s querida que nuestras propias vidas\u00bb, ratific\u00f3.<\/p>\n","protected":false},"excerpt":{"rendered":"<p>Al menos 12 militares paquistan\u00edes fallecieron en dos ataques ejecutados por personas armadas no identificadas en las localidades de Zob y Sui, situadas en la provincia de Balochist\u00e1n (oeste), seg\u00fan confirm\u00f3 el Ej\u00e9rcito, que asegur\u00f3 haber matado a siete terroristas durante los enfrentamientos. El Ej\u00e9rcito paquistan\u00ed detall\u00f3 en un comunicado que nueve militares abrazaron el [&hellip;]<\/p>\n","protected":false},"author":1,"featured_media":0,"comment_status":"closed","ping_status":"open","sticky":false,"template":"","format":"standard","meta":{"_acf_changed":false,"footnotes":""},"categories":[3],"tags":[],"class_list":["post-165309","post","type-post","status-publish","format-standard","category-internacional"],"acf":{"antetitulo":""},"yoast_head":"<!-- This site is optimized with the Yoast SEO plugin v28.4 - https:\/\/yoast.com\/product\/yoast-seo-wordpress\/ -->\n<title>Mueren 12 militares de Pakist\u00e1n en dos ataques por desconocidos - El Diario - Bolivia<\/title>\n<meta name=\"robots\" content=\"index, follow, max-snippet:-1, max-image-preview:large, max-video-preview:-1\" \/>\n<link rel=\"canonical\" href=\"https:\/\/www.eldiario.net\/portal\/2023\/07\/14\/mueren-12-militares-de-pakistan-en-dos-ataques-por-desconocidos\/\" \/>\n<meta property=\"og:locale\" content=\"es_ES\" \/>\n<meta property=\"og:type\" content=\"article\" \/>\n<meta property=\"og:title\" content=\"Mueren 12 militares de Pakist\u00e1n en dos ataques por desconocidos - El Diario - Bolivia\" \/>\n<meta property=\"og:description\" content=\"Al menos 12 militares paquistan\u00edes fallecieron en dos ataques ejecutados por personas armadas no identificadas en las localidades de Zob y Sui, situadas en la provincia de Balochist\u00e1n (oeste), seg\u00fan confirm\u00f3 el Ej\u00e9rcito, que asegur\u00f3 haber matado a siete terroristas durante los enfrentamientos. El Ej\u00e9rcito paquistan\u00ed detall\u00f3 en un comunicado que nueve militares abrazaron el [&hellip;]\" \/>\n<meta property=\"og:url\" content=\"https:\/\/www.eldiario.net\/portal\/2023\/07\/14\/mueren-12-militares-de-pakistan-en-dos-ataques-por-desconocidos\/\" \/>\n<meta property=\"og:site_name\" content=\"El Diario - Bolivia\" \/>\n<meta property=\"article:publisher\" content=\"https:\/\/www.facebook.com\/eldiario.bolivia\/\" \/>\n<meta property=\"article:published_time\" content=\"2023-07-14T10:01:57+00:00\" \/>\n<meta name=\"author\" content=\"Jeanette\" \/>\n<meta name=\"twitter:card\" content=\"summary_large_image\" \/>\n<meta name=\"twitter:creator\" content=\"@eldiario_net\" \/>\n<meta name=\"twitter:site\" content=\"@eldiario_net\" \/>\n<meta name=\"twitter:label1\" content=\"Escrito por\" \/>\n\t<meta name=\"twitter:data1\" content=\"Jeanette\" \/>\n\t<meta name=\"twitter:label2\" content=\"Tiempo de lectura\" \/>\n\t<meta name=\"twitter:data2\" content=\"2 minutos\" \/>\n<script type=\"application\/ld+json\" class=\"yoast-schema-graph\">{\"@context\":\"https:\\\/\\\/schema.org\",\"@graph\":[{\"@type\":\"Article\",\"@id\":\"https:\\\/\\\/www.eldiario.net\\\/portal\\\/2023\\\/07\\\/14\\\/mueren-12-militares-de-pakistan-en-dos-ataques-por-desconocidos\\\/#article\",\"isPartOf\":{\"@id\":\"https:\\\/\\\/www.eldiario.net\\\/portal\\\/2023\\\/07\\\/14\\\/mueren-12-militares-de-pakistan-en-dos-ataques-por-desconocidos\\\/\"},\"author\":{\"name\":\"Jeanette\",\"@id\":\"https:\\\/\\\/www.eldiario.net\\\/portal\\\/#\\\/schema\\\/person\\\/f46445640444750d7d753ccd04ae01b7\"},\"headline\":\"Mueren 12 militares de Pakist\u00e1n en dos ataques por desconocidos\",\"datePublished\":\"2023-07-14T10:01:57+00:00\",\"mainEntityOfPage\":{\"@id\":\"https:\\\/\\\/www.eldiario.net\\\/portal\\\/2023\\\/07\\\/14\\\/mueren-12-militares-de-pakistan-en-dos-ataques-por-desconocidos\\\/\"},\"wordCount\":415,\"publisher\":{\"@id\":\"https:\\\/\\\/www.eldiario.net\\\/portal\\\/#organization\"},\"articleSection\":[\"Internacional\"],\"inLanguage\":\"es\"},{\"@type\":\"WebPage\",\"@id\":\"https:\\\/\\\/www.eldiario.net\\\/portal\\\/2023\\\/07\\\/14\\\/mueren-12-militares-de-pakistan-en-dos-ataques-por-desconocidos\\\/\",\"url\":\"https:\\\/\\\/www.eldiario.net\\\/portal\\\/2023\\\/07\\\/14\\\/mueren-12-militares-de-pakistan-en-dos-ataques-por-desconocidos\\\/\",\"name\":\"Mueren 12 militares de Pakist\u00e1n en dos ataques por desconocidos - El Diario - Bolivia\",\"isPartOf\":{\"@id\":\"https:\\\/\\\/www.eldiario.net\\\/portal\\\/#website\"},\"datePublished\":\"2023-07-14T10:01:57+00:00\",\"breadcrumb\":{\"@id\":\"https:\\\/\\\/www.eldiario.net\\\/portal\\\/2023\\\/07\\\/14\\\/mueren-12-militares-de-pakistan-en-dos-ataques-por-desconocidos\\\/#breadcrumb\"},\"inLanguage\":\"es\",\"potentialAction\":[{\"@type\":\"ReadAction\",\"target\":[\"https:\\\/\\\/www.eldiario.net\\\/portal\\\/2023\\\/07\\\/14\\\/mueren-12-militares-de-pakistan-en-dos-ataques-por-desconocidos\\\/\"]}]},{\"@type\":\"BreadcrumbList\",\"@id\":\"https:\\\/\\\/www.eldiario.net\\\/portal\\\/2023\\\/07\\\/14\\\/mueren-12-militares-de-pakistan-en-dos-ataques-por-desconocidos\\\/#breadcrumb\",\"itemListElement\":[{\"@type\":\"ListItem\",\"position\":1,\"name\":\"Portada\",\"item\":\"https:\\\/\\\/www.eldiario.net\\\/portal\\\/\"},{\"@type\":\"ListItem\",\"position\":2,\"name\":\"Mueren 12 militares de Pakist\u00e1n en dos ataques por desconocidos\"}]},{\"@type\":\"WebSite\",\"@id\":\"https:\\\/\\\/www.eldiario.net\\\/portal\\\/#website\",\"url\":\"https:\\\/\\\/www.eldiario.net\\\/portal\\\/\",\"name\":\"El Diario - Decano de la prensa nacional\",\"description\":\"El Diario - Decano de la prensa nacional\",\"publisher\":{\"@id\":\"https:\\\/\\\/www.eldiario.net\\\/portal\\\/#organization\"},\"potentialAction\":[{\"@type\":\"SearchAction\",\"target\":{\"@type\":\"EntryPoint\",\"urlTemplate\":\"https:\\\/\\\/www.eldiario.net\\\/portal\\\/?s={search_term_string}\"},\"query-input\":{\"@type\":\"PropertyValueSpecification\",\"valueRequired\":true,\"valueName\":\"search_term_string\"}}],\"inLanguage\":\"es\"},{\"@type\":\"Organization\",\"@id\":\"https:\\\/\\\/www.eldiario.net\\\/portal\\\/#organization\",\"name\":\"El Diario - Decano de la prensa nacional\",\"url\":\"https:\\\/\\\/www.eldiario.net\\\/portal\\\/\",\"logo\":{\"@type\":\"ImageObject\",\"inLanguage\":\"es\",\"@id\":\"https:\\\/\\\/www.eldiario.net\\\/portal\\\/#\\\/schema\\\/logo\\\/image\\\/\",\"url\":\"https:\\\/\\\/www.eldiario.net\\\/portal\\\/wp-content\\\/uploads\\\/2023\\\/07\\\/logo_ED.jpg\",\"contentUrl\":\"https:\\\/\\\/www.eldiario.net\\\/portal\\\/wp-content\\\/uploads\\\/2023\\\/07\\\/logo_ED.jpg\",\"width\":272,\"height\":52,\"caption\":\"El Diario - Decano de la prensa nacional\"},\"image\":{\"@id\":\"https:\\\/\\\/www.eldiario.net\\\/portal\\\/#\\\/schema\\\/logo\\\/image\\\/\"},\"sameAs\":[\"https:\\\/\\\/www.facebook.com\\\/eldiario.bolivia\\\/\",\"https:\\\/\\\/x.com\\\/eldiario_net\"]},{\"@type\":\"Person\",\"@id\":\"https:\\\/\\\/www.eldiario.net\\\/portal\\\/#\\\/schema\\\/person\\\/f46445640444750d7d753ccd04ae01b7\",\"name\":\"Jeanette\",\"image\":{\"@type\":\"ImageObject\",\"inLanguage\":\"es\",\"@id\":\"https:\\\/\\\/secure.gravatar.com\\\/avatar\\\/3ea2118a5f7dad2b7138b1187a6b7ee55f160b9968b66013c3a3ef39dd7e5798?s=96&d=mm&r=g\",\"url\":\"https:\\\/\\\/secure.gravatar.com\\\/avatar\\\/3ea2118a5f7dad2b7138b1187a6b7ee55f160b9968b66013c3a3ef39dd7e5798?s=96&d=mm&r=g\",\"contentUrl\":\"https:\\\/\\\/secure.gravatar.com\\\/avatar\\\/3ea2118a5f7dad2b7138b1187a6b7ee55f160b9968b66013c3a3ef39dd7e5798?s=96&d=mm&r=g\",\"caption\":\"Jeanette\"},\"sameAs\":[\"https:\\\/\\\/www.eldiario.net\\\/portal\"],\"url\":\"https:\\\/\\\/www.eldiario.net\\\/portal\\\/author\\\/jeanette\\\/\"}]}<\/script>\n<!-- \/ Yoast SEO plugin. -->","yoast_head_json":{"title":"Mueren 12 militares de Pakist\u00e1n en dos ataques por desconocidos - El Diario - Bolivia","robots":{"index":"index","follow":"follow","max-snippet":"max-snippet:-1","max-image-preview":"max-image-preview:large","max-video-preview":"max-video-preview:-1"},"canonical":"https:\/\/www.eldiario.net\/portal\/2023\/07\/14\/mueren-12-militares-de-pakistan-en-dos-ataques-por-desconocidos\/","og_locale":"es_ES","og_type":"article","og_title":"Mueren 12 militares de Pakist\u00e1n en dos ataques por desconocidos - El Diario - Bolivia","og_description":"Al menos 12 militares paquistan\u00edes fallecieron en dos ataques ejecutados por personas armadas no identificadas en las localidades de Zob y Sui, situadas en la provincia de Balochist\u00e1n (oeste), seg\u00fan confirm\u00f3 el Ej\u00e9rcito, que asegur\u00f3 haber matado a siete terroristas durante los enfrentamientos. El Ej\u00e9rcito paquistan\u00ed detall\u00f3 en un comunicado que nueve militares abrazaron el [&hellip;]","og_url":"https:\/\/www.eldiario.net\/portal\/2023\/07\/14\/mueren-12-militares-de-pakistan-en-dos-ataques-por-desconocidos\/","og_site_name":"El Diario - Bolivia","article_publisher":"https:\/\/www.facebook.com\/eldiario.bolivia\/","article_published_time":"2023-07-14T10:01:57+00:00","author":"Jeanette","twitter_card":"summary_large_image","twitter_creator":"@eldiario_net","twitter_site":"@eldiario_net","twitter_misc":{"Escrito por":"Jeanette","Tiempo de lectura":"2 minutos"},"schema":{"@context":"https:\/\/schema.org","@graph":[{"@type":"Article","@id":"https:\/\/www.eldiario.net\/portal\/2023\/07\/14\/mueren-12-militares-de-pakistan-en-dos-ataques-por-desconocidos\/#article","isPartOf":{"@id":"https:\/\/www.eldiario.net\/portal\/2023\/07\/14\/mueren-12-militares-de-pakistan-en-dos-ataques-por-desconocidos\/"},"author":{"name":"Jeanette","@id":"https:\/\/www.eldiario.net\/portal\/#\/schema\/person\/f46445640444750d7d753ccd04ae01b7"},"headline":"Mueren 12 militares de Pakist\u00e1n en dos ataques por desconocidos","datePublished":"2023-07-14T10:01:57+00:00","mainEntityOfPage":{"@id":"https:\/\/www.eldiario.net\/portal\/2023\/07\/14\/mueren-12-militares-de-pakistan-en-dos-ataques-por-desconocidos\/"},"wordCount":415,"publisher":{"@id":"https:\/\/www.eldiario.net\/portal\/#organization"},"articleSection":["Internacional"],"inLanguage":"es"},{"@type":"WebPage","@id":"https:\/\/www.eldiario.net\/portal\/2023\/07\/14\/mueren-12-militares-de-pakistan-en-dos-ataques-por-desconocidos\/","url":"https:\/\/www.eldiario.net\/portal\/2023\/07\/14\/mueren-12-militares-de-pakistan-en-dos-ataques-por-desconocidos\/","name":"Mueren 12 militares de Pakist\u00e1n en dos ataques por desconocidos - El Diario - Bolivia","isPartOf":{"@id":"https:\/\/www.eldiario.net\/portal\/#website"},"datePublished":"2023-07-14T10:01:57+00:00","breadcrumb":{"@id":"https:\/\/www.eldiario.net\/portal\/2023\/07\/14\/mueren-12-militares-de-pakistan-en-dos-ataques-por-desconocidos\/#breadcrumb"},"inLanguage":"es","potentialAction":[{"@type":"ReadAction","target":["https:\/\/www.eldiario.net\/portal\/2023\/07\/14\/mueren-12-militares-de-pakistan-en-dos-ataques-por-desconocidos\/"]}]},{"@type":"BreadcrumbList","@id":"https:\/\/www.eldiario.net\/portal\/2023\/07\/14\/mueren-12-militares-de-pakistan-en-dos-ataques-por-desconocidos\/#breadcrumb","itemListElement":[{"@type":"ListItem","position":1,"name":"Portada","item":"https:\/\/www.eldiario.net\/portal\/"},{"@type":"ListItem","position":2,"name":"Mueren 12 militares de Pakist\u00e1n en dos ataques por desconocidos"}]},{"@type":"WebSite","@id":"https:\/\/www.eldiario.net\/portal\/#website","url":"https:\/\/www.eldiario.net\/portal\/","name":"El Diario - Decano de la prensa nacional","description":"El Diario - Decano de la prensa nacional","publisher":{"@id":"https:\/\/www.eldiario.net\/portal\/#organization"},"potentialAction":[{"@type":"SearchAction","target":{"@type":"EntryPoint","urlTemplate":"https:\/\/www.eldiario.net\/portal\/?s={search_term_string}"},"query-input":{"@type":"PropertyValueSpecification","valueRequired":true,"valueName":"search_term_string"}}],"inLanguage":"es"},{"@type":"Organization","@id":"https:\/\/www.eldiario.net\/portal\/#organization","name":"El Diario - Decano de la prensa nacional","url":"https:\/\/www.eldiario.net\/portal\/","logo":{"@type":"ImageObject","inLanguage":"es","@id":"https:\/\/www.eldiario.net\/portal\/#\/schema\/logo\/image\/","url":"https:\/\/www.eldiario.net\/portal\/wp-content\/uploads\/2023\/07\/logo_ED.jpg","contentUrl":"https:\/\/www.eldiario.net\/portal\/wp-content\/uploads\/2023\/07\/logo_ED.jpg","width":272,"height":52,"caption":"El Diario - Decano de la prensa nacional"},"image":{"@id":"https:\/\/www.eldiario.net\/portal\/#\/schema\/logo\/image\/"},"sameAs":["https:\/\/www.facebook.com\/eldiario.bolivia\/","https:\/\/x.com\/eldiario_net"]},{"@type":"Person","@id":"https:\/\/www.eldiario.net\/portal\/#\/schema\/person\/f46445640444750d7d753ccd04ae01b7","name":"Jeanette","image":{"@type":"ImageObject","inLanguage":"es","@id":"https:\/\/secure.gravatar.com\/avatar\/3ea2118a5f7dad2b7138b1187a6b7ee55f160b9968b66013c3a3ef39dd7e5798?s=96&d=mm&r=g","url":"https:\/\/secure.gravatar.com\/avatar\/3ea2118a5f7dad2b7138b1187a6b7ee55f160b9968b66013c3a3ef39dd7e5798?s=96&d=mm&r=g","contentUrl":"https:\/\/secure.gravatar.com\/avatar\/3ea2118a5f7dad2b7138b1187a6b7ee55f160b9968b66013c3a3ef39dd7e5798?s=96&d=mm&r=g","caption":"Jeanette"},"sameAs":["https:\/\/www.eldiario.net\/portal"],"url":"https:\/\/www.eldiario.net\/portal\/author\/jeanette\/"}]}},"_links":{"self":[{"href":"https:\/\/www.eldiario.net\/portal\/wp-json\/wp\/v2\/posts\/165309","targetHints":{"allow":["GET"]}}],"collection":[{"href":"https:\/\/www.eldiario.net\/portal\/wp-json\/wp\/v2\/posts"}],"about":[{"href":"https:\/\/www.eldiario.net\/portal\/wp-json\/wp\/v2\/types\/post"}],"author":[{"embeddable":true,"href":"https:\/\/www.eldiario.net\/portal\/wp-json\/wp\/v2\/users\/1"}],"replies":[{"embeddable":true,"href":"https:\/\/www.eldiario.net\/portal\/wp-json\/wp\/v2\/comments?post=165309"}],"version-history":[{"count":0,"href":"https:\/\/www.eldiario.net\/portal\/wp-json\/wp\/v2\/posts\/165309\/revisions"}],"wp:attachment":[{"href":"https:\/\/www.eldiario.net\/portal\/wp-json\/wp\/v2\/media?parent=165309"}],"wp:term":[{"taxonomy":"category","embeddable":true,"href":"https:\/\/www.eldiario.net\/portal\/wp-json\/wp\/v2\/categories?post=165309"},{"taxonomy":"post_tag","embeddable":true,"href":"https:\/\/www.eldiario.net\/portal\/wp-json\/wp\/v2\/tags?post=165309"}],"curies":[{"name":"wp","href":"https:\/\/api.w.org\/{rel}","templated":true}]}}