{"id":165300,"date":"2023-07-14T06:00:51","date_gmt":"2023-07-14T10:00:51","guid":{"rendered":"https:\/\/www.eldiario.net\/portal\/?p=165300"},"modified":"2023-07-14T06:00:51","modified_gmt":"2023-07-14T10:00:51","slug":"ductos-en-alquiler","status":"publish","type":"post","link":"https:\/\/www.eldiario.net\/portal\/2023\/07\/14\/ductos-en-alquiler\/","title":{"rendered":"Ductos en alquiler"},"content":{"rendered":"<p>Era inevitable: Argentina propone comenzar de una vez la negociaci\u00f3n para tomar en alquiler los ductos bolivianos que est\u00e1n a punto de quedar vacantes.<br \/>\nLa propuesta lleg\u00f3 pocos d\u00edas despu\u00e9s del anuncio formal, con tono de disculpa, hecho por el ministro argentino de Econom\u00eda, Sergio Massa: \u201cdejaremos de comprar gas boliviano\u201d.<br \/>\nEl ministro, que al mismo tiempo es candidato, no quiso completar la oraci\u00f3n, que deb\u00eda continuar: \u201cporque Bolivia ya no tiene gas\u201d.<br \/>\nLos gobernantes masistas no quieren aludir al tema y alguno de ellos, con muy mal criterio, lleg\u00f3 a decir que los ductos son usados ahora para importar combustibles, lo que ser\u00eda un ahorro.<br \/>\nEn vista de que los ductos dejar\u00e1n de ser usados para exportar gas a Argentina y Brasil, se los va a usar, por el momento, para importar gasolina y di\u00e9sel en lugar de seguir usando los camiones cisterna.<br \/>\nComo se sabe, los ductos ya no llevar\u00e1n gas porque el gobierno del MAS cometi\u00f3 el error garrafal, e imperdonable, de ahuyentar las inversiones que pod\u00edan haber reemplazado los campos de gas que estaba sobreexplotando.<br \/>\nPorque el MAS recibi\u00f3 un pa\u00eds con muchas reservas de gas, que hab\u00edan sido descubiertas en gobiernos anteriores, y se dedic\u00f3 a explotarlas sin advertir que se agotar\u00edan en alg\u00fan momento y ser\u00eda necesario reemplazarlas.<br \/>\nEl economista Antonio Saravia calcula que esas exportaciones generaron ingresos por 55.000 millones de d\u00f3lares, que fueron despilfarrados en proyectos inservibles, sin dejar nada para invertir en exploraci\u00f3n.<br \/>\nEl problema es que este desastre perjudica a todo el pa\u00eds. Adem\u00e1s, los departamentos de donde se extrajo el gas dejar\u00e1n de recibir el dinero de las regal\u00edas, unos 681 millones de d\u00f3lares en combinaci\u00f3n con el IDH.<br \/>\nLos funcionarios del MAS no han hecho ninguna autocr\u00edtica por haber provocado esta situaci\u00f3n desastrosa que puso fin a la \u201cBolivia saud\u00ed\u201d, como se conoc\u00eda al pa\u00eds cuando ten\u00eda grandes vol\u00famenes de gas para exportar.<br \/>\nPara estas situaciones existe la posibilidad de someter a los causantes de la crisis a un juicio de responsabilidades, para lo que se requiere el apoyo de una mayor\u00eda del parlamento.<br \/>\nPor el momento habr\u00e1 que pensar en comprar el gas necesario para cubrir la demanda interna, que en este momento llega a 15 millones m3\/d. Ahora mismo, ese volumen excede las cifras de la producci\u00f3n, que est\u00e1 en 33,6 millones, de los cuales se debe destinar 20 millones a Brasil, 6 a Argentina y restan solamente 10 millones para los bolivianos.<br \/>\nS\u00f3lo en propaganda, el gobierno de Evo Morales gast\u00f3 4 millones de d\u00f3lares con el mensaje \u201cel gas para los bolivianos\u201d.<\/p>\n<p><img loading=\"lazy\" decoding=\"async\" class=\"aligncenter  wp-image-165301\" src=\"https:\/\/www.eldiario.net\/portal\/wp-content\/uploads\/2023\/07\/Sin-titulo-1-1.jpg\" alt=\"\" width=\"615\" height=\"123\" srcset=\"https:\/\/www.eldiario.net\/portal\/wp-content\/uploads\/2023\/07\/Sin-titulo-1-1.jpg 1000w, https:\/\/www.eldiario.net\/portal\/wp-content\/uploads\/2023\/07\/Sin-titulo-1-1-300x60.jpg 300w, https:\/\/www.eldiario.net\/portal\/wp-content\/uploads\/2023\/07\/Sin-titulo-1-1-768x154.jpg 768w, https:\/\/www.eldiario.net\/portal\/wp-content\/uploads\/2023\/07\/Sin-titulo-1-1-696x139.jpg 696w\" sizes=\"auto, (max-width: 615px) 100vw, 615px\" \/><\/p>\n<p><img loading=\"lazy\" decoding=\"async\" class=\"alignleft size-full wp-image-165302\" src=\"https:\/\/www.eldiario.net\/portal\/wp-content\/uploads\/2023\/07\/petroleo-1.jpg\" alt=\"\" width=\"150\" height=\"219\" \/><strong>PETR\u00d3LEO<\/strong><\/p>\n<p>La devaluaci\u00f3n del d\u00f3lar en los mercados internacionales afecta al precio de las materias primas que se cotizan en esta moneda. En el caso del petr\u00f3leo la reciente alza en la cotizaci\u00f3n se debe tambi\u00e9n a los anuncios de reducciones en la exportaci\u00f3n de la OPEP. Otro de los factores son las bajas reservas estrat\u00e9gicas de Estados Unidos. El factor m\u00e1s importante es la expectativa de crecimiento de la econom\u00eda mundial que por ahora tarda m\u00e1s de lo esperado.<\/p>\n<p>&nbsp;<\/p>\n<p>&nbsp;<\/p>\n<p>&nbsp;<\/p>\n<p><img loading=\"lazy\" decoding=\"async\" class=\"alignleft size-full wp-image-165303\" src=\"https:\/\/www.eldiario.net\/portal\/wp-content\/uploads\/2023\/07\/oro-1.jpg\" alt=\"\" width=\"150\" height=\"215\" \/><strong>ORO<\/strong><\/p>\n<p>La demanda mundial de oro aument\u00f3 esta semana en respuesta a la ca\u00edda de la cotizaci\u00f3n del d\u00f3lar frente a otras monedas como el euro, y el yuan chino. El precio del oro como de otros minerales se cotiza en d\u00f3lares. La posible inestabilidad de la econom\u00eda mundial en lo que queda del a\u00f1o tambi\u00e9n eleva el precio del oro que sigue siendo la mayor exportaci\u00f3n de Bolivia. Esto significa m\u00e1s d\u00f3lares cuando el BCB empiece a liquidar las reservas en oro.<\/p>\n<p>&nbsp;<\/p>\n<p>&nbsp;<\/p>\n<p><img loading=\"lazy\" decoding=\"async\" class=\"alignleft size-full wp-image-165304\" src=\"https:\/\/www.eldiario.net\/portal\/wp-content\/uploads\/2023\/07\/zinc-1.jpg\" alt=\"\" width=\"150\" height=\"209\" \/><strong>ZINC<\/strong><\/p>\n<p>Tres factores impulsaron al alza de precio internacional del zinc esta semana. Primero, la ca\u00edda de la cotizaci\u00f3n del d\u00f3lar; segundo, el anuncio de cierres de operaciones de refinado por los altos costos de la energ\u00eda; y por \u00faltimo, un repunte en la demanda del acero en los mercados de China. La demanda de zinc est\u00e1 atada a la demanda de acero porque se usan juntos principalmente en construcci\u00f3n, en forma de acero galvanizado.<\/p>\n<p>&nbsp;<\/p>\n<p>&nbsp;<\/p>\n<p><em><strong>Opci\u00f3n obvia<\/strong><\/em><\/p>\n<p>Ocho de 13 candidatos a la elecci\u00f3n primaria de Venezuela, dicen que es esencial abandonar el chavismo para mejorar la econom\u00eda de su pa\u00eds. Una serie de debates entre candidatos a las primarias, previstas para el 22 de octubre, muestran que el chavismo redujo la econom\u00eda venezolana en 75% en los \u00faltimos 10 a\u00f1os, est\u00e1 de salida.<\/p>\n<p><em><strong>Argentina<\/strong><\/em><\/p>\n<p>El ministro de Econom\u00eda Sergio Massa, est\u00e1 negociando con el Fondo Monetario Internacional (FMI), las condiciones de nuevos cr\u00e9ditos para rescatar la econom\u00eda argentina. El FMI quiere que gasten menos y el gobierno de Alberto Fernandez quiere gastar m\u00e1s. El FMI pide que el d\u00e9ficit sea de 1,5% del PIB y Massa quiere que llegue a 1,9%.<\/p>\n<p><em><strong>Sol Bs D\u00f3lar<\/strong><\/em><\/p>\n<p>El d\u00f3lar alcanz\u00f3 su nivel m\u00e1s bajo en casi tres a\u00f1os frente a la moneda del Per\u00fa. El d\u00f3lar ha acumulado una ca\u00edda de casi 6% frente al Sol en lo que va del a\u00f1o. Esto afecta directamente al contrabando de productos de Per\u00fa a Bolivia. El boliviano est\u00e1 atado al precio del d\u00f3lar y cuando la cotizaci\u00f3n de este cae, la moneda boliviana tambi\u00e9n.<\/p>\n<p style=\"text-align: center;\">Lo bueno<br \/>\n***<br \/>\nEs que el presidente de YPFB, Armin Dorgathen, se reuni\u00f3 con la secretaria de Energ\u00eda de Argentina, Flavia Royon, para hablar del negocio de la venta del gas.<\/p>\n<p style=\"text-align: center;\">Lo malo<br \/>\n***<br \/>\nEs que el ministro de Econom\u00eda argentino, Sergio Massa, advierte que su pa\u00eds dejar\u00e1 de comprar el gas boliviano a partir del pr\u00f3ximo a\u00f1o.<\/p>\n<p style=\"text-align: center;\">Lo feo<br \/>\n***<br \/>\nEs que la secretaria Royon habl\u00f3 del inter\u00e9s de su pa\u00eds, de tomar en alquiler los ductos bolivianos que quedar\u00e1n vacantes cuando se suspendan las exportaciones.<\/p>\n","protected":false},"excerpt":{"rendered":"<p>Era inevitable: Argentina propone comenzar de una vez la negociaci\u00f3n para tomar en alquiler los ductos bolivianos que est\u00e1n a punto de quedar vacantes. La propuesta lleg\u00f3 pocos d\u00edas despu\u00e9s del anuncio formal, con tono de disculpa, hecho por el ministro argentino de Econom\u00eda, Sergio Massa: \u201cdejaremos de comprar gas boliviano\u201d. El ministro, que al [&hellip;]<\/p>\n","protected":false},"author":1,"featured_media":165305,"comment_status":"closed","ping_status":"open","sticky":false,"template":"","format":"standard","meta":{"_acf_changed":false,"footnotes":""},"categories":[7],"tags":[],"class_list":["post-165300","post","type-post","status-publish","format-standard","has-post-thumbnail","category-economia"],"acf":{"antetitulo":""},"yoast_head":"<!-- This site is optimized with the Yoast SEO plugin v28.4 - https:\/\/yoast.com\/product\/yoast-seo-wordpress\/ -->\n<title>Ductos en alquiler - El Diario - Bolivia<\/title>\n<meta name=\"robots\" content=\"index, follow, max-snippet:-1, max-image-preview:large, max-video-preview:-1\" \/>\n<link rel=\"canonical\" href=\"https:\/\/www.eldiario.net\/portal\/2023\/07\/14\/ductos-en-alquiler\/\" \/>\n<meta property=\"og:locale\" content=\"es_ES\" \/>\n<meta property=\"og:type\" content=\"article\" \/>\n<meta property=\"og:title\" content=\"Ductos en alquiler - El Diario - Bolivia\" \/>\n<meta property=\"og:description\" content=\"Era inevitable: Argentina propone comenzar de una vez la negociaci\u00f3n para tomar en alquiler los ductos bolivianos que est\u00e1n a punto de quedar vacantes. La propuesta lleg\u00f3 pocos d\u00edas despu\u00e9s del anuncio formal, con tono de disculpa, hecho por el ministro argentino de Econom\u00eda, Sergio Massa: \u201cdejaremos de comprar gas boliviano\u201d. El ministro, que al [&hellip;]\" \/>\n<meta property=\"og:url\" content=\"https:\/\/www.eldiario.net\/portal\/2023\/07\/14\/ductos-en-alquiler\/\" \/>\n<meta property=\"og:site_name\" content=\"El Diario - Bolivia\" \/>\n<meta property=\"article:publisher\" content=\"https:\/\/www.facebook.com\/eldiario.bolivia\/\" \/>\n<meta property=\"article:published_time\" content=\"2023-07-14T10:00:51+00:00\" \/>\n<meta property=\"og:image\" content=\"https:\/\/www.eldiario.net\/portal\/wp-content\/uploads\/2023\/07\/economia_v-1.jpg\" \/>\n\t<meta property=\"og:image:width\" content=\"1000\" \/>\n\t<meta property=\"og:image:height\" content=\"551\" \/>\n\t<meta property=\"og:image:type\" content=\"image\/jpeg\" \/>\n<meta name=\"author\" content=\"Jeanette\" \/>\n<meta name=\"twitter:card\" content=\"summary_large_image\" \/>\n<meta name=\"twitter:creator\" content=\"@eldiario_net\" \/>\n<meta name=\"twitter:site\" content=\"@eldiario_net\" \/>\n<meta name=\"twitter:label1\" content=\"Escrito por\" \/>\n\t<meta name=\"twitter:data1\" content=\"Jeanette\" \/>\n\t<meta name=\"twitter:label2\" content=\"Tiempo de lectura\" \/>\n\t<meta name=\"twitter:data2\" content=\"6 minutos\" \/>\n<script type=\"application\/ld+json\" class=\"yoast-schema-graph\">{\"@context\":\"https:\\\/\\\/schema.org\",\"@graph\":[{\"@type\":\"Article\",\"@id\":\"https:\\\/\\\/www.eldiario.net\\\/portal\\\/2023\\\/07\\\/14\\\/ductos-en-alquiler\\\/#article\",\"isPartOf\":{\"@id\":\"https:\\\/\\\/www.eldiario.net\\\/portal\\\/2023\\\/07\\\/14\\\/ductos-en-alquiler\\\/\"},\"author\":{\"name\":\"Jeanette\",\"@id\":\"https:\\\/\\\/www.eldiario.net\\\/portal\\\/#\\\/schema\\\/person\\\/f46445640444750d7d753ccd04ae01b7\"},\"headline\":\"Ductos en alquiler\",\"datePublished\":\"2023-07-14T10:00:51+00:00\",\"mainEntityOfPage\":{\"@id\":\"https:\\\/\\\/www.eldiario.net\\\/portal\\\/2023\\\/07\\\/14\\\/ductos-en-alquiler\\\/\"},\"wordCount\":1021,\"publisher\":{\"@id\":\"https:\\\/\\\/www.eldiario.net\\\/portal\\\/#organization\"},\"image\":{\"@id\":\"https:\\\/\\\/www.eldiario.net\\\/portal\\\/2023\\\/07\\\/14\\\/ductos-en-alquiler\\\/#primaryimage\"},\"thumbnailUrl\":\"https:\\\/\\\/www.eldiario.net\\\/portal\\\/wp-content\\\/uploads\\\/2023\\\/07\\\/economia_v-1.jpg\",\"articleSection\":[\"Econom\u00eda\"],\"inLanguage\":\"es\"},{\"@type\":\"WebPage\",\"@id\":\"https:\\\/\\\/www.eldiario.net\\\/portal\\\/2023\\\/07\\\/14\\\/ductos-en-alquiler\\\/\",\"url\":\"https:\\\/\\\/www.eldiario.net\\\/portal\\\/2023\\\/07\\\/14\\\/ductos-en-alquiler\\\/\",\"name\":\"Ductos en alquiler - El Diario - Bolivia\",\"isPartOf\":{\"@id\":\"https:\\\/\\\/www.eldiario.net\\\/portal\\\/#website\"},\"primaryImageOfPage\":{\"@id\":\"https:\\\/\\\/www.eldiario.net\\\/portal\\\/2023\\\/07\\\/14\\\/ductos-en-alquiler\\\/#primaryimage\"},\"image\":{\"@id\":\"https:\\\/\\\/www.eldiario.net\\\/portal\\\/2023\\\/07\\\/14\\\/ductos-en-alquiler\\\/#primaryimage\"},\"thumbnailUrl\":\"https:\\\/\\\/www.eldiario.net\\\/portal\\\/wp-content\\\/uploads\\\/2023\\\/07\\\/economia_v-1.jpg\",\"datePublished\":\"2023-07-14T10:00:51+00:00\",\"breadcrumb\":{\"@id\":\"https:\\\/\\\/www.eldiario.net\\\/portal\\\/2023\\\/07\\\/14\\\/ductos-en-alquiler\\\/#breadcrumb\"},\"inLanguage\":\"es\",\"potentialAction\":[{\"@type\":\"ReadAction\",\"target\":[\"https:\\\/\\\/www.eldiario.net\\\/portal\\\/2023\\\/07\\\/14\\\/ductos-en-alquiler\\\/\"]}]},{\"@type\":\"ImageObject\",\"inLanguage\":\"es\",\"@id\":\"https:\\\/\\\/www.eldiario.net\\\/portal\\\/2023\\\/07\\\/14\\\/ductos-en-alquiler\\\/#primaryimage\",\"url\":\"https:\\\/\\\/www.eldiario.net\\\/portal\\\/wp-content\\\/uploads\\\/2023\\\/07\\\/economia_v-1.jpg\",\"contentUrl\":\"https:\\\/\\\/www.eldiario.net\\\/portal\\\/wp-content\\\/uploads\\\/2023\\\/07\\\/economia_v-1.jpg\",\"width\":1000,\"height\":551},{\"@type\":\"BreadcrumbList\",\"@id\":\"https:\\\/\\\/www.eldiario.net\\\/portal\\\/2023\\\/07\\\/14\\\/ductos-en-alquiler\\\/#breadcrumb\",\"itemListElement\":[{\"@type\":\"ListItem\",\"position\":1,\"name\":\"Portada\",\"item\":\"https:\\\/\\\/www.eldiario.net\\\/portal\\\/\"},{\"@type\":\"ListItem\",\"position\":2,\"name\":\"Ductos en alquiler\"}]},{\"@type\":\"WebSite\",\"@id\":\"https:\\\/\\\/www.eldiario.net\\\/portal\\\/#website\",\"url\":\"https:\\\/\\\/www.eldiario.net\\\/portal\\\/\",\"name\":\"El Diario - Decano de la prensa nacional\",\"description\":\"El Diario - Decano de la prensa nacional\",\"publisher\":{\"@id\":\"https:\\\/\\\/www.eldiario.net\\\/portal\\\/#organization\"},\"potentialAction\":[{\"@type\":\"SearchAction\",\"target\":{\"@type\":\"EntryPoint\",\"urlTemplate\":\"https:\\\/\\\/www.eldiario.net\\\/portal\\\/?s={search_term_string}\"},\"query-input\":{\"@type\":\"PropertyValueSpecification\",\"valueRequired\":true,\"valueName\":\"search_term_string\"}}],\"inLanguage\":\"es\"},{\"@type\":\"Organization\",\"@id\":\"https:\\\/\\\/www.eldiario.net\\\/portal\\\/#organization\",\"name\":\"El Diario - Decano de la prensa nacional\",\"url\":\"https:\\\/\\\/www.eldiario.net\\\/portal\\\/\",\"logo\":{\"@type\":\"ImageObject\",\"inLanguage\":\"es\",\"@id\":\"https:\\\/\\\/www.eldiario.net\\\/portal\\\/#\\\/schema\\\/logo\\\/image\\\/\",\"url\":\"https:\\\/\\\/www.eldiario.net\\\/portal\\\/wp-content\\\/uploads\\\/2023\\\/07\\\/logo_ED.jpg\",\"contentUrl\":\"https:\\\/\\\/www.eldiario.net\\\/portal\\\/wp-content\\\/uploads\\\/2023\\\/07\\\/logo_ED.jpg\",\"width\":272,\"height\":52,\"caption\":\"El Diario - Decano de la prensa nacional\"},\"image\":{\"@id\":\"https:\\\/\\\/www.eldiario.net\\\/portal\\\/#\\\/schema\\\/logo\\\/image\\\/\"},\"sameAs\":[\"https:\\\/\\\/www.facebook.com\\\/eldiario.bolivia\\\/\",\"https:\\\/\\\/x.com\\\/eldiario_net\"]},{\"@type\":\"Person\",\"@id\":\"https:\\\/\\\/www.eldiario.net\\\/portal\\\/#\\\/schema\\\/person\\\/f46445640444750d7d753ccd04ae01b7\",\"name\":\"Jeanette\",\"image\":{\"@type\":\"ImageObject\",\"inLanguage\":\"es\",\"@id\":\"https:\\\/\\\/secure.gravatar.com\\\/avatar\\\/3ea2118a5f7dad2b7138b1187a6b7ee55f160b9968b66013c3a3ef39dd7e5798?s=96&d=mm&r=g\",\"url\":\"https:\\\/\\\/secure.gravatar.com\\\/avatar\\\/3ea2118a5f7dad2b7138b1187a6b7ee55f160b9968b66013c3a3ef39dd7e5798?s=96&d=mm&r=g\",\"contentUrl\":\"https:\\\/\\\/secure.gravatar.com\\\/avatar\\\/3ea2118a5f7dad2b7138b1187a6b7ee55f160b9968b66013c3a3ef39dd7e5798?s=96&d=mm&r=g\",\"caption\":\"Jeanette\"},\"sameAs\":[\"https:\\\/\\\/www.eldiario.net\\\/portal\"],\"url\":\"https:\\\/\\\/www.eldiario.net\\\/portal\\\/author\\\/jeanette\\\/\"}]}<\/script>\n<!-- \/ Yoast SEO plugin. -->","yoast_head_json":{"title":"Ductos en alquiler - El Diario - Bolivia","robots":{"index":"index","follow":"follow","max-snippet":"max-snippet:-1","max-image-preview":"max-image-preview:large","max-video-preview":"max-video-preview:-1"},"canonical":"https:\/\/www.eldiario.net\/portal\/2023\/07\/14\/ductos-en-alquiler\/","og_locale":"es_ES","og_type":"article","og_title":"Ductos en alquiler - El Diario - Bolivia","og_description":"Era inevitable: Argentina propone comenzar de una vez la negociaci\u00f3n para tomar en alquiler los ductos bolivianos que est\u00e1n a punto de quedar vacantes. La propuesta lleg\u00f3 pocos d\u00edas despu\u00e9s del anuncio formal, con tono de disculpa, hecho por el ministro argentino de Econom\u00eda, Sergio Massa: \u201cdejaremos de comprar gas boliviano\u201d. El ministro, que al [&hellip;]","og_url":"https:\/\/www.eldiario.net\/portal\/2023\/07\/14\/ductos-en-alquiler\/","og_site_name":"El Diario - Bolivia","article_publisher":"https:\/\/www.facebook.com\/eldiario.bolivia\/","article_published_time":"2023-07-14T10:00:51+00:00","og_image":[{"width":1000,"height":551,"url":"https:\/\/www.eldiario.net\/portal\/wp-content\/uploads\/2023\/07\/economia_v-1.jpg","type":"image\/jpeg"}],"author":"Jeanette","twitter_card":"summary_large_image","twitter_creator":"@eldiario_net","twitter_site":"@eldiario_net","twitter_misc":{"Escrito por":"Jeanette","Tiempo de lectura":"6 minutos"},"schema":{"@context":"https:\/\/schema.org","@graph":[{"@type":"Article","@id":"https:\/\/www.eldiario.net\/portal\/2023\/07\/14\/ductos-en-alquiler\/#article","isPartOf":{"@id":"https:\/\/www.eldiario.net\/portal\/2023\/07\/14\/ductos-en-alquiler\/"},"author":{"name":"Jeanette","@id":"https:\/\/www.eldiario.net\/portal\/#\/schema\/person\/f46445640444750d7d753ccd04ae01b7"},"headline":"Ductos en alquiler","datePublished":"2023-07-14T10:00:51+00:00","mainEntityOfPage":{"@id":"https:\/\/www.eldiario.net\/portal\/2023\/07\/14\/ductos-en-alquiler\/"},"wordCount":1021,"publisher":{"@id":"https:\/\/www.eldiario.net\/portal\/#organization"},"image":{"@id":"https:\/\/www.eldiario.net\/portal\/2023\/07\/14\/ductos-en-alquiler\/#primaryimage"},"thumbnailUrl":"https:\/\/www.eldiario.net\/portal\/wp-content\/uploads\/2023\/07\/economia_v-1.jpg","articleSection":["Econom\u00eda"],"inLanguage":"es"},{"@type":"WebPage","@id":"https:\/\/www.eldiario.net\/portal\/2023\/07\/14\/ductos-en-alquiler\/","url":"https:\/\/www.eldiario.net\/portal\/2023\/07\/14\/ductos-en-alquiler\/","name":"Ductos en alquiler - El Diario - Bolivia","isPartOf":{"@id":"https:\/\/www.eldiario.net\/portal\/#website"},"primaryImageOfPage":{"@id":"https:\/\/www.eldiario.net\/portal\/2023\/07\/14\/ductos-en-alquiler\/#primaryimage"},"image":{"@id":"https:\/\/www.eldiario.net\/portal\/2023\/07\/14\/ductos-en-alquiler\/#primaryimage"},"thumbnailUrl":"https:\/\/www.eldiario.net\/portal\/wp-content\/uploads\/2023\/07\/economia_v-1.jpg","datePublished":"2023-07-14T10:00:51+00:00","breadcrumb":{"@id":"https:\/\/www.eldiario.net\/portal\/2023\/07\/14\/ductos-en-alquiler\/#breadcrumb"},"inLanguage":"es","potentialAction":[{"@type":"ReadAction","target":["https:\/\/www.eldiario.net\/portal\/2023\/07\/14\/ductos-en-alquiler\/"]}]},{"@type":"ImageObject","inLanguage":"es","@id":"https:\/\/www.eldiario.net\/portal\/2023\/07\/14\/ductos-en-alquiler\/#primaryimage","url":"https:\/\/www.eldiario.net\/portal\/wp-content\/uploads\/2023\/07\/economia_v-1.jpg","contentUrl":"https:\/\/www.eldiario.net\/portal\/wp-content\/uploads\/2023\/07\/economia_v-1.jpg","width":1000,"height":551},{"@type":"BreadcrumbList","@id":"https:\/\/www.eldiario.net\/portal\/2023\/07\/14\/ductos-en-alquiler\/#breadcrumb","itemListElement":[{"@type":"ListItem","position":1,"name":"Portada","item":"https:\/\/www.eldiario.net\/portal\/"},{"@type":"ListItem","position":2,"name":"Ductos en alquiler"}]},{"@type":"WebSite","@id":"https:\/\/www.eldiario.net\/portal\/#website","url":"https:\/\/www.eldiario.net\/portal\/","name":"El Diario - Decano de la prensa nacional","description":"El Diario - Decano de la prensa nacional","publisher":{"@id":"https:\/\/www.eldiario.net\/portal\/#organization"},"potentialAction":[{"@type":"SearchAction","target":{"@type":"EntryPoint","urlTemplate":"https:\/\/www.eldiario.net\/portal\/?s={search_term_string}"},"query-input":{"@type":"PropertyValueSpecification","valueRequired":true,"valueName":"search_term_string"}}],"inLanguage":"es"},{"@type":"Organization","@id":"https:\/\/www.eldiario.net\/portal\/#organization","name":"El Diario - Decano de la prensa nacional","url":"https:\/\/www.eldiario.net\/portal\/","logo":{"@type":"ImageObject","inLanguage":"es","@id":"https:\/\/www.eldiario.net\/portal\/#\/schema\/logo\/image\/","url":"https:\/\/www.eldiario.net\/portal\/wp-content\/uploads\/2023\/07\/logo_ED.jpg","contentUrl":"https:\/\/www.eldiario.net\/portal\/wp-content\/uploads\/2023\/07\/logo_ED.jpg","width":272,"height":52,"caption":"El Diario - Decano de la prensa nacional"},"image":{"@id":"https:\/\/www.eldiario.net\/portal\/#\/schema\/logo\/image\/"},"sameAs":["https:\/\/www.facebook.com\/eldiario.bolivia\/","https:\/\/x.com\/eldiario_net"]},{"@type":"Person","@id":"https:\/\/www.eldiario.net\/portal\/#\/schema\/person\/f46445640444750d7d753ccd04ae01b7","name":"Jeanette","image":{"@type":"ImageObject","inLanguage":"es","@id":"https:\/\/secure.gravatar.com\/avatar\/3ea2118a5f7dad2b7138b1187a6b7ee55f160b9968b66013c3a3ef39dd7e5798?s=96&d=mm&r=g","url":"https:\/\/secure.gravatar.com\/avatar\/3ea2118a5f7dad2b7138b1187a6b7ee55f160b9968b66013c3a3ef39dd7e5798?s=96&d=mm&r=g","contentUrl":"https:\/\/secure.gravatar.com\/avatar\/3ea2118a5f7dad2b7138b1187a6b7ee55f160b9968b66013c3a3ef39dd7e5798?s=96&d=mm&r=g","caption":"Jeanette"},"sameAs":["https:\/\/www.eldiario.net\/portal"],"url":"https:\/\/www.eldiario.net\/portal\/author\/jeanette\/"}]}},"_links":{"self":[{"href":"https:\/\/www.eldiario.net\/portal\/wp-json\/wp\/v2\/posts\/165300","targetHints":{"allow":["GET"]}}],"collection":[{"href":"https:\/\/www.eldiario.net\/portal\/wp-json\/wp\/v2\/posts"}],"about":[{"href":"https:\/\/www.eldiario.net\/portal\/wp-json\/wp\/v2\/types\/post"}],"author":[{"embeddable":true,"href":"https:\/\/www.eldiario.net\/portal\/wp-json\/wp\/v2\/users\/1"}],"replies":[{"embeddable":true,"href":"https:\/\/www.eldiario.net\/portal\/wp-json\/wp\/v2\/comments?post=165300"}],"version-history":[{"count":0,"href":"https:\/\/www.eldiario.net\/portal\/wp-json\/wp\/v2\/posts\/165300\/revisions"}],"wp:featuredmedia":[{"embeddable":true,"href":"https:\/\/www.eldiario.net\/portal\/wp-json\/wp\/v2\/media\/165305"}],"wp:attachment":[{"href":"https:\/\/www.eldiario.net\/portal\/wp-json\/wp\/v2\/media?parent=165300"}],"wp:term":[{"taxonomy":"category","embeddable":true,"href":"https:\/\/www.eldiario.net\/portal\/wp-json\/wp\/v2\/categories?post=165300"},{"taxonomy":"post_tag","embeddable":true,"href":"https:\/\/www.eldiario.net\/portal\/wp-json\/wp\/v2\/tags?post=165300"}],"curies":[{"name":"wp","href":"https:\/\/api.w.org\/{rel}","templated":true}]}}