{"id":165093,"date":"2023-07-12T08:55:29","date_gmt":"2023-07-12T12:55:29","guid":{"rendered":"https:\/\/www.eldiario.net\/portal\/?p=165093"},"modified":"2023-07-12T08:55:29","modified_gmt":"2023-07-12T12:55:29","slug":"cbn-es-lider-del-ranking-merco-2023","status":"publish","type":"post","link":"https:\/\/www.eldiario.net\/portal\/2023\/07\/12\/cbn-es-lider-del-ranking-merco-2023\/","title":{"rendered":"CBN es l\u00edder del ranking MERCO 2023"},"content":{"rendered":"<p>Por s\u00e9ptimo a\u00f1o, la Cervecer\u00eda Boliviana Nacional obtiene el primer lugar como empresa con mejor reputaci\u00f3n, de acuerdo con el Monitor Empresarial de Reputaci\u00f3n Corporativa (MERCO). Adem\u00e1s, lidera el sector de bebidas.<\/p>\n<p>\u201cEste resultado es una gratificante retribuci\u00f3n a la labor que venimos desarrollando, al compromiso y dedicaci\u00f3n que cada miembro de la compa\u00f1\u00eda le dedica a aportar al progreso del pa\u00eds, a la apuesta por generar valor compartido y a trabajar por un mundo m\u00e1s sustentable\u201d, dice el director Nacional de Legal y Asuntos Corporativos de CBN, Omar Herrera.<\/p>\n<p>Seg\u00fan la compa\u00f1\u00eda, una de las valoraciones sectoriales que se conoci\u00f3 este a\u00f1o es la de los periodistas, que reconocieron al equipo de comunicaci\u00f3n de la compa\u00f1\u00eda por su trabajo. Jos\u00e9 Mar\u00eda San Segundo, CEO de Merco internacional, valor\u00f3 a quienes manejan la comunicaci\u00f3n de las empresas como uno de los factores m\u00e1s importantes a la hora de construir la reputaci\u00f3n.<\/p>\n<p>\u201cHace 136 a\u00f1os que la empresa construye con objetivos claros de sustentabilidad, innovaci\u00f3n permanente de sus marcas enfocada en la gente y la construcci\u00f3n de causas que movilicen y comprometan a la sociedad para generar valor compartido\u201d, apunta el ejecutivo.<\/p>\n<p>Herrera agradece el apoyo de los grupos de inter\u00e9s, como la cadena de valor, sus empleados, por supuesto, sus consumidores. \u201cSu percepci\u00f3n nos permite posicionarnos por s\u00e9ptimo a\u00f1o como la empresa con mayor reputaci\u00f3n corporativa del pa\u00eds\u201d, afirma Omar Herrera.<\/p>\n<p><strong>MERCO<\/strong><\/p>\n<p>El Monitor Empresarial de Reputaci\u00f3n Corporativa es la instituci\u00f3n de referencia en Iberoam\u00e9rica que eval\u00faa la reputaci\u00f3n de las empresas. Es un instrumento de evaluaci\u00f3n reputacional lanzado en el a\u00f1o 2003 y que basa su categorizaci\u00f3n en una metodolog\u00eda multistakeholder compuesta por seis evaluaciones y m\u00e1s de veinte fuentes de informaci\u00f3n para cada medici\u00f3n.<\/p>\n<p>Actualmente Merco elabora ocho monitores (Merco Empresas, Merco L\u00edderes, Merco Responsabilidad y Gobierno Corporativo, Merco Talento, Merco Talento Universitario, Merco Consumo, Merco Digital y MRS) y tiene presencia en 16 pa\u00edses: Espa\u00f1a, Colombia, Argentina, Chile, Ecuador, Bolivia, Brasil, M\u00e9xico, Per\u00fa, Costa Rica, Panam\u00e1, Uruguay, Portugal, Italia, , y muy pronto, otros cinco se sumar\u00e1n a sus listas.<\/p>\n","protected":false},"excerpt":{"rendered":"<p>Por s\u00e9ptimo a\u00f1o, la Cervecer\u00eda Boliviana Nacional obtiene el primer lugar como empresa con mejor reputaci\u00f3n, de acuerdo con el Monitor Empresarial de Reputaci\u00f3n Corporativa (MERCO). Adem\u00e1s, lidera el sector de bebidas. \u201cEste resultado es una gratificante retribuci\u00f3n a la labor que venimos desarrollando, al compromiso y dedicaci\u00f3n que cada miembro de la compa\u00f1\u00eda le [&hellip;]<\/p>\n","protected":false},"author":1,"featured_media":165094,"comment_status":"closed","ping_status":"open","sticky":false,"template":"","format":"standard","meta":{"_acf_changed":false,"footnotes":""},"categories":[42],"tags":[],"class_list":["post-165093","post","type-post","status-publish","format-standard","has-post-thumbnail","category-femenina"],"acf":{"antetitulo":""},"yoast_head":"<!-- This site is optimized with the Yoast SEO plugin v28.4 - https:\/\/yoast.com\/product\/yoast-seo-wordpress\/ -->\n<title>CBN es l\u00edder del ranking MERCO 2023 - El Diario - Bolivia<\/title>\n<meta name=\"robots\" content=\"index, follow, max-snippet:-1, max-image-preview:large, max-video-preview:-1\" \/>\n<link rel=\"canonical\" href=\"https:\/\/www.eldiario.net\/portal\/2023\/07\/12\/cbn-es-lider-del-ranking-merco-2023\/\" \/>\n<meta property=\"og:locale\" content=\"es_ES\" \/>\n<meta property=\"og:type\" content=\"article\" \/>\n<meta property=\"og:title\" content=\"CBN es l\u00edder del ranking MERCO 2023 - El Diario - Bolivia\" \/>\n<meta property=\"og:description\" content=\"Por s\u00e9ptimo a\u00f1o, la Cervecer\u00eda Boliviana Nacional obtiene el primer lugar como empresa con mejor reputaci\u00f3n, de acuerdo con el Monitor Empresarial de Reputaci\u00f3n Corporativa (MERCO). Adem\u00e1s, lidera el sector de bebidas. \u201cEste resultado es una gratificante retribuci\u00f3n a la labor que venimos desarrollando, al compromiso y dedicaci\u00f3n que cada miembro de la compa\u00f1\u00eda le [&hellip;]\" \/>\n<meta property=\"og:url\" content=\"https:\/\/www.eldiario.net\/portal\/2023\/07\/12\/cbn-es-lider-del-ranking-merco-2023\/\" \/>\n<meta property=\"og:site_name\" content=\"El Diario - Bolivia\" \/>\n<meta property=\"article:publisher\" content=\"https:\/\/www.facebook.com\/eldiario.bolivia\/\" \/>\n<meta property=\"article:published_time\" content=\"2023-07-12T12:55:29+00:00\" \/>\n<meta property=\"og:image\" content=\"https:\/\/www.eldiario.net\/portal\/wp-content\/uploads\/2023\/07\/NOTA-5-FOTO-.jpeg\" \/>\n\t<meta property=\"og:image:width\" content=\"1600\" \/>\n\t<meta property=\"og:image:height\" content=\"1066\" \/>\n\t<meta property=\"og:image:type\" content=\"image\/jpeg\" \/>\n<meta name=\"author\" content=\"Jeanette\" \/>\n<meta name=\"twitter:card\" content=\"summary_large_image\" \/>\n<meta name=\"twitter:creator\" content=\"@eldiario_net\" \/>\n<meta name=\"twitter:site\" content=\"@eldiario_net\" \/>\n<meta name=\"twitter:label1\" content=\"Escrito por\" \/>\n\t<meta name=\"twitter:data1\" content=\"Jeanette\" \/>\n\t<meta name=\"twitter:label2\" content=\"Tiempo de lectura\" \/>\n\t<meta name=\"twitter:data2\" content=\"2 minutos\" \/>\n<script type=\"application\/ld+json\" class=\"yoast-schema-graph\">{\"@context\":\"https:\\\/\\\/schema.org\",\"@graph\":[{\"@type\":\"Article\",\"@id\":\"https:\\\/\\\/www.eldiario.net\\\/portal\\\/2023\\\/07\\\/12\\\/cbn-es-lider-del-ranking-merco-2023\\\/#article\",\"isPartOf\":{\"@id\":\"https:\\\/\\\/www.eldiario.net\\\/portal\\\/2023\\\/07\\\/12\\\/cbn-es-lider-del-ranking-merco-2023\\\/\"},\"author\":{\"name\":\"Jeanette\",\"@id\":\"https:\\\/\\\/www.eldiario.net\\\/portal\\\/#\\\/schema\\\/person\\\/2c57cf2b7a7ae032e449e4c9b1019eac\"},\"headline\":\"CBN es l\u00edder del ranking MERCO 2023\",\"datePublished\":\"2023-07-12T12:55:29+00:00\",\"mainEntityOfPage\":{\"@id\":\"https:\\\/\\\/www.eldiario.net\\\/portal\\\/2023\\\/07\\\/12\\\/cbn-es-lider-del-ranking-merco-2023\\\/\"},\"wordCount\":392,\"publisher\":{\"@id\":\"https:\\\/\\\/www.eldiario.net\\\/portal\\\/#organization\"},\"image\":{\"@id\":\"https:\\\/\\\/www.eldiario.net\\\/portal\\\/2023\\\/07\\\/12\\\/cbn-es-lider-del-ranking-merco-2023\\\/#primaryimage\"},\"thumbnailUrl\":\"https:\\\/\\\/www.eldiario.net\\\/portal\\\/wp-content\\\/uploads\\\/2023\\\/07\\\/NOTA-5-FOTO-.jpeg\",\"articleSection\":[\"Femenina\"],\"inLanguage\":\"es\"},{\"@type\":\"WebPage\",\"@id\":\"https:\\\/\\\/www.eldiario.net\\\/portal\\\/2023\\\/07\\\/12\\\/cbn-es-lider-del-ranking-merco-2023\\\/\",\"url\":\"https:\\\/\\\/www.eldiario.net\\\/portal\\\/2023\\\/07\\\/12\\\/cbn-es-lider-del-ranking-merco-2023\\\/\",\"name\":\"CBN es l\u00edder del ranking MERCO 2023 - El Diario - Bolivia\",\"isPartOf\":{\"@id\":\"https:\\\/\\\/www.eldiario.net\\\/portal\\\/#website\"},\"primaryImageOfPage\":{\"@id\":\"https:\\\/\\\/www.eldiario.net\\\/portal\\\/2023\\\/07\\\/12\\\/cbn-es-lider-del-ranking-merco-2023\\\/#primaryimage\"},\"image\":{\"@id\":\"https:\\\/\\\/www.eldiario.net\\\/portal\\\/2023\\\/07\\\/12\\\/cbn-es-lider-del-ranking-merco-2023\\\/#primaryimage\"},\"thumbnailUrl\":\"https:\\\/\\\/www.eldiario.net\\\/portal\\\/wp-content\\\/uploads\\\/2023\\\/07\\\/NOTA-5-FOTO-.jpeg\",\"datePublished\":\"2023-07-12T12:55:29+00:00\",\"breadcrumb\":{\"@id\":\"https:\\\/\\\/www.eldiario.net\\\/portal\\\/2023\\\/07\\\/12\\\/cbn-es-lider-del-ranking-merco-2023\\\/#breadcrumb\"},\"inLanguage\":\"es\",\"potentialAction\":[{\"@type\":\"ReadAction\",\"target\":[\"https:\\\/\\\/www.eldiario.net\\\/portal\\\/2023\\\/07\\\/12\\\/cbn-es-lider-del-ranking-merco-2023\\\/\"]}]},{\"@type\":\"ImageObject\",\"inLanguage\":\"es\",\"@id\":\"https:\\\/\\\/www.eldiario.net\\\/portal\\\/2023\\\/07\\\/12\\\/cbn-es-lider-del-ranking-merco-2023\\\/#primaryimage\",\"url\":\"https:\\\/\\\/www.eldiario.net\\\/portal\\\/wp-content\\\/uploads\\\/2023\\\/07\\\/NOTA-5-FOTO-.jpeg\",\"contentUrl\":\"https:\\\/\\\/www.eldiario.net\\\/portal\\\/wp-content\\\/uploads\\\/2023\\\/07\\\/NOTA-5-FOTO-.jpeg\",\"width\":1600,\"height\":1066,\"caption\":\"POR S\u00c9PTIMO A\u00d1O LA CBN OBTIENE EL PRIMER LUGAR COMO EMPRESA L\u00cdDER EN REPUTACI\u00d3N.\"},{\"@type\":\"BreadcrumbList\",\"@id\":\"https:\\\/\\\/www.eldiario.net\\\/portal\\\/2023\\\/07\\\/12\\\/cbn-es-lider-del-ranking-merco-2023\\\/#breadcrumb\",\"itemListElement\":[{\"@type\":\"ListItem\",\"position\":1,\"name\":\"Portada\",\"item\":\"https:\\\/\\\/www.eldiario.net\\\/portal\\\/\"},{\"@type\":\"ListItem\",\"position\":2,\"name\":\"CBN es l\u00edder del ranking MERCO 2023\"}]},{\"@type\":\"WebSite\",\"@id\":\"https:\\\/\\\/www.eldiario.net\\\/portal\\\/#website\",\"url\":\"https:\\\/\\\/www.eldiario.net\\\/portal\\\/\",\"name\":\"El Diario - Decano de la prensa nacional\",\"description\":\"El Diario - Decano de la prensa nacional\",\"publisher\":{\"@id\":\"https:\\\/\\\/www.eldiario.net\\\/portal\\\/#organization\"},\"potentialAction\":[{\"@type\":\"SearchAction\",\"target\":{\"@type\":\"EntryPoint\",\"urlTemplate\":\"https:\\\/\\\/www.eldiario.net\\\/portal\\\/?s={search_term_string}\"},\"query-input\":{\"@type\":\"PropertyValueSpecification\",\"valueRequired\":true,\"valueName\":\"search_term_string\"}}],\"inLanguage\":\"es\"},{\"@type\":\"Organization\",\"@id\":\"https:\\\/\\\/www.eldiario.net\\\/portal\\\/#organization\",\"name\":\"El Diario - Decano de la prensa nacional\",\"url\":\"https:\\\/\\\/www.eldiario.net\\\/portal\\\/\",\"logo\":{\"@type\":\"ImageObject\",\"inLanguage\":\"es\",\"@id\":\"https:\\\/\\\/www.eldiario.net\\\/portal\\\/#\\\/schema\\\/logo\\\/image\\\/\",\"url\":\"https:\\\/\\\/www.eldiario.net\\\/portal\\\/wp-content\\\/uploads\\\/2023\\\/07\\\/logo_ED.jpg\",\"contentUrl\":\"https:\\\/\\\/www.eldiario.net\\\/portal\\\/wp-content\\\/uploads\\\/2023\\\/07\\\/logo_ED.jpg\",\"width\":272,\"height\":52,\"caption\":\"El Diario - Decano de la prensa nacional\"},\"image\":{\"@id\":\"https:\\\/\\\/www.eldiario.net\\\/portal\\\/#\\\/schema\\\/logo\\\/image\\\/\"},\"sameAs\":[\"https:\\\/\\\/www.facebook.com\\\/eldiario.bolivia\\\/\",\"https:\\\/\\\/x.com\\\/eldiario_net\"]},{\"@type\":\"Person\",\"@id\":\"https:\\\/\\\/www.eldiario.net\\\/portal\\\/#\\\/schema\\\/person\\\/2c57cf2b7a7ae032e449e4c9b1019eac\",\"name\":\"Jeanette\",\"image\":{\"@type\":\"ImageObject\",\"inLanguage\":\"es\",\"@id\":\"https:\\\/\\\/secure.gravatar.com\\\/avatar\\\/3ea2118a5f7dad2b7138b1187a6b7ee55f160b9968b66013c3a3ef39dd7e5798?s=96&d=mm&r=g\",\"url\":\"https:\\\/\\\/secure.gravatar.com\\\/avatar\\\/3ea2118a5f7dad2b7138b1187a6b7ee55f160b9968b66013c3a3ef39dd7e5798?s=96&d=mm&r=g\",\"contentUrl\":\"https:\\\/\\\/secure.gravatar.com\\\/avatar\\\/3ea2118a5f7dad2b7138b1187a6b7ee55f160b9968b66013c3a3ef39dd7e5798?s=96&d=mm&r=g\",\"caption\":\"Jeanette\"},\"sameAs\":[\"https:\\\/\\\/www.eldiario.net\\\/portal\"],\"url\":\"https:\\\/\\\/www.eldiario.net\\\/portal\\\/author\\\/jeanette\\\/\"}]}<\/script>\n<!-- \/ Yoast SEO plugin. -->","yoast_head_json":{"title":"CBN es l\u00edder del ranking MERCO 2023 - El Diario - Bolivia","robots":{"index":"index","follow":"follow","max-snippet":"max-snippet:-1","max-image-preview":"max-image-preview:large","max-video-preview":"max-video-preview:-1"},"canonical":"https:\/\/www.eldiario.net\/portal\/2023\/07\/12\/cbn-es-lider-del-ranking-merco-2023\/","og_locale":"es_ES","og_type":"article","og_title":"CBN es l\u00edder del ranking MERCO 2023 - El Diario - Bolivia","og_description":"Por s\u00e9ptimo a\u00f1o, la Cervecer\u00eda Boliviana Nacional obtiene el primer lugar como empresa con mejor reputaci\u00f3n, de acuerdo con el Monitor Empresarial de Reputaci\u00f3n Corporativa (MERCO). Adem\u00e1s, lidera el sector de bebidas. \u201cEste resultado es una gratificante retribuci\u00f3n a la labor que venimos desarrollando, al compromiso y dedicaci\u00f3n que cada miembro de la compa\u00f1\u00eda le [&hellip;]","og_url":"https:\/\/www.eldiario.net\/portal\/2023\/07\/12\/cbn-es-lider-del-ranking-merco-2023\/","og_site_name":"El Diario - Bolivia","article_publisher":"https:\/\/www.facebook.com\/eldiario.bolivia\/","article_published_time":"2023-07-12T12:55:29+00:00","og_image":[{"width":1600,"height":1066,"url":"https:\/\/www.eldiario.net\/portal\/wp-content\/uploads\/2023\/07\/NOTA-5-FOTO-.jpeg","type":"image\/jpeg"}],"author":"Jeanette","twitter_card":"summary_large_image","twitter_creator":"@eldiario_net","twitter_site":"@eldiario_net","twitter_misc":{"Escrito por":"Jeanette","Tiempo de lectura":"2 minutos"},"schema":{"@context":"https:\/\/schema.org","@graph":[{"@type":"Article","@id":"https:\/\/www.eldiario.net\/portal\/2023\/07\/12\/cbn-es-lider-del-ranking-merco-2023\/#article","isPartOf":{"@id":"https:\/\/www.eldiario.net\/portal\/2023\/07\/12\/cbn-es-lider-del-ranking-merco-2023\/"},"author":{"name":"Jeanette","@id":"https:\/\/www.eldiario.net\/portal\/#\/schema\/person\/2c57cf2b7a7ae032e449e4c9b1019eac"},"headline":"CBN es l\u00edder del ranking MERCO 2023","datePublished":"2023-07-12T12:55:29+00:00","mainEntityOfPage":{"@id":"https:\/\/www.eldiario.net\/portal\/2023\/07\/12\/cbn-es-lider-del-ranking-merco-2023\/"},"wordCount":392,"publisher":{"@id":"https:\/\/www.eldiario.net\/portal\/#organization"},"image":{"@id":"https:\/\/www.eldiario.net\/portal\/2023\/07\/12\/cbn-es-lider-del-ranking-merco-2023\/#primaryimage"},"thumbnailUrl":"https:\/\/www.eldiario.net\/portal\/wp-content\/uploads\/2023\/07\/NOTA-5-FOTO-.jpeg","articleSection":["Femenina"],"inLanguage":"es"},{"@type":"WebPage","@id":"https:\/\/www.eldiario.net\/portal\/2023\/07\/12\/cbn-es-lider-del-ranking-merco-2023\/","url":"https:\/\/www.eldiario.net\/portal\/2023\/07\/12\/cbn-es-lider-del-ranking-merco-2023\/","name":"CBN es l\u00edder del ranking MERCO 2023 - El Diario - Bolivia","isPartOf":{"@id":"https:\/\/www.eldiario.net\/portal\/#website"},"primaryImageOfPage":{"@id":"https:\/\/www.eldiario.net\/portal\/2023\/07\/12\/cbn-es-lider-del-ranking-merco-2023\/#primaryimage"},"image":{"@id":"https:\/\/www.eldiario.net\/portal\/2023\/07\/12\/cbn-es-lider-del-ranking-merco-2023\/#primaryimage"},"thumbnailUrl":"https:\/\/www.eldiario.net\/portal\/wp-content\/uploads\/2023\/07\/NOTA-5-FOTO-.jpeg","datePublished":"2023-07-12T12:55:29+00:00","breadcrumb":{"@id":"https:\/\/www.eldiario.net\/portal\/2023\/07\/12\/cbn-es-lider-del-ranking-merco-2023\/#breadcrumb"},"inLanguage":"es","potentialAction":[{"@type":"ReadAction","target":["https:\/\/www.eldiario.net\/portal\/2023\/07\/12\/cbn-es-lider-del-ranking-merco-2023\/"]}]},{"@type":"ImageObject","inLanguage":"es","@id":"https:\/\/www.eldiario.net\/portal\/2023\/07\/12\/cbn-es-lider-del-ranking-merco-2023\/#primaryimage","url":"https:\/\/www.eldiario.net\/portal\/wp-content\/uploads\/2023\/07\/NOTA-5-FOTO-.jpeg","contentUrl":"https:\/\/www.eldiario.net\/portal\/wp-content\/uploads\/2023\/07\/NOTA-5-FOTO-.jpeg","width":1600,"height":1066,"caption":"POR S\u00c9PTIMO A\u00d1O LA CBN OBTIENE EL PRIMER LUGAR COMO EMPRESA L\u00cdDER EN REPUTACI\u00d3N."},{"@type":"BreadcrumbList","@id":"https:\/\/www.eldiario.net\/portal\/2023\/07\/12\/cbn-es-lider-del-ranking-merco-2023\/#breadcrumb","itemListElement":[{"@type":"ListItem","position":1,"name":"Portada","item":"https:\/\/www.eldiario.net\/portal\/"},{"@type":"ListItem","position":2,"name":"CBN es l\u00edder del ranking MERCO 2023"}]},{"@type":"WebSite","@id":"https:\/\/www.eldiario.net\/portal\/#website","url":"https:\/\/www.eldiario.net\/portal\/","name":"El Diario - Decano de la prensa nacional","description":"El Diario - Decano de la prensa nacional","publisher":{"@id":"https:\/\/www.eldiario.net\/portal\/#organization"},"potentialAction":[{"@type":"SearchAction","target":{"@type":"EntryPoint","urlTemplate":"https:\/\/www.eldiario.net\/portal\/?s={search_term_string}"},"query-input":{"@type":"PropertyValueSpecification","valueRequired":true,"valueName":"search_term_string"}}],"inLanguage":"es"},{"@type":"Organization","@id":"https:\/\/www.eldiario.net\/portal\/#organization","name":"El Diario - Decano de la prensa nacional","url":"https:\/\/www.eldiario.net\/portal\/","logo":{"@type":"ImageObject","inLanguage":"es","@id":"https:\/\/www.eldiario.net\/portal\/#\/schema\/logo\/image\/","url":"https:\/\/www.eldiario.net\/portal\/wp-content\/uploads\/2023\/07\/logo_ED.jpg","contentUrl":"https:\/\/www.eldiario.net\/portal\/wp-content\/uploads\/2023\/07\/logo_ED.jpg","width":272,"height":52,"caption":"El Diario - Decano de la prensa nacional"},"image":{"@id":"https:\/\/www.eldiario.net\/portal\/#\/schema\/logo\/image\/"},"sameAs":["https:\/\/www.facebook.com\/eldiario.bolivia\/","https:\/\/x.com\/eldiario_net"]},{"@type":"Person","@id":"https:\/\/www.eldiario.net\/portal\/#\/schema\/person\/2c57cf2b7a7ae032e449e4c9b1019eac","name":"Jeanette","image":{"@type":"ImageObject","inLanguage":"es","@id":"https:\/\/secure.gravatar.com\/avatar\/3ea2118a5f7dad2b7138b1187a6b7ee55f160b9968b66013c3a3ef39dd7e5798?s=96&d=mm&r=g","url":"https:\/\/secure.gravatar.com\/avatar\/3ea2118a5f7dad2b7138b1187a6b7ee55f160b9968b66013c3a3ef39dd7e5798?s=96&d=mm&r=g","contentUrl":"https:\/\/secure.gravatar.com\/avatar\/3ea2118a5f7dad2b7138b1187a6b7ee55f160b9968b66013c3a3ef39dd7e5798?s=96&d=mm&r=g","caption":"Jeanette"},"sameAs":["https:\/\/www.eldiario.net\/portal"],"url":"https:\/\/www.eldiario.net\/portal\/author\/jeanette\/"}]}},"_links":{"self":[{"href":"https:\/\/www.eldiario.net\/portal\/wp-json\/wp\/v2\/posts\/165093","targetHints":{"allow":["GET"]}}],"collection":[{"href":"https:\/\/www.eldiario.net\/portal\/wp-json\/wp\/v2\/posts"}],"about":[{"href":"https:\/\/www.eldiario.net\/portal\/wp-json\/wp\/v2\/types\/post"}],"author":[{"embeddable":true,"href":"https:\/\/www.eldiario.net\/portal\/wp-json\/wp\/v2\/users\/1"}],"replies":[{"embeddable":true,"href":"https:\/\/www.eldiario.net\/portal\/wp-json\/wp\/v2\/comments?post=165093"}],"version-history":[{"count":0,"href":"https:\/\/www.eldiario.net\/portal\/wp-json\/wp\/v2\/posts\/165093\/revisions"}],"wp:featuredmedia":[{"embeddable":true,"href":"https:\/\/www.eldiario.net\/portal\/wp-json\/wp\/v2\/media\/165094"}],"wp:attachment":[{"href":"https:\/\/www.eldiario.net\/portal\/wp-json\/wp\/v2\/media?parent=165093"}],"wp:term":[{"taxonomy":"category","embeddable":true,"href":"https:\/\/www.eldiario.net\/portal\/wp-json\/wp\/v2\/categories?post=165093"},{"taxonomy":"post_tag","embeddable":true,"href":"https:\/\/www.eldiario.net\/portal\/wp-json\/wp\/v2\/tags?post=165093"}],"curies":[{"name":"wp","href":"https:\/\/api.w.org\/{rel}","templated":true}]}}