{"id":165084,"date":"2023-07-12T08:52:24","date_gmt":"2023-07-12T12:52:24","guid":{"rendered":"https:\/\/www.eldiario.net\/portal\/?p=165084"},"modified":"2023-07-12T08:52:24","modified_gmt":"2023-07-12T12:52:24","slug":"rosa-rios-y-agar-delos-representaron-brillantemente-a-la-chola-pacena","status":"publish","type":"post","link":"https:\/\/www.eldiario.net\/portal\/2023\/07\/12\/rosa-rios-y-agar-delos-representaron-brillantemente-a-la-chola-pacena\/","title":{"rendered":"Rosa R\u00edos y Agar Del\u00f3s representaron brillantemente a la chola pace\u00f1a"},"content":{"rendered":"<p>Las personas no mueren mientras no las olvidemos y eso queremos testimoniar hoy al recordar a dos grandes y queridas actrices pace\u00f1as que representaron brillantemente a la chola pace\u00f1a. Hablamos de Rosita R\u00edos y Agar Del\u00f3s, quienes lamentablemente fallecieron, pero nos dejaron como legado sus excelentes interpretaciones, en el escenario, de la chola pace\u00f1a, uno de los personajes emblem\u00e1ticos de La Paz.<\/p>\n<p>A d\u00edas de celebrar los 214 a\u00f1os del Grito Libertario de La Paz, qu\u00e9 mejor que destacar la trayectoria de estas maestras de la actuaci\u00f3n, quienes en las diversas entrevistas publicadas en los suplementos Tu Gu\u00eda y La Gu\u00eda del peri\u00f3dico EL DIARIO siempre resaltaron lo importante que era representar a la chola pace\u00f1a.<\/p>\n<p><strong>\u00a0<\/strong><\/p>\n<p><strong>ROSA R\u00cdOS<\/strong><\/p>\n<p>Rosita R\u00edos Valdivia naci\u00f3 en La Paz el 17 de abril de 1935 y falleci\u00f3 el 19 de agosto de 2018. No solo fue un \u00edcono del teatro boliviano y una actriz que personif\u00edc\u00f3 con todo sentimiento a la chola pace\u00f1a, sino que fue, sobre todo, una dama en toda la extensi\u00f3n de la palabra.<\/p>\n<p>El primer papel que Rosita hizo fue precisamente el de una sanguchera en la obra <em>La calle del pecado<\/em>, <em>Condehuyo<\/em>, en septiembre de 1971, al lado de Ra\u00fal Salm\u00f3n de la Barra y Tito Landa, a quienes la actriz siempre recordaba con mucho cari\u00f1o, seg\u00fan afirm\u00f3 al entonces suplemento Tu Gu\u00eda.<\/p>\n<p><strong>TG: \u00bfEl papel de chola es el que m\u00e1s ha marcado su carrera teatral?<\/strong><\/p>\n<p>R: Bueno, empec\u00e9 con ese papel y creo que es con el que me he identificado en todos estos a\u00f1os, porque la se\u00f1ora de pollera tiene un sufrimiento que a veces nosotros no lo entendemos. La se\u00f1ora de vestido se pinta, se arregla a fin de que las amistades nada le digan. En cambio, una se\u00f1ora de pollera no sabemos qu\u00e9 es lo que lleva bajo el sombrero y la manta. Yo he visto en muchos casos que era discriminada, pero no entendemos sus preocupaciones, porque las disimula. Rara es la se\u00f1ora de pollera que diga: \u201c\u00a1Yo he hecho eso, a m\u00ed me ha pasado esto o estoy pasando esto!\u201d. Entonces se las aguanta y \u201cse las chupa\u201d, como se dice vulgarmente.<\/p>\n<p><strong>TG: \u00bfQu\u00e9 ha significado para Rosa R\u00edos personificar a la chola pace\u00f1a?<\/strong><\/p>\n<p>R: En lo personal aprender mucho, es algo que a m\u00ed me gusta. Hacer el papel de una dama, con trajes largos y andar de puntitas como me hizo hacer (la actriz y directora) Nin\u00f3n D\u00e1valos y otra directora, no es lo mismo que asumir el papel de una mujer de pollera, donde s\u00ed me deshago, hablo de todo lo que una tiene que hablar.<\/p>\n<p><strong>TG: En tantos a\u00f1os de carrera, \u00bfqu\u00e9 le ha dado el teatro?<\/strong><\/p>\n<p>R: Muchas satisfacciones, muchos aplausos y el amor y el reconocimiento de la gente.<\/p>\n<p><strong>LG: Si tendr\u00eda que ser otra actriz, \u00bfqui\u00e9n ser\u00eda?<\/strong><\/p>\n<p>R: Ser\u00eda una cholita, me gusta mucho ese personaje, que empec\u00e9 a interpretarlo con don Ra\u00fal Salm\u00f3n, pero no dejar\u00eda de ser Rosa R\u00edos.<\/p>\n<p>&nbsp;<\/p>\n<p><strong>AGAR DEL\u00d3S<\/strong><\/p>\n<p>Agar Del\u00f3s naci\u00f3 en La Paz el 24 de marzo de 1937 y muri\u00f3 el 9 de junio de 2019. La buena madera de la que estaba hecha fue percibida por el director Ra\u00fal Salm\u00f3n de la Barra cuando la descubri\u00f3 en 1953 y con quien debut\u00f3 con el personaje de cholita en la obra <em>Los hijos del alcohol.<\/em><\/p>\n<p>\u201cEn esa obra hice el papel de una cholita y don Ra\u00fal me dijo: Hijita, eres todav\u00eda una ni\u00f1a, pero tu f\u00edsico va a ayudar. Aqu\u00ed, en el teatro, crecemos, envejecemos, rejuvenecemos y muchas veces morimos, as\u00ed que vas a estar bien porque yo quiero que t\u00fa de hoy en adelante siempre est\u00e9s en mis obras\u201d, recordaba la talentosa actriz a Tu Gu\u00eda de EL DIARIO.<\/p>\n<p>Desde ese momento el teatro le dio la oportunidad de elevar la autoestima de la mujer de pollera. \u201cSiempre dije que ella puede llegar a ocupar un sitial especial en la sociedad\u201d, afirmaba.<\/p>\n<p><strong>TG: \u00bfQu\u00e9 tipo de actriz es Agar Del\u00f3s?<\/strong><\/p>\n<p>A: Soy una actriz que puede interpretar cualquier rol, aunque la mayor parte de mi carrera he personificado a la chola pace\u00f1a.<\/p>\n<p><strong>TG: \u00bfQu\u00e9 le ha dejado representar a la chola pace\u00f1a?<\/strong><\/p>\n<p>A: Bueno, la chola, al igual que una reina, una princesa, es tambi\u00e9n un ser humano con sentimientos, que sufre y r\u00ede cuando tiene problemas y que disfruta cuando algo llena su vida de alegr\u00eda. Solo le falta capacitarse, es un ser fuerte, luchador, emprendedor, ejemplo de trabajo.<\/p>\n<p><strong>TG: \u00bfQu\u00e9 personaje marc\u00f3 su carrera?<\/strong><\/p>\n<p>A: Uno que recuerdo es cuando hice de la madre de Zambo Salvito en 1968, bajo la direcci\u00f3n de Juan Carlos Bassi, quien le dio mucha fuerza a este personaje. Ah\u00ed realmente agot\u00e9 el f\u00edsico. La obra fue un gran \u00e9xito, pues estuvimos dos meses y m\u00e1s en cartelera y viajamos por el interior.<\/p>\n<p><strong>TG: \u00bfSu fisonom\u00eda le ayud\u00f3 a interpretar a algunos personajes?<\/strong><\/p>\n<p>A: Puede ser, pero al margen del f\u00edsico, en mi participaci\u00f3n en la pel\u00edcula <em>Escr\u00edbeme Postales a Copacabana<\/em>, por ejemplo, lo que m\u00e1s le impresion\u00f3 al director, Thomas Krontaler, fue mi fuerza interpretativa.<\/p>\n<p><strong>LG: \u00bfCu\u00e1l fue el secreto de su \u00e9xito?<\/strong><\/p>\n<p>A: Aprender, aprender y ser humilde. Para ser una buena actriz se necesita amar este arte y respetarlo, sobre todo.<\/p>\n<p><strong>LG: \u00bfQu\u00e9 le ha dado el teatro?<\/strong><\/p>\n<p>A: Muchas satisfacciones. Me ha llevado a la televisi\u00f3n inicialmente y despu\u00e9s al cine. Realmente me siento feliz. Tambi\u00e9n me dio la oportunidad de elevar la autoestima de la mujer de pollera. Siempre dije que ella puede llegar a ocupar un sitial especial en la sociedad.<\/p>\n<p><strong>LG: \u00bfQu\u00e9 le dej\u00f3 Escr\u00edbeme Postales a Copacabana, donde hizo su primer papel protag\u00f3nico en el cine dando vida a Elena?<\/strong><\/p>\n<p>A: El valorar lo nuestro, lo que tenemos, de mostrar esa fuerza que tiene nuestra raza, nuestra cultura y tambi\u00e9n el demostrar que en Bolivia hay grandes valores en la parte actoral y t\u00e9cnica, tenemos grandes profesionales.<\/p>\n<div id='gallery-1' class='gallery galleryid-165084 gallery-columns-3 gallery-size-medium'><figure class='gallery-item'>\n\t\t\t<div class='gallery-icon portrait'>\n\t\t\t\t<a href='https:\/\/www.eldiario.net\/portal\/2023\/07\/12\/rosa-rios-y-agar-delos-representaron-brillantemente-a-la-chola-pacena\/agar-2\/'><img loading=\"lazy\" decoding=\"async\" width=\"216\" height=\"300\" src=\"https:\/\/www.eldiario.net\/portal\/wp-content\/uploads\/2023\/07\/Agar-2-216x300.jpg\" class=\"attachment-medium size-medium\" alt=\"\" srcset=\"https:\/\/www.eldiario.net\/portal\/wp-content\/uploads\/2023\/07\/Agar-2-216x300.jpg 216w, https:\/\/www.eldiario.net\/portal\/wp-content\/uploads\/2023\/07\/Agar-2-738x1024.jpg 738w, https:\/\/www.eldiario.net\/portal\/wp-content\/uploads\/2023\/07\/Agar-2-768x1065.jpg 768w, https:\/\/www.eldiario.net\/portal\/wp-content\/uploads\/2023\/07\/Agar-2-1107x1536.jpg 1107w, https:\/\/www.eldiario.net\/portal\/wp-content\/uploads\/2023\/07\/Agar-2-696x965.jpg 696w, https:\/\/www.eldiario.net\/portal\/wp-content\/uploads\/2023\/07\/Agar-2-1068x1481.jpg 1068w, https:\/\/www.eldiario.net\/portal\/wp-content\/uploads\/2023\/07\/Agar-2.jpg 1152w\" sizes=\"auto, (max-width: 216px) 100vw, 216px\" \/><\/a>\n\t\t\t<\/div><\/figure><figure class='gallery-item'>\n\t\t\t<div class='gallery-icon portrait'>\n\t\t\t\t<a href='https:\/\/www.eldiario.net\/portal\/2023\/07\/12\/rosa-rios-y-agar-delos-representaron-brillantemente-a-la-chola-pacena\/agar-3\/'><img loading=\"lazy\" decoding=\"async\" width=\"225\" height=\"300\" src=\"https:\/\/www.eldiario.net\/portal\/wp-content\/uploads\/2023\/07\/Agar-3-scaled-1-225x300.jpg\" class=\"attachment-medium size-medium\" alt=\"\" srcset=\"https:\/\/www.eldiario.net\/portal\/wp-content\/uploads\/2023\/07\/Agar-3-scaled-1-225x300.jpg 225w, https:\/\/www.eldiario.net\/portal\/wp-content\/uploads\/2023\/07\/Agar-3-scaled-1-768x1024.jpg 768w, https:\/\/www.eldiario.net\/portal\/wp-content\/uploads\/2023\/07\/Agar-3-scaled-1-1152x1536.jpg 1152w, https:\/\/www.eldiario.net\/portal\/wp-content\/uploads\/2023\/07\/Agar-3-scaled-1-1536x2048.jpg 1536w, https:\/\/www.eldiario.net\/portal\/wp-content\/uploads\/2023\/07\/Agar-3-scaled-1-696x928.jpg 696w, https:\/\/www.eldiario.net\/portal\/wp-content\/uploads\/2023\/07\/Agar-3-scaled-1-1068x1424.jpg 1068w, https:\/\/www.eldiario.net\/portal\/wp-content\/uploads\/2023\/07\/Agar-3-scaled-1.jpg 1920w\" sizes=\"auto, (max-width: 225px) 100vw, 225px\" \/><\/a>\n\t\t\t<\/div><\/figure><figure class='gallery-item'>\n\t\t\t<div class='gallery-icon landscape'>\n\t\t\t\t<a href='https:\/\/www.eldiario.net\/portal\/2023\/07\/12\/rosa-rios-y-agar-delos-representaron-brillantemente-a-la-chola-pacena\/rosa-y-agar-1principal\/'><img loading=\"lazy\" decoding=\"async\" width=\"300\" height=\"184\" src=\"https:\/\/www.eldiario.net\/portal\/wp-content\/uploads\/2023\/07\/Rosa-y-Agar-1PRINCIPAL-scaled-1-300x184.jpg\" class=\"attachment-medium size-medium\" alt=\"\" srcset=\"https:\/\/www.eldiario.net\/portal\/wp-content\/uploads\/2023\/07\/Rosa-y-Agar-1PRINCIPAL-scaled-1-300x184.jpg 300w, https:\/\/www.eldiario.net\/portal\/wp-content\/uploads\/2023\/07\/Rosa-y-Agar-1PRINCIPAL-scaled-1-1024x629.jpg 1024w, https:\/\/www.eldiario.net\/portal\/wp-content\/uploads\/2023\/07\/Rosa-y-Agar-1PRINCIPAL-scaled-1-768x472.jpg 768w, https:\/\/www.eldiario.net\/portal\/wp-content\/uploads\/2023\/07\/Rosa-y-Agar-1PRINCIPAL-scaled-1-1536x943.jpg 1536w, https:\/\/www.eldiario.net\/portal\/wp-content\/uploads\/2023\/07\/Rosa-y-Agar-1PRINCIPAL-scaled-1-2048x1258.jpg 2048w, https:\/\/www.eldiario.net\/portal\/wp-content\/uploads\/2023\/07\/Rosa-y-Agar-1PRINCIPAL-scaled-1-696x427.jpg 696w, https:\/\/www.eldiario.net\/portal\/wp-content\/uploads\/2023\/07\/Rosa-y-Agar-1PRINCIPAL-scaled-1-1068x656.jpg 1068w, https:\/\/www.eldiario.net\/portal\/wp-content\/uploads\/2023\/07\/Rosa-y-Agar-1PRINCIPAL-scaled-1-1920x1179.jpg 1920w\" sizes=\"auto, (max-width: 300px) 100vw, 300px\" \/><\/a>\n\t\t\t<\/div><\/figure><figure class='gallery-item'>\n\t\t\t<div class='gallery-icon portrait'>\n\t\t\t\t<a href='https:\/\/www.eldiario.net\/portal\/2023\/07\/12\/rosa-rios-y-agar-delos-representaron-brillantemente-a-la-chola-pacena\/rosita-2-foto-museo-rosita-rios\/'><img loading=\"lazy\" decoding=\"async\" width=\"205\" height=\"206\" src=\"https:\/\/www.eldiario.net\/portal\/wp-content\/uploads\/2023\/07\/rosita-2-Foto-Museo-Rosita-Rios.jpg\" class=\"attachment-medium size-medium\" alt=\"\" srcset=\"https:\/\/www.eldiario.net\/portal\/wp-content\/uploads\/2023\/07\/rosita-2-Foto-Museo-Rosita-Rios.jpg 205w, https:\/\/www.eldiario.net\/portal\/wp-content\/uploads\/2023\/07\/rosita-2-Foto-Museo-Rosita-Rios-150x150.jpg 150w\" sizes=\"auto, (max-width: 205px) 100vw, 205px\" \/><\/a>\n\t\t\t<\/div><\/figure><figure class='gallery-item'>\n\t\t\t<div class='gallery-icon portrait'>\n\t\t\t\t<a href='https:\/\/www.eldiario.net\/portal\/2023\/07\/12\/rosa-rios-y-agar-delos-representaron-brillantemente-a-la-chola-pacena\/rosita-3\/'><img loading=\"lazy\" decoding=\"async\" width=\"211\" height=\"300\" src=\"https:\/\/www.eldiario.net\/portal\/wp-content\/uploads\/2023\/07\/Rosita-3-211x300.jpg\" class=\"attachment-medium size-medium\" alt=\"\" srcset=\"https:\/\/www.eldiario.net\/portal\/wp-content\/uploads\/2023\/07\/Rosita-3-211x300.jpg 211w, https:\/\/www.eldiario.net\/portal\/wp-content\/uploads\/2023\/07\/Rosita-3-719x1024.jpg 719w, https:\/\/www.eldiario.net\/portal\/wp-content\/uploads\/2023\/07\/Rosita-3-768x1094.jpg 768w, https:\/\/www.eldiario.net\/portal\/wp-content\/uploads\/2023\/07\/Rosita-3-696x992.jpg 696w, https:\/\/www.eldiario.net\/portal\/wp-content\/uploads\/2023\/07\/Rosita-3.jpg 1001w\" sizes=\"auto, (max-width: 211px) 100vw, 211px\" \/><\/a>\n\t\t\t<\/div><\/figure>\n\t\t<\/div>\n\n","protected":false},"excerpt":{"rendered":"<p>Las personas no mueren mientras no las olvidemos y eso queremos testimoniar hoy al recordar a dos grandes y queridas actrices pace\u00f1as que representaron brillantemente a la chola pace\u00f1a. Hablamos de Rosita R\u00edos y Agar Del\u00f3s, quienes lamentablemente fallecieron, pero nos dejaron como legado sus excelentes interpretaciones, en el escenario, de la chola pace\u00f1a, uno [&hellip;]<\/p>\n","protected":false},"author":1,"featured_media":165087,"comment_status":"closed","ping_status":"open","sticky":false,"template":"","format":"standard","meta":{"_acf_changed":false,"footnotes":""},"categories":[41],"tags":[],"class_list":["post-165084","post","type-post","status-publish","format-standard","has-post-thumbnail","category-la-guia"],"acf":{"antetitulo":""},"yoast_head":"<!-- This site is optimized with the Yoast SEO plugin v28.4 - https:\/\/yoast.com\/product\/yoast-seo-wordpress\/ -->\n<title>Rosa R\u00edos y Agar Del\u00f3s representaron brillantemente a la chola pace\u00f1a - El Diario - Bolivia<\/title>\n<meta name=\"robots\" content=\"index, follow, max-snippet:-1, max-image-preview:large, max-video-preview:-1\" \/>\n<link rel=\"canonical\" href=\"https:\/\/www.eldiario.net\/portal\/2023\/07\/12\/rosa-rios-y-agar-delos-representaron-brillantemente-a-la-chola-pacena\/\" \/>\n<meta property=\"og:locale\" content=\"es_ES\" \/>\n<meta property=\"og:type\" content=\"article\" \/>\n<meta property=\"og:title\" content=\"Rosa R\u00edos y Agar Del\u00f3s representaron brillantemente a la chola pace\u00f1a - El Diario - Bolivia\" \/>\n<meta property=\"og:description\" content=\"Las personas no mueren mientras no las olvidemos y eso queremos testimoniar hoy al recordar a dos grandes y queridas actrices pace\u00f1as que representaron brillantemente a la chola pace\u00f1a. Hablamos de Rosita R\u00edos y Agar Del\u00f3s, quienes lamentablemente fallecieron, pero nos dejaron como legado sus excelentes interpretaciones, en el escenario, de la chola pace\u00f1a, uno [&hellip;]\" \/>\n<meta property=\"og:url\" content=\"https:\/\/www.eldiario.net\/portal\/2023\/07\/12\/rosa-rios-y-agar-delos-representaron-brillantemente-a-la-chola-pacena\/\" \/>\n<meta property=\"og:site_name\" content=\"El Diario - Bolivia\" \/>\n<meta property=\"article:publisher\" content=\"https:\/\/www.facebook.com\/eldiario.bolivia\/\" \/>\n<meta property=\"article:published_time\" content=\"2023-07-12T12:52:24+00:00\" \/>\n<meta property=\"og:image\" content=\"https:\/\/www.eldiario.net\/portal\/wp-content\/uploads\/2023\/07\/Rosa-y-Agar-1PRINCIPAL-scaled-1.jpg\" \/>\n\t<meta property=\"og:image:width\" content=\"2560\" \/>\n\t<meta property=\"og:image:height\" content=\"1572\" \/>\n\t<meta property=\"og:image:type\" content=\"image\/jpeg\" \/>\n<meta name=\"author\" content=\"Jeanette\" \/>\n<meta name=\"twitter:card\" content=\"summary_large_image\" \/>\n<meta name=\"twitter:creator\" content=\"@eldiario_net\" \/>\n<meta name=\"twitter:site\" content=\"@eldiario_net\" \/>\n<meta name=\"twitter:label1\" content=\"Escrito por\" \/>\n\t<meta name=\"twitter:data1\" content=\"Jeanette\" \/>\n\t<meta name=\"twitter:label2\" content=\"Tiempo de lectura\" \/>\n\t<meta name=\"twitter:data2\" content=\"5 minutos\" \/>\n<script type=\"application\/ld+json\" class=\"yoast-schema-graph\">{\"@context\":\"https:\\\/\\\/schema.org\",\"@graph\":[{\"@type\":\"Article\",\"@id\":\"https:\\\/\\\/www.eldiario.net\\\/portal\\\/2023\\\/07\\\/12\\\/rosa-rios-y-agar-delos-representaron-brillantemente-a-la-chola-pacena\\\/#article\",\"isPartOf\":{\"@id\":\"https:\\\/\\\/www.eldiario.net\\\/portal\\\/2023\\\/07\\\/12\\\/rosa-rios-y-agar-delos-representaron-brillantemente-a-la-chola-pacena\\\/\"},\"author\":{\"name\":\"Jeanette\",\"@id\":\"https:\\\/\\\/www.eldiario.net\\\/portal\\\/#\\\/schema\\\/person\\\/2c57cf2b7a7ae032e449e4c9b1019eac\"},\"headline\":\"Rosa R\u00edos y Agar Del\u00f3s representaron brillantemente a la chola pace\u00f1a\",\"datePublished\":\"2023-07-12T12:52:24+00:00\",\"mainEntityOfPage\":{\"@id\":\"https:\\\/\\\/www.eldiario.net\\\/portal\\\/2023\\\/07\\\/12\\\/rosa-rios-y-agar-delos-representaron-brillantemente-a-la-chola-pacena\\\/\"},\"wordCount\":1068,\"publisher\":{\"@id\":\"https:\\\/\\\/www.eldiario.net\\\/portal\\\/#organization\"},\"image\":{\"@id\":\"https:\\\/\\\/www.eldiario.net\\\/portal\\\/2023\\\/07\\\/12\\\/rosa-rios-y-agar-delos-representaron-brillantemente-a-la-chola-pacena\\\/#primaryimage\"},\"thumbnailUrl\":\"https:\\\/\\\/www.eldiario.net\\\/portal\\\/wp-content\\\/uploads\\\/2023\\\/07\\\/Rosa-y-Agar-1PRINCIPAL-scaled-1.jpg\",\"articleSection\":[\"La Gu\u00eda\"],\"inLanguage\":\"es\"},{\"@type\":\"WebPage\",\"@id\":\"https:\\\/\\\/www.eldiario.net\\\/portal\\\/2023\\\/07\\\/12\\\/rosa-rios-y-agar-delos-representaron-brillantemente-a-la-chola-pacena\\\/\",\"url\":\"https:\\\/\\\/www.eldiario.net\\\/portal\\\/2023\\\/07\\\/12\\\/rosa-rios-y-agar-delos-representaron-brillantemente-a-la-chola-pacena\\\/\",\"name\":\"Rosa R\u00edos y Agar Del\u00f3s representaron brillantemente a la chola pace\u00f1a - El Diario - Bolivia\",\"isPartOf\":{\"@id\":\"https:\\\/\\\/www.eldiario.net\\\/portal\\\/#website\"},\"primaryImageOfPage\":{\"@id\":\"https:\\\/\\\/www.eldiario.net\\\/portal\\\/2023\\\/07\\\/12\\\/rosa-rios-y-agar-delos-representaron-brillantemente-a-la-chola-pacena\\\/#primaryimage\"},\"image\":{\"@id\":\"https:\\\/\\\/www.eldiario.net\\\/portal\\\/2023\\\/07\\\/12\\\/rosa-rios-y-agar-delos-representaron-brillantemente-a-la-chola-pacena\\\/#primaryimage\"},\"thumbnailUrl\":\"https:\\\/\\\/www.eldiario.net\\\/portal\\\/wp-content\\\/uploads\\\/2023\\\/07\\\/Rosa-y-Agar-1PRINCIPAL-scaled-1.jpg\",\"datePublished\":\"2023-07-12T12:52:24+00:00\",\"breadcrumb\":{\"@id\":\"https:\\\/\\\/www.eldiario.net\\\/portal\\\/2023\\\/07\\\/12\\\/rosa-rios-y-agar-delos-representaron-brillantemente-a-la-chola-pacena\\\/#breadcrumb\"},\"inLanguage\":\"es\",\"potentialAction\":[{\"@type\":\"ReadAction\",\"target\":[\"https:\\\/\\\/www.eldiario.net\\\/portal\\\/2023\\\/07\\\/12\\\/rosa-rios-y-agar-delos-representaron-brillantemente-a-la-chola-pacena\\\/\"]}]},{\"@type\":\"ImageObject\",\"inLanguage\":\"es\",\"@id\":\"https:\\\/\\\/www.eldiario.net\\\/portal\\\/2023\\\/07\\\/12\\\/rosa-rios-y-agar-delos-representaron-brillantemente-a-la-chola-pacena\\\/#primaryimage\",\"url\":\"https:\\\/\\\/www.eldiario.net\\\/portal\\\/wp-content\\\/uploads\\\/2023\\\/07\\\/Rosa-y-Agar-1PRINCIPAL-scaled-1.jpg\",\"contentUrl\":\"https:\\\/\\\/www.eldiario.net\\\/portal\\\/wp-content\\\/uploads\\\/2023\\\/07\\\/Rosa-y-Agar-1PRINCIPAL-scaled-1.jpg\",\"width\":2560,\"height\":1572},{\"@type\":\"BreadcrumbList\",\"@id\":\"https:\\\/\\\/www.eldiario.net\\\/portal\\\/2023\\\/07\\\/12\\\/rosa-rios-y-agar-delos-representaron-brillantemente-a-la-chola-pacena\\\/#breadcrumb\",\"itemListElement\":[{\"@type\":\"ListItem\",\"position\":1,\"name\":\"Portada\",\"item\":\"https:\\\/\\\/www.eldiario.net\\\/portal\\\/\"},{\"@type\":\"ListItem\",\"position\":2,\"name\":\"Rosa R\u00edos y Agar Del\u00f3s representaron brillantemente a la chola pace\u00f1a\"}]},{\"@type\":\"WebSite\",\"@id\":\"https:\\\/\\\/www.eldiario.net\\\/portal\\\/#website\",\"url\":\"https:\\\/\\\/www.eldiario.net\\\/portal\\\/\",\"name\":\"El Diario - Decano de la prensa nacional\",\"description\":\"El Diario - Decano de la prensa nacional\",\"publisher\":{\"@id\":\"https:\\\/\\\/www.eldiario.net\\\/portal\\\/#organization\"},\"potentialAction\":[{\"@type\":\"SearchAction\",\"target\":{\"@type\":\"EntryPoint\",\"urlTemplate\":\"https:\\\/\\\/www.eldiario.net\\\/portal\\\/?s={search_term_string}\"},\"query-input\":{\"@type\":\"PropertyValueSpecification\",\"valueRequired\":true,\"valueName\":\"search_term_string\"}}],\"inLanguage\":\"es\"},{\"@type\":\"Organization\",\"@id\":\"https:\\\/\\\/www.eldiario.net\\\/portal\\\/#organization\",\"name\":\"El Diario - Decano de la prensa nacional\",\"url\":\"https:\\\/\\\/www.eldiario.net\\\/portal\\\/\",\"logo\":{\"@type\":\"ImageObject\",\"inLanguage\":\"es\",\"@id\":\"https:\\\/\\\/www.eldiario.net\\\/portal\\\/#\\\/schema\\\/logo\\\/image\\\/\",\"url\":\"https:\\\/\\\/www.eldiario.net\\\/portal\\\/wp-content\\\/uploads\\\/2023\\\/07\\\/logo_ED.jpg\",\"contentUrl\":\"https:\\\/\\\/www.eldiario.net\\\/portal\\\/wp-content\\\/uploads\\\/2023\\\/07\\\/logo_ED.jpg\",\"width\":272,\"height\":52,\"caption\":\"El Diario - Decano de la prensa nacional\"},\"image\":{\"@id\":\"https:\\\/\\\/www.eldiario.net\\\/portal\\\/#\\\/schema\\\/logo\\\/image\\\/\"},\"sameAs\":[\"https:\\\/\\\/www.facebook.com\\\/eldiario.bolivia\\\/\",\"https:\\\/\\\/x.com\\\/eldiario_net\"]},{\"@type\":\"Person\",\"@id\":\"https:\\\/\\\/www.eldiario.net\\\/portal\\\/#\\\/schema\\\/person\\\/2c57cf2b7a7ae032e449e4c9b1019eac\",\"name\":\"Jeanette\",\"image\":{\"@type\":\"ImageObject\",\"inLanguage\":\"es\",\"@id\":\"https:\\\/\\\/secure.gravatar.com\\\/avatar\\\/3ea2118a5f7dad2b7138b1187a6b7ee55f160b9968b66013c3a3ef39dd7e5798?s=96&d=mm&r=g\",\"url\":\"https:\\\/\\\/secure.gravatar.com\\\/avatar\\\/3ea2118a5f7dad2b7138b1187a6b7ee55f160b9968b66013c3a3ef39dd7e5798?s=96&d=mm&r=g\",\"contentUrl\":\"https:\\\/\\\/secure.gravatar.com\\\/avatar\\\/3ea2118a5f7dad2b7138b1187a6b7ee55f160b9968b66013c3a3ef39dd7e5798?s=96&d=mm&r=g\",\"caption\":\"Jeanette\"},\"sameAs\":[\"https:\\\/\\\/www.eldiario.net\\\/portal\"],\"url\":\"https:\\\/\\\/www.eldiario.net\\\/portal\\\/author\\\/jeanette\\\/\"}]}<\/script>\n<!-- \/ Yoast SEO plugin. -->","yoast_head_json":{"title":"Rosa R\u00edos y Agar Del\u00f3s representaron brillantemente a la chola pace\u00f1a - El Diario - Bolivia","robots":{"index":"index","follow":"follow","max-snippet":"max-snippet:-1","max-image-preview":"max-image-preview:large","max-video-preview":"max-video-preview:-1"},"canonical":"https:\/\/www.eldiario.net\/portal\/2023\/07\/12\/rosa-rios-y-agar-delos-representaron-brillantemente-a-la-chola-pacena\/","og_locale":"es_ES","og_type":"article","og_title":"Rosa R\u00edos y Agar Del\u00f3s representaron brillantemente a la chola pace\u00f1a - El Diario - Bolivia","og_description":"Las personas no mueren mientras no las olvidemos y eso queremos testimoniar hoy al recordar a dos grandes y queridas actrices pace\u00f1as que representaron brillantemente a la chola pace\u00f1a. Hablamos de Rosita R\u00edos y Agar Del\u00f3s, quienes lamentablemente fallecieron, pero nos dejaron como legado sus excelentes interpretaciones, en el escenario, de la chola pace\u00f1a, uno [&hellip;]","og_url":"https:\/\/www.eldiario.net\/portal\/2023\/07\/12\/rosa-rios-y-agar-delos-representaron-brillantemente-a-la-chola-pacena\/","og_site_name":"El Diario - Bolivia","article_publisher":"https:\/\/www.facebook.com\/eldiario.bolivia\/","article_published_time":"2023-07-12T12:52:24+00:00","og_image":[{"width":2560,"height":1572,"url":"https:\/\/www.eldiario.net\/portal\/wp-content\/uploads\/2023\/07\/Rosa-y-Agar-1PRINCIPAL-scaled-1.jpg","type":"image\/jpeg"}],"author":"Jeanette","twitter_card":"summary_large_image","twitter_creator":"@eldiario_net","twitter_site":"@eldiario_net","twitter_misc":{"Escrito por":"Jeanette","Tiempo de lectura":"5 minutos"},"schema":{"@context":"https:\/\/schema.org","@graph":[{"@type":"Article","@id":"https:\/\/www.eldiario.net\/portal\/2023\/07\/12\/rosa-rios-y-agar-delos-representaron-brillantemente-a-la-chola-pacena\/#article","isPartOf":{"@id":"https:\/\/www.eldiario.net\/portal\/2023\/07\/12\/rosa-rios-y-agar-delos-representaron-brillantemente-a-la-chola-pacena\/"},"author":{"name":"Jeanette","@id":"https:\/\/www.eldiario.net\/portal\/#\/schema\/person\/2c57cf2b7a7ae032e449e4c9b1019eac"},"headline":"Rosa R\u00edos y Agar Del\u00f3s representaron brillantemente a la chola pace\u00f1a","datePublished":"2023-07-12T12:52:24+00:00","mainEntityOfPage":{"@id":"https:\/\/www.eldiario.net\/portal\/2023\/07\/12\/rosa-rios-y-agar-delos-representaron-brillantemente-a-la-chola-pacena\/"},"wordCount":1068,"publisher":{"@id":"https:\/\/www.eldiario.net\/portal\/#organization"},"image":{"@id":"https:\/\/www.eldiario.net\/portal\/2023\/07\/12\/rosa-rios-y-agar-delos-representaron-brillantemente-a-la-chola-pacena\/#primaryimage"},"thumbnailUrl":"https:\/\/www.eldiario.net\/portal\/wp-content\/uploads\/2023\/07\/Rosa-y-Agar-1PRINCIPAL-scaled-1.jpg","articleSection":["La Gu\u00eda"],"inLanguage":"es"},{"@type":"WebPage","@id":"https:\/\/www.eldiario.net\/portal\/2023\/07\/12\/rosa-rios-y-agar-delos-representaron-brillantemente-a-la-chola-pacena\/","url":"https:\/\/www.eldiario.net\/portal\/2023\/07\/12\/rosa-rios-y-agar-delos-representaron-brillantemente-a-la-chola-pacena\/","name":"Rosa R\u00edos y Agar Del\u00f3s representaron brillantemente a la chola pace\u00f1a - El Diario - Bolivia","isPartOf":{"@id":"https:\/\/www.eldiario.net\/portal\/#website"},"primaryImageOfPage":{"@id":"https:\/\/www.eldiario.net\/portal\/2023\/07\/12\/rosa-rios-y-agar-delos-representaron-brillantemente-a-la-chola-pacena\/#primaryimage"},"image":{"@id":"https:\/\/www.eldiario.net\/portal\/2023\/07\/12\/rosa-rios-y-agar-delos-representaron-brillantemente-a-la-chola-pacena\/#primaryimage"},"thumbnailUrl":"https:\/\/www.eldiario.net\/portal\/wp-content\/uploads\/2023\/07\/Rosa-y-Agar-1PRINCIPAL-scaled-1.jpg","datePublished":"2023-07-12T12:52:24+00:00","breadcrumb":{"@id":"https:\/\/www.eldiario.net\/portal\/2023\/07\/12\/rosa-rios-y-agar-delos-representaron-brillantemente-a-la-chola-pacena\/#breadcrumb"},"inLanguage":"es","potentialAction":[{"@type":"ReadAction","target":["https:\/\/www.eldiario.net\/portal\/2023\/07\/12\/rosa-rios-y-agar-delos-representaron-brillantemente-a-la-chola-pacena\/"]}]},{"@type":"ImageObject","inLanguage":"es","@id":"https:\/\/www.eldiario.net\/portal\/2023\/07\/12\/rosa-rios-y-agar-delos-representaron-brillantemente-a-la-chola-pacena\/#primaryimage","url":"https:\/\/www.eldiario.net\/portal\/wp-content\/uploads\/2023\/07\/Rosa-y-Agar-1PRINCIPAL-scaled-1.jpg","contentUrl":"https:\/\/www.eldiario.net\/portal\/wp-content\/uploads\/2023\/07\/Rosa-y-Agar-1PRINCIPAL-scaled-1.jpg","width":2560,"height":1572},{"@type":"BreadcrumbList","@id":"https:\/\/www.eldiario.net\/portal\/2023\/07\/12\/rosa-rios-y-agar-delos-representaron-brillantemente-a-la-chola-pacena\/#breadcrumb","itemListElement":[{"@type":"ListItem","position":1,"name":"Portada","item":"https:\/\/www.eldiario.net\/portal\/"},{"@type":"ListItem","position":2,"name":"Rosa R\u00edos y Agar Del\u00f3s representaron brillantemente a la chola pace\u00f1a"}]},{"@type":"WebSite","@id":"https:\/\/www.eldiario.net\/portal\/#website","url":"https:\/\/www.eldiario.net\/portal\/","name":"El Diario - Decano de la prensa nacional","description":"El Diario - Decano de la prensa nacional","publisher":{"@id":"https:\/\/www.eldiario.net\/portal\/#organization"},"potentialAction":[{"@type":"SearchAction","target":{"@type":"EntryPoint","urlTemplate":"https:\/\/www.eldiario.net\/portal\/?s={search_term_string}"},"query-input":{"@type":"PropertyValueSpecification","valueRequired":true,"valueName":"search_term_string"}}],"inLanguage":"es"},{"@type":"Organization","@id":"https:\/\/www.eldiario.net\/portal\/#organization","name":"El Diario - Decano de la prensa nacional","url":"https:\/\/www.eldiario.net\/portal\/","logo":{"@type":"ImageObject","inLanguage":"es","@id":"https:\/\/www.eldiario.net\/portal\/#\/schema\/logo\/image\/","url":"https:\/\/www.eldiario.net\/portal\/wp-content\/uploads\/2023\/07\/logo_ED.jpg","contentUrl":"https:\/\/www.eldiario.net\/portal\/wp-content\/uploads\/2023\/07\/logo_ED.jpg","width":272,"height":52,"caption":"El Diario - Decano de la prensa nacional"},"image":{"@id":"https:\/\/www.eldiario.net\/portal\/#\/schema\/logo\/image\/"},"sameAs":["https:\/\/www.facebook.com\/eldiario.bolivia\/","https:\/\/x.com\/eldiario_net"]},{"@type":"Person","@id":"https:\/\/www.eldiario.net\/portal\/#\/schema\/person\/2c57cf2b7a7ae032e449e4c9b1019eac","name":"Jeanette","image":{"@type":"ImageObject","inLanguage":"es","@id":"https:\/\/secure.gravatar.com\/avatar\/3ea2118a5f7dad2b7138b1187a6b7ee55f160b9968b66013c3a3ef39dd7e5798?s=96&d=mm&r=g","url":"https:\/\/secure.gravatar.com\/avatar\/3ea2118a5f7dad2b7138b1187a6b7ee55f160b9968b66013c3a3ef39dd7e5798?s=96&d=mm&r=g","contentUrl":"https:\/\/secure.gravatar.com\/avatar\/3ea2118a5f7dad2b7138b1187a6b7ee55f160b9968b66013c3a3ef39dd7e5798?s=96&d=mm&r=g","caption":"Jeanette"},"sameAs":["https:\/\/www.eldiario.net\/portal"],"url":"https:\/\/www.eldiario.net\/portal\/author\/jeanette\/"}]}},"_links":{"self":[{"href":"https:\/\/www.eldiario.net\/portal\/wp-json\/wp\/v2\/posts\/165084","targetHints":{"allow":["GET"]}}],"collection":[{"href":"https:\/\/www.eldiario.net\/portal\/wp-json\/wp\/v2\/posts"}],"about":[{"href":"https:\/\/www.eldiario.net\/portal\/wp-json\/wp\/v2\/types\/post"}],"author":[{"embeddable":true,"href":"https:\/\/www.eldiario.net\/portal\/wp-json\/wp\/v2\/users\/1"}],"replies":[{"embeddable":true,"href":"https:\/\/www.eldiario.net\/portal\/wp-json\/wp\/v2\/comments?post=165084"}],"version-history":[{"count":0,"href":"https:\/\/www.eldiario.net\/portal\/wp-json\/wp\/v2\/posts\/165084\/revisions"}],"wp:featuredmedia":[{"embeddable":true,"href":"https:\/\/www.eldiario.net\/portal\/wp-json\/wp\/v2\/media\/165087"}],"wp:attachment":[{"href":"https:\/\/www.eldiario.net\/portal\/wp-json\/wp\/v2\/media?parent=165084"}],"wp:term":[{"taxonomy":"category","embeddable":true,"href":"https:\/\/www.eldiario.net\/portal\/wp-json\/wp\/v2\/categories?post=165084"},{"taxonomy":"post_tag","embeddable":true,"href":"https:\/\/www.eldiario.net\/portal\/wp-json\/wp\/v2\/tags?post=165084"}],"curies":[{"name":"wp","href":"https:\/\/api.w.org\/{rel}","templated":true}]}}