{"id":165070,"date":"2023-07-12T08:49:28","date_gmt":"2023-07-12T12:49:28","guid":{"rendered":"https:\/\/www.eldiario.net\/portal\/?p=165070"},"modified":"2023-07-12T08:49:28","modified_gmt":"2023-07-12T12:49:28","slug":"embajada-britanica-impulsa-desarrollo-de-hidrogeno-bajo-en-carbono-y-verde","status":"publish","type":"post","link":"https:\/\/www.eldiario.net\/portal\/2023\/07\/12\/embajada-britanica-impulsa-desarrollo-de-hidrogeno-bajo-en-carbono-y-verde\/","title":{"rendered":"Embajada Brit\u00e1nica impulsa desarrollo  de hidr\u00f3geno bajo en carbono y verde"},"content":{"rendered":"<p>La Embajada Brit\u00e1nica en coordinaci\u00f3n con el Ministerio de Hidrocarburos y Energ\u00edas organiz\u00f3 la primera Capacitaci\u00f3n en Hidr\u00f3geno Bajo en Carbono y Verde, con el objetivo de impulsar el desarrollo y la implementaci\u00f3n de proyectos de hidr\u00f3geno en Bolivia.<br \/>\nLa capacitaci\u00f3n fue impartida por David Thomason, reconocido experto en proyectos de hidr\u00f3geno y con amplia experiencia en el campo de la energ\u00eda renovable, adem\u00e1s de ser socio de Everoze, una consultora brit\u00e1nica especializada en energ\u00edas renovables, almacenamiento, hidr\u00f3geno y eficiencia energ\u00e9tica. Ingeniero Qu\u00edmico de la Universidad de Edimburgo, Thomason cuenta con estudios de postgrado en Energ\u00edas Renovables.<br \/>\nDurante la capacitaci\u00f3n, el experto afirm\u00f3 que \u201cSi el hidr\u00f3geno va a funcionar en alguna parte del mundo, ser\u00e1 en un lugar como Bolivia, que es un pa\u00eds con los mejores recursos energ\u00e9ticos renovables\u201d. Por su parte, el Viceministro de Energ\u00edas Alternativas del Ministerio de Hidrocarburos y Energ\u00edas a\u00f1adi\u00f3 que \u201cEl hidr\u00f3geno solucionar\u00e1 muchos problemas energ\u00e9ticos en el futuro\u00bb.<br \/>\nPor su parte, el embajador del Reino Unido, Jeff Glekin, asegur\u00f3 que \u201cBolivia tiene potencial para ser l\u00edder en Hidr\u00f3geno Verde y nos gustar\u00eda que el Reino Unido sea uno de sus principales socios en este desarrollo\u201d.<br \/>\nSeg\u00fan el Jefe de la misi\u00f3n brit\u00e1nica, el importante evento fue propicio para fortalecer los lazos bilaterales en materia energ\u00e9tica y para promover la adopci\u00f3n de tecnolog\u00edas m\u00e1s limpias y sostenibles en ambas naciones. \u00abEl Reino Unido est\u00e1 comprometido en ser un socio de Bolivia compartiendo su experiencia y conocimiento en este campo\u00bb.Al t\u00e9rmino de la capacitaci\u00f3n, los participantes recibieron el certificado de asistencia.<\/p>\n<div id='gallery-1' class='gallery galleryid-165070 gallery-columns-3 gallery-size-medium'><figure class='gallery-item'>\n\t\t\t<div class='gallery-icon landscape'>\n\t\t\t\t<a href='https:\/\/www.eldiario.net\/portal\/2023\/07\/12\/embajada-britanica-impulsa-desarrollo-de-hidrogeno-bajo-en-carbono-y-verde\/dsc_9493-2\/'><img loading=\"lazy\" decoding=\"async\" width=\"300\" height=\"200\" src=\"https:\/\/www.eldiario.net\/portal\/wp-content\/uploads\/2023\/07\/DSC_9493-300x200.jpg\" class=\"attachment-medium size-medium\" alt=\"\" aria-describedby=\"gallery-1-165071\" srcset=\"https:\/\/www.eldiario.net\/portal\/wp-content\/uploads\/2023\/07\/DSC_9493-300x200.jpg 300w, https:\/\/www.eldiario.net\/portal\/wp-content\/uploads\/2023\/07\/DSC_9493-768x512.jpg 768w, https:\/\/www.eldiario.net\/portal\/wp-content\/uploads\/2023\/07\/DSC_9493-696x464.jpg 696w, https:\/\/www.eldiario.net\/portal\/wp-content\/uploads\/2023\/07\/DSC_9493.jpg 1000w\" sizes=\"auto, (max-width: 300px) 100vw, 300px\" \/><\/a>\n\t\t\t<\/div>\n\t\t\t\t<figcaption class='wp-caption-text gallery-caption' id='gallery-1-165071'>\n\t\t\t\tLIZETH ARAMAYO, GABRIELA VARGAS, GABRIELA R\u00cdOS Y TATIANA RODR\u00cdGUEZ.\n\t\t\t\t<\/figcaption><\/figure><figure class='gallery-item'>\n\t\t\t<div class='gallery-icon landscape'>\n\t\t\t\t<a href='https:\/\/www.eldiario.net\/portal\/2023\/07\/12\/embajada-britanica-impulsa-desarrollo-de-hidrogeno-bajo-en-carbono-y-verde\/dsc_9494\/'><img loading=\"lazy\" decoding=\"async\" width=\"300\" height=\"200\" src=\"https:\/\/www.eldiario.net\/portal\/wp-content\/uploads\/2023\/07\/DSC_9494-300x200.jpg\" class=\"attachment-medium size-medium\" alt=\"\" aria-describedby=\"gallery-1-165072\" srcset=\"https:\/\/www.eldiario.net\/portal\/wp-content\/uploads\/2023\/07\/DSC_9494-300x200.jpg 300w, https:\/\/www.eldiario.net\/portal\/wp-content\/uploads\/2023\/07\/DSC_9494-768x512.jpg 768w, https:\/\/www.eldiario.net\/portal\/wp-content\/uploads\/2023\/07\/DSC_9494-696x464.jpg 696w, https:\/\/www.eldiario.net\/portal\/wp-content\/uploads\/2023\/07\/DSC_9494.jpg 1000w\" sizes=\"auto, (max-width: 300px) 100vw, 300px\" \/><\/a>\n\t\t\t<\/div>\n\t\t\t\t<figcaption class='wp-caption-text gallery-caption' id='gallery-1-165072'>\n\t\t\t\tVANESA RODR\u00cdGUEZ, BLANCA QUISBERT, V\u00cdCTOR CHOQUE Y JAVIER NAVIA.\n\t\t\t\t<\/figcaption><\/figure><figure class='gallery-item'>\n\t\t\t<div class='gallery-icon landscape'>\n\t\t\t\t<a href='https:\/\/www.eldiario.net\/portal\/2023\/07\/12\/embajada-britanica-impulsa-desarrollo-de-hidrogeno-bajo-en-carbono-y-verde\/dsc_9495\/'><img loading=\"lazy\" decoding=\"async\" width=\"300\" height=\"200\" src=\"https:\/\/www.eldiario.net\/portal\/wp-content\/uploads\/2023\/07\/DSC_9495-300x200.jpg\" class=\"attachment-medium size-medium\" alt=\"\" aria-describedby=\"gallery-1-165073\" srcset=\"https:\/\/www.eldiario.net\/portal\/wp-content\/uploads\/2023\/07\/DSC_9495-300x200.jpg 300w, https:\/\/www.eldiario.net\/portal\/wp-content\/uploads\/2023\/07\/DSC_9495-768x512.jpg 768w, https:\/\/www.eldiario.net\/portal\/wp-content\/uploads\/2023\/07\/DSC_9495-696x464.jpg 696w, https:\/\/www.eldiario.net\/portal\/wp-content\/uploads\/2023\/07\/DSC_9495.jpg 1000w\" sizes=\"auto, (max-width: 300px) 100vw, 300px\" \/><\/a>\n\t\t\t<\/div>\n\t\t\t\t<figcaption class='wp-caption-text gallery-caption' id='gallery-1-165073'>\n\t\t\t\t  RICARDO VALENCIA, ERNESTRO OBLITAS Y MARIO VALORI.\n\t\t\t\t<\/figcaption><\/figure><figure class='gallery-item'>\n\t\t\t<div class='gallery-icon landscape'>\n\t\t\t\t<a href='https:\/\/www.eldiario.net\/portal\/2023\/07\/12\/embajada-britanica-impulsa-desarrollo-de-hidrogeno-bajo-en-carbono-y-verde\/dsc_9496\/'><img loading=\"lazy\" decoding=\"async\" width=\"300\" height=\"200\" src=\"https:\/\/www.eldiario.net\/portal\/wp-content\/uploads\/2023\/07\/DSC_9496-300x200.jpg\" class=\"attachment-medium size-medium\" alt=\"\" aria-describedby=\"gallery-1-165074\" srcset=\"https:\/\/www.eldiario.net\/portal\/wp-content\/uploads\/2023\/07\/DSC_9496-300x200.jpg 300w, https:\/\/www.eldiario.net\/portal\/wp-content\/uploads\/2023\/07\/DSC_9496-768x512.jpg 768w, https:\/\/www.eldiario.net\/portal\/wp-content\/uploads\/2023\/07\/DSC_9496-696x464.jpg 696w, https:\/\/www.eldiario.net\/portal\/wp-content\/uploads\/2023\/07\/DSC_9496.jpg 1000w\" sizes=\"auto, (max-width: 300px) 100vw, 300px\" \/><\/a>\n\t\t\t<\/div>\n\t\t\t\t<figcaption class='wp-caption-text gallery-caption' id='gallery-1-165074'>\n\t\t\t\tMART\u00cdN TER\u00c1N, ANNA DOYLE Y BERN EVANS, DE LA MISI\u00d3N BRIT\u00c1NICA.\n\t\t\t\t<\/figcaption><\/figure><figure class='gallery-item'>\n\t\t\t<div class='gallery-icon landscape'>\n\t\t\t\t<a href='https:\/\/www.eldiario.net\/portal\/2023\/07\/12\/embajada-britanica-impulsa-desarrollo-de-hidrogeno-bajo-en-carbono-y-verde\/dsc_9498-2\/'><img loading=\"lazy\" decoding=\"async\" width=\"300\" height=\"200\" src=\"https:\/\/www.eldiario.net\/portal\/wp-content\/uploads\/2023\/07\/DSC_9498-300x200.jpg\" class=\"attachment-medium size-medium\" alt=\"\" aria-describedby=\"gallery-1-165075\" srcset=\"https:\/\/www.eldiario.net\/portal\/wp-content\/uploads\/2023\/07\/DSC_9498-300x200.jpg 300w, https:\/\/www.eldiario.net\/portal\/wp-content\/uploads\/2023\/07\/DSC_9498-768x512.jpg 768w, https:\/\/www.eldiario.net\/portal\/wp-content\/uploads\/2023\/07\/DSC_9498-696x464.jpg 696w, https:\/\/www.eldiario.net\/portal\/wp-content\/uploads\/2023\/07\/DSC_9498.jpg 1000w\" sizes=\"auto, (max-width: 300px) 100vw, 300px\" \/><\/a>\n\t\t\t<\/div>\n\t\t\t\t<figcaption class='wp-caption-text gallery-caption' id='gallery-1-165075'>\n\t\t\t\tPAMELA MONTES DE OCA, EL EMBAJADOR JEFF GLEKIN Y ANDREA GONZALES.\n\t\t\t\t<\/figcaption><\/figure><figure class='gallery-item'>\n\t\t\t<div class='gallery-icon landscape'>\n\t\t\t\t<a href='https:\/\/www.eldiario.net\/portal\/2023\/07\/12\/embajada-britanica-impulsa-desarrollo-de-hidrogeno-bajo-en-carbono-y-verde\/dsc_9449\/'><img loading=\"lazy\" decoding=\"async\" width=\"300\" height=\"200\" src=\"https:\/\/www.eldiario.net\/portal\/wp-content\/uploads\/2023\/07\/DSC_9449-300x200.jpg\" class=\"attachment-medium size-medium\" alt=\"\" aria-describedby=\"gallery-1-165076\" srcset=\"https:\/\/www.eldiario.net\/portal\/wp-content\/uploads\/2023\/07\/DSC_9449-300x200.jpg 300w, https:\/\/www.eldiario.net\/portal\/wp-content\/uploads\/2023\/07\/DSC_9449-768x512.jpg 768w, https:\/\/www.eldiario.net\/portal\/wp-content\/uploads\/2023\/07\/DSC_9449-696x464.jpg 696w, https:\/\/www.eldiario.net\/portal\/wp-content\/uploads\/2023\/07\/DSC_9449.jpg 1000w\" sizes=\"auto, (max-width: 300px) 100vw, 300px\" \/><\/a>\n\t\t\t<\/div>\n\t\t\t\t<figcaption class='wp-caption-text gallery-caption' id='gallery-1-165076'>\n\t\t\t\tDAVID THOMASON, SOCIO CONSULTOR DE EVEROZE\n\t\t\t\t<\/figcaption><\/figure><figure class='gallery-item'>\n\t\t\t<div class='gallery-icon landscape'>\n\t\t\t\t<a href='https:\/\/www.eldiario.net\/portal\/2023\/07\/12\/embajada-britanica-impulsa-desarrollo-de-hidrogeno-bajo-en-carbono-y-verde\/dsc_9451\/'><img loading=\"lazy\" decoding=\"async\" width=\"300\" height=\"200\" src=\"https:\/\/www.eldiario.net\/portal\/wp-content\/uploads\/2023\/07\/DSC_9451-300x200.jpg\" class=\"attachment-medium size-medium\" alt=\"\" aria-describedby=\"gallery-1-165077\" srcset=\"https:\/\/www.eldiario.net\/portal\/wp-content\/uploads\/2023\/07\/DSC_9451-300x200.jpg 300w, https:\/\/www.eldiario.net\/portal\/wp-content\/uploads\/2023\/07\/DSC_9451-768x512.jpg 768w, https:\/\/www.eldiario.net\/portal\/wp-content\/uploads\/2023\/07\/DSC_9451-696x464.jpg 696w, https:\/\/www.eldiario.net\/portal\/wp-content\/uploads\/2023\/07\/DSC_9451.jpg 1000w\" sizes=\"auto, (max-width: 300px) 100vw, 300px\" \/><\/a>\n\t\t\t<\/div>\n\t\t\t\t<figcaption class='wp-caption-text gallery-caption' id='gallery-1-165077'>\n\t\t\t\tBERNARDO FERN\u00c1NDEZ, DIRECTOR DE PROGRAMAS Y PROYECTOS DE LA  EMBAJADAS BRIT\u00c1NICA.\n\t\t\t\t<\/figcaption><\/figure><figure class='gallery-item'>\n\t\t\t<div class='gallery-icon landscape'>\n\t\t\t\t<a href='https:\/\/www.eldiario.net\/portal\/2023\/07\/12\/embajada-britanica-impulsa-desarrollo-de-hidrogeno-bajo-en-carbono-y-verde\/dsc_9454\/'><img loading=\"lazy\" decoding=\"async\" width=\"300\" height=\"200\" src=\"https:\/\/www.eldiario.net\/portal\/wp-content\/uploads\/2023\/07\/DSC_9454-300x200.jpg\" class=\"attachment-medium size-medium\" alt=\"\" aria-describedby=\"gallery-1-165078\" srcset=\"https:\/\/www.eldiario.net\/portal\/wp-content\/uploads\/2023\/07\/DSC_9454-300x200.jpg 300w, https:\/\/www.eldiario.net\/portal\/wp-content\/uploads\/2023\/07\/DSC_9454-768x512.jpg 768w, https:\/\/www.eldiario.net\/portal\/wp-content\/uploads\/2023\/07\/DSC_9454-696x464.jpg 696w, https:\/\/www.eldiario.net\/portal\/wp-content\/uploads\/2023\/07\/DSC_9454.jpg 1000w\" sizes=\"auto, (max-width: 300px) 100vw, 300px\" \/><\/a>\n\t\t\t<\/div>\n\t\t\t\t<figcaption class='wp-caption-text gallery-caption' id='gallery-1-165078'>\n\t\t\t\tORGANIZADORES Y PARTICIPANTES DEL CURSO DE CAPACITACI\u00d3N.\n\t\t\t\t<\/figcaption><\/figure><figure class='gallery-item'>\n\t\t\t<div class='gallery-icon landscape'>\n\t\t\t\t<a href='https:\/\/www.eldiario.net\/portal\/2023\/07\/12\/embajada-britanica-impulsa-desarrollo-de-hidrogeno-bajo-en-carbono-y-verde\/dsc_9461\/'><img loading=\"lazy\" decoding=\"async\" width=\"300\" height=\"200\" src=\"https:\/\/www.eldiario.net\/portal\/wp-content\/uploads\/2023\/07\/DSC_9461-300x200.jpg\" class=\"attachment-medium size-medium\" alt=\"\" aria-describedby=\"gallery-1-165079\" srcset=\"https:\/\/www.eldiario.net\/portal\/wp-content\/uploads\/2023\/07\/DSC_9461-300x200.jpg 300w, https:\/\/www.eldiario.net\/portal\/wp-content\/uploads\/2023\/07\/DSC_9461-768x512.jpg 768w, https:\/\/www.eldiario.net\/portal\/wp-content\/uploads\/2023\/07\/DSC_9461-696x464.jpg 696w, https:\/\/www.eldiario.net\/portal\/wp-content\/uploads\/2023\/07\/DSC_9461.jpg 1000w\" sizes=\"auto, (max-width: 300px) 100vw, 300px\" \/><\/a>\n\t\t\t<\/div>\n\t\t\t\t<figcaption class='wp-caption-text gallery-caption' id='gallery-1-165079'>\n\t\t\t\t  DAVID THOMASON, EL EMBAJADOR JEFF GLEKIN, EL VICEMINISTRO \u00c1LVARO ARNEZ Y RA\u00daL MAYTA, VICEMINISTRO DE Exploraci\u00f3n y Explotaci\u00f3n de Hidrocarburos.\n\t\t\t\t<\/figcaption><\/figure><figure class='gallery-item'>\n\t\t\t<div class='gallery-icon landscape'>\n\t\t\t\t<a href='https:\/\/www.eldiario.net\/portal\/2023\/07\/12\/embajada-britanica-impulsa-desarrollo-de-hidrogeno-bajo-en-carbono-y-verde\/dsc_9466\/'><img loading=\"lazy\" decoding=\"async\" width=\"300\" height=\"200\" src=\"https:\/\/www.eldiario.net\/portal\/wp-content\/uploads\/2023\/07\/DSC_9466-300x200.jpg\" class=\"attachment-medium size-medium\" alt=\"\" aria-describedby=\"gallery-1-165080\" srcset=\"https:\/\/www.eldiario.net\/portal\/wp-content\/uploads\/2023\/07\/DSC_9466-300x200.jpg 300w, https:\/\/www.eldiario.net\/portal\/wp-content\/uploads\/2023\/07\/DSC_9466-768x512.jpg 768w, https:\/\/www.eldiario.net\/portal\/wp-content\/uploads\/2023\/07\/DSC_9466-696x464.jpg 696w, https:\/\/www.eldiario.net\/portal\/wp-content\/uploads\/2023\/07\/DSC_9466.jpg 1000w\" sizes=\"auto, (max-width: 300px) 100vw, 300px\" \/><\/a>\n\t\t\t<\/div>\n\t\t\t\t<figcaption class='wp-caption-text gallery-caption' id='gallery-1-165080'>\n\t\t\t\tEL EMBAJADOR BRIT\u00c1NICO, JEFF GLEKIN.\n\t\t\t\t<\/figcaption><\/figure><figure class='gallery-item'>\n\t\t\t<div class='gallery-icon landscape'>\n\t\t\t\t<a href='https:\/\/www.eldiario.net\/portal\/2023\/07\/12\/embajada-britanica-impulsa-desarrollo-de-hidrogeno-bajo-en-carbono-y-verde\/dsc_9477\/'><img loading=\"lazy\" decoding=\"async\" width=\"300\" height=\"200\" src=\"https:\/\/www.eldiario.net\/portal\/wp-content\/uploads\/2023\/07\/DSC_9477-300x200.jpg\" class=\"attachment-medium size-medium\" alt=\"\" aria-describedby=\"gallery-1-165081\" srcset=\"https:\/\/www.eldiario.net\/portal\/wp-content\/uploads\/2023\/07\/DSC_9477-300x200.jpg 300w, https:\/\/www.eldiario.net\/portal\/wp-content\/uploads\/2023\/07\/DSC_9477-768x512.jpg 768w, https:\/\/www.eldiario.net\/portal\/wp-content\/uploads\/2023\/07\/DSC_9477-696x464.jpg 696w, https:\/\/www.eldiario.net\/portal\/wp-content\/uploads\/2023\/07\/DSC_9477.jpg 1000w\" sizes=\"auto, (max-width: 300px) 100vw, 300px\" \/><\/a>\n\t\t\t<\/div>\n\t\t\t\t<figcaption class='wp-caption-text gallery-caption' id='gallery-1-165081'>\n\t\t\t\t\u00c1LVARO ARNEZ, VICEMINISTRO DE ALTAS TECNOLOG\u00cdAS ENERG\u00c9TICAS.\n\t\t\t\t<\/figcaption><\/figure><figure class='gallery-item'>\n\t\t\t<div class='gallery-icon landscape'>\n\t\t\t\t<a href='https:\/\/www.eldiario.net\/portal\/2023\/07\/12\/embajada-britanica-impulsa-desarrollo-de-hidrogeno-bajo-en-carbono-y-verde\/dsc_9492\/'><img loading=\"lazy\" decoding=\"async\" width=\"300\" height=\"200\" src=\"https:\/\/www.eldiario.net\/portal\/wp-content\/uploads\/2023\/07\/DSC_9492-300x200.jpg\" class=\"attachment-medium size-medium\" alt=\"\" aria-describedby=\"gallery-1-165082\" srcset=\"https:\/\/www.eldiario.net\/portal\/wp-content\/uploads\/2023\/07\/DSC_9492-300x200.jpg 300w, https:\/\/www.eldiario.net\/portal\/wp-content\/uploads\/2023\/07\/DSC_9492-768x512.jpg 768w, https:\/\/www.eldiario.net\/portal\/wp-content\/uploads\/2023\/07\/DSC_9492-696x464.jpg 696w, https:\/\/www.eldiario.net\/portal\/wp-content\/uploads\/2023\/07\/DSC_9492.jpg 1000w\" sizes=\"auto, (max-width: 300px) 100vw, 300px\" \/><\/a>\n\t\t\t<\/div>\n\t\t\t\t<figcaption class='wp-caption-text gallery-caption' id='gallery-1-165082'>\n\t\t\t\tMAURICIO FERN\u00c1NDEZ, JEFF GLEKIN, GIOVANNA CENTENO, DAVID THOMASON Y ALEXANDRA LORA.\n\t\t\t\t<\/figcaption><\/figure>\n\t\t<\/div>\n\n","protected":false},"excerpt":{"rendered":"<p>La Embajada Brit\u00e1nica en coordinaci\u00f3n con el Ministerio de Hidrocarburos y Energ\u00edas organiz\u00f3 la primera Capacitaci\u00f3n en Hidr\u00f3geno Bajo en Carbono y Verde, con el objetivo de impulsar el desarrollo y la implementaci\u00f3n de proyectos de hidr\u00f3geno en Bolivia. La capacitaci\u00f3n fue impartida por David Thomason, reconocido experto en proyectos de hidr\u00f3geno y con amplia [&hellip;]<\/p>\n","protected":false},"author":1,"featured_media":165078,"comment_status":"closed","ping_status":"open","sticky":false,"template":"","format":"standard","meta":{"_acf_changed":false,"footnotes":""},"categories":[40],"tags":[],"class_list":["post-165070","post","type-post","status-publish","format-standard","has-post-thumbnail","category-sociales"],"acf":{"antetitulo":""},"yoast_head":"<!-- This site is optimized with the Yoast SEO plugin v28.4 - https:\/\/yoast.com\/product\/yoast-seo-wordpress\/ -->\n<title>Embajada Brit\u00e1nica impulsa desarrollo de hidr\u00f3geno bajo en carbono y verde - El Diario - Bolivia<\/title>\n<meta name=\"robots\" content=\"index, follow, max-snippet:-1, max-image-preview:large, max-video-preview:-1\" \/>\n<link rel=\"canonical\" href=\"https:\/\/www.eldiario.net\/portal\/2023\/07\/12\/embajada-britanica-impulsa-desarrollo-de-hidrogeno-bajo-en-carbono-y-verde\/\" \/>\n<meta property=\"og:locale\" content=\"es_ES\" \/>\n<meta property=\"og:type\" content=\"article\" \/>\n<meta property=\"og:title\" content=\"Embajada Brit\u00e1nica impulsa desarrollo de hidr\u00f3geno bajo en carbono y verde - El Diario - Bolivia\" \/>\n<meta property=\"og:description\" content=\"La Embajada Brit\u00e1nica en coordinaci\u00f3n con el Ministerio de Hidrocarburos y Energ\u00edas organiz\u00f3 la primera Capacitaci\u00f3n en Hidr\u00f3geno Bajo en Carbono y Verde, con el objetivo de impulsar el desarrollo y la implementaci\u00f3n de proyectos de hidr\u00f3geno en Bolivia. La capacitaci\u00f3n fue impartida por David Thomason, reconocido experto en proyectos de hidr\u00f3geno y con amplia [&hellip;]\" \/>\n<meta property=\"og:url\" content=\"https:\/\/www.eldiario.net\/portal\/2023\/07\/12\/embajada-britanica-impulsa-desarrollo-de-hidrogeno-bajo-en-carbono-y-verde\/\" \/>\n<meta property=\"og:site_name\" content=\"El Diario - Bolivia\" \/>\n<meta property=\"article:publisher\" content=\"https:\/\/www.facebook.com\/eldiario.bolivia\/\" \/>\n<meta property=\"article:published_time\" content=\"2023-07-12T12:49:28+00:00\" \/>\n<meta property=\"og:image\" content=\"https:\/\/www.eldiario.net\/portal\/wp-content\/uploads\/2023\/07\/DSC_9454.jpg\" \/>\n\t<meta property=\"og:image:width\" content=\"1000\" \/>\n\t<meta property=\"og:image:height\" content=\"667\" \/>\n\t<meta property=\"og:image:type\" content=\"image\/jpeg\" \/>\n<meta name=\"author\" content=\"Jeanette\" \/>\n<meta name=\"twitter:card\" content=\"summary_large_image\" \/>\n<meta name=\"twitter:creator\" content=\"@eldiario_net\" \/>\n<meta name=\"twitter:site\" content=\"@eldiario_net\" \/>\n<meta name=\"twitter:label1\" content=\"Escrito por\" \/>\n\t<meta name=\"twitter:data1\" content=\"Jeanette\" \/>\n\t<meta name=\"twitter:label2\" content=\"Tiempo de lectura\" \/>\n\t<meta name=\"twitter:data2\" content=\"2 minutos\" \/>\n<script type=\"application\/ld+json\" class=\"yoast-schema-graph\">{\"@context\":\"https:\\\/\\\/schema.org\",\"@graph\":[{\"@type\":\"Article\",\"@id\":\"https:\\\/\\\/www.eldiario.net\\\/portal\\\/2023\\\/07\\\/12\\\/embajada-britanica-impulsa-desarrollo-de-hidrogeno-bajo-en-carbono-y-verde\\\/#article\",\"isPartOf\":{\"@id\":\"https:\\\/\\\/www.eldiario.net\\\/portal\\\/2023\\\/07\\\/12\\\/embajada-britanica-impulsa-desarrollo-de-hidrogeno-bajo-en-carbono-y-verde\\\/\"},\"author\":{\"name\":\"Jeanette\",\"@id\":\"https:\\\/\\\/www.eldiario.net\\\/portal\\\/#\\\/schema\\\/person\\\/2c57cf2b7a7ae032e449e4c9b1019eac\"},\"headline\":\"Embajada Brit\u00e1nica impulsa desarrollo de hidr\u00f3geno bajo en carbono y verde\",\"datePublished\":\"2023-07-12T12:49:28+00:00\",\"mainEntityOfPage\":{\"@id\":\"https:\\\/\\\/www.eldiario.net\\\/portal\\\/2023\\\/07\\\/12\\\/embajada-britanica-impulsa-desarrollo-de-hidrogeno-bajo-en-carbono-y-verde\\\/\"},\"wordCount\":313,\"publisher\":{\"@id\":\"https:\\\/\\\/www.eldiario.net\\\/portal\\\/#organization\"},\"image\":{\"@id\":\"https:\\\/\\\/www.eldiario.net\\\/portal\\\/2023\\\/07\\\/12\\\/embajada-britanica-impulsa-desarrollo-de-hidrogeno-bajo-en-carbono-y-verde\\\/#primaryimage\"},\"thumbnailUrl\":\"https:\\\/\\\/www.eldiario.net\\\/portal\\\/wp-content\\\/uploads\\\/2023\\\/07\\\/DSC_9454.jpg\",\"articleSection\":[\"Sociales\"],\"inLanguage\":\"es\"},{\"@type\":\"WebPage\",\"@id\":\"https:\\\/\\\/www.eldiario.net\\\/portal\\\/2023\\\/07\\\/12\\\/embajada-britanica-impulsa-desarrollo-de-hidrogeno-bajo-en-carbono-y-verde\\\/\",\"url\":\"https:\\\/\\\/www.eldiario.net\\\/portal\\\/2023\\\/07\\\/12\\\/embajada-britanica-impulsa-desarrollo-de-hidrogeno-bajo-en-carbono-y-verde\\\/\",\"name\":\"Embajada Brit\u00e1nica impulsa desarrollo de hidr\u00f3geno bajo en carbono y verde - El Diario - Bolivia\",\"isPartOf\":{\"@id\":\"https:\\\/\\\/www.eldiario.net\\\/portal\\\/#website\"},\"primaryImageOfPage\":{\"@id\":\"https:\\\/\\\/www.eldiario.net\\\/portal\\\/2023\\\/07\\\/12\\\/embajada-britanica-impulsa-desarrollo-de-hidrogeno-bajo-en-carbono-y-verde\\\/#primaryimage\"},\"image\":{\"@id\":\"https:\\\/\\\/www.eldiario.net\\\/portal\\\/2023\\\/07\\\/12\\\/embajada-britanica-impulsa-desarrollo-de-hidrogeno-bajo-en-carbono-y-verde\\\/#primaryimage\"},\"thumbnailUrl\":\"https:\\\/\\\/www.eldiario.net\\\/portal\\\/wp-content\\\/uploads\\\/2023\\\/07\\\/DSC_9454.jpg\",\"datePublished\":\"2023-07-12T12:49:28+00:00\",\"breadcrumb\":{\"@id\":\"https:\\\/\\\/www.eldiario.net\\\/portal\\\/2023\\\/07\\\/12\\\/embajada-britanica-impulsa-desarrollo-de-hidrogeno-bajo-en-carbono-y-verde\\\/#breadcrumb\"},\"inLanguage\":\"es\",\"potentialAction\":[{\"@type\":\"ReadAction\",\"target\":[\"https:\\\/\\\/www.eldiario.net\\\/portal\\\/2023\\\/07\\\/12\\\/embajada-britanica-impulsa-desarrollo-de-hidrogeno-bajo-en-carbono-y-verde\\\/\"]}]},{\"@type\":\"ImageObject\",\"inLanguage\":\"es\",\"@id\":\"https:\\\/\\\/www.eldiario.net\\\/portal\\\/2023\\\/07\\\/12\\\/embajada-britanica-impulsa-desarrollo-de-hidrogeno-bajo-en-carbono-y-verde\\\/#primaryimage\",\"url\":\"https:\\\/\\\/www.eldiario.net\\\/portal\\\/wp-content\\\/uploads\\\/2023\\\/07\\\/DSC_9454.jpg\",\"contentUrl\":\"https:\\\/\\\/www.eldiario.net\\\/portal\\\/wp-content\\\/uploads\\\/2023\\\/07\\\/DSC_9454.jpg\",\"width\":1000,\"height\":667,\"caption\":\"ORGANIZADORES Y PARTICIPANTES DEL CURSO DE CAPACITACI\u00d3N.\"},{\"@type\":\"BreadcrumbList\",\"@id\":\"https:\\\/\\\/www.eldiario.net\\\/portal\\\/2023\\\/07\\\/12\\\/embajada-britanica-impulsa-desarrollo-de-hidrogeno-bajo-en-carbono-y-verde\\\/#breadcrumb\",\"itemListElement\":[{\"@type\":\"ListItem\",\"position\":1,\"name\":\"Portada\",\"item\":\"https:\\\/\\\/www.eldiario.net\\\/portal\\\/\"},{\"@type\":\"ListItem\",\"position\":2,\"name\":\"Embajada Brit\u00e1nica impulsa desarrollo de hidr\u00f3geno bajo en carbono y verde\"}]},{\"@type\":\"WebSite\",\"@id\":\"https:\\\/\\\/www.eldiario.net\\\/portal\\\/#website\",\"url\":\"https:\\\/\\\/www.eldiario.net\\\/portal\\\/\",\"name\":\"El Diario - Decano de la prensa nacional\",\"description\":\"El Diario - Decano de la prensa nacional\",\"publisher\":{\"@id\":\"https:\\\/\\\/www.eldiario.net\\\/portal\\\/#organization\"},\"potentialAction\":[{\"@type\":\"SearchAction\",\"target\":{\"@type\":\"EntryPoint\",\"urlTemplate\":\"https:\\\/\\\/www.eldiario.net\\\/portal\\\/?s={search_term_string}\"},\"query-input\":{\"@type\":\"PropertyValueSpecification\",\"valueRequired\":true,\"valueName\":\"search_term_string\"}}],\"inLanguage\":\"es\"},{\"@type\":\"Organization\",\"@id\":\"https:\\\/\\\/www.eldiario.net\\\/portal\\\/#organization\",\"name\":\"El Diario - Decano de la prensa nacional\",\"url\":\"https:\\\/\\\/www.eldiario.net\\\/portal\\\/\",\"logo\":{\"@type\":\"ImageObject\",\"inLanguage\":\"es\",\"@id\":\"https:\\\/\\\/www.eldiario.net\\\/portal\\\/#\\\/schema\\\/logo\\\/image\\\/\",\"url\":\"https:\\\/\\\/www.eldiario.net\\\/portal\\\/wp-content\\\/uploads\\\/2023\\\/07\\\/logo_ED.jpg\",\"contentUrl\":\"https:\\\/\\\/www.eldiario.net\\\/portal\\\/wp-content\\\/uploads\\\/2023\\\/07\\\/logo_ED.jpg\",\"width\":272,\"height\":52,\"caption\":\"El Diario - Decano de la prensa nacional\"},\"image\":{\"@id\":\"https:\\\/\\\/www.eldiario.net\\\/portal\\\/#\\\/schema\\\/logo\\\/image\\\/\"},\"sameAs\":[\"https:\\\/\\\/www.facebook.com\\\/eldiario.bolivia\\\/\",\"https:\\\/\\\/x.com\\\/eldiario_net\"]},{\"@type\":\"Person\",\"@id\":\"https:\\\/\\\/www.eldiario.net\\\/portal\\\/#\\\/schema\\\/person\\\/2c57cf2b7a7ae032e449e4c9b1019eac\",\"name\":\"Jeanette\",\"image\":{\"@type\":\"ImageObject\",\"inLanguage\":\"es\",\"@id\":\"https:\\\/\\\/secure.gravatar.com\\\/avatar\\\/3ea2118a5f7dad2b7138b1187a6b7ee55f160b9968b66013c3a3ef39dd7e5798?s=96&d=mm&r=g\",\"url\":\"https:\\\/\\\/secure.gravatar.com\\\/avatar\\\/3ea2118a5f7dad2b7138b1187a6b7ee55f160b9968b66013c3a3ef39dd7e5798?s=96&d=mm&r=g\",\"contentUrl\":\"https:\\\/\\\/secure.gravatar.com\\\/avatar\\\/3ea2118a5f7dad2b7138b1187a6b7ee55f160b9968b66013c3a3ef39dd7e5798?s=96&d=mm&r=g\",\"caption\":\"Jeanette\"},\"sameAs\":[\"https:\\\/\\\/www.eldiario.net\\\/portal\"],\"url\":\"https:\\\/\\\/www.eldiario.net\\\/portal\\\/author\\\/jeanette\\\/\"}]}<\/script>\n<!-- \/ Yoast SEO plugin. -->","yoast_head_json":{"title":"Embajada Brit\u00e1nica impulsa desarrollo de hidr\u00f3geno bajo en carbono y verde - El Diario - Bolivia","robots":{"index":"index","follow":"follow","max-snippet":"max-snippet:-1","max-image-preview":"max-image-preview:large","max-video-preview":"max-video-preview:-1"},"canonical":"https:\/\/www.eldiario.net\/portal\/2023\/07\/12\/embajada-britanica-impulsa-desarrollo-de-hidrogeno-bajo-en-carbono-y-verde\/","og_locale":"es_ES","og_type":"article","og_title":"Embajada Brit\u00e1nica impulsa desarrollo de hidr\u00f3geno bajo en carbono y verde - El Diario - Bolivia","og_description":"La Embajada Brit\u00e1nica en coordinaci\u00f3n con el Ministerio de Hidrocarburos y Energ\u00edas organiz\u00f3 la primera Capacitaci\u00f3n en Hidr\u00f3geno Bajo en Carbono y Verde, con el objetivo de impulsar el desarrollo y la implementaci\u00f3n de proyectos de hidr\u00f3geno en Bolivia. La capacitaci\u00f3n fue impartida por David Thomason, reconocido experto en proyectos de hidr\u00f3geno y con amplia [&hellip;]","og_url":"https:\/\/www.eldiario.net\/portal\/2023\/07\/12\/embajada-britanica-impulsa-desarrollo-de-hidrogeno-bajo-en-carbono-y-verde\/","og_site_name":"El Diario - Bolivia","article_publisher":"https:\/\/www.facebook.com\/eldiario.bolivia\/","article_published_time":"2023-07-12T12:49:28+00:00","og_image":[{"width":1000,"height":667,"url":"https:\/\/www.eldiario.net\/portal\/wp-content\/uploads\/2023\/07\/DSC_9454.jpg","type":"image\/jpeg"}],"author":"Jeanette","twitter_card":"summary_large_image","twitter_creator":"@eldiario_net","twitter_site":"@eldiario_net","twitter_misc":{"Escrito por":"Jeanette","Tiempo de lectura":"2 minutos"},"schema":{"@context":"https:\/\/schema.org","@graph":[{"@type":"Article","@id":"https:\/\/www.eldiario.net\/portal\/2023\/07\/12\/embajada-britanica-impulsa-desarrollo-de-hidrogeno-bajo-en-carbono-y-verde\/#article","isPartOf":{"@id":"https:\/\/www.eldiario.net\/portal\/2023\/07\/12\/embajada-britanica-impulsa-desarrollo-de-hidrogeno-bajo-en-carbono-y-verde\/"},"author":{"name":"Jeanette","@id":"https:\/\/www.eldiario.net\/portal\/#\/schema\/person\/2c57cf2b7a7ae032e449e4c9b1019eac"},"headline":"Embajada Brit\u00e1nica impulsa desarrollo de hidr\u00f3geno bajo en carbono y verde","datePublished":"2023-07-12T12:49:28+00:00","mainEntityOfPage":{"@id":"https:\/\/www.eldiario.net\/portal\/2023\/07\/12\/embajada-britanica-impulsa-desarrollo-de-hidrogeno-bajo-en-carbono-y-verde\/"},"wordCount":313,"publisher":{"@id":"https:\/\/www.eldiario.net\/portal\/#organization"},"image":{"@id":"https:\/\/www.eldiario.net\/portal\/2023\/07\/12\/embajada-britanica-impulsa-desarrollo-de-hidrogeno-bajo-en-carbono-y-verde\/#primaryimage"},"thumbnailUrl":"https:\/\/www.eldiario.net\/portal\/wp-content\/uploads\/2023\/07\/DSC_9454.jpg","articleSection":["Sociales"],"inLanguage":"es"},{"@type":"WebPage","@id":"https:\/\/www.eldiario.net\/portal\/2023\/07\/12\/embajada-britanica-impulsa-desarrollo-de-hidrogeno-bajo-en-carbono-y-verde\/","url":"https:\/\/www.eldiario.net\/portal\/2023\/07\/12\/embajada-britanica-impulsa-desarrollo-de-hidrogeno-bajo-en-carbono-y-verde\/","name":"Embajada Brit\u00e1nica impulsa desarrollo de hidr\u00f3geno bajo en carbono y verde - El Diario - Bolivia","isPartOf":{"@id":"https:\/\/www.eldiario.net\/portal\/#website"},"primaryImageOfPage":{"@id":"https:\/\/www.eldiario.net\/portal\/2023\/07\/12\/embajada-britanica-impulsa-desarrollo-de-hidrogeno-bajo-en-carbono-y-verde\/#primaryimage"},"image":{"@id":"https:\/\/www.eldiario.net\/portal\/2023\/07\/12\/embajada-britanica-impulsa-desarrollo-de-hidrogeno-bajo-en-carbono-y-verde\/#primaryimage"},"thumbnailUrl":"https:\/\/www.eldiario.net\/portal\/wp-content\/uploads\/2023\/07\/DSC_9454.jpg","datePublished":"2023-07-12T12:49:28+00:00","breadcrumb":{"@id":"https:\/\/www.eldiario.net\/portal\/2023\/07\/12\/embajada-britanica-impulsa-desarrollo-de-hidrogeno-bajo-en-carbono-y-verde\/#breadcrumb"},"inLanguage":"es","potentialAction":[{"@type":"ReadAction","target":["https:\/\/www.eldiario.net\/portal\/2023\/07\/12\/embajada-britanica-impulsa-desarrollo-de-hidrogeno-bajo-en-carbono-y-verde\/"]}]},{"@type":"ImageObject","inLanguage":"es","@id":"https:\/\/www.eldiario.net\/portal\/2023\/07\/12\/embajada-britanica-impulsa-desarrollo-de-hidrogeno-bajo-en-carbono-y-verde\/#primaryimage","url":"https:\/\/www.eldiario.net\/portal\/wp-content\/uploads\/2023\/07\/DSC_9454.jpg","contentUrl":"https:\/\/www.eldiario.net\/portal\/wp-content\/uploads\/2023\/07\/DSC_9454.jpg","width":1000,"height":667,"caption":"ORGANIZADORES Y PARTICIPANTES DEL CURSO DE CAPACITACI\u00d3N."},{"@type":"BreadcrumbList","@id":"https:\/\/www.eldiario.net\/portal\/2023\/07\/12\/embajada-britanica-impulsa-desarrollo-de-hidrogeno-bajo-en-carbono-y-verde\/#breadcrumb","itemListElement":[{"@type":"ListItem","position":1,"name":"Portada","item":"https:\/\/www.eldiario.net\/portal\/"},{"@type":"ListItem","position":2,"name":"Embajada Brit\u00e1nica impulsa desarrollo de hidr\u00f3geno bajo en carbono y verde"}]},{"@type":"WebSite","@id":"https:\/\/www.eldiario.net\/portal\/#website","url":"https:\/\/www.eldiario.net\/portal\/","name":"El Diario - Decano de la prensa nacional","description":"El Diario - Decano de la prensa nacional","publisher":{"@id":"https:\/\/www.eldiario.net\/portal\/#organization"},"potentialAction":[{"@type":"SearchAction","target":{"@type":"EntryPoint","urlTemplate":"https:\/\/www.eldiario.net\/portal\/?s={search_term_string}"},"query-input":{"@type":"PropertyValueSpecification","valueRequired":true,"valueName":"search_term_string"}}],"inLanguage":"es"},{"@type":"Organization","@id":"https:\/\/www.eldiario.net\/portal\/#organization","name":"El Diario - Decano de la prensa nacional","url":"https:\/\/www.eldiario.net\/portal\/","logo":{"@type":"ImageObject","inLanguage":"es","@id":"https:\/\/www.eldiario.net\/portal\/#\/schema\/logo\/image\/","url":"https:\/\/www.eldiario.net\/portal\/wp-content\/uploads\/2023\/07\/logo_ED.jpg","contentUrl":"https:\/\/www.eldiario.net\/portal\/wp-content\/uploads\/2023\/07\/logo_ED.jpg","width":272,"height":52,"caption":"El Diario - Decano de la prensa nacional"},"image":{"@id":"https:\/\/www.eldiario.net\/portal\/#\/schema\/logo\/image\/"},"sameAs":["https:\/\/www.facebook.com\/eldiario.bolivia\/","https:\/\/x.com\/eldiario_net"]},{"@type":"Person","@id":"https:\/\/www.eldiario.net\/portal\/#\/schema\/person\/2c57cf2b7a7ae032e449e4c9b1019eac","name":"Jeanette","image":{"@type":"ImageObject","inLanguage":"es","@id":"https:\/\/secure.gravatar.com\/avatar\/3ea2118a5f7dad2b7138b1187a6b7ee55f160b9968b66013c3a3ef39dd7e5798?s=96&d=mm&r=g","url":"https:\/\/secure.gravatar.com\/avatar\/3ea2118a5f7dad2b7138b1187a6b7ee55f160b9968b66013c3a3ef39dd7e5798?s=96&d=mm&r=g","contentUrl":"https:\/\/secure.gravatar.com\/avatar\/3ea2118a5f7dad2b7138b1187a6b7ee55f160b9968b66013c3a3ef39dd7e5798?s=96&d=mm&r=g","caption":"Jeanette"},"sameAs":["https:\/\/www.eldiario.net\/portal"],"url":"https:\/\/www.eldiario.net\/portal\/author\/jeanette\/"}]}},"_links":{"self":[{"href":"https:\/\/www.eldiario.net\/portal\/wp-json\/wp\/v2\/posts\/165070","targetHints":{"allow":["GET"]}}],"collection":[{"href":"https:\/\/www.eldiario.net\/portal\/wp-json\/wp\/v2\/posts"}],"about":[{"href":"https:\/\/www.eldiario.net\/portal\/wp-json\/wp\/v2\/types\/post"}],"author":[{"embeddable":true,"href":"https:\/\/www.eldiario.net\/portal\/wp-json\/wp\/v2\/users\/1"}],"replies":[{"embeddable":true,"href":"https:\/\/www.eldiario.net\/portal\/wp-json\/wp\/v2\/comments?post=165070"}],"version-history":[{"count":0,"href":"https:\/\/www.eldiario.net\/portal\/wp-json\/wp\/v2\/posts\/165070\/revisions"}],"wp:featuredmedia":[{"embeddable":true,"href":"https:\/\/www.eldiario.net\/portal\/wp-json\/wp\/v2\/media\/165078"}],"wp:attachment":[{"href":"https:\/\/www.eldiario.net\/portal\/wp-json\/wp\/v2\/media?parent=165070"}],"wp:term":[{"taxonomy":"category","embeddable":true,"href":"https:\/\/www.eldiario.net\/portal\/wp-json\/wp\/v2\/categories?post=165070"},{"taxonomy":"post_tag","embeddable":true,"href":"https:\/\/www.eldiario.net\/portal\/wp-json\/wp\/v2\/tags?post=165070"}],"curies":[{"name":"wp","href":"https:\/\/api.w.org\/{rel}","templated":true}]}}