{"id":165063,"date":"2023-07-12T08:41:08","date_gmt":"2023-07-12T12:41:08","guid":{"rendered":"https:\/\/www.eldiario.net\/portal\/?p=165063"},"modified":"2023-07-12T08:41:08","modified_gmt":"2023-07-12T12:41:08","slug":"unicef-e-imcruz-entregan-auto-0km-a-ganadora-de-la-teleton-tiempo-de-actuar-2023","status":"publish","type":"post","link":"https:\/\/www.eldiario.net\/portal\/2023\/07\/12\/unicef-e-imcruz-entregan-auto-0km-a-ganadora-de-la-teleton-tiempo-de-actuar-2023\/","title":{"rendered":"Unicef e Imcruz entregan auto 0km a ganadora de la teleton \u201cTiempo de actuar 2023\u201d"},"content":{"rendered":"<p>Imcruz y Unicef entregaron un autom\u00f3vil Suzuki Celerio GLX 0km a Nicole La Ruta Rosas, ganadora del sorteo realizado en la telet\u00f3n de la campa\u00f1a \u201cTiempo de Actuar 2023\u201d de Unicef.<br \/>\nNicole La Ruta gan\u00f3 el autom\u00f3vil entre miles de donantes que mes a mes contribuyen a la causa de Unicef para que cada vez m\u00e1s ni\u00f1as, ni\u00f1os y adolescentes de Bolivia tengan salud, protecci\u00f3n, educaci\u00f3n y puedan llegar a desa-rrollar su m\u00e1ximo potencial, convirti\u00e9ndose en h\u00e9roes o hero\u00ednas de la ni\u00f1ez.<br \/>\nLa telet\u00f3n de la campa\u00f1a \u201cTiempo de actuar\u201d, en su cuarta versi\u00f3n, se llev\u00f3 a cabo el domingo 4 de junio en la ciudad de Santa Cruz de la Sierra, y fue transmitida en vivo por la Red Uno de Bolivia, con el patrocinio de Imcruz, que por tercer a\u00f1o consecutivo se sum\u00f3 a los aliados de Unicef, reafirmando su compromiso y solidaridad con la ni\u00f1ez boliviana.<br \/>\nEl sorteo ten\u00eda como objetivo incentivar a que cada vez m\u00e1s personas se sumen a esta campa\u00f1a para que los programas de Unicef, enfocados en las principales necesidades de educaci\u00f3n, protecci\u00f3n, salud e inclusi\u00f3n social, puedan llegar a impactar y mejorar la vida de miles de ni\u00f1as, ni\u00f1os y adolescentes del pa\u00eds.<br \/>\nEl gerente Regional de Imcruz, Diego Paredes, muy complacido habl\u00f3 de la actividad altruista. \u201cQueremos expresar nuestro agradecimiento a Unicef por permitirnos formar parte de esta hermosa campa\u00f1a en favor de los menores de Bolivia. Este compromiso nace de nuestra convicci\u00f3n m\u00e1s profunda: Las ni\u00f1as y los ni\u00f1os no son solo nuestro futuro, son nuestro presente\u201d, dijo el ejecutivo.<\/p>\n<div id='gallery-1' class='gallery galleryid-165063 gallery-columns-3 gallery-size-medium'><figure class='gallery-item'>\n\t\t\t<div class='gallery-icon landscape'>\n\t\t\t\t<a href='https:\/\/www.eldiario.net\/portal\/2023\/07\/12\/unicef-e-imcruz-entregan-auto-0km-a-ganadora-de-la-teleton-tiempo-de-actuar-2023\/dsc_9237\/'><img loading=\"lazy\" decoding=\"async\" width=\"300\" height=\"200\" src=\"https:\/\/www.eldiario.net\/portal\/wp-content\/uploads\/2023\/07\/DSC_9237-300x200.jpg\" class=\"attachment-medium size-medium\" alt=\"\" aria-describedby=\"gallery-1-165065\" srcset=\"https:\/\/www.eldiario.net\/portal\/wp-content\/uploads\/2023\/07\/DSC_9237-300x200.jpg 300w, https:\/\/www.eldiario.net\/portal\/wp-content\/uploads\/2023\/07\/DSC_9237-768x512.jpg 768w, https:\/\/www.eldiario.net\/portal\/wp-content\/uploads\/2023\/07\/DSC_9237-696x464.jpg 696w, https:\/\/www.eldiario.net\/portal\/wp-content\/uploads\/2023\/07\/DSC_9237.jpg 1000w\" sizes=\"auto, (max-width: 300px) 100vw, 300px\" \/><\/a>\n\t\t\t<\/div>\n\t\t\t\t<figcaption class='wp-caption-text gallery-caption' id='gallery-1-165065'>\n\t\t\t\tJAVIER CASTRO,  GTE. DE OPERACIONES DE UNICEF; NICOLE LA RUTA Y DIEGO PAREDES. \n\t\t\t\t<\/figcaption><\/figure><figure class='gallery-item'>\n\t\t\t<div class='gallery-icon landscape'>\n\t\t\t\t<a href='https:\/\/www.eldiario.net\/portal\/2023\/07\/12\/unicef-e-imcruz-entregan-auto-0km-a-ganadora-de-la-teleton-tiempo-de-actuar-2023\/dsc_9257\/'><img loading=\"lazy\" decoding=\"async\" width=\"300\" height=\"200\" src=\"https:\/\/www.eldiario.net\/portal\/wp-content\/uploads\/2023\/07\/DSC_9257-300x200.jpg\" class=\"attachment-medium size-medium\" alt=\"\" aria-describedby=\"gallery-1-165066\" srcset=\"https:\/\/www.eldiario.net\/portal\/wp-content\/uploads\/2023\/07\/DSC_9257-300x200.jpg 300w, https:\/\/www.eldiario.net\/portal\/wp-content\/uploads\/2023\/07\/DSC_9257-768x512.jpg 768w, https:\/\/www.eldiario.net\/portal\/wp-content\/uploads\/2023\/07\/DSC_9257-696x464.jpg 696w, https:\/\/www.eldiario.net\/portal\/wp-content\/uploads\/2023\/07\/DSC_9257.jpg 1000w\" sizes=\"auto, (max-width: 300px) 100vw, 300px\" \/><\/a>\n\t\t\t<\/div>\n\t\t\t\t<figcaption class='wp-caption-text gallery-caption' id='gallery-1-165066'>\n\t\t\t\t  EL GERENTE REGIONAL DE IMCRUZ, DIEGO PAREDES, ENTREGA LA LLAVE DEL AUTOM\u00d3VIL A LA FELIZ GANADORA.\n\t\t\t\t<\/figcaption><\/figure><figure class='gallery-item'>\n\t\t\t<div class='gallery-icon landscape'>\n\t\t\t\t<a href='https:\/\/www.eldiario.net\/portal\/2023\/07\/12\/unicef-e-imcruz-entregan-auto-0km-a-ganadora-de-la-teleton-tiempo-de-actuar-2023\/dsc_9285\/'><img loading=\"lazy\" decoding=\"async\" width=\"300\" height=\"200\" src=\"https:\/\/www.eldiario.net\/portal\/wp-content\/uploads\/2023\/07\/DSC_9285-300x200.jpg\" class=\"attachment-medium size-medium\" alt=\"\" srcset=\"https:\/\/www.eldiario.net\/portal\/wp-content\/uploads\/2023\/07\/DSC_9285-300x200.jpg 300w, https:\/\/www.eldiario.net\/portal\/wp-content\/uploads\/2023\/07\/DSC_9285-768x512.jpg 768w, https:\/\/www.eldiario.net\/portal\/wp-content\/uploads\/2023\/07\/DSC_9285-696x464.jpg 696w, https:\/\/www.eldiario.net\/portal\/wp-content\/uploads\/2023\/07\/DSC_9285.jpg 1000w\" sizes=\"auto, (max-width: 300px) 100vw, 300px\" \/><\/a>\n\t\t\t<\/div><\/figure><figure class='gallery-item'>\n\t\t\t<div class='gallery-icon landscape'>\n\t\t\t\t<a href='https:\/\/www.eldiario.net\/portal\/2023\/07\/12\/unicef-e-imcruz-entregan-auto-0km-a-ganadora-de-la-teleton-tiempo-de-actuar-2023\/dsc_9294\/'><img loading=\"lazy\" decoding=\"async\" width=\"300\" height=\"200\" src=\"https:\/\/www.eldiario.net\/portal\/wp-content\/uploads\/2023\/07\/DSC_9294-300x200.jpg\" class=\"attachment-medium size-medium\" alt=\"\" aria-describedby=\"gallery-1-165068\" srcset=\"https:\/\/www.eldiario.net\/portal\/wp-content\/uploads\/2023\/07\/DSC_9294-300x200.jpg 300w, https:\/\/www.eldiario.net\/portal\/wp-content\/uploads\/2023\/07\/DSC_9294-768x512.jpg 768w, https:\/\/www.eldiario.net\/portal\/wp-content\/uploads\/2023\/07\/DSC_9294-696x464.jpg 696w, https:\/\/www.eldiario.net\/portal\/wp-content\/uploads\/2023\/07\/DSC_9294.jpg 1000w\" sizes=\"auto, (max-width: 300px) 100vw, 300px\" \/><\/a>\n\t\t\t<\/div>\n\t\t\t\t<figcaption class='wp-caption-text gallery-caption' id='gallery-1-165068'>\n\t\t\t\tDAYANA DUR\u00c1N, CLAUDIA VILLEGAS Y YELI MARISCAL.\n\t\t\t\t<\/figcaption><\/figure>\n\t\t<\/div>\n\n","protected":false},"excerpt":{"rendered":"<p>Imcruz y Unicef entregaron un autom\u00f3vil Suzuki Celerio GLX 0km a Nicole La Ruta Rosas, ganadora del sorteo realizado en la telet\u00f3n de la campa\u00f1a \u201cTiempo de Actuar 2023\u201d de Unicef. Nicole La Ruta gan\u00f3 el autom\u00f3vil entre miles de donantes que mes a mes contribuyen a la causa de Unicef para que cada vez [&hellip;]<\/p>\n","protected":false},"author":1,"featured_media":165065,"comment_status":"closed","ping_status":"open","sticky":false,"template":"","format":"standard","meta":{"_acf_changed":false,"footnotes":""},"categories":[40],"tags":[],"class_list":["post-165063","post","type-post","status-publish","format-standard","has-post-thumbnail","category-sociales"],"acf":{"antetitulo":""},"yoast_head":"<!-- This site is optimized with the Yoast SEO plugin v28.4 - https:\/\/yoast.com\/product\/yoast-seo-wordpress\/ -->\n<title>Unicef e Imcruz entregan auto 0km a ganadora de la teleton \u201cTiempo de actuar 2023\u201d - El Diario - Bolivia<\/title>\n<meta name=\"robots\" content=\"index, follow, max-snippet:-1, max-image-preview:large, max-video-preview:-1\" \/>\n<link rel=\"canonical\" href=\"https:\/\/www.eldiario.net\/portal\/2023\/07\/12\/unicef-e-imcruz-entregan-auto-0km-a-ganadora-de-la-teleton-tiempo-de-actuar-2023\/\" \/>\n<meta property=\"og:locale\" content=\"es_ES\" \/>\n<meta property=\"og:type\" content=\"article\" \/>\n<meta property=\"og:title\" content=\"Unicef e Imcruz entregan auto 0km a ganadora de la teleton \u201cTiempo de actuar 2023\u201d - El Diario - Bolivia\" \/>\n<meta property=\"og:description\" content=\"Imcruz y Unicef entregaron un autom\u00f3vil Suzuki Celerio GLX 0km a Nicole La Ruta Rosas, ganadora del sorteo realizado en la telet\u00f3n de la campa\u00f1a \u201cTiempo de Actuar 2023\u201d de Unicef. Nicole La Ruta gan\u00f3 el autom\u00f3vil entre miles de donantes que mes a mes contribuyen a la causa de Unicef para que cada vez [&hellip;]\" \/>\n<meta property=\"og:url\" content=\"https:\/\/www.eldiario.net\/portal\/2023\/07\/12\/unicef-e-imcruz-entregan-auto-0km-a-ganadora-de-la-teleton-tiempo-de-actuar-2023\/\" \/>\n<meta property=\"og:site_name\" content=\"El Diario - Bolivia\" \/>\n<meta property=\"article:publisher\" content=\"https:\/\/www.facebook.com\/eldiario.bolivia\/\" \/>\n<meta property=\"article:published_time\" content=\"2023-07-12T12:41:08+00:00\" \/>\n<meta property=\"og:image\" content=\"https:\/\/www.eldiario.net\/portal\/wp-content\/uploads\/2023\/07\/DSC_9237.jpg\" \/>\n\t<meta property=\"og:image:width\" content=\"1000\" \/>\n\t<meta property=\"og:image:height\" content=\"667\" \/>\n\t<meta property=\"og:image:type\" content=\"image\/jpeg\" \/>\n<meta name=\"author\" content=\"Jeanette\" \/>\n<meta name=\"twitter:card\" content=\"summary_large_image\" \/>\n<meta name=\"twitter:creator\" content=\"@eldiario_net\" \/>\n<meta name=\"twitter:site\" content=\"@eldiario_net\" \/>\n<meta name=\"twitter:label1\" content=\"Escrito por\" \/>\n\t<meta name=\"twitter:data1\" content=\"Jeanette\" \/>\n\t<meta name=\"twitter:label2\" content=\"Tiempo de lectura\" \/>\n\t<meta name=\"twitter:data2\" content=\"2 minutos\" \/>\n<script type=\"application\/ld+json\" class=\"yoast-schema-graph\">{\"@context\":\"https:\\\/\\\/schema.org\",\"@graph\":[{\"@type\":\"Article\",\"@id\":\"https:\\\/\\\/www.eldiario.net\\\/portal\\\/2023\\\/07\\\/12\\\/unicef-e-imcruz-entregan-auto-0km-a-ganadora-de-la-teleton-tiempo-de-actuar-2023\\\/#article\",\"isPartOf\":{\"@id\":\"https:\\\/\\\/www.eldiario.net\\\/portal\\\/2023\\\/07\\\/12\\\/unicef-e-imcruz-entregan-auto-0km-a-ganadora-de-la-teleton-tiempo-de-actuar-2023\\\/\"},\"author\":{\"name\":\"Jeanette\",\"@id\":\"https:\\\/\\\/www.eldiario.net\\\/portal\\\/#\\\/schema\\\/person\\\/2c57cf2b7a7ae032e449e4c9b1019eac\"},\"headline\":\"Unicef e Imcruz entregan auto 0km a ganadora de la teleton \u201cTiempo de actuar 2023\u201d\",\"datePublished\":\"2023-07-12T12:41:08+00:00\",\"mainEntityOfPage\":{\"@id\":\"https:\\\/\\\/www.eldiario.net\\\/portal\\\/2023\\\/07\\\/12\\\/unicef-e-imcruz-entregan-auto-0km-a-ganadora-de-la-teleton-tiempo-de-actuar-2023\\\/\"},\"wordCount\":309,\"publisher\":{\"@id\":\"https:\\\/\\\/www.eldiario.net\\\/portal\\\/#organization\"},\"image\":{\"@id\":\"https:\\\/\\\/www.eldiario.net\\\/portal\\\/2023\\\/07\\\/12\\\/unicef-e-imcruz-entregan-auto-0km-a-ganadora-de-la-teleton-tiempo-de-actuar-2023\\\/#primaryimage\"},\"thumbnailUrl\":\"https:\\\/\\\/www.eldiario.net\\\/portal\\\/wp-content\\\/uploads\\\/2023\\\/07\\\/DSC_9237.jpg\",\"articleSection\":[\"Sociales\"],\"inLanguage\":\"es\"},{\"@type\":\"WebPage\",\"@id\":\"https:\\\/\\\/www.eldiario.net\\\/portal\\\/2023\\\/07\\\/12\\\/unicef-e-imcruz-entregan-auto-0km-a-ganadora-de-la-teleton-tiempo-de-actuar-2023\\\/\",\"url\":\"https:\\\/\\\/www.eldiario.net\\\/portal\\\/2023\\\/07\\\/12\\\/unicef-e-imcruz-entregan-auto-0km-a-ganadora-de-la-teleton-tiempo-de-actuar-2023\\\/\",\"name\":\"Unicef e Imcruz entregan auto 0km a ganadora de la teleton \u201cTiempo de actuar 2023\u201d - El Diario - Bolivia\",\"isPartOf\":{\"@id\":\"https:\\\/\\\/www.eldiario.net\\\/portal\\\/#website\"},\"primaryImageOfPage\":{\"@id\":\"https:\\\/\\\/www.eldiario.net\\\/portal\\\/2023\\\/07\\\/12\\\/unicef-e-imcruz-entregan-auto-0km-a-ganadora-de-la-teleton-tiempo-de-actuar-2023\\\/#primaryimage\"},\"image\":{\"@id\":\"https:\\\/\\\/www.eldiario.net\\\/portal\\\/2023\\\/07\\\/12\\\/unicef-e-imcruz-entregan-auto-0km-a-ganadora-de-la-teleton-tiempo-de-actuar-2023\\\/#primaryimage\"},\"thumbnailUrl\":\"https:\\\/\\\/www.eldiario.net\\\/portal\\\/wp-content\\\/uploads\\\/2023\\\/07\\\/DSC_9237.jpg\",\"datePublished\":\"2023-07-12T12:41:08+00:00\",\"breadcrumb\":{\"@id\":\"https:\\\/\\\/www.eldiario.net\\\/portal\\\/2023\\\/07\\\/12\\\/unicef-e-imcruz-entregan-auto-0km-a-ganadora-de-la-teleton-tiempo-de-actuar-2023\\\/#breadcrumb\"},\"inLanguage\":\"es\",\"potentialAction\":[{\"@type\":\"ReadAction\",\"target\":[\"https:\\\/\\\/www.eldiario.net\\\/portal\\\/2023\\\/07\\\/12\\\/unicef-e-imcruz-entregan-auto-0km-a-ganadora-de-la-teleton-tiempo-de-actuar-2023\\\/\"]}]},{\"@type\":\"ImageObject\",\"inLanguage\":\"es\",\"@id\":\"https:\\\/\\\/www.eldiario.net\\\/portal\\\/2023\\\/07\\\/12\\\/unicef-e-imcruz-entregan-auto-0km-a-ganadora-de-la-teleton-tiempo-de-actuar-2023\\\/#primaryimage\",\"url\":\"https:\\\/\\\/www.eldiario.net\\\/portal\\\/wp-content\\\/uploads\\\/2023\\\/07\\\/DSC_9237.jpg\",\"contentUrl\":\"https:\\\/\\\/www.eldiario.net\\\/portal\\\/wp-content\\\/uploads\\\/2023\\\/07\\\/DSC_9237.jpg\",\"width\":1000,\"height\":667,\"caption\":\"JAVIER CASTRO, GTE. DE OPERACIONES DE UNICEF; NICOLE LA RUTA Y DIEGO PAREDES.\"},{\"@type\":\"BreadcrumbList\",\"@id\":\"https:\\\/\\\/www.eldiario.net\\\/portal\\\/2023\\\/07\\\/12\\\/unicef-e-imcruz-entregan-auto-0km-a-ganadora-de-la-teleton-tiempo-de-actuar-2023\\\/#breadcrumb\",\"itemListElement\":[{\"@type\":\"ListItem\",\"position\":1,\"name\":\"Portada\",\"item\":\"https:\\\/\\\/www.eldiario.net\\\/portal\\\/\"},{\"@type\":\"ListItem\",\"position\":2,\"name\":\"Unicef e Imcruz entregan auto 0km a ganadora de la teleton \u201cTiempo de actuar 2023\u201d\"}]},{\"@type\":\"WebSite\",\"@id\":\"https:\\\/\\\/www.eldiario.net\\\/portal\\\/#website\",\"url\":\"https:\\\/\\\/www.eldiario.net\\\/portal\\\/\",\"name\":\"El Diario - Decano de la prensa nacional\",\"description\":\"El Diario - Decano de la prensa nacional\",\"publisher\":{\"@id\":\"https:\\\/\\\/www.eldiario.net\\\/portal\\\/#organization\"},\"potentialAction\":[{\"@type\":\"SearchAction\",\"target\":{\"@type\":\"EntryPoint\",\"urlTemplate\":\"https:\\\/\\\/www.eldiario.net\\\/portal\\\/?s={search_term_string}\"},\"query-input\":{\"@type\":\"PropertyValueSpecification\",\"valueRequired\":true,\"valueName\":\"search_term_string\"}}],\"inLanguage\":\"es\"},{\"@type\":\"Organization\",\"@id\":\"https:\\\/\\\/www.eldiario.net\\\/portal\\\/#organization\",\"name\":\"El Diario - Decano de la prensa nacional\",\"url\":\"https:\\\/\\\/www.eldiario.net\\\/portal\\\/\",\"logo\":{\"@type\":\"ImageObject\",\"inLanguage\":\"es\",\"@id\":\"https:\\\/\\\/www.eldiario.net\\\/portal\\\/#\\\/schema\\\/logo\\\/image\\\/\",\"url\":\"https:\\\/\\\/www.eldiario.net\\\/portal\\\/wp-content\\\/uploads\\\/2023\\\/07\\\/logo_ED.jpg\",\"contentUrl\":\"https:\\\/\\\/www.eldiario.net\\\/portal\\\/wp-content\\\/uploads\\\/2023\\\/07\\\/logo_ED.jpg\",\"width\":272,\"height\":52,\"caption\":\"El Diario - Decano de la prensa nacional\"},\"image\":{\"@id\":\"https:\\\/\\\/www.eldiario.net\\\/portal\\\/#\\\/schema\\\/logo\\\/image\\\/\"},\"sameAs\":[\"https:\\\/\\\/www.facebook.com\\\/eldiario.bolivia\\\/\",\"https:\\\/\\\/x.com\\\/eldiario_net\"]},{\"@type\":\"Person\",\"@id\":\"https:\\\/\\\/www.eldiario.net\\\/portal\\\/#\\\/schema\\\/person\\\/2c57cf2b7a7ae032e449e4c9b1019eac\",\"name\":\"Jeanette\",\"image\":{\"@type\":\"ImageObject\",\"inLanguage\":\"es\",\"@id\":\"https:\\\/\\\/secure.gravatar.com\\\/avatar\\\/3ea2118a5f7dad2b7138b1187a6b7ee55f160b9968b66013c3a3ef39dd7e5798?s=96&d=mm&r=g\",\"url\":\"https:\\\/\\\/secure.gravatar.com\\\/avatar\\\/3ea2118a5f7dad2b7138b1187a6b7ee55f160b9968b66013c3a3ef39dd7e5798?s=96&d=mm&r=g\",\"contentUrl\":\"https:\\\/\\\/secure.gravatar.com\\\/avatar\\\/3ea2118a5f7dad2b7138b1187a6b7ee55f160b9968b66013c3a3ef39dd7e5798?s=96&d=mm&r=g\",\"caption\":\"Jeanette\"},\"sameAs\":[\"https:\\\/\\\/www.eldiario.net\\\/portal\"],\"url\":\"https:\\\/\\\/www.eldiario.net\\\/portal\\\/author\\\/jeanette\\\/\"}]}<\/script>\n<!-- \/ Yoast SEO plugin. -->","yoast_head_json":{"title":"Unicef e Imcruz entregan auto 0km a ganadora de la teleton \u201cTiempo de actuar 2023\u201d - El Diario - Bolivia","robots":{"index":"index","follow":"follow","max-snippet":"max-snippet:-1","max-image-preview":"max-image-preview:large","max-video-preview":"max-video-preview:-1"},"canonical":"https:\/\/www.eldiario.net\/portal\/2023\/07\/12\/unicef-e-imcruz-entregan-auto-0km-a-ganadora-de-la-teleton-tiempo-de-actuar-2023\/","og_locale":"es_ES","og_type":"article","og_title":"Unicef e Imcruz entregan auto 0km a ganadora de la teleton \u201cTiempo de actuar 2023\u201d - El Diario - Bolivia","og_description":"Imcruz y Unicef entregaron un autom\u00f3vil Suzuki Celerio GLX 0km a Nicole La Ruta Rosas, ganadora del sorteo realizado en la telet\u00f3n de la campa\u00f1a \u201cTiempo de Actuar 2023\u201d de Unicef. Nicole La Ruta gan\u00f3 el autom\u00f3vil entre miles de donantes que mes a mes contribuyen a la causa de Unicef para que cada vez [&hellip;]","og_url":"https:\/\/www.eldiario.net\/portal\/2023\/07\/12\/unicef-e-imcruz-entregan-auto-0km-a-ganadora-de-la-teleton-tiempo-de-actuar-2023\/","og_site_name":"El Diario - Bolivia","article_publisher":"https:\/\/www.facebook.com\/eldiario.bolivia\/","article_published_time":"2023-07-12T12:41:08+00:00","og_image":[{"width":1000,"height":667,"url":"https:\/\/www.eldiario.net\/portal\/wp-content\/uploads\/2023\/07\/DSC_9237.jpg","type":"image\/jpeg"}],"author":"Jeanette","twitter_card":"summary_large_image","twitter_creator":"@eldiario_net","twitter_site":"@eldiario_net","twitter_misc":{"Escrito por":"Jeanette","Tiempo de lectura":"2 minutos"},"schema":{"@context":"https:\/\/schema.org","@graph":[{"@type":"Article","@id":"https:\/\/www.eldiario.net\/portal\/2023\/07\/12\/unicef-e-imcruz-entregan-auto-0km-a-ganadora-de-la-teleton-tiempo-de-actuar-2023\/#article","isPartOf":{"@id":"https:\/\/www.eldiario.net\/portal\/2023\/07\/12\/unicef-e-imcruz-entregan-auto-0km-a-ganadora-de-la-teleton-tiempo-de-actuar-2023\/"},"author":{"name":"Jeanette","@id":"https:\/\/www.eldiario.net\/portal\/#\/schema\/person\/2c57cf2b7a7ae032e449e4c9b1019eac"},"headline":"Unicef e Imcruz entregan auto 0km a ganadora de la teleton \u201cTiempo de actuar 2023\u201d","datePublished":"2023-07-12T12:41:08+00:00","mainEntityOfPage":{"@id":"https:\/\/www.eldiario.net\/portal\/2023\/07\/12\/unicef-e-imcruz-entregan-auto-0km-a-ganadora-de-la-teleton-tiempo-de-actuar-2023\/"},"wordCount":309,"publisher":{"@id":"https:\/\/www.eldiario.net\/portal\/#organization"},"image":{"@id":"https:\/\/www.eldiario.net\/portal\/2023\/07\/12\/unicef-e-imcruz-entregan-auto-0km-a-ganadora-de-la-teleton-tiempo-de-actuar-2023\/#primaryimage"},"thumbnailUrl":"https:\/\/www.eldiario.net\/portal\/wp-content\/uploads\/2023\/07\/DSC_9237.jpg","articleSection":["Sociales"],"inLanguage":"es"},{"@type":"WebPage","@id":"https:\/\/www.eldiario.net\/portal\/2023\/07\/12\/unicef-e-imcruz-entregan-auto-0km-a-ganadora-de-la-teleton-tiempo-de-actuar-2023\/","url":"https:\/\/www.eldiario.net\/portal\/2023\/07\/12\/unicef-e-imcruz-entregan-auto-0km-a-ganadora-de-la-teleton-tiempo-de-actuar-2023\/","name":"Unicef e Imcruz entregan auto 0km a ganadora de la teleton \u201cTiempo de actuar 2023\u201d - El Diario - Bolivia","isPartOf":{"@id":"https:\/\/www.eldiario.net\/portal\/#website"},"primaryImageOfPage":{"@id":"https:\/\/www.eldiario.net\/portal\/2023\/07\/12\/unicef-e-imcruz-entregan-auto-0km-a-ganadora-de-la-teleton-tiempo-de-actuar-2023\/#primaryimage"},"image":{"@id":"https:\/\/www.eldiario.net\/portal\/2023\/07\/12\/unicef-e-imcruz-entregan-auto-0km-a-ganadora-de-la-teleton-tiempo-de-actuar-2023\/#primaryimage"},"thumbnailUrl":"https:\/\/www.eldiario.net\/portal\/wp-content\/uploads\/2023\/07\/DSC_9237.jpg","datePublished":"2023-07-12T12:41:08+00:00","breadcrumb":{"@id":"https:\/\/www.eldiario.net\/portal\/2023\/07\/12\/unicef-e-imcruz-entregan-auto-0km-a-ganadora-de-la-teleton-tiempo-de-actuar-2023\/#breadcrumb"},"inLanguage":"es","potentialAction":[{"@type":"ReadAction","target":["https:\/\/www.eldiario.net\/portal\/2023\/07\/12\/unicef-e-imcruz-entregan-auto-0km-a-ganadora-de-la-teleton-tiempo-de-actuar-2023\/"]}]},{"@type":"ImageObject","inLanguage":"es","@id":"https:\/\/www.eldiario.net\/portal\/2023\/07\/12\/unicef-e-imcruz-entregan-auto-0km-a-ganadora-de-la-teleton-tiempo-de-actuar-2023\/#primaryimage","url":"https:\/\/www.eldiario.net\/portal\/wp-content\/uploads\/2023\/07\/DSC_9237.jpg","contentUrl":"https:\/\/www.eldiario.net\/portal\/wp-content\/uploads\/2023\/07\/DSC_9237.jpg","width":1000,"height":667,"caption":"JAVIER CASTRO, GTE. DE OPERACIONES DE UNICEF; NICOLE LA RUTA Y DIEGO PAREDES."},{"@type":"BreadcrumbList","@id":"https:\/\/www.eldiario.net\/portal\/2023\/07\/12\/unicef-e-imcruz-entregan-auto-0km-a-ganadora-de-la-teleton-tiempo-de-actuar-2023\/#breadcrumb","itemListElement":[{"@type":"ListItem","position":1,"name":"Portada","item":"https:\/\/www.eldiario.net\/portal\/"},{"@type":"ListItem","position":2,"name":"Unicef e Imcruz entregan auto 0km a ganadora de la teleton \u201cTiempo de actuar 2023\u201d"}]},{"@type":"WebSite","@id":"https:\/\/www.eldiario.net\/portal\/#website","url":"https:\/\/www.eldiario.net\/portal\/","name":"El Diario - Decano de la prensa nacional","description":"El Diario - Decano de la prensa nacional","publisher":{"@id":"https:\/\/www.eldiario.net\/portal\/#organization"},"potentialAction":[{"@type":"SearchAction","target":{"@type":"EntryPoint","urlTemplate":"https:\/\/www.eldiario.net\/portal\/?s={search_term_string}"},"query-input":{"@type":"PropertyValueSpecification","valueRequired":true,"valueName":"search_term_string"}}],"inLanguage":"es"},{"@type":"Organization","@id":"https:\/\/www.eldiario.net\/portal\/#organization","name":"El Diario - Decano de la prensa nacional","url":"https:\/\/www.eldiario.net\/portal\/","logo":{"@type":"ImageObject","inLanguage":"es","@id":"https:\/\/www.eldiario.net\/portal\/#\/schema\/logo\/image\/","url":"https:\/\/www.eldiario.net\/portal\/wp-content\/uploads\/2023\/07\/logo_ED.jpg","contentUrl":"https:\/\/www.eldiario.net\/portal\/wp-content\/uploads\/2023\/07\/logo_ED.jpg","width":272,"height":52,"caption":"El Diario - Decano de la prensa nacional"},"image":{"@id":"https:\/\/www.eldiario.net\/portal\/#\/schema\/logo\/image\/"},"sameAs":["https:\/\/www.facebook.com\/eldiario.bolivia\/","https:\/\/x.com\/eldiario_net"]},{"@type":"Person","@id":"https:\/\/www.eldiario.net\/portal\/#\/schema\/person\/2c57cf2b7a7ae032e449e4c9b1019eac","name":"Jeanette","image":{"@type":"ImageObject","inLanguage":"es","@id":"https:\/\/secure.gravatar.com\/avatar\/3ea2118a5f7dad2b7138b1187a6b7ee55f160b9968b66013c3a3ef39dd7e5798?s=96&d=mm&r=g","url":"https:\/\/secure.gravatar.com\/avatar\/3ea2118a5f7dad2b7138b1187a6b7ee55f160b9968b66013c3a3ef39dd7e5798?s=96&d=mm&r=g","contentUrl":"https:\/\/secure.gravatar.com\/avatar\/3ea2118a5f7dad2b7138b1187a6b7ee55f160b9968b66013c3a3ef39dd7e5798?s=96&d=mm&r=g","caption":"Jeanette"},"sameAs":["https:\/\/www.eldiario.net\/portal"],"url":"https:\/\/www.eldiario.net\/portal\/author\/jeanette\/"}]}},"_links":{"self":[{"href":"https:\/\/www.eldiario.net\/portal\/wp-json\/wp\/v2\/posts\/165063","targetHints":{"allow":["GET"]}}],"collection":[{"href":"https:\/\/www.eldiario.net\/portal\/wp-json\/wp\/v2\/posts"}],"about":[{"href":"https:\/\/www.eldiario.net\/portal\/wp-json\/wp\/v2\/types\/post"}],"author":[{"embeddable":true,"href":"https:\/\/www.eldiario.net\/portal\/wp-json\/wp\/v2\/users\/1"}],"replies":[{"embeddable":true,"href":"https:\/\/www.eldiario.net\/portal\/wp-json\/wp\/v2\/comments?post=165063"}],"version-history":[{"count":0,"href":"https:\/\/www.eldiario.net\/portal\/wp-json\/wp\/v2\/posts\/165063\/revisions"}],"wp:featuredmedia":[{"embeddable":true,"href":"https:\/\/www.eldiario.net\/portal\/wp-json\/wp\/v2\/media\/165065"}],"wp:attachment":[{"href":"https:\/\/www.eldiario.net\/portal\/wp-json\/wp\/v2\/media?parent=165063"}],"wp:term":[{"taxonomy":"category","embeddable":true,"href":"https:\/\/www.eldiario.net\/portal\/wp-json\/wp\/v2\/categories?post=165063"},{"taxonomy":"post_tag","embeddable":true,"href":"https:\/\/www.eldiario.net\/portal\/wp-json\/wp\/v2\/tags?post=165063"}],"curies":[{"name":"wp","href":"https:\/\/api.w.org\/{rel}","templated":true}]}}