{"id":165003,"date":"2023-07-12T08:08:49","date_gmt":"2023-07-12T12:08:49","guid":{"rendered":"https:\/\/www.eldiario.net\/portal\/?p=165003"},"modified":"2023-07-12T08:08:49","modified_gmt":"2023-07-12T12:08:49","slug":"hecho-similar-no-existe","status":"publish","type":"post","link":"https:\/\/www.eldiario.net\/portal\/2023\/07\/12\/hecho-similar-no-existe\/","title":{"rendered":"Hecho similar no existe"},"content":{"rendered":"<p>Bolivia est\u00e1 a punto de celebrar el bicentenario de su fundaci\u00f3n. Qu\u00e9 mejor ocasi\u00f3n para resaltar ciertos cambios que sacudieron la estructura socio-econ\u00f3mica y pol\u00edtico-cultural del pa\u00eds, en el curso del proceso republicano.<br \/>\nEs dif\u00edcil, pero no imposible, que surjan, a estas alturas de la historia, ciudadanos de la talla de quienes protagonizaron la revoluci\u00f3n nacional, considerada trascendental, luego de los acontecimientos de 1825. Hombres y mujeres, imbuidos de un profundo sentimiento de bolivianidad, contribuyeron con su esfuerzo al cambio que tanto se anhelaba, para edificar una Nueva Bolivia. Con mentalidad de servicio a los sectores despose\u00eddos y a los supremos intereses de la Patria. Con una visi\u00f3n constructiva, hacia un futuro mejor. Al margen de intereses particulares, muy apegados a los intereses colectivos. De esa manera pasaron a la historia aquellos que fueron parte de la pl\u00e9yade de nacionalistas.<br \/>\nEllos s\u00ed hicieron transformaciones irreversibles, registradas en la memoria hist\u00f3rica, como las conquistas relevantes del Siglo XX. Escucharon la inquietud popular y dieron prioridad a los intereses nacionales. Otro hecho similar no existe, ni existir\u00e1 en el proceso bicentenario de Bolivia.<br \/>\n\u201cLa Revoluci\u00f3n Boliviana, debi\u00f3 tomar en cuenta todos estos factores. As\u00ed transform\u00f3 la estructura feudal del agro, nacionaliz\u00f3 las grandes empresas mineras y posibilit\u00f3 el desarrollo industrial mediante c\u00f3digos permisibles al libre juego de las fuerzas econ\u00f3micas, cuidando de no interferir el avance del movimiento de liberaci\u00f3n y la consolidaci\u00f3n de sus conquistas\u201d, sostuvo un pensador comprometido, en su momento, con esa corriente (1).<br \/>\n\u201cLa Revoluci\u00f3n del 52 marca el inicio de una nueva etapa econ\u00f3mica en el pa\u00eds, a la que llamamos Estatismo Nacionalista; nacionaliz\u00f3 las minas, distribuy\u00f3 las tierras entre los campesinos y cre\u00f3 empresas del Estado. El nacionalismo revolucionario dur\u00f3 del a\u00f1o 1952 hasta 1985, estamos hablando de 33 a\u00f1os\u201d, aclar\u00f3 otro intelectual, ajeno a ese sector (2).<br \/>\nTransformaciones que ni las dictaduras se animaron a revertir, sino que buscaron profundizarlas, apelando a otros denominativos. Los logros revolucionarios, por lo visto, sirvieron de pautas para que promuevan diversos proyectos en el agro, las minas y ciudades.<br \/>\nAbundaron, por lo dem\u00e1s, los \u201cpigmeos\u201d que trataron de crecer, emulando las acciones de aquellos hombres y mujeres que se entregaron de lleno a la causa revolucionaria. All\u00ed est\u00e1n quienes apostaron a la transformaci\u00f3n, con falsas promesas e ideolog\u00edas sesgadas. Aprovecharon la ingenuidad de la gente para sus prop\u00f3sitos mezquinos. No hicieron historia, porque todo fue un fiasco. Trabajaron en funci\u00f3n solo de apetitos personales.<br \/>\nEn suma: \u201cdad al C\u00e9sar lo que es del C\u00e9sar, y a Dios lo que es de Dios\u201d. Son palabras sabias.<\/p>\n<p>NOTAS<br \/>\n(1) \u201cAbril\u201d \u2013 Revista Pol\u00edtica. Talleres de Empresa Industrial Gr\u00e1fica E. Burillo, La Paz \u2013 Bolivia, 20 de enero de 1964. P\u00e1g. 61.<br \/>\n(2) \u201cRevista de An\u00e1lisis\u201d \u2013 Reflexiones sobre la Coyuntura. La Paz, Bolivia, 2008; A\u00f1o 2 y N\u00famero 3. P\u00e1g. 6.<\/p>\n","protected":false},"excerpt":{"rendered":"<p>Bolivia est\u00e1 a punto de celebrar el bicentenario de su fundaci\u00f3n. Qu\u00e9 mejor ocasi\u00f3n para resaltar ciertos cambios que sacudieron la estructura socio-econ\u00f3mica y pol\u00edtico-cultural del pa\u00eds, en el curso del proceso republicano. Es dif\u00edcil, pero no imposible, que surjan, a estas alturas de la historia, ciudadanos de la talla de quienes protagonizaron la revoluci\u00f3n [&hellip;]<\/p>\n","protected":false},"author":1,"featured_media":158618,"comment_status":"closed","ping_status":"open","sticky":false,"template":"","format":"standard","meta":{"_acf_changed":false,"footnotes":""},"categories":[9],"tags":[],"class_list":["post-165003","post","type-post","status-publish","format-standard","has-post-thumbnail","category-opinion"],"acf":{"antetitulo":""},"yoast_head":"<!-- This site is optimized with the Yoast SEO plugin v28.4 - https:\/\/yoast.com\/product\/yoast-seo-wordpress\/ -->\n<title>Hecho similar no existe - El Diario - Bolivia<\/title>\n<meta name=\"robots\" content=\"index, follow, max-snippet:-1, max-image-preview:large, max-video-preview:-1\" \/>\n<link rel=\"canonical\" href=\"https:\/\/www.eldiario.net\/portal\/2023\/07\/12\/hecho-similar-no-existe\/\" \/>\n<meta property=\"og:locale\" content=\"es_ES\" \/>\n<meta property=\"og:type\" content=\"article\" \/>\n<meta property=\"og:title\" content=\"Hecho similar no existe - El Diario - Bolivia\" \/>\n<meta property=\"og:description\" content=\"Bolivia est\u00e1 a punto de celebrar el bicentenario de su fundaci\u00f3n. Qu\u00e9 mejor ocasi\u00f3n para resaltar ciertos cambios que sacudieron la estructura socio-econ\u00f3mica y pol\u00edtico-cultural del pa\u00eds, en el curso del proceso republicano. Es dif\u00edcil, pero no imposible, que surjan, a estas alturas de la historia, ciudadanos de la talla de quienes protagonizaron la revoluci\u00f3n [&hellip;]\" \/>\n<meta property=\"og:url\" content=\"https:\/\/www.eldiario.net\/portal\/2023\/07\/12\/hecho-similar-no-existe\/\" \/>\n<meta property=\"og:site_name\" content=\"El Diario - Bolivia\" \/>\n<meta property=\"article:publisher\" content=\"https:\/\/www.facebook.com\/eldiario.bolivia\/\" \/>\n<meta property=\"article:published_time\" content=\"2023-07-12T12:08:49+00:00\" \/>\n<meta property=\"og:image\" content=\"https:\/\/www.eldiario.net\/portal\/wp-content\/uploads\/2023\/06\/Severo-Cruz-1.jpg\" \/>\n\t<meta property=\"og:image:width\" content=\"1200\" \/>\n\t<meta property=\"og:image:height\" content=\"628\" \/>\n\t<meta property=\"og:image:type\" content=\"image\/jpeg\" \/>\n<meta name=\"author\" content=\"Jeanette\" \/>\n<meta name=\"twitter:card\" content=\"summary_large_image\" \/>\n<meta name=\"twitter:creator\" content=\"@eldiario_net\" \/>\n<meta name=\"twitter:site\" content=\"@eldiario_net\" \/>\n<meta name=\"twitter:label1\" content=\"Escrito por\" \/>\n\t<meta name=\"twitter:data1\" content=\"Jeanette\" \/>\n\t<meta name=\"twitter:label2\" content=\"Tiempo de lectura\" \/>\n\t<meta name=\"twitter:data2\" content=\"3 minutos\" \/>\n<script type=\"application\/ld+json\" class=\"yoast-schema-graph\">{\"@context\":\"https:\\\/\\\/schema.org\",\"@graph\":[{\"@type\":\"Article\",\"@id\":\"https:\\\/\\\/www.eldiario.net\\\/portal\\\/2023\\\/07\\\/12\\\/hecho-similar-no-existe\\\/#article\",\"isPartOf\":{\"@id\":\"https:\\\/\\\/www.eldiario.net\\\/portal\\\/2023\\\/07\\\/12\\\/hecho-similar-no-existe\\\/\"},\"author\":{\"name\":\"Jeanette\",\"@id\":\"https:\\\/\\\/www.eldiario.net\\\/portal\\\/#\\\/schema\\\/person\\\/2c57cf2b7a7ae032e449e4c9b1019eac\"},\"headline\":\"Hecho similar no existe\",\"datePublished\":\"2023-07-12T12:08:49+00:00\",\"mainEntityOfPage\":{\"@id\":\"https:\\\/\\\/www.eldiario.net\\\/portal\\\/2023\\\/07\\\/12\\\/hecho-similar-no-existe\\\/\"},\"wordCount\":491,\"publisher\":{\"@id\":\"https:\\\/\\\/www.eldiario.net\\\/portal\\\/#organization\"},\"image\":{\"@id\":\"https:\\\/\\\/www.eldiario.net\\\/portal\\\/2023\\\/07\\\/12\\\/hecho-similar-no-existe\\\/#primaryimage\"},\"thumbnailUrl\":\"https:\\\/\\\/www.eldiario.net\\\/portal\\\/wp-content\\\/uploads\\\/2023\\\/06\\\/Severo-Cruz-1.jpg\",\"articleSection\":[\"Opini\u00f3n\"],\"inLanguage\":\"es\"},{\"@type\":\"WebPage\",\"@id\":\"https:\\\/\\\/www.eldiario.net\\\/portal\\\/2023\\\/07\\\/12\\\/hecho-similar-no-existe\\\/\",\"url\":\"https:\\\/\\\/www.eldiario.net\\\/portal\\\/2023\\\/07\\\/12\\\/hecho-similar-no-existe\\\/\",\"name\":\"Hecho similar no existe - El Diario - Bolivia\",\"isPartOf\":{\"@id\":\"https:\\\/\\\/www.eldiario.net\\\/portal\\\/#website\"},\"primaryImageOfPage\":{\"@id\":\"https:\\\/\\\/www.eldiario.net\\\/portal\\\/2023\\\/07\\\/12\\\/hecho-similar-no-existe\\\/#primaryimage\"},\"image\":{\"@id\":\"https:\\\/\\\/www.eldiario.net\\\/portal\\\/2023\\\/07\\\/12\\\/hecho-similar-no-existe\\\/#primaryimage\"},\"thumbnailUrl\":\"https:\\\/\\\/www.eldiario.net\\\/portal\\\/wp-content\\\/uploads\\\/2023\\\/06\\\/Severo-Cruz-1.jpg\",\"datePublished\":\"2023-07-12T12:08:49+00:00\",\"breadcrumb\":{\"@id\":\"https:\\\/\\\/www.eldiario.net\\\/portal\\\/2023\\\/07\\\/12\\\/hecho-similar-no-existe\\\/#breadcrumb\"},\"inLanguage\":\"es\",\"potentialAction\":[{\"@type\":\"ReadAction\",\"target\":[\"https:\\\/\\\/www.eldiario.net\\\/portal\\\/2023\\\/07\\\/12\\\/hecho-similar-no-existe\\\/\"]}]},{\"@type\":\"ImageObject\",\"inLanguage\":\"es\",\"@id\":\"https:\\\/\\\/www.eldiario.net\\\/portal\\\/2023\\\/07\\\/12\\\/hecho-similar-no-existe\\\/#primaryimage\",\"url\":\"https:\\\/\\\/www.eldiario.net\\\/portal\\\/wp-content\\\/uploads\\\/2023\\\/06\\\/Severo-Cruz-1.jpg\",\"contentUrl\":\"https:\\\/\\\/www.eldiario.net\\\/portal\\\/wp-content\\\/uploads\\\/2023\\\/06\\\/Severo-Cruz-1.jpg\",\"width\":1200,\"height\":628,\"caption\":\"Severo Cruz Selaez\"},{\"@type\":\"BreadcrumbList\",\"@id\":\"https:\\\/\\\/www.eldiario.net\\\/portal\\\/2023\\\/07\\\/12\\\/hecho-similar-no-existe\\\/#breadcrumb\",\"itemListElement\":[{\"@type\":\"ListItem\",\"position\":1,\"name\":\"Portada\",\"item\":\"https:\\\/\\\/www.eldiario.net\\\/portal\\\/\"},{\"@type\":\"ListItem\",\"position\":2,\"name\":\"Hecho similar no existe\"}]},{\"@type\":\"WebSite\",\"@id\":\"https:\\\/\\\/www.eldiario.net\\\/portal\\\/#website\",\"url\":\"https:\\\/\\\/www.eldiario.net\\\/portal\\\/\",\"name\":\"El Diario - Decano de la prensa nacional\",\"description\":\"El Diario - Decano de la prensa nacional\",\"publisher\":{\"@id\":\"https:\\\/\\\/www.eldiario.net\\\/portal\\\/#organization\"},\"potentialAction\":[{\"@type\":\"SearchAction\",\"target\":{\"@type\":\"EntryPoint\",\"urlTemplate\":\"https:\\\/\\\/www.eldiario.net\\\/portal\\\/?s={search_term_string}\"},\"query-input\":{\"@type\":\"PropertyValueSpecification\",\"valueRequired\":true,\"valueName\":\"search_term_string\"}}],\"inLanguage\":\"es\"},{\"@type\":\"Organization\",\"@id\":\"https:\\\/\\\/www.eldiario.net\\\/portal\\\/#organization\",\"name\":\"El Diario - Decano de la prensa nacional\",\"url\":\"https:\\\/\\\/www.eldiario.net\\\/portal\\\/\",\"logo\":{\"@type\":\"ImageObject\",\"inLanguage\":\"es\",\"@id\":\"https:\\\/\\\/www.eldiario.net\\\/portal\\\/#\\\/schema\\\/logo\\\/image\\\/\",\"url\":\"https:\\\/\\\/www.eldiario.net\\\/portal\\\/wp-content\\\/uploads\\\/2023\\\/07\\\/logo_ED.jpg\",\"contentUrl\":\"https:\\\/\\\/www.eldiario.net\\\/portal\\\/wp-content\\\/uploads\\\/2023\\\/07\\\/logo_ED.jpg\",\"width\":272,\"height\":52,\"caption\":\"El Diario - Decano de la prensa nacional\"},\"image\":{\"@id\":\"https:\\\/\\\/www.eldiario.net\\\/portal\\\/#\\\/schema\\\/logo\\\/image\\\/\"},\"sameAs\":[\"https:\\\/\\\/www.facebook.com\\\/eldiario.bolivia\\\/\",\"https:\\\/\\\/x.com\\\/eldiario_net\"]},{\"@type\":\"Person\",\"@id\":\"https:\\\/\\\/www.eldiario.net\\\/portal\\\/#\\\/schema\\\/person\\\/2c57cf2b7a7ae032e449e4c9b1019eac\",\"name\":\"Jeanette\",\"image\":{\"@type\":\"ImageObject\",\"inLanguage\":\"es\",\"@id\":\"https:\\\/\\\/secure.gravatar.com\\\/avatar\\\/3ea2118a5f7dad2b7138b1187a6b7ee55f160b9968b66013c3a3ef39dd7e5798?s=96&d=mm&r=g\",\"url\":\"https:\\\/\\\/secure.gravatar.com\\\/avatar\\\/3ea2118a5f7dad2b7138b1187a6b7ee55f160b9968b66013c3a3ef39dd7e5798?s=96&d=mm&r=g\",\"contentUrl\":\"https:\\\/\\\/secure.gravatar.com\\\/avatar\\\/3ea2118a5f7dad2b7138b1187a6b7ee55f160b9968b66013c3a3ef39dd7e5798?s=96&d=mm&r=g\",\"caption\":\"Jeanette\"},\"sameAs\":[\"https:\\\/\\\/www.eldiario.net\\\/portal\"],\"url\":\"https:\\\/\\\/www.eldiario.net\\\/portal\\\/author\\\/jeanette\\\/\"}]}<\/script>\n<!-- \/ Yoast SEO plugin. -->","yoast_head_json":{"title":"Hecho similar no existe - El Diario - Bolivia","robots":{"index":"index","follow":"follow","max-snippet":"max-snippet:-1","max-image-preview":"max-image-preview:large","max-video-preview":"max-video-preview:-1"},"canonical":"https:\/\/www.eldiario.net\/portal\/2023\/07\/12\/hecho-similar-no-existe\/","og_locale":"es_ES","og_type":"article","og_title":"Hecho similar no existe - El Diario - Bolivia","og_description":"Bolivia est\u00e1 a punto de celebrar el bicentenario de su fundaci\u00f3n. Qu\u00e9 mejor ocasi\u00f3n para resaltar ciertos cambios que sacudieron la estructura socio-econ\u00f3mica y pol\u00edtico-cultural del pa\u00eds, en el curso del proceso republicano. Es dif\u00edcil, pero no imposible, que surjan, a estas alturas de la historia, ciudadanos de la talla de quienes protagonizaron la revoluci\u00f3n [&hellip;]","og_url":"https:\/\/www.eldiario.net\/portal\/2023\/07\/12\/hecho-similar-no-existe\/","og_site_name":"El Diario - Bolivia","article_publisher":"https:\/\/www.facebook.com\/eldiario.bolivia\/","article_published_time":"2023-07-12T12:08:49+00:00","og_image":[{"width":1200,"height":628,"url":"https:\/\/www.eldiario.net\/portal\/wp-content\/uploads\/2023\/06\/Severo-Cruz-1.jpg","type":"image\/jpeg"}],"author":"Jeanette","twitter_card":"summary_large_image","twitter_creator":"@eldiario_net","twitter_site":"@eldiario_net","twitter_misc":{"Escrito por":"Jeanette","Tiempo de lectura":"3 minutos"},"schema":{"@context":"https:\/\/schema.org","@graph":[{"@type":"Article","@id":"https:\/\/www.eldiario.net\/portal\/2023\/07\/12\/hecho-similar-no-existe\/#article","isPartOf":{"@id":"https:\/\/www.eldiario.net\/portal\/2023\/07\/12\/hecho-similar-no-existe\/"},"author":{"name":"Jeanette","@id":"https:\/\/www.eldiario.net\/portal\/#\/schema\/person\/2c57cf2b7a7ae032e449e4c9b1019eac"},"headline":"Hecho similar no existe","datePublished":"2023-07-12T12:08:49+00:00","mainEntityOfPage":{"@id":"https:\/\/www.eldiario.net\/portal\/2023\/07\/12\/hecho-similar-no-existe\/"},"wordCount":491,"publisher":{"@id":"https:\/\/www.eldiario.net\/portal\/#organization"},"image":{"@id":"https:\/\/www.eldiario.net\/portal\/2023\/07\/12\/hecho-similar-no-existe\/#primaryimage"},"thumbnailUrl":"https:\/\/www.eldiario.net\/portal\/wp-content\/uploads\/2023\/06\/Severo-Cruz-1.jpg","articleSection":["Opini\u00f3n"],"inLanguage":"es"},{"@type":"WebPage","@id":"https:\/\/www.eldiario.net\/portal\/2023\/07\/12\/hecho-similar-no-existe\/","url":"https:\/\/www.eldiario.net\/portal\/2023\/07\/12\/hecho-similar-no-existe\/","name":"Hecho similar no existe - El Diario - Bolivia","isPartOf":{"@id":"https:\/\/www.eldiario.net\/portal\/#website"},"primaryImageOfPage":{"@id":"https:\/\/www.eldiario.net\/portal\/2023\/07\/12\/hecho-similar-no-existe\/#primaryimage"},"image":{"@id":"https:\/\/www.eldiario.net\/portal\/2023\/07\/12\/hecho-similar-no-existe\/#primaryimage"},"thumbnailUrl":"https:\/\/www.eldiario.net\/portal\/wp-content\/uploads\/2023\/06\/Severo-Cruz-1.jpg","datePublished":"2023-07-12T12:08:49+00:00","breadcrumb":{"@id":"https:\/\/www.eldiario.net\/portal\/2023\/07\/12\/hecho-similar-no-existe\/#breadcrumb"},"inLanguage":"es","potentialAction":[{"@type":"ReadAction","target":["https:\/\/www.eldiario.net\/portal\/2023\/07\/12\/hecho-similar-no-existe\/"]}]},{"@type":"ImageObject","inLanguage":"es","@id":"https:\/\/www.eldiario.net\/portal\/2023\/07\/12\/hecho-similar-no-existe\/#primaryimage","url":"https:\/\/www.eldiario.net\/portal\/wp-content\/uploads\/2023\/06\/Severo-Cruz-1.jpg","contentUrl":"https:\/\/www.eldiario.net\/portal\/wp-content\/uploads\/2023\/06\/Severo-Cruz-1.jpg","width":1200,"height":628,"caption":"Severo Cruz Selaez"},{"@type":"BreadcrumbList","@id":"https:\/\/www.eldiario.net\/portal\/2023\/07\/12\/hecho-similar-no-existe\/#breadcrumb","itemListElement":[{"@type":"ListItem","position":1,"name":"Portada","item":"https:\/\/www.eldiario.net\/portal\/"},{"@type":"ListItem","position":2,"name":"Hecho similar no existe"}]},{"@type":"WebSite","@id":"https:\/\/www.eldiario.net\/portal\/#website","url":"https:\/\/www.eldiario.net\/portal\/","name":"El Diario - Decano de la prensa nacional","description":"El Diario - Decano de la prensa nacional","publisher":{"@id":"https:\/\/www.eldiario.net\/portal\/#organization"},"potentialAction":[{"@type":"SearchAction","target":{"@type":"EntryPoint","urlTemplate":"https:\/\/www.eldiario.net\/portal\/?s={search_term_string}"},"query-input":{"@type":"PropertyValueSpecification","valueRequired":true,"valueName":"search_term_string"}}],"inLanguage":"es"},{"@type":"Organization","@id":"https:\/\/www.eldiario.net\/portal\/#organization","name":"El Diario - Decano de la prensa nacional","url":"https:\/\/www.eldiario.net\/portal\/","logo":{"@type":"ImageObject","inLanguage":"es","@id":"https:\/\/www.eldiario.net\/portal\/#\/schema\/logo\/image\/","url":"https:\/\/www.eldiario.net\/portal\/wp-content\/uploads\/2023\/07\/logo_ED.jpg","contentUrl":"https:\/\/www.eldiario.net\/portal\/wp-content\/uploads\/2023\/07\/logo_ED.jpg","width":272,"height":52,"caption":"El Diario - Decano de la prensa nacional"},"image":{"@id":"https:\/\/www.eldiario.net\/portal\/#\/schema\/logo\/image\/"},"sameAs":["https:\/\/www.facebook.com\/eldiario.bolivia\/","https:\/\/x.com\/eldiario_net"]},{"@type":"Person","@id":"https:\/\/www.eldiario.net\/portal\/#\/schema\/person\/2c57cf2b7a7ae032e449e4c9b1019eac","name":"Jeanette","image":{"@type":"ImageObject","inLanguage":"es","@id":"https:\/\/secure.gravatar.com\/avatar\/3ea2118a5f7dad2b7138b1187a6b7ee55f160b9968b66013c3a3ef39dd7e5798?s=96&d=mm&r=g","url":"https:\/\/secure.gravatar.com\/avatar\/3ea2118a5f7dad2b7138b1187a6b7ee55f160b9968b66013c3a3ef39dd7e5798?s=96&d=mm&r=g","contentUrl":"https:\/\/secure.gravatar.com\/avatar\/3ea2118a5f7dad2b7138b1187a6b7ee55f160b9968b66013c3a3ef39dd7e5798?s=96&d=mm&r=g","caption":"Jeanette"},"sameAs":["https:\/\/www.eldiario.net\/portal"],"url":"https:\/\/www.eldiario.net\/portal\/author\/jeanette\/"}]}},"_links":{"self":[{"href":"https:\/\/www.eldiario.net\/portal\/wp-json\/wp\/v2\/posts\/165003","targetHints":{"allow":["GET"]}}],"collection":[{"href":"https:\/\/www.eldiario.net\/portal\/wp-json\/wp\/v2\/posts"}],"about":[{"href":"https:\/\/www.eldiario.net\/portal\/wp-json\/wp\/v2\/types\/post"}],"author":[{"embeddable":true,"href":"https:\/\/www.eldiario.net\/portal\/wp-json\/wp\/v2\/users\/1"}],"replies":[{"embeddable":true,"href":"https:\/\/www.eldiario.net\/portal\/wp-json\/wp\/v2\/comments?post=165003"}],"version-history":[{"count":0,"href":"https:\/\/www.eldiario.net\/portal\/wp-json\/wp\/v2\/posts\/165003\/revisions"}],"wp:featuredmedia":[{"embeddable":true,"href":"https:\/\/www.eldiario.net\/portal\/wp-json\/wp\/v2\/media\/158618"}],"wp:attachment":[{"href":"https:\/\/www.eldiario.net\/portal\/wp-json\/wp\/v2\/media?parent=165003"}],"wp:term":[{"taxonomy":"category","embeddable":true,"href":"https:\/\/www.eldiario.net\/portal\/wp-json\/wp\/v2\/categories?post=165003"},{"taxonomy":"post_tag","embeddable":true,"href":"https:\/\/www.eldiario.net\/portal\/wp-json\/wp\/v2\/tags?post=165003"}],"curies":[{"name":"wp","href":"https:\/\/api.w.org\/{rel}","templated":true}]}}