{"id":165001,"date":"2023-07-12T08:08:04","date_gmt":"2023-07-12T12:08:04","guid":{"rendered":"https:\/\/www.eldiario.net\/portal\/?p=165001"},"modified":"2023-07-12T08:08:04","modified_gmt":"2023-07-12T12:08:04","slug":"causas-de-la-desercion-escolar-en-bolivia","status":"publish","type":"post","link":"https:\/\/www.eldiario.net\/portal\/2023\/07\/12\/causas-de-la-desercion-escolar-en-bolivia\/","title":{"rendered":"Causas de la deserci\u00f3n escolar en Bolivia"},"content":{"rendered":"<p><em><strong>M\u00f3nica Gabriela Rocha Cazorla<\/strong><\/em><\/p>\n<p>La deserci\u00f3n escolar se refiere al abandono prematuro de los estudios por parte de los estudiantes, antes de completar su educaci\u00f3n formal. En Bolivia, este fen\u00f3meno presenta una preocupante prevalencia, lo que genera consecuencias negativas tanto a nivel individual como para el desarrollo del pa\u00eds. La falta de acceso y la discontinuidad en la educaci\u00f3n limitan las oportunidades de desarrollo personal y socioecon\u00f3mico de los individuos, adem\u00e1s de perpetuar la desigualdad social.<br \/>\nFactores Socioecon\u00f3micos: La pobreza es una de las principales causas de la deserci\u00f3n escolar en Bolivia. Las familias de bajos ingresos a menudo enfrentan dificultades para cubrir los gastos relacionados con la educaci\u00f3n de sus hijos, como uniformes, libros y transporte. La necesidad de contribuir al sustento familiar puede llevar a que los ni\u00f1os abandonen la escuela, para trabajar y generar ingresos.<br \/>\nTrabajo infantil: La necesidad econ\u00f3mica obliga a muchos ni\u00f1os bolivianos a trabajar para ayudar a sus familias. El trabajo infantil puede interferir con la asistencia regular a la escuela y dificultar el rendimiento acad\u00e9mico. Quienes trabajan a temprana edad tienen m\u00e1s probabilidades de abandonar la escuela y enfrentan un mayor riesgo de explotaci\u00f3n laboral.<br \/>\nFactores culturales: Discriminaci\u00f3n y desigualdad de g\u00e9nero. En algunas comunidades bolivianas, persisten normas culturales que priorizan la educaci\u00f3n de los varones sobre las ni\u00f1as. Esto puede llevar a la deserci\u00f3n escolar de las ni\u00f1as, sea por la falta de apoyo familiar o por la necesidad de ayudar en las tareas dom\u00e9sticas.<br \/>\nBarreras ling\u00fc\u00edsticas y culturales: La diversidad cultural y ling\u00fc\u00edstica de Bolivia puede convertirse en un obst\u00e1culo para que algunos estudiantes accedan a una educaci\u00f3n de calidad. La falta de materiales educativos en idiomas ind\u00edgenas y la falta de maestros capacitados en estas lenguas dificultan la participaci\u00f3n y el aprendizaje de los estudiantes pertenecientes a estas comunidades.<br \/>\nFactores Educativos: La baja calidad de la educaci\u00f3n en algunas \u00e1reas rurales y periurbanas de Bolivia puede desmotivar a los estudiantes y generar una falta de inter\u00e9s en continuar sus estudios. La falta de infraestructura adecuada, de materiales educativos actualizados y docentes capacitados afecta negativamente la experiencia educativa de los estudiantes.<br \/>\nDesconexi\u00f3n entre el curr\u00edculo y la realidad local: La falta de relevancia del curr\u00edculo escolar con respecto a la realidad y las necesidades de los estudiantes bolivianos puede disminuir el inter\u00e9s y la motivaci\u00f3n por la educaci\u00f3n. Un curr\u00edculo m\u00e1s contextualizado y relevante puede ayudar a que los estudiantes se sientan m\u00e1s comprometidos con su aprendizaje.<br \/>\nConclusiones: La deserci\u00f3n escolar en Bolivia es un desaf\u00edo multifac\u00e9tico que requiere la atenci\u00f3n y la acci\u00f3n coordinada de diversos actores, incluyendo al gobierno, las instituciones educativas, las familias y la sociedad en su conjunto. Las causas identificadas en este art\u00edculo, como los factores socioecon\u00f3micos, culturales y educativos, deben ser abordadas mediante pol\u00edticas y programas que promuevan la igualdad de acceso a una educaci\u00f3n de calidad, la sensibilizaci\u00f3n sobre la importancia de la educaci\u00f3n, el apoyo a las familias y la mejora de la infraestructura y los recursos educativos. Solo a trav\u00e9s de un esfuerzo conjunto y sostenido se podr\u00e1 combatir eficazmente la deserci\u00f3n escolar en Bolivia y garantizar un futuro m\u00e1s prometedor para todos sus ciudadanos.<\/p>\n","protected":false},"excerpt":{"rendered":"<p>M\u00f3nica Gabriela Rocha Cazorla La deserci\u00f3n escolar se refiere al abandono prematuro de los estudios por parte de los estudiantes, antes de completar su educaci\u00f3n formal. En Bolivia, este fen\u00f3meno presenta una preocupante prevalencia, lo que genera consecuencias negativas tanto a nivel individual como para el desarrollo del pa\u00eds. La falta de acceso y la [&hellip;]<\/p>\n","protected":false},"author":1,"featured_media":0,"comment_status":"closed","ping_status":"open","sticky":false,"template":"","format":"standard","meta":{"_acf_changed":false,"footnotes":""},"categories":[9],"tags":[],"class_list":["post-165001","post","type-post","status-publish","format-standard","category-opinion"],"acf":{"antetitulo":""},"yoast_head":"<!-- This site is optimized with the Yoast SEO plugin v28.4 - https:\/\/yoast.com\/product\/yoast-seo-wordpress\/ -->\n<title>Causas de la deserci\u00f3n escolar en Bolivia - El Diario - Bolivia<\/title>\n<meta name=\"robots\" content=\"index, follow, max-snippet:-1, max-image-preview:large, max-video-preview:-1\" \/>\n<link rel=\"canonical\" href=\"https:\/\/www.eldiario.net\/portal\/2023\/07\/12\/causas-de-la-desercion-escolar-en-bolivia\/\" \/>\n<meta property=\"og:locale\" content=\"es_ES\" \/>\n<meta property=\"og:type\" content=\"article\" \/>\n<meta property=\"og:title\" content=\"Causas de la deserci\u00f3n escolar en Bolivia - El Diario - Bolivia\" \/>\n<meta property=\"og:description\" content=\"M\u00f3nica Gabriela Rocha Cazorla La deserci\u00f3n escolar se refiere al abandono prematuro de los estudios por parte de los estudiantes, antes de completar su educaci\u00f3n formal. En Bolivia, este fen\u00f3meno presenta una preocupante prevalencia, lo que genera consecuencias negativas tanto a nivel individual como para el desarrollo del pa\u00eds. La falta de acceso y la [&hellip;]\" \/>\n<meta property=\"og:url\" content=\"https:\/\/www.eldiario.net\/portal\/2023\/07\/12\/causas-de-la-desercion-escolar-en-bolivia\/\" \/>\n<meta property=\"og:site_name\" content=\"El Diario - Bolivia\" \/>\n<meta property=\"article:publisher\" content=\"https:\/\/www.facebook.com\/eldiario.bolivia\/\" \/>\n<meta property=\"article:published_time\" content=\"2023-07-12T12:08:04+00:00\" \/>\n<meta name=\"author\" content=\"Jeanette\" \/>\n<meta name=\"twitter:card\" content=\"summary_large_image\" \/>\n<meta name=\"twitter:creator\" content=\"@eldiario_net\" \/>\n<meta name=\"twitter:site\" content=\"@eldiario_net\" \/>\n<meta name=\"twitter:label1\" content=\"Escrito por\" \/>\n\t<meta name=\"twitter:data1\" content=\"Jeanette\" \/>\n\t<meta name=\"twitter:label2\" content=\"Tiempo de lectura\" \/>\n\t<meta name=\"twitter:data2\" content=\"3 minutos\" \/>\n<script type=\"application\/ld+json\" class=\"yoast-schema-graph\">{\"@context\":\"https:\\\/\\\/schema.org\",\"@graph\":[{\"@type\":\"Article\",\"@id\":\"https:\\\/\\\/www.eldiario.net\\\/portal\\\/2023\\\/07\\\/12\\\/causas-de-la-desercion-escolar-en-bolivia\\\/#article\",\"isPartOf\":{\"@id\":\"https:\\\/\\\/www.eldiario.net\\\/portal\\\/2023\\\/07\\\/12\\\/causas-de-la-desercion-escolar-en-bolivia\\\/\"},\"author\":{\"name\":\"Jeanette\",\"@id\":\"https:\\\/\\\/www.eldiario.net\\\/portal\\\/#\\\/schema\\\/person\\\/2c57cf2b7a7ae032e449e4c9b1019eac\"},\"headline\":\"Causas de la deserci\u00f3n escolar en Bolivia\",\"datePublished\":\"2023-07-12T12:08:04+00:00\",\"mainEntityOfPage\":{\"@id\":\"https:\\\/\\\/www.eldiario.net\\\/portal\\\/2023\\\/07\\\/12\\\/causas-de-la-desercion-escolar-en-bolivia\\\/\"},\"wordCount\":586,\"publisher\":{\"@id\":\"https:\\\/\\\/www.eldiario.net\\\/portal\\\/#organization\"},\"articleSection\":[\"Opini\u00f3n\"],\"inLanguage\":\"es\"},{\"@type\":\"WebPage\",\"@id\":\"https:\\\/\\\/www.eldiario.net\\\/portal\\\/2023\\\/07\\\/12\\\/causas-de-la-desercion-escolar-en-bolivia\\\/\",\"url\":\"https:\\\/\\\/www.eldiario.net\\\/portal\\\/2023\\\/07\\\/12\\\/causas-de-la-desercion-escolar-en-bolivia\\\/\",\"name\":\"Causas de la deserci\u00f3n escolar en Bolivia - El Diario - Bolivia\",\"isPartOf\":{\"@id\":\"https:\\\/\\\/www.eldiario.net\\\/portal\\\/#website\"},\"datePublished\":\"2023-07-12T12:08:04+00:00\",\"breadcrumb\":{\"@id\":\"https:\\\/\\\/www.eldiario.net\\\/portal\\\/2023\\\/07\\\/12\\\/causas-de-la-desercion-escolar-en-bolivia\\\/#breadcrumb\"},\"inLanguage\":\"es\",\"potentialAction\":[{\"@type\":\"ReadAction\",\"target\":[\"https:\\\/\\\/www.eldiario.net\\\/portal\\\/2023\\\/07\\\/12\\\/causas-de-la-desercion-escolar-en-bolivia\\\/\"]}]},{\"@type\":\"BreadcrumbList\",\"@id\":\"https:\\\/\\\/www.eldiario.net\\\/portal\\\/2023\\\/07\\\/12\\\/causas-de-la-desercion-escolar-en-bolivia\\\/#breadcrumb\",\"itemListElement\":[{\"@type\":\"ListItem\",\"position\":1,\"name\":\"Portada\",\"item\":\"https:\\\/\\\/www.eldiario.net\\\/portal\\\/\"},{\"@type\":\"ListItem\",\"position\":2,\"name\":\"Causas de la deserci\u00f3n escolar en Bolivia\"}]},{\"@type\":\"WebSite\",\"@id\":\"https:\\\/\\\/www.eldiario.net\\\/portal\\\/#website\",\"url\":\"https:\\\/\\\/www.eldiario.net\\\/portal\\\/\",\"name\":\"El Diario - Decano de la prensa nacional\",\"description\":\"El Diario - Decano de la prensa nacional\",\"publisher\":{\"@id\":\"https:\\\/\\\/www.eldiario.net\\\/portal\\\/#organization\"},\"potentialAction\":[{\"@type\":\"SearchAction\",\"target\":{\"@type\":\"EntryPoint\",\"urlTemplate\":\"https:\\\/\\\/www.eldiario.net\\\/portal\\\/?s={search_term_string}\"},\"query-input\":{\"@type\":\"PropertyValueSpecification\",\"valueRequired\":true,\"valueName\":\"search_term_string\"}}],\"inLanguage\":\"es\"},{\"@type\":\"Organization\",\"@id\":\"https:\\\/\\\/www.eldiario.net\\\/portal\\\/#organization\",\"name\":\"El Diario - Decano de la prensa nacional\",\"url\":\"https:\\\/\\\/www.eldiario.net\\\/portal\\\/\",\"logo\":{\"@type\":\"ImageObject\",\"inLanguage\":\"es\",\"@id\":\"https:\\\/\\\/www.eldiario.net\\\/portal\\\/#\\\/schema\\\/logo\\\/image\\\/\",\"url\":\"https:\\\/\\\/www.eldiario.net\\\/portal\\\/wp-content\\\/uploads\\\/2023\\\/07\\\/logo_ED.jpg\",\"contentUrl\":\"https:\\\/\\\/www.eldiario.net\\\/portal\\\/wp-content\\\/uploads\\\/2023\\\/07\\\/logo_ED.jpg\",\"width\":272,\"height\":52,\"caption\":\"El Diario - Decano de la prensa nacional\"},\"image\":{\"@id\":\"https:\\\/\\\/www.eldiario.net\\\/portal\\\/#\\\/schema\\\/logo\\\/image\\\/\"},\"sameAs\":[\"https:\\\/\\\/www.facebook.com\\\/eldiario.bolivia\\\/\",\"https:\\\/\\\/x.com\\\/eldiario_net\"]},{\"@type\":\"Person\",\"@id\":\"https:\\\/\\\/www.eldiario.net\\\/portal\\\/#\\\/schema\\\/person\\\/2c57cf2b7a7ae032e449e4c9b1019eac\",\"name\":\"Jeanette\",\"image\":{\"@type\":\"ImageObject\",\"inLanguage\":\"es\",\"@id\":\"https:\\\/\\\/secure.gravatar.com\\\/avatar\\\/3ea2118a5f7dad2b7138b1187a6b7ee55f160b9968b66013c3a3ef39dd7e5798?s=96&d=mm&r=g\",\"url\":\"https:\\\/\\\/secure.gravatar.com\\\/avatar\\\/3ea2118a5f7dad2b7138b1187a6b7ee55f160b9968b66013c3a3ef39dd7e5798?s=96&d=mm&r=g\",\"contentUrl\":\"https:\\\/\\\/secure.gravatar.com\\\/avatar\\\/3ea2118a5f7dad2b7138b1187a6b7ee55f160b9968b66013c3a3ef39dd7e5798?s=96&d=mm&r=g\",\"caption\":\"Jeanette\"},\"sameAs\":[\"https:\\\/\\\/www.eldiario.net\\\/portal\"],\"url\":\"https:\\\/\\\/www.eldiario.net\\\/portal\\\/author\\\/jeanette\\\/\"}]}<\/script>\n<!-- \/ Yoast SEO plugin. -->","yoast_head_json":{"title":"Causas de la deserci\u00f3n escolar en Bolivia - El Diario - Bolivia","robots":{"index":"index","follow":"follow","max-snippet":"max-snippet:-1","max-image-preview":"max-image-preview:large","max-video-preview":"max-video-preview:-1"},"canonical":"https:\/\/www.eldiario.net\/portal\/2023\/07\/12\/causas-de-la-desercion-escolar-en-bolivia\/","og_locale":"es_ES","og_type":"article","og_title":"Causas de la deserci\u00f3n escolar en Bolivia - El Diario - Bolivia","og_description":"M\u00f3nica Gabriela Rocha Cazorla La deserci\u00f3n escolar se refiere al abandono prematuro de los estudios por parte de los estudiantes, antes de completar su educaci\u00f3n formal. En Bolivia, este fen\u00f3meno presenta una preocupante prevalencia, lo que genera consecuencias negativas tanto a nivel individual como para el desarrollo del pa\u00eds. La falta de acceso y la [&hellip;]","og_url":"https:\/\/www.eldiario.net\/portal\/2023\/07\/12\/causas-de-la-desercion-escolar-en-bolivia\/","og_site_name":"El Diario - Bolivia","article_publisher":"https:\/\/www.facebook.com\/eldiario.bolivia\/","article_published_time":"2023-07-12T12:08:04+00:00","author":"Jeanette","twitter_card":"summary_large_image","twitter_creator":"@eldiario_net","twitter_site":"@eldiario_net","twitter_misc":{"Escrito por":"Jeanette","Tiempo de lectura":"3 minutos"},"schema":{"@context":"https:\/\/schema.org","@graph":[{"@type":"Article","@id":"https:\/\/www.eldiario.net\/portal\/2023\/07\/12\/causas-de-la-desercion-escolar-en-bolivia\/#article","isPartOf":{"@id":"https:\/\/www.eldiario.net\/portal\/2023\/07\/12\/causas-de-la-desercion-escolar-en-bolivia\/"},"author":{"name":"Jeanette","@id":"https:\/\/www.eldiario.net\/portal\/#\/schema\/person\/2c57cf2b7a7ae032e449e4c9b1019eac"},"headline":"Causas de la deserci\u00f3n escolar en Bolivia","datePublished":"2023-07-12T12:08:04+00:00","mainEntityOfPage":{"@id":"https:\/\/www.eldiario.net\/portal\/2023\/07\/12\/causas-de-la-desercion-escolar-en-bolivia\/"},"wordCount":586,"publisher":{"@id":"https:\/\/www.eldiario.net\/portal\/#organization"},"articleSection":["Opini\u00f3n"],"inLanguage":"es"},{"@type":"WebPage","@id":"https:\/\/www.eldiario.net\/portal\/2023\/07\/12\/causas-de-la-desercion-escolar-en-bolivia\/","url":"https:\/\/www.eldiario.net\/portal\/2023\/07\/12\/causas-de-la-desercion-escolar-en-bolivia\/","name":"Causas de la deserci\u00f3n escolar en Bolivia - El Diario - Bolivia","isPartOf":{"@id":"https:\/\/www.eldiario.net\/portal\/#website"},"datePublished":"2023-07-12T12:08:04+00:00","breadcrumb":{"@id":"https:\/\/www.eldiario.net\/portal\/2023\/07\/12\/causas-de-la-desercion-escolar-en-bolivia\/#breadcrumb"},"inLanguage":"es","potentialAction":[{"@type":"ReadAction","target":["https:\/\/www.eldiario.net\/portal\/2023\/07\/12\/causas-de-la-desercion-escolar-en-bolivia\/"]}]},{"@type":"BreadcrumbList","@id":"https:\/\/www.eldiario.net\/portal\/2023\/07\/12\/causas-de-la-desercion-escolar-en-bolivia\/#breadcrumb","itemListElement":[{"@type":"ListItem","position":1,"name":"Portada","item":"https:\/\/www.eldiario.net\/portal\/"},{"@type":"ListItem","position":2,"name":"Causas de la deserci\u00f3n escolar en Bolivia"}]},{"@type":"WebSite","@id":"https:\/\/www.eldiario.net\/portal\/#website","url":"https:\/\/www.eldiario.net\/portal\/","name":"El Diario - Decano de la prensa nacional","description":"El Diario - Decano de la prensa nacional","publisher":{"@id":"https:\/\/www.eldiario.net\/portal\/#organization"},"potentialAction":[{"@type":"SearchAction","target":{"@type":"EntryPoint","urlTemplate":"https:\/\/www.eldiario.net\/portal\/?s={search_term_string}"},"query-input":{"@type":"PropertyValueSpecification","valueRequired":true,"valueName":"search_term_string"}}],"inLanguage":"es"},{"@type":"Organization","@id":"https:\/\/www.eldiario.net\/portal\/#organization","name":"El Diario - Decano de la prensa nacional","url":"https:\/\/www.eldiario.net\/portal\/","logo":{"@type":"ImageObject","inLanguage":"es","@id":"https:\/\/www.eldiario.net\/portal\/#\/schema\/logo\/image\/","url":"https:\/\/www.eldiario.net\/portal\/wp-content\/uploads\/2023\/07\/logo_ED.jpg","contentUrl":"https:\/\/www.eldiario.net\/portal\/wp-content\/uploads\/2023\/07\/logo_ED.jpg","width":272,"height":52,"caption":"El Diario - Decano de la prensa nacional"},"image":{"@id":"https:\/\/www.eldiario.net\/portal\/#\/schema\/logo\/image\/"},"sameAs":["https:\/\/www.facebook.com\/eldiario.bolivia\/","https:\/\/x.com\/eldiario_net"]},{"@type":"Person","@id":"https:\/\/www.eldiario.net\/portal\/#\/schema\/person\/2c57cf2b7a7ae032e449e4c9b1019eac","name":"Jeanette","image":{"@type":"ImageObject","inLanguage":"es","@id":"https:\/\/secure.gravatar.com\/avatar\/3ea2118a5f7dad2b7138b1187a6b7ee55f160b9968b66013c3a3ef39dd7e5798?s=96&d=mm&r=g","url":"https:\/\/secure.gravatar.com\/avatar\/3ea2118a5f7dad2b7138b1187a6b7ee55f160b9968b66013c3a3ef39dd7e5798?s=96&d=mm&r=g","contentUrl":"https:\/\/secure.gravatar.com\/avatar\/3ea2118a5f7dad2b7138b1187a6b7ee55f160b9968b66013c3a3ef39dd7e5798?s=96&d=mm&r=g","caption":"Jeanette"},"sameAs":["https:\/\/www.eldiario.net\/portal"],"url":"https:\/\/www.eldiario.net\/portal\/author\/jeanette\/"}]}},"_links":{"self":[{"href":"https:\/\/www.eldiario.net\/portal\/wp-json\/wp\/v2\/posts\/165001","targetHints":{"allow":["GET"]}}],"collection":[{"href":"https:\/\/www.eldiario.net\/portal\/wp-json\/wp\/v2\/posts"}],"about":[{"href":"https:\/\/www.eldiario.net\/portal\/wp-json\/wp\/v2\/types\/post"}],"author":[{"embeddable":true,"href":"https:\/\/www.eldiario.net\/portal\/wp-json\/wp\/v2\/users\/1"}],"replies":[{"embeddable":true,"href":"https:\/\/www.eldiario.net\/portal\/wp-json\/wp\/v2\/comments?post=165001"}],"version-history":[{"count":0,"href":"https:\/\/www.eldiario.net\/portal\/wp-json\/wp\/v2\/posts\/165001\/revisions"}],"wp:attachment":[{"href":"https:\/\/www.eldiario.net\/portal\/wp-json\/wp\/v2\/media?parent=165001"}],"wp:term":[{"taxonomy":"category","embeddable":true,"href":"https:\/\/www.eldiario.net\/portal\/wp-json\/wp\/v2\/categories?post=165001"},{"taxonomy":"post_tag","embeddable":true,"href":"https:\/\/www.eldiario.net\/portal\/wp-json\/wp\/v2\/tags?post=165001"}],"curies":[{"name":"wp","href":"https:\/\/api.w.org\/{rel}","templated":true}]}}