{"id":164999,"date":"2023-07-12T08:06:28","date_gmt":"2023-07-12T12:06:28","guid":{"rendered":"https:\/\/www.eldiario.net\/portal\/?p=164999"},"modified":"2023-07-12T08:06:28","modified_gmt":"2023-07-12T12:06:28","slug":"no-debemos-temer-a-la-inteligencia-artificial","status":"publish","type":"post","link":"https:\/\/www.eldiario.net\/portal\/2023\/07\/12\/no-debemos-temer-a-la-inteligencia-artificial\/","title":{"rendered":"No debemos temer a la Inteligencia Artificial"},"content":{"rendered":"<p>En la era de la tecnolog\u00eda y la informaci\u00f3n, la Inteligencia Artificial (IA) se ha convertido en una herramienta poderosa, con el potencial de transformar nuestras vidas de formas inimaginables. Sin embargo, el r\u00e1pido avance del mismo, tambi\u00e9n plantea interrogantes y desaf\u00edos en relaci\u00f3n a la protecci\u00f3n y el respeto de los derechos humanos. Es imperativo abordar estos temas y garantizar que los avances tecnol\u00f3gicos vayan de la mano con la \u00e9tica y la responsabilidad.<br \/>\nLos Derechos Humanos son los pilares fundamentales que protegen la dignidad y libertad de cada individuo. Estos derechos, consagrados en diversas cartas y tratados internacionales, deben ser respetados y promovidos en todas las esferas de la sociedad, incluyendo el desarrollo y su implementaci\u00f3n. La Inteligencia Artificial tiene el potencial de mejorar nuestras vidas y facilitar avances en campos como la medicina, la educaci\u00f3n y la ciencia. Sin embargo, es esencial que estos avances no comprometan la privacidad, la igualdad y la autonom\u00eda de las personas.<br \/>\nUno de los principales desaf\u00edos que enfrentamos es la toma de decisiones \u00e9ticas por parte de los sistemas de Inteligencia Artificial. A medida que confiamos cada vez m\u00e1s en la automatizaci\u00f3n y la toma de decisiones algor\u00edtmicas, es necesario asegurar que estas decisiones no sean discriminatorias, injustas o perjudiciales para determinados grupos de personas. Es importante que las decisiones de la Inteligencia Artificial se basen en principios \u00e9ticos s\u00f3lidos y en una visi\u00f3n de equidad y justicia.<br \/>\nAdem\u00e1s, la privacidad y la protecci\u00f3n de datos son derechos fundamentales que deben ser considerados en el desarrollo de la Inteligencia Artificial. La recopilaci\u00f3n y el an\u00e1lisis masivo de datos plantean preocupaciones leg\u00edtimas en t\u00e9rminos de privacidad y el uso indebido de la informaci\u00f3n personal. Es necesario establecer regulaciones claras que protejan la privacidad de los individuos y aseguren que sus datos sean utilizados de manera segura y responsable.<br \/>\nOtro aspecto es la transparencia de los sistemas de Inteligencia Artificial. A menudo, los algoritmos son complejos y dif\u00edciles de comprender, lo que dificulta la identificaci\u00f3n de posibles sesgos o discriminaci\u00f3n. Es esencial que los sistemas sean transparentes y comprensibles, de manera que podamos examinar c\u00f3mo son tomadas las decisiones y garantizar que no haya resultados injustos o sesgados.<br \/>\nAsimismo, es necesario abordar las implicaciones laborales de la Inteligencia Artificial. A medida que la automatizaci\u00f3n avanza, es probable que se produzcan cambios significativos en el mercado laboral. Es esencial garantizar que estos avances no generen exclusi\u00f3n o desigualdad, y que sean implementadas pol\u00edticas que protejan y reentrenen a los trabajadores afectados.<br \/>\nLa Inteligencia Artificial ofrece grandes promesas y beneficios para nuestra sociedad, pero tambi\u00e9n plantea desaf\u00edos importantes en t\u00e9rminos de derechos humanos. Es primordial que abordemos estos desaf\u00edos de manera proactiva y responsable, garantizando que los principios \u00e9ticos y los derechos fundamentales gu\u00eden el desarrollo y su implementaci\u00f3n. Solo as\u00ed podremos garantizar un futuro en el que la tecnolog\u00eda y los derechos humanos coexistan en armon\u00eda. Para lograr esto, es necesario fomentar la colaboraci\u00f3n entre expertos en Inteligencia Artificial, legisladores, organizaciones de derechos humanos y la sociedad en general.<br \/>\nDebemos promover investigaciones y debates continuos sobre los impactos \u00e9ticos de la IA, asegurando que los avances tecnol\u00f3gicos se realicen de manera transparente y con la participaci\u00f3n activa de todas las partes interesadas. Es necesario establecer marcos legales y regulaciones claras que protejan los derechos de las personas y promuevan una Inteligencia Artificial \u00e9tica y responsable.<br \/>\nAdem\u00e1s, la educaci\u00f3n y la alfabetizaci\u00f3n digital son fundamentales para capacitar a las personas en el uso y comprensi\u00f3n de la IA. De esta manera, podremos participar de manera informada en la toma de decisiones y exigir transparencia y responsabilidad a los desarrolladores y proveedores de tecnolog\u00eda.<br \/>\nNo debemos temer a la Inteligencia Artificial, sino abrazarla como una herramienta que puede potenciar nuestras capacidades y mejorar nuestras vidas. Sin embargo, debemos asegurarnos de que los principios fundamentales de igualdad, justicia y dignidad humana est\u00e9n siempre en el centro de nuestras acciones.<\/p>\n<p>El autor es Polit\u00f3logo \u2013 Abogado y Docente Universitario.<\/p>\n","protected":false},"excerpt":{"rendered":"<p>En la era de la tecnolog\u00eda y la informaci\u00f3n, la Inteligencia Artificial (IA) se ha convertido en una herramienta poderosa, con el potencial de transformar nuestras vidas de formas inimaginables. Sin embargo, el r\u00e1pido avance del mismo, tambi\u00e9n plantea interrogantes y desaf\u00edos en relaci\u00f3n a la protecci\u00f3n y el respeto de los derechos humanos. Es [&hellip;]<\/p>\n","protected":false},"author":1,"featured_media":163307,"comment_status":"closed","ping_status":"open","sticky":false,"template":"","format":"standard","meta":{"_acf_changed":false,"footnotes":""},"categories":[9],"tags":[],"class_list":["post-164999","post","type-post","status-publish","format-standard","has-post-thumbnail","category-opinion"],"acf":{"antetitulo":""},"yoast_head":"<!-- This site is optimized with the Yoast SEO plugin v28.4 - https:\/\/yoast.com\/product\/yoast-seo-wordpress\/ -->\n<title>No debemos temer a la Inteligencia Artificial - El Diario - Bolivia<\/title>\n<meta name=\"robots\" content=\"index, follow, max-snippet:-1, max-image-preview:large, max-video-preview:-1\" \/>\n<link rel=\"canonical\" href=\"https:\/\/www.eldiario.net\/portal\/2023\/07\/12\/no-debemos-temer-a-la-inteligencia-artificial\/\" \/>\n<meta property=\"og:locale\" content=\"es_ES\" \/>\n<meta property=\"og:type\" content=\"article\" \/>\n<meta property=\"og:title\" content=\"No debemos temer a la Inteligencia Artificial - El Diario - Bolivia\" \/>\n<meta property=\"og:description\" content=\"En la era de la tecnolog\u00eda y la informaci\u00f3n, la Inteligencia Artificial (IA) se ha convertido en una herramienta poderosa, con el potencial de transformar nuestras vidas de formas inimaginables. Sin embargo, el r\u00e1pido avance del mismo, tambi\u00e9n plantea interrogantes y desaf\u00edos en relaci\u00f3n a la protecci\u00f3n y el respeto de los derechos humanos. Es [&hellip;]\" \/>\n<meta property=\"og:url\" content=\"https:\/\/www.eldiario.net\/portal\/2023\/07\/12\/no-debemos-temer-a-la-inteligencia-artificial\/\" \/>\n<meta property=\"og:site_name\" content=\"El Diario - Bolivia\" \/>\n<meta property=\"article:publisher\" content=\"https:\/\/www.facebook.com\/eldiario.bolivia\/\" \/>\n<meta property=\"article:published_time\" content=\"2023-07-12T12:06:28+00:00\" \/>\n<meta property=\"og:image\" content=\"https:\/\/www.eldiario.net\/portal\/wp-content\/uploads\/2023\/07\/Rolando-Coteja-Mollo2.jpg\" \/>\n\t<meta property=\"og:image:width\" content=\"1200\" \/>\n\t<meta property=\"og:image:height\" content=\"628\" \/>\n\t<meta property=\"og:image:type\" content=\"image\/jpeg\" \/>\n<meta name=\"author\" content=\"Jeanette\" \/>\n<meta name=\"twitter:card\" content=\"summary_large_image\" \/>\n<meta name=\"twitter:creator\" content=\"@eldiario_net\" \/>\n<meta name=\"twitter:site\" content=\"@eldiario_net\" \/>\n<meta name=\"twitter:label1\" content=\"Escrito por\" \/>\n\t<meta name=\"twitter:data1\" content=\"Jeanette\" \/>\n\t<meta name=\"twitter:label2\" content=\"Tiempo de lectura\" \/>\n\t<meta name=\"twitter:data2\" content=\"4 minutos\" \/>\n<script type=\"application\/ld+json\" class=\"yoast-schema-graph\">{\"@context\":\"https:\\\/\\\/schema.org\",\"@graph\":[{\"@type\":\"Article\",\"@id\":\"https:\\\/\\\/www.eldiario.net\\\/portal\\\/2023\\\/07\\\/12\\\/no-debemos-temer-a-la-inteligencia-artificial\\\/#article\",\"isPartOf\":{\"@id\":\"https:\\\/\\\/www.eldiario.net\\\/portal\\\/2023\\\/07\\\/12\\\/no-debemos-temer-a-la-inteligencia-artificial\\\/\"},\"author\":{\"name\":\"Jeanette\",\"@id\":\"https:\\\/\\\/www.eldiario.net\\\/portal\\\/#\\\/schema\\\/person\\\/2c57cf2b7a7ae032e449e4c9b1019eac\"},\"headline\":\"No debemos temer a la Inteligencia Artificial\",\"datePublished\":\"2023-07-12T12:06:28+00:00\",\"mainEntityOfPage\":{\"@id\":\"https:\\\/\\\/www.eldiario.net\\\/portal\\\/2023\\\/07\\\/12\\\/no-debemos-temer-a-la-inteligencia-artificial\\\/\"},\"wordCount\":716,\"publisher\":{\"@id\":\"https:\\\/\\\/www.eldiario.net\\\/portal\\\/#organization\"},\"image\":{\"@id\":\"https:\\\/\\\/www.eldiario.net\\\/portal\\\/2023\\\/07\\\/12\\\/no-debemos-temer-a-la-inteligencia-artificial\\\/#primaryimage\"},\"thumbnailUrl\":\"https:\\\/\\\/www.eldiario.net\\\/portal\\\/wp-content\\\/uploads\\\/2023\\\/07\\\/Rolando-Coteja-Mollo2.jpg\",\"articleSection\":[\"Opini\u00f3n\"],\"inLanguage\":\"es\"},{\"@type\":\"WebPage\",\"@id\":\"https:\\\/\\\/www.eldiario.net\\\/portal\\\/2023\\\/07\\\/12\\\/no-debemos-temer-a-la-inteligencia-artificial\\\/\",\"url\":\"https:\\\/\\\/www.eldiario.net\\\/portal\\\/2023\\\/07\\\/12\\\/no-debemos-temer-a-la-inteligencia-artificial\\\/\",\"name\":\"No debemos temer a la Inteligencia Artificial - El Diario - Bolivia\",\"isPartOf\":{\"@id\":\"https:\\\/\\\/www.eldiario.net\\\/portal\\\/#website\"},\"primaryImageOfPage\":{\"@id\":\"https:\\\/\\\/www.eldiario.net\\\/portal\\\/2023\\\/07\\\/12\\\/no-debemos-temer-a-la-inteligencia-artificial\\\/#primaryimage\"},\"image\":{\"@id\":\"https:\\\/\\\/www.eldiario.net\\\/portal\\\/2023\\\/07\\\/12\\\/no-debemos-temer-a-la-inteligencia-artificial\\\/#primaryimage\"},\"thumbnailUrl\":\"https:\\\/\\\/www.eldiario.net\\\/portal\\\/wp-content\\\/uploads\\\/2023\\\/07\\\/Rolando-Coteja-Mollo2.jpg\",\"datePublished\":\"2023-07-12T12:06:28+00:00\",\"breadcrumb\":{\"@id\":\"https:\\\/\\\/www.eldiario.net\\\/portal\\\/2023\\\/07\\\/12\\\/no-debemos-temer-a-la-inteligencia-artificial\\\/#breadcrumb\"},\"inLanguage\":\"es\",\"potentialAction\":[{\"@type\":\"ReadAction\",\"target\":[\"https:\\\/\\\/www.eldiario.net\\\/portal\\\/2023\\\/07\\\/12\\\/no-debemos-temer-a-la-inteligencia-artificial\\\/\"]}]},{\"@type\":\"ImageObject\",\"inLanguage\":\"es\",\"@id\":\"https:\\\/\\\/www.eldiario.net\\\/portal\\\/2023\\\/07\\\/12\\\/no-debemos-temer-a-la-inteligencia-artificial\\\/#primaryimage\",\"url\":\"https:\\\/\\\/www.eldiario.net\\\/portal\\\/wp-content\\\/uploads\\\/2023\\\/07\\\/Rolando-Coteja-Mollo2.jpg\",\"contentUrl\":\"https:\\\/\\\/www.eldiario.net\\\/portal\\\/wp-content\\\/uploads\\\/2023\\\/07\\\/Rolando-Coteja-Mollo2.jpg\",\"width\":1200,\"height\":628,\"caption\":\"Rolando Coteja Mollo\"},{\"@type\":\"BreadcrumbList\",\"@id\":\"https:\\\/\\\/www.eldiario.net\\\/portal\\\/2023\\\/07\\\/12\\\/no-debemos-temer-a-la-inteligencia-artificial\\\/#breadcrumb\",\"itemListElement\":[{\"@type\":\"ListItem\",\"position\":1,\"name\":\"Portada\",\"item\":\"https:\\\/\\\/www.eldiario.net\\\/portal\\\/\"},{\"@type\":\"ListItem\",\"position\":2,\"name\":\"No debemos temer a la Inteligencia Artificial\"}]},{\"@type\":\"WebSite\",\"@id\":\"https:\\\/\\\/www.eldiario.net\\\/portal\\\/#website\",\"url\":\"https:\\\/\\\/www.eldiario.net\\\/portal\\\/\",\"name\":\"El Diario - Decano de la prensa nacional\",\"description\":\"El Diario - Decano de la prensa nacional\",\"publisher\":{\"@id\":\"https:\\\/\\\/www.eldiario.net\\\/portal\\\/#organization\"},\"potentialAction\":[{\"@type\":\"SearchAction\",\"target\":{\"@type\":\"EntryPoint\",\"urlTemplate\":\"https:\\\/\\\/www.eldiario.net\\\/portal\\\/?s={search_term_string}\"},\"query-input\":{\"@type\":\"PropertyValueSpecification\",\"valueRequired\":true,\"valueName\":\"search_term_string\"}}],\"inLanguage\":\"es\"},{\"@type\":\"Organization\",\"@id\":\"https:\\\/\\\/www.eldiario.net\\\/portal\\\/#organization\",\"name\":\"El Diario - Decano de la prensa nacional\",\"url\":\"https:\\\/\\\/www.eldiario.net\\\/portal\\\/\",\"logo\":{\"@type\":\"ImageObject\",\"inLanguage\":\"es\",\"@id\":\"https:\\\/\\\/www.eldiario.net\\\/portal\\\/#\\\/schema\\\/logo\\\/image\\\/\",\"url\":\"https:\\\/\\\/www.eldiario.net\\\/portal\\\/wp-content\\\/uploads\\\/2023\\\/07\\\/logo_ED.jpg\",\"contentUrl\":\"https:\\\/\\\/www.eldiario.net\\\/portal\\\/wp-content\\\/uploads\\\/2023\\\/07\\\/logo_ED.jpg\",\"width\":272,\"height\":52,\"caption\":\"El Diario - Decano de la prensa nacional\"},\"image\":{\"@id\":\"https:\\\/\\\/www.eldiario.net\\\/portal\\\/#\\\/schema\\\/logo\\\/image\\\/\"},\"sameAs\":[\"https:\\\/\\\/www.facebook.com\\\/eldiario.bolivia\\\/\",\"https:\\\/\\\/x.com\\\/eldiario_net\"]},{\"@type\":\"Person\",\"@id\":\"https:\\\/\\\/www.eldiario.net\\\/portal\\\/#\\\/schema\\\/person\\\/2c57cf2b7a7ae032e449e4c9b1019eac\",\"name\":\"Jeanette\",\"image\":{\"@type\":\"ImageObject\",\"inLanguage\":\"es\",\"@id\":\"https:\\\/\\\/secure.gravatar.com\\\/avatar\\\/3ea2118a5f7dad2b7138b1187a6b7ee55f160b9968b66013c3a3ef39dd7e5798?s=96&d=mm&r=g\",\"url\":\"https:\\\/\\\/secure.gravatar.com\\\/avatar\\\/3ea2118a5f7dad2b7138b1187a6b7ee55f160b9968b66013c3a3ef39dd7e5798?s=96&d=mm&r=g\",\"contentUrl\":\"https:\\\/\\\/secure.gravatar.com\\\/avatar\\\/3ea2118a5f7dad2b7138b1187a6b7ee55f160b9968b66013c3a3ef39dd7e5798?s=96&d=mm&r=g\",\"caption\":\"Jeanette\"},\"sameAs\":[\"https:\\\/\\\/www.eldiario.net\\\/portal\"],\"url\":\"https:\\\/\\\/www.eldiario.net\\\/portal\\\/author\\\/jeanette\\\/\"}]}<\/script>\n<!-- \/ Yoast SEO plugin. -->","yoast_head_json":{"title":"No debemos temer a la Inteligencia Artificial - El Diario - Bolivia","robots":{"index":"index","follow":"follow","max-snippet":"max-snippet:-1","max-image-preview":"max-image-preview:large","max-video-preview":"max-video-preview:-1"},"canonical":"https:\/\/www.eldiario.net\/portal\/2023\/07\/12\/no-debemos-temer-a-la-inteligencia-artificial\/","og_locale":"es_ES","og_type":"article","og_title":"No debemos temer a la Inteligencia Artificial - El Diario - Bolivia","og_description":"En la era de la tecnolog\u00eda y la informaci\u00f3n, la Inteligencia Artificial (IA) se ha convertido en una herramienta poderosa, con el potencial de transformar nuestras vidas de formas inimaginables. Sin embargo, el r\u00e1pido avance del mismo, tambi\u00e9n plantea interrogantes y desaf\u00edos en relaci\u00f3n a la protecci\u00f3n y el respeto de los derechos humanos. Es [&hellip;]","og_url":"https:\/\/www.eldiario.net\/portal\/2023\/07\/12\/no-debemos-temer-a-la-inteligencia-artificial\/","og_site_name":"El Diario - Bolivia","article_publisher":"https:\/\/www.facebook.com\/eldiario.bolivia\/","article_published_time":"2023-07-12T12:06:28+00:00","og_image":[{"width":1200,"height":628,"url":"https:\/\/www.eldiario.net\/portal\/wp-content\/uploads\/2023\/07\/Rolando-Coteja-Mollo2.jpg","type":"image\/jpeg"}],"author":"Jeanette","twitter_card":"summary_large_image","twitter_creator":"@eldiario_net","twitter_site":"@eldiario_net","twitter_misc":{"Escrito por":"Jeanette","Tiempo de lectura":"4 minutos"},"schema":{"@context":"https:\/\/schema.org","@graph":[{"@type":"Article","@id":"https:\/\/www.eldiario.net\/portal\/2023\/07\/12\/no-debemos-temer-a-la-inteligencia-artificial\/#article","isPartOf":{"@id":"https:\/\/www.eldiario.net\/portal\/2023\/07\/12\/no-debemos-temer-a-la-inteligencia-artificial\/"},"author":{"name":"Jeanette","@id":"https:\/\/www.eldiario.net\/portal\/#\/schema\/person\/2c57cf2b7a7ae032e449e4c9b1019eac"},"headline":"No debemos temer a la Inteligencia Artificial","datePublished":"2023-07-12T12:06:28+00:00","mainEntityOfPage":{"@id":"https:\/\/www.eldiario.net\/portal\/2023\/07\/12\/no-debemos-temer-a-la-inteligencia-artificial\/"},"wordCount":716,"publisher":{"@id":"https:\/\/www.eldiario.net\/portal\/#organization"},"image":{"@id":"https:\/\/www.eldiario.net\/portal\/2023\/07\/12\/no-debemos-temer-a-la-inteligencia-artificial\/#primaryimage"},"thumbnailUrl":"https:\/\/www.eldiario.net\/portal\/wp-content\/uploads\/2023\/07\/Rolando-Coteja-Mollo2.jpg","articleSection":["Opini\u00f3n"],"inLanguage":"es"},{"@type":"WebPage","@id":"https:\/\/www.eldiario.net\/portal\/2023\/07\/12\/no-debemos-temer-a-la-inteligencia-artificial\/","url":"https:\/\/www.eldiario.net\/portal\/2023\/07\/12\/no-debemos-temer-a-la-inteligencia-artificial\/","name":"No debemos temer a la Inteligencia Artificial - El Diario - Bolivia","isPartOf":{"@id":"https:\/\/www.eldiario.net\/portal\/#website"},"primaryImageOfPage":{"@id":"https:\/\/www.eldiario.net\/portal\/2023\/07\/12\/no-debemos-temer-a-la-inteligencia-artificial\/#primaryimage"},"image":{"@id":"https:\/\/www.eldiario.net\/portal\/2023\/07\/12\/no-debemos-temer-a-la-inteligencia-artificial\/#primaryimage"},"thumbnailUrl":"https:\/\/www.eldiario.net\/portal\/wp-content\/uploads\/2023\/07\/Rolando-Coteja-Mollo2.jpg","datePublished":"2023-07-12T12:06:28+00:00","breadcrumb":{"@id":"https:\/\/www.eldiario.net\/portal\/2023\/07\/12\/no-debemos-temer-a-la-inteligencia-artificial\/#breadcrumb"},"inLanguage":"es","potentialAction":[{"@type":"ReadAction","target":["https:\/\/www.eldiario.net\/portal\/2023\/07\/12\/no-debemos-temer-a-la-inteligencia-artificial\/"]}]},{"@type":"ImageObject","inLanguage":"es","@id":"https:\/\/www.eldiario.net\/portal\/2023\/07\/12\/no-debemos-temer-a-la-inteligencia-artificial\/#primaryimage","url":"https:\/\/www.eldiario.net\/portal\/wp-content\/uploads\/2023\/07\/Rolando-Coteja-Mollo2.jpg","contentUrl":"https:\/\/www.eldiario.net\/portal\/wp-content\/uploads\/2023\/07\/Rolando-Coteja-Mollo2.jpg","width":1200,"height":628,"caption":"Rolando Coteja Mollo"},{"@type":"BreadcrumbList","@id":"https:\/\/www.eldiario.net\/portal\/2023\/07\/12\/no-debemos-temer-a-la-inteligencia-artificial\/#breadcrumb","itemListElement":[{"@type":"ListItem","position":1,"name":"Portada","item":"https:\/\/www.eldiario.net\/portal\/"},{"@type":"ListItem","position":2,"name":"No debemos temer a la Inteligencia Artificial"}]},{"@type":"WebSite","@id":"https:\/\/www.eldiario.net\/portal\/#website","url":"https:\/\/www.eldiario.net\/portal\/","name":"El Diario - Decano de la prensa nacional","description":"El Diario - Decano de la prensa nacional","publisher":{"@id":"https:\/\/www.eldiario.net\/portal\/#organization"},"potentialAction":[{"@type":"SearchAction","target":{"@type":"EntryPoint","urlTemplate":"https:\/\/www.eldiario.net\/portal\/?s={search_term_string}"},"query-input":{"@type":"PropertyValueSpecification","valueRequired":true,"valueName":"search_term_string"}}],"inLanguage":"es"},{"@type":"Organization","@id":"https:\/\/www.eldiario.net\/portal\/#organization","name":"El Diario - Decano de la prensa nacional","url":"https:\/\/www.eldiario.net\/portal\/","logo":{"@type":"ImageObject","inLanguage":"es","@id":"https:\/\/www.eldiario.net\/portal\/#\/schema\/logo\/image\/","url":"https:\/\/www.eldiario.net\/portal\/wp-content\/uploads\/2023\/07\/logo_ED.jpg","contentUrl":"https:\/\/www.eldiario.net\/portal\/wp-content\/uploads\/2023\/07\/logo_ED.jpg","width":272,"height":52,"caption":"El Diario - Decano de la prensa nacional"},"image":{"@id":"https:\/\/www.eldiario.net\/portal\/#\/schema\/logo\/image\/"},"sameAs":["https:\/\/www.facebook.com\/eldiario.bolivia\/","https:\/\/x.com\/eldiario_net"]},{"@type":"Person","@id":"https:\/\/www.eldiario.net\/portal\/#\/schema\/person\/2c57cf2b7a7ae032e449e4c9b1019eac","name":"Jeanette","image":{"@type":"ImageObject","inLanguage":"es","@id":"https:\/\/secure.gravatar.com\/avatar\/3ea2118a5f7dad2b7138b1187a6b7ee55f160b9968b66013c3a3ef39dd7e5798?s=96&d=mm&r=g","url":"https:\/\/secure.gravatar.com\/avatar\/3ea2118a5f7dad2b7138b1187a6b7ee55f160b9968b66013c3a3ef39dd7e5798?s=96&d=mm&r=g","contentUrl":"https:\/\/secure.gravatar.com\/avatar\/3ea2118a5f7dad2b7138b1187a6b7ee55f160b9968b66013c3a3ef39dd7e5798?s=96&d=mm&r=g","caption":"Jeanette"},"sameAs":["https:\/\/www.eldiario.net\/portal"],"url":"https:\/\/www.eldiario.net\/portal\/author\/jeanette\/"}]}},"_links":{"self":[{"href":"https:\/\/www.eldiario.net\/portal\/wp-json\/wp\/v2\/posts\/164999","targetHints":{"allow":["GET"]}}],"collection":[{"href":"https:\/\/www.eldiario.net\/portal\/wp-json\/wp\/v2\/posts"}],"about":[{"href":"https:\/\/www.eldiario.net\/portal\/wp-json\/wp\/v2\/types\/post"}],"author":[{"embeddable":true,"href":"https:\/\/www.eldiario.net\/portal\/wp-json\/wp\/v2\/users\/1"}],"replies":[{"embeddable":true,"href":"https:\/\/www.eldiario.net\/portal\/wp-json\/wp\/v2\/comments?post=164999"}],"version-history":[{"count":0,"href":"https:\/\/www.eldiario.net\/portal\/wp-json\/wp\/v2\/posts\/164999\/revisions"}],"wp:featuredmedia":[{"embeddable":true,"href":"https:\/\/www.eldiario.net\/portal\/wp-json\/wp\/v2\/media\/163307"}],"wp:attachment":[{"href":"https:\/\/www.eldiario.net\/portal\/wp-json\/wp\/v2\/media?parent=164999"}],"wp:term":[{"taxonomy":"category","embeddable":true,"href":"https:\/\/www.eldiario.net\/portal\/wp-json\/wp\/v2\/categories?post=164999"},{"taxonomy":"post_tag","embeddable":true,"href":"https:\/\/www.eldiario.net\/portal\/wp-json\/wp\/v2\/tags?post=164999"}],"curies":[{"name":"wp","href":"https:\/\/api.w.org\/{rel}","templated":true}]}}