{"id":164959,"date":"2023-07-12T07:51:14","date_gmt":"2023-07-12T11:51:14","guid":{"rendered":"https:\/\/www.eldiario.net\/portal\/?p=164959"},"modified":"2023-07-12T07:51:14","modified_gmt":"2023-07-12T11:51:14","slug":"cultivos-de-invierno-consolidan-la-produccion-agricola-crucena","status":"publish","type":"post","link":"https:\/\/www.eldiario.net\/portal\/2023\/07\/12\/cultivos-de-invierno-consolidan-la-produccion-agricola-crucena\/","title":{"rendered":"Cultivos de invierno consolidan  la producci\u00f3n agr\u00edcola cruce\u00f1a\u00a0"},"content":{"rendered":"<p>La campa\u00f1a de invierno, con m\u00e1s de 850 mil hect\u00e1reas aptas para la cosecha de sorgo, trigo, ma\u00edz, girasol y ch\u00eda -cultivos de rotaci\u00f3n junto a la soya de verano-, se consolida el manejo sostenible de la producci\u00f3n agr\u00edcola de Santa Cruz, para realizar un adecuado manejo de los suelos y mantener su fertilidad.<br \/>\nComo resultado, se espera una producci\u00f3n de al menos 1,6 millones de toneladas de granos. As\u00ed lo anunci\u00f3 la Asociaci\u00f3n de Productores de Oleaginosas y Trigo (Anapo), en ocasi\u00f3n del D\u00eda de Campo de Cultivos de Invierno, que se llev\u00f3 a cabo en su Centro Experimental ubicado en Cuatro Ca\u00f1adas.<br \/>\nEstos cultivos estrat\u00e9gicos son un insumo importante para la producci\u00f3n de diversas cadenas alimenticias del pa\u00eds, como la av\u00edcola, la lechera, la porcina y la bovina; por tanto, constituyen una contribuci\u00f3n importante para la soberan\u00eda alimentaria del pa\u00eds.<br \/>\n\u201cNuestro D\u00eda de Campo de Cultivos de Invierno constituye un escenario para que los productores de distinta escala de producci\u00f3n puedan observar los avances tecnol\u00f3gicos y las pr\u00e1cticas para mejorar la producci\u00f3n y fortalecer la seguridad y soberan\u00eda alimentaria del pa\u00eds\u201d, resalt\u00f3 el presidente de Anapo, Fernando Romero.<br \/>\nEste a\u00f1o, los cultivos de rotaci\u00f3n (sorgo, ma\u00edz, trigo, girasol y ch\u00eda) alcanzaron una superficie sembrada de al menos 850 mil hect\u00e1reas, es decir, 10% m\u00e1s que en el invierno de 2022. Sin embargo, 44 mil hect\u00e1reas fueron afectadas por las inundaciones y casi 5 mil hect\u00e1reas se dieron por perdidas. En ese sentido, se prev\u00e9 una producci\u00f3n aproximada de 1.6 millones de toneladas de estos granos, que significa un incremento de 37% con relaci\u00f3n al invierno pasado.<br \/>\nAl D\u00eda de Campo acudieron m\u00e1s de 500 productores de las principales zonas productivas de la zona este, incluyendo los municipios de Pail\u00f3n, Cuatro Ca\u00f1adas, San Juli\u00e1n y El Puente. Durante la jornada, los asistentes observaron parcelas que exhibieron tecnolog\u00edas de h\u00edbridos de sorgo, girasol y ma\u00edz y variedades de trigo. Pudieron obtener informaci\u00f3n sobre paquetes tecnol\u00f3gicos presentados por casas comerciales, adem\u00e1s de resultados en trabajos de fertilizaci\u00f3n foliar y con base en urea, cultivos de cobertura, cultivos de servicios y asociaci\u00f3n de cultivos.<br \/>\n\u201cEste es un escenario de demostraci\u00f3n de tecnolog\u00edas que fomenta la mejora en el manejo de los cultivos de rotaci\u00f3n de invierno y es la forma en que Anapo brinda un respaldo t\u00e9cnico a los productores que se traducir\u00e1 en un aumento de la productividad y producci\u00f3n agr\u00edcola\u201d, sostuvo Romero.<\/p>\n","protected":false},"excerpt":{"rendered":"<p>La campa\u00f1a de invierno, con m\u00e1s de 850 mil hect\u00e1reas aptas para la cosecha de sorgo, trigo, ma\u00edz, girasol y ch\u00eda -cultivos de rotaci\u00f3n junto a la soya de verano-, se consolida el manejo sostenible de la producci\u00f3n agr\u00edcola de Santa Cruz, para realizar un adecuado manejo de los suelos y mantener su fertilidad. Como [&hellip;]<\/p>\n","protected":false},"author":1,"featured_media":164960,"comment_status":"closed","ping_status":"open","sticky":false,"template":"","format":"standard","meta":{"_acf_changed":false,"footnotes":""},"categories":[7],"tags":[],"class_list":["post-164959","post","type-post","status-publish","format-standard","has-post-thumbnail","category-economia"],"acf":{"antetitulo":""},"yoast_head":"<!-- This site is optimized with the Yoast SEO plugin v28.3 - https:\/\/yoast.com\/product\/yoast-seo-wordpress\/ -->\n<title>Cultivos de invierno consolidan la producci\u00f3n agr\u00edcola cruce\u00f1a\u00a0 - El Diario - Bolivia<\/title>\n<meta name=\"robots\" content=\"index, follow, max-snippet:-1, max-image-preview:large, max-video-preview:-1\" \/>\n<link rel=\"canonical\" href=\"https:\/\/www.eldiario.net\/portal\/2023\/07\/12\/cultivos-de-invierno-consolidan-la-produccion-agricola-crucena\/\" \/>\n<meta property=\"og:locale\" content=\"es_ES\" \/>\n<meta property=\"og:type\" content=\"article\" \/>\n<meta property=\"og:title\" content=\"Cultivos de invierno consolidan la producci\u00f3n agr\u00edcola cruce\u00f1a\u00a0 - El Diario - Bolivia\" \/>\n<meta property=\"og:description\" content=\"La campa\u00f1a de invierno, con m\u00e1s de 850 mil hect\u00e1reas aptas para la cosecha de sorgo, trigo, ma\u00edz, girasol y ch\u00eda -cultivos de rotaci\u00f3n junto a la soya de verano-, se consolida el manejo sostenible de la producci\u00f3n agr\u00edcola de Santa Cruz, para realizar un adecuado manejo de los suelos y mantener su fertilidad. Como [&hellip;]\" \/>\n<meta property=\"og:url\" content=\"https:\/\/www.eldiario.net\/portal\/2023\/07\/12\/cultivos-de-invierno-consolidan-la-produccion-agricola-crucena\/\" \/>\n<meta property=\"og:site_name\" content=\"El Diario - Bolivia\" \/>\n<meta property=\"article:publisher\" content=\"https:\/\/www.facebook.com\/eldiario.bolivia\/\" \/>\n<meta property=\"article:published_time\" content=\"2023-07-12T11:51:14+00:00\" \/>\n<meta property=\"og:image\" content=\"https:\/\/www.eldiario.net\/portal\/wp-content\/uploads\/2023\/07\/Eco-113.jpg\" \/>\n\t<meta property=\"og:image:width\" content=\"1600\" \/>\n\t<meta property=\"og:image:height\" content=\"902\" \/>\n\t<meta property=\"og:image:type\" content=\"image\/jpeg\" \/>\n<meta name=\"author\" content=\"Jeanette\" \/>\n<meta name=\"twitter:card\" content=\"summary_large_image\" \/>\n<meta name=\"twitter:creator\" content=\"@eldiario_net\" \/>\n<meta name=\"twitter:site\" content=\"@eldiario_net\" \/>\n<meta name=\"twitter:label1\" content=\"Escrito por\" \/>\n\t<meta name=\"twitter:data1\" content=\"Jeanette\" \/>\n\t<meta name=\"twitter:label2\" content=\"Tiempo de lectura\" \/>\n\t<meta name=\"twitter:data2\" content=\"2 minutos\" \/>\n<script type=\"application\/ld+json\" class=\"yoast-schema-graph\">{\"@context\":\"https:\\\/\\\/schema.org\",\"@graph\":[{\"@type\":\"Article\",\"@id\":\"https:\\\/\\\/www.eldiario.net\\\/portal\\\/2023\\\/07\\\/12\\\/cultivos-de-invierno-consolidan-la-produccion-agricola-crucena\\\/#article\",\"isPartOf\":{\"@id\":\"https:\\\/\\\/www.eldiario.net\\\/portal\\\/2023\\\/07\\\/12\\\/cultivos-de-invierno-consolidan-la-produccion-agricola-crucena\\\/\"},\"author\":{\"name\":\"Jeanette\",\"@id\":\"https:\\\/\\\/www.eldiario.net\\\/portal\\\/#\\\/schema\\\/person\\\/f46445640444750d7d753ccd04ae01b7\"},\"headline\":\"Cultivos de invierno consolidan la producci\u00f3n agr\u00edcola cruce\u00f1a\u00a0\",\"datePublished\":\"2023-07-12T11:51:14+00:00\",\"mainEntityOfPage\":{\"@id\":\"https:\\\/\\\/www.eldiario.net\\\/portal\\\/2023\\\/07\\\/12\\\/cultivos-de-invierno-consolidan-la-produccion-agricola-crucena\\\/\"},\"wordCount\":459,\"publisher\":{\"@id\":\"https:\\\/\\\/www.eldiario.net\\\/portal\\\/#organization\"},\"image\":{\"@id\":\"https:\\\/\\\/www.eldiario.net\\\/portal\\\/2023\\\/07\\\/12\\\/cultivos-de-invierno-consolidan-la-produccion-agricola-crucena\\\/#primaryimage\"},\"thumbnailUrl\":\"https:\\\/\\\/www.eldiario.net\\\/portal\\\/wp-content\\\/uploads\\\/2023\\\/07\\\/Eco-113.jpg\",\"articleSection\":[\"Econom\u00eda\"],\"inLanguage\":\"es\"},{\"@type\":\"WebPage\",\"@id\":\"https:\\\/\\\/www.eldiario.net\\\/portal\\\/2023\\\/07\\\/12\\\/cultivos-de-invierno-consolidan-la-produccion-agricola-crucena\\\/\",\"url\":\"https:\\\/\\\/www.eldiario.net\\\/portal\\\/2023\\\/07\\\/12\\\/cultivos-de-invierno-consolidan-la-produccion-agricola-crucena\\\/\",\"name\":\"Cultivos de invierno consolidan la producci\u00f3n agr\u00edcola cruce\u00f1a\u00a0 - El Diario - Bolivia\",\"isPartOf\":{\"@id\":\"https:\\\/\\\/www.eldiario.net\\\/portal\\\/#website\"},\"primaryImageOfPage\":{\"@id\":\"https:\\\/\\\/www.eldiario.net\\\/portal\\\/2023\\\/07\\\/12\\\/cultivos-de-invierno-consolidan-la-produccion-agricola-crucena\\\/#primaryimage\"},\"image\":{\"@id\":\"https:\\\/\\\/www.eldiario.net\\\/portal\\\/2023\\\/07\\\/12\\\/cultivos-de-invierno-consolidan-la-produccion-agricola-crucena\\\/#primaryimage\"},\"thumbnailUrl\":\"https:\\\/\\\/www.eldiario.net\\\/portal\\\/wp-content\\\/uploads\\\/2023\\\/07\\\/Eco-113.jpg\",\"datePublished\":\"2023-07-12T11:51:14+00:00\",\"breadcrumb\":{\"@id\":\"https:\\\/\\\/www.eldiario.net\\\/portal\\\/2023\\\/07\\\/12\\\/cultivos-de-invierno-consolidan-la-produccion-agricola-crucena\\\/#breadcrumb\"},\"inLanguage\":\"es\",\"potentialAction\":[{\"@type\":\"ReadAction\",\"target\":[\"https:\\\/\\\/www.eldiario.net\\\/portal\\\/2023\\\/07\\\/12\\\/cultivos-de-invierno-consolidan-la-produccion-agricola-crucena\\\/\"]}]},{\"@type\":\"ImageObject\",\"inLanguage\":\"es\",\"@id\":\"https:\\\/\\\/www.eldiario.net\\\/portal\\\/2023\\\/07\\\/12\\\/cultivos-de-invierno-consolidan-la-produccion-agricola-crucena\\\/#primaryimage\",\"url\":\"https:\\\/\\\/www.eldiario.net\\\/portal\\\/wp-content\\\/uploads\\\/2023\\\/07\\\/Eco-113.jpg\",\"contentUrl\":\"https:\\\/\\\/www.eldiario.net\\\/portal\\\/wp-content\\\/uploads\\\/2023\\\/07\\\/Eco-113.jpg\",\"width\":1600,\"height\":902},{\"@type\":\"BreadcrumbList\",\"@id\":\"https:\\\/\\\/www.eldiario.net\\\/portal\\\/2023\\\/07\\\/12\\\/cultivos-de-invierno-consolidan-la-produccion-agricola-crucena\\\/#breadcrumb\",\"itemListElement\":[{\"@type\":\"ListItem\",\"position\":1,\"name\":\"Portada\",\"item\":\"https:\\\/\\\/www.eldiario.net\\\/portal\\\/\"},{\"@type\":\"ListItem\",\"position\":2,\"name\":\"Cultivos de invierno consolidan la producci\u00f3n agr\u00edcola cruce\u00f1a\u00a0\"}]},{\"@type\":\"WebSite\",\"@id\":\"https:\\\/\\\/www.eldiario.net\\\/portal\\\/#website\",\"url\":\"https:\\\/\\\/www.eldiario.net\\\/portal\\\/\",\"name\":\"El Diario - Decano de la prensa nacional\",\"description\":\"El Diario - Decano de la prensa nacional\",\"publisher\":{\"@id\":\"https:\\\/\\\/www.eldiario.net\\\/portal\\\/#organization\"},\"potentialAction\":[{\"@type\":\"SearchAction\",\"target\":{\"@type\":\"EntryPoint\",\"urlTemplate\":\"https:\\\/\\\/www.eldiario.net\\\/portal\\\/?s={search_term_string}\"},\"query-input\":{\"@type\":\"PropertyValueSpecification\",\"valueRequired\":true,\"valueName\":\"search_term_string\"}}],\"inLanguage\":\"es\"},{\"@type\":\"Organization\",\"@id\":\"https:\\\/\\\/www.eldiario.net\\\/portal\\\/#organization\",\"name\":\"El Diario - Decano de la prensa nacional\",\"url\":\"https:\\\/\\\/www.eldiario.net\\\/portal\\\/\",\"logo\":{\"@type\":\"ImageObject\",\"inLanguage\":\"es\",\"@id\":\"https:\\\/\\\/www.eldiario.net\\\/portal\\\/#\\\/schema\\\/logo\\\/image\\\/\",\"url\":\"https:\\\/\\\/www.eldiario.net\\\/portal\\\/wp-content\\\/uploads\\\/2023\\\/07\\\/logo_ED.jpg\",\"contentUrl\":\"https:\\\/\\\/www.eldiario.net\\\/portal\\\/wp-content\\\/uploads\\\/2023\\\/07\\\/logo_ED.jpg\",\"width\":272,\"height\":52,\"caption\":\"El Diario - Decano de la prensa nacional\"},\"image\":{\"@id\":\"https:\\\/\\\/www.eldiario.net\\\/portal\\\/#\\\/schema\\\/logo\\\/image\\\/\"},\"sameAs\":[\"https:\\\/\\\/www.facebook.com\\\/eldiario.bolivia\\\/\",\"https:\\\/\\\/x.com\\\/eldiario_net\"]},{\"@type\":\"Person\",\"@id\":\"https:\\\/\\\/www.eldiario.net\\\/portal\\\/#\\\/schema\\\/person\\\/f46445640444750d7d753ccd04ae01b7\",\"name\":\"Jeanette\",\"image\":{\"@type\":\"ImageObject\",\"inLanguage\":\"es\",\"@id\":\"https:\\\/\\\/secure.gravatar.com\\\/avatar\\\/3ea2118a5f7dad2b7138b1187a6b7ee55f160b9968b66013c3a3ef39dd7e5798?s=96&d=mm&r=g\",\"url\":\"https:\\\/\\\/secure.gravatar.com\\\/avatar\\\/3ea2118a5f7dad2b7138b1187a6b7ee55f160b9968b66013c3a3ef39dd7e5798?s=96&d=mm&r=g\",\"contentUrl\":\"https:\\\/\\\/secure.gravatar.com\\\/avatar\\\/3ea2118a5f7dad2b7138b1187a6b7ee55f160b9968b66013c3a3ef39dd7e5798?s=96&d=mm&r=g\",\"caption\":\"Jeanette\"},\"sameAs\":[\"https:\\\/\\\/www.eldiario.net\\\/portal\"],\"url\":\"https:\\\/\\\/www.eldiario.net\\\/portal\\\/author\\\/jeanette\\\/\"}]}<\/script>\n<!-- \/ Yoast SEO plugin. -->","yoast_head_json":{"title":"Cultivos de invierno consolidan la producci\u00f3n agr\u00edcola cruce\u00f1a\u00a0 - El Diario - Bolivia","robots":{"index":"index","follow":"follow","max-snippet":"max-snippet:-1","max-image-preview":"max-image-preview:large","max-video-preview":"max-video-preview:-1"},"canonical":"https:\/\/www.eldiario.net\/portal\/2023\/07\/12\/cultivos-de-invierno-consolidan-la-produccion-agricola-crucena\/","og_locale":"es_ES","og_type":"article","og_title":"Cultivos de invierno consolidan la producci\u00f3n agr\u00edcola cruce\u00f1a\u00a0 - El Diario - Bolivia","og_description":"La campa\u00f1a de invierno, con m\u00e1s de 850 mil hect\u00e1reas aptas para la cosecha de sorgo, trigo, ma\u00edz, girasol y ch\u00eda -cultivos de rotaci\u00f3n junto a la soya de verano-, se consolida el manejo sostenible de la producci\u00f3n agr\u00edcola de Santa Cruz, para realizar un adecuado manejo de los suelos y mantener su fertilidad. Como [&hellip;]","og_url":"https:\/\/www.eldiario.net\/portal\/2023\/07\/12\/cultivos-de-invierno-consolidan-la-produccion-agricola-crucena\/","og_site_name":"El Diario - Bolivia","article_publisher":"https:\/\/www.facebook.com\/eldiario.bolivia\/","article_published_time":"2023-07-12T11:51:14+00:00","og_image":[{"width":1600,"height":902,"url":"https:\/\/www.eldiario.net\/portal\/wp-content\/uploads\/2023\/07\/Eco-113.jpg","type":"image\/jpeg"}],"author":"Jeanette","twitter_card":"summary_large_image","twitter_creator":"@eldiario_net","twitter_site":"@eldiario_net","twitter_misc":{"Escrito por":"Jeanette","Tiempo de lectura":"2 minutos"},"schema":{"@context":"https:\/\/schema.org","@graph":[{"@type":"Article","@id":"https:\/\/www.eldiario.net\/portal\/2023\/07\/12\/cultivos-de-invierno-consolidan-la-produccion-agricola-crucena\/#article","isPartOf":{"@id":"https:\/\/www.eldiario.net\/portal\/2023\/07\/12\/cultivos-de-invierno-consolidan-la-produccion-agricola-crucena\/"},"author":{"name":"Jeanette","@id":"https:\/\/www.eldiario.net\/portal\/#\/schema\/person\/f46445640444750d7d753ccd04ae01b7"},"headline":"Cultivos de invierno consolidan la producci\u00f3n agr\u00edcola cruce\u00f1a\u00a0","datePublished":"2023-07-12T11:51:14+00:00","mainEntityOfPage":{"@id":"https:\/\/www.eldiario.net\/portal\/2023\/07\/12\/cultivos-de-invierno-consolidan-la-produccion-agricola-crucena\/"},"wordCount":459,"publisher":{"@id":"https:\/\/www.eldiario.net\/portal\/#organization"},"image":{"@id":"https:\/\/www.eldiario.net\/portal\/2023\/07\/12\/cultivos-de-invierno-consolidan-la-produccion-agricola-crucena\/#primaryimage"},"thumbnailUrl":"https:\/\/www.eldiario.net\/portal\/wp-content\/uploads\/2023\/07\/Eco-113.jpg","articleSection":["Econom\u00eda"],"inLanguage":"es"},{"@type":"WebPage","@id":"https:\/\/www.eldiario.net\/portal\/2023\/07\/12\/cultivos-de-invierno-consolidan-la-produccion-agricola-crucena\/","url":"https:\/\/www.eldiario.net\/portal\/2023\/07\/12\/cultivos-de-invierno-consolidan-la-produccion-agricola-crucena\/","name":"Cultivos de invierno consolidan la producci\u00f3n agr\u00edcola cruce\u00f1a\u00a0 - El Diario - Bolivia","isPartOf":{"@id":"https:\/\/www.eldiario.net\/portal\/#website"},"primaryImageOfPage":{"@id":"https:\/\/www.eldiario.net\/portal\/2023\/07\/12\/cultivos-de-invierno-consolidan-la-produccion-agricola-crucena\/#primaryimage"},"image":{"@id":"https:\/\/www.eldiario.net\/portal\/2023\/07\/12\/cultivos-de-invierno-consolidan-la-produccion-agricola-crucena\/#primaryimage"},"thumbnailUrl":"https:\/\/www.eldiario.net\/portal\/wp-content\/uploads\/2023\/07\/Eco-113.jpg","datePublished":"2023-07-12T11:51:14+00:00","breadcrumb":{"@id":"https:\/\/www.eldiario.net\/portal\/2023\/07\/12\/cultivos-de-invierno-consolidan-la-produccion-agricola-crucena\/#breadcrumb"},"inLanguage":"es","potentialAction":[{"@type":"ReadAction","target":["https:\/\/www.eldiario.net\/portal\/2023\/07\/12\/cultivos-de-invierno-consolidan-la-produccion-agricola-crucena\/"]}]},{"@type":"ImageObject","inLanguage":"es","@id":"https:\/\/www.eldiario.net\/portal\/2023\/07\/12\/cultivos-de-invierno-consolidan-la-produccion-agricola-crucena\/#primaryimage","url":"https:\/\/www.eldiario.net\/portal\/wp-content\/uploads\/2023\/07\/Eco-113.jpg","contentUrl":"https:\/\/www.eldiario.net\/portal\/wp-content\/uploads\/2023\/07\/Eco-113.jpg","width":1600,"height":902},{"@type":"BreadcrumbList","@id":"https:\/\/www.eldiario.net\/portal\/2023\/07\/12\/cultivos-de-invierno-consolidan-la-produccion-agricola-crucena\/#breadcrumb","itemListElement":[{"@type":"ListItem","position":1,"name":"Portada","item":"https:\/\/www.eldiario.net\/portal\/"},{"@type":"ListItem","position":2,"name":"Cultivos de invierno consolidan la producci\u00f3n agr\u00edcola cruce\u00f1a\u00a0"}]},{"@type":"WebSite","@id":"https:\/\/www.eldiario.net\/portal\/#website","url":"https:\/\/www.eldiario.net\/portal\/","name":"El Diario - Decano de la prensa nacional","description":"El Diario - Decano de la prensa nacional","publisher":{"@id":"https:\/\/www.eldiario.net\/portal\/#organization"},"potentialAction":[{"@type":"SearchAction","target":{"@type":"EntryPoint","urlTemplate":"https:\/\/www.eldiario.net\/portal\/?s={search_term_string}"},"query-input":{"@type":"PropertyValueSpecification","valueRequired":true,"valueName":"search_term_string"}}],"inLanguage":"es"},{"@type":"Organization","@id":"https:\/\/www.eldiario.net\/portal\/#organization","name":"El Diario - Decano de la prensa nacional","url":"https:\/\/www.eldiario.net\/portal\/","logo":{"@type":"ImageObject","inLanguage":"es","@id":"https:\/\/www.eldiario.net\/portal\/#\/schema\/logo\/image\/","url":"https:\/\/www.eldiario.net\/portal\/wp-content\/uploads\/2023\/07\/logo_ED.jpg","contentUrl":"https:\/\/www.eldiario.net\/portal\/wp-content\/uploads\/2023\/07\/logo_ED.jpg","width":272,"height":52,"caption":"El Diario - Decano de la prensa nacional"},"image":{"@id":"https:\/\/www.eldiario.net\/portal\/#\/schema\/logo\/image\/"},"sameAs":["https:\/\/www.facebook.com\/eldiario.bolivia\/","https:\/\/x.com\/eldiario_net"]},{"@type":"Person","@id":"https:\/\/www.eldiario.net\/portal\/#\/schema\/person\/f46445640444750d7d753ccd04ae01b7","name":"Jeanette","image":{"@type":"ImageObject","inLanguage":"es","@id":"https:\/\/secure.gravatar.com\/avatar\/3ea2118a5f7dad2b7138b1187a6b7ee55f160b9968b66013c3a3ef39dd7e5798?s=96&d=mm&r=g","url":"https:\/\/secure.gravatar.com\/avatar\/3ea2118a5f7dad2b7138b1187a6b7ee55f160b9968b66013c3a3ef39dd7e5798?s=96&d=mm&r=g","contentUrl":"https:\/\/secure.gravatar.com\/avatar\/3ea2118a5f7dad2b7138b1187a6b7ee55f160b9968b66013c3a3ef39dd7e5798?s=96&d=mm&r=g","caption":"Jeanette"},"sameAs":["https:\/\/www.eldiario.net\/portal"],"url":"https:\/\/www.eldiario.net\/portal\/author\/jeanette\/"}]}},"_links":{"self":[{"href":"https:\/\/www.eldiario.net\/portal\/wp-json\/wp\/v2\/posts\/164959","targetHints":{"allow":["GET"]}}],"collection":[{"href":"https:\/\/www.eldiario.net\/portal\/wp-json\/wp\/v2\/posts"}],"about":[{"href":"https:\/\/www.eldiario.net\/portal\/wp-json\/wp\/v2\/types\/post"}],"author":[{"embeddable":true,"href":"https:\/\/www.eldiario.net\/portal\/wp-json\/wp\/v2\/users\/1"}],"replies":[{"embeddable":true,"href":"https:\/\/www.eldiario.net\/portal\/wp-json\/wp\/v2\/comments?post=164959"}],"version-history":[{"count":0,"href":"https:\/\/www.eldiario.net\/portal\/wp-json\/wp\/v2\/posts\/164959\/revisions"}],"wp:featuredmedia":[{"embeddable":true,"href":"https:\/\/www.eldiario.net\/portal\/wp-json\/wp\/v2\/media\/164960"}],"wp:attachment":[{"href":"https:\/\/www.eldiario.net\/portal\/wp-json\/wp\/v2\/media?parent=164959"}],"wp:term":[{"taxonomy":"category","embeddable":true,"href":"https:\/\/www.eldiario.net\/portal\/wp-json\/wp\/v2\/categories?post=164959"},{"taxonomy":"post_tag","embeddable":true,"href":"https:\/\/www.eldiario.net\/portal\/wp-json\/wp\/v2\/tags?post=164959"}],"curies":[{"name":"wp","href":"https:\/\/api.w.org\/{rel}","templated":true}]}}