{"id":164550,"date":"2023-07-10T05:53:23","date_gmt":"2023-07-10T09:53:23","guid":{"rendered":"https:\/\/www.eldiario.net\/portal\/?p=164550"},"modified":"2023-07-10T05:53:23","modified_gmt":"2023-07-10T09:53:23","slug":"antonio-saravia-economia-boliviana-pende-de-un-hilo","status":"publish","type":"post","link":"https:\/\/www.eldiario.net\/portal\/2023\/07\/10\/antonio-saravia-economia-boliviana-pende-de-un-hilo\/","title":{"rendered":"Antonio Saravia: econom\u00eda boliviana pende de un hilo"},"content":{"rendered":"<p>La econom\u00eda boliviana estar\u00eda ingresando a un terreno complicado, incluso a la recesi\u00f3n, por lo que se requiere acciones reales y no las f\u00e1bulas que comunican las autoridades gubernamentales, sostuvo en una entrevista con EL DIARIO el economista Antonio Saravia.<br \/>\nSostuvo que se debe bajar el protagonismo del Gobierno y brindar condiciones para profundizar la libertad econ\u00f3mica, seguir el ejemplo de El Alto y Santa Cruz, para que la gente pueda progresar y mejorar la situaci\u00f3n del pa\u00eds.<br \/>\nEL DIARIO envi\u00f3 un peque\u00f1o cuestionario al doctor en econom\u00eda Antonio Saravia, profesor de econom\u00eda y Director del Centro de Estudios para la Econom\u00eda y la Libertad en Mercer University, quien dio algunos planteamientos para mejorar la econom\u00eda nacional y de los bolivianos.<br \/>\n1.- Hablamos de estabilidad, baja inflaci\u00f3n, menor desocupaci\u00f3n y avance en la industrializaci\u00f3n, pero \u00bfa cu\u00e1nto asciende el costo para los bolivianos, sabiendo que no es sostenible, por ello, si no se toma otro rumbo que puede suceder en la econom\u00eda?<br \/>\nLa narrativa que nos quiere vender el Gobierno de estabilidad econ\u00f3mica, baja inflaci\u00f3n, menor desocupaci\u00f3n e industrializaci\u00f3n es un verdadero embuste. Nada de eso es verdad. Nuestra econom\u00eda pende de un hilo. Tenemos una baja inflaci\u00f3n porque la compramos con el subsidio a los hidrocarburos que nos cuesta alrededor de $us 1.700 millones al a\u00f1o. Este subsidio, m\u00e1s el tremendo gasto en la burocracia estatal (m\u00e1s de 500 mil empleados p\u00fablicos) y las ineficientes empresas estatales (el 85% de las cuales son deficitarias), nos han generado d\u00e9ficits fiscales de alrededor del 8% del PIB por diez a\u00f1os consecutivos. Estos d\u00e9ficits han hecho que nuestra deuda p\u00fablica (interna m\u00e1s externa) supere el 80% del PIB y que nos hayamos tenido que comer las Reservas Internacionales que pasaron de $us 15.000 millones el 2014 a $us 3.158 al 30 de abril de este a\u00f1o. Sin d\u00f3lares, nuestra estabilidad econ\u00f3mica est\u00e1 fuertemente amenazada.<br \/>\nDecir, adem\u00e1s, que hay menor desocupaci\u00f3n es una sinverg\u00fcenzura porque todos sabemos muy bien que el 85% de los trabajadores del pa\u00eds tienen trabajos muy precarios en la econom\u00eda informal. La industrializaci\u00f3n, por su parte, es otra patra\u00f1a promovida por malas ideas como la sustituci\u00f3n de importaciones. Esta pol\u00edtica de los a\u00f1os 50 y 60 solo gener\u00f3 recesiones econ\u00f3micas all\u00e1 donde fue aplicada. Su defecto es pensar que los pol\u00edticos saben que se debe producir en un pa\u00eds en lugar de dejar que sean los individuos los que decidan. As\u00ed las cosas, vivimos una situaci\u00f3n muy complicada. El pa\u00eds est\u00e1 en crisis y esta puede derivar en una severa recesi\u00f3n si no se da un fuerte golpe de tim\u00f3n.<br \/>\n2.- La escasez del d\u00f3lar en el mercado boliviano se agudiza, pero paralelamente el Gobierno vira hacia China para usar el yuan, ya indicaron que una moneda requiere ciertos requisitos para ser una divisa de uso internacional, \u00bfel yuan cumple y si estos vientos de cambio nos muestran el camino a multilateralismo?<br \/>\nEl yuan no va reemplazar al d\u00f3lar en un futuro cercano y lo m\u00e1s probable es que nunca lo haga. El 80% de las transacciones internacionales se hacen en d\u00f3lares. La fortaleza de esa moneda es la solidez institucional de los Estados Unidos. Esto es algo que China est\u00e1 muy lejos de lograr cuando est\u00e1 gobernada por el partido comunista. Lo del yuan es simplemente una cortina de humo que trata de disfrazar la escasez de d\u00f3lares.<br \/>\n3.- Un cambio de modelo econ\u00f3mico trae miedo a la gente y se\u00f1ala que m\u00e1s vale lo conocido que lo bueno por conocer. Desde su planteamiento, \u00bfC\u00f3mo virar a la derecha si el capital humano es escaso y los recursos tambi\u00e9n?<br \/>\nTodo es escaso en esta vida y la mejor manera de asignar recursos es a trav\u00e9s de mercados libres. Esto no lo digo yo. Lo dicen miles de a\u00f1os de evidencia emp\u00edrica. Cuando dejamos a los individuos libres de hacer lo que a ellos les parece que deben hacer con sus recursos, estos producir\u00e1n bienes y servicios, y los intercambiar\u00e1n por otros en mercados. Cuando esto pasa, los pa\u00edses crecen y se desarrollan. Simplemente vean los \u00edndices de libertad econ\u00f3mica y ver\u00e1n qu\u00e9 pa\u00edses han logrado mejores resultados: aquellos que brindan m\u00e1s libertad econ\u00f3mica a su gente. Y darle m\u00e1s libertad a la gente implica proteger la propiedad privada, brindar seguridad jur\u00eddica, reducir impuestos, trabas burocr\u00e1ticas, cupos de exportaci\u00f3n, controles de precios y las m\u00faltiples regulaciones en el mercado laboral.<br \/>\nEn Bolivia hemos vivido en las \u00faltimas d\u00e9cadas votando por pol\u00edticos que nos ofrecen una mayor presencia del Estado en la econom\u00eda y, por lo tanto, menor libertad econ\u00f3mica. Esto es algo sorprendente cuando la realidad es que los bolivianos somos liberales en la pr\u00e1ctica. Nos levantamos cada d\u00eda a trabajar y no queremos un Estado que nos proteja o nos guie la vida, sino uno que nos deje en paz. Miren, por ejemplo, el desarrollo de El Alto o de Santa Cruz. Ese desarrollo se da gracias a gente pujante que ejerce su libertad a pesar de las trabas que pone el Estado. Esto, entonces, me genera optimismo. Creo que est\u00e1 llegando el momento hist\u00f3rico en que la gente empezar\u00e1 a votar como vive. Y es que el \u00fanico futuro viable para el pa\u00eds se encuentra en el liberalismo.<\/p>\n<p>ANTONIO SARAVIA es profesor de econom\u00eda y Director del Centro de Estudios para la Econom\u00eda y la Libertad en Mercer University.<br \/>\n&#8211; Ph.D. en econom\u00eda de Arizona State University.<br \/>\n&#8211; M.S. en econom\u00eda de Arizona State University.<br \/>\n&#8211; M.A. en econom\u00eda de Georgetown University.<br \/>\n&#8211; Licenciado en econom\u00eda de la Universidad Cat\u00f3lica Boliviana.<br \/>\n&#8211; Autor de varios art\u00edculos acad\u00e9micos en revistas especializadas.<br \/>\n&#8211; Frecuente orador en universidades, conferencias acad\u00e9micas y de negocios en todo el mundo.<br \/>\n&#8211; Comentarista recurrente para importantes medios de comunicaci\u00f3n como: CNN, Fox News, NPR, Univisi\u00f3n, CBC y la mayor\u00eda de los medios nacionales.<br \/>\n&#8211; Columnista en los peri\u00f3dicos m\u00e1s importantes de Bolivia.<\/p>\n<div id='gallery-1' class='gallery galleryid-164550 gallery-columns-3 gallery-size-medium'><figure class='gallery-item'>\n\t\t\t<div class='gallery-icon landscape'>\n\t\t\t\t<a href='https:\/\/www.eldiario.net\/portal\/2023\/07\/10\/antonio-saravia-economia-boliviana-pende-de-un-hilo\/eco-900\/'><img loading=\"lazy\" decoding=\"async\" width=\"300\" height=\"169\" src=\"https:\/\/www.eldiario.net\/portal\/wp-content\/uploads\/2023\/07\/ECO-900-300x169.webp\" class=\"attachment-medium size-medium\" alt=\"\" aria-describedby=\"gallery-1-164551\" srcset=\"https:\/\/www.eldiario.net\/portal\/wp-content\/uploads\/2023\/07\/ECO-900-300x169.webp 300w, https:\/\/www.eldiario.net\/portal\/wp-content\/uploads\/2023\/07\/ECO-900-1024x576.webp 1024w, https:\/\/www.eldiario.net\/portal\/wp-content\/uploads\/2023\/07\/ECO-900-768x432.webp 768w, https:\/\/www.eldiario.net\/portal\/wp-content\/uploads\/2023\/07\/ECO-900-1536x864.webp 1536w, https:\/\/www.eldiario.net\/portal\/wp-content\/uploads\/2023\/07\/ECO-900-696x392.webp 696w, https:\/\/www.eldiario.net\/portal\/wp-content\/uploads\/2023\/07\/ECO-900-1068x601.webp 1068w, https:\/\/www.eldiario.net\/portal\/wp-content\/uploads\/2023\/07\/ECO-900.webp 1920w\" sizes=\"auto, (max-width: 300px) 100vw, 300px\" \/><\/a>\n\t\t\t<\/div>\n\t\t\t\t<figcaption class='wp-caption-text gallery-caption' id='gallery-1-164551'>\n\t\t\t\tEl yuan no va reemplazar al d\u00f3lar en un futuro cercano, seg\u00fan el economista Antonio Saravia.\n\t\t\t\t<\/figcaption><\/figure><figure class='gallery-item'>\n\t\t\t<div class='gallery-icon portrait'>\n\t\t\t\t<a href='https:\/\/www.eldiario.net\/portal\/2023\/07\/10\/antonio-saravia-economia-boliviana-pende-de-un-hilo\/eco-901\/'><img loading=\"lazy\" decoding=\"async\" width=\"268\" height=\"300\" src=\"https:\/\/www.eldiario.net\/portal\/wp-content\/uploads\/2023\/07\/ECO-901-268x300.jpg\" class=\"attachment-medium size-medium\" alt=\"\" srcset=\"https:\/\/www.eldiario.net\/portal\/wp-content\/uploads\/2023\/07\/ECO-901-268x300.jpg 268w, https:\/\/www.eldiario.net\/portal\/wp-content\/uploads\/2023\/07\/ECO-901.jpg 300w\" sizes=\"auto, (max-width: 268px) 100vw, 268px\" \/><\/a>\n\t\t\t<\/div><\/figure>\n\t\t<\/div>\n\n","protected":false},"excerpt":{"rendered":"<p>La econom\u00eda boliviana estar\u00eda ingresando a un terreno complicado, incluso a la recesi\u00f3n, por lo que se requiere acciones reales y no las f\u00e1bulas que comunican las autoridades gubernamentales, sostuvo en una entrevista con EL DIARIO el economista Antonio Saravia. Sostuvo que se debe bajar el protagonismo del Gobierno y brindar condiciones para profundizar la [&hellip;]<\/p>\n","protected":false},"author":1,"featured_media":164551,"comment_status":"closed","ping_status":"open","sticky":false,"template":"","format":"standard","meta":{"_acf_changed":false,"footnotes":""},"categories":[7],"tags":[],"class_list":["post-164550","post","type-post","status-publish","format-standard","has-post-thumbnail","category-economia"],"acf":{"antetitulo":""},"yoast_head":"<!-- This site is optimized with the Yoast SEO plugin v28.3 - https:\/\/yoast.com\/product\/yoast-seo-wordpress\/ -->\n<title>Antonio Saravia: econom\u00eda boliviana pende de un hilo - El Diario - Bolivia<\/title>\n<meta name=\"robots\" content=\"index, follow, max-snippet:-1, max-image-preview:large, max-video-preview:-1\" \/>\n<link rel=\"canonical\" href=\"https:\/\/www.eldiario.net\/portal\/2023\/07\/10\/antonio-saravia-economia-boliviana-pende-de-un-hilo\/\" \/>\n<meta property=\"og:locale\" content=\"es_ES\" \/>\n<meta property=\"og:type\" content=\"article\" \/>\n<meta property=\"og:title\" content=\"Antonio Saravia: econom\u00eda boliviana pende de un hilo - El Diario - Bolivia\" \/>\n<meta property=\"og:description\" content=\"La econom\u00eda boliviana estar\u00eda ingresando a un terreno complicado, incluso a la recesi\u00f3n, por lo que se requiere acciones reales y no las f\u00e1bulas que comunican las autoridades gubernamentales, sostuvo en una entrevista con EL DIARIO el economista Antonio Saravia. Sostuvo que se debe bajar el protagonismo del Gobierno y brindar condiciones para profundizar la [&hellip;]\" \/>\n<meta property=\"og:url\" content=\"https:\/\/www.eldiario.net\/portal\/2023\/07\/10\/antonio-saravia-economia-boliviana-pende-de-un-hilo\/\" \/>\n<meta property=\"og:site_name\" content=\"El Diario - Bolivia\" \/>\n<meta property=\"article:publisher\" content=\"https:\/\/www.facebook.com\/eldiario.bolivia\/\" \/>\n<meta property=\"article:published_time\" content=\"2023-07-10T09:53:23+00:00\" \/>\n<meta property=\"og:image\" content=\"https:\/\/www.eldiario.net\/portal\/wp-content\/uploads\/2023\/07\/ECO-900.webp\" \/>\n\t<meta property=\"og:image:width\" content=\"1920\" \/>\n\t<meta property=\"og:image:height\" content=\"1080\" \/>\n\t<meta property=\"og:image:type\" content=\"image\/webp\" \/>\n<meta name=\"author\" content=\"Jeanette\" \/>\n<meta name=\"twitter:card\" content=\"summary_large_image\" \/>\n<meta name=\"twitter:creator\" content=\"@eldiario_net\" \/>\n<meta name=\"twitter:site\" content=\"@eldiario_net\" \/>\n<meta name=\"twitter:label1\" content=\"Escrito por\" \/>\n\t<meta name=\"twitter:data1\" content=\"Jeanette\" \/>\n\t<meta name=\"twitter:label2\" content=\"Tiempo de lectura\" \/>\n\t<meta name=\"twitter:data2\" content=\"5 minutos\" \/>\n<script type=\"application\/ld+json\" class=\"yoast-schema-graph\">{\"@context\":\"https:\\\/\\\/schema.org\",\"@graph\":[{\"@type\":\"Article\",\"@id\":\"https:\\\/\\\/www.eldiario.net\\\/portal\\\/2023\\\/07\\\/10\\\/antonio-saravia-economia-boliviana-pende-de-un-hilo\\\/#article\",\"isPartOf\":{\"@id\":\"https:\\\/\\\/www.eldiario.net\\\/portal\\\/2023\\\/07\\\/10\\\/antonio-saravia-economia-boliviana-pende-de-un-hilo\\\/\"},\"author\":{\"name\":\"Jeanette\",\"@id\":\"https:\\\/\\\/www.eldiario.net\\\/portal\\\/#\\\/schema\\\/person\\\/f46445640444750d7d753ccd04ae01b7\"},\"headline\":\"Antonio Saravia: econom\u00eda boliviana pende de un hilo\",\"datePublished\":\"2023-07-10T09:53:23+00:00\",\"mainEntityOfPage\":{\"@id\":\"https:\\\/\\\/www.eldiario.net\\\/portal\\\/2023\\\/07\\\/10\\\/antonio-saravia-economia-boliviana-pende-de-un-hilo\\\/\"},\"wordCount\":1082,\"publisher\":{\"@id\":\"https:\\\/\\\/www.eldiario.net\\\/portal\\\/#organization\"},\"image\":{\"@id\":\"https:\\\/\\\/www.eldiario.net\\\/portal\\\/2023\\\/07\\\/10\\\/antonio-saravia-economia-boliviana-pende-de-un-hilo\\\/#primaryimage\"},\"thumbnailUrl\":\"https:\\\/\\\/www.eldiario.net\\\/portal\\\/wp-content\\\/uploads\\\/2023\\\/07\\\/ECO-900.webp\",\"articleSection\":[\"Econom\u00eda\"],\"inLanguage\":\"es\"},{\"@type\":\"WebPage\",\"@id\":\"https:\\\/\\\/www.eldiario.net\\\/portal\\\/2023\\\/07\\\/10\\\/antonio-saravia-economia-boliviana-pende-de-un-hilo\\\/\",\"url\":\"https:\\\/\\\/www.eldiario.net\\\/portal\\\/2023\\\/07\\\/10\\\/antonio-saravia-economia-boliviana-pende-de-un-hilo\\\/\",\"name\":\"Antonio Saravia: econom\u00eda boliviana pende de un hilo - El Diario - Bolivia\",\"isPartOf\":{\"@id\":\"https:\\\/\\\/www.eldiario.net\\\/portal\\\/#website\"},\"primaryImageOfPage\":{\"@id\":\"https:\\\/\\\/www.eldiario.net\\\/portal\\\/2023\\\/07\\\/10\\\/antonio-saravia-economia-boliviana-pende-de-un-hilo\\\/#primaryimage\"},\"image\":{\"@id\":\"https:\\\/\\\/www.eldiario.net\\\/portal\\\/2023\\\/07\\\/10\\\/antonio-saravia-economia-boliviana-pende-de-un-hilo\\\/#primaryimage\"},\"thumbnailUrl\":\"https:\\\/\\\/www.eldiario.net\\\/portal\\\/wp-content\\\/uploads\\\/2023\\\/07\\\/ECO-900.webp\",\"datePublished\":\"2023-07-10T09:53:23+00:00\",\"breadcrumb\":{\"@id\":\"https:\\\/\\\/www.eldiario.net\\\/portal\\\/2023\\\/07\\\/10\\\/antonio-saravia-economia-boliviana-pende-de-un-hilo\\\/#breadcrumb\"},\"inLanguage\":\"es\",\"potentialAction\":[{\"@type\":\"ReadAction\",\"target\":[\"https:\\\/\\\/www.eldiario.net\\\/portal\\\/2023\\\/07\\\/10\\\/antonio-saravia-economia-boliviana-pende-de-un-hilo\\\/\"]}]},{\"@type\":\"ImageObject\",\"inLanguage\":\"es\",\"@id\":\"https:\\\/\\\/www.eldiario.net\\\/portal\\\/2023\\\/07\\\/10\\\/antonio-saravia-economia-boliviana-pende-de-un-hilo\\\/#primaryimage\",\"url\":\"https:\\\/\\\/www.eldiario.net\\\/portal\\\/wp-content\\\/uploads\\\/2023\\\/07\\\/ECO-900.webp\",\"contentUrl\":\"https:\\\/\\\/www.eldiario.net\\\/portal\\\/wp-content\\\/uploads\\\/2023\\\/07\\\/ECO-900.webp\",\"width\":1920,\"height\":1080,\"caption\":\"El yuan no va reemplazar al d\u00f3lar en un futuro cercano, seg\u00fan el economista Antonio Saravia.\"},{\"@type\":\"BreadcrumbList\",\"@id\":\"https:\\\/\\\/www.eldiario.net\\\/portal\\\/2023\\\/07\\\/10\\\/antonio-saravia-economia-boliviana-pende-de-un-hilo\\\/#breadcrumb\",\"itemListElement\":[{\"@type\":\"ListItem\",\"position\":1,\"name\":\"Portada\",\"item\":\"https:\\\/\\\/www.eldiario.net\\\/portal\\\/\"},{\"@type\":\"ListItem\",\"position\":2,\"name\":\"Antonio Saravia: econom\u00eda boliviana pende de un hilo\"}]},{\"@type\":\"WebSite\",\"@id\":\"https:\\\/\\\/www.eldiario.net\\\/portal\\\/#website\",\"url\":\"https:\\\/\\\/www.eldiario.net\\\/portal\\\/\",\"name\":\"El Diario - Decano de la prensa nacional\",\"description\":\"El Diario - Decano de la prensa nacional\",\"publisher\":{\"@id\":\"https:\\\/\\\/www.eldiario.net\\\/portal\\\/#organization\"},\"potentialAction\":[{\"@type\":\"SearchAction\",\"target\":{\"@type\":\"EntryPoint\",\"urlTemplate\":\"https:\\\/\\\/www.eldiario.net\\\/portal\\\/?s={search_term_string}\"},\"query-input\":{\"@type\":\"PropertyValueSpecification\",\"valueRequired\":true,\"valueName\":\"search_term_string\"}}],\"inLanguage\":\"es\"},{\"@type\":\"Organization\",\"@id\":\"https:\\\/\\\/www.eldiario.net\\\/portal\\\/#organization\",\"name\":\"El Diario - Decano de la prensa nacional\",\"url\":\"https:\\\/\\\/www.eldiario.net\\\/portal\\\/\",\"logo\":{\"@type\":\"ImageObject\",\"inLanguage\":\"es\",\"@id\":\"https:\\\/\\\/www.eldiario.net\\\/portal\\\/#\\\/schema\\\/logo\\\/image\\\/\",\"url\":\"https:\\\/\\\/www.eldiario.net\\\/portal\\\/wp-content\\\/uploads\\\/2023\\\/07\\\/logo_ED.jpg\",\"contentUrl\":\"https:\\\/\\\/www.eldiario.net\\\/portal\\\/wp-content\\\/uploads\\\/2023\\\/07\\\/logo_ED.jpg\",\"width\":272,\"height\":52,\"caption\":\"El Diario - Decano de la prensa nacional\"},\"image\":{\"@id\":\"https:\\\/\\\/www.eldiario.net\\\/portal\\\/#\\\/schema\\\/logo\\\/image\\\/\"},\"sameAs\":[\"https:\\\/\\\/www.facebook.com\\\/eldiario.bolivia\\\/\",\"https:\\\/\\\/x.com\\\/eldiario_net\"]},{\"@type\":\"Person\",\"@id\":\"https:\\\/\\\/www.eldiario.net\\\/portal\\\/#\\\/schema\\\/person\\\/f46445640444750d7d753ccd04ae01b7\",\"name\":\"Jeanette\",\"image\":{\"@type\":\"ImageObject\",\"inLanguage\":\"es\",\"@id\":\"https:\\\/\\\/secure.gravatar.com\\\/avatar\\\/3ea2118a5f7dad2b7138b1187a6b7ee55f160b9968b66013c3a3ef39dd7e5798?s=96&d=mm&r=g\",\"url\":\"https:\\\/\\\/secure.gravatar.com\\\/avatar\\\/3ea2118a5f7dad2b7138b1187a6b7ee55f160b9968b66013c3a3ef39dd7e5798?s=96&d=mm&r=g\",\"contentUrl\":\"https:\\\/\\\/secure.gravatar.com\\\/avatar\\\/3ea2118a5f7dad2b7138b1187a6b7ee55f160b9968b66013c3a3ef39dd7e5798?s=96&d=mm&r=g\",\"caption\":\"Jeanette\"},\"sameAs\":[\"https:\\\/\\\/www.eldiario.net\\\/portal\"],\"url\":\"https:\\\/\\\/www.eldiario.net\\\/portal\\\/author\\\/jeanette\\\/\"}]}<\/script>\n<!-- \/ Yoast SEO plugin. -->","yoast_head_json":{"title":"Antonio Saravia: econom\u00eda boliviana pende de un hilo - El Diario - Bolivia","robots":{"index":"index","follow":"follow","max-snippet":"max-snippet:-1","max-image-preview":"max-image-preview:large","max-video-preview":"max-video-preview:-1"},"canonical":"https:\/\/www.eldiario.net\/portal\/2023\/07\/10\/antonio-saravia-economia-boliviana-pende-de-un-hilo\/","og_locale":"es_ES","og_type":"article","og_title":"Antonio Saravia: econom\u00eda boliviana pende de un hilo - El Diario - Bolivia","og_description":"La econom\u00eda boliviana estar\u00eda ingresando a un terreno complicado, incluso a la recesi\u00f3n, por lo que se requiere acciones reales y no las f\u00e1bulas que comunican las autoridades gubernamentales, sostuvo en una entrevista con EL DIARIO el economista Antonio Saravia. Sostuvo que se debe bajar el protagonismo del Gobierno y brindar condiciones para profundizar la [&hellip;]","og_url":"https:\/\/www.eldiario.net\/portal\/2023\/07\/10\/antonio-saravia-economia-boliviana-pende-de-un-hilo\/","og_site_name":"El Diario - Bolivia","article_publisher":"https:\/\/www.facebook.com\/eldiario.bolivia\/","article_published_time":"2023-07-10T09:53:23+00:00","og_image":[{"width":1920,"height":1080,"url":"https:\/\/www.eldiario.net\/portal\/wp-content\/uploads\/2023\/07\/ECO-900.webp","type":"image\/webp"}],"author":"Jeanette","twitter_card":"summary_large_image","twitter_creator":"@eldiario_net","twitter_site":"@eldiario_net","twitter_misc":{"Escrito por":"Jeanette","Tiempo de lectura":"5 minutos"},"schema":{"@context":"https:\/\/schema.org","@graph":[{"@type":"Article","@id":"https:\/\/www.eldiario.net\/portal\/2023\/07\/10\/antonio-saravia-economia-boliviana-pende-de-un-hilo\/#article","isPartOf":{"@id":"https:\/\/www.eldiario.net\/portal\/2023\/07\/10\/antonio-saravia-economia-boliviana-pende-de-un-hilo\/"},"author":{"name":"Jeanette","@id":"https:\/\/www.eldiario.net\/portal\/#\/schema\/person\/f46445640444750d7d753ccd04ae01b7"},"headline":"Antonio Saravia: econom\u00eda boliviana pende de un hilo","datePublished":"2023-07-10T09:53:23+00:00","mainEntityOfPage":{"@id":"https:\/\/www.eldiario.net\/portal\/2023\/07\/10\/antonio-saravia-economia-boliviana-pende-de-un-hilo\/"},"wordCount":1082,"publisher":{"@id":"https:\/\/www.eldiario.net\/portal\/#organization"},"image":{"@id":"https:\/\/www.eldiario.net\/portal\/2023\/07\/10\/antonio-saravia-economia-boliviana-pende-de-un-hilo\/#primaryimage"},"thumbnailUrl":"https:\/\/www.eldiario.net\/portal\/wp-content\/uploads\/2023\/07\/ECO-900.webp","articleSection":["Econom\u00eda"],"inLanguage":"es"},{"@type":"WebPage","@id":"https:\/\/www.eldiario.net\/portal\/2023\/07\/10\/antonio-saravia-economia-boliviana-pende-de-un-hilo\/","url":"https:\/\/www.eldiario.net\/portal\/2023\/07\/10\/antonio-saravia-economia-boliviana-pende-de-un-hilo\/","name":"Antonio Saravia: econom\u00eda boliviana pende de un hilo - El Diario - Bolivia","isPartOf":{"@id":"https:\/\/www.eldiario.net\/portal\/#website"},"primaryImageOfPage":{"@id":"https:\/\/www.eldiario.net\/portal\/2023\/07\/10\/antonio-saravia-economia-boliviana-pende-de-un-hilo\/#primaryimage"},"image":{"@id":"https:\/\/www.eldiario.net\/portal\/2023\/07\/10\/antonio-saravia-economia-boliviana-pende-de-un-hilo\/#primaryimage"},"thumbnailUrl":"https:\/\/www.eldiario.net\/portal\/wp-content\/uploads\/2023\/07\/ECO-900.webp","datePublished":"2023-07-10T09:53:23+00:00","breadcrumb":{"@id":"https:\/\/www.eldiario.net\/portal\/2023\/07\/10\/antonio-saravia-economia-boliviana-pende-de-un-hilo\/#breadcrumb"},"inLanguage":"es","potentialAction":[{"@type":"ReadAction","target":["https:\/\/www.eldiario.net\/portal\/2023\/07\/10\/antonio-saravia-economia-boliviana-pende-de-un-hilo\/"]}]},{"@type":"ImageObject","inLanguage":"es","@id":"https:\/\/www.eldiario.net\/portal\/2023\/07\/10\/antonio-saravia-economia-boliviana-pende-de-un-hilo\/#primaryimage","url":"https:\/\/www.eldiario.net\/portal\/wp-content\/uploads\/2023\/07\/ECO-900.webp","contentUrl":"https:\/\/www.eldiario.net\/portal\/wp-content\/uploads\/2023\/07\/ECO-900.webp","width":1920,"height":1080,"caption":"El yuan no va reemplazar al d\u00f3lar en un futuro cercano, seg\u00fan el economista Antonio Saravia."},{"@type":"BreadcrumbList","@id":"https:\/\/www.eldiario.net\/portal\/2023\/07\/10\/antonio-saravia-economia-boliviana-pende-de-un-hilo\/#breadcrumb","itemListElement":[{"@type":"ListItem","position":1,"name":"Portada","item":"https:\/\/www.eldiario.net\/portal\/"},{"@type":"ListItem","position":2,"name":"Antonio Saravia: econom\u00eda boliviana pende de un hilo"}]},{"@type":"WebSite","@id":"https:\/\/www.eldiario.net\/portal\/#website","url":"https:\/\/www.eldiario.net\/portal\/","name":"El Diario - Decano de la prensa nacional","description":"El Diario - Decano de la prensa nacional","publisher":{"@id":"https:\/\/www.eldiario.net\/portal\/#organization"},"potentialAction":[{"@type":"SearchAction","target":{"@type":"EntryPoint","urlTemplate":"https:\/\/www.eldiario.net\/portal\/?s={search_term_string}"},"query-input":{"@type":"PropertyValueSpecification","valueRequired":true,"valueName":"search_term_string"}}],"inLanguage":"es"},{"@type":"Organization","@id":"https:\/\/www.eldiario.net\/portal\/#organization","name":"El Diario - Decano de la prensa nacional","url":"https:\/\/www.eldiario.net\/portal\/","logo":{"@type":"ImageObject","inLanguage":"es","@id":"https:\/\/www.eldiario.net\/portal\/#\/schema\/logo\/image\/","url":"https:\/\/www.eldiario.net\/portal\/wp-content\/uploads\/2023\/07\/logo_ED.jpg","contentUrl":"https:\/\/www.eldiario.net\/portal\/wp-content\/uploads\/2023\/07\/logo_ED.jpg","width":272,"height":52,"caption":"El Diario - Decano de la prensa nacional"},"image":{"@id":"https:\/\/www.eldiario.net\/portal\/#\/schema\/logo\/image\/"},"sameAs":["https:\/\/www.facebook.com\/eldiario.bolivia\/","https:\/\/x.com\/eldiario_net"]},{"@type":"Person","@id":"https:\/\/www.eldiario.net\/portal\/#\/schema\/person\/f46445640444750d7d753ccd04ae01b7","name":"Jeanette","image":{"@type":"ImageObject","inLanguage":"es","@id":"https:\/\/secure.gravatar.com\/avatar\/3ea2118a5f7dad2b7138b1187a6b7ee55f160b9968b66013c3a3ef39dd7e5798?s=96&d=mm&r=g","url":"https:\/\/secure.gravatar.com\/avatar\/3ea2118a5f7dad2b7138b1187a6b7ee55f160b9968b66013c3a3ef39dd7e5798?s=96&d=mm&r=g","contentUrl":"https:\/\/secure.gravatar.com\/avatar\/3ea2118a5f7dad2b7138b1187a6b7ee55f160b9968b66013c3a3ef39dd7e5798?s=96&d=mm&r=g","caption":"Jeanette"},"sameAs":["https:\/\/www.eldiario.net\/portal"],"url":"https:\/\/www.eldiario.net\/portal\/author\/jeanette\/"}]}},"_links":{"self":[{"href":"https:\/\/www.eldiario.net\/portal\/wp-json\/wp\/v2\/posts\/164550","targetHints":{"allow":["GET"]}}],"collection":[{"href":"https:\/\/www.eldiario.net\/portal\/wp-json\/wp\/v2\/posts"}],"about":[{"href":"https:\/\/www.eldiario.net\/portal\/wp-json\/wp\/v2\/types\/post"}],"author":[{"embeddable":true,"href":"https:\/\/www.eldiario.net\/portal\/wp-json\/wp\/v2\/users\/1"}],"replies":[{"embeddable":true,"href":"https:\/\/www.eldiario.net\/portal\/wp-json\/wp\/v2\/comments?post=164550"}],"version-history":[{"count":0,"href":"https:\/\/www.eldiario.net\/portal\/wp-json\/wp\/v2\/posts\/164550\/revisions"}],"wp:featuredmedia":[{"embeddable":true,"href":"https:\/\/www.eldiario.net\/portal\/wp-json\/wp\/v2\/media\/164551"}],"wp:attachment":[{"href":"https:\/\/www.eldiario.net\/portal\/wp-json\/wp\/v2\/media?parent=164550"}],"wp:term":[{"taxonomy":"category","embeddable":true,"href":"https:\/\/www.eldiario.net\/portal\/wp-json\/wp\/v2\/categories?post=164550"},{"taxonomy":"post_tag","embeddable":true,"href":"https:\/\/www.eldiario.net\/portal\/wp-json\/wp\/v2\/tags?post=164550"}],"curies":[{"name":"wp","href":"https:\/\/api.w.org\/{rel}","templated":true}]}}