{"id":164544,"date":"2023-07-10T05:51:29","date_gmt":"2023-07-10T09:51:29","guid":{"rendered":"https:\/\/www.eldiario.net\/portal\/?p=164544"},"modified":"2023-07-10T05:51:29","modified_gmt":"2023-07-10T09:51:29","slug":"ibce-y-cainco-plantean-al-gobierno-alianza-publico-privada-ante-la-crisis","status":"publish","type":"post","link":"https:\/\/www.eldiario.net\/portal\/2023\/07\/10\/ibce-y-cainco-plantean-al-gobierno-alianza-publico-privada-ante-la-crisis\/","title":{"rendered":"IBCE y Cainco plantean al Gobierno alianza p\u00fablico-privada ante la crisis"},"content":{"rendered":"<p>El Instituto Boliviano de Comercio Exterior (IBCE) y la C\u00e1mara de Industria, Comercio, Servicios y Turismo (Cainco) de Santa Cruz coincidieron en plantear al Gobierno una alianza p\u00fablico-privada que haga frente a la actual crisis econ\u00f3mica y saldar la carencia de d\u00f3lares en el pa\u00eds.<br \/>\nPara el gerente general del IBCE, se \u201ccoincide con el Gobierno al querer una Bolivia digna, productiva y soberana porque no solamente es el sector productivo el que tiene que responder es una sumatoria de muchos esfuerzos conjuntamente el sector estatal\u201d.<br \/>\n\u201cPara aprovechar las riquezas productivas de Bolivia, hay que trazar un plan estrat\u00e9gico en el que todos nos pongamos de acuerdo y tengamos visiones en conjunto tanto a nivel pol\u00edtico como a nivel empresarial y -por su puesto en cada regi\u00f3n- esto significa que traduzcamos esas decisiones en pol\u00edticas de Estado\u201d, declar\u00f3.<br \/>\nCAINCO<br \/>\nPor su parte, el presidente de la Cainco, Jean Pierre Antelo, propuso tras el Foro Econ\u00f3mico 2023, que para salir de la crisis en la que se encuentra el pa\u00eds \u201ces necesaria la alianza p\u00fablico-privada, por ejemplo, para solucionar la crisis en la balanza de pagos que se traduce por la disminuci\u00f3n de las Reservas Internacionales, que nos encuentra sin d\u00f3lares en las calles, sin d\u00f3lares en las empresas para poder hacer la importaci\u00f3n de maquinaria de bienes y materia prima\u201d.<br \/>\nConsultado en torno a la cantidad de d\u00f3lares que se necesitan para mantener la estabilidad del tipo de cambio, el ejecutivo de la Cainco dijo que el sector empresarial requiere de 7.500 millones de d\u00f3lares al a\u00f1o para seguir con la actividad productiva del pa\u00eds, \u201cpara que la maquinaria, el aparato productivo del pa\u00eds siga andando\u201d.<br \/>\n\u201c\u00bfY c\u00f3mo conseguimos esos 7.500 millones de d\u00f3lares? Es a trav\u00e9s de la capacidad instalada apuntalando al turismo, a la agroindustria, a la exportaci\u00f3n de servicios para salir de manera inmediata en los pr\u00f3ximos 3 a 4 a\u00f1os de la actual crisis generando m\u00e1s de 5.000 millones de d\u00f3lares que le van a permitir al Estado aumentar las Reservas Internacionales, dar una estabilidad cambiaria\u201d, apunt\u00f3.<br \/>\nSeg\u00fan Antelo, esta propuesta de la alianza p\u00fablica privada est\u00e1 reflejada en un documento propuesta que recoge los puntos de vista de al menos cinco c\u00e1maras privadas de empresarios, sector productivo, exportador y otros.<br \/>\nPor ello, desde la Cainco proponen una lucha frontal contra el contrabando de combustibles en una labor conjunta. \u201cSi hay una voluntad pol\u00edtica. Si empezamos a trabar pensando en el pa\u00eds, todos aportando de lo que sabemos hacer. Nosotros desde la iniciativa privada formal podemos lograr que el contrabando de combustibles -en una lucha frontal- ahorre unos 500 millones de d\u00f3lares que pueda darle al pa\u00eds la salida a la crisis\u201d.<br \/>\nInsisti\u00f3 en que la econom\u00eda requiere los antes esa alianza p\u00fablico-privada para que haya d\u00f3lares en las empresas, en los ciudadanos y en el Estado, \u201cmientras m\u00e1s demoremos la implementaci\u00f3n de estas medidas va a ser m\u00e1s dif\u00edcil. No olvidemos que hoy, la falta de divisas es el primer s\u00edntoma de una inestabilidad mayor, o sea, que mientras m\u00e1s demoremos en aplicar estas medidas correctivas a las pol\u00edticas macroecon\u00f3micas va a ser m\u00e1s dif\u00edcil salir de esta crisis\u201d.<br \/>\n\u201cTodas estas medidas que puede aportar el sector privado, si no hay voluntad y estabilidad pol\u00edtica, es muy dif\u00edcil aplicarlas\u201d, resalt\u00f3. (Innovapress).<\/p>\n","protected":false},"excerpt":{"rendered":"<p>El Instituto Boliviano de Comercio Exterior (IBCE) y la C\u00e1mara de Industria, Comercio, Servicios y Turismo (Cainco) de Santa Cruz coincidieron en plantear al Gobierno una alianza p\u00fablico-privada que haga frente a la actual crisis econ\u00f3mica y saldar la carencia de d\u00f3lares en el pa\u00eds. Para el gerente general del IBCE, se \u201ccoincide con el [&hellip;]<\/p>\n","protected":false},"author":1,"featured_media":164545,"comment_status":"closed","ping_status":"open","sticky":false,"template":"","format":"standard","meta":{"_acf_changed":false,"footnotes":""},"categories":[7],"tags":[],"class_list":["post-164544","post","type-post","status-publish","format-standard","has-post-thumbnail","category-economia"],"acf":{"antetitulo":""},"yoast_head":"<!-- This site is optimized with the Yoast SEO plugin v28.3 - https:\/\/yoast.com\/product\/yoast-seo-wordpress\/ -->\n<title>IBCE y Cainco plantean al Gobierno alianza p\u00fablico-privada ante la crisis - El Diario - Bolivia<\/title>\n<meta name=\"robots\" content=\"index, follow, max-snippet:-1, max-image-preview:large, max-video-preview:-1\" \/>\n<link rel=\"canonical\" href=\"https:\/\/www.eldiario.net\/portal\/2023\/07\/10\/ibce-y-cainco-plantean-al-gobierno-alianza-publico-privada-ante-la-crisis\/\" \/>\n<meta property=\"og:locale\" content=\"es_ES\" \/>\n<meta property=\"og:type\" content=\"article\" \/>\n<meta property=\"og:title\" content=\"IBCE y Cainco plantean al Gobierno alianza p\u00fablico-privada ante la crisis - El Diario - Bolivia\" \/>\n<meta property=\"og:description\" content=\"El Instituto Boliviano de Comercio Exterior (IBCE) y la C\u00e1mara de Industria, Comercio, Servicios y Turismo (Cainco) de Santa Cruz coincidieron en plantear al Gobierno una alianza p\u00fablico-privada que haga frente a la actual crisis econ\u00f3mica y saldar la carencia de d\u00f3lares en el pa\u00eds. Para el gerente general del IBCE, se \u201ccoincide con el [&hellip;]\" \/>\n<meta property=\"og:url\" content=\"https:\/\/www.eldiario.net\/portal\/2023\/07\/10\/ibce-y-cainco-plantean-al-gobierno-alianza-publico-privada-ante-la-crisis\/\" \/>\n<meta property=\"og:site_name\" content=\"El Diario - Bolivia\" \/>\n<meta property=\"article:publisher\" content=\"https:\/\/www.facebook.com\/eldiario.bolivia\/\" \/>\n<meta property=\"article:published_time\" content=\"2023-07-10T09:51:29+00:00\" \/>\n<meta property=\"og:image\" content=\"https:\/\/www.eldiario.net\/portal\/wp-content\/uploads\/2023\/07\/ECO-904.jpg\" \/>\n\t<meta property=\"og:image:width\" content=\"700\" \/>\n\t<meta property=\"og:image:height\" content=\"396\" \/>\n\t<meta property=\"og:image:type\" content=\"image\/jpeg\" \/>\n<meta name=\"author\" content=\"Jeanette\" \/>\n<meta name=\"twitter:card\" content=\"summary_large_image\" \/>\n<meta name=\"twitter:creator\" content=\"@eldiario_net\" \/>\n<meta name=\"twitter:site\" content=\"@eldiario_net\" \/>\n<meta name=\"twitter:label1\" content=\"Escrito por\" \/>\n\t<meta name=\"twitter:data1\" content=\"Jeanette\" \/>\n\t<meta name=\"twitter:label2\" content=\"Tiempo de lectura\" \/>\n\t<meta name=\"twitter:data2\" content=\"3 minutos\" \/>\n<script type=\"application\/ld+json\" class=\"yoast-schema-graph\">{\"@context\":\"https:\\\/\\\/schema.org\",\"@graph\":[{\"@type\":\"Article\",\"@id\":\"https:\\\/\\\/www.eldiario.net\\\/portal\\\/2023\\\/07\\\/10\\\/ibce-y-cainco-plantean-al-gobierno-alianza-publico-privada-ante-la-crisis\\\/#article\",\"isPartOf\":{\"@id\":\"https:\\\/\\\/www.eldiario.net\\\/portal\\\/2023\\\/07\\\/10\\\/ibce-y-cainco-plantean-al-gobierno-alianza-publico-privada-ante-la-crisis\\\/\"},\"author\":{\"name\":\"Jeanette\",\"@id\":\"https:\\\/\\\/www.eldiario.net\\\/portal\\\/#\\\/schema\\\/person\\\/f46445640444750d7d753ccd04ae01b7\"},\"headline\":\"IBCE y Cainco plantean al Gobierno alianza p\u00fablico-privada ante la crisis\",\"datePublished\":\"2023-07-10T09:51:29+00:00\",\"mainEntityOfPage\":{\"@id\":\"https:\\\/\\\/www.eldiario.net\\\/portal\\\/2023\\\/07\\\/10\\\/ibce-y-cainco-plantean-al-gobierno-alianza-publico-privada-ante-la-crisis\\\/\"},\"wordCount\":602,\"publisher\":{\"@id\":\"https:\\\/\\\/www.eldiario.net\\\/portal\\\/#organization\"},\"image\":{\"@id\":\"https:\\\/\\\/www.eldiario.net\\\/portal\\\/2023\\\/07\\\/10\\\/ibce-y-cainco-plantean-al-gobierno-alianza-publico-privada-ante-la-crisis\\\/#primaryimage\"},\"thumbnailUrl\":\"https:\\\/\\\/www.eldiario.net\\\/portal\\\/wp-content\\\/uploads\\\/2023\\\/07\\\/ECO-904.jpg\",\"articleSection\":[\"Econom\u00eda\"],\"inLanguage\":\"es\"},{\"@type\":\"WebPage\",\"@id\":\"https:\\\/\\\/www.eldiario.net\\\/portal\\\/2023\\\/07\\\/10\\\/ibce-y-cainco-plantean-al-gobierno-alianza-publico-privada-ante-la-crisis\\\/\",\"url\":\"https:\\\/\\\/www.eldiario.net\\\/portal\\\/2023\\\/07\\\/10\\\/ibce-y-cainco-plantean-al-gobierno-alianza-publico-privada-ante-la-crisis\\\/\",\"name\":\"IBCE y Cainco plantean al Gobierno alianza p\u00fablico-privada ante la crisis - El Diario - Bolivia\",\"isPartOf\":{\"@id\":\"https:\\\/\\\/www.eldiario.net\\\/portal\\\/#website\"},\"primaryImageOfPage\":{\"@id\":\"https:\\\/\\\/www.eldiario.net\\\/portal\\\/2023\\\/07\\\/10\\\/ibce-y-cainco-plantean-al-gobierno-alianza-publico-privada-ante-la-crisis\\\/#primaryimage\"},\"image\":{\"@id\":\"https:\\\/\\\/www.eldiario.net\\\/portal\\\/2023\\\/07\\\/10\\\/ibce-y-cainco-plantean-al-gobierno-alianza-publico-privada-ante-la-crisis\\\/#primaryimage\"},\"thumbnailUrl\":\"https:\\\/\\\/www.eldiario.net\\\/portal\\\/wp-content\\\/uploads\\\/2023\\\/07\\\/ECO-904.jpg\",\"datePublished\":\"2023-07-10T09:51:29+00:00\",\"breadcrumb\":{\"@id\":\"https:\\\/\\\/www.eldiario.net\\\/portal\\\/2023\\\/07\\\/10\\\/ibce-y-cainco-plantean-al-gobierno-alianza-publico-privada-ante-la-crisis\\\/#breadcrumb\"},\"inLanguage\":\"es\",\"potentialAction\":[{\"@type\":\"ReadAction\",\"target\":[\"https:\\\/\\\/www.eldiario.net\\\/portal\\\/2023\\\/07\\\/10\\\/ibce-y-cainco-plantean-al-gobierno-alianza-publico-privada-ante-la-crisis\\\/\"]}]},{\"@type\":\"ImageObject\",\"inLanguage\":\"es\",\"@id\":\"https:\\\/\\\/www.eldiario.net\\\/portal\\\/2023\\\/07\\\/10\\\/ibce-y-cainco-plantean-al-gobierno-alianza-publico-privada-ante-la-crisis\\\/#primaryimage\",\"url\":\"https:\\\/\\\/www.eldiario.net\\\/portal\\\/wp-content\\\/uploads\\\/2023\\\/07\\\/ECO-904.jpg\",\"contentUrl\":\"https:\\\/\\\/www.eldiario.net\\\/portal\\\/wp-content\\\/uploads\\\/2023\\\/07\\\/ECO-904.jpg\",\"width\":700,\"height\":396,\"caption\":\"El objetivo de la propuesta interinstitucional es fortalecer el aparato productivo y solucionar la escasez de d\u00f3lares.\"},{\"@type\":\"BreadcrumbList\",\"@id\":\"https:\\\/\\\/www.eldiario.net\\\/portal\\\/2023\\\/07\\\/10\\\/ibce-y-cainco-plantean-al-gobierno-alianza-publico-privada-ante-la-crisis\\\/#breadcrumb\",\"itemListElement\":[{\"@type\":\"ListItem\",\"position\":1,\"name\":\"Portada\",\"item\":\"https:\\\/\\\/www.eldiario.net\\\/portal\\\/\"},{\"@type\":\"ListItem\",\"position\":2,\"name\":\"IBCE y Cainco plantean al Gobierno alianza p\u00fablico-privada ante la crisis\"}]},{\"@type\":\"WebSite\",\"@id\":\"https:\\\/\\\/www.eldiario.net\\\/portal\\\/#website\",\"url\":\"https:\\\/\\\/www.eldiario.net\\\/portal\\\/\",\"name\":\"El Diario - Decano de la prensa nacional\",\"description\":\"El Diario - Decano de la prensa nacional\",\"publisher\":{\"@id\":\"https:\\\/\\\/www.eldiario.net\\\/portal\\\/#organization\"},\"potentialAction\":[{\"@type\":\"SearchAction\",\"target\":{\"@type\":\"EntryPoint\",\"urlTemplate\":\"https:\\\/\\\/www.eldiario.net\\\/portal\\\/?s={search_term_string}\"},\"query-input\":{\"@type\":\"PropertyValueSpecification\",\"valueRequired\":true,\"valueName\":\"search_term_string\"}}],\"inLanguage\":\"es\"},{\"@type\":\"Organization\",\"@id\":\"https:\\\/\\\/www.eldiario.net\\\/portal\\\/#organization\",\"name\":\"El Diario - Decano de la prensa nacional\",\"url\":\"https:\\\/\\\/www.eldiario.net\\\/portal\\\/\",\"logo\":{\"@type\":\"ImageObject\",\"inLanguage\":\"es\",\"@id\":\"https:\\\/\\\/www.eldiario.net\\\/portal\\\/#\\\/schema\\\/logo\\\/image\\\/\",\"url\":\"https:\\\/\\\/www.eldiario.net\\\/portal\\\/wp-content\\\/uploads\\\/2023\\\/07\\\/logo_ED.jpg\",\"contentUrl\":\"https:\\\/\\\/www.eldiario.net\\\/portal\\\/wp-content\\\/uploads\\\/2023\\\/07\\\/logo_ED.jpg\",\"width\":272,\"height\":52,\"caption\":\"El Diario - Decano de la prensa nacional\"},\"image\":{\"@id\":\"https:\\\/\\\/www.eldiario.net\\\/portal\\\/#\\\/schema\\\/logo\\\/image\\\/\"},\"sameAs\":[\"https:\\\/\\\/www.facebook.com\\\/eldiario.bolivia\\\/\",\"https:\\\/\\\/x.com\\\/eldiario_net\"]},{\"@type\":\"Person\",\"@id\":\"https:\\\/\\\/www.eldiario.net\\\/portal\\\/#\\\/schema\\\/person\\\/f46445640444750d7d753ccd04ae01b7\",\"name\":\"Jeanette\",\"image\":{\"@type\":\"ImageObject\",\"inLanguage\":\"es\",\"@id\":\"https:\\\/\\\/secure.gravatar.com\\\/avatar\\\/3ea2118a5f7dad2b7138b1187a6b7ee55f160b9968b66013c3a3ef39dd7e5798?s=96&d=mm&r=g\",\"url\":\"https:\\\/\\\/secure.gravatar.com\\\/avatar\\\/3ea2118a5f7dad2b7138b1187a6b7ee55f160b9968b66013c3a3ef39dd7e5798?s=96&d=mm&r=g\",\"contentUrl\":\"https:\\\/\\\/secure.gravatar.com\\\/avatar\\\/3ea2118a5f7dad2b7138b1187a6b7ee55f160b9968b66013c3a3ef39dd7e5798?s=96&d=mm&r=g\",\"caption\":\"Jeanette\"},\"sameAs\":[\"https:\\\/\\\/www.eldiario.net\\\/portal\"],\"url\":\"https:\\\/\\\/www.eldiario.net\\\/portal\\\/author\\\/jeanette\\\/\"}]}<\/script>\n<!-- \/ Yoast SEO plugin. -->","yoast_head_json":{"title":"IBCE y Cainco plantean al Gobierno alianza p\u00fablico-privada ante la crisis - El Diario - Bolivia","robots":{"index":"index","follow":"follow","max-snippet":"max-snippet:-1","max-image-preview":"max-image-preview:large","max-video-preview":"max-video-preview:-1"},"canonical":"https:\/\/www.eldiario.net\/portal\/2023\/07\/10\/ibce-y-cainco-plantean-al-gobierno-alianza-publico-privada-ante-la-crisis\/","og_locale":"es_ES","og_type":"article","og_title":"IBCE y Cainco plantean al Gobierno alianza p\u00fablico-privada ante la crisis - El Diario - Bolivia","og_description":"El Instituto Boliviano de Comercio Exterior (IBCE) y la C\u00e1mara de Industria, Comercio, Servicios y Turismo (Cainco) de Santa Cruz coincidieron en plantear al Gobierno una alianza p\u00fablico-privada que haga frente a la actual crisis econ\u00f3mica y saldar la carencia de d\u00f3lares en el pa\u00eds. Para el gerente general del IBCE, se \u201ccoincide con el [&hellip;]","og_url":"https:\/\/www.eldiario.net\/portal\/2023\/07\/10\/ibce-y-cainco-plantean-al-gobierno-alianza-publico-privada-ante-la-crisis\/","og_site_name":"El Diario - Bolivia","article_publisher":"https:\/\/www.facebook.com\/eldiario.bolivia\/","article_published_time":"2023-07-10T09:51:29+00:00","og_image":[{"width":700,"height":396,"url":"https:\/\/www.eldiario.net\/portal\/wp-content\/uploads\/2023\/07\/ECO-904.jpg","type":"image\/jpeg"}],"author":"Jeanette","twitter_card":"summary_large_image","twitter_creator":"@eldiario_net","twitter_site":"@eldiario_net","twitter_misc":{"Escrito por":"Jeanette","Tiempo de lectura":"3 minutos"},"schema":{"@context":"https:\/\/schema.org","@graph":[{"@type":"Article","@id":"https:\/\/www.eldiario.net\/portal\/2023\/07\/10\/ibce-y-cainco-plantean-al-gobierno-alianza-publico-privada-ante-la-crisis\/#article","isPartOf":{"@id":"https:\/\/www.eldiario.net\/portal\/2023\/07\/10\/ibce-y-cainco-plantean-al-gobierno-alianza-publico-privada-ante-la-crisis\/"},"author":{"name":"Jeanette","@id":"https:\/\/www.eldiario.net\/portal\/#\/schema\/person\/f46445640444750d7d753ccd04ae01b7"},"headline":"IBCE y Cainco plantean al Gobierno alianza p\u00fablico-privada ante la crisis","datePublished":"2023-07-10T09:51:29+00:00","mainEntityOfPage":{"@id":"https:\/\/www.eldiario.net\/portal\/2023\/07\/10\/ibce-y-cainco-plantean-al-gobierno-alianza-publico-privada-ante-la-crisis\/"},"wordCount":602,"publisher":{"@id":"https:\/\/www.eldiario.net\/portal\/#organization"},"image":{"@id":"https:\/\/www.eldiario.net\/portal\/2023\/07\/10\/ibce-y-cainco-plantean-al-gobierno-alianza-publico-privada-ante-la-crisis\/#primaryimage"},"thumbnailUrl":"https:\/\/www.eldiario.net\/portal\/wp-content\/uploads\/2023\/07\/ECO-904.jpg","articleSection":["Econom\u00eda"],"inLanguage":"es"},{"@type":"WebPage","@id":"https:\/\/www.eldiario.net\/portal\/2023\/07\/10\/ibce-y-cainco-plantean-al-gobierno-alianza-publico-privada-ante-la-crisis\/","url":"https:\/\/www.eldiario.net\/portal\/2023\/07\/10\/ibce-y-cainco-plantean-al-gobierno-alianza-publico-privada-ante-la-crisis\/","name":"IBCE y Cainco plantean al Gobierno alianza p\u00fablico-privada ante la crisis - El Diario - Bolivia","isPartOf":{"@id":"https:\/\/www.eldiario.net\/portal\/#website"},"primaryImageOfPage":{"@id":"https:\/\/www.eldiario.net\/portal\/2023\/07\/10\/ibce-y-cainco-plantean-al-gobierno-alianza-publico-privada-ante-la-crisis\/#primaryimage"},"image":{"@id":"https:\/\/www.eldiario.net\/portal\/2023\/07\/10\/ibce-y-cainco-plantean-al-gobierno-alianza-publico-privada-ante-la-crisis\/#primaryimage"},"thumbnailUrl":"https:\/\/www.eldiario.net\/portal\/wp-content\/uploads\/2023\/07\/ECO-904.jpg","datePublished":"2023-07-10T09:51:29+00:00","breadcrumb":{"@id":"https:\/\/www.eldiario.net\/portal\/2023\/07\/10\/ibce-y-cainco-plantean-al-gobierno-alianza-publico-privada-ante-la-crisis\/#breadcrumb"},"inLanguage":"es","potentialAction":[{"@type":"ReadAction","target":["https:\/\/www.eldiario.net\/portal\/2023\/07\/10\/ibce-y-cainco-plantean-al-gobierno-alianza-publico-privada-ante-la-crisis\/"]}]},{"@type":"ImageObject","inLanguage":"es","@id":"https:\/\/www.eldiario.net\/portal\/2023\/07\/10\/ibce-y-cainco-plantean-al-gobierno-alianza-publico-privada-ante-la-crisis\/#primaryimage","url":"https:\/\/www.eldiario.net\/portal\/wp-content\/uploads\/2023\/07\/ECO-904.jpg","contentUrl":"https:\/\/www.eldiario.net\/portal\/wp-content\/uploads\/2023\/07\/ECO-904.jpg","width":700,"height":396,"caption":"El objetivo de la propuesta interinstitucional es fortalecer el aparato productivo y solucionar la escasez de d\u00f3lares."},{"@type":"BreadcrumbList","@id":"https:\/\/www.eldiario.net\/portal\/2023\/07\/10\/ibce-y-cainco-plantean-al-gobierno-alianza-publico-privada-ante-la-crisis\/#breadcrumb","itemListElement":[{"@type":"ListItem","position":1,"name":"Portada","item":"https:\/\/www.eldiario.net\/portal\/"},{"@type":"ListItem","position":2,"name":"IBCE y Cainco plantean al Gobierno alianza p\u00fablico-privada ante la crisis"}]},{"@type":"WebSite","@id":"https:\/\/www.eldiario.net\/portal\/#website","url":"https:\/\/www.eldiario.net\/portal\/","name":"El Diario - Decano de la prensa nacional","description":"El Diario - Decano de la prensa nacional","publisher":{"@id":"https:\/\/www.eldiario.net\/portal\/#organization"},"potentialAction":[{"@type":"SearchAction","target":{"@type":"EntryPoint","urlTemplate":"https:\/\/www.eldiario.net\/portal\/?s={search_term_string}"},"query-input":{"@type":"PropertyValueSpecification","valueRequired":true,"valueName":"search_term_string"}}],"inLanguage":"es"},{"@type":"Organization","@id":"https:\/\/www.eldiario.net\/portal\/#organization","name":"El Diario - Decano de la prensa nacional","url":"https:\/\/www.eldiario.net\/portal\/","logo":{"@type":"ImageObject","inLanguage":"es","@id":"https:\/\/www.eldiario.net\/portal\/#\/schema\/logo\/image\/","url":"https:\/\/www.eldiario.net\/portal\/wp-content\/uploads\/2023\/07\/logo_ED.jpg","contentUrl":"https:\/\/www.eldiario.net\/portal\/wp-content\/uploads\/2023\/07\/logo_ED.jpg","width":272,"height":52,"caption":"El Diario - Decano de la prensa nacional"},"image":{"@id":"https:\/\/www.eldiario.net\/portal\/#\/schema\/logo\/image\/"},"sameAs":["https:\/\/www.facebook.com\/eldiario.bolivia\/","https:\/\/x.com\/eldiario_net"]},{"@type":"Person","@id":"https:\/\/www.eldiario.net\/portal\/#\/schema\/person\/f46445640444750d7d753ccd04ae01b7","name":"Jeanette","image":{"@type":"ImageObject","inLanguage":"es","@id":"https:\/\/secure.gravatar.com\/avatar\/3ea2118a5f7dad2b7138b1187a6b7ee55f160b9968b66013c3a3ef39dd7e5798?s=96&d=mm&r=g","url":"https:\/\/secure.gravatar.com\/avatar\/3ea2118a5f7dad2b7138b1187a6b7ee55f160b9968b66013c3a3ef39dd7e5798?s=96&d=mm&r=g","contentUrl":"https:\/\/secure.gravatar.com\/avatar\/3ea2118a5f7dad2b7138b1187a6b7ee55f160b9968b66013c3a3ef39dd7e5798?s=96&d=mm&r=g","caption":"Jeanette"},"sameAs":["https:\/\/www.eldiario.net\/portal"],"url":"https:\/\/www.eldiario.net\/portal\/author\/jeanette\/"}]}},"_links":{"self":[{"href":"https:\/\/www.eldiario.net\/portal\/wp-json\/wp\/v2\/posts\/164544","targetHints":{"allow":["GET"]}}],"collection":[{"href":"https:\/\/www.eldiario.net\/portal\/wp-json\/wp\/v2\/posts"}],"about":[{"href":"https:\/\/www.eldiario.net\/portal\/wp-json\/wp\/v2\/types\/post"}],"author":[{"embeddable":true,"href":"https:\/\/www.eldiario.net\/portal\/wp-json\/wp\/v2\/users\/1"}],"replies":[{"embeddable":true,"href":"https:\/\/www.eldiario.net\/portal\/wp-json\/wp\/v2\/comments?post=164544"}],"version-history":[{"count":0,"href":"https:\/\/www.eldiario.net\/portal\/wp-json\/wp\/v2\/posts\/164544\/revisions"}],"wp:featuredmedia":[{"embeddable":true,"href":"https:\/\/www.eldiario.net\/portal\/wp-json\/wp\/v2\/media\/164545"}],"wp:attachment":[{"href":"https:\/\/www.eldiario.net\/portal\/wp-json\/wp\/v2\/media?parent=164544"}],"wp:term":[{"taxonomy":"category","embeddable":true,"href":"https:\/\/www.eldiario.net\/portal\/wp-json\/wp\/v2\/categories?post=164544"},{"taxonomy":"post_tag","embeddable":true,"href":"https:\/\/www.eldiario.net\/portal\/wp-json\/wp\/v2\/tags?post=164544"}],"curies":[{"name":"wp","href":"https:\/\/api.w.org\/{rel}","templated":true}]}}