{"id":164538,"date":"2023-07-10T05:49:30","date_gmt":"2023-07-10T09:49:30","guid":{"rendered":"https:\/\/www.eldiario.net\/portal\/?p=164538"},"modified":"2023-07-10T05:49:30","modified_gmt":"2023-07-10T09:49:30","slug":"ejecutan-plan-de-accion-para-prever-emergencias-por-incendios-forestales","status":"publish","type":"post","link":"https:\/\/www.eldiario.net\/portal\/2023\/07\/10\/ejecutan-plan-de-accion-para-prever-emergencias-por-incendios-forestales\/","title":{"rendered":"Ejecutan plan de acci\u00f3n para prever  emergencias por incendios forestales"},"content":{"rendered":"<p>Tras la activaci\u00f3n de alerta amarilla por incendios forestales en el departamento, la Gobernaci\u00f3n dispuso en ejecuci\u00f3n su plan de acci\u00f3n que permitir\u00e1 en esta etapa, alertar a los municipios y sus autoridades para que prevean sus recursos humanos, log\u00edsticos y econ\u00f3micos para atender las emergencias.<br \/>\nLa directora de Recursos Naturales, Yovenka Rosado, explic\u00f3 que gracias a la priorizaci\u00f3n de recursos hecha por el gobernador Luis Fernando Camacho, se logr\u00f3 tener este plan de acci\u00f3n el cual desde enero sensibiliz\u00f3 a m\u00e1s de 4 mil personas en cuidado del bosque, su importancia y el manejo adecuado del fuego.<br \/>\nTambi\u00e9n se capacit\u00f3 m\u00e1s de 5 mil bomberos forestales a nivel departamental la misma que va acompa\u00f1ada con la dotaci\u00f3n de la log\u00edstica especializada, herramientas y maquinarias no solo para la ciudad sino tambi\u00e9n las provincias.<br \/>\nAsimismo, se form\u00f3 brigadas comunales, equipadas y listas para defender sus comunidades cuando hay emergencias forestales. A esto se suma una inversi\u00f3n de m\u00e1s de Bs 16 millones para log\u00edstica especializada, camioneta con equipos de intervenci\u00f3n r\u00e1pida, cisternas y carretas tanque.<br \/>\nFinalmente, Rosado se\u00f1al\u00f3 que actualmente los bosques a\u00fan se encuentran en estado h\u00famedo, pero por la estaci\u00f3n seca que se aproxima Santa Cruz estar\u00eda en el per\u00edodo inicial de la temporada critica de los incendios forestales.<\/p>\n","protected":false},"excerpt":{"rendered":"<p>Tras la activaci\u00f3n de alerta amarilla por incendios forestales en el departamento, la Gobernaci\u00f3n dispuso en ejecuci\u00f3n su plan de acci\u00f3n que permitir\u00e1 en esta etapa, alertar a los municipios y sus autoridades para que prevean sus recursos humanos, log\u00edsticos y econ\u00f3micos para atender las emergencias. La directora de Recursos Naturales, Yovenka Rosado, explic\u00f3 que [&hellip;]<\/p>\n","protected":false},"author":1,"featured_media":164539,"comment_status":"closed","ping_status":"open","sticky":false,"template":"","format":"standard","meta":{"_acf_changed":false,"footnotes":""},"categories":[12],"tags":[],"class_list":["post-164538","post","type-post","status-publish","format-standard","has-post-thumbnail","category-nacional"],"acf":{"antetitulo":""},"yoast_head":"<!-- This site is optimized with the Yoast SEO plugin v28.3 - https:\/\/yoast.com\/product\/yoast-seo-wordpress\/ -->\n<title>Ejecutan plan de acci\u00f3n para prever emergencias por incendios forestales - El Diario - Bolivia<\/title>\n<meta name=\"robots\" content=\"index, follow, max-snippet:-1, max-image-preview:large, max-video-preview:-1\" \/>\n<link rel=\"canonical\" href=\"https:\/\/www.eldiario.net\/portal\/2023\/07\/10\/ejecutan-plan-de-accion-para-prever-emergencias-por-incendios-forestales\/\" \/>\n<meta property=\"og:locale\" content=\"es_ES\" \/>\n<meta property=\"og:type\" content=\"article\" \/>\n<meta property=\"og:title\" content=\"Ejecutan plan de acci\u00f3n para prever emergencias por incendios forestales - El Diario - Bolivia\" \/>\n<meta property=\"og:description\" content=\"Tras la activaci\u00f3n de alerta amarilla por incendios forestales en el departamento, la Gobernaci\u00f3n dispuso en ejecuci\u00f3n su plan de acci\u00f3n que permitir\u00e1 en esta etapa, alertar a los municipios y sus autoridades para que prevean sus recursos humanos, log\u00edsticos y econ\u00f3micos para atender las emergencias. La directora de Recursos Naturales, Yovenka Rosado, explic\u00f3 que [&hellip;]\" \/>\n<meta property=\"og:url\" content=\"https:\/\/www.eldiario.net\/portal\/2023\/07\/10\/ejecutan-plan-de-accion-para-prever-emergencias-por-incendios-forestales\/\" \/>\n<meta property=\"og:site_name\" content=\"El Diario - Bolivia\" \/>\n<meta property=\"article:publisher\" content=\"https:\/\/www.facebook.com\/eldiario.bolivia\/\" \/>\n<meta property=\"article:published_time\" content=\"2023-07-10T09:49:30+00:00\" \/>\n<meta property=\"og:image\" content=\"https:\/\/www.eldiario.net\/portal\/wp-content\/uploads\/2023\/07\/10-NAL-COLOR.jpeg\" \/>\n\t<meta property=\"og:image:width\" content=\"1600\" \/>\n\t<meta property=\"og:image:height\" content=\"898\" \/>\n\t<meta property=\"og:image:type\" content=\"image\/jpeg\" \/>\n<meta name=\"author\" content=\"Jeanette\" \/>\n<meta name=\"twitter:card\" content=\"summary_large_image\" \/>\n<meta name=\"twitter:creator\" content=\"@eldiario_net\" \/>\n<meta name=\"twitter:site\" content=\"@eldiario_net\" \/>\n<meta name=\"twitter:label1\" content=\"Escrito por\" \/>\n\t<meta name=\"twitter:data1\" content=\"Jeanette\" \/>\n\t<meta name=\"twitter:label2\" content=\"Tiempo de lectura\" \/>\n\t<meta name=\"twitter:data2\" content=\"1 minuto\" \/>\n<script type=\"application\/ld+json\" class=\"yoast-schema-graph\">{\"@context\":\"https:\\\/\\\/schema.org\",\"@graph\":[{\"@type\":\"Article\",\"@id\":\"https:\\\/\\\/www.eldiario.net\\\/portal\\\/2023\\\/07\\\/10\\\/ejecutan-plan-de-accion-para-prever-emergencias-por-incendios-forestales\\\/#article\",\"isPartOf\":{\"@id\":\"https:\\\/\\\/www.eldiario.net\\\/portal\\\/2023\\\/07\\\/10\\\/ejecutan-plan-de-accion-para-prever-emergencias-por-incendios-forestales\\\/\"},\"author\":{\"name\":\"Jeanette\",\"@id\":\"https:\\\/\\\/www.eldiario.net\\\/portal\\\/#\\\/schema\\\/person\\\/f46445640444750d7d753ccd04ae01b7\"},\"headline\":\"Ejecutan plan de acci\u00f3n para prever emergencias por incendios forestales\",\"datePublished\":\"2023-07-10T09:49:30+00:00\",\"mainEntityOfPage\":{\"@id\":\"https:\\\/\\\/www.eldiario.net\\\/portal\\\/2023\\\/07\\\/10\\\/ejecutan-plan-de-accion-para-prever-emergencias-por-incendios-forestales\\\/\"},\"wordCount\":245,\"publisher\":{\"@id\":\"https:\\\/\\\/www.eldiario.net\\\/portal\\\/#organization\"},\"image\":{\"@id\":\"https:\\\/\\\/www.eldiario.net\\\/portal\\\/2023\\\/07\\\/10\\\/ejecutan-plan-de-accion-para-prever-emergencias-por-incendios-forestales\\\/#primaryimage\"},\"thumbnailUrl\":\"https:\\\/\\\/www.eldiario.net\\\/portal\\\/wp-content\\\/uploads\\\/2023\\\/07\\\/10-NAL-COLOR.jpeg\",\"articleSection\":[\"Nacional\"],\"inLanguage\":\"es\"},{\"@type\":\"WebPage\",\"@id\":\"https:\\\/\\\/www.eldiario.net\\\/portal\\\/2023\\\/07\\\/10\\\/ejecutan-plan-de-accion-para-prever-emergencias-por-incendios-forestales\\\/\",\"url\":\"https:\\\/\\\/www.eldiario.net\\\/portal\\\/2023\\\/07\\\/10\\\/ejecutan-plan-de-accion-para-prever-emergencias-por-incendios-forestales\\\/\",\"name\":\"Ejecutan plan de acci\u00f3n para prever emergencias por incendios forestales - El Diario - Bolivia\",\"isPartOf\":{\"@id\":\"https:\\\/\\\/www.eldiario.net\\\/portal\\\/#website\"},\"primaryImageOfPage\":{\"@id\":\"https:\\\/\\\/www.eldiario.net\\\/portal\\\/2023\\\/07\\\/10\\\/ejecutan-plan-de-accion-para-prever-emergencias-por-incendios-forestales\\\/#primaryimage\"},\"image\":{\"@id\":\"https:\\\/\\\/www.eldiario.net\\\/portal\\\/2023\\\/07\\\/10\\\/ejecutan-plan-de-accion-para-prever-emergencias-por-incendios-forestales\\\/#primaryimage\"},\"thumbnailUrl\":\"https:\\\/\\\/www.eldiario.net\\\/portal\\\/wp-content\\\/uploads\\\/2023\\\/07\\\/10-NAL-COLOR.jpeg\",\"datePublished\":\"2023-07-10T09:49:30+00:00\",\"breadcrumb\":{\"@id\":\"https:\\\/\\\/www.eldiario.net\\\/portal\\\/2023\\\/07\\\/10\\\/ejecutan-plan-de-accion-para-prever-emergencias-por-incendios-forestales\\\/#breadcrumb\"},\"inLanguage\":\"es\",\"potentialAction\":[{\"@type\":\"ReadAction\",\"target\":[\"https:\\\/\\\/www.eldiario.net\\\/portal\\\/2023\\\/07\\\/10\\\/ejecutan-plan-de-accion-para-prever-emergencias-por-incendios-forestales\\\/\"]}]},{\"@type\":\"ImageObject\",\"inLanguage\":\"es\",\"@id\":\"https:\\\/\\\/www.eldiario.net\\\/portal\\\/2023\\\/07\\\/10\\\/ejecutan-plan-de-accion-para-prever-emergencias-por-incendios-forestales\\\/#primaryimage\",\"url\":\"https:\\\/\\\/www.eldiario.net\\\/portal\\\/wp-content\\\/uploads\\\/2023\\\/07\\\/10-NAL-COLOR.jpeg\",\"contentUrl\":\"https:\\\/\\\/www.eldiario.net\\\/portal\\\/wp-content\\\/uploads\\\/2023\\\/07\\\/10-NAL-COLOR.jpeg\",\"width\":1600,\"height\":898,\"caption\":\"La directora de Recursos Naturales, Yovenka Rosado.\"},{\"@type\":\"BreadcrumbList\",\"@id\":\"https:\\\/\\\/www.eldiario.net\\\/portal\\\/2023\\\/07\\\/10\\\/ejecutan-plan-de-accion-para-prever-emergencias-por-incendios-forestales\\\/#breadcrumb\",\"itemListElement\":[{\"@type\":\"ListItem\",\"position\":1,\"name\":\"Portada\",\"item\":\"https:\\\/\\\/www.eldiario.net\\\/portal\\\/\"},{\"@type\":\"ListItem\",\"position\":2,\"name\":\"Ejecutan plan de acci\u00f3n para prever emergencias por incendios forestales\"}]},{\"@type\":\"WebSite\",\"@id\":\"https:\\\/\\\/www.eldiario.net\\\/portal\\\/#website\",\"url\":\"https:\\\/\\\/www.eldiario.net\\\/portal\\\/\",\"name\":\"El Diario - Decano de la prensa nacional\",\"description\":\"El Diario - Decano de la prensa nacional\",\"publisher\":{\"@id\":\"https:\\\/\\\/www.eldiario.net\\\/portal\\\/#organization\"},\"potentialAction\":[{\"@type\":\"SearchAction\",\"target\":{\"@type\":\"EntryPoint\",\"urlTemplate\":\"https:\\\/\\\/www.eldiario.net\\\/portal\\\/?s={search_term_string}\"},\"query-input\":{\"@type\":\"PropertyValueSpecification\",\"valueRequired\":true,\"valueName\":\"search_term_string\"}}],\"inLanguage\":\"es\"},{\"@type\":\"Organization\",\"@id\":\"https:\\\/\\\/www.eldiario.net\\\/portal\\\/#organization\",\"name\":\"El Diario - Decano de la prensa nacional\",\"url\":\"https:\\\/\\\/www.eldiario.net\\\/portal\\\/\",\"logo\":{\"@type\":\"ImageObject\",\"inLanguage\":\"es\",\"@id\":\"https:\\\/\\\/www.eldiario.net\\\/portal\\\/#\\\/schema\\\/logo\\\/image\\\/\",\"url\":\"https:\\\/\\\/www.eldiario.net\\\/portal\\\/wp-content\\\/uploads\\\/2023\\\/07\\\/logo_ED.jpg\",\"contentUrl\":\"https:\\\/\\\/www.eldiario.net\\\/portal\\\/wp-content\\\/uploads\\\/2023\\\/07\\\/logo_ED.jpg\",\"width\":272,\"height\":52,\"caption\":\"El Diario - Decano de la prensa nacional\"},\"image\":{\"@id\":\"https:\\\/\\\/www.eldiario.net\\\/portal\\\/#\\\/schema\\\/logo\\\/image\\\/\"},\"sameAs\":[\"https:\\\/\\\/www.facebook.com\\\/eldiario.bolivia\\\/\",\"https:\\\/\\\/x.com\\\/eldiario_net\"]},{\"@type\":\"Person\",\"@id\":\"https:\\\/\\\/www.eldiario.net\\\/portal\\\/#\\\/schema\\\/person\\\/f46445640444750d7d753ccd04ae01b7\",\"name\":\"Jeanette\",\"image\":{\"@type\":\"ImageObject\",\"inLanguage\":\"es\",\"@id\":\"https:\\\/\\\/secure.gravatar.com\\\/avatar\\\/3ea2118a5f7dad2b7138b1187a6b7ee55f160b9968b66013c3a3ef39dd7e5798?s=96&d=mm&r=g\",\"url\":\"https:\\\/\\\/secure.gravatar.com\\\/avatar\\\/3ea2118a5f7dad2b7138b1187a6b7ee55f160b9968b66013c3a3ef39dd7e5798?s=96&d=mm&r=g\",\"contentUrl\":\"https:\\\/\\\/secure.gravatar.com\\\/avatar\\\/3ea2118a5f7dad2b7138b1187a6b7ee55f160b9968b66013c3a3ef39dd7e5798?s=96&d=mm&r=g\",\"caption\":\"Jeanette\"},\"sameAs\":[\"https:\\\/\\\/www.eldiario.net\\\/portal\"],\"url\":\"https:\\\/\\\/www.eldiario.net\\\/portal\\\/author\\\/jeanette\\\/\"}]}<\/script>\n<!-- \/ Yoast SEO plugin. -->","yoast_head_json":{"title":"Ejecutan plan de acci\u00f3n para prever emergencias por incendios forestales - El Diario - Bolivia","robots":{"index":"index","follow":"follow","max-snippet":"max-snippet:-1","max-image-preview":"max-image-preview:large","max-video-preview":"max-video-preview:-1"},"canonical":"https:\/\/www.eldiario.net\/portal\/2023\/07\/10\/ejecutan-plan-de-accion-para-prever-emergencias-por-incendios-forestales\/","og_locale":"es_ES","og_type":"article","og_title":"Ejecutan plan de acci\u00f3n para prever emergencias por incendios forestales - El Diario - Bolivia","og_description":"Tras la activaci\u00f3n de alerta amarilla por incendios forestales en el departamento, la Gobernaci\u00f3n dispuso en ejecuci\u00f3n su plan de acci\u00f3n que permitir\u00e1 en esta etapa, alertar a los municipios y sus autoridades para que prevean sus recursos humanos, log\u00edsticos y econ\u00f3micos para atender las emergencias. La directora de Recursos Naturales, Yovenka Rosado, explic\u00f3 que [&hellip;]","og_url":"https:\/\/www.eldiario.net\/portal\/2023\/07\/10\/ejecutan-plan-de-accion-para-prever-emergencias-por-incendios-forestales\/","og_site_name":"El Diario - Bolivia","article_publisher":"https:\/\/www.facebook.com\/eldiario.bolivia\/","article_published_time":"2023-07-10T09:49:30+00:00","og_image":[{"width":1600,"height":898,"url":"https:\/\/www.eldiario.net\/portal\/wp-content\/uploads\/2023\/07\/10-NAL-COLOR.jpeg","type":"image\/jpeg"}],"author":"Jeanette","twitter_card":"summary_large_image","twitter_creator":"@eldiario_net","twitter_site":"@eldiario_net","twitter_misc":{"Escrito por":"Jeanette","Tiempo de lectura":"1 minuto"},"schema":{"@context":"https:\/\/schema.org","@graph":[{"@type":"Article","@id":"https:\/\/www.eldiario.net\/portal\/2023\/07\/10\/ejecutan-plan-de-accion-para-prever-emergencias-por-incendios-forestales\/#article","isPartOf":{"@id":"https:\/\/www.eldiario.net\/portal\/2023\/07\/10\/ejecutan-plan-de-accion-para-prever-emergencias-por-incendios-forestales\/"},"author":{"name":"Jeanette","@id":"https:\/\/www.eldiario.net\/portal\/#\/schema\/person\/f46445640444750d7d753ccd04ae01b7"},"headline":"Ejecutan plan de acci\u00f3n para prever emergencias por incendios forestales","datePublished":"2023-07-10T09:49:30+00:00","mainEntityOfPage":{"@id":"https:\/\/www.eldiario.net\/portal\/2023\/07\/10\/ejecutan-plan-de-accion-para-prever-emergencias-por-incendios-forestales\/"},"wordCount":245,"publisher":{"@id":"https:\/\/www.eldiario.net\/portal\/#organization"},"image":{"@id":"https:\/\/www.eldiario.net\/portal\/2023\/07\/10\/ejecutan-plan-de-accion-para-prever-emergencias-por-incendios-forestales\/#primaryimage"},"thumbnailUrl":"https:\/\/www.eldiario.net\/portal\/wp-content\/uploads\/2023\/07\/10-NAL-COLOR.jpeg","articleSection":["Nacional"],"inLanguage":"es"},{"@type":"WebPage","@id":"https:\/\/www.eldiario.net\/portal\/2023\/07\/10\/ejecutan-plan-de-accion-para-prever-emergencias-por-incendios-forestales\/","url":"https:\/\/www.eldiario.net\/portal\/2023\/07\/10\/ejecutan-plan-de-accion-para-prever-emergencias-por-incendios-forestales\/","name":"Ejecutan plan de acci\u00f3n para prever emergencias por incendios forestales - El Diario - Bolivia","isPartOf":{"@id":"https:\/\/www.eldiario.net\/portal\/#website"},"primaryImageOfPage":{"@id":"https:\/\/www.eldiario.net\/portal\/2023\/07\/10\/ejecutan-plan-de-accion-para-prever-emergencias-por-incendios-forestales\/#primaryimage"},"image":{"@id":"https:\/\/www.eldiario.net\/portal\/2023\/07\/10\/ejecutan-plan-de-accion-para-prever-emergencias-por-incendios-forestales\/#primaryimage"},"thumbnailUrl":"https:\/\/www.eldiario.net\/portal\/wp-content\/uploads\/2023\/07\/10-NAL-COLOR.jpeg","datePublished":"2023-07-10T09:49:30+00:00","breadcrumb":{"@id":"https:\/\/www.eldiario.net\/portal\/2023\/07\/10\/ejecutan-plan-de-accion-para-prever-emergencias-por-incendios-forestales\/#breadcrumb"},"inLanguage":"es","potentialAction":[{"@type":"ReadAction","target":["https:\/\/www.eldiario.net\/portal\/2023\/07\/10\/ejecutan-plan-de-accion-para-prever-emergencias-por-incendios-forestales\/"]}]},{"@type":"ImageObject","inLanguage":"es","@id":"https:\/\/www.eldiario.net\/portal\/2023\/07\/10\/ejecutan-plan-de-accion-para-prever-emergencias-por-incendios-forestales\/#primaryimage","url":"https:\/\/www.eldiario.net\/portal\/wp-content\/uploads\/2023\/07\/10-NAL-COLOR.jpeg","contentUrl":"https:\/\/www.eldiario.net\/portal\/wp-content\/uploads\/2023\/07\/10-NAL-COLOR.jpeg","width":1600,"height":898,"caption":"La directora de Recursos Naturales, Yovenka Rosado."},{"@type":"BreadcrumbList","@id":"https:\/\/www.eldiario.net\/portal\/2023\/07\/10\/ejecutan-plan-de-accion-para-prever-emergencias-por-incendios-forestales\/#breadcrumb","itemListElement":[{"@type":"ListItem","position":1,"name":"Portada","item":"https:\/\/www.eldiario.net\/portal\/"},{"@type":"ListItem","position":2,"name":"Ejecutan plan de acci\u00f3n para prever emergencias por incendios forestales"}]},{"@type":"WebSite","@id":"https:\/\/www.eldiario.net\/portal\/#website","url":"https:\/\/www.eldiario.net\/portal\/","name":"El Diario - Decano de la prensa nacional","description":"El Diario - Decano de la prensa nacional","publisher":{"@id":"https:\/\/www.eldiario.net\/portal\/#organization"},"potentialAction":[{"@type":"SearchAction","target":{"@type":"EntryPoint","urlTemplate":"https:\/\/www.eldiario.net\/portal\/?s={search_term_string}"},"query-input":{"@type":"PropertyValueSpecification","valueRequired":true,"valueName":"search_term_string"}}],"inLanguage":"es"},{"@type":"Organization","@id":"https:\/\/www.eldiario.net\/portal\/#organization","name":"El Diario - Decano de la prensa nacional","url":"https:\/\/www.eldiario.net\/portal\/","logo":{"@type":"ImageObject","inLanguage":"es","@id":"https:\/\/www.eldiario.net\/portal\/#\/schema\/logo\/image\/","url":"https:\/\/www.eldiario.net\/portal\/wp-content\/uploads\/2023\/07\/logo_ED.jpg","contentUrl":"https:\/\/www.eldiario.net\/portal\/wp-content\/uploads\/2023\/07\/logo_ED.jpg","width":272,"height":52,"caption":"El Diario - Decano de la prensa nacional"},"image":{"@id":"https:\/\/www.eldiario.net\/portal\/#\/schema\/logo\/image\/"},"sameAs":["https:\/\/www.facebook.com\/eldiario.bolivia\/","https:\/\/x.com\/eldiario_net"]},{"@type":"Person","@id":"https:\/\/www.eldiario.net\/portal\/#\/schema\/person\/f46445640444750d7d753ccd04ae01b7","name":"Jeanette","image":{"@type":"ImageObject","inLanguage":"es","@id":"https:\/\/secure.gravatar.com\/avatar\/3ea2118a5f7dad2b7138b1187a6b7ee55f160b9968b66013c3a3ef39dd7e5798?s=96&d=mm&r=g","url":"https:\/\/secure.gravatar.com\/avatar\/3ea2118a5f7dad2b7138b1187a6b7ee55f160b9968b66013c3a3ef39dd7e5798?s=96&d=mm&r=g","contentUrl":"https:\/\/secure.gravatar.com\/avatar\/3ea2118a5f7dad2b7138b1187a6b7ee55f160b9968b66013c3a3ef39dd7e5798?s=96&d=mm&r=g","caption":"Jeanette"},"sameAs":["https:\/\/www.eldiario.net\/portal"],"url":"https:\/\/www.eldiario.net\/portal\/author\/jeanette\/"}]}},"_links":{"self":[{"href":"https:\/\/www.eldiario.net\/portal\/wp-json\/wp\/v2\/posts\/164538","targetHints":{"allow":["GET"]}}],"collection":[{"href":"https:\/\/www.eldiario.net\/portal\/wp-json\/wp\/v2\/posts"}],"about":[{"href":"https:\/\/www.eldiario.net\/portal\/wp-json\/wp\/v2\/types\/post"}],"author":[{"embeddable":true,"href":"https:\/\/www.eldiario.net\/portal\/wp-json\/wp\/v2\/users\/1"}],"replies":[{"embeddable":true,"href":"https:\/\/www.eldiario.net\/portal\/wp-json\/wp\/v2\/comments?post=164538"}],"version-history":[{"count":0,"href":"https:\/\/www.eldiario.net\/portal\/wp-json\/wp\/v2\/posts\/164538\/revisions"}],"wp:featuredmedia":[{"embeddable":true,"href":"https:\/\/www.eldiario.net\/portal\/wp-json\/wp\/v2\/media\/164539"}],"wp:attachment":[{"href":"https:\/\/www.eldiario.net\/portal\/wp-json\/wp\/v2\/media?parent=164538"}],"wp:term":[{"taxonomy":"category","embeddable":true,"href":"https:\/\/www.eldiario.net\/portal\/wp-json\/wp\/v2\/categories?post=164538"},{"taxonomy":"post_tag","embeddable":true,"href":"https:\/\/www.eldiario.net\/portal\/wp-json\/wp\/v2\/tags?post=164538"}],"curies":[{"name":"wp","href":"https:\/\/api.w.org\/{rel}","templated":true}]}}