{"id":164536,"date":"2023-07-10T05:48:21","date_gmt":"2023-07-10T09:48:21","guid":{"rendered":"https:\/\/www.eldiario.net\/portal\/?p=164536"},"modified":"2023-07-10T05:48:21","modified_gmt":"2023-07-10T09:48:21","slug":"aprehenden-a-presunto-autor-de-feminicidio-e-infanticidio","status":"publish","type":"post","link":"https:\/\/www.eldiario.net\/portal\/2023\/07\/10\/aprehenden-a-presunto-autor-de-feminicidio-e-infanticidio\/","title":{"rendered":"Aprehenden a presunto autor de feminicidio e infanticidio"},"content":{"rendered":"<p>La Fiscal Departamental de Potos\u00ed, Roxana Choque, inform\u00f3 que fruto de una investigaci\u00f3n exhaustiva, en las \u00faltimas horas se identific\u00f3 y aprehendi\u00f3 a Wilson A.G. de 32 a\u00f1os de edad, por presuntamente ser el autor del feminicidio de su t\u00eda Eulogia A.M. de 39 a\u00f1os de edad, y el infanticidio de su prima de un a\u00f1o de edad, quienes fueron encontradas sin vida en la comunidad de Tomacunca del municipio de Tinguipaya. El principal sospechoso fue imputado por el doble crimen y actualmente se encuentra en celdas policiales a la espera de su audiencia de medidas cautelares.<br \/>\n\u201cUna vez que tomamos conocimiento del hecho, se realizaron las investigaciones correspondientes con la debida diligencia y, mediante el trabajo coordinado con la Polic\u00eda, se logr\u00f3 identificar a Wilson A.G., sobrino pol\u00edtico de la v\u00edctima, como el presunto autor del crimen. El sujeto fue imputado por el delito de Feminicidio e Infanticidio y estamos a la espera de que la autoridad jurisdiccional fije fecha y hora para la audiencia de medidas cautelares donde solicitaremos la detenci\u00f3n preventiva\u201d, sostuvo Choque.<br \/>\nPor su parte, el Fiscal asignado al caso, Jos\u00e9 Rocha, explic\u00f3 que de acuerdo a las investigaciones, el sujeto cit\u00f3 a su t\u00eda a la zona del cementerio de la ciudad de Potos\u00ed, despu\u00e9s, mediante enga\u00f1os, la habr\u00eda trasladado a un domicilio por la zona de Villa Mec\u00e1nicos donde \u00e9l trabaja como sereno, en esas circunstancias se presume que el sindicado agarr\u00f3 un martillo y golpe\u00f3 en la cabeza a la v\u00edctima, posteriormente, agredi\u00f3 a su prima peque\u00f1a, matando a ambas.<br \/>\nLuego de cometer el delito, el sindicado habr\u00eda trasladado los cuerpos en una camioneta hasta Tinguipaya. (Potos\u00ed, agencias).<\/p>\n","protected":false},"excerpt":{"rendered":"<p>La Fiscal Departamental de Potos\u00ed, Roxana Choque, inform\u00f3 que fruto de una investigaci\u00f3n exhaustiva, en las \u00faltimas horas se identific\u00f3 y aprehendi\u00f3 a Wilson A.G. de 32 a\u00f1os de edad, por presuntamente ser el autor del feminicidio de su t\u00eda Eulogia A.M. de 39 a\u00f1os de edad, y el infanticidio de su prima de un [&hellip;]<\/p>\n","protected":false},"author":1,"featured_media":0,"comment_status":"closed","ping_status":"open","sticky":false,"template":"","format":"standard","meta":{"_acf_changed":false,"footnotes":""},"categories":[12],"tags":[],"class_list":["post-164536","post","type-post","status-publish","format-standard","category-nacional"],"acf":{"antetitulo":""},"yoast_head":"<!-- This site is optimized with the Yoast SEO plugin v28.3 - https:\/\/yoast.com\/product\/yoast-seo-wordpress\/ -->\n<title>Aprehenden a presunto autor de feminicidio e infanticidio - El Diario - Bolivia<\/title>\n<meta name=\"robots\" content=\"index, follow, max-snippet:-1, max-image-preview:large, max-video-preview:-1\" \/>\n<link rel=\"canonical\" href=\"https:\/\/www.eldiario.net\/portal\/2023\/07\/10\/aprehenden-a-presunto-autor-de-feminicidio-e-infanticidio\/\" \/>\n<meta property=\"og:locale\" content=\"es_ES\" \/>\n<meta property=\"og:type\" content=\"article\" \/>\n<meta property=\"og:title\" content=\"Aprehenden a presunto autor de feminicidio e infanticidio - El Diario - Bolivia\" \/>\n<meta property=\"og:description\" content=\"La Fiscal Departamental de Potos\u00ed, Roxana Choque, inform\u00f3 que fruto de una investigaci\u00f3n exhaustiva, en las \u00faltimas horas se identific\u00f3 y aprehendi\u00f3 a Wilson A.G. de 32 a\u00f1os de edad, por presuntamente ser el autor del feminicidio de su t\u00eda Eulogia A.M. de 39 a\u00f1os de edad, y el infanticidio de su prima de un [&hellip;]\" \/>\n<meta property=\"og:url\" content=\"https:\/\/www.eldiario.net\/portal\/2023\/07\/10\/aprehenden-a-presunto-autor-de-feminicidio-e-infanticidio\/\" \/>\n<meta property=\"og:site_name\" content=\"El Diario - Bolivia\" \/>\n<meta property=\"article:publisher\" content=\"https:\/\/www.facebook.com\/eldiario.bolivia\/\" \/>\n<meta property=\"article:published_time\" content=\"2023-07-10T09:48:21+00:00\" \/>\n<meta name=\"author\" content=\"Jeanette\" \/>\n<meta name=\"twitter:card\" content=\"summary_large_image\" \/>\n<meta name=\"twitter:creator\" content=\"@eldiario_net\" \/>\n<meta name=\"twitter:site\" content=\"@eldiario_net\" \/>\n<meta name=\"twitter:label1\" content=\"Escrito por\" \/>\n\t<meta name=\"twitter:data1\" content=\"Jeanette\" \/>\n\t<meta name=\"twitter:label2\" content=\"Tiempo de lectura\" \/>\n\t<meta name=\"twitter:data2\" content=\"2 minutos\" \/>\n<script type=\"application\/ld+json\" class=\"yoast-schema-graph\">{\"@context\":\"https:\\\/\\\/schema.org\",\"@graph\":[{\"@type\":\"Article\",\"@id\":\"https:\\\/\\\/www.eldiario.net\\\/portal\\\/2023\\\/07\\\/10\\\/aprehenden-a-presunto-autor-de-feminicidio-e-infanticidio\\\/#article\",\"isPartOf\":{\"@id\":\"https:\\\/\\\/www.eldiario.net\\\/portal\\\/2023\\\/07\\\/10\\\/aprehenden-a-presunto-autor-de-feminicidio-e-infanticidio\\\/\"},\"author\":{\"name\":\"Jeanette\",\"@id\":\"https:\\\/\\\/www.eldiario.net\\\/portal\\\/#\\\/schema\\\/person\\\/f46445640444750d7d753ccd04ae01b7\"},\"headline\":\"Aprehenden a presunto autor de feminicidio e infanticidio\",\"datePublished\":\"2023-07-10T09:48:21+00:00\",\"mainEntityOfPage\":{\"@id\":\"https:\\\/\\\/www.eldiario.net\\\/portal\\\/2023\\\/07\\\/10\\\/aprehenden-a-presunto-autor-de-feminicidio-e-infanticidio\\\/\"},\"wordCount\":301,\"publisher\":{\"@id\":\"https:\\\/\\\/www.eldiario.net\\\/portal\\\/#organization\"},\"articleSection\":[\"Nacional\"],\"inLanguage\":\"es\"},{\"@type\":\"WebPage\",\"@id\":\"https:\\\/\\\/www.eldiario.net\\\/portal\\\/2023\\\/07\\\/10\\\/aprehenden-a-presunto-autor-de-feminicidio-e-infanticidio\\\/\",\"url\":\"https:\\\/\\\/www.eldiario.net\\\/portal\\\/2023\\\/07\\\/10\\\/aprehenden-a-presunto-autor-de-feminicidio-e-infanticidio\\\/\",\"name\":\"Aprehenden a presunto autor de feminicidio e infanticidio - El Diario - Bolivia\",\"isPartOf\":{\"@id\":\"https:\\\/\\\/www.eldiario.net\\\/portal\\\/#website\"},\"datePublished\":\"2023-07-10T09:48:21+00:00\",\"breadcrumb\":{\"@id\":\"https:\\\/\\\/www.eldiario.net\\\/portal\\\/2023\\\/07\\\/10\\\/aprehenden-a-presunto-autor-de-feminicidio-e-infanticidio\\\/#breadcrumb\"},\"inLanguage\":\"es\",\"potentialAction\":[{\"@type\":\"ReadAction\",\"target\":[\"https:\\\/\\\/www.eldiario.net\\\/portal\\\/2023\\\/07\\\/10\\\/aprehenden-a-presunto-autor-de-feminicidio-e-infanticidio\\\/\"]}]},{\"@type\":\"BreadcrumbList\",\"@id\":\"https:\\\/\\\/www.eldiario.net\\\/portal\\\/2023\\\/07\\\/10\\\/aprehenden-a-presunto-autor-de-feminicidio-e-infanticidio\\\/#breadcrumb\",\"itemListElement\":[{\"@type\":\"ListItem\",\"position\":1,\"name\":\"Portada\",\"item\":\"https:\\\/\\\/www.eldiario.net\\\/portal\\\/\"},{\"@type\":\"ListItem\",\"position\":2,\"name\":\"Aprehenden a presunto autor de feminicidio e infanticidio\"}]},{\"@type\":\"WebSite\",\"@id\":\"https:\\\/\\\/www.eldiario.net\\\/portal\\\/#website\",\"url\":\"https:\\\/\\\/www.eldiario.net\\\/portal\\\/\",\"name\":\"El Diario - Decano de la prensa nacional\",\"description\":\"El Diario - Decano de la prensa nacional\",\"publisher\":{\"@id\":\"https:\\\/\\\/www.eldiario.net\\\/portal\\\/#organization\"},\"potentialAction\":[{\"@type\":\"SearchAction\",\"target\":{\"@type\":\"EntryPoint\",\"urlTemplate\":\"https:\\\/\\\/www.eldiario.net\\\/portal\\\/?s={search_term_string}\"},\"query-input\":{\"@type\":\"PropertyValueSpecification\",\"valueRequired\":true,\"valueName\":\"search_term_string\"}}],\"inLanguage\":\"es\"},{\"@type\":\"Organization\",\"@id\":\"https:\\\/\\\/www.eldiario.net\\\/portal\\\/#organization\",\"name\":\"El Diario - Decano de la prensa nacional\",\"url\":\"https:\\\/\\\/www.eldiario.net\\\/portal\\\/\",\"logo\":{\"@type\":\"ImageObject\",\"inLanguage\":\"es\",\"@id\":\"https:\\\/\\\/www.eldiario.net\\\/portal\\\/#\\\/schema\\\/logo\\\/image\\\/\",\"url\":\"https:\\\/\\\/www.eldiario.net\\\/portal\\\/wp-content\\\/uploads\\\/2023\\\/07\\\/logo_ED.jpg\",\"contentUrl\":\"https:\\\/\\\/www.eldiario.net\\\/portal\\\/wp-content\\\/uploads\\\/2023\\\/07\\\/logo_ED.jpg\",\"width\":272,\"height\":52,\"caption\":\"El Diario - Decano de la prensa nacional\"},\"image\":{\"@id\":\"https:\\\/\\\/www.eldiario.net\\\/portal\\\/#\\\/schema\\\/logo\\\/image\\\/\"},\"sameAs\":[\"https:\\\/\\\/www.facebook.com\\\/eldiario.bolivia\\\/\",\"https:\\\/\\\/x.com\\\/eldiario_net\"]},{\"@type\":\"Person\",\"@id\":\"https:\\\/\\\/www.eldiario.net\\\/portal\\\/#\\\/schema\\\/person\\\/f46445640444750d7d753ccd04ae01b7\",\"name\":\"Jeanette\",\"image\":{\"@type\":\"ImageObject\",\"inLanguage\":\"es\",\"@id\":\"https:\\\/\\\/secure.gravatar.com\\\/avatar\\\/3ea2118a5f7dad2b7138b1187a6b7ee55f160b9968b66013c3a3ef39dd7e5798?s=96&d=mm&r=g\",\"url\":\"https:\\\/\\\/secure.gravatar.com\\\/avatar\\\/3ea2118a5f7dad2b7138b1187a6b7ee55f160b9968b66013c3a3ef39dd7e5798?s=96&d=mm&r=g\",\"contentUrl\":\"https:\\\/\\\/secure.gravatar.com\\\/avatar\\\/3ea2118a5f7dad2b7138b1187a6b7ee55f160b9968b66013c3a3ef39dd7e5798?s=96&d=mm&r=g\",\"caption\":\"Jeanette\"},\"sameAs\":[\"https:\\\/\\\/www.eldiario.net\\\/portal\"],\"url\":\"https:\\\/\\\/www.eldiario.net\\\/portal\\\/author\\\/jeanette\\\/\"}]}<\/script>\n<!-- \/ Yoast SEO plugin. -->","yoast_head_json":{"title":"Aprehenden a presunto autor de feminicidio e infanticidio - El Diario - Bolivia","robots":{"index":"index","follow":"follow","max-snippet":"max-snippet:-1","max-image-preview":"max-image-preview:large","max-video-preview":"max-video-preview:-1"},"canonical":"https:\/\/www.eldiario.net\/portal\/2023\/07\/10\/aprehenden-a-presunto-autor-de-feminicidio-e-infanticidio\/","og_locale":"es_ES","og_type":"article","og_title":"Aprehenden a presunto autor de feminicidio e infanticidio - El Diario - Bolivia","og_description":"La Fiscal Departamental de Potos\u00ed, Roxana Choque, inform\u00f3 que fruto de una investigaci\u00f3n exhaustiva, en las \u00faltimas horas se identific\u00f3 y aprehendi\u00f3 a Wilson A.G. de 32 a\u00f1os de edad, por presuntamente ser el autor del feminicidio de su t\u00eda Eulogia A.M. de 39 a\u00f1os de edad, y el infanticidio de su prima de un [&hellip;]","og_url":"https:\/\/www.eldiario.net\/portal\/2023\/07\/10\/aprehenden-a-presunto-autor-de-feminicidio-e-infanticidio\/","og_site_name":"El Diario - Bolivia","article_publisher":"https:\/\/www.facebook.com\/eldiario.bolivia\/","article_published_time":"2023-07-10T09:48:21+00:00","author":"Jeanette","twitter_card":"summary_large_image","twitter_creator":"@eldiario_net","twitter_site":"@eldiario_net","twitter_misc":{"Escrito por":"Jeanette","Tiempo de lectura":"2 minutos"},"schema":{"@context":"https:\/\/schema.org","@graph":[{"@type":"Article","@id":"https:\/\/www.eldiario.net\/portal\/2023\/07\/10\/aprehenden-a-presunto-autor-de-feminicidio-e-infanticidio\/#article","isPartOf":{"@id":"https:\/\/www.eldiario.net\/portal\/2023\/07\/10\/aprehenden-a-presunto-autor-de-feminicidio-e-infanticidio\/"},"author":{"name":"Jeanette","@id":"https:\/\/www.eldiario.net\/portal\/#\/schema\/person\/f46445640444750d7d753ccd04ae01b7"},"headline":"Aprehenden a presunto autor de feminicidio e infanticidio","datePublished":"2023-07-10T09:48:21+00:00","mainEntityOfPage":{"@id":"https:\/\/www.eldiario.net\/portal\/2023\/07\/10\/aprehenden-a-presunto-autor-de-feminicidio-e-infanticidio\/"},"wordCount":301,"publisher":{"@id":"https:\/\/www.eldiario.net\/portal\/#organization"},"articleSection":["Nacional"],"inLanguage":"es"},{"@type":"WebPage","@id":"https:\/\/www.eldiario.net\/portal\/2023\/07\/10\/aprehenden-a-presunto-autor-de-feminicidio-e-infanticidio\/","url":"https:\/\/www.eldiario.net\/portal\/2023\/07\/10\/aprehenden-a-presunto-autor-de-feminicidio-e-infanticidio\/","name":"Aprehenden a presunto autor de feminicidio e infanticidio - El Diario - Bolivia","isPartOf":{"@id":"https:\/\/www.eldiario.net\/portal\/#website"},"datePublished":"2023-07-10T09:48:21+00:00","breadcrumb":{"@id":"https:\/\/www.eldiario.net\/portal\/2023\/07\/10\/aprehenden-a-presunto-autor-de-feminicidio-e-infanticidio\/#breadcrumb"},"inLanguage":"es","potentialAction":[{"@type":"ReadAction","target":["https:\/\/www.eldiario.net\/portal\/2023\/07\/10\/aprehenden-a-presunto-autor-de-feminicidio-e-infanticidio\/"]}]},{"@type":"BreadcrumbList","@id":"https:\/\/www.eldiario.net\/portal\/2023\/07\/10\/aprehenden-a-presunto-autor-de-feminicidio-e-infanticidio\/#breadcrumb","itemListElement":[{"@type":"ListItem","position":1,"name":"Portada","item":"https:\/\/www.eldiario.net\/portal\/"},{"@type":"ListItem","position":2,"name":"Aprehenden a presunto autor de feminicidio e infanticidio"}]},{"@type":"WebSite","@id":"https:\/\/www.eldiario.net\/portal\/#website","url":"https:\/\/www.eldiario.net\/portal\/","name":"El Diario - Decano de la prensa nacional","description":"El Diario - Decano de la prensa nacional","publisher":{"@id":"https:\/\/www.eldiario.net\/portal\/#organization"},"potentialAction":[{"@type":"SearchAction","target":{"@type":"EntryPoint","urlTemplate":"https:\/\/www.eldiario.net\/portal\/?s={search_term_string}"},"query-input":{"@type":"PropertyValueSpecification","valueRequired":true,"valueName":"search_term_string"}}],"inLanguage":"es"},{"@type":"Organization","@id":"https:\/\/www.eldiario.net\/portal\/#organization","name":"El Diario - Decano de la prensa nacional","url":"https:\/\/www.eldiario.net\/portal\/","logo":{"@type":"ImageObject","inLanguage":"es","@id":"https:\/\/www.eldiario.net\/portal\/#\/schema\/logo\/image\/","url":"https:\/\/www.eldiario.net\/portal\/wp-content\/uploads\/2023\/07\/logo_ED.jpg","contentUrl":"https:\/\/www.eldiario.net\/portal\/wp-content\/uploads\/2023\/07\/logo_ED.jpg","width":272,"height":52,"caption":"El Diario - Decano de la prensa nacional"},"image":{"@id":"https:\/\/www.eldiario.net\/portal\/#\/schema\/logo\/image\/"},"sameAs":["https:\/\/www.facebook.com\/eldiario.bolivia\/","https:\/\/x.com\/eldiario_net"]},{"@type":"Person","@id":"https:\/\/www.eldiario.net\/portal\/#\/schema\/person\/f46445640444750d7d753ccd04ae01b7","name":"Jeanette","image":{"@type":"ImageObject","inLanguage":"es","@id":"https:\/\/secure.gravatar.com\/avatar\/3ea2118a5f7dad2b7138b1187a6b7ee55f160b9968b66013c3a3ef39dd7e5798?s=96&d=mm&r=g","url":"https:\/\/secure.gravatar.com\/avatar\/3ea2118a5f7dad2b7138b1187a6b7ee55f160b9968b66013c3a3ef39dd7e5798?s=96&d=mm&r=g","contentUrl":"https:\/\/secure.gravatar.com\/avatar\/3ea2118a5f7dad2b7138b1187a6b7ee55f160b9968b66013c3a3ef39dd7e5798?s=96&d=mm&r=g","caption":"Jeanette"},"sameAs":["https:\/\/www.eldiario.net\/portal"],"url":"https:\/\/www.eldiario.net\/portal\/author\/jeanette\/"}]}},"_links":{"self":[{"href":"https:\/\/www.eldiario.net\/portal\/wp-json\/wp\/v2\/posts\/164536","targetHints":{"allow":["GET"]}}],"collection":[{"href":"https:\/\/www.eldiario.net\/portal\/wp-json\/wp\/v2\/posts"}],"about":[{"href":"https:\/\/www.eldiario.net\/portal\/wp-json\/wp\/v2\/types\/post"}],"author":[{"embeddable":true,"href":"https:\/\/www.eldiario.net\/portal\/wp-json\/wp\/v2\/users\/1"}],"replies":[{"embeddable":true,"href":"https:\/\/www.eldiario.net\/portal\/wp-json\/wp\/v2\/comments?post=164536"}],"version-history":[{"count":0,"href":"https:\/\/www.eldiario.net\/portal\/wp-json\/wp\/v2\/posts\/164536\/revisions"}],"wp:attachment":[{"href":"https:\/\/www.eldiario.net\/portal\/wp-json\/wp\/v2\/media?parent=164536"}],"wp:term":[{"taxonomy":"category","embeddable":true,"href":"https:\/\/www.eldiario.net\/portal\/wp-json\/wp\/v2\/categories?post=164536"},{"taxonomy":"post_tag","embeddable":true,"href":"https:\/\/www.eldiario.net\/portal\/wp-json\/wp\/v2\/tags?post=164536"}],"curies":[{"name":"wp","href":"https:\/\/api.w.org\/{rel}","templated":true}]}}