{"id":164534,"date":"2023-07-10T05:47:44","date_gmt":"2023-07-10T09:47:44","guid":{"rendered":"https:\/\/www.eldiario.net\/portal\/?p=164534"},"modified":"2023-07-10T05:47:44","modified_gmt":"2023-07-10T09:47:44","slug":"primera-autonomia-indigena-elegira-su-gobierno","status":"publish","type":"post","link":"https:\/\/www.eldiario.net\/portal\/2023\/07\/10\/primera-autonomia-indigena-elegira-su-gobierno\/","title":{"rendered":"Primera Autonom\u00eda Ind\u00edgena elegir\u00e1 su Gobierno"},"content":{"rendered":"<p>El Territorio Ind\u00edgena Multi\u00e9tnico (TIM) ser\u00e1 la primera Autonom\u00eda del Beni en consolidar su autogobierno. La subcentral de Cabildos Indigenales y la subcentral de Mujeres Ind\u00edgenas del Territorio Ind\u00edgena Multi\u00e9tnico (TIM) convocaron al Primer Encuentro Ordinario de Corregidores y delegados de las comunidades a la elecci\u00f3n de autoridades de su Gobierno Aut\u00f3nomo Ind\u00edgena Originario Campesino en la comunidad San Jos\u00e9 del Cavitu, que se realizar\u00e1 del 23 al 25 de este mes.<br \/>\nLa elecci\u00f3n se har\u00e1 por normas y procedimientos propios, toda la informaci\u00f3n de este proceso se encuentra en la p\u00e1gina del \u00d3rgano Electoral Plurinacional, https:\/\/www.oep.org.bo\/aioc\/conformacion-gobiernos\/tim-2023\/.<br \/>\nLa elecci\u00f3n se desarrollar\u00e1 en el marco del Estatuto Org\u00e1nico Territorial y del Estatuto Auton\u00f3mico, aprobado seg\u00fan normas y procedimientos propios, que el mismo Tribunal Constitucional Plurinacional (TCP), declar\u00f3 constitucional el 27 de octubre de 2021.<br \/>\nSe elegir\u00e1 a 10 asamble\u00edstas territoriales, cinco titulares y cinco suplentes, como se\u00f1ala el art\u00edculo 26 de su norma auton\u00f3mica. Cada asamble\u00edsta representar\u00e1 a cada uno de los cinco pueblos que comprende el Territorio Ind\u00edgena Multi\u00e9tnico: Moje\u00f1o Trinitario, Moje\u00f1o Ignaciano, Yuracar\u00e9, Movima y Tsimane.<br \/>\nDe acuerdo a la solicitud de las autoridades titulares del TIM, el pueblo Moje\u00f1o Trinitario se organiza en las comunidades de Monte Gran del Apere, San Antonio del Pallar, Natividad El Retiro, San Jos\u00e9 del Cavitu, Rosario el Tacuaral, Carmen del Aperecito, Mercedes del Cavitu, San Miguel del Apere, San Juan del Cuberene y Puerto San Borja.<br \/>\nAsimismo, el pueblo Moje\u00f1o Ignaciano se re\u00fane en las comunidades Santa Rosa del Apere y Pueblo Nuevo. El pueblo Movima cuenta con las comunidades de Santa Ana de Museruna y Mercedes del Apere.<br \/>\nLa elecci\u00f3n de las autoridades del \u00d3rgano Ejecutivo que son el Cacique Territorial como m\u00e1xima autoridad ejecutiva, la Consejera o Consejero como las o los Operadores Territoriales, cumplir\u00e1n cinco a\u00f1os como per\u00edodo de mandato, seg\u00fan los art\u00edculos 32, 38 y 43 del Estatuto Auton\u00f3mico. (Trinidad, con datos del OEP).<\/p>\n","protected":false},"excerpt":{"rendered":"<p>El Territorio Ind\u00edgena Multi\u00e9tnico (TIM) ser\u00e1 la primera Autonom\u00eda del Beni en consolidar su autogobierno. La subcentral de Cabildos Indigenales y la subcentral de Mujeres Ind\u00edgenas del Territorio Ind\u00edgena Multi\u00e9tnico (TIM) convocaron al Primer Encuentro Ordinario de Corregidores y delegados de las comunidades a la elecci\u00f3n de autoridades de su Gobierno Aut\u00f3nomo Ind\u00edgena Originario Campesino [&hellip;]<\/p>\n","protected":false},"author":1,"featured_media":0,"comment_status":"closed","ping_status":"open","sticky":false,"template":"","format":"standard","meta":{"_acf_changed":false,"footnotes":""},"categories":[12],"tags":[],"class_list":["post-164534","post","type-post","status-publish","format-standard","category-nacional"],"acf":{"antetitulo":""},"yoast_head":"<!-- This site is optimized with the Yoast SEO plugin v28.3 - https:\/\/yoast.com\/product\/yoast-seo-wordpress\/ -->\n<title>Primera Autonom\u00eda Ind\u00edgena elegir\u00e1 su Gobierno - El Diario - Bolivia<\/title>\n<meta name=\"robots\" content=\"index, follow, max-snippet:-1, max-image-preview:large, max-video-preview:-1\" \/>\n<link rel=\"canonical\" href=\"https:\/\/www.eldiario.net\/portal\/2023\/07\/10\/primera-autonomia-indigena-elegira-su-gobierno\/\" \/>\n<meta property=\"og:locale\" content=\"es_ES\" \/>\n<meta property=\"og:type\" content=\"article\" \/>\n<meta property=\"og:title\" content=\"Primera Autonom\u00eda Ind\u00edgena elegir\u00e1 su Gobierno - El Diario - Bolivia\" \/>\n<meta property=\"og:description\" content=\"El Territorio Ind\u00edgena Multi\u00e9tnico (TIM) ser\u00e1 la primera Autonom\u00eda del Beni en consolidar su autogobierno. La subcentral de Cabildos Indigenales y la subcentral de Mujeres Ind\u00edgenas del Territorio Ind\u00edgena Multi\u00e9tnico (TIM) convocaron al Primer Encuentro Ordinario de Corregidores y delegados de las comunidades a la elecci\u00f3n de autoridades de su Gobierno Aut\u00f3nomo Ind\u00edgena Originario Campesino [&hellip;]\" \/>\n<meta property=\"og:url\" content=\"https:\/\/www.eldiario.net\/portal\/2023\/07\/10\/primera-autonomia-indigena-elegira-su-gobierno\/\" \/>\n<meta property=\"og:site_name\" content=\"El Diario - Bolivia\" \/>\n<meta property=\"article:publisher\" content=\"https:\/\/www.facebook.com\/eldiario.bolivia\/\" \/>\n<meta property=\"article:published_time\" content=\"2023-07-10T09:47:44+00:00\" \/>\n<meta name=\"author\" content=\"Jeanette\" \/>\n<meta name=\"twitter:card\" content=\"summary_large_image\" \/>\n<meta name=\"twitter:creator\" content=\"@eldiario_net\" \/>\n<meta name=\"twitter:site\" content=\"@eldiario_net\" \/>\n<meta name=\"twitter:label1\" content=\"Escrito por\" \/>\n\t<meta name=\"twitter:data1\" content=\"Jeanette\" \/>\n\t<meta name=\"twitter:label2\" content=\"Tiempo de lectura\" \/>\n\t<meta name=\"twitter:data2\" content=\"2 minutos\" \/>\n<script type=\"application\/ld+json\" class=\"yoast-schema-graph\">{\"@context\":\"https:\\\/\\\/schema.org\",\"@graph\":[{\"@type\":\"Article\",\"@id\":\"https:\\\/\\\/www.eldiario.net\\\/portal\\\/2023\\\/07\\\/10\\\/primera-autonomia-indigena-elegira-su-gobierno\\\/#article\",\"isPartOf\":{\"@id\":\"https:\\\/\\\/www.eldiario.net\\\/portal\\\/2023\\\/07\\\/10\\\/primera-autonomia-indigena-elegira-su-gobierno\\\/\"},\"author\":{\"name\":\"Jeanette\",\"@id\":\"https:\\\/\\\/www.eldiario.net\\\/portal\\\/#\\\/schema\\\/person\\\/f46445640444750d7d753ccd04ae01b7\"},\"headline\":\"Primera Autonom\u00eda Ind\u00edgena elegir\u00e1 su Gobierno\",\"datePublished\":\"2023-07-10T09:47:44+00:00\",\"mainEntityOfPage\":{\"@id\":\"https:\\\/\\\/www.eldiario.net\\\/portal\\\/2023\\\/07\\\/10\\\/primera-autonomia-indigena-elegira-su-gobierno\\\/\"},\"wordCount\":358,\"publisher\":{\"@id\":\"https:\\\/\\\/www.eldiario.net\\\/portal\\\/#organization\"},\"articleSection\":[\"Nacional\"],\"inLanguage\":\"es\"},{\"@type\":\"WebPage\",\"@id\":\"https:\\\/\\\/www.eldiario.net\\\/portal\\\/2023\\\/07\\\/10\\\/primera-autonomia-indigena-elegira-su-gobierno\\\/\",\"url\":\"https:\\\/\\\/www.eldiario.net\\\/portal\\\/2023\\\/07\\\/10\\\/primera-autonomia-indigena-elegira-su-gobierno\\\/\",\"name\":\"Primera Autonom\u00eda Ind\u00edgena elegir\u00e1 su Gobierno - El Diario - Bolivia\",\"isPartOf\":{\"@id\":\"https:\\\/\\\/www.eldiario.net\\\/portal\\\/#website\"},\"datePublished\":\"2023-07-10T09:47:44+00:00\",\"breadcrumb\":{\"@id\":\"https:\\\/\\\/www.eldiario.net\\\/portal\\\/2023\\\/07\\\/10\\\/primera-autonomia-indigena-elegira-su-gobierno\\\/#breadcrumb\"},\"inLanguage\":\"es\",\"potentialAction\":[{\"@type\":\"ReadAction\",\"target\":[\"https:\\\/\\\/www.eldiario.net\\\/portal\\\/2023\\\/07\\\/10\\\/primera-autonomia-indigena-elegira-su-gobierno\\\/\"]}]},{\"@type\":\"BreadcrumbList\",\"@id\":\"https:\\\/\\\/www.eldiario.net\\\/portal\\\/2023\\\/07\\\/10\\\/primera-autonomia-indigena-elegira-su-gobierno\\\/#breadcrumb\",\"itemListElement\":[{\"@type\":\"ListItem\",\"position\":1,\"name\":\"Portada\",\"item\":\"https:\\\/\\\/www.eldiario.net\\\/portal\\\/\"},{\"@type\":\"ListItem\",\"position\":2,\"name\":\"Primera Autonom\u00eda Ind\u00edgena elegir\u00e1 su Gobierno\"}]},{\"@type\":\"WebSite\",\"@id\":\"https:\\\/\\\/www.eldiario.net\\\/portal\\\/#website\",\"url\":\"https:\\\/\\\/www.eldiario.net\\\/portal\\\/\",\"name\":\"El Diario - Decano de la prensa nacional\",\"description\":\"El Diario - Decano de la prensa nacional\",\"publisher\":{\"@id\":\"https:\\\/\\\/www.eldiario.net\\\/portal\\\/#organization\"},\"potentialAction\":[{\"@type\":\"SearchAction\",\"target\":{\"@type\":\"EntryPoint\",\"urlTemplate\":\"https:\\\/\\\/www.eldiario.net\\\/portal\\\/?s={search_term_string}\"},\"query-input\":{\"@type\":\"PropertyValueSpecification\",\"valueRequired\":true,\"valueName\":\"search_term_string\"}}],\"inLanguage\":\"es\"},{\"@type\":\"Organization\",\"@id\":\"https:\\\/\\\/www.eldiario.net\\\/portal\\\/#organization\",\"name\":\"El Diario - Decano de la prensa nacional\",\"url\":\"https:\\\/\\\/www.eldiario.net\\\/portal\\\/\",\"logo\":{\"@type\":\"ImageObject\",\"inLanguage\":\"es\",\"@id\":\"https:\\\/\\\/www.eldiario.net\\\/portal\\\/#\\\/schema\\\/logo\\\/image\\\/\",\"url\":\"https:\\\/\\\/www.eldiario.net\\\/portal\\\/wp-content\\\/uploads\\\/2023\\\/07\\\/logo_ED.jpg\",\"contentUrl\":\"https:\\\/\\\/www.eldiario.net\\\/portal\\\/wp-content\\\/uploads\\\/2023\\\/07\\\/logo_ED.jpg\",\"width\":272,\"height\":52,\"caption\":\"El Diario - Decano de la prensa nacional\"},\"image\":{\"@id\":\"https:\\\/\\\/www.eldiario.net\\\/portal\\\/#\\\/schema\\\/logo\\\/image\\\/\"},\"sameAs\":[\"https:\\\/\\\/www.facebook.com\\\/eldiario.bolivia\\\/\",\"https:\\\/\\\/x.com\\\/eldiario_net\"]},{\"@type\":\"Person\",\"@id\":\"https:\\\/\\\/www.eldiario.net\\\/portal\\\/#\\\/schema\\\/person\\\/f46445640444750d7d753ccd04ae01b7\",\"name\":\"Jeanette\",\"image\":{\"@type\":\"ImageObject\",\"inLanguage\":\"es\",\"@id\":\"https:\\\/\\\/secure.gravatar.com\\\/avatar\\\/3ea2118a5f7dad2b7138b1187a6b7ee55f160b9968b66013c3a3ef39dd7e5798?s=96&d=mm&r=g\",\"url\":\"https:\\\/\\\/secure.gravatar.com\\\/avatar\\\/3ea2118a5f7dad2b7138b1187a6b7ee55f160b9968b66013c3a3ef39dd7e5798?s=96&d=mm&r=g\",\"contentUrl\":\"https:\\\/\\\/secure.gravatar.com\\\/avatar\\\/3ea2118a5f7dad2b7138b1187a6b7ee55f160b9968b66013c3a3ef39dd7e5798?s=96&d=mm&r=g\",\"caption\":\"Jeanette\"},\"sameAs\":[\"https:\\\/\\\/www.eldiario.net\\\/portal\"],\"url\":\"https:\\\/\\\/www.eldiario.net\\\/portal\\\/author\\\/jeanette\\\/\"}]}<\/script>\n<!-- \/ Yoast SEO plugin. -->","yoast_head_json":{"title":"Primera Autonom\u00eda Ind\u00edgena elegir\u00e1 su Gobierno - El Diario - Bolivia","robots":{"index":"index","follow":"follow","max-snippet":"max-snippet:-1","max-image-preview":"max-image-preview:large","max-video-preview":"max-video-preview:-1"},"canonical":"https:\/\/www.eldiario.net\/portal\/2023\/07\/10\/primera-autonomia-indigena-elegira-su-gobierno\/","og_locale":"es_ES","og_type":"article","og_title":"Primera Autonom\u00eda Ind\u00edgena elegir\u00e1 su Gobierno - El Diario - Bolivia","og_description":"El Territorio Ind\u00edgena Multi\u00e9tnico (TIM) ser\u00e1 la primera Autonom\u00eda del Beni en consolidar su autogobierno. La subcentral de Cabildos Indigenales y la subcentral de Mujeres Ind\u00edgenas del Territorio Ind\u00edgena Multi\u00e9tnico (TIM) convocaron al Primer Encuentro Ordinario de Corregidores y delegados de las comunidades a la elecci\u00f3n de autoridades de su Gobierno Aut\u00f3nomo Ind\u00edgena Originario Campesino [&hellip;]","og_url":"https:\/\/www.eldiario.net\/portal\/2023\/07\/10\/primera-autonomia-indigena-elegira-su-gobierno\/","og_site_name":"El Diario - Bolivia","article_publisher":"https:\/\/www.facebook.com\/eldiario.bolivia\/","article_published_time":"2023-07-10T09:47:44+00:00","author":"Jeanette","twitter_card":"summary_large_image","twitter_creator":"@eldiario_net","twitter_site":"@eldiario_net","twitter_misc":{"Escrito por":"Jeanette","Tiempo de lectura":"2 minutos"},"schema":{"@context":"https:\/\/schema.org","@graph":[{"@type":"Article","@id":"https:\/\/www.eldiario.net\/portal\/2023\/07\/10\/primera-autonomia-indigena-elegira-su-gobierno\/#article","isPartOf":{"@id":"https:\/\/www.eldiario.net\/portal\/2023\/07\/10\/primera-autonomia-indigena-elegira-su-gobierno\/"},"author":{"name":"Jeanette","@id":"https:\/\/www.eldiario.net\/portal\/#\/schema\/person\/f46445640444750d7d753ccd04ae01b7"},"headline":"Primera Autonom\u00eda Ind\u00edgena elegir\u00e1 su Gobierno","datePublished":"2023-07-10T09:47:44+00:00","mainEntityOfPage":{"@id":"https:\/\/www.eldiario.net\/portal\/2023\/07\/10\/primera-autonomia-indigena-elegira-su-gobierno\/"},"wordCount":358,"publisher":{"@id":"https:\/\/www.eldiario.net\/portal\/#organization"},"articleSection":["Nacional"],"inLanguage":"es"},{"@type":"WebPage","@id":"https:\/\/www.eldiario.net\/portal\/2023\/07\/10\/primera-autonomia-indigena-elegira-su-gobierno\/","url":"https:\/\/www.eldiario.net\/portal\/2023\/07\/10\/primera-autonomia-indigena-elegira-su-gobierno\/","name":"Primera Autonom\u00eda Ind\u00edgena elegir\u00e1 su Gobierno - El Diario - Bolivia","isPartOf":{"@id":"https:\/\/www.eldiario.net\/portal\/#website"},"datePublished":"2023-07-10T09:47:44+00:00","breadcrumb":{"@id":"https:\/\/www.eldiario.net\/portal\/2023\/07\/10\/primera-autonomia-indigena-elegira-su-gobierno\/#breadcrumb"},"inLanguage":"es","potentialAction":[{"@type":"ReadAction","target":["https:\/\/www.eldiario.net\/portal\/2023\/07\/10\/primera-autonomia-indigena-elegira-su-gobierno\/"]}]},{"@type":"BreadcrumbList","@id":"https:\/\/www.eldiario.net\/portal\/2023\/07\/10\/primera-autonomia-indigena-elegira-su-gobierno\/#breadcrumb","itemListElement":[{"@type":"ListItem","position":1,"name":"Portada","item":"https:\/\/www.eldiario.net\/portal\/"},{"@type":"ListItem","position":2,"name":"Primera Autonom\u00eda Ind\u00edgena elegir\u00e1 su Gobierno"}]},{"@type":"WebSite","@id":"https:\/\/www.eldiario.net\/portal\/#website","url":"https:\/\/www.eldiario.net\/portal\/","name":"El Diario - Decano de la prensa nacional","description":"El Diario - Decano de la prensa nacional","publisher":{"@id":"https:\/\/www.eldiario.net\/portal\/#organization"},"potentialAction":[{"@type":"SearchAction","target":{"@type":"EntryPoint","urlTemplate":"https:\/\/www.eldiario.net\/portal\/?s={search_term_string}"},"query-input":{"@type":"PropertyValueSpecification","valueRequired":true,"valueName":"search_term_string"}}],"inLanguage":"es"},{"@type":"Organization","@id":"https:\/\/www.eldiario.net\/portal\/#organization","name":"El Diario - Decano de la prensa nacional","url":"https:\/\/www.eldiario.net\/portal\/","logo":{"@type":"ImageObject","inLanguage":"es","@id":"https:\/\/www.eldiario.net\/portal\/#\/schema\/logo\/image\/","url":"https:\/\/www.eldiario.net\/portal\/wp-content\/uploads\/2023\/07\/logo_ED.jpg","contentUrl":"https:\/\/www.eldiario.net\/portal\/wp-content\/uploads\/2023\/07\/logo_ED.jpg","width":272,"height":52,"caption":"El Diario - Decano de la prensa nacional"},"image":{"@id":"https:\/\/www.eldiario.net\/portal\/#\/schema\/logo\/image\/"},"sameAs":["https:\/\/www.facebook.com\/eldiario.bolivia\/","https:\/\/x.com\/eldiario_net"]},{"@type":"Person","@id":"https:\/\/www.eldiario.net\/portal\/#\/schema\/person\/f46445640444750d7d753ccd04ae01b7","name":"Jeanette","image":{"@type":"ImageObject","inLanguage":"es","@id":"https:\/\/secure.gravatar.com\/avatar\/3ea2118a5f7dad2b7138b1187a6b7ee55f160b9968b66013c3a3ef39dd7e5798?s=96&d=mm&r=g","url":"https:\/\/secure.gravatar.com\/avatar\/3ea2118a5f7dad2b7138b1187a6b7ee55f160b9968b66013c3a3ef39dd7e5798?s=96&d=mm&r=g","contentUrl":"https:\/\/secure.gravatar.com\/avatar\/3ea2118a5f7dad2b7138b1187a6b7ee55f160b9968b66013c3a3ef39dd7e5798?s=96&d=mm&r=g","caption":"Jeanette"},"sameAs":["https:\/\/www.eldiario.net\/portal"],"url":"https:\/\/www.eldiario.net\/portal\/author\/jeanette\/"}]}},"_links":{"self":[{"href":"https:\/\/www.eldiario.net\/portal\/wp-json\/wp\/v2\/posts\/164534","targetHints":{"allow":["GET"]}}],"collection":[{"href":"https:\/\/www.eldiario.net\/portal\/wp-json\/wp\/v2\/posts"}],"about":[{"href":"https:\/\/www.eldiario.net\/portal\/wp-json\/wp\/v2\/types\/post"}],"author":[{"embeddable":true,"href":"https:\/\/www.eldiario.net\/portal\/wp-json\/wp\/v2\/users\/1"}],"replies":[{"embeddable":true,"href":"https:\/\/www.eldiario.net\/portal\/wp-json\/wp\/v2\/comments?post=164534"}],"version-history":[{"count":0,"href":"https:\/\/www.eldiario.net\/portal\/wp-json\/wp\/v2\/posts\/164534\/revisions"}],"wp:attachment":[{"href":"https:\/\/www.eldiario.net\/portal\/wp-json\/wp\/v2\/media?parent=164534"}],"wp:term":[{"taxonomy":"category","embeddable":true,"href":"https:\/\/www.eldiario.net\/portal\/wp-json\/wp\/v2\/categories?post=164534"},{"taxonomy":"post_tag","embeddable":true,"href":"https:\/\/www.eldiario.net\/portal\/wp-json\/wp\/v2\/tags?post=164534"}],"curies":[{"name":"wp","href":"https:\/\/api.w.org\/{rel}","templated":true}]}}