{"id":164522,"date":"2023-07-09T08:14:20","date_gmt":"2023-07-09T12:14:20","guid":{"rendered":"https:\/\/www.eldiario.net\/portal\/?p=164522"},"modified":"2023-07-09T08:14:20","modified_gmt":"2023-07-09T12:14:20","slug":"oppenheimer-con-cillian-murphy-christopher-nolan-elogia-al-actor","status":"publish","type":"post","link":"https:\/\/www.eldiario.net\/portal\/2023\/07\/09\/oppenheimer-con-cillian-murphy-christopher-nolan-elogia-al-actor\/","title":{"rendered":"\u2018Oppenheimer\u2019 con Cillian Murphy, Christopher Nolan elogia al actor"},"content":{"rendered":"<p>Para representar al padre de la bomba at\u00f3mica, Christopher Nolan seleccion\u00f3 a un actor que ha aparecido en cinco de sus pel\u00edculas (la trilog\u00eda de The Dark Knight, Inception, Dunkirk), pero que hasta ahora nunca hab\u00eda sido el protagonista: Cillian Murphy, la estrella irlandesa de cine y teatro cuya filmograf\u00eda incluye 28 Days Later, A Quiet Place Part II, y la mundialmente exitosa serie de televisi\u00f3n inglesa, Peaky Blinders. \u201cHe tenido la gran suerte de trabajar con algunos actores extraordinarios en los inicios de sus carreras, y Cillian es uno de ellos\u201d, dice Nolan. \u201cLa primera vez que trabaj\u00e9 con \u00e9l era muy novato, pero estaba claro que ten\u00eda un talento extraordinario y conectamos personal, profesional y creativamente. As\u00ed que siempre estoy buscando formas de trabajar con Cillian. Fue maravilloso poder levantar el tel\u00e9fono y decir: \u2018Ha llegado; este es el indicado, este es el momento de que seas el protagonista, vas a asumir a un personaje que va a utilizar todos los aspectos de tu talento y desafiarte de formas que nunca antes te hab\u00edan desafiado\u2019. Y \u00e9l estaba dispuesto a ello. En realidad, fue un sue\u00f1o hecho realidad para los dos\u201d.<br \/>\nPara Murphy, esa llamada telef\u00f3nica de Nolan fue inolvidable. \u201cHan pasado 20 a\u00f1os desde que conoc\u00ed a Chris, pero desde entonces era su fan porque yo ya hab\u00eda visto Memento e Insomnia\u201d, dice Murphy, cuyo primer encuentro con Nolan fue en una audici\u00f3n para el papel de Bruce Wayne en Batman Begins, que termin\u00f3 interpretando Christian Bale. \u201cConocer a Chris para esa pel\u00edcula, en lo personal siempre pens\u00e9 que era una idea absurda: \u00a1Yo interpretando a Batman!, fue important\u00edsimo para m\u00ed. Pero ese encuentro deriv\u00f3 en el personaje de El Espantap\u00e1jaros y en una experiencia de trabajo extraordinaria. Mi sensaci\u00f3n desde entonces ha sido que, si Christopher Nolan te pide que hagas algo, no importa la envergadura del papel, simplemente te presentas. No esperaba que me llamara y me pidiera que interpretara a Oppenheimer. Pero lo hizo. Cuando colgu\u00e9 el tel\u00e9fono, me qued\u00e9 algo aturdido. Me sent\u00ed muy afortunado. Y luego nos pusimos a trabajar\u201d.<br \/>\nEl atractivo y el reto de interpretar a Oppenheimer, dice Murphy, era hacer justicia a la inmensa inteligencia del f\u00edsico y a sus luchas morales. \u201cSiempre fuimos tras la complejidad de Oppenheimer, ya que no era un hombre sencillo\u201d, explica Murphy.<br \/>\nPara prepararse para el papel, Murphy ley\u00f3 American Prometheus y otros libros y vio horas de material filmado de Oppenheimer dando conferencias y entrevistas. Trabaj\u00f3 con Nolan y la dise\u00f1adora de vestuario Ellen Mirojnick para perfeccionar el aspecto caracter\u00edstico de Oppenheimer: su intensa mirada, su postura, su pipa, su sombrero. \u201cNo intento imitar a Robert Oppenheimer\u201d, dice Murphy.<br \/>\nMurphy consult\u00f3 al renombrado f\u00edsico Kip Thorne para conocer mejor la profesi\u00f3n, as\u00ed como los conceptos de la fisi\u00f3n. Pero no se presion\u00f3 a s\u00ed mismo para comprender plenamente toda la ciencia y la filosof\u00eda embriagadoras que le resultaban f\u00e1ciles a Oppenheimer. \u201cLa mayor\u00eda de la poblaci\u00f3n no puede y no piensa en la existencia humana, la estructura del mundo y nuestro lugar en el universo como lo hac\u00eda Oppenheimer, y menos a\u00fan a trav\u00e9s de la lente de la mec\u00e1nica cu\u00e1ntica, con sus complejidades y su apreciaci\u00f3n de las paradojas\u201d, puntualiza Murphy. <\/p>\n","protected":false},"excerpt":{"rendered":"<p>Para representar al padre de la bomba at\u00f3mica, Christopher Nolan seleccion\u00f3 a un actor que ha aparecido en cinco de sus pel\u00edculas (la trilog\u00eda de The Dark Knight, Inception, Dunkirk), pero que hasta ahora nunca hab\u00eda sido el protagonista: Cillian Murphy, la estrella irlandesa de cine y teatro cuya filmograf\u00eda incluye 28 Days Later, A [&hellip;]<\/p>\n","protected":false},"author":1,"featured_media":164523,"comment_status":"closed","ping_status":"open","sticky":false,"template":"","format":"standard","meta":{"_acf_changed":false,"footnotes":""},"categories":[45],"tags":[],"class_list":["post-164522","post","type-post","status-publish","format-standard","has-post-thumbnail","category-cine-mundo"],"acf":{"antetitulo":""},"yoast_head":"<!-- This site is optimized with the Yoast SEO plugin v28.3 - https:\/\/yoast.com\/product\/yoast-seo-wordpress\/ -->\n<title>\u2018Oppenheimer\u2019 con Cillian Murphy, Christopher Nolan elogia al actor - El Diario - Bolivia<\/title>\n<meta name=\"robots\" content=\"index, follow, max-snippet:-1, max-image-preview:large, max-video-preview:-1\" \/>\n<link rel=\"canonical\" href=\"https:\/\/www.eldiario.net\/portal\/2023\/07\/09\/oppenheimer-con-cillian-murphy-christopher-nolan-elogia-al-actor\/\" \/>\n<meta property=\"og:locale\" content=\"es_ES\" \/>\n<meta property=\"og:type\" content=\"article\" \/>\n<meta property=\"og:title\" content=\"\u2018Oppenheimer\u2019 con Cillian Murphy, Christopher Nolan elogia al actor - El Diario - Bolivia\" \/>\n<meta property=\"og:description\" content=\"Para representar al padre de la bomba at\u00f3mica, Christopher Nolan seleccion\u00f3 a un actor que ha aparecido en cinco de sus pel\u00edculas (la trilog\u00eda de The Dark Knight, Inception, Dunkirk), pero que hasta ahora nunca hab\u00eda sido el protagonista: Cillian Murphy, la estrella irlandesa de cine y teatro cuya filmograf\u00eda incluye 28 Days Later, A [&hellip;]\" \/>\n<meta property=\"og:url\" content=\"https:\/\/www.eldiario.net\/portal\/2023\/07\/09\/oppenheimer-con-cillian-murphy-christopher-nolan-elogia-al-actor\/\" \/>\n<meta property=\"og:site_name\" content=\"El Diario - Bolivia\" \/>\n<meta property=\"article:publisher\" content=\"https:\/\/www.facebook.com\/eldiario.bolivia\/\" \/>\n<meta property=\"article:published_time\" content=\"2023-07-09T12:14:20+00:00\" \/>\n<meta property=\"og:image\" content=\"https:\/\/www.eldiario.net\/portal\/wp-content\/uploads\/2023\/07\/\u2018Oppenheimer-con-Cillian-Murphy-Christopher-Nolan-elogia-al-actor.jpg\" \/>\n\t<meta property=\"og:image:width\" content=\"2500\" \/>\n\t<meta property=\"og:image:height\" content=\"1406\" \/>\n\t<meta property=\"og:image:type\" content=\"image\/jpeg\" \/>\n<meta name=\"author\" content=\"Jeanette\" \/>\n<meta name=\"twitter:card\" content=\"summary_large_image\" \/>\n<meta name=\"twitter:creator\" content=\"@eldiario_net\" \/>\n<meta name=\"twitter:site\" content=\"@eldiario_net\" \/>\n<meta name=\"twitter:label1\" content=\"Escrito por\" \/>\n\t<meta name=\"twitter:data1\" content=\"Jeanette\" \/>\n<script type=\"application\/ld+json\" class=\"yoast-schema-graph\">{\"@context\":\"https:\\\/\\\/schema.org\",\"@graph\":[{\"@type\":\"Article\",\"@id\":\"https:\\\/\\\/www.eldiario.net\\\/portal\\\/2023\\\/07\\\/09\\\/oppenheimer-con-cillian-murphy-christopher-nolan-elogia-al-actor\\\/#article\",\"isPartOf\":{\"@id\":\"https:\\\/\\\/www.eldiario.net\\\/portal\\\/2023\\\/07\\\/09\\\/oppenheimer-con-cillian-murphy-christopher-nolan-elogia-al-actor\\\/\"},\"author\":{\"name\":\"Jeanette\",\"@id\":\"https:\\\/\\\/www.eldiario.net\\\/portal\\\/#\\\/schema\\\/person\\\/f46445640444750d7d753ccd04ae01b7\"},\"headline\":\"\u2018Oppenheimer\u2019 con Cillian Murphy, Christopher Nolan elogia al actor\",\"datePublished\":\"2023-07-09T12:14:20+00:00\",\"mainEntityOfPage\":{\"@id\":\"https:\\\/\\\/www.eldiario.net\\\/portal\\\/2023\\\/07\\\/09\\\/oppenheimer-con-cillian-murphy-christopher-nolan-elogia-al-actor\\\/\"},\"wordCount\":582,\"publisher\":{\"@id\":\"https:\\\/\\\/www.eldiario.net\\\/portal\\\/#organization\"},\"image\":{\"@id\":\"https:\\\/\\\/www.eldiario.net\\\/portal\\\/2023\\\/07\\\/09\\\/oppenheimer-con-cillian-murphy-christopher-nolan-elogia-al-actor\\\/#primaryimage\"},\"thumbnailUrl\":\"https:\\\/\\\/www.eldiario.net\\\/portal\\\/wp-content\\\/uploads\\\/2023\\\/07\\\/\u2018Oppenheimer-con-Cillian-Murphy-Christopher-Nolan-elogia-al-actor.jpg\",\"articleSection\":[\"Cine Mundo\"],\"inLanguage\":\"es\"},{\"@type\":\"WebPage\",\"@id\":\"https:\\\/\\\/www.eldiario.net\\\/portal\\\/2023\\\/07\\\/09\\\/oppenheimer-con-cillian-murphy-christopher-nolan-elogia-al-actor\\\/\",\"url\":\"https:\\\/\\\/www.eldiario.net\\\/portal\\\/2023\\\/07\\\/09\\\/oppenheimer-con-cillian-murphy-christopher-nolan-elogia-al-actor\\\/\",\"name\":\"\u2018Oppenheimer\u2019 con Cillian Murphy, Christopher Nolan elogia al actor - El Diario - Bolivia\",\"isPartOf\":{\"@id\":\"https:\\\/\\\/www.eldiario.net\\\/portal\\\/#website\"},\"primaryImageOfPage\":{\"@id\":\"https:\\\/\\\/www.eldiario.net\\\/portal\\\/2023\\\/07\\\/09\\\/oppenheimer-con-cillian-murphy-christopher-nolan-elogia-al-actor\\\/#primaryimage\"},\"image\":{\"@id\":\"https:\\\/\\\/www.eldiario.net\\\/portal\\\/2023\\\/07\\\/09\\\/oppenheimer-con-cillian-murphy-christopher-nolan-elogia-al-actor\\\/#primaryimage\"},\"thumbnailUrl\":\"https:\\\/\\\/www.eldiario.net\\\/portal\\\/wp-content\\\/uploads\\\/2023\\\/07\\\/\u2018Oppenheimer-con-Cillian-Murphy-Christopher-Nolan-elogia-al-actor.jpg\",\"datePublished\":\"2023-07-09T12:14:20+00:00\",\"breadcrumb\":{\"@id\":\"https:\\\/\\\/www.eldiario.net\\\/portal\\\/2023\\\/07\\\/09\\\/oppenheimer-con-cillian-murphy-christopher-nolan-elogia-al-actor\\\/#breadcrumb\"},\"inLanguage\":\"es\",\"potentialAction\":[{\"@type\":\"ReadAction\",\"target\":[\"https:\\\/\\\/www.eldiario.net\\\/portal\\\/2023\\\/07\\\/09\\\/oppenheimer-con-cillian-murphy-christopher-nolan-elogia-al-actor\\\/\"]}]},{\"@type\":\"ImageObject\",\"inLanguage\":\"es\",\"@id\":\"https:\\\/\\\/www.eldiario.net\\\/portal\\\/2023\\\/07\\\/09\\\/oppenheimer-con-cillian-murphy-christopher-nolan-elogia-al-actor\\\/#primaryimage\",\"url\":\"https:\\\/\\\/www.eldiario.net\\\/portal\\\/wp-content\\\/uploads\\\/2023\\\/07\\\/\u2018Oppenheimer-con-Cillian-Murphy-Christopher-Nolan-elogia-al-actor.jpg\",\"contentUrl\":\"https:\\\/\\\/www.eldiario.net\\\/portal\\\/wp-content\\\/uploads\\\/2023\\\/07\\\/\u2018Oppenheimer-con-Cillian-Murphy-Christopher-Nolan-elogia-al-actor.jpg\",\"width\":2500,\"height\":1406},{\"@type\":\"BreadcrumbList\",\"@id\":\"https:\\\/\\\/www.eldiario.net\\\/portal\\\/2023\\\/07\\\/09\\\/oppenheimer-con-cillian-murphy-christopher-nolan-elogia-al-actor\\\/#breadcrumb\",\"itemListElement\":[{\"@type\":\"ListItem\",\"position\":1,\"name\":\"Portada\",\"item\":\"https:\\\/\\\/www.eldiario.net\\\/portal\\\/\"},{\"@type\":\"ListItem\",\"position\":2,\"name\":\"\u2018Oppenheimer\u2019 con Cillian Murphy, Christopher Nolan elogia al actor\"}]},{\"@type\":\"WebSite\",\"@id\":\"https:\\\/\\\/www.eldiario.net\\\/portal\\\/#website\",\"url\":\"https:\\\/\\\/www.eldiario.net\\\/portal\\\/\",\"name\":\"El Diario - Decano de la prensa nacional\",\"description\":\"El Diario - Decano de la prensa nacional\",\"publisher\":{\"@id\":\"https:\\\/\\\/www.eldiario.net\\\/portal\\\/#organization\"},\"potentialAction\":[{\"@type\":\"SearchAction\",\"target\":{\"@type\":\"EntryPoint\",\"urlTemplate\":\"https:\\\/\\\/www.eldiario.net\\\/portal\\\/?s={search_term_string}\"},\"query-input\":{\"@type\":\"PropertyValueSpecification\",\"valueRequired\":true,\"valueName\":\"search_term_string\"}}],\"inLanguage\":\"es\"},{\"@type\":\"Organization\",\"@id\":\"https:\\\/\\\/www.eldiario.net\\\/portal\\\/#organization\",\"name\":\"El Diario - Decano de la prensa nacional\",\"url\":\"https:\\\/\\\/www.eldiario.net\\\/portal\\\/\",\"logo\":{\"@type\":\"ImageObject\",\"inLanguage\":\"es\",\"@id\":\"https:\\\/\\\/www.eldiario.net\\\/portal\\\/#\\\/schema\\\/logo\\\/image\\\/\",\"url\":\"https:\\\/\\\/www.eldiario.net\\\/portal\\\/wp-content\\\/uploads\\\/2023\\\/07\\\/logo_ED.jpg\",\"contentUrl\":\"https:\\\/\\\/www.eldiario.net\\\/portal\\\/wp-content\\\/uploads\\\/2023\\\/07\\\/logo_ED.jpg\",\"width\":272,\"height\":52,\"caption\":\"El Diario - Decano de la prensa nacional\"},\"image\":{\"@id\":\"https:\\\/\\\/www.eldiario.net\\\/portal\\\/#\\\/schema\\\/logo\\\/image\\\/\"},\"sameAs\":[\"https:\\\/\\\/www.facebook.com\\\/eldiario.bolivia\\\/\",\"https:\\\/\\\/x.com\\\/eldiario_net\"]},{\"@type\":\"Person\",\"@id\":\"https:\\\/\\\/www.eldiario.net\\\/portal\\\/#\\\/schema\\\/person\\\/f46445640444750d7d753ccd04ae01b7\",\"name\":\"Jeanette\",\"image\":{\"@type\":\"ImageObject\",\"inLanguage\":\"es\",\"@id\":\"https:\\\/\\\/secure.gravatar.com\\\/avatar\\\/3ea2118a5f7dad2b7138b1187a6b7ee55f160b9968b66013c3a3ef39dd7e5798?s=96&d=mm&r=g\",\"url\":\"https:\\\/\\\/secure.gravatar.com\\\/avatar\\\/3ea2118a5f7dad2b7138b1187a6b7ee55f160b9968b66013c3a3ef39dd7e5798?s=96&d=mm&r=g\",\"contentUrl\":\"https:\\\/\\\/secure.gravatar.com\\\/avatar\\\/3ea2118a5f7dad2b7138b1187a6b7ee55f160b9968b66013c3a3ef39dd7e5798?s=96&d=mm&r=g\",\"caption\":\"Jeanette\"},\"sameAs\":[\"https:\\\/\\\/www.eldiario.net\\\/portal\"],\"url\":\"https:\\\/\\\/www.eldiario.net\\\/portal\\\/author\\\/jeanette\\\/\"}]}<\/script>\n<!-- \/ Yoast SEO plugin. -->","yoast_head_json":{"title":"\u2018Oppenheimer\u2019 con Cillian Murphy, Christopher Nolan elogia al actor - El Diario - Bolivia","robots":{"index":"index","follow":"follow","max-snippet":"max-snippet:-1","max-image-preview":"max-image-preview:large","max-video-preview":"max-video-preview:-1"},"canonical":"https:\/\/www.eldiario.net\/portal\/2023\/07\/09\/oppenheimer-con-cillian-murphy-christopher-nolan-elogia-al-actor\/","og_locale":"es_ES","og_type":"article","og_title":"\u2018Oppenheimer\u2019 con Cillian Murphy, Christopher Nolan elogia al actor - El Diario - Bolivia","og_description":"Para representar al padre de la bomba at\u00f3mica, Christopher Nolan seleccion\u00f3 a un actor que ha aparecido en cinco de sus pel\u00edculas (la trilog\u00eda de The Dark Knight, Inception, Dunkirk), pero que hasta ahora nunca hab\u00eda sido el protagonista: Cillian Murphy, la estrella irlandesa de cine y teatro cuya filmograf\u00eda incluye 28 Days Later, A [&hellip;]","og_url":"https:\/\/www.eldiario.net\/portal\/2023\/07\/09\/oppenheimer-con-cillian-murphy-christopher-nolan-elogia-al-actor\/","og_site_name":"El Diario - Bolivia","article_publisher":"https:\/\/www.facebook.com\/eldiario.bolivia\/","article_published_time":"2023-07-09T12:14:20+00:00","og_image":[{"width":2500,"height":1406,"url":"https:\/\/www.eldiario.net\/portal\/wp-content\/uploads\/2023\/07\/\u2018Oppenheimer-con-Cillian-Murphy-Christopher-Nolan-elogia-al-actor.jpg","type":"image\/jpeg"}],"author":"Jeanette","twitter_card":"summary_large_image","twitter_creator":"@eldiario_net","twitter_site":"@eldiario_net","twitter_misc":{"Escrito por":"Jeanette"},"schema":{"@context":"https:\/\/schema.org","@graph":[{"@type":"Article","@id":"https:\/\/www.eldiario.net\/portal\/2023\/07\/09\/oppenheimer-con-cillian-murphy-christopher-nolan-elogia-al-actor\/#article","isPartOf":{"@id":"https:\/\/www.eldiario.net\/portal\/2023\/07\/09\/oppenheimer-con-cillian-murphy-christopher-nolan-elogia-al-actor\/"},"author":{"name":"Jeanette","@id":"https:\/\/www.eldiario.net\/portal\/#\/schema\/person\/f46445640444750d7d753ccd04ae01b7"},"headline":"\u2018Oppenheimer\u2019 con Cillian Murphy, Christopher Nolan elogia al actor","datePublished":"2023-07-09T12:14:20+00:00","mainEntityOfPage":{"@id":"https:\/\/www.eldiario.net\/portal\/2023\/07\/09\/oppenheimer-con-cillian-murphy-christopher-nolan-elogia-al-actor\/"},"wordCount":582,"publisher":{"@id":"https:\/\/www.eldiario.net\/portal\/#organization"},"image":{"@id":"https:\/\/www.eldiario.net\/portal\/2023\/07\/09\/oppenheimer-con-cillian-murphy-christopher-nolan-elogia-al-actor\/#primaryimage"},"thumbnailUrl":"https:\/\/www.eldiario.net\/portal\/wp-content\/uploads\/2023\/07\/\u2018Oppenheimer-con-Cillian-Murphy-Christopher-Nolan-elogia-al-actor.jpg","articleSection":["Cine Mundo"],"inLanguage":"es"},{"@type":"WebPage","@id":"https:\/\/www.eldiario.net\/portal\/2023\/07\/09\/oppenheimer-con-cillian-murphy-christopher-nolan-elogia-al-actor\/","url":"https:\/\/www.eldiario.net\/portal\/2023\/07\/09\/oppenheimer-con-cillian-murphy-christopher-nolan-elogia-al-actor\/","name":"\u2018Oppenheimer\u2019 con Cillian Murphy, Christopher Nolan elogia al actor - El Diario - Bolivia","isPartOf":{"@id":"https:\/\/www.eldiario.net\/portal\/#website"},"primaryImageOfPage":{"@id":"https:\/\/www.eldiario.net\/portal\/2023\/07\/09\/oppenheimer-con-cillian-murphy-christopher-nolan-elogia-al-actor\/#primaryimage"},"image":{"@id":"https:\/\/www.eldiario.net\/portal\/2023\/07\/09\/oppenheimer-con-cillian-murphy-christopher-nolan-elogia-al-actor\/#primaryimage"},"thumbnailUrl":"https:\/\/www.eldiario.net\/portal\/wp-content\/uploads\/2023\/07\/\u2018Oppenheimer-con-Cillian-Murphy-Christopher-Nolan-elogia-al-actor.jpg","datePublished":"2023-07-09T12:14:20+00:00","breadcrumb":{"@id":"https:\/\/www.eldiario.net\/portal\/2023\/07\/09\/oppenheimer-con-cillian-murphy-christopher-nolan-elogia-al-actor\/#breadcrumb"},"inLanguage":"es","potentialAction":[{"@type":"ReadAction","target":["https:\/\/www.eldiario.net\/portal\/2023\/07\/09\/oppenheimer-con-cillian-murphy-christopher-nolan-elogia-al-actor\/"]}]},{"@type":"ImageObject","inLanguage":"es","@id":"https:\/\/www.eldiario.net\/portal\/2023\/07\/09\/oppenheimer-con-cillian-murphy-christopher-nolan-elogia-al-actor\/#primaryimage","url":"https:\/\/www.eldiario.net\/portal\/wp-content\/uploads\/2023\/07\/\u2018Oppenheimer-con-Cillian-Murphy-Christopher-Nolan-elogia-al-actor.jpg","contentUrl":"https:\/\/www.eldiario.net\/portal\/wp-content\/uploads\/2023\/07\/\u2018Oppenheimer-con-Cillian-Murphy-Christopher-Nolan-elogia-al-actor.jpg","width":2500,"height":1406},{"@type":"BreadcrumbList","@id":"https:\/\/www.eldiario.net\/portal\/2023\/07\/09\/oppenheimer-con-cillian-murphy-christopher-nolan-elogia-al-actor\/#breadcrumb","itemListElement":[{"@type":"ListItem","position":1,"name":"Portada","item":"https:\/\/www.eldiario.net\/portal\/"},{"@type":"ListItem","position":2,"name":"\u2018Oppenheimer\u2019 con Cillian Murphy, Christopher Nolan elogia al actor"}]},{"@type":"WebSite","@id":"https:\/\/www.eldiario.net\/portal\/#website","url":"https:\/\/www.eldiario.net\/portal\/","name":"El Diario - Decano de la prensa nacional","description":"El Diario - Decano de la prensa nacional","publisher":{"@id":"https:\/\/www.eldiario.net\/portal\/#organization"},"potentialAction":[{"@type":"SearchAction","target":{"@type":"EntryPoint","urlTemplate":"https:\/\/www.eldiario.net\/portal\/?s={search_term_string}"},"query-input":{"@type":"PropertyValueSpecification","valueRequired":true,"valueName":"search_term_string"}}],"inLanguage":"es"},{"@type":"Organization","@id":"https:\/\/www.eldiario.net\/portal\/#organization","name":"El Diario - Decano de la prensa nacional","url":"https:\/\/www.eldiario.net\/portal\/","logo":{"@type":"ImageObject","inLanguage":"es","@id":"https:\/\/www.eldiario.net\/portal\/#\/schema\/logo\/image\/","url":"https:\/\/www.eldiario.net\/portal\/wp-content\/uploads\/2023\/07\/logo_ED.jpg","contentUrl":"https:\/\/www.eldiario.net\/portal\/wp-content\/uploads\/2023\/07\/logo_ED.jpg","width":272,"height":52,"caption":"El Diario - Decano de la prensa nacional"},"image":{"@id":"https:\/\/www.eldiario.net\/portal\/#\/schema\/logo\/image\/"},"sameAs":["https:\/\/www.facebook.com\/eldiario.bolivia\/","https:\/\/x.com\/eldiario_net"]},{"@type":"Person","@id":"https:\/\/www.eldiario.net\/portal\/#\/schema\/person\/f46445640444750d7d753ccd04ae01b7","name":"Jeanette","image":{"@type":"ImageObject","inLanguage":"es","@id":"https:\/\/secure.gravatar.com\/avatar\/3ea2118a5f7dad2b7138b1187a6b7ee55f160b9968b66013c3a3ef39dd7e5798?s=96&d=mm&r=g","url":"https:\/\/secure.gravatar.com\/avatar\/3ea2118a5f7dad2b7138b1187a6b7ee55f160b9968b66013c3a3ef39dd7e5798?s=96&d=mm&r=g","contentUrl":"https:\/\/secure.gravatar.com\/avatar\/3ea2118a5f7dad2b7138b1187a6b7ee55f160b9968b66013c3a3ef39dd7e5798?s=96&d=mm&r=g","caption":"Jeanette"},"sameAs":["https:\/\/www.eldiario.net\/portal"],"url":"https:\/\/www.eldiario.net\/portal\/author\/jeanette\/"}]}},"_links":{"self":[{"href":"https:\/\/www.eldiario.net\/portal\/wp-json\/wp\/v2\/posts\/164522","targetHints":{"allow":["GET"]}}],"collection":[{"href":"https:\/\/www.eldiario.net\/portal\/wp-json\/wp\/v2\/posts"}],"about":[{"href":"https:\/\/www.eldiario.net\/portal\/wp-json\/wp\/v2\/types\/post"}],"author":[{"embeddable":true,"href":"https:\/\/www.eldiario.net\/portal\/wp-json\/wp\/v2\/users\/1"}],"replies":[{"embeddable":true,"href":"https:\/\/www.eldiario.net\/portal\/wp-json\/wp\/v2\/comments?post=164522"}],"version-history":[{"count":0,"href":"https:\/\/www.eldiario.net\/portal\/wp-json\/wp\/v2\/posts\/164522\/revisions"}],"wp:featuredmedia":[{"embeddable":true,"href":"https:\/\/www.eldiario.net\/portal\/wp-json\/wp\/v2\/media\/164523"}],"wp:attachment":[{"href":"https:\/\/www.eldiario.net\/portal\/wp-json\/wp\/v2\/media?parent=164522"}],"wp:term":[{"taxonomy":"category","embeddable":true,"href":"https:\/\/www.eldiario.net\/portal\/wp-json\/wp\/v2\/categories?post=164522"},{"taxonomy":"post_tag","embeddable":true,"href":"https:\/\/www.eldiario.net\/portal\/wp-json\/wp\/v2\/tags?post=164522"}],"curies":[{"name":"wp","href":"https:\/\/api.w.org\/{rel}","templated":true}]}}