{"id":164519,"date":"2023-07-09T08:13:35","date_gmt":"2023-07-09T12:13:35","guid":{"rendered":"https:\/\/www.eldiario.net\/portal\/?p=164519"},"modified":"2023-07-09T08:13:35","modified_gmt":"2023-07-09T12:13:35","slug":"hablame-la-pelicula-dirigida-por-danny-y-michael-philippou","status":"publish","type":"post","link":"https:\/\/www.eldiario.net\/portal\/2023\/07\/09\/hablame-la-pelicula-dirigida-por-danny-y-michael-philippou\/","title":{"rendered":"\u201cH\u00e1blame\u201d, la pel\u00edcula dirigida por Danny y Michael Philippou"},"content":{"rendered":"<p>Este a\u00f1o lleva el verdadero terror a las salas de cine<br \/>\nLa pel\u00edcula dirigida por Danny y Michael Philippou, H\u00e1blame, sigue a un grupo de amigos que descubren c\u00f3mo invocar esp\u00edritus utilizando una mano embalsamada y se ven atrapados en este nuevo entretenimiento, hasta que uno de ellos va demasiado lejos y abre la puerta al mundo de los esp\u00edritus.<br \/>\nLa cinta indaga en el paso de la ni\u00f1ez a la adultez, esa etapa en la que segu\u00eds asumiendo riesgos, pero las consecuencias son m\u00e1s complejas. H\u00e1blame es un fiel reflejo de la adolescencia, donde uno no sabe c\u00f3mo lidiar con los sentimientos y descubre algunas v\u00e1lvulas de escape que alteran la mente. Se trata de una pel\u00edcula que busca asemejarse al mundo actual, con conflictos propios de la realidad, a trav\u00e9s de un g\u00e9nero bastante particular: el terror.<br \/>\nLa direcci\u00f3n de la pel\u00edcula estuvo en manos de dos youtubers, hermanos mellizos, que empezaron filmando las luchas libres que hac\u00edan entre amigos hasta que decidieron hacer algo m\u00e1s formal con su contenido. De esa manera, probaron con un programa de televisi\u00f3n o peque\u00f1os cortometrajes a trav\u00e9s del internet. Uno de los primeros \u00e9xitos del canal de YouTube fue Harry Potter vs Star Wars, el cual recibi\u00f3 7 millones de visualizaciones en solo una semana.<br \/>\nH\u00e1blame tuvo su estreno mundial durante el Festival de Sundance en enero y tiene como objetivo convertirse en una de las pel\u00edculas de terror m\u00e1s sorprendentes del 2023. (Diamond Films)<\/p>\n","protected":false},"excerpt":{"rendered":"<p>Este a\u00f1o lleva el verdadero terror a las salas de cine La pel\u00edcula dirigida por Danny y Michael Philippou, H\u00e1blame, sigue a un grupo de amigos que descubren c\u00f3mo invocar esp\u00edritus utilizando una mano embalsamada y se ven atrapados en este nuevo entretenimiento, hasta que uno de ellos va demasiado lejos y abre la puerta [&hellip;]<\/p>\n","protected":false},"author":1,"featured_media":164520,"comment_status":"closed","ping_status":"open","sticky":false,"template":"","format":"standard","meta":{"_acf_changed":false,"footnotes":""},"categories":[45],"tags":[],"class_list":["post-164519","post","type-post","status-publish","format-standard","has-post-thumbnail","category-cine-mundo"],"acf":{"antetitulo":""},"yoast_head":"<!-- This site is optimized with the Yoast SEO plugin v28.3 - https:\/\/yoast.com\/product\/yoast-seo-wordpress\/ -->\n<title>\u201cH\u00e1blame\u201d, la pel\u00edcula dirigida por Danny y Michael Philippou - El Diario - Bolivia<\/title>\n<meta name=\"robots\" content=\"index, follow, max-snippet:-1, max-image-preview:large, max-video-preview:-1\" \/>\n<link rel=\"canonical\" href=\"https:\/\/www.eldiario.net\/portal\/2023\/07\/09\/hablame-la-pelicula-dirigida-por-danny-y-michael-philippou\/\" \/>\n<meta property=\"og:locale\" content=\"es_ES\" \/>\n<meta property=\"og:type\" content=\"article\" \/>\n<meta property=\"og:title\" content=\"\u201cH\u00e1blame\u201d, la pel\u00edcula dirigida por Danny y Michael Philippou - El Diario - Bolivia\" \/>\n<meta property=\"og:description\" content=\"Este a\u00f1o lleva el verdadero terror a las salas de cine La pel\u00edcula dirigida por Danny y Michael Philippou, H\u00e1blame, sigue a un grupo de amigos que descubren c\u00f3mo invocar esp\u00edritus utilizando una mano embalsamada y se ven atrapados en este nuevo entretenimiento, hasta que uno de ellos va demasiado lejos y abre la puerta [&hellip;]\" \/>\n<meta property=\"og:url\" content=\"https:\/\/www.eldiario.net\/portal\/2023\/07\/09\/hablame-la-pelicula-dirigida-por-danny-y-michael-philippou\/\" \/>\n<meta property=\"og:site_name\" content=\"El Diario - Bolivia\" \/>\n<meta property=\"article:publisher\" content=\"https:\/\/www.facebook.com\/eldiario.bolivia\/\" \/>\n<meta property=\"article:published_time\" content=\"2023-07-09T12:13:35+00:00\" \/>\n<meta property=\"og:image\" content=\"https:\/\/www.eldiario.net\/portal\/wp-content\/uploads\/2023\/07\/Hablame-la-pelicula-dirigida-por-Danny-y-Michael-Philippou.jpg\" \/>\n\t<meta property=\"og:image:width\" content=\"800\" \/>\n\t<meta property=\"og:image:height\" content=\"600\" \/>\n\t<meta property=\"og:image:type\" content=\"image\/jpeg\" \/>\n<meta name=\"author\" content=\"Jeanette\" \/>\n<meta name=\"twitter:card\" content=\"summary_large_image\" \/>\n<meta name=\"twitter:creator\" content=\"@eldiario_net\" \/>\n<meta name=\"twitter:site\" content=\"@eldiario_net\" \/>\n<meta name=\"twitter:label1\" content=\"Escrito por\" \/>\n\t<meta name=\"twitter:data1\" content=\"Jeanette\" \/>\n<script type=\"application\/ld+json\" class=\"yoast-schema-graph\">{\"@context\":\"https:\\\/\\\/schema.org\",\"@graph\":[{\"@type\":\"Article\",\"@id\":\"https:\\\/\\\/www.eldiario.net\\\/portal\\\/2023\\\/07\\\/09\\\/hablame-la-pelicula-dirigida-por-danny-y-michael-philippou\\\/#article\",\"isPartOf\":{\"@id\":\"https:\\\/\\\/www.eldiario.net\\\/portal\\\/2023\\\/07\\\/09\\\/hablame-la-pelicula-dirigida-por-danny-y-michael-philippou\\\/\"},\"author\":{\"name\":\"Jeanette\",\"@id\":\"https:\\\/\\\/www.eldiario.net\\\/portal\\\/#\\\/schema\\\/person\\\/f46445640444750d7d753ccd04ae01b7\"},\"headline\":\"\u201cH\u00e1blame\u201d, la pel\u00edcula dirigida por Danny y Michael Philippou\",\"datePublished\":\"2023-07-09T12:13:35+00:00\",\"mainEntityOfPage\":{\"@id\":\"https:\\\/\\\/www.eldiario.net\\\/portal\\\/2023\\\/07\\\/09\\\/hablame-la-pelicula-dirigida-por-danny-y-michael-philippou\\\/\"},\"wordCount\":278,\"publisher\":{\"@id\":\"https:\\\/\\\/www.eldiario.net\\\/portal\\\/#organization\"},\"image\":{\"@id\":\"https:\\\/\\\/www.eldiario.net\\\/portal\\\/2023\\\/07\\\/09\\\/hablame-la-pelicula-dirigida-por-danny-y-michael-philippou\\\/#primaryimage\"},\"thumbnailUrl\":\"https:\\\/\\\/www.eldiario.net\\\/portal\\\/wp-content\\\/uploads\\\/2023\\\/07\\\/Hablame-la-pelicula-dirigida-por-Danny-y-Michael-Philippou.jpg\",\"articleSection\":[\"Cine Mundo\"],\"inLanguage\":\"es\"},{\"@type\":\"WebPage\",\"@id\":\"https:\\\/\\\/www.eldiario.net\\\/portal\\\/2023\\\/07\\\/09\\\/hablame-la-pelicula-dirigida-por-danny-y-michael-philippou\\\/\",\"url\":\"https:\\\/\\\/www.eldiario.net\\\/portal\\\/2023\\\/07\\\/09\\\/hablame-la-pelicula-dirigida-por-danny-y-michael-philippou\\\/\",\"name\":\"\u201cH\u00e1blame\u201d, la pel\u00edcula dirigida por Danny y Michael Philippou - El Diario - Bolivia\",\"isPartOf\":{\"@id\":\"https:\\\/\\\/www.eldiario.net\\\/portal\\\/#website\"},\"primaryImageOfPage\":{\"@id\":\"https:\\\/\\\/www.eldiario.net\\\/portal\\\/2023\\\/07\\\/09\\\/hablame-la-pelicula-dirigida-por-danny-y-michael-philippou\\\/#primaryimage\"},\"image\":{\"@id\":\"https:\\\/\\\/www.eldiario.net\\\/portal\\\/2023\\\/07\\\/09\\\/hablame-la-pelicula-dirigida-por-danny-y-michael-philippou\\\/#primaryimage\"},\"thumbnailUrl\":\"https:\\\/\\\/www.eldiario.net\\\/portal\\\/wp-content\\\/uploads\\\/2023\\\/07\\\/Hablame-la-pelicula-dirigida-por-Danny-y-Michael-Philippou.jpg\",\"datePublished\":\"2023-07-09T12:13:35+00:00\",\"breadcrumb\":{\"@id\":\"https:\\\/\\\/www.eldiario.net\\\/portal\\\/2023\\\/07\\\/09\\\/hablame-la-pelicula-dirigida-por-danny-y-michael-philippou\\\/#breadcrumb\"},\"inLanguage\":\"es\",\"potentialAction\":[{\"@type\":\"ReadAction\",\"target\":[\"https:\\\/\\\/www.eldiario.net\\\/portal\\\/2023\\\/07\\\/09\\\/hablame-la-pelicula-dirigida-por-danny-y-michael-philippou\\\/\"]}]},{\"@type\":\"ImageObject\",\"inLanguage\":\"es\",\"@id\":\"https:\\\/\\\/www.eldiario.net\\\/portal\\\/2023\\\/07\\\/09\\\/hablame-la-pelicula-dirigida-por-danny-y-michael-philippou\\\/#primaryimage\",\"url\":\"https:\\\/\\\/www.eldiario.net\\\/portal\\\/wp-content\\\/uploads\\\/2023\\\/07\\\/Hablame-la-pelicula-dirigida-por-Danny-y-Michael-Philippou.jpg\",\"contentUrl\":\"https:\\\/\\\/www.eldiario.net\\\/portal\\\/wp-content\\\/uploads\\\/2023\\\/07\\\/Hablame-la-pelicula-dirigida-por-Danny-y-Michael-Philippou.jpg\",\"width\":800,\"height\":600},{\"@type\":\"BreadcrumbList\",\"@id\":\"https:\\\/\\\/www.eldiario.net\\\/portal\\\/2023\\\/07\\\/09\\\/hablame-la-pelicula-dirigida-por-danny-y-michael-philippou\\\/#breadcrumb\",\"itemListElement\":[{\"@type\":\"ListItem\",\"position\":1,\"name\":\"Portada\",\"item\":\"https:\\\/\\\/www.eldiario.net\\\/portal\\\/\"},{\"@type\":\"ListItem\",\"position\":2,\"name\":\"\u201cH\u00e1blame\u201d, la pel\u00edcula dirigida por Danny y Michael Philippou\"}]},{\"@type\":\"WebSite\",\"@id\":\"https:\\\/\\\/www.eldiario.net\\\/portal\\\/#website\",\"url\":\"https:\\\/\\\/www.eldiario.net\\\/portal\\\/\",\"name\":\"El Diario - Decano de la prensa nacional\",\"description\":\"El Diario - Decano de la prensa nacional\",\"publisher\":{\"@id\":\"https:\\\/\\\/www.eldiario.net\\\/portal\\\/#organization\"},\"potentialAction\":[{\"@type\":\"SearchAction\",\"target\":{\"@type\":\"EntryPoint\",\"urlTemplate\":\"https:\\\/\\\/www.eldiario.net\\\/portal\\\/?s={search_term_string}\"},\"query-input\":{\"@type\":\"PropertyValueSpecification\",\"valueRequired\":true,\"valueName\":\"search_term_string\"}}],\"inLanguage\":\"es\"},{\"@type\":\"Organization\",\"@id\":\"https:\\\/\\\/www.eldiario.net\\\/portal\\\/#organization\",\"name\":\"El Diario - Decano de la prensa nacional\",\"url\":\"https:\\\/\\\/www.eldiario.net\\\/portal\\\/\",\"logo\":{\"@type\":\"ImageObject\",\"inLanguage\":\"es\",\"@id\":\"https:\\\/\\\/www.eldiario.net\\\/portal\\\/#\\\/schema\\\/logo\\\/image\\\/\",\"url\":\"https:\\\/\\\/www.eldiario.net\\\/portal\\\/wp-content\\\/uploads\\\/2023\\\/07\\\/logo_ED.jpg\",\"contentUrl\":\"https:\\\/\\\/www.eldiario.net\\\/portal\\\/wp-content\\\/uploads\\\/2023\\\/07\\\/logo_ED.jpg\",\"width\":272,\"height\":52,\"caption\":\"El Diario - Decano de la prensa nacional\"},\"image\":{\"@id\":\"https:\\\/\\\/www.eldiario.net\\\/portal\\\/#\\\/schema\\\/logo\\\/image\\\/\"},\"sameAs\":[\"https:\\\/\\\/www.facebook.com\\\/eldiario.bolivia\\\/\",\"https:\\\/\\\/x.com\\\/eldiario_net\"]},{\"@type\":\"Person\",\"@id\":\"https:\\\/\\\/www.eldiario.net\\\/portal\\\/#\\\/schema\\\/person\\\/f46445640444750d7d753ccd04ae01b7\",\"name\":\"Jeanette\",\"image\":{\"@type\":\"ImageObject\",\"inLanguage\":\"es\",\"@id\":\"https:\\\/\\\/secure.gravatar.com\\\/avatar\\\/3ea2118a5f7dad2b7138b1187a6b7ee55f160b9968b66013c3a3ef39dd7e5798?s=96&d=mm&r=g\",\"url\":\"https:\\\/\\\/secure.gravatar.com\\\/avatar\\\/3ea2118a5f7dad2b7138b1187a6b7ee55f160b9968b66013c3a3ef39dd7e5798?s=96&d=mm&r=g\",\"contentUrl\":\"https:\\\/\\\/secure.gravatar.com\\\/avatar\\\/3ea2118a5f7dad2b7138b1187a6b7ee55f160b9968b66013c3a3ef39dd7e5798?s=96&d=mm&r=g\",\"caption\":\"Jeanette\"},\"sameAs\":[\"https:\\\/\\\/www.eldiario.net\\\/portal\"],\"url\":\"https:\\\/\\\/www.eldiario.net\\\/portal\\\/author\\\/jeanette\\\/\"}]}<\/script>\n<!-- \/ Yoast SEO plugin. -->","yoast_head_json":{"title":"\u201cH\u00e1blame\u201d, la pel\u00edcula dirigida por Danny y Michael Philippou - El Diario - Bolivia","robots":{"index":"index","follow":"follow","max-snippet":"max-snippet:-1","max-image-preview":"max-image-preview:large","max-video-preview":"max-video-preview:-1"},"canonical":"https:\/\/www.eldiario.net\/portal\/2023\/07\/09\/hablame-la-pelicula-dirigida-por-danny-y-michael-philippou\/","og_locale":"es_ES","og_type":"article","og_title":"\u201cH\u00e1blame\u201d, la pel\u00edcula dirigida por Danny y Michael Philippou - El Diario - Bolivia","og_description":"Este a\u00f1o lleva el verdadero terror a las salas de cine La pel\u00edcula dirigida por Danny y Michael Philippou, H\u00e1blame, sigue a un grupo de amigos que descubren c\u00f3mo invocar esp\u00edritus utilizando una mano embalsamada y se ven atrapados en este nuevo entretenimiento, hasta que uno de ellos va demasiado lejos y abre la puerta [&hellip;]","og_url":"https:\/\/www.eldiario.net\/portal\/2023\/07\/09\/hablame-la-pelicula-dirigida-por-danny-y-michael-philippou\/","og_site_name":"El Diario - Bolivia","article_publisher":"https:\/\/www.facebook.com\/eldiario.bolivia\/","article_published_time":"2023-07-09T12:13:35+00:00","og_image":[{"width":800,"height":600,"url":"https:\/\/www.eldiario.net\/portal\/wp-content\/uploads\/2023\/07\/Hablame-la-pelicula-dirigida-por-Danny-y-Michael-Philippou.jpg","type":"image\/jpeg"}],"author":"Jeanette","twitter_card":"summary_large_image","twitter_creator":"@eldiario_net","twitter_site":"@eldiario_net","twitter_misc":{"Escrito por":"Jeanette"},"schema":{"@context":"https:\/\/schema.org","@graph":[{"@type":"Article","@id":"https:\/\/www.eldiario.net\/portal\/2023\/07\/09\/hablame-la-pelicula-dirigida-por-danny-y-michael-philippou\/#article","isPartOf":{"@id":"https:\/\/www.eldiario.net\/portal\/2023\/07\/09\/hablame-la-pelicula-dirigida-por-danny-y-michael-philippou\/"},"author":{"name":"Jeanette","@id":"https:\/\/www.eldiario.net\/portal\/#\/schema\/person\/f46445640444750d7d753ccd04ae01b7"},"headline":"\u201cH\u00e1blame\u201d, la pel\u00edcula dirigida por Danny y Michael Philippou","datePublished":"2023-07-09T12:13:35+00:00","mainEntityOfPage":{"@id":"https:\/\/www.eldiario.net\/portal\/2023\/07\/09\/hablame-la-pelicula-dirigida-por-danny-y-michael-philippou\/"},"wordCount":278,"publisher":{"@id":"https:\/\/www.eldiario.net\/portal\/#organization"},"image":{"@id":"https:\/\/www.eldiario.net\/portal\/2023\/07\/09\/hablame-la-pelicula-dirigida-por-danny-y-michael-philippou\/#primaryimage"},"thumbnailUrl":"https:\/\/www.eldiario.net\/portal\/wp-content\/uploads\/2023\/07\/Hablame-la-pelicula-dirigida-por-Danny-y-Michael-Philippou.jpg","articleSection":["Cine Mundo"],"inLanguage":"es"},{"@type":"WebPage","@id":"https:\/\/www.eldiario.net\/portal\/2023\/07\/09\/hablame-la-pelicula-dirigida-por-danny-y-michael-philippou\/","url":"https:\/\/www.eldiario.net\/portal\/2023\/07\/09\/hablame-la-pelicula-dirigida-por-danny-y-michael-philippou\/","name":"\u201cH\u00e1blame\u201d, la pel\u00edcula dirigida por Danny y Michael Philippou - El Diario - Bolivia","isPartOf":{"@id":"https:\/\/www.eldiario.net\/portal\/#website"},"primaryImageOfPage":{"@id":"https:\/\/www.eldiario.net\/portal\/2023\/07\/09\/hablame-la-pelicula-dirigida-por-danny-y-michael-philippou\/#primaryimage"},"image":{"@id":"https:\/\/www.eldiario.net\/portal\/2023\/07\/09\/hablame-la-pelicula-dirigida-por-danny-y-michael-philippou\/#primaryimage"},"thumbnailUrl":"https:\/\/www.eldiario.net\/portal\/wp-content\/uploads\/2023\/07\/Hablame-la-pelicula-dirigida-por-Danny-y-Michael-Philippou.jpg","datePublished":"2023-07-09T12:13:35+00:00","breadcrumb":{"@id":"https:\/\/www.eldiario.net\/portal\/2023\/07\/09\/hablame-la-pelicula-dirigida-por-danny-y-michael-philippou\/#breadcrumb"},"inLanguage":"es","potentialAction":[{"@type":"ReadAction","target":["https:\/\/www.eldiario.net\/portal\/2023\/07\/09\/hablame-la-pelicula-dirigida-por-danny-y-michael-philippou\/"]}]},{"@type":"ImageObject","inLanguage":"es","@id":"https:\/\/www.eldiario.net\/portal\/2023\/07\/09\/hablame-la-pelicula-dirigida-por-danny-y-michael-philippou\/#primaryimage","url":"https:\/\/www.eldiario.net\/portal\/wp-content\/uploads\/2023\/07\/Hablame-la-pelicula-dirigida-por-Danny-y-Michael-Philippou.jpg","contentUrl":"https:\/\/www.eldiario.net\/portal\/wp-content\/uploads\/2023\/07\/Hablame-la-pelicula-dirigida-por-Danny-y-Michael-Philippou.jpg","width":800,"height":600},{"@type":"BreadcrumbList","@id":"https:\/\/www.eldiario.net\/portal\/2023\/07\/09\/hablame-la-pelicula-dirigida-por-danny-y-michael-philippou\/#breadcrumb","itemListElement":[{"@type":"ListItem","position":1,"name":"Portada","item":"https:\/\/www.eldiario.net\/portal\/"},{"@type":"ListItem","position":2,"name":"\u201cH\u00e1blame\u201d, la pel\u00edcula dirigida por Danny y Michael Philippou"}]},{"@type":"WebSite","@id":"https:\/\/www.eldiario.net\/portal\/#website","url":"https:\/\/www.eldiario.net\/portal\/","name":"El Diario - Decano de la prensa nacional","description":"El Diario - Decano de la prensa nacional","publisher":{"@id":"https:\/\/www.eldiario.net\/portal\/#organization"},"potentialAction":[{"@type":"SearchAction","target":{"@type":"EntryPoint","urlTemplate":"https:\/\/www.eldiario.net\/portal\/?s={search_term_string}"},"query-input":{"@type":"PropertyValueSpecification","valueRequired":true,"valueName":"search_term_string"}}],"inLanguage":"es"},{"@type":"Organization","@id":"https:\/\/www.eldiario.net\/portal\/#organization","name":"El Diario - Decano de la prensa nacional","url":"https:\/\/www.eldiario.net\/portal\/","logo":{"@type":"ImageObject","inLanguage":"es","@id":"https:\/\/www.eldiario.net\/portal\/#\/schema\/logo\/image\/","url":"https:\/\/www.eldiario.net\/portal\/wp-content\/uploads\/2023\/07\/logo_ED.jpg","contentUrl":"https:\/\/www.eldiario.net\/portal\/wp-content\/uploads\/2023\/07\/logo_ED.jpg","width":272,"height":52,"caption":"El Diario - Decano de la prensa nacional"},"image":{"@id":"https:\/\/www.eldiario.net\/portal\/#\/schema\/logo\/image\/"},"sameAs":["https:\/\/www.facebook.com\/eldiario.bolivia\/","https:\/\/x.com\/eldiario_net"]},{"@type":"Person","@id":"https:\/\/www.eldiario.net\/portal\/#\/schema\/person\/f46445640444750d7d753ccd04ae01b7","name":"Jeanette","image":{"@type":"ImageObject","inLanguage":"es","@id":"https:\/\/secure.gravatar.com\/avatar\/3ea2118a5f7dad2b7138b1187a6b7ee55f160b9968b66013c3a3ef39dd7e5798?s=96&d=mm&r=g","url":"https:\/\/secure.gravatar.com\/avatar\/3ea2118a5f7dad2b7138b1187a6b7ee55f160b9968b66013c3a3ef39dd7e5798?s=96&d=mm&r=g","contentUrl":"https:\/\/secure.gravatar.com\/avatar\/3ea2118a5f7dad2b7138b1187a6b7ee55f160b9968b66013c3a3ef39dd7e5798?s=96&d=mm&r=g","caption":"Jeanette"},"sameAs":["https:\/\/www.eldiario.net\/portal"],"url":"https:\/\/www.eldiario.net\/portal\/author\/jeanette\/"}]}},"_links":{"self":[{"href":"https:\/\/www.eldiario.net\/portal\/wp-json\/wp\/v2\/posts\/164519","targetHints":{"allow":["GET"]}}],"collection":[{"href":"https:\/\/www.eldiario.net\/portal\/wp-json\/wp\/v2\/posts"}],"about":[{"href":"https:\/\/www.eldiario.net\/portal\/wp-json\/wp\/v2\/types\/post"}],"author":[{"embeddable":true,"href":"https:\/\/www.eldiario.net\/portal\/wp-json\/wp\/v2\/users\/1"}],"replies":[{"embeddable":true,"href":"https:\/\/www.eldiario.net\/portal\/wp-json\/wp\/v2\/comments?post=164519"}],"version-history":[{"count":0,"href":"https:\/\/www.eldiario.net\/portal\/wp-json\/wp\/v2\/posts\/164519\/revisions"}],"wp:featuredmedia":[{"embeddable":true,"href":"https:\/\/www.eldiario.net\/portal\/wp-json\/wp\/v2\/media\/164520"}],"wp:attachment":[{"href":"https:\/\/www.eldiario.net\/portal\/wp-json\/wp\/v2\/media?parent=164519"}],"wp:term":[{"taxonomy":"category","embeddable":true,"href":"https:\/\/www.eldiario.net\/portal\/wp-json\/wp\/v2\/categories?post=164519"},{"taxonomy":"post_tag","embeddable":true,"href":"https:\/\/www.eldiario.net\/portal\/wp-json\/wp\/v2\/tags?post=164519"}],"curies":[{"name":"wp","href":"https:\/\/api.w.org\/{rel}","templated":true}]}}