{"id":164516,"date":"2023-07-09T08:12:41","date_gmt":"2023-07-09T12:12:41","guid":{"rendered":"https:\/\/www.eldiario.net\/portal\/?p=164516"},"modified":"2023-07-09T08:12:41","modified_gmt":"2023-07-09T12:12:41","slug":"el-regreso-de-los-veteranos-de-la-franquicia","status":"publish","type":"post","link":"https:\/\/www.eldiario.net\/portal\/2023\/07\/09\/el-regreso-de-los-veteranos-de-la-franquicia\/","title":{"rendered":"El regreso de los veteranos de la franquicia"},"content":{"rendered":"<p>Para ayudar a Ethan en su batalla contra los bur\u00f3cratas y los malos est\u00e1 el equipo b\u00e1sico que conjunt\u00f3 en el curso de la franquicia. Desde el principio a su lado ha estado Luther Stickell, interpretado por Ving Rhames, el amigo m\u00e1s antiguo y confiable de Ethan, que es el legendario hacker y genio t\u00e9cnico del FMI, tambi\u00e9n conocido como Phinneas Freak, alias The Net Ranger, que lo ha acompa\u00f1ado en muchos peligrosos predicamentos.  El \u00fanico otro actor que particip\u00f3 en cada pel\u00edcula de Misi\u00f3n Imposible, Rhames es un \u201cverdadero veterano de la franquicia\u201d, dice McQuarrie.<br \/>\n\tEl otro genio tecnol\u00f3gico del equipo es Benji Dunn, encarnado por Simon Pegg, que se present\u00f3 en Misi\u00f3n Imposible III, primero como un t\u00e9cnico que trabajaba en casa en un cub\u00edculo, mientras que ahora arriesga rutinariamente su vida en el campo.<br \/>\n\u201cBenji se desarroll\u00f3 y se volvi\u00f3 algo equivalente a Luther y Ethan, as\u00ed que Sentencia Mortal lo lleva m\u00e1s lejos de lo que nunca hab\u00eda estado\u201d, a\u00f1ade<br \/>\nPor ejemplo, est\u00e1 la moralmente voluble Alanna Mitsopolis, interpretada por Vanessa Kirby, tambi\u00e9n conocida como La Viuda Blanca, que apareci\u00f3 en Fallout y es un personaje, en opini\u00f3n de Pegg, que nunca sabes bien c\u00f3mo descifrar.<br \/>\nY despu\u00e9s, por supuesto, en un elenco que fascin\u00f3 a los fans cuando se anunci\u00f3, Sentencia Mortal \u2013 Parte Uno ver\u00e1 el regreso de Eugene Kittridge, interpretado por Henry Czerny, de la cinta original de 1996. En esa pel\u00edcula Kittridge era un funcionario de una empresa gubernamental que acus\u00f3 err\u00f3neamente a Ethan Hunt de ser un infiltrado e hizo que un tanque de peces explotara sobre \u00e9l por sus problemas. En los a\u00f1os transcurridos ascendi\u00f3 para convertirse en director de la CIA, as\u00ed que reaparece para exigir a su antiguo adversario que \u201celija un lado\u201d en la guerra que potencialmente los espera.<br \/>\nOtra veterana de la franquicia que retorna en Sentencia Mortal \u2013 Parte Uno es Rebecca Ferguson, que se uni\u00f3 a la serie en la primera Misi\u00f3n que tuvo a McQuarrie como director, Rogue Nation, y pronto consolid\u00f3 su personaje de Ilsa Faust como una mujer integral y absorbente en este rompecabezas. La din\u00e1mica combativa y cercana de Ilsa con Ethan se transform\u00f3 al final de Fallout en lo que se siente como una conexi\u00f3n genuina.<\/p>\n","protected":false},"excerpt":{"rendered":"<p>Para ayudar a Ethan en su batalla contra los bur\u00f3cratas y los malos est\u00e1 el equipo b\u00e1sico que conjunt\u00f3 en el curso de la franquicia. Desde el principio a su lado ha estado Luther Stickell, interpretado por Ving Rhames, el amigo m\u00e1s antiguo y confiable de Ethan, que es el legendario hacker y genio t\u00e9cnico [&hellip;]<\/p>\n","protected":false},"author":1,"featured_media":164517,"comment_status":"closed","ping_status":"open","sticky":false,"template":"","format":"standard","meta":{"_acf_changed":false,"footnotes":""},"categories":[45],"tags":[],"class_list":["post-164516","post","type-post","status-publish","format-standard","has-post-thumbnail","category-cine-mundo"],"acf":{"antetitulo":""},"yoast_head":"<!-- This site is optimized with the Yoast SEO plugin v28.3 - https:\/\/yoast.com\/product\/yoast-seo-wordpress\/ -->\n<title>El regreso de los veteranos de la franquicia - El Diario - Bolivia<\/title>\n<meta name=\"robots\" content=\"index, follow, max-snippet:-1, max-image-preview:large, max-video-preview:-1\" \/>\n<link rel=\"canonical\" href=\"https:\/\/www.eldiario.net\/portal\/2023\/07\/09\/el-regreso-de-los-veteranos-de-la-franquicia\/\" \/>\n<meta property=\"og:locale\" content=\"es_ES\" \/>\n<meta property=\"og:type\" content=\"article\" \/>\n<meta property=\"og:title\" content=\"El regreso de los veteranos de la franquicia - El Diario - Bolivia\" \/>\n<meta property=\"og:description\" content=\"Para ayudar a Ethan en su batalla contra los bur\u00f3cratas y los malos est\u00e1 el equipo b\u00e1sico que conjunt\u00f3 en el curso de la franquicia. Desde el principio a su lado ha estado Luther Stickell, interpretado por Ving Rhames, el amigo m\u00e1s antiguo y confiable de Ethan, que es el legendario hacker y genio t\u00e9cnico [&hellip;]\" \/>\n<meta property=\"og:url\" content=\"https:\/\/www.eldiario.net\/portal\/2023\/07\/09\/el-regreso-de-los-veteranos-de-la-franquicia\/\" \/>\n<meta property=\"og:site_name\" content=\"El Diario - Bolivia\" \/>\n<meta property=\"article:publisher\" content=\"https:\/\/www.facebook.com\/eldiario.bolivia\/\" \/>\n<meta property=\"article:published_time\" content=\"2023-07-09T12:12:41+00:00\" \/>\n<meta property=\"og:image\" content=\"https:\/\/www.eldiario.net\/portal\/wp-content\/uploads\/2023\/07\/El-regreso-de-los-veteranos-de-la-franquicia-scaled-1.jpg\" \/>\n\t<meta property=\"og:image:width\" content=\"2560\" \/>\n\t<meta property=\"og:image:height\" content=\"1440\" \/>\n\t<meta property=\"og:image:type\" content=\"image\/jpeg\" \/>\n<meta name=\"author\" content=\"Jeanette\" \/>\n<meta name=\"twitter:card\" content=\"summary_large_image\" \/>\n<meta name=\"twitter:creator\" content=\"@eldiario_net\" \/>\n<meta name=\"twitter:site\" content=\"@eldiario_net\" \/>\n<meta name=\"twitter:label1\" content=\"Escrito por\" \/>\n\t<meta name=\"twitter:data1\" content=\"Jeanette\" \/>\n<script type=\"application\/ld+json\" class=\"yoast-schema-graph\">{\"@context\":\"https:\\\/\\\/schema.org\",\"@graph\":[{\"@type\":\"Article\",\"@id\":\"https:\\\/\\\/www.eldiario.net\\\/portal\\\/2023\\\/07\\\/09\\\/el-regreso-de-los-veteranos-de-la-franquicia\\\/#article\",\"isPartOf\":{\"@id\":\"https:\\\/\\\/www.eldiario.net\\\/portal\\\/2023\\\/07\\\/09\\\/el-regreso-de-los-veteranos-de-la-franquicia\\\/\"},\"author\":{\"name\":\"Jeanette\",\"@id\":\"https:\\\/\\\/www.eldiario.net\\\/portal\\\/#\\\/schema\\\/person\\\/f46445640444750d7d753ccd04ae01b7\"},\"headline\":\"El regreso de los veteranos de la franquicia\",\"datePublished\":\"2023-07-09T12:12:41+00:00\",\"mainEntityOfPage\":{\"@id\":\"https:\\\/\\\/www.eldiario.net\\\/portal\\\/2023\\\/07\\\/09\\\/el-regreso-de-los-veteranos-de-la-franquicia\\\/\"},\"wordCount\":407,\"publisher\":{\"@id\":\"https:\\\/\\\/www.eldiario.net\\\/portal\\\/#organization\"},\"image\":{\"@id\":\"https:\\\/\\\/www.eldiario.net\\\/portal\\\/2023\\\/07\\\/09\\\/el-regreso-de-los-veteranos-de-la-franquicia\\\/#primaryimage\"},\"thumbnailUrl\":\"https:\\\/\\\/www.eldiario.net\\\/portal\\\/wp-content\\\/uploads\\\/2023\\\/07\\\/El-regreso-de-los-veteranos-de-la-franquicia-scaled-1.jpg\",\"articleSection\":[\"Cine Mundo\"],\"inLanguage\":\"es\"},{\"@type\":\"WebPage\",\"@id\":\"https:\\\/\\\/www.eldiario.net\\\/portal\\\/2023\\\/07\\\/09\\\/el-regreso-de-los-veteranos-de-la-franquicia\\\/\",\"url\":\"https:\\\/\\\/www.eldiario.net\\\/portal\\\/2023\\\/07\\\/09\\\/el-regreso-de-los-veteranos-de-la-franquicia\\\/\",\"name\":\"El regreso de los veteranos de la franquicia - El Diario - Bolivia\",\"isPartOf\":{\"@id\":\"https:\\\/\\\/www.eldiario.net\\\/portal\\\/#website\"},\"primaryImageOfPage\":{\"@id\":\"https:\\\/\\\/www.eldiario.net\\\/portal\\\/2023\\\/07\\\/09\\\/el-regreso-de-los-veteranos-de-la-franquicia\\\/#primaryimage\"},\"image\":{\"@id\":\"https:\\\/\\\/www.eldiario.net\\\/portal\\\/2023\\\/07\\\/09\\\/el-regreso-de-los-veteranos-de-la-franquicia\\\/#primaryimage\"},\"thumbnailUrl\":\"https:\\\/\\\/www.eldiario.net\\\/portal\\\/wp-content\\\/uploads\\\/2023\\\/07\\\/El-regreso-de-los-veteranos-de-la-franquicia-scaled-1.jpg\",\"datePublished\":\"2023-07-09T12:12:41+00:00\",\"breadcrumb\":{\"@id\":\"https:\\\/\\\/www.eldiario.net\\\/portal\\\/2023\\\/07\\\/09\\\/el-regreso-de-los-veteranos-de-la-franquicia\\\/#breadcrumb\"},\"inLanguage\":\"es\",\"potentialAction\":[{\"@type\":\"ReadAction\",\"target\":[\"https:\\\/\\\/www.eldiario.net\\\/portal\\\/2023\\\/07\\\/09\\\/el-regreso-de-los-veteranos-de-la-franquicia\\\/\"]}]},{\"@type\":\"ImageObject\",\"inLanguage\":\"es\",\"@id\":\"https:\\\/\\\/www.eldiario.net\\\/portal\\\/2023\\\/07\\\/09\\\/el-regreso-de-los-veteranos-de-la-franquicia\\\/#primaryimage\",\"url\":\"https:\\\/\\\/www.eldiario.net\\\/portal\\\/wp-content\\\/uploads\\\/2023\\\/07\\\/El-regreso-de-los-veteranos-de-la-franquicia-scaled-1.jpg\",\"contentUrl\":\"https:\\\/\\\/www.eldiario.net\\\/portal\\\/wp-content\\\/uploads\\\/2023\\\/07\\\/El-regreso-de-los-veteranos-de-la-franquicia-scaled-1.jpg\",\"width\":2560,\"height\":1440},{\"@type\":\"BreadcrumbList\",\"@id\":\"https:\\\/\\\/www.eldiario.net\\\/portal\\\/2023\\\/07\\\/09\\\/el-regreso-de-los-veteranos-de-la-franquicia\\\/#breadcrumb\",\"itemListElement\":[{\"@type\":\"ListItem\",\"position\":1,\"name\":\"Portada\",\"item\":\"https:\\\/\\\/www.eldiario.net\\\/portal\\\/\"},{\"@type\":\"ListItem\",\"position\":2,\"name\":\"El regreso de los veteranos de la franquicia\"}]},{\"@type\":\"WebSite\",\"@id\":\"https:\\\/\\\/www.eldiario.net\\\/portal\\\/#website\",\"url\":\"https:\\\/\\\/www.eldiario.net\\\/portal\\\/\",\"name\":\"El Diario - Decano de la prensa nacional\",\"description\":\"El Diario - Decano de la prensa nacional\",\"publisher\":{\"@id\":\"https:\\\/\\\/www.eldiario.net\\\/portal\\\/#organization\"},\"potentialAction\":[{\"@type\":\"SearchAction\",\"target\":{\"@type\":\"EntryPoint\",\"urlTemplate\":\"https:\\\/\\\/www.eldiario.net\\\/portal\\\/?s={search_term_string}\"},\"query-input\":{\"@type\":\"PropertyValueSpecification\",\"valueRequired\":true,\"valueName\":\"search_term_string\"}}],\"inLanguage\":\"es\"},{\"@type\":\"Organization\",\"@id\":\"https:\\\/\\\/www.eldiario.net\\\/portal\\\/#organization\",\"name\":\"El Diario - Decano de la prensa nacional\",\"url\":\"https:\\\/\\\/www.eldiario.net\\\/portal\\\/\",\"logo\":{\"@type\":\"ImageObject\",\"inLanguage\":\"es\",\"@id\":\"https:\\\/\\\/www.eldiario.net\\\/portal\\\/#\\\/schema\\\/logo\\\/image\\\/\",\"url\":\"https:\\\/\\\/www.eldiario.net\\\/portal\\\/wp-content\\\/uploads\\\/2023\\\/07\\\/logo_ED.jpg\",\"contentUrl\":\"https:\\\/\\\/www.eldiario.net\\\/portal\\\/wp-content\\\/uploads\\\/2023\\\/07\\\/logo_ED.jpg\",\"width\":272,\"height\":52,\"caption\":\"El Diario - Decano de la prensa nacional\"},\"image\":{\"@id\":\"https:\\\/\\\/www.eldiario.net\\\/portal\\\/#\\\/schema\\\/logo\\\/image\\\/\"},\"sameAs\":[\"https:\\\/\\\/www.facebook.com\\\/eldiario.bolivia\\\/\",\"https:\\\/\\\/x.com\\\/eldiario_net\"]},{\"@type\":\"Person\",\"@id\":\"https:\\\/\\\/www.eldiario.net\\\/portal\\\/#\\\/schema\\\/person\\\/f46445640444750d7d753ccd04ae01b7\",\"name\":\"Jeanette\",\"image\":{\"@type\":\"ImageObject\",\"inLanguage\":\"es\",\"@id\":\"https:\\\/\\\/secure.gravatar.com\\\/avatar\\\/3ea2118a5f7dad2b7138b1187a6b7ee55f160b9968b66013c3a3ef39dd7e5798?s=96&d=mm&r=g\",\"url\":\"https:\\\/\\\/secure.gravatar.com\\\/avatar\\\/3ea2118a5f7dad2b7138b1187a6b7ee55f160b9968b66013c3a3ef39dd7e5798?s=96&d=mm&r=g\",\"contentUrl\":\"https:\\\/\\\/secure.gravatar.com\\\/avatar\\\/3ea2118a5f7dad2b7138b1187a6b7ee55f160b9968b66013c3a3ef39dd7e5798?s=96&d=mm&r=g\",\"caption\":\"Jeanette\"},\"sameAs\":[\"https:\\\/\\\/www.eldiario.net\\\/portal\"],\"url\":\"https:\\\/\\\/www.eldiario.net\\\/portal\\\/author\\\/jeanette\\\/\"}]}<\/script>\n<!-- \/ Yoast SEO plugin. -->","yoast_head_json":{"title":"El regreso de los veteranos de la franquicia - El Diario - Bolivia","robots":{"index":"index","follow":"follow","max-snippet":"max-snippet:-1","max-image-preview":"max-image-preview:large","max-video-preview":"max-video-preview:-1"},"canonical":"https:\/\/www.eldiario.net\/portal\/2023\/07\/09\/el-regreso-de-los-veteranos-de-la-franquicia\/","og_locale":"es_ES","og_type":"article","og_title":"El regreso de los veteranos de la franquicia - El Diario - Bolivia","og_description":"Para ayudar a Ethan en su batalla contra los bur\u00f3cratas y los malos est\u00e1 el equipo b\u00e1sico que conjunt\u00f3 en el curso de la franquicia. Desde el principio a su lado ha estado Luther Stickell, interpretado por Ving Rhames, el amigo m\u00e1s antiguo y confiable de Ethan, que es el legendario hacker y genio t\u00e9cnico [&hellip;]","og_url":"https:\/\/www.eldiario.net\/portal\/2023\/07\/09\/el-regreso-de-los-veteranos-de-la-franquicia\/","og_site_name":"El Diario - Bolivia","article_publisher":"https:\/\/www.facebook.com\/eldiario.bolivia\/","article_published_time":"2023-07-09T12:12:41+00:00","og_image":[{"width":2560,"height":1440,"url":"https:\/\/www.eldiario.net\/portal\/wp-content\/uploads\/2023\/07\/El-regreso-de-los-veteranos-de-la-franquicia-scaled-1.jpg","type":"image\/jpeg"}],"author":"Jeanette","twitter_card":"summary_large_image","twitter_creator":"@eldiario_net","twitter_site":"@eldiario_net","twitter_misc":{"Escrito por":"Jeanette"},"schema":{"@context":"https:\/\/schema.org","@graph":[{"@type":"Article","@id":"https:\/\/www.eldiario.net\/portal\/2023\/07\/09\/el-regreso-de-los-veteranos-de-la-franquicia\/#article","isPartOf":{"@id":"https:\/\/www.eldiario.net\/portal\/2023\/07\/09\/el-regreso-de-los-veteranos-de-la-franquicia\/"},"author":{"name":"Jeanette","@id":"https:\/\/www.eldiario.net\/portal\/#\/schema\/person\/f46445640444750d7d753ccd04ae01b7"},"headline":"El regreso de los veteranos de la franquicia","datePublished":"2023-07-09T12:12:41+00:00","mainEntityOfPage":{"@id":"https:\/\/www.eldiario.net\/portal\/2023\/07\/09\/el-regreso-de-los-veteranos-de-la-franquicia\/"},"wordCount":407,"publisher":{"@id":"https:\/\/www.eldiario.net\/portal\/#organization"},"image":{"@id":"https:\/\/www.eldiario.net\/portal\/2023\/07\/09\/el-regreso-de-los-veteranos-de-la-franquicia\/#primaryimage"},"thumbnailUrl":"https:\/\/www.eldiario.net\/portal\/wp-content\/uploads\/2023\/07\/El-regreso-de-los-veteranos-de-la-franquicia-scaled-1.jpg","articleSection":["Cine Mundo"],"inLanguage":"es"},{"@type":"WebPage","@id":"https:\/\/www.eldiario.net\/portal\/2023\/07\/09\/el-regreso-de-los-veteranos-de-la-franquicia\/","url":"https:\/\/www.eldiario.net\/portal\/2023\/07\/09\/el-regreso-de-los-veteranos-de-la-franquicia\/","name":"El regreso de los veteranos de la franquicia - El Diario - Bolivia","isPartOf":{"@id":"https:\/\/www.eldiario.net\/portal\/#website"},"primaryImageOfPage":{"@id":"https:\/\/www.eldiario.net\/portal\/2023\/07\/09\/el-regreso-de-los-veteranos-de-la-franquicia\/#primaryimage"},"image":{"@id":"https:\/\/www.eldiario.net\/portal\/2023\/07\/09\/el-regreso-de-los-veteranos-de-la-franquicia\/#primaryimage"},"thumbnailUrl":"https:\/\/www.eldiario.net\/portal\/wp-content\/uploads\/2023\/07\/El-regreso-de-los-veteranos-de-la-franquicia-scaled-1.jpg","datePublished":"2023-07-09T12:12:41+00:00","breadcrumb":{"@id":"https:\/\/www.eldiario.net\/portal\/2023\/07\/09\/el-regreso-de-los-veteranos-de-la-franquicia\/#breadcrumb"},"inLanguage":"es","potentialAction":[{"@type":"ReadAction","target":["https:\/\/www.eldiario.net\/portal\/2023\/07\/09\/el-regreso-de-los-veteranos-de-la-franquicia\/"]}]},{"@type":"ImageObject","inLanguage":"es","@id":"https:\/\/www.eldiario.net\/portal\/2023\/07\/09\/el-regreso-de-los-veteranos-de-la-franquicia\/#primaryimage","url":"https:\/\/www.eldiario.net\/portal\/wp-content\/uploads\/2023\/07\/El-regreso-de-los-veteranos-de-la-franquicia-scaled-1.jpg","contentUrl":"https:\/\/www.eldiario.net\/portal\/wp-content\/uploads\/2023\/07\/El-regreso-de-los-veteranos-de-la-franquicia-scaled-1.jpg","width":2560,"height":1440},{"@type":"BreadcrumbList","@id":"https:\/\/www.eldiario.net\/portal\/2023\/07\/09\/el-regreso-de-los-veteranos-de-la-franquicia\/#breadcrumb","itemListElement":[{"@type":"ListItem","position":1,"name":"Portada","item":"https:\/\/www.eldiario.net\/portal\/"},{"@type":"ListItem","position":2,"name":"El regreso de los veteranos de la franquicia"}]},{"@type":"WebSite","@id":"https:\/\/www.eldiario.net\/portal\/#website","url":"https:\/\/www.eldiario.net\/portal\/","name":"El Diario - Decano de la prensa nacional","description":"El Diario - Decano de la prensa nacional","publisher":{"@id":"https:\/\/www.eldiario.net\/portal\/#organization"},"potentialAction":[{"@type":"SearchAction","target":{"@type":"EntryPoint","urlTemplate":"https:\/\/www.eldiario.net\/portal\/?s={search_term_string}"},"query-input":{"@type":"PropertyValueSpecification","valueRequired":true,"valueName":"search_term_string"}}],"inLanguage":"es"},{"@type":"Organization","@id":"https:\/\/www.eldiario.net\/portal\/#organization","name":"El Diario - Decano de la prensa nacional","url":"https:\/\/www.eldiario.net\/portal\/","logo":{"@type":"ImageObject","inLanguage":"es","@id":"https:\/\/www.eldiario.net\/portal\/#\/schema\/logo\/image\/","url":"https:\/\/www.eldiario.net\/portal\/wp-content\/uploads\/2023\/07\/logo_ED.jpg","contentUrl":"https:\/\/www.eldiario.net\/portal\/wp-content\/uploads\/2023\/07\/logo_ED.jpg","width":272,"height":52,"caption":"El Diario - Decano de la prensa nacional"},"image":{"@id":"https:\/\/www.eldiario.net\/portal\/#\/schema\/logo\/image\/"},"sameAs":["https:\/\/www.facebook.com\/eldiario.bolivia\/","https:\/\/x.com\/eldiario_net"]},{"@type":"Person","@id":"https:\/\/www.eldiario.net\/portal\/#\/schema\/person\/f46445640444750d7d753ccd04ae01b7","name":"Jeanette","image":{"@type":"ImageObject","inLanguage":"es","@id":"https:\/\/secure.gravatar.com\/avatar\/3ea2118a5f7dad2b7138b1187a6b7ee55f160b9968b66013c3a3ef39dd7e5798?s=96&d=mm&r=g","url":"https:\/\/secure.gravatar.com\/avatar\/3ea2118a5f7dad2b7138b1187a6b7ee55f160b9968b66013c3a3ef39dd7e5798?s=96&d=mm&r=g","contentUrl":"https:\/\/secure.gravatar.com\/avatar\/3ea2118a5f7dad2b7138b1187a6b7ee55f160b9968b66013c3a3ef39dd7e5798?s=96&d=mm&r=g","caption":"Jeanette"},"sameAs":["https:\/\/www.eldiario.net\/portal"],"url":"https:\/\/www.eldiario.net\/portal\/author\/jeanette\/"}]}},"_links":{"self":[{"href":"https:\/\/www.eldiario.net\/portal\/wp-json\/wp\/v2\/posts\/164516","targetHints":{"allow":["GET"]}}],"collection":[{"href":"https:\/\/www.eldiario.net\/portal\/wp-json\/wp\/v2\/posts"}],"about":[{"href":"https:\/\/www.eldiario.net\/portal\/wp-json\/wp\/v2\/types\/post"}],"author":[{"embeddable":true,"href":"https:\/\/www.eldiario.net\/portal\/wp-json\/wp\/v2\/users\/1"}],"replies":[{"embeddable":true,"href":"https:\/\/www.eldiario.net\/portal\/wp-json\/wp\/v2\/comments?post=164516"}],"version-history":[{"count":0,"href":"https:\/\/www.eldiario.net\/portal\/wp-json\/wp\/v2\/posts\/164516\/revisions"}],"wp:featuredmedia":[{"embeddable":true,"href":"https:\/\/www.eldiario.net\/portal\/wp-json\/wp\/v2\/media\/164517"}],"wp:attachment":[{"href":"https:\/\/www.eldiario.net\/portal\/wp-json\/wp\/v2\/media?parent=164516"}],"wp:term":[{"taxonomy":"category","embeddable":true,"href":"https:\/\/www.eldiario.net\/portal\/wp-json\/wp\/v2\/categories?post=164516"},{"taxonomy":"post_tag","embeddable":true,"href":"https:\/\/www.eldiario.net\/portal\/wp-json\/wp\/v2\/tags?post=164516"}],"curies":[{"name":"wp","href":"https:\/\/api.w.org\/{rel}","templated":true}]}}