{"id":164513,"date":"2023-07-09T08:11:42","date_gmt":"2023-07-09T12:11:42","guid":{"rendered":"https:\/\/www.eldiario.net\/portal\/?p=164513"},"modified":"2023-07-09T08:11:42","modified_gmt":"2023-07-09T12:11:42","slug":"gran-tsunami-desastre-a-gran-escala","status":"publish","type":"post","link":"https:\/\/www.eldiario.net\/portal\/2023\/07\/09\/gran-tsunami-desastre-a-gran-escala\/","title":{"rendered":"GRAN TSUNAMI: DESASTRE A GRAN ESCALA"},"content":{"rendered":"<p>Gran Tsunami: Desastre a gran escala es una mezcla emocionante de acci\u00f3n, aventura y suspenso. La trama es interesante que mantiene al espectador en vilo de principio a fin. La cinta fue dirigida por Zhou Jiu Qin y protagonizada por Fei Rong, Wang Ying Lu y Daniella Wang.<br \/>\nLa pel\u00edcula cuenta la historia de un grupo de amigos que se embarcan en un viaje a una isla remota para pasar el fin de semana. Despu\u00e9s de encontrar una antigua reliquia, el grupo de amigos descubre que la isla est\u00e1 siendo amenazada por un tsunami.<br \/>\nLa trama se desarrolla en la comunidad china (Chinatown) en alg\u00fan lugar del sudeste asi\u00e1tico, donde Jiang Peng y su hija quedan atrapados debido a un tsunami que ocurri\u00f3 sin ninguna se\u00f1al previa. Lo que no saben es que este tsunami es m\u00e1s que solo agua: trae consigo un cocodrilo gigante y muy peligroso porque tiene hambre de carne humana.<br \/>\nPadre e hija, junto a los otros habitantes, tienen que luchar contra el terrible monstruo por su vida. Sin embargo, tras esta calamidad, estos dos personajes descubrir\u00e1n secretos a\u00fan m\u00e1s terror\u00edficos que han sido provocados por el hombre y no por un desastre natural. <\/p>\n","protected":false},"excerpt":{"rendered":"<p>Gran Tsunami: Desastre a gran escala es una mezcla emocionante de acci\u00f3n, aventura y suspenso. La trama es interesante que mantiene al espectador en vilo de principio a fin. La cinta fue dirigida por Zhou Jiu Qin y protagonizada por Fei Rong, Wang Ying Lu y Daniella Wang. La pel\u00edcula cuenta la historia de un [&hellip;]<\/p>\n","protected":false},"author":1,"featured_media":164514,"comment_status":"closed","ping_status":"open","sticky":false,"template":"","format":"standard","meta":{"_acf_changed":false,"footnotes":""},"categories":[45],"tags":[],"class_list":["post-164513","post","type-post","status-publish","format-standard","has-post-thumbnail","category-cine-mundo"],"acf":{"antetitulo":""},"yoast_head":"<!-- This site is optimized with the Yoast SEO plugin v28.3 - https:\/\/yoast.com\/product\/yoast-seo-wordpress\/ -->\n<title>GRAN TSUNAMI: DESASTRE A GRAN ESCALA - El Diario - Bolivia<\/title>\n<meta name=\"robots\" content=\"index, follow, max-snippet:-1, max-image-preview:large, max-video-preview:-1\" \/>\n<link rel=\"canonical\" href=\"https:\/\/www.eldiario.net\/portal\/2023\/07\/09\/gran-tsunami-desastre-a-gran-escala\/\" \/>\n<meta property=\"og:locale\" content=\"es_ES\" \/>\n<meta property=\"og:type\" content=\"article\" \/>\n<meta property=\"og:title\" content=\"GRAN TSUNAMI: DESASTRE A GRAN ESCALA - El Diario - Bolivia\" \/>\n<meta property=\"og:description\" content=\"Gran Tsunami: Desastre a gran escala es una mezcla emocionante de acci\u00f3n, aventura y suspenso. La trama es interesante que mantiene al espectador en vilo de principio a fin. La cinta fue dirigida por Zhou Jiu Qin y protagonizada por Fei Rong, Wang Ying Lu y Daniella Wang. La pel\u00edcula cuenta la historia de un [&hellip;]\" \/>\n<meta property=\"og:url\" content=\"https:\/\/www.eldiario.net\/portal\/2023\/07\/09\/gran-tsunami-desastre-a-gran-escala\/\" \/>\n<meta property=\"og:site_name\" content=\"El Diario - Bolivia\" \/>\n<meta property=\"article:publisher\" content=\"https:\/\/www.facebook.com\/eldiario.bolivia\/\" \/>\n<meta property=\"article:published_time\" content=\"2023-07-09T12:11:42+00:00\" \/>\n<meta property=\"og:image\" content=\"https:\/\/www.eldiario.net\/portal\/wp-content\/uploads\/2023\/07\/GRAN-TSUNAMI-DESASTRE-A-GRAN-ESCALA-\u2013-Accion-aventura-y-suspenso.jpg\" \/>\n\t<meta property=\"og:image:width\" content=\"2560\" \/>\n\t<meta property=\"og:image:height\" content=\"1089\" \/>\n\t<meta property=\"og:image:type\" content=\"image\/jpeg\" \/>\n<meta name=\"author\" content=\"Jeanette\" \/>\n<meta name=\"twitter:card\" content=\"summary_large_image\" \/>\n<meta name=\"twitter:creator\" content=\"@eldiario_net\" \/>\n<meta name=\"twitter:site\" content=\"@eldiario_net\" \/>\n<meta name=\"twitter:label1\" content=\"Escrito por\" \/>\n\t<meta name=\"twitter:data1\" content=\"Jeanette\" \/>\n<script type=\"application\/ld+json\" class=\"yoast-schema-graph\">{\"@context\":\"https:\\\/\\\/schema.org\",\"@graph\":[{\"@type\":\"Article\",\"@id\":\"https:\\\/\\\/www.eldiario.net\\\/portal\\\/2023\\\/07\\\/09\\\/gran-tsunami-desastre-a-gran-escala\\\/#article\",\"isPartOf\":{\"@id\":\"https:\\\/\\\/www.eldiario.net\\\/portal\\\/2023\\\/07\\\/09\\\/gran-tsunami-desastre-a-gran-escala\\\/\"},\"author\":{\"name\":\"Jeanette\",\"@id\":\"https:\\\/\\\/www.eldiario.net\\\/portal\\\/#\\\/schema\\\/person\\\/f46445640444750d7d753ccd04ae01b7\"},\"headline\":\"GRAN TSUNAMI: DESASTRE A GRAN ESCALA\",\"datePublished\":\"2023-07-09T12:11:42+00:00\",\"mainEntityOfPage\":{\"@id\":\"https:\\\/\\\/www.eldiario.net\\\/portal\\\/2023\\\/07\\\/09\\\/gran-tsunami-desastre-a-gran-escala\\\/\"},\"wordCount\":215,\"publisher\":{\"@id\":\"https:\\\/\\\/www.eldiario.net\\\/portal\\\/#organization\"},\"image\":{\"@id\":\"https:\\\/\\\/www.eldiario.net\\\/portal\\\/2023\\\/07\\\/09\\\/gran-tsunami-desastre-a-gran-escala\\\/#primaryimage\"},\"thumbnailUrl\":\"https:\\\/\\\/www.eldiario.net\\\/portal\\\/wp-content\\\/uploads\\\/2023\\\/07\\\/GRAN-TSUNAMI-DESASTRE-A-GRAN-ESCALA-\u2013-Accion-aventura-y-suspenso.jpg\",\"articleSection\":[\"Cine Mundo\"],\"inLanguage\":\"es\"},{\"@type\":\"WebPage\",\"@id\":\"https:\\\/\\\/www.eldiario.net\\\/portal\\\/2023\\\/07\\\/09\\\/gran-tsunami-desastre-a-gran-escala\\\/\",\"url\":\"https:\\\/\\\/www.eldiario.net\\\/portal\\\/2023\\\/07\\\/09\\\/gran-tsunami-desastre-a-gran-escala\\\/\",\"name\":\"GRAN TSUNAMI: DESASTRE A GRAN ESCALA - El Diario - Bolivia\",\"isPartOf\":{\"@id\":\"https:\\\/\\\/www.eldiario.net\\\/portal\\\/#website\"},\"primaryImageOfPage\":{\"@id\":\"https:\\\/\\\/www.eldiario.net\\\/portal\\\/2023\\\/07\\\/09\\\/gran-tsunami-desastre-a-gran-escala\\\/#primaryimage\"},\"image\":{\"@id\":\"https:\\\/\\\/www.eldiario.net\\\/portal\\\/2023\\\/07\\\/09\\\/gran-tsunami-desastre-a-gran-escala\\\/#primaryimage\"},\"thumbnailUrl\":\"https:\\\/\\\/www.eldiario.net\\\/portal\\\/wp-content\\\/uploads\\\/2023\\\/07\\\/GRAN-TSUNAMI-DESASTRE-A-GRAN-ESCALA-\u2013-Accion-aventura-y-suspenso.jpg\",\"datePublished\":\"2023-07-09T12:11:42+00:00\",\"breadcrumb\":{\"@id\":\"https:\\\/\\\/www.eldiario.net\\\/portal\\\/2023\\\/07\\\/09\\\/gran-tsunami-desastre-a-gran-escala\\\/#breadcrumb\"},\"inLanguage\":\"es\",\"potentialAction\":[{\"@type\":\"ReadAction\",\"target\":[\"https:\\\/\\\/www.eldiario.net\\\/portal\\\/2023\\\/07\\\/09\\\/gran-tsunami-desastre-a-gran-escala\\\/\"]}]},{\"@type\":\"ImageObject\",\"inLanguage\":\"es\",\"@id\":\"https:\\\/\\\/www.eldiario.net\\\/portal\\\/2023\\\/07\\\/09\\\/gran-tsunami-desastre-a-gran-escala\\\/#primaryimage\",\"url\":\"https:\\\/\\\/www.eldiario.net\\\/portal\\\/wp-content\\\/uploads\\\/2023\\\/07\\\/GRAN-TSUNAMI-DESASTRE-A-GRAN-ESCALA-\u2013-Accion-aventura-y-suspenso.jpg\",\"contentUrl\":\"https:\\\/\\\/www.eldiario.net\\\/portal\\\/wp-content\\\/uploads\\\/2023\\\/07\\\/GRAN-TSUNAMI-DESASTRE-A-GRAN-ESCALA-\u2013-Accion-aventura-y-suspenso.jpg\",\"width\":2560,\"height\":1089},{\"@type\":\"BreadcrumbList\",\"@id\":\"https:\\\/\\\/www.eldiario.net\\\/portal\\\/2023\\\/07\\\/09\\\/gran-tsunami-desastre-a-gran-escala\\\/#breadcrumb\",\"itemListElement\":[{\"@type\":\"ListItem\",\"position\":1,\"name\":\"Portada\",\"item\":\"https:\\\/\\\/www.eldiario.net\\\/portal\\\/\"},{\"@type\":\"ListItem\",\"position\":2,\"name\":\"GRAN TSUNAMI: DESASTRE A GRAN ESCALA\"}]},{\"@type\":\"WebSite\",\"@id\":\"https:\\\/\\\/www.eldiario.net\\\/portal\\\/#website\",\"url\":\"https:\\\/\\\/www.eldiario.net\\\/portal\\\/\",\"name\":\"El Diario - Decano de la prensa nacional\",\"description\":\"El Diario - Decano de la prensa nacional\",\"publisher\":{\"@id\":\"https:\\\/\\\/www.eldiario.net\\\/portal\\\/#organization\"},\"potentialAction\":[{\"@type\":\"SearchAction\",\"target\":{\"@type\":\"EntryPoint\",\"urlTemplate\":\"https:\\\/\\\/www.eldiario.net\\\/portal\\\/?s={search_term_string}\"},\"query-input\":{\"@type\":\"PropertyValueSpecification\",\"valueRequired\":true,\"valueName\":\"search_term_string\"}}],\"inLanguage\":\"es\"},{\"@type\":\"Organization\",\"@id\":\"https:\\\/\\\/www.eldiario.net\\\/portal\\\/#organization\",\"name\":\"El Diario - Decano de la prensa nacional\",\"url\":\"https:\\\/\\\/www.eldiario.net\\\/portal\\\/\",\"logo\":{\"@type\":\"ImageObject\",\"inLanguage\":\"es\",\"@id\":\"https:\\\/\\\/www.eldiario.net\\\/portal\\\/#\\\/schema\\\/logo\\\/image\\\/\",\"url\":\"https:\\\/\\\/www.eldiario.net\\\/portal\\\/wp-content\\\/uploads\\\/2023\\\/07\\\/logo_ED.jpg\",\"contentUrl\":\"https:\\\/\\\/www.eldiario.net\\\/portal\\\/wp-content\\\/uploads\\\/2023\\\/07\\\/logo_ED.jpg\",\"width\":272,\"height\":52,\"caption\":\"El Diario - Decano de la prensa nacional\"},\"image\":{\"@id\":\"https:\\\/\\\/www.eldiario.net\\\/portal\\\/#\\\/schema\\\/logo\\\/image\\\/\"},\"sameAs\":[\"https:\\\/\\\/www.facebook.com\\\/eldiario.bolivia\\\/\",\"https:\\\/\\\/x.com\\\/eldiario_net\"]},{\"@type\":\"Person\",\"@id\":\"https:\\\/\\\/www.eldiario.net\\\/portal\\\/#\\\/schema\\\/person\\\/f46445640444750d7d753ccd04ae01b7\",\"name\":\"Jeanette\",\"image\":{\"@type\":\"ImageObject\",\"inLanguage\":\"es\",\"@id\":\"https:\\\/\\\/secure.gravatar.com\\\/avatar\\\/3ea2118a5f7dad2b7138b1187a6b7ee55f160b9968b66013c3a3ef39dd7e5798?s=96&d=mm&r=g\",\"url\":\"https:\\\/\\\/secure.gravatar.com\\\/avatar\\\/3ea2118a5f7dad2b7138b1187a6b7ee55f160b9968b66013c3a3ef39dd7e5798?s=96&d=mm&r=g\",\"contentUrl\":\"https:\\\/\\\/secure.gravatar.com\\\/avatar\\\/3ea2118a5f7dad2b7138b1187a6b7ee55f160b9968b66013c3a3ef39dd7e5798?s=96&d=mm&r=g\",\"caption\":\"Jeanette\"},\"sameAs\":[\"https:\\\/\\\/www.eldiario.net\\\/portal\"],\"url\":\"https:\\\/\\\/www.eldiario.net\\\/portal\\\/author\\\/jeanette\\\/\"}]}<\/script>\n<!-- \/ Yoast SEO plugin. -->","yoast_head_json":{"title":"GRAN TSUNAMI: DESASTRE A GRAN ESCALA - El Diario - Bolivia","robots":{"index":"index","follow":"follow","max-snippet":"max-snippet:-1","max-image-preview":"max-image-preview:large","max-video-preview":"max-video-preview:-1"},"canonical":"https:\/\/www.eldiario.net\/portal\/2023\/07\/09\/gran-tsunami-desastre-a-gran-escala\/","og_locale":"es_ES","og_type":"article","og_title":"GRAN TSUNAMI: DESASTRE A GRAN ESCALA - El Diario - Bolivia","og_description":"Gran Tsunami: Desastre a gran escala es una mezcla emocionante de acci\u00f3n, aventura y suspenso. La trama es interesante que mantiene al espectador en vilo de principio a fin. La cinta fue dirigida por Zhou Jiu Qin y protagonizada por Fei Rong, Wang Ying Lu y Daniella Wang. La pel\u00edcula cuenta la historia de un [&hellip;]","og_url":"https:\/\/www.eldiario.net\/portal\/2023\/07\/09\/gran-tsunami-desastre-a-gran-escala\/","og_site_name":"El Diario - Bolivia","article_publisher":"https:\/\/www.facebook.com\/eldiario.bolivia\/","article_published_time":"2023-07-09T12:11:42+00:00","og_image":[{"width":2560,"height":1089,"url":"https:\/\/www.eldiario.net\/portal\/wp-content\/uploads\/2023\/07\/GRAN-TSUNAMI-DESASTRE-A-GRAN-ESCALA-\u2013-Accion-aventura-y-suspenso.jpg","type":"image\/jpeg"}],"author":"Jeanette","twitter_card":"summary_large_image","twitter_creator":"@eldiario_net","twitter_site":"@eldiario_net","twitter_misc":{"Escrito por":"Jeanette"},"schema":{"@context":"https:\/\/schema.org","@graph":[{"@type":"Article","@id":"https:\/\/www.eldiario.net\/portal\/2023\/07\/09\/gran-tsunami-desastre-a-gran-escala\/#article","isPartOf":{"@id":"https:\/\/www.eldiario.net\/portal\/2023\/07\/09\/gran-tsunami-desastre-a-gran-escala\/"},"author":{"name":"Jeanette","@id":"https:\/\/www.eldiario.net\/portal\/#\/schema\/person\/f46445640444750d7d753ccd04ae01b7"},"headline":"GRAN TSUNAMI: DESASTRE A GRAN ESCALA","datePublished":"2023-07-09T12:11:42+00:00","mainEntityOfPage":{"@id":"https:\/\/www.eldiario.net\/portal\/2023\/07\/09\/gran-tsunami-desastre-a-gran-escala\/"},"wordCount":215,"publisher":{"@id":"https:\/\/www.eldiario.net\/portal\/#organization"},"image":{"@id":"https:\/\/www.eldiario.net\/portal\/2023\/07\/09\/gran-tsunami-desastre-a-gran-escala\/#primaryimage"},"thumbnailUrl":"https:\/\/www.eldiario.net\/portal\/wp-content\/uploads\/2023\/07\/GRAN-TSUNAMI-DESASTRE-A-GRAN-ESCALA-\u2013-Accion-aventura-y-suspenso.jpg","articleSection":["Cine Mundo"],"inLanguage":"es"},{"@type":"WebPage","@id":"https:\/\/www.eldiario.net\/portal\/2023\/07\/09\/gran-tsunami-desastre-a-gran-escala\/","url":"https:\/\/www.eldiario.net\/portal\/2023\/07\/09\/gran-tsunami-desastre-a-gran-escala\/","name":"GRAN TSUNAMI: DESASTRE A GRAN ESCALA - El Diario - Bolivia","isPartOf":{"@id":"https:\/\/www.eldiario.net\/portal\/#website"},"primaryImageOfPage":{"@id":"https:\/\/www.eldiario.net\/portal\/2023\/07\/09\/gran-tsunami-desastre-a-gran-escala\/#primaryimage"},"image":{"@id":"https:\/\/www.eldiario.net\/portal\/2023\/07\/09\/gran-tsunami-desastre-a-gran-escala\/#primaryimage"},"thumbnailUrl":"https:\/\/www.eldiario.net\/portal\/wp-content\/uploads\/2023\/07\/GRAN-TSUNAMI-DESASTRE-A-GRAN-ESCALA-\u2013-Accion-aventura-y-suspenso.jpg","datePublished":"2023-07-09T12:11:42+00:00","breadcrumb":{"@id":"https:\/\/www.eldiario.net\/portal\/2023\/07\/09\/gran-tsunami-desastre-a-gran-escala\/#breadcrumb"},"inLanguage":"es","potentialAction":[{"@type":"ReadAction","target":["https:\/\/www.eldiario.net\/portal\/2023\/07\/09\/gran-tsunami-desastre-a-gran-escala\/"]}]},{"@type":"ImageObject","inLanguage":"es","@id":"https:\/\/www.eldiario.net\/portal\/2023\/07\/09\/gran-tsunami-desastre-a-gran-escala\/#primaryimage","url":"https:\/\/www.eldiario.net\/portal\/wp-content\/uploads\/2023\/07\/GRAN-TSUNAMI-DESASTRE-A-GRAN-ESCALA-\u2013-Accion-aventura-y-suspenso.jpg","contentUrl":"https:\/\/www.eldiario.net\/portal\/wp-content\/uploads\/2023\/07\/GRAN-TSUNAMI-DESASTRE-A-GRAN-ESCALA-\u2013-Accion-aventura-y-suspenso.jpg","width":2560,"height":1089},{"@type":"BreadcrumbList","@id":"https:\/\/www.eldiario.net\/portal\/2023\/07\/09\/gran-tsunami-desastre-a-gran-escala\/#breadcrumb","itemListElement":[{"@type":"ListItem","position":1,"name":"Portada","item":"https:\/\/www.eldiario.net\/portal\/"},{"@type":"ListItem","position":2,"name":"GRAN TSUNAMI: DESASTRE A GRAN ESCALA"}]},{"@type":"WebSite","@id":"https:\/\/www.eldiario.net\/portal\/#website","url":"https:\/\/www.eldiario.net\/portal\/","name":"El Diario - Decano de la prensa nacional","description":"El Diario - Decano de la prensa nacional","publisher":{"@id":"https:\/\/www.eldiario.net\/portal\/#organization"},"potentialAction":[{"@type":"SearchAction","target":{"@type":"EntryPoint","urlTemplate":"https:\/\/www.eldiario.net\/portal\/?s={search_term_string}"},"query-input":{"@type":"PropertyValueSpecification","valueRequired":true,"valueName":"search_term_string"}}],"inLanguage":"es"},{"@type":"Organization","@id":"https:\/\/www.eldiario.net\/portal\/#organization","name":"El Diario - Decano de la prensa nacional","url":"https:\/\/www.eldiario.net\/portal\/","logo":{"@type":"ImageObject","inLanguage":"es","@id":"https:\/\/www.eldiario.net\/portal\/#\/schema\/logo\/image\/","url":"https:\/\/www.eldiario.net\/portal\/wp-content\/uploads\/2023\/07\/logo_ED.jpg","contentUrl":"https:\/\/www.eldiario.net\/portal\/wp-content\/uploads\/2023\/07\/logo_ED.jpg","width":272,"height":52,"caption":"El Diario - Decano de la prensa nacional"},"image":{"@id":"https:\/\/www.eldiario.net\/portal\/#\/schema\/logo\/image\/"},"sameAs":["https:\/\/www.facebook.com\/eldiario.bolivia\/","https:\/\/x.com\/eldiario_net"]},{"@type":"Person","@id":"https:\/\/www.eldiario.net\/portal\/#\/schema\/person\/f46445640444750d7d753ccd04ae01b7","name":"Jeanette","image":{"@type":"ImageObject","inLanguage":"es","@id":"https:\/\/secure.gravatar.com\/avatar\/3ea2118a5f7dad2b7138b1187a6b7ee55f160b9968b66013c3a3ef39dd7e5798?s=96&d=mm&r=g","url":"https:\/\/secure.gravatar.com\/avatar\/3ea2118a5f7dad2b7138b1187a6b7ee55f160b9968b66013c3a3ef39dd7e5798?s=96&d=mm&r=g","contentUrl":"https:\/\/secure.gravatar.com\/avatar\/3ea2118a5f7dad2b7138b1187a6b7ee55f160b9968b66013c3a3ef39dd7e5798?s=96&d=mm&r=g","caption":"Jeanette"},"sameAs":["https:\/\/www.eldiario.net\/portal"],"url":"https:\/\/www.eldiario.net\/portal\/author\/jeanette\/"}]}},"_links":{"self":[{"href":"https:\/\/www.eldiario.net\/portal\/wp-json\/wp\/v2\/posts\/164513","targetHints":{"allow":["GET"]}}],"collection":[{"href":"https:\/\/www.eldiario.net\/portal\/wp-json\/wp\/v2\/posts"}],"about":[{"href":"https:\/\/www.eldiario.net\/portal\/wp-json\/wp\/v2\/types\/post"}],"author":[{"embeddable":true,"href":"https:\/\/www.eldiario.net\/portal\/wp-json\/wp\/v2\/users\/1"}],"replies":[{"embeddable":true,"href":"https:\/\/www.eldiario.net\/portal\/wp-json\/wp\/v2\/comments?post=164513"}],"version-history":[{"count":0,"href":"https:\/\/www.eldiario.net\/portal\/wp-json\/wp\/v2\/posts\/164513\/revisions"}],"wp:featuredmedia":[{"embeddable":true,"href":"https:\/\/www.eldiario.net\/portal\/wp-json\/wp\/v2\/media\/164514"}],"wp:attachment":[{"href":"https:\/\/www.eldiario.net\/portal\/wp-json\/wp\/v2\/media?parent=164513"}],"wp:term":[{"taxonomy":"category","embeddable":true,"href":"https:\/\/www.eldiario.net\/portal\/wp-json\/wp\/v2\/categories?post=164513"},{"taxonomy":"post_tag","embeddable":true,"href":"https:\/\/www.eldiario.net\/portal\/wp-json\/wp\/v2\/tags?post=164513"}],"curies":[{"name":"wp","href":"https:\/\/api.w.org\/{rel}","templated":true}]}}