{"id":164495,"date":"2023-07-09T08:00:56","date_gmt":"2023-07-09T12:00:56","guid":{"rendered":"https:\/\/www.eldiario.net\/portal\/?p=164495"},"modified":"2023-07-09T08:00:56","modified_gmt":"2023-07-09T12:00:56","slug":"los-efectos-visuales-de-hablame","status":"publish","type":"post","link":"https:\/\/www.eldiario.net\/portal\/2023\/07\/09\/los-efectos-visuales-de-hablame\/","title":{"rendered":"Los efectos visuales de H\u00e1blame"},"content":{"rendered":"<p>Aqu\u00ed un detalle de c\u00f3mo se realizaron las escenas terror\u00edficas de la cinta<br \/>\nLa nueva cinta de terror, H\u00e1blame, narra la historia de un grupo de amigos que descubren c\u00f3mo conjurar esp\u00edritus utilizando una mano embalsamada. Este conocimiento les despierta una nueva emoci\u00f3n y empiezan a usarlo cada vez m\u00e1s hasta que uno de ellos va demasiado lejos y desata terribles fuerzas sobrenaturales.<br \/>\nSe trata de una cinta que busca crear un mundo totalmente cre\u00edble: los adolescentes saben distinguir los artificios y las poses. Los protagonistas son verdaderamente adolescentes que hablan y act\u00faan como personas de esa edad, es decir, no se trata de adultos que act\u00faan como j\u00f3venes. Otra de las cuestiones que hace que esta pel\u00edcula sea cre\u00edble son los efectos visuales.<br \/>\nEl maquillaje de efectos especiales es una parte esencial de la autenticidad de la pel\u00edcula, y parte integrante de la misi\u00f3n de los directores de conseguir la mayor cantidad de efectos posibles en c\u00e1mara. La combinaci\u00f3n de maquillaje habitual con el de efectos especiales era vital para que las transiciones de los personajes en pantalla fueran perfectas. Los directores no tuvieron que ocultar nada con la c\u00e1mara o la iluminaci\u00f3n porque los efectos especiales realizados a trav\u00e9s del maquillaje ya eran suficientes para contar esta historia.<br \/>\nPor otro lado, se realizaron acrobacias f\u00edsicas para conseguir el aspecto y las sensaciones adecuadas. Los efectos visuales digitales se utilizaron para eliminar los cables, reconstruir secciones de los decorados y cambiar sutilmente las apariencias. Durante el rodaje, la c\u00e1mara ten\u00eda libertad para moverse y rodar lo que hiciera falta para contar la historia y luego, de ser necesario, se ajustaba en postproducci\u00f3n. Lo m\u00e1s importante era garantizar que las escenas de posesi\u00f3n fueran lo m\u00e1s reales posible a trav\u00e9s de los efectos visuales.<br \/>\nH\u00e1blame tuvo su estreno mundial durante el Festival de Sundance en enero y tiene como objetivo convertirse en una de las pel\u00edculas de terror m\u00e1s sorprendentes del 2023.<br \/>\n\u00bfCu\u00e1ndo podr\u00e1s ver la pel\u00edcula en la pantalla grande? H\u00e1blame llegar\u00e1 este a\u00f1o a las salas de cine de Latinoam\u00e9rica. (Diamond Films)<\/p>\n","protected":false},"excerpt":{"rendered":"<p>Aqu\u00ed un detalle de c\u00f3mo se realizaron las escenas terror\u00edficas de la cinta La nueva cinta de terror, H\u00e1blame, narra la historia de un grupo de amigos que descubren c\u00f3mo conjurar esp\u00edritus utilizando una mano embalsamada. Este conocimiento les despierta una nueva emoci\u00f3n y empiezan a usarlo cada vez m\u00e1s hasta que uno de ellos [&hellip;]<\/p>\n","protected":false},"author":1,"featured_media":164496,"comment_status":"closed","ping_status":"open","sticky":false,"template":"","format":"standard","meta":{"_acf_changed":false,"footnotes":""},"categories":[45],"tags":[],"class_list":["post-164495","post","type-post","status-publish","format-standard","has-post-thumbnail","category-cine-mundo"],"acf":{"antetitulo":""},"yoast_head":"<!-- This site is optimized with the Yoast SEO plugin v28.3 - https:\/\/yoast.com\/product\/yoast-seo-wordpress\/ -->\n<title>Los efectos visuales de H\u00e1blame - El Diario - Bolivia<\/title>\n<meta name=\"robots\" content=\"index, follow, max-snippet:-1, max-image-preview:large, max-video-preview:-1\" \/>\n<link rel=\"canonical\" href=\"https:\/\/www.eldiario.net\/portal\/2023\/07\/09\/los-efectos-visuales-de-hablame\/\" \/>\n<meta property=\"og:locale\" content=\"es_ES\" \/>\n<meta property=\"og:type\" content=\"article\" \/>\n<meta property=\"og:title\" content=\"Los efectos visuales de H\u00e1blame - El Diario - Bolivia\" \/>\n<meta property=\"og:description\" content=\"Aqu\u00ed un detalle de c\u00f3mo se realizaron las escenas terror\u00edficas de la cinta La nueva cinta de terror, H\u00e1blame, narra la historia de un grupo de amigos que descubren c\u00f3mo conjurar esp\u00edritus utilizando una mano embalsamada. Este conocimiento les despierta una nueva emoci\u00f3n y empiezan a usarlo cada vez m\u00e1s hasta que uno de ellos [&hellip;]\" \/>\n<meta property=\"og:url\" content=\"https:\/\/www.eldiario.net\/portal\/2023\/07\/09\/los-efectos-visuales-de-hablame\/\" \/>\n<meta property=\"og:site_name\" content=\"El Diario - Bolivia\" \/>\n<meta property=\"article:publisher\" content=\"https:\/\/www.facebook.com\/eldiario.bolivia\/\" \/>\n<meta property=\"article:published_time\" content=\"2023-07-09T12:00:56+00:00\" \/>\n<meta property=\"og:image\" content=\"https:\/\/www.eldiario.net\/portal\/wp-content\/uploads\/2023\/07\/Los-efectos-visuales-de-Hablame.jpg\" \/>\n\t<meta property=\"og:image:width\" content=\"800\" \/>\n\t<meta property=\"og:image:height\" content=\"600\" \/>\n\t<meta property=\"og:image:type\" content=\"image\/jpeg\" \/>\n<meta name=\"author\" content=\"Jeanette\" \/>\n<meta name=\"twitter:card\" content=\"summary_large_image\" \/>\n<meta name=\"twitter:creator\" content=\"@eldiario_net\" \/>\n<meta name=\"twitter:site\" content=\"@eldiario_net\" \/>\n<meta name=\"twitter:label1\" content=\"Escrito por\" \/>\n\t<meta name=\"twitter:data1\" content=\"Jeanette\" \/>\n<script type=\"application\/ld+json\" class=\"yoast-schema-graph\">{\"@context\":\"https:\\\/\\\/schema.org\",\"@graph\":[{\"@type\":\"Article\",\"@id\":\"https:\\\/\\\/www.eldiario.net\\\/portal\\\/2023\\\/07\\\/09\\\/los-efectos-visuales-de-hablame\\\/#article\",\"isPartOf\":{\"@id\":\"https:\\\/\\\/www.eldiario.net\\\/portal\\\/2023\\\/07\\\/09\\\/los-efectos-visuales-de-hablame\\\/\"},\"author\":{\"name\":\"Jeanette\",\"@id\":\"https:\\\/\\\/www.eldiario.net\\\/portal\\\/#\\\/schema\\\/person\\\/f46445640444750d7d753ccd04ae01b7\"},\"headline\":\"Los efectos visuales de H\u00e1blame\",\"datePublished\":\"2023-07-09T12:00:56+00:00\",\"mainEntityOfPage\":{\"@id\":\"https:\\\/\\\/www.eldiario.net\\\/portal\\\/2023\\\/07\\\/09\\\/los-efectos-visuales-de-hablame\\\/\"},\"wordCount\":386,\"publisher\":{\"@id\":\"https:\\\/\\\/www.eldiario.net\\\/portal\\\/#organization\"},\"image\":{\"@id\":\"https:\\\/\\\/www.eldiario.net\\\/portal\\\/2023\\\/07\\\/09\\\/los-efectos-visuales-de-hablame\\\/#primaryimage\"},\"thumbnailUrl\":\"https:\\\/\\\/www.eldiario.net\\\/portal\\\/wp-content\\\/uploads\\\/2023\\\/07\\\/Los-efectos-visuales-de-Hablame.jpg\",\"articleSection\":[\"Cine Mundo\"],\"inLanguage\":\"es\"},{\"@type\":\"WebPage\",\"@id\":\"https:\\\/\\\/www.eldiario.net\\\/portal\\\/2023\\\/07\\\/09\\\/los-efectos-visuales-de-hablame\\\/\",\"url\":\"https:\\\/\\\/www.eldiario.net\\\/portal\\\/2023\\\/07\\\/09\\\/los-efectos-visuales-de-hablame\\\/\",\"name\":\"Los efectos visuales de H\u00e1blame - El Diario - Bolivia\",\"isPartOf\":{\"@id\":\"https:\\\/\\\/www.eldiario.net\\\/portal\\\/#website\"},\"primaryImageOfPage\":{\"@id\":\"https:\\\/\\\/www.eldiario.net\\\/portal\\\/2023\\\/07\\\/09\\\/los-efectos-visuales-de-hablame\\\/#primaryimage\"},\"image\":{\"@id\":\"https:\\\/\\\/www.eldiario.net\\\/portal\\\/2023\\\/07\\\/09\\\/los-efectos-visuales-de-hablame\\\/#primaryimage\"},\"thumbnailUrl\":\"https:\\\/\\\/www.eldiario.net\\\/portal\\\/wp-content\\\/uploads\\\/2023\\\/07\\\/Los-efectos-visuales-de-Hablame.jpg\",\"datePublished\":\"2023-07-09T12:00:56+00:00\",\"breadcrumb\":{\"@id\":\"https:\\\/\\\/www.eldiario.net\\\/portal\\\/2023\\\/07\\\/09\\\/los-efectos-visuales-de-hablame\\\/#breadcrumb\"},\"inLanguage\":\"es\",\"potentialAction\":[{\"@type\":\"ReadAction\",\"target\":[\"https:\\\/\\\/www.eldiario.net\\\/portal\\\/2023\\\/07\\\/09\\\/los-efectos-visuales-de-hablame\\\/\"]}]},{\"@type\":\"ImageObject\",\"inLanguage\":\"es\",\"@id\":\"https:\\\/\\\/www.eldiario.net\\\/portal\\\/2023\\\/07\\\/09\\\/los-efectos-visuales-de-hablame\\\/#primaryimage\",\"url\":\"https:\\\/\\\/www.eldiario.net\\\/portal\\\/wp-content\\\/uploads\\\/2023\\\/07\\\/Los-efectos-visuales-de-Hablame.jpg\",\"contentUrl\":\"https:\\\/\\\/www.eldiario.net\\\/portal\\\/wp-content\\\/uploads\\\/2023\\\/07\\\/Los-efectos-visuales-de-Hablame.jpg\",\"width\":800,\"height\":600},{\"@type\":\"BreadcrumbList\",\"@id\":\"https:\\\/\\\/www.eldiario.net\\\/portal\\\/2023\\\/07\\\/09\\\/los-efectos-visuales-de-hablame\\\/#breadcrumb\",\"itemListElement\":[{\"@type\":\"ListItem\",\"position\":1,\"name\":\"Portada\",\"item\":\"https:\\\/\\\/www.eldiario.net\\\/portal\\\/\"},{\"@type\":\"ListItem\",\"position\":2,\"name\":\"Los efectos visuales de H\u00e1blame\"}]},{\"@type\":\"WebSite\",\"@id\":\"https:\\\/\\\/www.eldiario.net\\\/portal\\\/#website\",\"url\":\"https:\\\/\\\/www.eldiario.net\\\/portal\\\/\",\"name\":\"El Diario - Decano de la prensa nacional\",\"description\":\"El Diario - Decano de la prensa nacional\",\"publisher\":{\"@id\":\"https:\\\/\\\/www.eldiario.net\\\/portal\\\/#organization\"},\"potentialAction\":[{\"@type\":\"SearchAction\",\"target\":{\"@type\":\"EntryPoint\",\"urlTemplate\":\"https:\\\/\\\/www.eldiario.net\\\/portal\\\/?s={search_term_string}\"},\"query-input\":{\"@type\":\"PropertyValueSpecification\",\"valueRequired\":true,\"valueName\":\"search_term_string\"}}],\"inLanguage\":\"es\"},{\"@type\":\"Organization\",\"@id\":\"https:\\\/\\\/www.eldiario.net\\\/portal\\\/#organization\",\"name\":\"El Diario - Decano de la prensa nacional\",\"url\":\"https:\\\/\\\/www.eldiario.net\\\/portal\\\/\",\"logo\":{\"@type\":\"ImageObject\",\"inLanguage\":\"es\",\"@id\":\"https:\\\/\\\/www.eldiario.net\\\/portal\\\/#\\\/schema\\\/logo\\\/image\\\/\",\"url\":\"https:\\\/\\\/www.eldiario.net\\\/portal\\\/wp-content\\\/uploads\\\/2023\\\/07\\\/logo_ED.jpg\",\"contentUrl\":\"https:\\\/\\\/www.eldiario.net\\\/portal\\\/wp-content\\\/uploads\\\/2023\\\/07\\\/logo_ED.jpg\",\"width\":272,\"height\":52,\"caption\":\"El Diario - Decano de la prensa nacional\"},\"image\":{\"@id\":\"https:\\\/\\\/www.eldiario.net\\\/portal\\\/#\\\/schema\\\/logo\\\/image\\\/\"},\"sameAs\":[\"https:\\\/\\\/www.facebook.com\\\/eldiario.bolivia\\\/\",\"https:\\\/\\\/x.com\\\/eldiario_net\"]},{\"@type\":\"Person\",\"@id\":\"https:\\\/\\\/www.eldiario.net\\\/portal\\\/#\\\/schema\\\/person\\\/f46445640444750d7d753ccd04ae01b7\",\"name\":\"Jeanette\",\"image\":{\"@type\":\"ImageObject\",\"inLanguage\":\"es\",\"@id\":\"https:\\\/\\\/secure.gravatar.com\\\/avatar\\\/3ea2118a5f7dad2b7138b1187a6b7ee55f160b9968b66013c3a3ef39dd7e5798?s=96&d=mm&r=g\",\"url\":\"https:\\\/\\\/secure.gravatar.com\\\/avatar\\\/3ea2118a5f7dad2b7138b1187a6b7ee55f160b9968b66013c3a3ef39dd7e5798?s=96&d=mm&r=g\",\"contentUrl\":\"https:\\\/\\\/secure.gravatar.com\\\/avatar\\\/3ea2118a5f7dad2b7138b1187a6b7ee55f160b9968b66013c3a3ef39dd7e5798?s=96&d=mm&r=g\",\"caption\":\"Jeanette\"},\"sameAs\":[\"https:\\\/\\\/www.eldiario.net\\\/portal\"],\"url\":\"https:\\\/\\\/www.eldiario.net\\\/portal\\\/author\\\/jeanette\\\/\"}]}<\/script>\n<!-- \/ Yoast SEO plugin. -->","yoast_head_json":{"title":"Los efectos visuales de H\u00e1blame - El Diario - Bolivia","robots":{"index":"index","follow":"follow","max-snippet":"max-snippet:-1","max-image-preview":"max-image-preview:large","max-video-preview":"max-video-preview:-1"},"canonical":"https:\/\/www.eldiario.net\/portal\/2023\/07\/09\/los-efectos-visuales-de-hablame\/","og_locale":"es_ES","og_type":"article","og_title":"Los efectos visuales de H\u00e1blame - El Diario - Bolivia","og_description":"Aqu\u00ed un detalle de c\u00f3mo se realizaron las escenas terror\u00edficas de la cinta La nueva cinta de terror, H\u00e1blame, narra la historia de un grupo de amigos que descubren c\u00f3mo conjurar esp\u00edritus utilizando una mano embalsamada. Este conocimiento les despierta una nueva emoci\u00f3n y empiezan a usarlo cada vez m\u00e1s hasta que uno de ellos [&hellip;]","og_url":"https:\/\/www.eldiario.net\/portal\/2023\/07\/09\/los-efectos-visuales-de-hablame\/","og_site_name":"El Diario - Bolivia","article_publisher":"https:\/\/www.facebook.com\/eldiario.bolivia\/","article_published_time":"2023-07-09T12:00:56+00:00","og_image":[{"width":800,"height":600,"url":"https:\/\/www.eldiario.net\/portal\/wp-content\/uploads\/2023\/07\/Los-efectos-visuales-de-Hablame.jpg","type":"image\/jpeg"}],"author":"Jeanette","twitter_card":"summary_large_image","twitter_creator":"@eldiario_net","twitter_site":"@eldiario_net","twitter_misc":{"Escrito por":"Jeanette"},"schema":{"@context":"https:\/\/schema.org","@graph":[{"@type":"Article","@id":"https:\/\/www.eldiario.net\/portal\/2023\/07\/09\/los-efectos-visuales-de-hablame\/#article","isPartOf":{"@id":"https:\/\/www.eldiario.net\/portal\/2023\/07\/09\/los-efectos-visuales-de-hablame\/"},"author":{"name":"Jeanette","@id":"https:\/\/www.eldiario.net\/portal\/#\/schema\/person\/f46445640444750d7d753ccd04ae01b7"},"headline":"Los efectos visuales de H\u00e1blame","datePublished":"2023-07-09T12:00:56+00:00","mainEntityOfPage":{"@id":"https:\/\/www.eldiario.net\/portal\/2023\/07\/09\/los-efectos-visuales-de-hablame\/"},"wordCount":386,"publisher":{"@id":"https:\/\/www.eldiario.net\/portal\/#organization"},"image":{"@id":"https:\/\/www.eldiario.net\/portal\/2023\/07\/09\/los-efectos-visuales-de-hablame\/#primaryimage"},"thumbnailUrl":"https:\/\/www.eldiario.net\/portal\/wp-content\/uploads\/2023\/07\/Los-efectos-visuales-de-Hablame.jpg","articleSection":["Cine Mundo"],"inLanguage":"es"},{"@type":"WebPage","@id":"https:\/\/www.eldiario.net\/portal\/2023\/07\/09\/los-efectos-visuales-de-hablame\/","url":"https:\/\/www.eldiario.net\/portal\/2023\/07\/09\/los-efectos-visuales-de-hablame\/","name":"Los efectos visuales de H\u00e1blame - El Diario - Bolivia","isPartOf":{"@id":"https:\/\/www.eldiario.net\/portal\/#website"},"primaryImageOfPage":{"@id":"https:\/\/www.eldiario.net\/portal\/2023\/07\/09\/los-efectos-visuales-de-hablame\/#primaryimage"},"image":{"@id":"https:\/\/www.eldiario.net\/portal\/2023\/07\/09\/los-efectos-visuales-de-hablame\/#primaryimage"},"thumbnailUrl":"https:\/\/www.eldiario.net\/portal\/wp-content\/uploads\/2023\/07\/Los-efectos-visuales-de-Hablame.jpg","datePublished":"2023-07-09T12:00:56+00:00","breadcrumb":{"@id":"https:\/\/www.eldiario.net\/portal\/2023\/07\/09\/los-efectos-visuales-de-hablame\/#breadcrumb"},"inLanguage":"es","potentialAction":[{"@type":"ReadAction","target":["https:\/\/www.eldiario.net\/portal\/2023\/07\/09\/los-efectos-visuales-de-hablame\/"]}]},{"@type":"ImageObject","inLanguage":"es","@id":"https:\/\/www.eldiario.net\/portal\/2023\/07\/09\/los-efectos-visuales-de-hablame\/#primaryimage","url":"https:\/\/www.eldiario.net\/portal\/wp-content\/uploads\/2023\/07\/Los-efectos-visuales-de-Hablame.jpg","contentUrl":"https:\/\/www.eldiario.net\/portal\/wp-content\/uploads\/2023\/07\/Los-efectos-visuales-de-Hablame.jpg","width":800,"height":600},{"@type":"BreadcrumbList","@id":"https:\/\/www.eldiario.net\/portal\/2023\/07\/09\/los-efectos-visuales-de-hablame\/#breadcrumb","itemListElement":[{"@type":"ListItem","position":1,"name":"Portada","item":"https:\/\/www.eldiario.net\/portal\/"},{"@type":"ListItem","position":2,"name":"Los efectos visuales de H\u00e1blame"}]},{"@type":"WebSite","@id":"https:\/\/www.eldiario.net\/portal\/#website","url":"https:\/\/www.eldiario.net\/portal\/","name":"El Diario - Decano de la prensa nacional","description":"El Diario - Decano de la prensa nacional","publisher":{"@id":"https:\/\/www.eldiario.net\/portal\/#organization"},"potentialAction":[{"@type":"SearchAction","target":{"@type":"EntryPoint","urlTemplate":"https:\/\/www.eldiario.net\/portal\/?s={search_term_string}"},"query-input":{"@type":"PropertyValueSpecification","valueRequired":true,"valueName":"search_term_string"}}],"inLanguage":"es"},{"@type":"Organization","@id":"https:\/\/www.eldiario.net\/portal\/#organization","name":"El Diario - Decano de la prensa nacional","url":"https:\/\/www.eldiario.net\/portal\/","logo":{"@type":"ImageObject","inLanguage":"es","@id":"https:\/\/www.eldiario.net\/portal\/#\/schema\/logo\/image\/","url":"https:\/\/www.eldiario.net\/portal\/wp-content\/uploads\/2023\/07\/logo_ED.jpg","contentUrl":"https:\/\/www.eldiario.net\/portal\/wp-content\/uploads\/2023\/07\/logo_ED.jpg","width":272,"height":52,"caption":"El Diario - Decano de la prensa nacional"},"image":{"@id":"https:\/\/www.eldiario.net\/portal\/#\/schema\/logo\/image\/"},"sameAs":["https:\/\/www.facebook.com\/eldiario.bolivia\/","https:\/\/x.com\/eldiario_net"]},{"@type":"Person","@id":"https:\/\/www.eldiario.net\/portal\/#\/schema\/person\/f46445640444750d7d753ccd04ae01b7","name":"Jeanette","image":{"@type":"ImageObject","inLanguage":"es","@id":"https:\/\/secure.gravatar.com\/avatar\/3ea2118a5f7dad2b7138b1187a6b7ee55f160b9968b66013c3a3ef39dd7e5798?s=96&d=mm&r=g","url":"https:\/\/secure.gravatar.com\/avatar\/3ea2118a5f7dad2b7138b1187a6b7ee55f160b9968b66013c3a3ef39dd7e5798?s=96&d=mm&r=g","contentUrl":"https:\/\/secure.gravatar.com\/avatar\/3ea2118a5f7dad2b7138b1187a6b7ee55f160b9968b66013c3a3ef39dd7e5798?s=96&d=mm&r=g","caption":"Jeanette"},"sameAs":["https:\/\/www.eldiario.net\/portal"],"url":"https:\/\/www.eldiario.net\/portal\/author\/jeanette\/"}]}},"_links":{"self":[{"href":"https:\/\/www.eldiario.net\/portal\/wp-json\/wp\/v2\/posts\/164495","targetHints":{"allow":["GET"]}}],"collection":[{"href":"https:\/\/www.eldiario.net\/portal\/wp-json\/wp\/v2\/posts"}],"about":[{"href":"https:\/\/www.eldiario.net\/portal\/wp-json\/wp\/v2\/types\/post"}],"author":[{"embeddable":true,"href":"https:\/\/www.eldiario.net\/portal\/wp-json\/wp\/v2\/users\/1"}],"replies":[{"embeddable":true,"href":"https:\/\/www.eldiario.net\/portal\/wp-json\/wp\/v2\/comments?post=164495"}],"version-history":[{"count":0,"href":"https:\/\/www.eldiario.net\/portal\/wp-json\/wp\/v2\/posts\/164495\/revisions"}],"wp:featuredmedia":[{"embeddable":true,"href":"https:\/\/www.eldiario.net\/portal\/wp-json\/wp\/v2\/media\/164496"}],"wp:attachment":[{"href":"https:\/\/www.eldiario.net\/portal\/wp-json\/wp\/v2\/media?parent=164495"}],"wp:term":[{"taxonomy":"category","embeddable":true,"href":"https:\/\/www.eldiario.net\/portal\/wp-json\/wp\/v2\/categories?post=164495"},{"taxonomy":"post_tag","embeddable":true,"href":"https:\/\/www.eldiario.net\/portal\/wp-json\/wp\/v2\/tags?post=164495"}],"curies":[{"name":"wp","href":"https:\/\/api.w.org\/{rel}","templated":true}]}}