{"id":164492,"date":"2023-07-09T07:59:55","date_gmt":"2023-07-09T11:59:55","guid":{"rendered":"https:\/\/www.eldiario.net\/portal\/?p=164492"},"modified":"2023-07-09T07:59:55","modified_gmt":"2023-07-09T11:59:55","slug":"patrick-wilson-dirige-y-protagoniza-la-noche-del-demonio-la-puerta-roja","status":"publish","type":"post","link":"https:\/\/www.eldiario.net\/portal\/2023\/07\/09\/patrick-wilson-dirige-y-protagoniza-la-noche-del-demonio-la-puerta-roja\/","title":{"rendered":"Patrick Wilson dirige y protagoniza La noche del demonio: la puerta roja"},"content":{"rendered":"<p>La \u00faltima vez que nos encontramos con la familia Lambert, al final de Insidious; Chapter 2, esos dos expertos en proyecci\u00f3n astral, Josh (Patrick Wilson) y Dalton (Ty Simpkins), hab\u00edan sobrevivido a sus numerosas visitas al M\u00e1s All\u00e1. Dalton hab\u00eda sido secuestrado por un demonio\u2026 Josh le hab\u00eda rescatado, pero eso s\u00f3lo le sirvi\u00f3 para quedar atrapado en el M\u00e1s All\u00e1 mientras un fantasma tomaba posesi\u00f3n de su cuerpo en nuestro mundo\u2026 dicho fantasma, dentro del cuerpo de Josh, ha destruido su casa e intentado asesinar a su familia\u2026 y Dalton ha regresado al M\u00e1s All\u00e1 a fin de hallar a su verdadero padre y traerlo de regreso.<\/p>\n<p>\u201cDe la mano de James Wan, visitamos lugares enloquecedores en las cintas previas de La Noche del Demonio, pero creo que si conectamos con ello se debe a que la historia se pone en marcha en el seno de una familia rebosante de amor\u201d, explica Jason Blum, productor de la franquicia. <\/p>\n<p>Cualquiera que atraviese lo que Josh y Dalton han experimentado querr\u00e1 olvidarlo todo. Y ellos no son la excepci\u00f3n: se les hipnotiz\u00f3 para que olvidaran su don- o maldici\u00f3n- es decir, la proyecci\u00f3n astral. \u201cTras la segunda cinta, me pareci\u00f3 que ya no quedaba mucho por hacer o decir o explorar en lo referente a la familia Lambert\u201d, dice Wilson, quien vuelve a ser Josh e incluso dirige La Noche del Demonio: La Puerta Roja. <\/p>\n<p>La historia se pone en marcha gracias a la reuni\u00f3n del elenco original para un tercer episodio en la saga de la familia, la quinta cinta de la franquicia si tomamos en cuenta dos precuelas. Diez a\u00f1os despu\u00e9s de los sucesos de la segunda parte, Josh y Rernai (Rose Byrne) se han divorciado. Josh intenta anudar los cabos sueltos de una vida repleta de agujeros incomprensibles. Dalton, ahora un joven adulto, est\u00e1 a punto de partir a la Costa Oeste a fin de enrolarse en una universidad especializada en arte, pero la relaci\u00f3n con su padre deja mucho que desear. <\/p>\n<p>En \u00faltima instancia, Wilson ten\u00eda presente que su primer trabajo como director supondr\u00eda una verdadera lecci\u00f3n- tal y como debe ser. Citando a todos los directores con los que ha trabajado, nos dice, \u201cCada uno de ellos aborda las cosas a su manera- no existe un solo camino, y esto es lo que me gusta del negocio y lo que adoro de los directores. Puedes crear tu pel\u00edcula de una u otra manera. Mi meta consisti\u00f3 en capitalizar mis fortalezas, todo lo que me emociona, lo que me interesa y apasiona. No podr\u00eda definir mi estilo- creo que a\u00fan estoy en busca de ello. No soy tan arrogante como para asegurar que lo he hallado. Estoy aprendiendo, constantemente\u201d.<\/p>\n<p>Wilson dice que Leigh Whannell, quien cre\u00f3 la historia para la cinta y retorna para interpretar a Specs, proporcion\u00f3 asimismo una sabidur\u00eda que el director acogi\u00f3 enseguida. \u201cEn cierto modo, Leigh me ayud\u00f3 m\u00e1s que el mism\u00edsimo James, porque Leigh decidi\u00f3 tomar las riendas y dirigir la tercera cinta de la franquicia. \u00c9l sabe lo que significa que te concedan estas llaves\u201d, dice. \u201cSus consejos resultaron fenomenales- c\u00f3mo hacer las cosas a tu manera, c\u00f3mo hallar aquello que podr\u00eda diferenciarte, lo que puedes hacer, lo que no puedes hacer\u2026\u201d<\/p>\n<p>\u201cPatrick pose\u00eda una s\u00f3lida visi\u00f3n para esta cinta, y conoc\u00eda a la perfecci\u00f3n el rumbo que deber\u00eda tomar la saga de la familia Lambert\u201d, explica Wan. \u201cEsto me emocion\u00f3 much\u00edsimo, porque implicaba su retorno como Josh, el personaje que desempe\u00f1\u00f3 en las dos primeras pel\u00edculas. Est\u00e1 creando lo suyo, su propia versi\u00f3n, sobre el terreno del mundo que creamos juntos. Abordamos muchos puntos- la historia, los \u00b4personajes, el tono, los sustos, el nuevo villano, la expansi\u00f3n del M\u00e1s All\u00e1\u201d.<\/p>\n","protected":false},"excerpt":{"rendered":"<p>La \u00faltima vez que nos encontramos con la familia Lambert, al final de Insidious; Chapter 2, esos dos expertos en proyecci\u00f3n astral, Josh (Patrick Wilson) y Dalton (Ty Simpkins), hab\u00edan sobrevivido a sus numerosas visitas al M\u00e1s All\u00e1. Dalton hab\u00eda sido secuestrado por un demonio\u2026 Josh le hab\u00eda rescatado, pero eso s\u00f3lo le sirvi\u00f3 para [&hellip;]<\/p>\n","protected":false},"author":1,"featured_media":164493,"comment_status":"closed","ping_status":"open","sticky":false,"template":"","format":"standard","meta":{"_acf_changed":false,"footnotes":""},"categories":[45],"tags":[],"class_list":["post-164492","post","type-post","status-publish","format-standard","has-post-thumbnail","category-cine-mundo"],"acf":{"antetitulo":""},"yoast_head":"<!-- This site is optimized with the Yoast SEO plugin v28.3 - https:\/\/yoast.com\/product\/yoast-seo-wordpress\/ -->\n<title>Patrick Wilson dirige y protagoniza La noche del demonio: la puerta roja - El Diario - Bolivia<\/title>\n<meta name=\"robots\" content=\"index, follow, max-snippet:-1, max-image-preview:large, max-video-preview:-1\" \/>\n<link rel=\"canonical\" href=\"https:\/\/www.eldiario.net\/portal\/2023\/07\/09\/patrick-wilson-dirige-y-protagoniza-la-noche-del-demonio-la-puerta-roja\/\" \/>\n<meta property=\"og:locale\" content=\"es_ES\" \/>\n<meta property=\"og:type\" content=\"article\" \/>\n<meta property=\"og:title\" content=\"Patrick Wilson dirige y protagoniza La noche del demonio: la puerta roja - El Diario - Bolivia\" \/>\n<meta property=\"og:description\" content=\"La \u00faltima vez que nos encontramos con la familia Lambert, al final de Insidious; Chapter 2, esos dos expertos en proyecci\u00f3n astral, Josh (Patrick Wilson) y Dalton (Ty Simpkins), hab\u00edan sobrevivido a sus numerosas visitas al M\u00e1s All\u00e1. Dalton hab\u00eda sido secuestrado por un demonio\u2026 Josh le hab\u00eda rescatado, pero eso s\u00f3lo le sirvi\u00f3 para [&hellip;]\" \/>\n<meta property=\"og:url\" content=\"https:\/\/www.eldiario.net\/portal\/2023\/07\/09\/patrick-wilson-dirige-y-protagoniza-la-noche-del-demonio-la-puerta-roja\/\" \/>\n<meta property=\"og:site_name\" content=\"El Diario - Bolivia\" \/>\n<meta property=\"article:publisher\" content=\"https:\/\/www.facebook.com\/eldiario.bolivia\/\" \/>\n<meta property=\"article:published_time\" content=\"2023-07-09T11:59:55+00:00\" \/>\n<meta property=\"og:image\" content=\"https:\/\/www.eldiario.net\/portal\/wp-content\/uploads\/2023\/07\/Patrick-Wilson-dirige-y-protagoniza-La-noche-del-demonio-la-puerta-roja.jpg\" \/>\n\t<meta property=\"og:image:width\" content=\"1078\" \/>\n\t<meta property=\"og:image:height\" content=\"999\" \/>\n\t<meta property=\"og:image:type\" content=\"image\/jpeg\" \/>\n<meta name=\"author\" content=\"Jeanette\" \/>\n<meta name=\"twitter:card\" content=\"summary_large_image\" \/>\n<meta name=\"twitter:creator\" content=\"@eldiario_net\" \/>\n<meta name=\"twitter:site\" content=\"@eldiario_net\" \/>\n<meta name=\"twitter:label1\" content=\"Escrito por\" \/>\n\t<meta name=\"twitter:data1\" content=\"Jeanette\" \/>\n<script type=\"application\/ld+json\" class=\"yoast-schema-graph\">{\"@context\":\"https:\\\/\\\/schema.org\",\"@graph\":[{\"@type\":\"Article\",\"@id\":\"https:\\\/\\\/www.eldiario.net\\\/portal\\\/2023\\\/07\\\/09\\\/patrick-wilson-dirige-y-protagoniza-la-noche-del-demonio-la-puerta-roja\\\/#article\",\"isPartOf\":{\"@id\":\"https:\\\/\\\/www.eldiario.net\\\/portal\\\/2023\\\/07\\\/09\\\/patrick-wilson-dirige-y-protagoniza-la-noche-del-demonio-la-puerta-roja\\\/\"},\"author\":{\"name\":\"Jeanette\",\"@id\":\"https:\\\/\\\/www.eldiario.net\\\/portal\\\/#\\\/schema\\\/person\\\/f46445640444750d7d753ccd04ae01b7\"},\"headline\":\"Patrick Wilson dirige y protagoniza La noche del demonio: la puerta roja\",\"datePublished\":\"2023-07-09T11:59:55+00:00\",\"mainEntityOfPage\":{\"@id\":\"https:\\\/\\\/www.eldiario.net\\\/portal\\\/2023\\\/07\\\/09\\\/patrick-wilson-dirige-y-protagoniza-la-noche-del-demonio-la-puerta-roja\\\/\"},\"wordCount\":670,\"publisher\":{\"@id\":\"https:\\\/\\\/www.eldiario.net\\\/portal\\\/#organization\"},\"image\":{\"@id\":\"https:\\\/\\\/www.eldiario.net\\\/portal\\\/2023\\\/07\\\/09\\\/patrick-wilson-dirige-y-protagoniza-la-noche-del-demonio-la-puerta-roja\\\/#primaryimage\"},\"thumbnailUrl\":\"https:\\\/\\\/www.eldiario.net\\\/portal\\\/wp-content\\\/uploads\\\/2023\\\/07\\\/Patrick-Wilson-dirige-y-protagoniza-La-noche-del-demonio-la-puerta-roja.jpg\",\"articleSection\":[\"Cine Mundo\"],\"inLanguage\":\"es\"},{\"@type\":\"WebPage\",\"@id\":\"https:\\\/\\\/www.eldiario.net\\\/portal\\\/2023\\\/07\\\/09\\\/patrick-wilson-dirige-y-protagoniza-la-noche-del-demonio-la-puerta-roja\\\/\",\"url\":\"https:\\\/\\\/www.eldiario.net\\\/portal\\\/2023\\\/07\\\/09\\\/patrick-wilson-dirige-y-protagoniza-la-noche-del-demonio-la-puerta-roja\\\/\",\"name\":\"Patrick Wilson dirige y protagoniza La noche del demonio: la puerta roja - El Diario - Bolivia\",\"isPartOf\":{\"@id\":\"https:\\\/\\\/www.eldiario.net\\\/portal\\\/#website\"},\"primaryImageOfPage\":{\"@id\":\"https:\\\/\\\/www.eldiario.net\\\/portal\\\/2023\\\/07\\\/09\\\/patrick-wilson-dirige-y-protagoniza-la-noche-del-demonio-la-puerta-roja\\\/#primaryimage\"},\"image\":{\"@id\":\"https:\\\/\\\/www.eldiario.net\\\/portal\\\/2023\\\/07\\\/09\\\/patrick-wilson-dirige-y-protagoniza-la-noche-del-demonio-la-puerta-roja\\\/#primaryimage\"},\"thumbnailUrl\":\"https:\\\/\\\/www.eldiario.net\\\/portal\\\/wp-content\\\/uploads\\\/2023\\\/07\\\/Patrick-Wilson-dirige-y-protagoniza-La-noche-del-demonio-la-puerta-roja.jpg\",\"datePublished\":\"2023-07-09T11:59:55+00:00\",\"breadcrumb\":{\"@id\":\"https:\\\/\\\/www.eldiario.net\\\/portal\\\/2023\\\/07\\\/09\\\/patrick-wilson-dirige-y-protagoniza-la-noche-del-demonio-la-puerta-roja\\\/#breadcrumb\"},\"inLanguage\":\"es\",\"potentialAction\":[{\"@type\":\"ReadAction\",\"target\":[\"https:\\\/\\\/www.eldiario.net\\\/portal\\\/2023\\\/07\\\/09\\\/patrick-wilson-dirige-y-protagoniza-la-noche-del-demonio-la-puerta-roja\\\/\"]}]},{\"@type\":\"ImageObject\",\"inLanguage\":\"es\",\"@id\":\"https:\\\/\\\/www.eldiario.net\\\/portal\\\/2023\\\/07\\\/09\\\/patrick-wilson-dirige-y-protagoniza-la-noche-del-demonio-la-puerta-roja\\\/#primaryimage\",\"url\":\"https:\\\/\\\/www.eldiario.net\\\/portal\\\/wp-content\\\/uploads\\\/2023\\\/07\\\/Patrick-Wilson-dirige-y-protagoniza-La-noche-del-demonio-la-puerta-roja.jpg\",\"contentUrl\":\"https:\\\/\\\/www.eldiario.net\\\/portal\\\/wp-content\\\/uploads\\\/2023\\\/07\\\/Patrick-Wilson-dirige-y-protagoniza-La-noche-del-demonio-la-puerta-roja.jpg\",\"width\":1078,\"height\":999},{\"@type\":\"BreadcrumbList\",\"@id\":\"https:\\\/\\\/www.eldiario.net\\\/portal\\\/2023\\\/07\\\/09\\\/patrick-wilson-dirige-y-protagoniza-la-noche-del-demonio-la-puerta-roja\\\/#breadcrumb\",\"itemListElement\":[{\"@type\":\"ListItem\",\"position\":1,\"name\":\"Portada\",\"item\":\"https:\\\/\\\/www.eldiario.net\\\/portal\\\/\"},{\"@type\":\"ListItem\",\"position\":2,\"name\":\"Patrick Wilson dirige y protagoniza La noche del demonio: la puerta roja\"}]},{\"@type\":\"WebSite\",\"@id\":\"https:\\\/\\\/www.eldiario.net\\\/portal\\\/#website\",\"url\":\"https:\\\/\\\/www.eldiario.net\\\/portal\\\/\",\"name\":\"El Diario - Decano de la prensa nacional\",\"description\":\"El Diario - Decano de la prensa nacional\",\"publisher\":{\"@id\":\"https:\\\/\\\/www.eldiario.net\\\/portal\\\/#organization\"},\"potentialAction\":[{\"@type\":\"SearchAction\",\"target\":{\"@type\":\"EntryPoint\",\"urlTemplate\":\"https:\\\/\\\/www.eldiario.net\\\/portal\\\/?s={search_term_string}\"},\"query-input\":{\"@type\":\"PropertyValueSpecification\",\"valueRequired\":true,\"valueName\":\"search_term_string\"}}],\"inLanguage\":\"es\"},{\"@type\":\"Organization\",\"@id\":\"https:\\\/\\\/www.eldiario.net\\\/portal\\\/#organization\",\"name\":\"El Diario - Decano de la prensa nacional\",\"url\":\"https:\\\/\\\/www.eldiario.net\\\/portal\\\/\",\"logo\":{\"@type\":\"ImageObject\",\"inLanguage\":\"es\",\"@id\":\"https:\\\/\\\/www.eldiario.net\\\/portal\\\/#\\\/schema\\\/logo\\\/image\\\/\",\"url\":\"https:\\\/\\\/www.eldiario.net\\\/portal\\\/wp-content\\\/uploads\\\/2023\\\/07\\\/logo_ED.jpg\",\"contentUrl\":\"https:\\\/\\\/www.eldiario.net\\\/portal\\\/wp-content\\\/uploads\\\/2023\\\/07\\\/logo_ED.jpg\",\"width\":272,\"height\":52,\"caption\":\"El Diario - Decano de la prensa nacional\"},\"image\":{\"@id\":\"https:\\\/\\\/www.eldiario.net\\\/portal\\\/#\\\/schema\\\/logo\\\/image\\\/\"},\"sameAs\":[\"https:\\\/\\\/www.facebook.com\\\/eldiario.bolivia\\\/\",\"https:\\\/\\\/x.com\\\/eldiario_net\"]},{\"@type\":\"Person\",\"@id\":\"https:\\\/\\\/www.eldiario.net\\\/portal\\\/#\\\/schema\\\/person\\\/f46445640444750d7d753ccd04ae01b7\",\"name\":\"Jeanette\",\"image\":{\"@type\":\"ImageObject\",\"inLanguage\":\"es\",\"@id\":\"https:\\\/\\\/secure.gravatar.com\\\/avatar\\\/3ea2118a5f7dad2b7138b1187a6b7ee55f160b9968b66013c3a3ef39dd7e5798?s=96&d=mm&r=g\",\"url\":\"https:\\\/\\\/secure.gravatar.com\\\/avatar\\\/3ea2118a5f7dad2b7138b1187a6b7ee55f160b9968b66013c3a3ef39dd7e5798?s=96&d=mm&r=g\",\"contentUrl\":\"https:\\\/\\\/secure.gravatar.com\\\/avatar\\\/3ea2118a5f7dad2b7138b1187a6b7ee55f160b9968b66013c3a3ef39dd7e5798?s=96&d=mm&r=g\",\"caption\":\"Jeanette\"},\"sameAs\":[\"https:\\\/\\\/www.eldiario.net\\\/portal\"],\"url\":\"https:\\\/\\\/www.eldiario.net\\\/portal\\\/author\\\/jeanette\\\/\"}]}<\/script>\n<!-- \/ Yoast SEO plugin. -->","yoast_head_json":{"title":"Patrick Wilson dirige y protagoniza La noche del demonio: la puerta roja - El Diario - Bolivia","robots":{"index":"index","follow":"follow","max-snippet":"max-snippet:-1","max-image-preview":"max-image-preview:large","max-video-preview":"max-video-preview:-1"},"canonical":"https:\/\/www.eldiario.net\/portal\/2023\/07\/09\/patrick-wilson-dirige-y-protagoniza-la-noche-del-demonio-la-puerta-roja\/","og_locale":"es_ES","og_type":"article","og_title":"Patrick Wilson dirige y protagoniza La noche del demonio: la puerta roja - El Diario - Bolivia","og_description":"La \u00faltima vez que nos encontramos con la familia Lambert, al final de Insidious; Chapter 2, esos dos expertos en proyecci\u00f3n astral, Josh (Patrick Wilson) y Dalton (Ty Simpkins), hab\u00edan sobrevivido a sus numerosas visitas al M\u00e1s All\u00e1. Dalton hab\u00eda sido secuestrado por un demonio\u2026 Josh le hab\u00eda rescatado, pero eso s\u00f3lo le sirvi\u00f3 para [&hellip;]","og_url":"https:\/\/www.eldiario.net\/portal\/2023\/07\/09\/patrick-wilson-dirige-y-protagoniza-la-noche-del-demonio-la-puerta-roja\/","og_site_name":"El Diario - Bolivia","article_publisher":"https:\/\/www.facebook.com\/eldiario.bolivia\/","article_published_time":"2023-07-09T11:59:55+00:00","og_image":[{"width":1078,"height":999,"url":"https:\/\/www.eldiario.net\/portal\/wp-content\/uploads\/2023\/07\/Patrick-Wilson-dirige-y-protagoniza-La-noche-del-demonio-la-puerta-roja.jpg","type":"image\/jpeg"}],"author":"Jeanette","twitter_card":"summary_large_image","twitter_creator":"@eldiario_net","twitter_site":"@eldiario_net","twitter_misc":{"Escrito por":"Jeanette"},"schema":{"@context":"https:\/\/schema.org","@graph":[{"@type":"Article","@id":"https:\/\/www.eldiario.net\/portal\/2023\/07\/09\/patrick-wilson-dirige-y-protagoniza-la-noche-del-demonio-la-puerta-roja\/#article","isPartOf":{"@id":"https:\/\/www.eldiario.net\/portal\/2023\/07\/09\/patrick-wilson-dirige-y-protagoniza-la-noche-del-demonio-la-puerta-roja\/"},"author":{"name":"Jeanette","@id":"https:\/\/www.eldiario.net\/portal\/#\/schema\/person\/f46445640444750d7d753ccd04ae01b7"},"headline":"Patrick Wilson dirige y protagoniza La noche del demonio: la puerta roja","datePublished":"2023-07-09T11:59:55+00:00","mainEntityOfPage":{"@id":"https:\/\/www.eldiario.net\/portal\/2023\/07\/09\/patrick-wilson-dirige-y-protagoniza-la-noche-del-demonio-la-puerta-roja\/"},"wordCount":670,"publisher":{"@id":"https:\/\/www.eldiario.net\/portal\/#organization"},"image":{"@id":"https:\/\/www.eldiario.net\/portal\/2023\/07\/09\/patrick-wilson-dirige-y-protagoniza-la-noche-del-demonio-la-puerta-roja\/#primaryimage"},"thumbnailUrl":"https:\/\/www.eldiario.net\/portal\/wp-content\/uploads\/2023\/07\/Patrick-Wilson-dirige-y-protagoniza-La-noche-del-demonio-la-puerta-roja.jpg","articleSection":["Cine Mundo"],"inLanguage":"es"},{"@type":"WebPage","@id":"https:\/\/www.eldiario.net\/portal\/2023\/07\/09\/patrick-wilson-dirige-y-protagoniza-la-noche-del-demonio-la-puerta-roja\/","url":"https:\/\/www.eldiario.net\/portal\/2023\/07\/09\/patrick-wilson-dirige-y-protagoniza-la-noche-del-demonio-la-puerta-roja\/","name":"Patrick Wilson dirige y protagoniza La noche del demonio: la puerta roja - El Diario - Bolivia","isPartOf":{"@id":"https:\/\/www.eldiario.net\/portal\/#website"},"primaryImageOfPage":{"@id":"https:\/\/www.eldiario.net\/portal\/2023\/07\/09\/patrick-wilson-dirige-y-protagoniza-la-noche-del-demonio-la-puerta-roja\/#primaryimage"},"image":{"@id":"https:\/\/www.eldiario.net\/portal\/2023\/07\/09\/patrick-wilson-dirige-y-protagoniza-la-noche-del-demonio-la-puerta-roja\/#primaryimage"},"thumbnailUrl":"https:\/\/www.eldiario.net\/portal\/wp-content\/uploads\/2023\/07\/Patrick-Wilson-dirige-y-protagoniza-La-noche-del-demonio-la-puerta-roja.jpg","datePublished":"2023-07-09T11:59:55+00:00","breadcrumb":{"@id":"https:\/\/www.eldiario.net\/portal\/2023\/07\/09\/patrick-wilson-dirige-y-protagoniza-la-noche-del-demonio-la-puerta-roja\/#breadcrumb"},"inLanguage":"es","potentialAction":[{"@type":"ReadAction","target":["https:\/\/www.eldiario.net\/portal\/2023\/07\/09\/patrick-wilson-dirige-y-protagoniza-la-noche-del-demonio-la-puerta-roja\/"]}]},{"@type":"ImageObject","inLanguage":"es","@id":"https:\/\/www.eldiario.net\/portal\/2023\/07\/09\/patrick-wilson-dirige-y-protagoniza-la-noche-del-demonio-la-puerta-roja\/#primaryimage","url":"https:\/\/www.eldiario.net\/portal\/wp-content\/uploads\/2023\/07\/Patrick-Wilson-dirige-y-protagoniza-La-noche-del-demonio-la-puerta-roja.jpg","contentUrl":"https:\/\/www.eldiario.net\/portal\/wp-content\/uploads\/2023\/07\/Patrick-Wilson-dirige-y-protagoniza-La-noche-del-demonio-la-puerta-roja.jpg","width":1078,"height":999},{"@type":"BreadcrumbList","@id":"https:\/\/www.eldiario.net\/portal\/2023\/07\/09\/patrick-wilson-dirige-y-protagoniza-la-noche-del-demonio-la-puerta-roja\/#breadcrumb","itemListElement":[{"@type":"ListItem","position":1,"name":"Portada","item":"https:\/\/www.eldiario.net\/portal\/"},{"@type":"ListItem","position":2,"name":"Patrick Wilson dirige y protagoniza La noche del demonio: la puerta roja"}]},{"@type":"WebSite","@id":"https:\/\/www.eldiario.net\/portal\/#website","url":"https:\/\/www.eldiario.net\/portal\/","name":"El Diario - Decano de la prensa nacional","description":"El Diario - Decano de la prensa nacional","publisher":{"@id":"https:\/\/www.eldiario.net\/portal\/#organization"},"potentialAction":[{"@type":"SearchAction","target":{"@type":"EntryPoint","urlTemplate":"https:\/\/www.eldiario.net\/portal\/?s={search_term_string}"},"query-input":{"@type":"PropertyValueSpecification","valueRequired":true,"valueName":"search_term_string"}}],"inLanguage":"es"},{"@type":"Organization","@id":"https:\/\/www.eldiario.net\/portal\/#organization","name":"El Diario - Decano de la prensa nacional","url":"https:\/\/www.eldiario.net\/portal\/","logo":{"@type":"ImageObject","inLanguage":"es","@id":"https:\/\/www.eldiario.net\/portal\/#\/schema\/logo\/image\/","url":"https:\/\/www.eldiario.net\/portal\/wp-content\/uploads\/2023\/07\/logo_ED.jpg","contentUrl":"https:\/\/www.eldiario.net\/portal\/wp-content\/uploads\/2023\/07\/logo_ED.jpg","width":272,"height":52,"caption":"El Diario - Decano de la prensa nacional"},"image":{"@id":"https:\/\/www.eldiario.net\/portal\/#\/schema\/logo\/image\/"},"sameAs":["https:\/\/www.facebook.com\/eldiario.bolivia\/","https:\/\/x.com\/eldiario_net"]},{"@type":"Person","@id":"https:\/\/www.eldiario.net\/portal\/#\/schema\/person\/f46445640444750d7d753ccd04ae01b7","name":"Jeanette","image":{"@type":"ImageObject","inLanguage":"es","@id":"https:\/\/secure.gravatar.com\/avatar\/3ea2118a5f7dad2b7138b1187a6b7ee55f160b9968b66013c3a3ef39dd7e5798?s=96&d=mm&r=g","url":"https:\/\/secure.gravatar.com\/avatar\/3ea2118a5f7dad2b7138b1187a6b7ee55f160b9968b66013c3a3ef39dd7e5798?s=96&d=mm&r=g","contentUrl":"https:\/\/secure.gravatar.com\/avatar\/3ea2118a5f7dad2b7138b1187a6b7ee55f160b9968b66013c3a3ef39dd7e5798?s=96&d=mm&r=g","caption":"Jeanette"},"sameAs":["https:\/\/www.eldiario.net\/portal"],"url":"https:\/\/www.eldiario.net\/portal\/author\/jeanette\/"}]}},"_links":{"self":[{"href":"https:\/\/www.eldiario.net\/portal\/wp-json\/wp\/v2\/posts\/164492","targetHints":{"allow":["GET"]}}],"collection":[{"href":"https:\/\/www.eldiario.net\/portal\/wp-json\/wp\/v2\/posts"}],"about":[{"href":"https:\/\/www.eldiario.net\/portal\/wp-json\/wp\/v2\/types\/post"}],"author":[{"embeddable":true,"href":"https:\/\/www.eldiario.net\/portal\/wp-json\/wp\/v2\/users\/1"}],"replies":[{"embeddable":true,"href":"https:\/\/www.eldiario.net\/portal\/wp-json\/wp\/v2\/comments?post=164492"}],"version-history":[{"count":0,"href":"https:\/\/www.eldiario.net\/portal\/wp-json\/wp\/v2\/posts\/164492\/revisions"}],"wp:featuredmedia":[{"embeddable":true,"href":"https:\/\/www.eldiario.net\/portal\/wp-json\/wp\/v2\/media\/164493"}],"wp:attachment":[{"href":"https:\/\/www.eldiario.net\/portal\/wp-json\/wp\/v2\/media?parent=164492"}],"wp:term":[{"taxonomy":"category","embeddable":true,"href":"https:\/\/www.eldiario.net\/portal\/wp-json\/wp\/v2\/categories?post=164492"},{"taxonomy":"post_tag","embeddable":true,"href":"https:\/\/www.eldiario.net\/portal\/wp-json\/wp\/v2\/tags?post=164492"}],"curies":[{"name":"wp","href":"https:\/\/api.w.org\/{rel}","templated":true}]}}