{"id":164445,"date":"2023-07-09T07:39:09","date_gmt":"2023-07-09T11:39:09","guid":{"rendered":"https:\/\/www.eldiario.net\/portal\/?p=164445"},"modified":"2023-07-09T07:39:09","modified_gmt":"2023-07-09T11:39:09","slug":"white-star-toma-el-liderato-de-la-primera-a-de-la-aflp","status":"publish","type":"post","link":"https:\/\/www.eldiario.net\/portal\/2023\/07\/09\/white-star-toma-el-liderato-de-la-primera-a-de-la-aflp\/","title":{"rendered":"White Star toma el liderato de la Primera A de la AFLP"},"content":{"rendered":"<p>Con una goleada imponente sobre Uni\u00f3n Maestranza, el plantel de White Star trep\u00f3 hasta la punta del torneo de Primera A, de la Asociaci\u00f3n de F\u00fatbol de La Paz (AFLP).<br \/>\nEl elenco dirigido por Oscar Loza dio una paliza a los de Viacha, que apuntaban a subir al liderato. Los goles fueron anotados a rengl\u00f3n seguido de manera curiosa: Eduardo Rojas marc\u00f3 el primero a los 63&#8242;, luego Valdir Torrelio sum\u00f3 a los 65&#8242; y nuevamente Rojas anot\u00f3 su tanto a los 66&#8242;, 3-0. Con ello White Star se coloc\u00f3 en la cima con 19 unidades.<br \/>\nEn otros resultados, Real Palcoma venci\u00f3 a Universitario por 3-1. Sandro Leiva (13&#8242;) y Miguel Salgado (40&#8242; y 43&#8242;) anotaron para Palcoma; mientras Henry Hermosilla puso el empate a los 59&#8242;.<br \/>\nMientras, Hiska Nacional sigue trepando poco a poco. Gan\u00f3 con remontada a Ayuda Pa\u00eds por 3-2. Alexis Murillo puso ventaja a su equipo a los 6&#8242; y 39&#8242;; empero, Hiska anot\u00f3 con Luis Gamez (63&#8242; y 84&#8242;) y Fernando Arrieta (69&#8242;) para dar la vuelta. Para finalizar, Deportivo ICC y El Tejar empataron por 1-1. Edwin Condori (55&#8242;) y Diego Alba (60&#8242;) anotaron los goles.<br \/>\nEl pr\u00f3ximo mi\u00e9rcoles continuar\u00e1 la fecha 9 con el partido entre ABB y Virgen de Chijipata. Los de Laja pueden volver a la punta, ya que suman 18 puntos en el segundo lugar. El 19 de julio terminar\u00e1 la fecha con los lances entre LDV Copacabana frente a Deportivo Fatic y Chaco Petrolero contra Ferroviario.<br \/>\nFATIC CLASIFICA PRIMERO<br \/>\nEl club Deportivo Fatic consigui\u00f3 clasificar con anticipaci\u00f3n a la seiguiente fase de la Copa Sim\u00f3n Bol\u00edvar, al solo empatar frente a Chaco Petrolero por 1-1, ayer en el estadio Cosmos 79, de El Alto.<br \/>\nEl equipo alte\u00f1o, dirigido por Juan Carlos Paz Garc\u00eda, solo le restaba sumar un punto m\u00e1s para asegurar su pase a la fase nacional. Ayer empez\u00f3 ganando con el gol de Kevin R\u00edos, a los 33&#8242;, por la v\u00eda del penal; pero Chaco reaccion\u00f3 con R\u00f3mulo Charupi a los 37&#8242;, para el empate.<br \/>\nABB jugar\u00e1 hoy, a las 11:00, frente a Palcoco por seguir en la lucha de pasar de fase. El partido ser\u00e1 en el complejo de Calacoto.<br \/>\nHoy se jugar\u00e1 la sexta fecha de la Primera A del f\u00fatbol femenino. El duelo del d\u00eda ser\u00e1 el lance entre Always Ready y Bol\u00edvar, a las 12:00, en la cancha Eduardo Avaroa. The Strongest, qued\u00f3 libre en esta jornada del balompi\u00e9 femenil. (Erwin Quispe Perca).<\/p>\n","protected":false},"excerpt":{"rendered":"<p>Con una goleada imponente sobre Uni\u00f3n Maestranza, el plantel de White Star trep\u00f3 hasta la punta del torneo de Primera A, de la Asociaci\u00f3n de F\u00fatbol de La Paz (AFLP). El elenco dirigido por Oscar Loza dio una paliza a los de Viacha, que apuntaban a subir al liderato. Los goles fueron anotados a rengl\u00f3n [&hellip;]<\/p>\n","protected":false},"author":1,"featured_media":164447,"comment_status":"closed","ping_status":"open","sticky":false,"template":"","format":"standard","meta":{"_acf_changed":false,"footnotes":""},"categories":[6],"tags":[],"class_list":["post-164445","post","type-post","status-publish","format-standard","has-post-thumbnail","category-deportes"],"acf":{"antetitulo":""},"yoast_head":"<!-- This site is optimized with the Yoast SEO plugin v28.4 - https:\/\/yoast.com\/product\/yoast-seo-wordpress\/ -->\n<title>White Star toma el liderato de la Primera A de la AFLP - El Diario - Bolivia<\/title>\n<meta name=\"robots\" content=\"index, follow, max-snippet:-1, max-image-preview:large, max-video-preview:-1\" \/>\n<link rel=\"canonical\" href=\"https:\/\/www.eldiario.net\/portal\/2023\/07\/09\/white-star-toma-el-liderato-de-la-primera-a-de-la-aflp\/\" \/>\n<meta property=\"og:locale\" content=\"es_ES\" \/>\n<meta property=\"og:type\" content=\"article\" \/>\n<meta property=\"og:title\" content=\"White Star toma el liderato de la Primera A de la AFLP - El Diario - Bolivia\" \/>\n<meta property=\"og:description\" content=\"Con una goleada imponente sobre Uni\u00f3n Maestranza, el plantel de White Star trep\u00f3 hasta la punta del torneo de Primera A, de la Asociaci\u00f3n de F\u00fatbol de La Paz (AFLP). El elenco dirigido por Oscar Loza dio una paliza a los de Viacha, que apuntaban a subir al liderato. Los goles fueron anotados a rengl\u00f3n [&hellip;]\" \/>\n<meta property=\"og:url\" content=\"https:\/\/www.eldiario.net\/portal\/2023\/07\/09\/white-star-toma-el-liderato-de-la-primera-a-de-la-aflp\/\" \/>\n<meta property=\"og:site_name\" content=\"El Diario - Bolivia\" \/>\n<meta property=\"article:publisher\" content=\"https:\/\/www.facebook.com\/eldiario.bolivia\/\" \/>\n<meta property=\"article:published_time\" content=\"2023-07-09T11:39:09+00:00\" \/>\n<meta property=\"og:image\" content=\"https:\/\/www.eldiario.net\/portal\/wp-content\/uploads\/2023\/07\/AFLP-1.jpg\" \/>\n\t<meta property=\"og:image:width\" content=\"1000\" \/>\n\t<meta property=\"og:image:height\" content=\"666\" \/>\n\t<meta property=\"og:image:type\" content=\"image\/jpeg\" \/>\n<meta name=\"author\" content=\"Jeanette\" \/>\n<meta name=\"twitter:card\" content=\"summary_large_image\" \/>\n<meta name=\"twitter:creator\" content=\"@eldiario_net\" \/>\n<meta name=\"twitter:site\" content=\"@eldiario_net\" \/>\n<meta name=\"twitter:label1\" content=\"Escrito por\" \/>\n\t<meta name=\"twitter:data1\" content=\"Jeanette\" \/>\n\t<meta name=\"twitter:label2\" content=\"Tiempo de lectura\" \/>\n\t<meta name=\"twitter:data2\" content=\"2 minutos\" \/>\n<script type=\"application\/ld+json\" class=\"yoast-schema-graph\">{\"@context\":\"https:\\\/\\\/schema.org\",\"@graph\":[{\"@type\":\"Article\",\"@id\":\"https:\\\/\\\/www.eldiario.net\\\/portal\\\/2023\\\/07\\\/09\\\/white-star-toma-el-liderato-de-la-primera-a-de-la-aflp\\\/#article\",\"isPartOf\":{\"@id\":\"https:\\\/\\\/www.eldiario.net\\\/portal\\\/2023\\\/07\\\/09\\\/white-star-toma-el-liderato-de-la-primera-a-de-la-aflp\\\/\"},\"author\":{\"name\":\"Jeanette\",\"@id\":\"https:\\\/\\\/www.eldiario.net\\\/portal\\\/#\\\/schema\\\/person\\\/f46445640444750d7d753ccd04ae01b7\"},\"headline\":\"White Star toma el liderato de la Primera A de la AFLP\",\"datePublished\":\"2023-07-09T11:39:09+00:00\",\"mainEntityOfPage\":{\"@id\":\"https:\\\/\\\/www.eldiario.net\\\/portal\\\/2023\\\/07\\\/09\\\/white-star-toma-el-liderato-de-la-primera-a-de-la-aflp\\\/\"},\"wordCount\":418,\"publisher\":{\"@id\":\"https:\\\/\\\/www.eldiario.net\\\/portal\\\/#organization\"},\"image\":{\"@id\":\"https:\\\/\\\/www.eldiario.net\\\/portal\\\/2023\\\/07\\\/09\\\/white-star-toma-el-liderato-de-la-primera-a-de-la-aflp\\\/#primaryimage\"},\"thumbnailUrl\":\"https:\\\/\\\/www.eldiario.net\\\/portal\\\/wp-content\\\/uploads\\\/2023\\\/07\\\/AFLP-1.jpg\",\"articleSection\":[\"Deportes\"],\"inLanguage\":\"es\"},{\"@type\":\"WebPage\",\"@id\":\"https:\\\/\\\/www.eldiario.net\\\/portal\\\/2023\\\/07\\\/09\\\/white-star-toma-el-liderato-de-la-primera-a-de-la-aflp\\\/\",\"url\":\"https:\\\/\\\/www.eldiario.net\\\/portal\\\/2023\\\/07\\\/09\\\/white-star-toma-el-liderato-de-la-primera-a-de-la-aflp\\\/\",\"name\":\"White Star toma el liderato de la Primera A de la AFLP - El Diario - Bolivia\",\"isPartOf\":{\"@id\":\"https:\\\/\\\/www.eldiario.net\\\/portal\\\/#website\"},\"primaryImageOfPage\":{\"@id\":\"https:\\\/\\\/www.eldiario.net\\\/portal\\\/2023\\\/07\\\/09\\\/white-star-toma-el-liderato-de-la-primera-a-de-la-aflp\\\/#primaryimage\"},\"image\":{\"@id\":\"https:\\\/\\\/www.eldiario.net\\\/portal\\\/2023\\\/07\\\/09\\\/white-star-toma-el-liderato-de-la-primera-a-de-la-aflp\\\/#primaryimage\"},\"thumbnailUrl\":\"https:\\\/\\\/www.eldiario.net\\\/portal\\\/wp-content\\\/uploads\\\/2023\\\/07\\\/AFLP-1.jpg\",\"datePublished\":\"2023-07-09T11:39:09+00:00\",\"breadcrumb\":{\"@id\":\"https:\\\/\\\/www.eldiario.net\\\/portal\\\/2023\\\/07\\\/09\\\/white-star-toma-el-liderato-de-la-primera-a-de-la-aflp\\\/#breadcrumb\"},\"inLanguage\":\"es\",\"potentialAction\":[{\"@type\":\"ReadAction\",\"target\":[\"https:\\\/\\\/www.eldiario.net\\\/portal\\\/2023\\\/07\\\/09\\\/white-star-toma-el-liderato-de-la-primera-a-de-la-aflp\\\/\"]}]},{\"@type\":\"ImageObject\",\"inLanguage\":\"es\",\"@id\":\"https:\\\/\\\/www.eldiario.net\\\/portal\\\/2023\\\/07\\\/09\\\/white-star-toma-el-liderato-de-la-primera-a-de-la-aflp\\\/#primaryimage\",\"url\":\"https:\\\/\\\/www.eldiario.net\\\/portal\\\/wp-content\\\/uploads\\\/2023\\\/07\\\/AFLP-1.jpg\",\"contentUrl\":\"https:\\\/\\\/www.eldiario.net\\\/portal\\\/wp-content\\\/uploads\\\/2023\\\/07\\\/AFLP-1.jpg\",\"width\":1000,\"height\":666},{\"@type\":\"BreadcrumbList\",\"@id\":\"https:\\\/\\\/www.eldiario.net\\\/portal\\\/2023\\\/07\\\/09\\\/white-star-toma-el-liderato-de-la-primera-a-de-la-aflp\\\/#breadcrumb\",\"itemListElement\":[{\"@type\":\"ListItem\",\"position\":1,\"name\":\"Portada\",\"item\":\"https:\\\/\\\/www.eldiario.net\\\/portal\\\/\"},{\"@type\":\"ListItem\",\"position\":2,\"name\":\"White Star toma el liderato de la Primera A de la AFLP\"}]},{\"@type\":\"WebSite\",\"@id\":\"https:\\\/\\\/www.eldiario.net\\\/portal\\\/#website\",\"url\":\"https:\\\/\\\/www.eldiario.net\\\/portal\\\/\",\"name\":\"El Diario - Decano de la prensa nacional\",\"description\":\"El Diario - Decano de la prensa nacional\",\"publisher\":{\"@id\":\"https:\\\/\\\/www.eldiario.net\\\/portal\\\/#organization\"},\"potentialAction\":[{\"@type\":\"SearchAction\",\"target\":{\"@type\":\"EntryPoint\",\"urlTemplate\":\"https:\\\/\\\/www.eldiario.net\\\/portal\\\/?s={search_term_string}\"},\"query-input\":{\"@type\":\"PropertyValueSpecification\",\"valueRequired\":true,\"valueName\":\"search_term_string\"}}],\"inLanguage\":\"es\"},{\"@type\":\"Organization\",\"@id\":\"https:\\\/\\\/www.eldiario.net\\\/portal\\\/#organization\",\"name\":\"El Diario - Decano de la prensa nacional\",\"url\":\"https:\\\/\\\/www.eldiario.net\\\/portal\\\/\",\"logo\":{\"@type\":\"ImageObject\",\"inLanguage\":\"es\",\"@id\":\"https:\\\/\\\/www.eldiario.net\\\/portal\\\/#\\\/schema\\\/logo\\\/image\\\/\",\"url\":\"https:\\\/\\\/www.eldiario.net\\\/portal\\\/wp-content\\\/uploads\\\/2023\\\/07\\\/logo_ED.jpg\",\"contentUrl\":\"https:\\\/\\\/www.eldiario.net\\\/portal\\\/wp-content\\\/uploads\\\/2023\\\/07\\\/logo_ED.jpg\",\"width\":272,\"height\":52,\"caption\":\"El Diario - Decano de la prensa nacional\"},\"image\":{\"@id\":\"https:\\\/\\\/www.eldiario.net\\\/portal\\\/#\\\/schema\\\/logo\\\/image\\\/\"},\"sameAs\":[\"https:\\\/\\\/www.facebook.com\\\/eldiario.bolivia\\\/\",\"https:\\\/\\\/x.com\\\/eldiario_net\"]},{\"@type\":\"Person\",\"@id\":\"https:\\\/\\\/www.eldiario.net\\\/portal\\\/#\\\/schema\\\/person\\\/f46445640444750d7d753ccd04ae01b7\",\"name\":\"Jeanette\",\"image\":{\"@type\":\"ImageObject\",\"inLanguage\":\"es\",\"@id\":\"https:\\\/\\\/secure.gravatar.com\\\/avatar\\\/3ea2118a5f7dad2b7138b1187a6b7ee55f160b9968b66013c3a3ef39dd7e5798?s=96&d=mm&r=g\",\"url\":\"https:\\\/\\\/secure.gravatar.com\\\/avatar\\\/3ea2118a5f7dad2b7138b1187a6b7ee55f160b9968b66013c3a3ef39dd7e5798?s=96&d=mm&r=g\",\"contentUrl\":\"https:\\\/\\\/secure.gravatar.com\\\/avatar\\\/3ea2118a5f7dad2b7138b1187a6b7ee55f160b9968b66013c3a3ef39dd7e5798?s=96&d=mm&r=g\",\"caption\":\"Jeanette\"},\"sameAs\":[\"https:\\\/\\\/www.eldiario.net\\\/portal\"],\"url\":\"https:\\\/\\\/www.eldiario.net\\\/portal\\\/author\\\/jeanette\\\/\"}]}<\/script>\n<!-- \/ Yoast SEO plugin. -->","yoast_head_json":{"title":"White Star toma el liderato de la Primera A de la AFLP - El Diario - Bolivia","robots":{"index":"index","follow":"follow","max-snippet":"max-snippet:-1","max-image-preview":"max-image-preview:large","max-video-preview":"max-video-preview:-1"},"canonical":"https:\/\/www.eldiario.net\/portal\/2023\/07\/09\/white-star-toma-el-liderato-de-la-primera-a-de-la-aflp\/","og_locale":"es_ES","og_type":"article","og_title":"White Star toma el liderato de la Primera A de la AFLP - El Diario - Bolivia","og_description":"Con una goleada imponente sobre Uni\u00f3n Maestranza, el plantel de White Star trep\u00f3 hasta la punta del torneo de Primera A, de la Asociaci\u00f3n de F\u00fatbol de La Paz (AFLP). El elenco dirigido por Oscar Loza dio una paliza a los de Viacha, que apuntaban a subir al liderato. Los goles fueron anotados a rengl\u00f3n [&hellip;]","og_url":"https:\/\/www.eldiario.net\/portal\/2023\/07\/09\/white-star-toma-el-liderato-de-la-primera-a-de-la-aflp\/","og_site_name":"El Diario - Bolivia","article_publisher":"https:\/\/www.facebook.com\/eldiario.bolivia\/","article_published_time":"2023-07-09T11:39:09+00:00","og_image":[{"width":1000,"height":666,"url":"https:\/\/www.eldiario.net\/portal\/wp-content\/uploads\/2023\/07\/AFLP-1.jpg","type":"image\/jpeg"}],"author":"Jeanette","twitter_card":"summary_large_image","twitter_creator":"@eldiario_net","twitter_site":"@eldiario_net","twitter_misc":{"Escrito por":"Jeanette","Tiempo de lectura":"2 minutos"},"schema":{"@context":"https:\/\/schema.org","@graph":[{"@type":"Article","@id":"https:\/\/www.eldiario.net\/portal\/2023\/07\/09\/white-star-toma-el-liderato-de-la-primera-a-de-la-aflp\/#article","isPartOf":{"@id":"https:\/\/www.eldiario.net\/portal\/2023\/07\/09\/white-star-toma-el-liderato-de-la-primera-a-de-la-aflp\/"},"author":{"name":"Jeanette","@id":"https:\/\/www.eldiario.net\/portal\/#\/schema\/person\/f46445640444750d7d753ccd04ae01b7"},"headline":"White Star toma el liderato de la Primera A de la AFLP","datePublished":"2023-07-09T11:39:09+00:00","mainEntityOfPage":{"@id":"https:\/\/www.eldiario.net\/portal\/2023\/07\/09\/white-star-toma-el-liderato-de-la-primera-a-de-la-aflp\/"},"wordCount":418,"publisher":{"@id":"https:\/\/www.eldiario.net\/portal\/#organization"},"image":{"@id":"https:\/\/www.eldiario.net\/portal\/2023\/07\/09\/white-star-toma-el-liderato-de-la-primera-a-de-la-aflp\/#primaryimage"},"thumbnailUrl":"https:\/\/www.eldiario.net\/portal\/wp-content\/uploads\/2023\/07\/AFLP-1.jpg","articleSection":["Deportes"],"inLanguage":"es"},{"@type":"WebPage","@id":"https:\/\/www.eldiario.net\/portal\/2023\/07\/09\/white-star-toma-el-liderato-de-la-primera-a-de-la-aflp\/","url":"https:\/\/www.eldiario.net\/portal\/2023\/07\/09\/white-star-toma-el-liderato-de-la-primera-a-de-la-aflp\/","name":"White Star toma el liderato de la Primera A de la AFLP - El Diario - Bolivia","isPartOf":{"@id":"https:\/\/www.eldiario.net\/portal\/#website"},"primaryImageOfPage":{"@id":"https:\/\/www.eldiario.net\/portal\/2023\/07\/09\/white-star-toma-el-liderato-de-la-primera-a-de-la-aflp\/#primaryimage"},"image":{"@id":"https:\/\/www.eldiario.net\/portal\/2023\/07\/09\/white-star-toma-el-liderato-de-la-primera-a-de-la-aflp\/#primaryimage"},"thumbnailUrl":"https:\/\/www.eldiario.net\/portal\/wp-content\/uploads\/2023\/07\/AFLP-1.jpg","datePublished":"2023-07-09T11:39:09+00:00","breadcrumb":{"@id":"https:\/\/www.eldiario.net\/portal\/2023\/07\/09\/white-star-toma-el-liderato-de-la-primera-a-de-la-aflp\/#breadcrumb"},"inLanguage":"es","potentialAction":[{"@type":"ReadAction","target":["https:\/\/www.eldiario.net\/portal\/2023\/07\/09\/white-star-toma-el-liderato-de-la-primera-a-de-la-aflp\/"]}]},{"@type":"ImageObject","inLanguage":"es","@id":"https:\/\/www.eldiario.net\/portal\/2023\/07\/09\/white-star-toma-el-liderato-de-la-primera-a-de-la-aflp\/#primaryimage","url":"https:\/\/www.eldiario.net\/portal\/wp-content\/uploads\/2023\/07\/AFLP-1.jpg","contentUrl":"https:\/\/www.eldiario.net\/portal\/wp-content\/uploads\/2023\/07\/AFLP-1.jpg","width":1000,"height":666},{"@type":"BreadcrumbList","@id":"https:\/\/www.eldiario.net\/portal\/2023\/07\/09\/white-star-toma-el-liderato-de-la-primera-a-de-la-aflp\/#breadcrumb","itemListElement":[{"@type":"ListItem","position":1,"name":"Portada","item":"https:\/\/www.eldiario.net\/portal\/"},{"@type":"ListItem","position":2,"name":"White Star toma el liderato de la Primera A de la AFLP"}]},{"@type":"WebSite","@id":"https:\/\/www.eldiario.net\/portal\/#website","url":"https:\/\/www.eldiario.net\/portal\/","name":"El Diario - Decano de la prensa nacional","description":"El Diario - Decano de la prensa nacional","publisher":{"@id":"https:\/\/www.eldiario.net\/portal\/#organization"},"potentialAction":[{"@type":"SearchAction","target":{"@type":"EntryPoint","urlTemplate":"https:\/\/www.eldiario.net\/portal\/?s={search_term_string}"},"query-input":{"@type":"PropertyValueSpecification","valueRequired":true,"valueName":"search_term_string"}}],"inLanguage":"es"},{"@type":"Organization","@id":"https:\/\/www.eldiario.net\/portal\/#organization","name":"El Diario - Decano de la prensa nacional","url":"https:\/\/www.eldiario.net\/portal\/","logo":{"@type":"ImageObject","inLanguage":"es","@id":"https:\/\/www.eldiario.net\/portal\/#\/schema\/logo\/image\/","url":"https:\/\/www.eldiario.net\/portal\/wp-content\/uploads\/2023\/07\/logo_ED.jpg","contentUrl":"https:\/\/www.eldiario.net\/portal\/wp-content\/uploads\/2023\/07\/logo_ED.jpg","width":272,"height":52,"caption":"El Diario - Decano de la prensa nacional"},"image":{"@id":"https:\/\/www.eldiario.net\/portal\/#\/schema\/logo\/image\/"},"sameAs":["https:\/\/www.facebook.com\/eldiario.bolivia\/","https:\/\/x.com\/eldiario_net"]},{"@type":"Person","@id":"https:\/\/www.eldiario.net\/portal\/#\/schema\/person\/f46445640444750d7d753ccd04ae01b7","name":"Jeanette","image":{"@type":"ImageObject","inLanguage":"es","@id":"https:\/\/secure.gravatar.com\/avatar\/3ea2118a5f7dad2b7138b1187a6b7ee55f160b9968b66013c3a3ef39dd7e5798?s=96&d=mm&r=g","url":"https:\/\/secure.gravatar.com\/avatar\/3ea2118a5f7dad2b7138b1187a6b7ee55f160b9968b66013c3a3ef39dd7e5798?s=96&d=mm&r=g","contentUrl":"https:\/\/secure.gravatar.com\/avatar\/3ea2118a5f7dad2b7138b1187a6b7ee55f160b9968b66013c3a3ef39dd7e5798?s=96&d=mm&r=g","caption":"Jeanette"},"sameAs":["https:\/\/www.eldiario.net\/portal"],"url":"https:\/\/www.eldiario.net\/portal\/author\/jeanette\/"}]}},"_links":{"self":[{"href":"https:\/\/www.eldiario.net\/portal\/wp-json\/wp\/v2\/posts\/164445","targetHints":{"allow":["GET"]}}],"collection":[{"href":"https:\/\/www.eldiario.net\/portal\/wp-json\/wp\/v2\/posts"}],"about":[{"href":"https:\/\/www.eldiario.net\/portal\/wp-json\/wp\/v2\/types\/post"}],"author":[{"embeddable":true,"href":"https:\/\/www.eldiario.net\/portal\/wp-json\/wp\/v2\/users\/1"}],"replies":[{"embeddable":true,"href":"https:\/\/www.eldiario.net\/portal\/wp-json\/wp\/v2\/comments?post=164445"}],"version-history":[{"count":0,"href":"https:\/\/www.eldiario.net\/portal\/wp-json\/wp\/v2\/posts\/164445\/revisions"}],"wp:featuredmedia":[{"embeddable":true,"href":"https:\/\/www.eldiario.net\/portal\/wp-json\/wp\/v2\/media\/164447"}],"wp:attachment":[{"href":"https:\/\/www.eldiario.net\/portal\/wp-json\/wp\/v2\/media?parent=164445"}],"wp:term":[{"taxonomy":"category","embeddable":true,"href":"https:\/\/www.eldiario.net\/portal\/wp-json\/wp\/v2\/categories?post=164445"},{"taxonomy":"post_tag","embeddable":true,"href":"https:\/\/www.eldiario.net\/portal\/wp-json\/wp\/v2\/tags?post=164445"}],"curies":[{"name":"wp","href":"https:\/\/api.w.org\/{rel}","templated":true}]}}