{"id":164441,"date":"2023-07-09T07:36:08","date_gmt":"2023-07-09T11:36:08","guid":{"rendered":"https:\/\/www.eldiario.net\/portal\/?p=164441"},"modified":"2023-07-09T07:36:08","modified_gmt":"2023-07-09T11:36:08","slug":"comuna-inaugura-obras-para-revivir-avenida-libertad","status":"publish","type":"post","link":"https:\/\/www.eldiario.net\/portal\/2023\/07\/09\/comuna-inaugura-obras-para-revivir-avenida-libertad\/","title":{"rendered":"Comuna inaugura obras para  \u201crevivir\u201d avenida Libertad"},"content":{"rendered":"<p>Despu\u00e9s de cuatro a\u00f1os de haber ocurrido el deslizamiento que afect\u00f3 la avenida Libertad y m\u00e1s de 60 viviendas en el sector de San Jorge-Kantutani, la comuna pace\u00f1a inaugur\u00f3 de manera oficial las obras de estabilizaci\u00f3n de ese sector para \u201crevivir\u201d la mencionada avenida y el paso por los puentes trillizos.<br \/>\nLos trabajos de estabilizaci\u00f3n del sector, donde en 2019 decenas de familias perdieron sus hogares, permitir\u00e1n la reposici\u00f3n de esa principal v\u00eda para la conexi\u00f3n con los puentes trillizos, adem\u00e1s, se anunci\u00f3 que, en esa \u00e1rea municipal, se levantar\u00e1 el Parque 3.600 La Paz.<br \/>\n\u201cNo solo estamos embovedando, estamos haciendo todas las obras de estabilizaci\u00f3n, vamos hacer los accesos a los barrios, vamos a mejorar las aceras, vamos a mejorar el enlosetado, empedrados, asfaltados\u201d, detall\u00f3 el alcalde pace\u00f1o, Iv\u00e1n Arias, durante el acto de inauguraci\u00f3n realizado la pasada jornada.<br \/>\nSe prev\u00e9 que una vez, que este trabajo concluya, se construir\u00e1 el Parque 3.600 La Paz en ocho hect\u00e1reas, al momento, el t\u00fanel del embovedado, tiene un avance del 80%, a su conclusi\u00f3n se tapar\u00e1 el sector y se iniciar\u00e1 la construcci\u00f3n del \u201cmayor pulm\u00f3n pace\u00f1o\u201d que estar\u00e1 en San Jorge Kantutani e Inmaculada Concepci\u00f3n. Ser\u00e1 un espacio de esparcimiento, ecol\u00f3gico y para deportes extremos como las carreras 4\u00d74 o el Downhill, parapente y automodelismo, entre otros.<br \/>\nPor su parte, el secretario municipal de Gesti\u00f3n Integral de Riesgos, Juan Pablo Palma detall\u00f3 que varios otros trabajos antecedieron a la inauguraci\u00f3n y que estos se realizaron por fases.<br \/>\n\u201cTenemos ocho empresas constructoras trabajando en el sector y cuatro firmas que son las responsables de la supervisi\u00f3n del proyecto. Es un proyecto que contempla, adem\u00e1s de la reposici\u00f3n de la avenida Libertad, muros estructurales, sistemas de pilotaje, la reposici\u00f3n de los servicios b\u00e1sicos, sistemas de drenaje de agua potable y alcantarillado, y tambi\u00e9n una importante construcci\u00f3n de muros terramesh que permitir\u00e1n recuperar la altura hasta la avenida Libertad\u201d, sostuvo.<br \/>\nLa comuna pace\u00f1a invertir\u00e1 37 millones de bolivianos en todos los trabajos que se realicen. Para acceder al cr\u00e9dito del Banco Mundial, para ejecutar este proyecto, el Gobierno Municipal de La Paz, tuvo que \u201cdemostrar que estos terrenos nos pertenecen y que se han hecho las compensaciones\u201d a los afectados del deslizamiento de 2019, explic\u00f3 el burgomaestre.<br \/>\nSe refiri\u00f3 a este aspecto, ante la presencia de presuntos afectados de ese deslizamiento y que trataron de empa\u00f1ar el inicio de las obras. El alcalde Arias les advirti\u00f3 que los loteadores no entrar\u00e1n a esa \u00e1rea municipal.<br \/>\n\u201cTengan bien claro, se los digo, los loteadores no van a entrar aqu\u00ed. Se los estoy diciendo, estoy advirtiendo personalmente, voy a defender lo que es de los pace\u00f1os. Estafadores. Tengo la pol\u00edtica de escuchar, dialogar, La Paz en paz, pero yo no di\u00e1logo con estafadores, ni con loteadores, eso tengan claro\u201d, asegur\u00f3 la autoridad municipal.<br \/>\nLa m\u00e1xima autoridad edil pace\u00f1a realiz\u00f3 una caminata por el sector e ingres\u00f3 a la b\u00f3veda del r\u00edo Cotahuma acompa\u00f1ado de concejales, secretarios municipales, subalcaldes, adem\u00e1s de la Cholita Pace\u00f1a 2023, Fanny L\u00f3pez, y la Cholita Kurmi 2023, Nicol Labra.<br \/>\nAsimismo, como es tradicional, luego del acto oficial de inauguraci\u00f3n se agradeci\u00f3 a la Pachamama con una wajt\u2019a y ch\u2019alla del inicio de obras, en las que participaron todos los asistentes.<\/p>\n","protected":false},"excerpt":{"rendered":"<p>Despu\u00e9s de cuatro a\u00f1os de haber ocurrido el deslizamiento que afect\u00f3 la avenida Libertad y m\u00e1s de 60 viviendas en el sector de San Jorge-Kantutani, la comuna pace\u00f1a inaugur\u00f3 de manera oficial las obras de estabilizaci\u00f3n de ese sector para \u201crevivir\u201d la mencionada avenida y el paso por los puentes trillizos. Los trabajos de estabilizaci\u00f3n [&hellip;]<\/p>\n","protected":false},"author":1,"featured_media":0,"comment_status":"closed","ping_status":"open","sticky":false,"template":"","format":"standard","meta":{"_acf_changed":false,"footnotes":""},"categories":[12],"tags":[],"class_list":["post-164441","post","type-post","status-publish","format-standard","category-nacional"],"acf":{"antetitulo":""},"yoast_head":"<!-- This site is optimized with the Yoast SEO plugin v28.4 - https:\/\/yoast.com\/product\/yoast-seo-wordpress\/ -->\n<title>Comuna inaugura obras para \u201crevivir\u201d avenida Libertad - El Diario - Bolivia<\/title>\n<meta name=\"robots\" content=\"index, follow, max-snippet:-1, max-image-preview:large, max-video-preview:-1\" \/>\n<link rel=\"canonical\" href=\"https:\/\/www.eldiario.net\/portal\/2023\/07\/09\/comuna-inaugura-obras-para-revivir-avenida-libertad\/\" \/>\n<meta property=\"og:locale\" content=\"es_ES\" \/>\n<meta property=\"og:type\" content=\"article\" \/>\n<meta property=\"og:title\" content=\"Comuna inaugura obras para \u201crevivir\u201d avenida Libertad - El Diario - Bolivia\" \/>\n<meta property=\"og:description\" content=\"Despu\u00e9s de cuatro a\u00f1os de haber ocurrido el deslizamiento que afect\u00f3 la avenida Libertad y m\u00e1s de 60 viviendas en el sector de San Jorge-Kantutani, la comuna pace\u00f1a inaugur\u00f3 de manera oficial las obras de estabilizaci\u00f3n de ese sector para \u201crevivir\u201d la mencionada avenida y el paso por los puentes trillizos. Los trabajos de estabilizaci\u00f3n [&hellip;]\" \/>\n<meta property=\"og:url\" content=\"https:\/\/www.eldiario.net\/portal\/2023\/07\/09\/comuna-inaugura-obras-para-revivir-avenida-libertad\/\" \/>\n<meta property=\"og:site_name\" content=\"El Diario - Bolivia\" \/>\n<meta property=\"article:publisher\" content=\"https:\/\/www.facebook.com\/eldiario.bolivia\/\" \/>\n<meta property=\"article:published_time\" content=\"2023-07-09T11:36:08+00:00\" \/>\n<meta name=\"author\" content=\"Jeanette\" \/>\n<meta name=\"twitter:card\" content=\"summary_large_image\" \/>\n<meta name=\"twitter:creator\" content=\"@eldiario_net\" \/>\n<meta name=\"twitter:site\" content=\"@eldiario_net\" \/>\n<meta name=\"twitter:label1\" content=\"Escrito por\" \/>\n\t<meta name=\"twitter:data1\" content=\"Jeanette\" \/>\n\t<meta name=\"twitter:label2\" content=\"Tiempo de lectura\" \/>\n\t<meta name=\"twitter:data2\" content=\"3 minutos\" \/>\n<script type=\"application\/ld+json\" class=\"yoast-schema-graph\">{\"@context\":\"https:\\\/\\\/schema.org\",\"@graph\":[{\"@type\":\"Article\",\"@id\":\"https:\\\/\\\/www.eldiario.net\\\/portal\\\/2023\\\/07\\\/09\\\/comuna-inaugura-obras-para-revivir-avenida-libertad\\\/#article\",\"isPartOf\":{\"@id\":\"https:\\\/\\\/www.eldiario.net\\\/portal\\\/2023\\\/07\\\/09\\\/comuna-inaugura-obras-para-revivir-avenida-libertad\\\/\"},\"author\":{\"name\":\"Jeanette\",\"@id\":\"https:\\\/\\\/www.eldiario.net\\\/portal\\\/#\\\/schema\\\/person\\\/2c57cf2b7a7ae032e449e4c9b1019eac\"},\"headline\":\"Comuna inaugura obras para \u201crevivir\u201d avenida Libertad\",\"datePublished\":\"2023-07-09T11:36:08+00:00\",\"mainEntityOfPage\":{\"@id\":\"https:\\\/\\\/www.eldiario.net\\\/portal\\\/2023\\\/07\\\/09\\\/comuna-inaugura-obras-para-revivir-avenida-libertad\\\/\"},\"wordCount\":587,\"publisher\":{\"@id\":\"https:\\\/\\\/www.eldiario.net\\\/portal\\\/#organization\"},\"articleSection\":[\"Nacional\"],\"inLanguage\":\"es\"},{\"@type\":\"WebPage\",\"@id\":\"https:\\\/\\\/www.eldiario.net\\\/portal\\\/2023\\\/07\\\/09\\\/comuna-inaugura-obras-para-revivir-avenida-libertad\\\/\",\"url\":\"https:\\\/\\\/www.eldiario.net\\\/portal\\\/2023\\\/07\\\/09\\\/comuna-inaugura-obras-para-revivir-avenida-libertad\\\/\",\"name\":\"Comuna inaugura obras para \u201crevivir\u201d avenida Libertad - El Diario - Bolivia\",\"isPartOf\":{\"@id\":\"https:\\\/\\\/www.eldiario.net\\\/portal\\\/#website\"},\"datePublished\":\"2023-07-09T11:36:08+00:00\",\"breadcrumb\":{\"@id\":\"https:\\\/\\\/www.eldiario.net\\\/portal\\\/2023\\\/07\\\/09\\\/comuna-inaugura-obras-para-revivir-avenida-libertad\\\/#breadcrumb\"},\"inLanguage\":\"es\",\"potentialAction\":[{\"@type\":\"ReadAction\",\"target\":[\"https:\\\/\\\/www.eldiario.net\\\/portal\\\/2023\\\/07\\\/09\\\/comuna-inaugura-obras-para-revivir-avenida-libertad\\\/\"]}]},{\"@type\":\"BreadcrumbList\",\"@id\":\"https:\\\/\\\/www.eldiario.net\\\/portal\\\/2023\\\/07\\\/09\\\/comuna-inaugura-obras-para-revivir-avenida-libertad\\\/#breadcrumb\",\"itemListElement\":[{\"@type\":\"ListItem\",\"position\":1,\"name\":\"Portada\",\"item\":\"https:\\\/\\\/www.eldiario.net\\\/portal\\\/\"},{\"@type\":\"ListItem\",\"position\":2,\"name\":\"Comuna inaugura obras para \u201crevivir\u201d avenida Libertad\"}]},{\"@type\":\"WebSite\",\"@id\":\"https:\\\/\\\/www.eldiario.net\\\/portal\\\/#website\",\"url\":\"https:\\\/\\\/www.eldiario.net\\\/portal\\\/\",\"name\":\"El Diario - Decano de la prensa nacional\",\"description\":\"El Diario - Decano de la prensa nacional\",\"publisher\":{\"@id\":\"https:\\\/\\\/www.eldiario.net\\\/portal\\\/#organization\"},\"potentialAction\":[{\"@type\":\"SearchAction\",\"target\":{\"@type\":\"EntryPoint\",\"urlTemplate\":\"https:\\\/\\\/www.eldiario.net\\\/portal\\\/?s={search_term_string}\"},\"query-input\":{\"@type\":\"PropertyValueSpecification\",\"valueRequired\":true,\"valueName\":\"search_term_string\"}}],\"inLanguage\":\"es\"},{\"@type\":\"Organization\",\"@id\":\"https:\\\/\\\/www.eldiario.net\\\/portal\\\/#organization\",\"name\":\"El Diario - Decano de la prensa nacional\",\"url\":\"https:\\\/\\\/www.eldiario.net\\\/portal\\\/\",\"logo\":{\"@type\":\"ImageObject\",\"inLanguage\":\"es\",\"@id\":\"https:\\\/\\\/www.eldiario.net\\\/portal\\\/#\\\/schema\\\/logo\\\/image\\\/\",\"url\":\"https:\\\/\\\/www.eldiario.net\\\/portal\\\/wp-content\\\/uploads\\\/2023\\\/07\\\/logo_ED.jpg\",\"contentUrl\":\"https:\\\/\\\/www.eldiario.net\\\/portal\\\/wp-content\\\/uploads\\\/2023\\\/07\\\/logo_ED.jpg\",\"width\":272,\"height\":52,\"caption\":\"El Diario - Decano de la prensa nacional\"},\"image\":{\"@id\":\"https:\\\/\\\/www.eldiario.net\\\/portal\\\/#\\\/schema\\\/logo\\\/image\\\/\"},\"sameAs\":[\"https:\\\/\\\/www.facebook.com\\\/eldiario.bolivia\\\/\",\"https:\\\/\\\/x.com\\\/eldiario_net\"]},{\"@type\":\"Person\",\"@id\":\"https:\\\/\\\/www.eldiario.net\\\/portal\\\/#\\\/schema\\\/person\\\/2c57cf2b7a7ae032e449e4c9b1019eac\",\"name\":\"Jeanette\",\"image\":{\"@type\":\"ImageObject\",\"inLanguage\":\"es\",\"@id\":\"https:\\\/\\\/secure.gravatar.com\\\/avatar\\\/3ea2118a5f7dad2b7138b1187a6b7ee55f160b9968b66013c3a3ef39dd7e5798?s=96&d=mm&r=g\",\"url\":\"https:\\\/\\\/secure.gravatar.com\\\/avatar\\\/3ea2118a5f7dad2b7138b1187a6b7ee55f160b9968b66013c3a3ef39dd7e5798?s=96&d=mm&r=g\",\"contentUrl\":\"https:\\\/\\\/secure.gravatar.com\\\/avatar\\\/3ea2118a5f7dad2b7138b1187a6b7ee55f160b9968b66013c3a3ef39dd7e5798?s=96&d=mm&r=g\",\"caption\":\"Jeanette\"},\"sameAs\":[\"https:\\\/\\\/www.eldiario.net\\\/portal\"],\"url\":\"https:\\\/\\\/www.eldiario.net\\\/portal\\\/author\\\/jeanette\\\/\"}]}<\/script>\n<!-- \/ Yoast SEO plugin. -->","yoast_head_json":{"title":"Comuna inaugura obras para \u201crevivir\u201d avenida Libertad - El Diario - Bolivia","robots":{"index":"index","follow":"follow","max-snippet":"max-snippet:-1","max-image-preview":"max-image-preview:large","max-video-preview":"max-video-preview:-1"},"canonical":"https:\/\/www.eldiario.net\/portal\/2023\/07\/09\/comuna-inaugura-obras-para-revivir-avenida-libertad\/","og_locale":"es_ES","og_type":"article","og_title":"Comuna inaugura obras para \u201crevivir\u201d avenida Libertad - El Diario - Bolivia","og_description":"Despu\u00e9s de cuatro a\u00f1os de haber ocurrido el deslizamiento que afect\u00f3 la avenida Libertad y m\u00e1s de 60 viviendas en el sector de San Jorge-Kantutani, la comuna pace\u00f1a inaugur\u00f3 de manera oficial las obras de estabilizaci\u00f3n de ese sector para \u201crevivir\u201d la mencionada avenida y el paso por los puentes trillizos. Los trabajos de estabilizaci\u00f3n [&hellip;]","og_url":"https:\/\/www.eldiario.net\/portal\/2023\/07\/09\/comuna-inaugura-obras-para-revivir-avenida-libertad\/","og_site_name":"El Diario - Bolivia","article_publisher":"https:\/\/www.facebook.com\/eldiario.bolivia\/","article_published_time":"2023-07-09T11:36:08+00:00","author":"Jeanette","twitter_card":"summary_large_image","twitter_creator":"@eldiario_net","twitter_site":"@eldiario_net","twitter_misc":{"Escrito por":"Jeanette","Tiempo de lectura":"3 minutos"},"schema":{"@context":"https:\/\/schema.org","@graph":[{"@type":"Article","@id":"https:\/\/www.eldiario.net\/portal\/2023\/07\/09\/comuna-inaugura-obras-para-revivir-avenida-libertad\/#article","isPartOf":{"@id":"https:\/\/www.eldiario.net\/portal\/2023\/07\/09\/comuna-inaugura-obras-para-revivir-avenida-libertad\/"},"author":{"name":"Jeanette","@id":"https:\/\/www.eldiario.net\/portal\/#\/schema\/person\/2c57cf2b7a7ae032e449e4c9b1019eac"},"headline":"Comuna inaugura obras para \u201crevivir\u201d avenida Libertad","datePublished":"2023-07-09T11:36:08+00:00","mainEntityOfPage":{"@id":"https:\/\/www.eldiario.net\/portal\/2023\/07\/09\/comuna-inaugura-obras-para-revivir-avenida-libertad\/"},"wordCount":587,"publisher":{"@id":"https:\/\/www.eldiario.net\/portal\/#organization"},"articleSection":["Nacional"],"inLanguage":"es"},{"@type":"WebPage","@id":"https:\/\/www.eldiario.net\/portal\/2023\/07\/09\/comuna-inaugura-obras-para-revivir-avenida-libertad\/","url":"https:\/\/www.eldiario.net\/portal\/2023\/07\/09\/comuna-inaugura-obras-para-revivir-avenida-libertad\/","name":"Comuna inaugura obras para \u201crevivir\u201d avenida Libertad - El Diario - Bolivia","isPartOf":{"@id":"https:\/\/www.eldiario.net\/portal\/#website"},"datePublished":"2023-07-09T11:36:08+00:00","breadcrumb":{"@id":"https:\/\/www.eldiario.net\/portal\/2023\/07\/09\/comuna-inaugura-obras-para-revivir-avenida-libertad\/#breadcrumb"},"inLanguage":"es","potentialAction":[{"@type":"ReadAction","target":["https:\/\/www.eldiario.net\/portal\/2023\/07\/09\/comuna-inaugura-obras-para-revivir-avenida-libertad\/"]}]},{"@type":"BreadcrumbList","@id":"https:\/\/www.eldiario.net\/portal\/2023\/07\/09\/comuna-inaugura-obras-para-revivir-avenida-libertad\/#breadcrumb","itemListElement":[{"@type":"ListItem","position":1,"name":"Portada","item":"https:\/\/www.eldiario.net\/portal\/"},{"@type":"ListItem","position":2,"name":"Comuna inaugura obras para \u201crevivir\u201d avenida Libertad"}]},{"@type":"WebSite","@id":"https:\/\/www.eldiario.net\/portal\/#website","url":"https:\/\/www.eldiario.net\/portal\/","name":"El Diario - Decano de la prensa nacional","description":"El Diario - Decano de la prensa nacional","publisher":{"@id":"https:\/\/www.eldiario.net\/portal\/#organization"},"potentialAction":[{"@type":"SearchAction","target":{"@type":"EntryPoint","urlTemplate":"https:\/\/www.eldiario.net\/portal\/?s={search_term_string}"},"query-input":{"@type":"PropertyValueSpecification","valueRequired":true,"valueName":"search_term_string"}}],"inLanguage":"es"},{"@type":"Organization","@id":"https:\/\/www.eldiario.net\/portal\/#organization","name":"El Diario - Decano de la prensa nacional","url":"https:\/\/www.eldiario.net\/portal\/","logo":{"@type":"ImageObject","inLanguage":"es","@id":"https:\/\/www.eldiario.net\/portal\/#\/schema\/logo\/image\/","url":"https:\/\/www.eldiario.net\/portal\/wp-content\/uploads\/2023\/07\/logo_ED.jpg","contentUrl":"https:\/\/www.eldiario.net\/portal\/wp-content\/uploads\/2023\/07\/logo_ED.jpg","width":272,"height":52,"caption":"El Diario - Decano de la prensa nacional"},"image":{"@id":"https:\/\/www.eldiario.net\/portal\/#\/schema\/logo\/image\/"},"sameAs":["https:\/\/www.facebook.com\/eldiario.bolivia\/","https:\/\/x.com\/eldiario_net"]},{"@type":"Person","@id":"https:\/\/www.eldiario.net\/portal\/#\/schema\/person\/2c57cf2b7a7ae032e449e4c9b1019eac","name":"Jeanette","image":{"@type":"ImageObject","inLanguage":"es","@id":"https:\/\/secure.gravatar.com\/avatar\/3ea2118a5f7dad2b7138b1187a6b7ee55f160b9968b66013c3a3ef39dd7e5798?s=96&d=mm&r=g","url":"https:\/\/secure.gravatar.com\/avatar\/3ea2118a5f7dad2b7138b1187a6b7ee55f160b9968b66013c3a3ef39dd7e5798?s=96&d=mm&r=g","contentUrl":"https:\/\/secure.gravatar.com\/avatar\/3ea2118a5f7dad2b7138b1187a6b7ee55f160b9968b66013c3a3ef39dd7e5798?s=96&d=mm&r=g","caption":"Jeanette"},"sameAs":["https:\/\/www.eldiario.net\/portal"],"url":"https:\/\/www.eldiario.net\/portal\/author\/jeanette\/"}]}},"_links":{"self":[{"href":"https:\/\/www.eldiario.net\/portal\/wp-json\/wp\/v2\/posts\/164441","targetHints":{"allow":["GET"]}}],"collection":[{"href":"https:\/\/www.eldiario.net\/portal\/wp-json\/wp\/v2\/posts"}],"about":[{"href":"https:\/\/www.eldiario.net\/portal\/wp-json\/wp\/v2\/types\/post"}],"author":[{"embeddable":true,"href":"https:\/\/www.eldiario.net\/portal\/wp-json\/wp\/v2\/users\/1"}],"replies":[{"embeddable":true,"href":"https:\/\/www.eldiario.net\/portal\/wp-json\/wp\/v2\/comments?post=164441"}],"version-history":[{"count":0,"href":"https:\/\/www.eldiario.net\/portal\/wp-json\/wp\/v2\/posts\/164441\/revisions"}],"wp:attachment":[{"href":"https:\/\/www.eldiario.net\/portal\/wp-json\/wp\/v2\/media?parent=164441"}],"wp:term":[{"taxonomy":"category","embeddable":true,"href":"https:\/\/www.eldiario.net\/portal\/wp-json\/wp\/v2\/categories?post=164441"},{"taxonomy":"post_tag","embeddable":true,"href":"https:\/\/www.eldiario.net\/portal\/wp-json\/wp\/v2\/tags?post=164441"}],"curies":[{"name":"wp","href":"https:\/\/api.w.org\/{rel}","templated":true}]}}