{"id":164353,"date":"2023-07-09T06:53:07","date_gmt":"2023-07-09T10:53:07","guid":{"rendered":"https:\/\/www.eldiario.net\/portal\/?p=164353"},"modified":"2023-07-09T06:53:07","modified_gmt":"2023-07-09T10:53:07","slug":"eeuu-destruye-por-completo-su-arsenal-de-armas-quimicas","status":"publish","type":"post","link":"https:\/\/www.eldiario.net\/portal\/2023\/07\/09\/eeuu-destruye-por-completo-su-arsenal-de-armas-quimicas\/","title":{"rendered":"EEUU destruye por completo su arsenal de armas qu\u00edmicas"},"content":{"rendered":"<p class=\"v1MsoNormal\">Estados Unidos dio por finalizada la destrucci\u00f3n de todas sus reservas de armamento qu\u00edmico, un hito que seg\u00fan el presidente, Joe Biden, acerca \u00abun paso m\u00e1s a un mundo libre de los horrores\u00bb de ese tipo de armas.<\/p>\n<p class=\"v1MsoNormal\">Los dos \u00faltimos dep\u00f3sitos estaban en el condado de Pueblo, en Colorado, donde hubo unas 2.600 toneladas de gas mostaza en cerca de 780.000 municiones, y en el este de Kentucky.<\/p>\n<p class=\"v1MsoNormal\">El primero destruy\u00f3 sus \u00faltimas armas en junio y el segundo, llamado Blue Grass Army Depot, se ha dado por concluido este viernes. Este \u00faltimo conten\u00eda originalmente 523 toneladas de gas sar\u00edn, mostaza y VX en proyectiles y cohetes.<\/p>\n<p class=\"v1MsoNormal\">\u00abEstados Unidos ha trabajado incansablemente durante m\u00e1s de 30 a\u00f1os para eliminar su arsenal de armas qu\u00edmicas. Hoy me enorgullece anunciar que ha destruido de forma segura la \u00faltima munici\u00f3n de ese arsenal\u00bb, sostiene \u00a0Biden en un comunicado.<\/p>\n<p class=\"v1MsoNormal\">El mandatario dem\u00f3crata ha subrayado que sucesivas administraciones hab\u00edan determinado que esas armas no deb\u00edan ni desarrollarse ni desplegarse m\u00e1s.<\/p>\n<p class=\"v1MsoNormal\">La destrucci\u00f3n completa del arsenal, ha indicado, no solo cumple el compromiso adquirido con la Convenci\u00f3n sobre las Armas Qu\u00edmicas, que veta precisamente su desarrollo, producci\u00f3n, almacenamiento, transferencia y empleo, sino que hace que sea \u00abla primera vez que un organismo internacional verifica la destrucci\u00f3n de toda una categor\u00eda de armas declaradas de destrucci\u00f3n masiva\u00bb.<\/p>\n<p class=\"v1MsoNormal\">\u00abDoy las gracias a los miles de estadounidenses que dieron su tiempo y su talento a esta misi\u00f3n noble y desafiante\u00bb, a\u00f1adi\u00f3 Biden, que ha instado a aquellos pa\u00edses que no hayan ratificado esa convenci\u00f3n a que lo hagan para que el veto global sobre ese armamento \u00abpueda alcanzar su pleno potencial\u00bb.<\/p>\n<p class=\"v1MsoNormal\">\n<p class=\"v1MsoNormal\">COOPERACI\u00d3N INTERNACIONAL<\/p>\n<p class=\"v1MsoNormal\">Por su parte, el secretario de Estado, Antony Blinken, ha se\u00f1alado posteriormente en un comunicado que la destrucci\u00f3n de las reservas de este tipo de armas por parte de EEUU da cuenta del \u00abpapel vital de la cooperaci\u00f3n internacional y la transparencia en el control de armamentos y el desarme\u00bb.<\/p>\n<p class=\"v1MsoNormal\">Adem\u00e1s, ha recordado que este \u00ablogro\u00bb da cuenta a su vez de la \u00abamenaza que representa la posesi\u00f3n, el desarrollo y el uso de armas qu\u00edmicas\u00bb.<\/p>\n<p class=\"v1MsoNormal\">\n<p class=\"v1MsoNormal\">CONVENCI\u00d3N SOBRE<\/p>\n<p class=\"v1MsoNormal\">ARMAS QU\u00cdMICAS<\/p>\n<p class=\"v1MsoNormal\">La Convenci\u00f3n sobre las Armas Qu\u00edmicas entr\u00f3 en vigor en 1997 y, seg\u00fan su p\u00e1gina web, otorg\u00f3 a la Organizaci\u00f3n para la Prohibici\u00f3n de las Armas Qu\u00edmicas (OPAQ) \u00abel mandato de erradicar para siempre el flagelo de las armas qu\u00edmicas y de verificar la destrucci\u00f3n, en los plazos establecidos, de los arsenales de armas qu\u00edmicas declarados\u00bb.<\/p>\n<p class=\"v1MsoNormal\">La OPAQ precisa que 193 Estados se han comprometido con la Convenci\u00f3n y que el 98 % de la poblaci\u00f3n mundial vive bajo su protecci\u00f3n.<\/p>\n<p class=\"v1MsoNormal\">\u00abRusia y Siria deber\u00edan volver a cumplir con la Convenci\u00f3n y admitir sus programas no declarados, que se han utilizado para cometer atrocidades y ataques descarados. (&#8230;) Junto con nuestros socios, no nos detendremos hasta que finalmente y para siempre podamos librar al mundo de este flagelo\u00bb, destac\u00f3 Biden.<\/p>\n<p class=\"v1MsoNormal\">\n<p class=\"v1MsoNormal\">DESDE LA PRIMERA GUERRA<\/p>\n<p class=\"v1MsoNormal\">MUNDIAL Y HASTA 1968<\/p>\n<p class=\"v1MsoNormal\">Los Centros para el Control y la Prevenci\u00f3n de Enfermedades (CDC) estadounidenses apuntan en su web que Estados Unidos produjo armamento qu\u00edmico desde la Primera Guerra Mundial (1914-1918) y hasta 1968 como m\u00e9todo de disuasi\u00f3n frente a armas similares utilizadas por otros pa\u00edses.<\/p>\n<p class=\"v1MsoNormal\">Esas armas alcanzaron en Estados Unidos cerca de 40.000 toneladas para finales de los sesenta y se almacenaron en un total de 9 dep\u00f3sitos en distintas partes del pa\u00eds.<\/p>\n<p class=\"v1MsoNormal\">Aunque nunca se hab\u00edan usado en el campo de batalla, a\u00f1aden los CDC, se hab\u00edan quedado obsoletas y deterioradas con el paso del tiempo. (Rtve\/Efe)<\/p>\n<p class=\"v1MsoNormal\">\n","protected":false},"excerpt":{"rendered":"<p>Estados Unidos dio por finalizada la destrucci\u00f3n de todas sus reservas de armamento qu\u00edmico, un hito que seg\u00fan el presidente, Joe Biden, acerca \u00abun paso m\u00e1s a un mundo libre de los horrores\u00bb de ese tipo de armas. Los dos \u00faltimos dep\u00f3sitos estaban en el condado de Pueblo, en Colorado, donde hubo unas 2.600 toneladas [&hellip;]<\/p>\n","protected":false},"author":1,"featured_media":164530,"comment_status":"closed","ping_status":"open","sticky":false,"template":"","format":"standard","meta":{"_acf_changed":false,"footnotes":""},"categories":[15],"tags":[],"class_list":["post-164353","post","type-post","status-publish","format-standard","has-post-thumbnail","category-portada"],"acf":{"antetitulo":""},"yoast_head":"<!-- This site is optimized with the Yoast SEO plugin v28.4 - https:\/\/yoast.com\/product\/yoast-seo-wordpress\/ -->\n<title>EEUU destruye por completo su arsenal de armas qu\u00edmicas - El Diario - Bolivia<\/title>\n<meta name=\"robots\" content=\"index, follow, max-snippet:-1, max-image-preview:large, max-video-preview:-1\" \/>\n<link rel=\"canonical\" href=\"https:\/\/www.eldiario.net\/portal\/2023\/07\/09\/eeuu-destruye-por-completo-su-arsenal-de-armas-quimicas\/\" \/>\n<meta property=\"og:locale\" content=\"es_ES\" \/>\n<meta property=\"og:type\" content=\"article\" \/>\n<meta property=\"og:title\" content=\"EEUU destruye por completo su arsenal de armas qu\u00edmicas - El Diario - Bolivia\" \/>\n<meta property=\"og:description\" content=\"Estados Unidos dio por finalizada la destrucci\u00f3n de todas sus reservas de armamento qu\u00edmico, un hito que seg\u00fan el presidente, Joe Biden, acerca \u00abun paso m\u00e1s a un mundo libre de los horrores\u00bb de ese tipo de armas. Los dos \u00faltimos dep\u00f3sitos estaban en el condado de Pueblo, en Colorado, donde hubo unas 2.600 toneladas [&hellip;]\" \/>\n<meta property=\"og:url\" content=\"https:\/\/www.eldiario.net\/portal\/2023\/07\/09\/eeuu-destruye-por-completo-su-arsenal-de-armas-quimicas\/\" \/>\n<meta property=\"og:site_name\" content=\"El Diario - Bolivia\" \/>\n<meta property=\"article:publisher\" content=\"https:\/\/www.facebook.com\/eldiario.bolivia\/\" \/>\n<meta property=\"article:published_time\" content=\"2023-07-09T10:53:07+00:00\" \/>\n<meta property=\"og:image\" content=\"https:\/\/www.eldiario.net\/portal\/wp-content\/uploads\/2023\/07\/DEPOSITO-ARMAS.jpg\" \/>\n\t<meta property=\"og:image:width\" content=\"900\" \/>\n\t<meta property=\"og:image:height\" content=\"507\" \/>\n\t<meta property=\"og:image:type\" content=\"image\/jpeg\" \/>\n<meta name=\"author\" content=\"Jeanette\" \/>\n<meta name=\"twitter:card\" content=\"summary_large_image\" \/>\n<meta name=\"twitter:creator\" content=\"@eldiario_net\" \/>\n<meta name=\"twitter:site\" content=\"@eldiario_net\" \/>\n<meta name=\"twitter:label1\" content=\"Escrito por\" \/>\n\t<meta name=\"twitter:data1\" content=\"Jeanette\" \/>\n\t<meta name=\"twitter:label2\" content=\"Tiempo de lectura\" \/>\n\t<meta name=\"twitter:data2\" content=\"3 minutos\" \/>\n<script type=\"application\/ld+json\" class=\"yoast-schema-graph\">{\"@context\":\"https:\\\/\\\/schema.org\",\"@graph\":[{\"@type\":\"Article\",\"@id\":\"https:\\\/\\\/www.eldiario.net\\\/portal\\\/2023\\\/07\\\/09\\\/eeuu-destruye-por-completo-su-arsenal-de-armas-quimicas\\\/#article\",\"isPartOf\":{\"@id\":\"https:\\\/\\\/www.eldiario.net\\\/portal\\\/2023\\\/07\\\/09\\\/eeuu-destruye-por-completo-su-arsenal-de-armas-quimicas\\\/\"},\"author\":{\"name\":\"Jeanette\",\"@id\":\"https:\\\/\\\/www.eldiario.net\\\/portal\\\/#\\\/schema\\\/person\\\/2c57cf2b7a7ae032e449e4c9b1019eac\"},\"headline\":\"EEUU destruye por completo su arsenal de armas qu\u00edmicas\",\"datePublished\":\"2023-07-09T10:53:07+00:00\",\"mainEntityOfPage\":{\"@id\":\"https:\\\/\\\/www.eldiario.net\\\/portal\\\/2023\\\/07\\\/09\\\/eeuu-destruye-por-completo-su-arsenal-de-armas-quimicas\\\/\"},\"wordCount\":648,\"publisher\":{\"@id\":\"https:\\\/\\\/www.eldiario.net\\\/portal\\\/#organization\"},\"image\":{\"@id\":\"https:\\\/\\\/www.eldiario.net\\\/portal\\\/2023\\\/07\\\/09\\\/eeuu-destruye-por-completo-su-arsenal-de-armas-quimicas\\\/#primaryimage\"},\"thumbnailUrl\":\"https:\\\/\\\/www.eldiario.net\\\/portal\\\/wp-content\\\/uploads\\\/2023\\\/07\\\/DEPOSITO-ARMAS.jpg\",\"articleSection\":[\"Portada\"],\"inLanguage\":\"es\"},{\"@type\":\"WebPage\",\"@id\":\"https:\\\/\\\/www.eldiario.net\\\/portal\\\/2023\\\/07\\\/09\\\/eeuu-destruye-por-completo-su-arsenal-de-armas-quimicas\\\/\",\"url\":\"https:\\\/\\\/www.eldiario.net\\\/portal\\\/2023\\\/07\\\/09\\\/eeuu-destruye-por-completo-su-arsenal-de-armas-quimicas\\\/\",\"name\":\"EEUU destruye por completo su arsenal de armas qu\u00edmicas - El Diario - Bolivia\",\"isPartOf\":{\"@id\":\"https:\\\/\\\/www.eldiario.net\\\/portal\\\/#website\"},\"primaryImageOfPage\":{\"@id\":\"https:\\\/\\\/www.eldiario.net\\\/portal\\\/2023\\\/07\\\/09\\\/eeuu-destruye-por-completo-su-arsenal-de-armas-quimicas\\\/#primaryimage\"},\"image\":{\"@id\":\"https:\\\/\\\/www.eldiario.net\\\/portal\\\/2023\\\/07\\\/09\\\/eeuu-destruye-por-completo-su-arsenal-de-armas-quimicas\\\/#primaryimage\"},\"thumbnailUrl\":\"https:\\\/\\\/www.eldiario.net\\\/portal\\\/wp-content\\\/uploads\\\/2023\\\/07\\\/DEPOSITO-ARMAS.jpg\",\"datePublished\":\"2023-07-09T10:53:07+00:00\",\"breadcrumb\":{\"@id\":\"https:\\\/\\\/www.eldiario.net\\\/portal\\\/2023\\\/07\\\/09\\\/eeuu-destruye-por-completo-su-arsenal-de-armas-quimicas\\\/#breadcrumb\"},\"inLanguage\":\"es\",\"potentialAction\":[{\"@type\":\"ReadAction\",\"target\":[\"https:\\\/\\\/www.eldiario.net\\\/portal\\\/2023\\\/07\\\/09\\\/eeuu-destruye-por-completo-su-arsenal-de-armas-quimicas\\\/\"]}]},{\"@type\":\"ImageObject\",\"inLanguage\":\"es\",\"@id\":\"https:\\\/\\\/www.eldiario.net\\\/portal\\\/2023\\\/07\\\/09\\\/eeuu-destruye-por-completo-su-arsenal-de-armas-quimicas\\\/#primaryimage\",\"url\":\"https:\\\/\\\/www.eldiario.net\\\/portal\\\/wp-content\\\/uploads\\\/2023\\\/07\\\/DEPOSITO-ARMAS.jpg\",\"contentUrl\":\"https:\\\/\\\/www.eldiario.net\\\/portal\\\/wp-content\\\/uploads\\\/2023\\\/07\\\/DEPOSITO-ARMAS.jpg\",\"width\":900,\"height\":507,\"caption\":\"Imagen de archivo del dep\u00f3sito de armas de Blue Grass Army Depot (Kentucky). CREDITO: U.S. ARMY VIA AP\"},{\"@type\":\"BreadcrumbList\",\"@id\":\"https:\\\/\\\/www.eldiario.net\\\/portal\\\/2023\\\/07\\\/09\\\/eeuu-destruye-por-completo-su-arsenal-de-armas-quimicas\\\/#breadcrumb\",\"itemListElement\":[{\"@type\":\"ListItem\",\"position\":1,\"name\":\"Portada\",\"item\":\"https:\\\/\\\/www.eldiario.net\\\/portal\\\/\"},{\"@type\":\"ListItem\",\"position\":2,\"name\":\"EEUU destruye por completo su arsenal de armas qu\u00edmicas\"}]},{\"@type\":\"WebSite\",\"@id\":\"https:\\\/\\\/www.eldiario.net\\\/portal\\\/#website\",\"url\":\"https:\\\/\\\/www.eldiario.net\\\/portal\\\/\",\"name\":\"El Diario - Decano de la prensa nacional\",\"description\":\"El Diario - Decano de la prensa nacional\",\"publisher\":{\"@id\":\"https:\\\/\\\/www.eldiario.net\\\/portal\\\/#organization\"},\"potentialAction\":[{\"@type\":\"SearchAction\",\"target\":{\"@type\":\"EntryPoint\",\"urlTemplate\":\"https:\\\/\\\/www.eldiario.net\\\/portal\\\/?s={search_term_string}\"},\"query-input\":{\"@type\":\"PropertyValueSpecification\",\"valueRequired\":true,\"valueName\":\"search_term_string\"}}],\"inLanguage\":\"es\"},{\"@type\":\"Organization\",\"@id\":\"https:\\\/\\\/www.eldiario.net\\\/portal\\\/#organization\",\"name\":\"El Diario - Decano de la prensa nacional\",\"url\":\"https:\\\/\\\/www.eldiario.net\\\/portal\\\/\",\"logo\":{\"@type\":\"ImageObject\",\"inLanguage\":\"es\",\"@id\":\"https:\\\/\\\/www.eldiario.net\\\/portal\\\/#\\\/schema\\\/logo\\\/image\\\/\",\"url\":\"https:\\\/\\\/www.eldiario.net\\\/portal\\\/wp-content\\\/uploads\\\/2023\\\/07\\\/logo_ED.jpg\",\"contentUrl\":\"https:\\\/\\\/www.eldiario.net\\\/portal\\\/wp-content\\\/uploads\\\/2023\\\/07\\\/logo_ED.jpg\",\"width\":272,\"height\":52,\"caption\":\"El Diario - Decano de la prensa nacional\"},\"image\":{\"@id\":\"https:\\\/\\\/www.eldiario.net\\\/portal\\\/#\\\/schema\\\/logo\\\/image\\\/\"},\"sameAs\":[\"https:\\\/\\\/www.facebook.com\\\/eldiario.bolivia\\\/\",\"https:\\\/\\\/x.com\\\/eldiario_net\"]},{\"@type\":\"Person\",\"@id\":\"https:\\\/\\\/www.eldiario.net\\\/portal\\\/#\\\/schema\\\/person\\\/2c57cf2b7a7ae032e449e4c9b1019eac\",\"name\":\"Jeanette\",\"image\":{\"@type\":\"ImageObject\",\"inLanguage\":\"es\",\"@id\":\"https:\\\/\\\/secure.gravatar.com\\\/avatar\\\/3ea2118a5f7dad2b7138b1187a6b7ee55f160b9968b66013c3a3ef39dd7e5798?s=96&d=mm&r=g\",\"url\":\"https:\\\/\\\/secure.gravatar.com\\\/avatar\\\/3ea2118a5f7dad2b7138b1187a6b7ee55f160b9968b66013c3a3ef39dd7e5798?s=96&d=mm&r=g\",\"contentUrl\":\"https:\\\/\\\/secure.gravatar.com\\\/avatar\\\/3ea2118a5f7dad2b7138b1187a6b7ee55f160b9968b66013c3a3ef39dd7e5798?s=96&d=mm&r=g\",\"caption\":\"Jeanette\"},\"sameAs\":[\"https:\\\/\\\/www.eldiario.net\\\/portal\"],\"url\":\"https:\\\/\\\/www.eldiario.net\\\/portal\\\/author\\\/jeanette\\\/\"}]}<\/script>\n<!-- \/ Yoast SEO plugin. -->","yoast_head_json":{"title":"EEUU destruye por completo su arsenal de armas qu\u00edmicas - El Diario - Bolivia","robots":{"index":"index","follow":"follow","max-snippet":"max-snippet:-1","max-image-preview":"max-image-preview:large","max-video-preview":"max-video-preview:-1"},"canonical":"https:\/\/www.eldiario.net\/portal\/2023\/07\/09\/eeuu-destruye-por-completo-su-arsenal-de-armas-quimicas\/","og_locale":"es_ES","og_type":"article","og_title":"EEUU destruye por completo su arsenal de armas qu\u00edmicas - El Diario - Bolivia","og_description":"Estados Unidos dio por finalizada la destrucci\u00f3n de todas sus reservas de armamento qu\u00edmico, un hito que seg\u00fan el presidente, Joe Biden, acerca \u00abun paso m\u00e1s a un mundo libre de los horrores\u00bb de ese tipo de armas. Los dos \u00faltimos dep\u00f3sitos estaban en el condado de Pueblo, en Colorado, donde hubo unas 2.600 toneladas [&hellip;]","og_url":"https:\/\/www.eldiario.net\/portal\/2023\/07\/09\/eeuu-destruye-por-completo-su-arsenal-de-armas-quimicas\/","og_site_name":"El Diario - Bolivia","article_publisher":"https:\/\/www.facebook.com\/eldiario.bolivia\/","article_published_time":"2023-07-09T10:53:07+00:00","og_image":[{"width":900,"height":507,"url":"https:\/\/www.eldiario.net\/portal\/wp-content\/uploads\/2023\/07\/DEPOSITO-ARMAS.jpg","type":"image\/jpeg"}],"author":"Jeanette","twitter_card":"summary_large_image","twitter_creator":"@eldiario_net","twitter_site":"@eldiario_net","twitter_misc":{"Escrito por":"Jeanette","Tiempo de lectura":"3 minutos"},"schema":{"@context":"https:\/\/schema.org","@graph":[{"@type":"Article","@id":"https:\/\/www.eldiario.net\/portal\/2023\/07\/09\/eeuu-destruye-por-completo-su-arsenal-de-armas-quimicas\/#article","isPartOf":{"@id":"https:\/\/www.eldiario.net\/portal\/2023\/07\/09\/eeuu-destruye-por-completo-su-arsenal-de-armas-quimicas\/"},"author":{"name":"Jeanette","@id":"https:\/\/www.eldiario.net\/portal\/#\/schema\/person\/2c57cf2b7a7ae032e449e4c9b1019eac"},"headline":"EEUU destruye por completo su arsenal de armas qu\u00edmicas","datePublished":"2023-07-09T10:53:07+00:00","mainEntityOfPage":{"@id":"https:\/\/www.eldiario.net\/portal\/2023\/07\/09\/eeuu-destruye-por-completo-su-arsenal-de-armas-quimicas\/"},"wordCount":648,"publisher":{"@id":"https:\/\/www.eldiario.net\/portal\/#organization"},"image":{"@id":"https:\/\/www.eldiario.net\/portal\/2023\/07\/09\/eeuu-destruye-por-completo-su-arsenal-de-armas-quimicas\/#primaryimage"},"thumbnailUrl":"https:\/\/www.eldiario.net\/portal\/wp-content\/uploads\/2023\/07\/DEPOSITO-ARMAS.jpg","articleSection":["Portada"],"inLanguage":"es"},{"@type":"WebPage","@id":"https:\/\/www.eldiario.net\/portal\/2023\/07\/09\/eeuu-destruye-por-completo-su-arsenal-de-armas-quimicas\/","url":"https:\/\/www.eldiario.net\/portal\/2023\/07\/09\/eeuu-destruye-por-completo-su-arsenal-de-armas-quimicas\/","name":"EEUU destruye por completo su arsenal de armas qu\u00edmicas - El Diario - Bolivia","isPartOf":{"@id":"https:\/\/www.eldiario.net\/portal\/#website"},"primaryImageOfPage":{"@id":"https:\/\/www.eldiario.net\/portal\/2023\/07\/09\/eeuu-destruye-por-completo-su-arsenal-de-armas-quimicas\/#primaryimage"},"image":{"@id":"https:\/\/www.eldiario.net\/portal\/2023\/07\/09\/eeuu-destruye-por-completo-su-arsenal-de-armas-quimicas\/#primaryimage"},"thumbnailUrl":"https:\/\/www.eldiario.net\/portal\/wp-content\/uploads\/2023\/07\/DEPOSITO-ARMAS.jpg","datePublished":"2023-07-09T10:53:07+00:00","breadcrumb":{"@id":"https:\/\/www.eldiario.net\/portal\/2023\/07\/09\/eeuu-destruye-por-completo-su-arsenal-de-armas-quimicas\/#breadcrumb"},"inLanguage":"es","potentialAction":[{"@type":"ReadAction","target":["https:\/\/www.eldiario.net\/portal\/2023\/07\/09\/eeuu-destruye-por-completo-su-arsenal-de-armas-quimicas\/"]}]},{"@type":"ImageObject","inLanguage":"es","@id":"https:\/\/www.eldiario.net\/portal\/2023\/07\/09\/eeuu-destruye-por-completo-su-arsenal-de-armas-quimicas\/#primaryimage","url":"https:\/\/www.eldiario.net\/portal\/wp-content\/uploads\/2023\/07\/DEPOSITO-ARMAS.jpg","contentUrl":"https:\/\/www.eldiario.net\/portal\/wp-content\/uploads\/2023\/07\/DEPOSITO-ARMAS.jpg","width":900,"height":507,"caption":"Imagen de archivo del dep\u00f3sito de armas de Blue Grass Army Depot (Kentucky). CREDITO: U.S. ARMY VIA AP"},{"@type":"BreadcrumbList","@id":"https:\/\/www.eldiario.net\/portal\/2023\/07\/09\/eeuu-destruye-por-completo-su-arsenal-de-armas-quimicas\/#breadcrumb","itemListElement":[{"@type":"ListItem","position":1,"name":"Portada","item":"https:\/\/www.eldiario.net\/portal\/"},{"@type":"ListItem","position":2,"name":"EEUU destruye por completo su arsenal de armas qu\u00edmicas"}]},{"@type":"WebSite","@id":"https:\/\/www.eldiario.net\/portal\/#website","url":"https:\/\/www.eldiario.net\/portal\/","name":"El Diario - Decano de la prensa nacional","description":"El Diario - Decano de la prensa nacional","publisher":{"@id":"https:\/\/www.eldiario.net\/portal\/#organization"},"potentialAction":[{"@type":"SearchAction","target":{"@type":"EntryPoint","urlTemplate":"https:\/\/www.eldiario.net\/portal\/?s={search_term_string}"},"query-input":{"@type":"PropertyValueSpecification","valueRequired":true,"valueName":"search_term_string"}}],"inLanguage":"es"},{"@type":"Organization","@id":"https:\/\/www.eldiario.net\/portal\/#organization","name":"El Diario - Decano de la prensa nacional","url":"https:\/\/www.eldiario.net\/portal\/","logo":{"@type":"ImageObject","inLanguage":"es","@id":"https:\/\/www.eldiario.net\/portal\/#\/schema\/logo\/image\/","url":"https:\/\/www.eldiario.net\/portal\/wp-content\/uploads\/2023\/07\/logo_ED.jpg","contentUrl":"https:\/\/www.eldiario.net\/portal\/wp-content\/uploads\/2023\/07\/logo_ED.jpg","width":272,"height":52,"caption":"El Diario - Decano de la prensa nacional"},"image":{"@id":"https:\/\/www.eldiario.net\/portal\/#\/schema\/logo\/image\/"},"sameAs":["https:\/\/www.facebook.com\/eldiario.bolivia\/","https:\/\/x.com\/eldiario_net"]},{"@type":"Person","@id":"https:\/\/www.eldiario.net\/portal\/#\/schema\/person\/2c57cf2b7a7ae032e449e4c9b1019eac","name":"Jeanette","image":{"@type":"ImageObject","inLanguage":"es","@id":"https:\/\/secure.gravatar.com\/avatar\/3ea2118a5f7dad2b7138b1187a6b7ee55f160b9968b66013c3a3ef39dd7e5798?s=96&d=mm&r=g","url":"https:\/\/secure.gravatar.com\/avatar\/3ea2118a5f7dad2b7138b1187a6b7ee55f160b9968b66013c3a3ef39dd7e5798?s=96&d=mm&r=g","contentUrl":"https:\/\/secure.gravatar.com\/avatar\/3ea2118a5f7dad2b7138b1187a6b7ee55f160b9968b66013c3a3ef39dd7e5798?s=96&d=mm&r=g","caption":"Jeanette"},"sameAs":["https:\/\/www.eldiario.net\/portal"],"url":"https:\/\/www.eldiario.net\/portal\/author\/jeanette\/"}]}},"_links":{"self":[{"href":"https:\/\/www.eldiario.net\/portal\/wp-json\/wp\/v2\/posts\/164353","targetHints":{"allow":["GET"]}}],"collection":[{"href":"https:\/\/www.eldiario.net\/portal\/wp-json\/wp\/v2\/posts"}],"about":[{"href":"https:\/\/www.eldiario.net\/portal\/wp-json\/wp\/v2\/types\/post"}],"author":[{"embeddable":true,"href":"https:\/\/www.eldiario.net\/portal\/wp-json\/wp\/v2\/users\/1"}],"replies":[{"embeddable":true,"href":"https:\/\/www.eldiario.net\/portal\/wp-json\/wp\/v2\/comments?post=164353"}],"version-history":[{"count":0,"href":"https:\/\/www.eldiario.net\/portal\/wp-json\/wp\/v2\/posts\/164353\/revisions"}],"wp:featuredmedia":[{"embeddable":true,"href":"https:\/\/www.eldiario.net\/portal\/wp-json\/wp\/v2\/media\/164530"}],"wp:attachment":[{"href":"https:\/\/www.eldiario.net\/portal\/wp-json\/wp\/v2\/media?parent=164353"}],"wp:term":[{"taxonomy":"category","embeddable":true,"href":"https:\/\/www.eldiario.net\/portal\/wp-json\/wp\/v2\/categories?post=164353"},{"taxonomy":"post_tag","embeddable":true,"href":"https:\/\/www.eldiario.net\/portal\/wp-json\/wp\/v2\/tags?post=164353"}],"curies":[{"name":"wp","href":"https:\/\/api.w.org\/{rel}","templated":true}]}}