{"id":164341,"date":"2023-07-08T06:42:39","date_gmt":"2023-07-08T10:42:39","guid":{"rendered":"https:\/\/www.eldiario.net\/portal\/?p=164341"},"modified":"2023-07-08T06:42:39","modified_gmt":"2023-07-08T10:42:39","slug":"cuenta-regresiva-para-ver-el-esperado-concierto-kjarkas-esencial","status":"publish","type":"post","link":"https:\/\/www.eldiario.net\/portal\/2023\/07\/08\/cuenta-regresiva-para-ver-el-esperado-concierto-kjarkas-esencial\/","title":{"rendered":"Cuenta regresiva para ver el esperado concierto Kjarkas Esencial"},"content":{"rendered":"<p>Comenz\u00f3 la cuenta regresiva. Los d\u00edas est\u00e1n contados para presenciar el gran concierto del a\u00f1o, denominado <em>Kjarkas Esencial<\/em>. La cita ser\u00e1 el viernes 21 de julio, a partir de las 20:00 horas, en el Teatro Al Aire Libre \u201cJaime Laredo\u201d, donde los integrantes de la consagrada agrupaci\u00f3n boliviana rendir\u00e1n un sentido homenaje a La Paz y a los pr\u00f3ceres de la m\u00fasica popular pace\u00f1a.<\/p>\n<p>\u201cEste concierto se denomina <em>Kjarkas Esencial<\/em> porque le estamos reclamando a la historia que los Kjarkas son la esencia de la m\u00fasica andina en el mundo y adem\u00e1s en esta presentaci\u00f3n mostrar\u00e1n la esencia de su estilo, fortalecidos en los avatares del desd\u00e9n y el \u00e9xito tan esquivo en la realidad nuestra\u201d, afirm\u00f3 Rilver Herbas, director del Centro Cultural Kjarkas, entidad que organiza el esperado concierto del grupo cochabambino en la sede de gobierno, en la charla que sostuvo con La Gu\u00eda.<\/p>\n<p><strong>LG: \u00bfC\u00f3mo ser\u00e1 el concierto Kjarkas Esencial en la ciudad de La Paz?<\/strong><\/p>\n<p>R: Ser\u00e1 un concierto, como siempre, bien trabajado, que tendr\u00e1 personalidad propia y buscar\u00e1 mostrar la esencia de los seres humanos que conforman la legendaria agrupaci\u00f3n Kjarkas a trav\u00e9s de sus mensajes y de sus interpretaciones musicales. Habr\u00e1 mucha, sin duda, cercan\u00eda entre el p\u00fablico y los artistas.<\/p>\n<p><strong>LG: \u00bfQu\u00e9 tendr\u00e1 este show que lo har\u00e1 especial?<\/strong><\/p>\n<ol>\n<li>Tendremos aproximadamente dos horas y treinta minutos de gustar con dinamismo de viejas y nuevas canciones, respaldados con uno de los mejores equipos de sonido de Bolivia: YES Producciones, con pantallas led que cubrir\u00e1n todo el escenario, luces y pirotecnia que brindar\u00e1n todo el ambiente de fiesta para el folklore boliviano.<\/li>\n<\/ol>\n<p><strong>LG: \u00bfQu\u00e9 canciones \u201cde antes\u201d escuchar\u00e1 el p\u00fablico pace\u00f1o?<\/strong><\/p>\n<p>R: En este concierto queremos mucha intimidad entre los artistas y los espectadores, as\u00ed que seguramente el p\u00fablico pedir\u00e1 los cl\u00e1sicos de tantos a\u00f1os atr\u00e1s. No olvidemos que los Kjarkas est\u00e1n en permanente gira mundial, o sea que est\u00e1n bien entrenados, aplicando un t\u00e9rmino futbolero, lo que facilitar\u00e1 complacer con las canciones solicitadas por el masivo p\u00fablico asistente.<\/p>\n<p><strong>LG: A prop\u00f3sito, \u00bfc\u00f3mo les fue en su reciente gira mundial?<\/strong><\/p>\n<p>R: Sin duda, si los Kjarkas fueran mexicanos, seguramente todos estar\u00edan orgullosos del \u00e9xito espectacular que tienen fuera de nuestras fronteras, pero no es as\u00ed por una falencia del Estado nacional, que nunca construy\u00f3 el alma nacional que una a los bolivianos, que identifique iconos, h\u00e9roes nacionales culturales y o deportivos que suban nuestra autoestima y nos llenen de orgullo.<\/p>\n<p><strong>LG: \u00bfC\u00f3mo encar\u00f3 el Centro Cultural Kjarkas la organizaci\u00f3n de este concierto?<\/strong><\/p>\n<p>R: Como siempre, fundamentalmente con todo el amor que profesamos a la m\u00fasica nacional y con la responsabilidad de una producci\u00f3n de alto nivel. Nuestra La Paz es como La Meca \u00e1rabe, de aqu\u00ed trasciende a Bolivia y al mundo el \u00e9xito de la m\u00fasica andina.<\/p>\n<p><strong>LG: \u00bfHabr\u00e1 artistas invitados?<\/strong><\/p>\n<p>R: As\u00ed es, dos agrupaciones noveles: <em>Edici\u00f3n Limitada<\/em>, una nueva producci\u00f3n pace\u00f1a de muy buena calidad que, sin duda, recibir\u00e1 el respaldo del p\u00fablico, y la joven agrupaci\u00f3n cochabambina, <em>Cunan Runa<\/em>, cuyo vocalista es el hijo menor de Elmer Hermosa, Elmer Jr. Hermosa, \u00faltimamente muy reclamado por todos los seguidores de la m\u00fasica vern\u00e1cula.<\/p>\n<p><strong>LG: \u00bfEn qu\u00e9 consiste el homenaje a los pr\u00f3ceres de la m\u00fasica popular pace\u00f1a?<\/strong><\/p>\n<p>R: Es un justo reconocimiento a grandes iconos de la m\u00fasica popular boliviana, nacidos en La Paz y tiene otra connotaci\u00f3n, al ser los Kjarkas y la Fundaci\u00f3n Kjarkas las instituciones que efect\u00faan este acto de gratitud a quienes nosotros consideramos \u201cpr\u00f3ceres de la m\u00fasica popular pace\u00f1a\u201d.<\/p>\n<p><strong>LG: \u00bfQui\u00e9nes ser\u00e1n los homenajeados? <\/strong><\/p>\n<p>R: Don Luis Guti\u00e9rrez L\u00f3pez, gran cantante de la d\u00e9cada de los a\u00f1os 60, espectacular int\u00e9rprete de \u201cCholita Pace\u00f1a\u201d.<\/p>\n<p>&#8211; Percy Bellido, triunfador junto a <em>Los Caminantes<\/em> y fundador de <em>Los Chaskas<\/em> con quienes gan\u00f3 una gaviota de plata en el Festival de Vi\u00f1a del mar, siendo los \u00fanicos bolivianos en alcanzar este trofeo.<\/p>\n<p>&#8211; Alcira Arteaga, la voz del alma en el tr\u00edo <em>Los Genios<\/em>.<\/p>\n<p>&#8211; Luis Paiva, fundador, l\u00edder, eterno director de <em>Los Kory Huayras<\/em>, con m\u00e1s de medio siglo de trayectoria art\u00edstica ininterrumpida.<\/p>\n<p>&#8211; Homenaje p\u00f3stumo a Franz Chuquimia, vocalista y l\u00edder del grupo <em>Jach\u00b4a Mallku<\/em>, y a don Apolinar Camacho, compositor de la cueca \u201cViva mi patria Bolivia\u201d.<\/p>\n<p><strong>LG: \u00bfSe vienen nuevas canciones de Los Kjarkas?<\/strong><\/p>\n<p>R: S\u00ed, los Kjarkas reci\u00e9n acaban de lanzar tres canciones: \u201cPor qu\u00e9 ser\u00e1\u201d, de Ulises Hermosa, \u201cPaisanita\u201d y \u201cAy\u00fadame Samba\u201d de Gonzalo Hermosa. No para la savia creativa, son varias ya las obras musicales lanzadas como cortes, no obstante, a estas alturas, con la crisis de las empresas discogr\u00e1ficas y el apogeo de las grandes plataformas emparentadas con las redes sociales, estimamos que se acabaron los discos.<\/p>\n<p><strong>LG: \u00bfCrees que los Kjarkas recuperaron el cari\u00f1o del p\u00fablico pace\u00f1o?<\/strong><\/p>\n<p>R: Humildemente creo que nunca lo perdieron, sin embargo, cabe mencionar el poder de las redes sociales para bien o para mal con mentiras o verdades.<\/p>\n<p><strong>LG: \u00bfDeseas agregas algo?<\/strong><\/p>\n<p>R: Los esperamos en el Teatro al Aire Libre este viernes 21 de julio.<\/p>\n<div id='gallery-1' class='gallery galleryid-164341 gallery-columns-3 gallery-size-medium'><figure class='gallery-item'>\n\t\t\t<div class='gallery-icon landscape'>\n\t\t\t\t<a href='https:\/\/www.eldiario.net\/portal\/2023\/07\/08\/cuenta-regresiva-para-ver-el-esperado-concierto-kjarkas-esencial\/kjarkas-1-principal\/'><img loading=\"lazy\" decoding=\"async\" width=\"300\" height=\"185\" src=\"https:\/\/www.eldiario.net\/portal\/wp-content\/uploads\/2023\/07\/kjarkas-1-PRINCIPAL-300x185.jpg\" class=\"attachment-medium size-medium\" alt=\"\" srcset=\"https:\/\/www.eldiario.net\/portal\/wp-content\/uploads\/2023\/07\/kjarkas-1-PRINCIPAL-300x185.jpg 300w, https:\/\/www.eldiario.net\/portal\/wp-content\/uploads\/2023\/07\/kjarkas-1-PRINCIPAL-768x474.jpg 768w, https:\/\/www.eldiario.net\/portal\/wp-content\/uploads\/2023\/07\/kjarkas-1-PRINCIPAL-696x430.jpg 696w, https:\/\/www.eldiario.net\/portal\/wp-content\/uploads\/2023\/07\/kjarkas-1-PRINCIPAL.jpg 970w\" sizes=\"auto, (max-width: 300px) 100vw, 300px\" \/><\/a>\n\t\t\t<\/div><\/figure><figure class='gallery-item'>\n\t\t\t<div class='gallery-icon landscape'>\n\t\t\t\t<a href='https:\/\/www.eldiario.net\/portal\/2023\/07\/08\/cuenta-regresiva-para-ver-el-esperado-concierto-kjarkas-esencial\/kjarkas-2\/'><img loading=\"lazy\" decoding=\"async\" width=\"300\" height=\"212\" src=\"https:\/\/www.eldiario.net\/portal\/wp-content\/uploads\/2023\/07\/kjarkas-2-300x212.jpg\" class=\"attachment-medium size-medium\" alt=\"\" srcset=\"https:\/\/www.eldiario.net\/portal\/wp-content\/uploads\/2023\/07\/kjarkas-2-300x212.jpg 300w, https:\/\/www.eldiario.net\/portal\/wp-content\/uploads\/2023\/07\/kjarkas-2.jpg 667w\" sizes=\"auto, (max-width: 300px) 100vw, 300px\" \/><\/a>\n\t\t\t<\/div><\/figure><figure class='gallery-item'>\n\t\t\t<div class='gallery-icon landscape'>\n\t\t\t\t<a href='https:\/\/www.eldiario.net\/portal\/2023\/07\/08\/cuenta-regresiva-para-ver-el-esperado-concierto-kjarkas-esencial\/kjarkas-3\/'><img loading=\"lazy\" decoding=\"async\" width=\"300\" height=\"231\" src=\"https:\/\/www.eldiario.net\/portal\/wp-content\/uploads\/2023\/07\/kjarkas-3-300x231.jpg\" class=\"attachment-medium size-medium\" alt=\"\" srcset=\"https:\/\/www.eldiario.net\/portal\/wp-content\/uploads\/2023\/07\/kjarkas-3-300x231.jpg 300w, https:\/\/www.eldiario.net\/portal\/wp-content\/uploads\/2023\/07\/kjarkas-3-696x535.jpg 696w, https:\/\/www.eldiario.net\/portal\/wp-content\/uploads\/2023\/07\/kjarkas-3.jpg 698w\" sizes=\"auto, (max-width: 300px) 100vw, 300px\" \/><\/a>\n\t\t\t<\/div><\/figure><figure class='gallery-item'>\n\t\t\t<div class='gallery-icon landscape'>\n\t\t\t\t<a href='https:\/\/www.eldiario.net\/portal\/2023\/07\/08\/cuenta-regresiva-para-ver-el-esperado-concierto-kjarkas-esencial\/kjarkas-4\/'><img loading=\"lazy\" decoding=\"async\" width=\"300\" height=\"300\" src=\"https:\/\/www.eldiario.net\/portal\/wp-content\/uploads\/2023\/07\/kjarkas-4-300x300.jpg\" class=\"attachment-medium size-medium\" alt=\"\" srcset=\"https:\/\/www.eldiario.net\/portal\/wp-content\/uploads\/2023\/07\/kjarkas-4-300x300.jpg 300w, https:\/\/www.eldiario.net\/portal\/wp-content\/uploads\/2023\/07\/kjarkas-4-1024x1024.jpg 1024w, https:\/\/www.eldiario.net\/portal\/wp-content\/uploads\/2023\/07\/kjarkas-4-150x150.jpg 150w, https:\/\/www.eldiario.net\/portal\/wp-content\/uploads\/2023\/07\/kjarkas-4-768x768.jpg 768w, https:\/\/www.eldiario.net\/portal\/wp-content\/uploads\/2023\/07\/kjarkas-4-696x696.jpg 696w, https:\/\/www.eldiario.net\/portal\/wp-content\/uploads\/2023\/07\/kjarkas-4-1068x1068.jpg 1068w, https:\/\/www.eldiario.net\/portal\/wp-content\/uploads\/2023\/07\/kjarkas-4.jpg 1080w\" sizes=\"auto, (max-width: 300px) 100vw, 300px\" \/><\/a>\n\t\t\t<\/div><\/figure><figure class='gallery-item'>\n\t\t\t<div class='gallery-icon portrait'>\n\t\t\t\t<a href='https:\/\/www.eldiario.net\/portal\/2023\/07\/08\/cuenta-regresiva-para-ver-el-esperado-concierto-kjarkas-esencial\/kjarkas-5\/'><img loading=\"lazy\" decoding=\"async\" width=\"224\" height=\"300\" src=\"https:\/\/www.eldiario.net\/portal\/wp-content\/uploads\/2023\/07\/kjarkas-5-224x300.jpg\" class=\"attachment-medium size-medium\" alt=\"\" srcset=\"https:\/\/www.eldiario.net\/portal\/wp-content\/uploads\/2023\/07\/kjarkas-5-224x300.jpg 224w, https:\/\/www.eldiario.net\/portal\/wp-content\/uploads\/2023\/07\/kjarkas-5.jpg 672w\" sizes=\"auto, (max-width: 224px) 100vw, 224px\" \/><\/a>\n\t\t\t<\/div><\/figure><figure class='gallery-item'>\n\t\t\t<div class='gallery-icon landscape'>\n\t\t\t\t<a href='https:\/\/www.eldiario.net\/portal\/2023\/07\/08\/cuenta-regresiva-para-ver-el-esperado-concierto-kjarkas-esencial\/kjarkas-6\/'><img loading=\"lazy\" decoding=\"async\" width=\"300\" height=\"171\" src=\"https:\/\/www.eldiario.net\/portal\/wp-content\/uploads\/2023\/07\/kjarkas-6-300x171.jpg\" class=\"attachment-medium size-medium\" alt=\"\" srcset=\"https:\/\/www.eldiario.net\/portal\/wp-content\/uploads\/2023\/07\/kjarkas-6-300x171.jpg 300w, https:\/\/www.eldiario.net\/portal\/wp-content\/uploads\/2023\/07\/kjarkas-6-1024x583.jpg 1024w, https:\/\/www.eldiario.net\/portal\/wp-content\/uploads\/2023\/07\/kjarkas-6-768x437.jpg 768w, https:\/\/www.eldiario.net\/portal\/wp-content\/uploads\/2023\/07\/kjarkas-6-696x396.jpg 696w, https:\/\/www.eldiario.net\/portal\/wp-content\/uploads\/2023\/07\/kjarkas-6-1068x608.jpg 1068w, https:\/\/www.eldiario.net\/portal\/wp-content\/uploads\/2023\/07\/kjarkas-6.jpg 1280w\" sizes=\"auto, (max-width: 300px) 100vw, 300px\" \/><\/a>\n\t\t\t<\/div><\/figure>\n\t\t<\/div>\n\n","protected":false},"excerpt":{"rendered":"<p>Comenz\u00f3 la cuenta regresiva. Los d\u00edas est\u00e1n contados para presenciar el gran concierto del a\u00f1o, denominado Kjarkas Esencial. La cita ser\u00e1 el viernes 21 de julio, a partir de las 20:00 horas, en el Teatro Al Aire Libre \u201cJaime Laredo\u201d, donde los integrantes de la consagrada agrupaci\u00f3n boliviana rendir\u00e1n un sentido homenaje a La Paz [&hellip;]<\/p>\n","protected":false},"author":1,"featured_media":164342,"comment_status":"closed","ping_status":"open","sticky":false,"template":"","format":"standard","meta":{"_acf_changed":false,"footnotes":""},"categories":[41],"tags":[],"class_list":["post-164341","post","type-post","status-publish","format-standard","has-post-thumbnail","category-la-guia"],"acf":{"antetitulo":""},"yoast_head":"<!-- This site is optimized with the Yoast SEO plugin v28.4 - https:\/\/yoast.com\/product\/yoast-seo-wordpress\/ -->\n<title>Cuenta regresiva para ver el esperado concierto Kjarkas Esencial - El Diario - Bolivia<\/title>\n<meta name=\"robots\" content=\"index, follow, max-snippet:-1, max-image-preview:large, max-video-preview:-1\" \/>\n<link rel=\"canonical\" href=\"https:\/\/www.eldiario.net\/portal\/2023\/07\/08\/cuenta-regresiva-para-ver-el-esperado-concierto-kjarkas-esencial\/\" \/>\n<meta property=\"og:locale\" content=\"es_ES\" \/>\n<meta property=\"og:type\" content=\"article\" \/>\n<meta property=\"og:title\" content=\"Cuenta regresiva para ver el esperado concierto Kjarkas Esencial - El Diario - Bolivia\" \/>\n<meta property=\"og:description\" content=\"Comenz\u00f3 la cuenta regresiva. Los d\u00edas est\u00e1n contados para presenciar el gran concierto del a\u00f1o, denominado Kjarkas Esencial. La cita ser\u00e1 el viernes 21 de julio, a partir de las 20:00 horas, en el Teatro Al Aire Libre \u201cJaime Laredo\u201d, donde los integrantes de la consagrada agrupaci\u00f3n boliviana rendir\u00e1n un sentido homenaje a La Paz [&hellip;]\" \/>\n<meta property=\"og:url\" content=\"https:\/\/www.eldiario.net\/portal\/2023\/07\/08\/cuenta-regresiva-para-ver-el-esperado-concierto-kjarkas-esencial\/\" \/>\n<meta property=\"og:site_name\" content=\"El Diario - Bolivia\" \/>\n<meta property=\"article:publisher\" content=\"https:\/\/www.facebook.com\/eldiario.bolivia\/\" \/>\n<meta property=\"article:published_time\" content=\"2023-07-08T10:42:39+00:00\" \/>\n<meta property=\"og:image\" content=\"https:\/\/www.eldiario.net\/portal\/wp-content\/uploads\/2023\/07\/kjarkas-1-PRINCIPAL.jpg\" \/>\n\t<meta property=\"og:image:width\" content=\"970\" \/>\n\t<meta property=\"og:image:height\" content=\"599\" \/>\n\t<meta property=\"og:image:type\" content=\"image\/jpeg\" \/>\n<meta name=\"author\" content=\"Jeanette\" \/>\n<meta name=\"twitter:card\" content=\"summary_large_image\" \/>\n<meta name=\"twitter:creator\" content=\"@eldiario_net\" \/>\n<meta name=\"twitter:site\" content=\"@eldiario_net\" \/>\n<meta name=\"twitter:label1\" content=\"Escrito por\" \/>\n\t<meta name=\"twitter:data1\" content=\"Jeanette\" \/>\n\t<meta name=\"twitter:label2\" content=\"Tiempo de lectura\" \/>\n\t<meta name=\"twitter:data2\" content=\"4 minutos\" \/>\n<script type=\"application\/ld+json\" class=\"yoast-schema-graph\">{\"@context\":\"https:\\\/\\\/schema.org\",\"@graph\":[{\"@type\":\"Article\",\"@id\":\"https:\\\/\\\/www.eldiario.net\\\/portal\\\/2023\\\/07\\\/08\\\/cuenta-regresiva-para-ver-el-esperado-concierto-kjarkas-esencial\\\/#article\",\"isPartOf\":{\"@id\":\"https:\\\/\\\/www.eldiario.net\\\/portal\\\/2023\\\/07\\\/08\\\/cuenta-regresiva-para-ver-el-esperado-concierto-kjarkas-esencial\\\/\"},\"author\":{\"name\":\"Jeanette\",\"@id\":\"https:\\\/\\\/www.eldiario.net\\\/portal\\\/#\\\/schema\\\/person\\\/2c57cf2b7a7ae032e449e4c9b1019eac\"},\"headline\":\"Cuenta regresiva para ver el esperado concierto Kjarkas Esencial\",\"datePublished\":\"2023-07-08T10:42:39+00:00\",\"mainEntityOfPage\":{\"@id\":\"https:\\\/\\\/www.eldiario.net\\\/portal\\\/2023\\\/07\\\/08\\\/cuenta-regresiva-para-ver-el-esperado-concierto-kjarkas-esencial\\\/\"},\"wordCount\":917,\"publisher\":{\"@id\":\"https:\\\/\\\/www.eldiario.net\\\/portal\\\/#organization\"},\"image\":{\"@id\":\"https:\\\/\\\/www.eldiario.net\\\/portal\\\/2023\\\/07\\\/08\\\/cuenta-regresiva-para-ver-el-esperado-concierto-kjarkas-esencial\\\/#primaryimage\"},\"thumbnailUrl\":\"https:\\\/\\\/www.eldiario.net\\\/portal\\\/wp-content\\\/uploads\\\/2023\\\/07\\\/kjarkas-1-PRINCIPAL.jpg\",\"articleSection\":[\"La Gu\u00eda\"],\"inLanguage\":\"es\"},{\"@type\":\"WebPage\",\"@id\":\"https:\\\/\\\/www.eldiario.net\\\/portal\\\/2023\\\/07\\\/08\\\/cuenta-regresiva-para-ver-el-esperado-concierto-kjarkas-esencial\\\/\",\"url\":\"https:\\\/\\\/www.eldiario.net\\\/portal\\\/2023\\\/07\\\/08\\\/cuenta-regresiva-para-ver-el-esperado-concierto-kjarkas-esencial\\\/\",\"name\":\"Cuenta regresiva para ver el esperado concierto Kjarkas Esencial - El Diario - Bolivia\",\"isPartOf\":{\"@id\":\"https:\\\/\\\/www.eldiario.net\\\/portal\\\/#website\"},\"primaryImageOfPage\":{\"@id\":\"https:\\\/\\\/www.eldiario.net\\\/portal\\\/2023\\\/07\\\/08\\\/cuenta-regresiva-para-ver-el-esperado-concierto-kjarkas-esencial\\\/#primaryimage\"},\"image\":{\"@id\":\"https:\\\/\\\/www.eldiario.net\\\/portal\\\/2023\\\/07\\\/08\\\/cuenta-regresiva-para-ver-el-esperado-concierto-kjarkas-esencial\\\/#primaryimage\"},\"thumbnailUrl\":\"https:\\\/\\\/www.eldiario.net\\\/portal\\\/wp-content\\\/uploads\\\/2023\\\/07\\\/kjarkas-1-PRINCIPAL.jpg\",\"datePublished\":\"2023-07-08T10:42:39+00:00\",\"breadcrumb\":{\"@id\":\"https:\\\/\\\/www.eldiario.net\\\/portal\\\/2023\\\/07\\\/08\\\/cuenta-regresiva-para-ver-el-esperado-concierto-kjarkas-esencial\\\/#breadcrumb\"},\"inLanguage\":\"es\",\"potentialAction\":[{\"@type\":\"ReadAction\",\"target\":[\"https:\\\/\\\/www.eldiario.net\\\/portal\\\/2023\\\/07\\\/08\\\/cuenta-regresiva-para-ver-el-esperado-concierto-kjarkas-esencial\\\/\"]}]},{\"@type\":\"ImageObject\",\"inLanguage\":\"es\",\"@id\":\"https:\\\/\\\/www.eldiario.net\\\/portal\\\/2023\\\/07\\\/08\\\/cuenta-regresiva-para-ver-el-esperado-concierto-kjarkas-esencial\\\/#primaryimage\",\"url\":\"https:\\\/\\\/www.eldiario.net\\\/portal\\\/wp-content\\\/uploads\\\/2023\\\/07\\\/kjarkas-1-PRINCIPAL.jpg\",\"contentUrl\":\"https:\\\/\\\/www.eldiario.net\\\/portal\\\/wp-content\\\/uploads\\\/2023\\\/07\\\/kjarkas-1-PRINCIPAL.jpg\",\"width\":970,\"height\":599},{\"@type\":\"BreadcrumbList\",\"@id\":\"https:\\\/\\\/www.eldiario.net\\\/portal\\\/2023\\\/07\\\/08\\\/cuenta-regresiva-para-ver-el-esperado-concierto-kjarkas-esencial\\\/#breadcrumb\",\"itemListElement\":[{\"@type\":\"ListItem\",\"position\":1,\"name\":\"Portada\",\"item\":\"https:\\\/\\\/www.eldiario.net\\\/portal\\\/\"},{\"@type\":\"ListItem\",\"position\":2,\"name\":\"Cuenta regresiva para ver el esperado concierto Kjarkas Esencial\"}]},{\"@type\":\"WebSite\",\"@id\":\"https:\\\/\\\/www.eldiario.net\\\/portal\\\/#website\",\"url\":\"https:\\\/\\\/www.eldiario.net\\\/portal\\\/\",\"name\":\"El Diario - Decano de la prensa nacional\",\"description\":\"El Diario - Decano de la prensa nacional\",\"publisher\":{\"@id\":\"https:\\\/\\\/www.eldiario.net\\\/portal\\\/#organization\"},\"potentialAction\":[{\"@type\":\"SearchAction\",\"target\":{\"@type\":\"EntryPoint\",\"urlTemplate\":\"https:\\\/\\\/www.eldiario.net\\\/portal\\\/?s={search_term_string}\"},\"query-input\":{\"@type\":\"PropertyValueSpecification\",\"valueRequired\":true,\"valueName\":\"search_term_string\"}}],\"inLanguage\":\"es\"},{\"@type\":\"Organization\",\"@id\":\"https:\\\/\\\/www.eldiario.net\\\/portal\\\/#organization\",\"name\":\"El Diario - Decano de la prensa nacional\",\"url\":\"https:\\\/\\\/www.eldiario.net\\\/portal\\\/\",\"logo\":{\"@type\":\"ImageObject\",\"inLanguage\":\"es\",\"@id\":\"https:\\\/\\\/www.eldiario.net\\\/portal\\\/#\\\/schema\\\/logo\\\/image\\\/\",\"url\":\"https:\\\/\\\/www.eldiario.net\\\/portal\\\/wp-content\\\/uploads\\\/2023\\\/07\\\/logo_ED.jpg\",\"contentUrl\":\"https:\\\/\\\/www.eldiario.net\\\/portal\\\/wp-content\\\/uploads\\\/2023\\\/07\\\/logo_ED.jpg\",\"width\":272,\"height\":52,\"caption\":\"El Diario - Decano de la prensa nacional\"},\"image\":{\"@id\":\"https:\\\/\\\/www.eldiario.net\\\/portal\\\/#\\\/schema\\\/logo\\\/image\\\/\"},\"sameAs\":[\"https:\\\/\\\/www.facebook.com\\\/eldiario.bolivia\\\/\",\"https:\\\/\\\/x.com\\\/eldiario_net\"]},{\"@type\":\"Person\",\"@id\":\"https:\\\/\\\/www.eldiario.net\\\/portal\\\/#\\\/schema\\\/person\\\/2c57cf2b7a7ae032e449e4c9b1019eac\",\"name\":\"Jeanette\",\"image\":{\"@type\":\"ImageObject\",\"inLanguage\":\"es\",\"@id\":\"https:\\\/\\\/secure.gravatar.com\\\/avatar\\\/3ea2118a5f7dad2b7138b1187a6b7ee55f160b9968b66013c3a3ef39dd7e5798?s=96&d=mm&r=g\",\"url\":\"https:\\\/\\\/secure.gravatar.com\\\/avatar\\\/3ea2118a5f7dad2b7138b1187a6b7ee55f160b9968b66013c3a3ef39dd7e5798?s=96&d=mm&r=g\",\"contentUrl\":\"https:\\\/\\\/secure.gravatar.com\\\/avatar\\\/3ea2118a5f7dad2b7138b1187a6b7ee55f160b9968b66013c3a3ef39dd7e5798?s=96&d=mm&r=g\",\"caption\":\"Jeanette\"},\"sameAs\":[\"https:\\\/\\\/www.eldiario.net\\\/portal\"],\"url\":\"https:\\\/\\\/www.eldiario.net\\\/portal\\\/author\\\/jeanette\\\/\"}]}<\/script>\n<!-- \/ Yoast SEO plugin. -->","yoast_head_json":{"title":"Cuenta regresiva para ver el esperado concierto Kjarkas Esencial - El Diario - Bolivia","robots":{"index":"index","follow":"follow","max-snippet":"max-snippet:-1","max-image-preview":"max-image-preview:large","max-video-preview":"max-video-preview:-1"},"canonical":"https:\/\/www.eldiario.net\/portal\/2023\/07\/08\/cuenta-regresiva-para-ver-el-esperado-concierto-kjarkas-esencial\/","og_locale":"es_ES","og_type":"article","og_title":"Cuenta regresiva para ver el esperado concierto Kjarkas Esencial - El Diario - Bolivia","og_description":"Comenz\u00f3 la cuenta regresiva. Los d\u00edas est\u00e1n contados para presenciar el gran concierto del a\u00f1o, denominado Kjarkas Esencial. La cita ser\u00e1 el viernes 21 de julio, a partir de las 20:00 horas, en el Teatro Al Aire Libre \u201cJaime Laredo\u201d, donde los integrantes de la consagrada agrupaci\u00f3n boliviana rendir\u00e1n un sentido homenaje a La Paz [&hellip;]","og_url":"https:\/\/www.eldiario.net\/portal\/2023\/07\/08\/cuenta-regresiva-para-ver-el-esperado-concierto-kjarkas-esencial\/","og_site_name":"El Diario - Bolivia","article_publisher":"https:\/\/www.facebook.com\/eldiario.bolivia\/","article_published_time":"2023-07-08T10:42:39+00:00","og_image":[{"width":970,"height":599,"url":"https:\/\/www.eldiario.net\/portal\/wp-content\/uploads\/2023\/07\/kjarkas-1-PRINCIPAL.jpg","type":"image\/jpeg"}],"author":"Jeanette","twitter_card":"summary_large_image","twitter_creator":"@eldiario_net","twitter_site":"@eldiario_net","twitter_misc":{"Escrito por":"Jeanette","Tiempo de lectura":"4 minutos"},"schema":{"@context":"https:\/\/schema.org","@graph":[{"@type":"Article","@id":"https:\/\/www.eldiario.net\/portal\/2023\/07\/08\/cuenta-regresiva-para-ver-el-esperado-concierto-kjarkas-esencial\/#article","isPartOf":{"@id":"https:\/\/www.eldiario.net\/portal\/2023\/07\/08\/cuenta-regresiva-para-ver-el-esperado-concierto-kjarkas-esencial\/"},"author":{"name":"Jeanette","@id":"https:\/\/www.eldiario.net\/portal\/#\/schema\/person\/2c57cf2b7a7ae032e449e4c9b1019eac"},"headline":"Cuenta regresiva para ver el esperado concierto Kjarkas Esencial","datePublished":"2023-07-08T10:42:39+00:00","mainEntityOfPage":{"@id":"https:\/\/www.eldiario.net\/portal\/2023\/07\/08\/cuenta-regresiva-para-ver-el-esperado-concierto-kjarkas-esencial\/"},"wordCount":917,"publisher":{"@id":"https:\/\/www.eldiario.net\/portal\/#organization"},"image":{"@id":"https:\/\/www.eldiario.net\/portal\/2023\/07\/08\/cuenta-regresiva-para-ver-el-esperado-concierto-kjarkas-esencial\/#primaryimage"},"thumbnailUrl":"https:\/\/www.eldiario.net\/portal\/wp-content\/uploads\/2023\/07\/kjarkas-1-PRINCIPAL.jpg","articleSection":["La Gu\u00eda"],"inLanguage":"es"},{"@type":"WebPage","@id":"https:\/\/www.eldiario.net\/portal\/2023\/07\/08\/cuenta-regresiva-para-ver-el-esperado-concierto-kjarkas-esencial\/","url":"https:\/\/www.eldiario.net\/portal\/2023\/07\/08\/cuenta-regresiva-para-ver-el-esperado-concierto-kjarkas-esencial\/","name":"Cuenta regresiva para ver el esperado concierto Kjarkas Esencial - El Diario - Bolivia","isPartOf":{"@id":"https:\/\/www.eldiario.net\/portal\/#website"},"primaryImageOfPage":{"@id":"https:\/\/www.eldiario.net\/portal\/2023\/07\/08\/cuenta-regresiva-para-ver-el-esperado-concierto-kjarkas-esencial\/#primaryimage"},"image":{"@id":"https:\/\/www.eldiario.net\/portal\/2023\/07\/08\/cuenta-regresiva-para-ver-el-esperado-concierto-kjarkas-esencial\/#primaryimage"},"thumbnailUrl":"https:\/\/www.eldiario.net\/portal\/wp-content\/uploads\/2023\/07\/kjarkas-1-PRINCIPAL.jpg","datePublished":"2023-07-08T10:42:39+00:00","breadcrumb":{"@id":"https:\/\/www.eldiario.net\/portal\/2023\/07\/08\/cuenta-regresiva-para-ver-el-esperado-concierto-kjarkas-esencial\/#breadcrumb"},"inLanguage":"es","potentialAction":[{"@type":"ReadAction","target":["https:\/\/www.eldiario.net\/portal\/2023\/07\/08\/cuenta-regresiva-para-ver-el-esperado-concierto-kjarkas-esencial\/"]}]},{"@type":"ImageObject","inLanguage":"es","@id":"https:\/\/www.eldiario.net\/portal\/2023\/07\/08\/cuenta-regresiva-para-ver-el-esperado-concierto-kjarkas-esencial\/#primaryimage","url":"https:\/\/www.eldiario.net\/portal\/wp-content\/uploads\/2023\/07\/kjarkas-1-PRINCIPAL.jpg","contentUrl":"https:\/\/www.eldiario.net\/portal\/wp-content\/uploads\/2023\/07\/kjarkas-1-PRINCIPAL.jpg","width":970,"height":599},{"@type":"BreadcrumbList","@id":"https:\/\/www.eldiario.net\/portal\/2023\/07\/08\/cuenta-regresiva-para-ver-el-esperado-concierto-kjarkas-esencial\/#breadcrumb","itemListElement":[{"@type":"ListItem","position":1,"name":"Portada","item":"https:\/\/www.eldiario.net\/portal\/"},{"@type":"ListItem","position":2,"name":"Cuenta regresiva para ver el esperado concierto Kjarkas Esencial"}]},{"@type":"WebSite","@id":"https:\/\/www.eldiario.net\/portal\/#website","url":"https:\/\/www.eldiario.net\/portal\/","name":"El Diario - Decano de la prensa nacional","description":"El Diario - Decano de la prensa nacional","publisher":{"@id":"https:\/\/www.eldiario.net\/portal\/#organization"},"potentialAction":[{"@type":"SearchAction","target":{"@type":"EntryPoint","urlTemplate":"https:\/\/www.eldiario.net\/portal\/?s={search_term_string}"},"query-input":{"@type":"PropertyValueSpecification","valueRequired":true,"valueName":"search_term_string"}}],"inLanguage":"es"},{"@type":"Organization","@id":"https:\/\/www.eldiario.net\/portal\/#organization","name":"El Diario - Decano de la prensa nacional","url":"https:\/\/www.eldiario.net\/portal\/","logo":{"@type":"ImageObject","inLanguage":"es","@id":"https:\/\/www.eldiario.net\/portal\/#\/schema\/logo\/image\/","url":"https:\/\/www.eldiario.net\/portal\/wp-content\/uploads\/2023\/07\/logo_ED.jpg","contentUrl":"https:\/\/www.eldiario.net\/portal\/wp-content\/uploads\/2023\/07\/logo_ED.jpg","width":272,"height":52,"caption":"El Diario - Decano de la prensa nacional"},"image":{"@id":"https:\/\/www.eldiario.net\/portal\/#\/schema\/logo\/image\/"},"sameAs":["https:\/\/www.facebook.com\/eldiario.bolivia\/","https:\/\/x.com\/eldiario_net"]},{"@type":"Person","@id":"https:\/\/www.eldiario.net\/portal\/#\/schema\/person\/2c57cf2b7a7ae032e449e4c9b1019eac","name":"Jeanette","image":{"@type":"ImageObject","inLanguage":"es","@id":"https:\/\/secure.gravatar.com\/avatar\/3ea2118a5f7dad2b7138b1187a6b7ee55f160b9968b66013c3a3ef39dd7e5798?s=96&d=mm&r=g","url":"https:\/\/secure.gravatar.com\/avatar\/3ea2118a5f7dad2b7138b1187a6b7ee55f160b9968b66013c3a3ef39dd7e5798?s=96&d=mm&r=g","contentUrl":"https:\/\/secure.gravatar.com\/avatar\/3ea2118a5f7dad2b7138b1187a6b7ee55f160b9968b66013c3a3ef39dd7e5798?s=96&d=mm&r=g","caption":"Jeanette"},"sameAs":["https:\/\/www.eldiario.net\/portal"],"url":"https:\/\/www.eldiario.net\/portal\/author\/jeanette\/"}]}},"_links":{"self":[{"href":"https:\/\/www.eldiario.net\/portal\/wp-json\/wp\/v2\/posts\/164341","targetHints":{"allow":["GET"]}}],"collection":[{"href":"https:\/\/www.eldiario.net\/portal\/wp-json\/wp\/v2\/posts"}],"about":[{"href":"https:\/\/www.eldiario.net\/portal\/wp-json\/wp\/v2\/types\/post"}],"author":[{"embeddable":true,"href":"https:\/\/www.eldiario.net\/portal\/wp-json\/wp\/v2\/users\/1"}],"replies":[{"embeddable":true,"href":"https:\/\/www.eldiario.net\/portal\/wp-json\/wp\/v2\/comments?post=164341"}],"version-history":[{"count":0,"href":"https:\/\/www.eldiario.net\/portal\/wp-json\/wp\/v2\/posts\/164341\/revisions"}],"wp:featuredmedia":[{"embeddable":true,"href":"https:\/\/www.eldiario.net\/portal\/wp-json\/wp\/v2\/media\/164342"}],"wp:attachment":[{"href":"https:\/\/www.eldiario.net\/portal\/wp-json\/wp\/v2\/media?parent=164341"}],"wp:term":[{"taxonomy":"category","embeddable":true,"href":"https:\/\/www.eldiario.net\/portal\/wp-json\/wp\/v2\/categories?post=164341"},{"taxonomy":"post_tag","embeddable":true,"href":"https:\/\/www.eldiario.net\/portal\/wp-json\/wp\/v2\/tags?post=164341"}],"curies":[{"name":"wp","href":"https:\/\/api.w.org\/{rel}","templated":true}]}}